{"id":67736,"date":"2025-05-22T12:03:42","date_gmt":"2025-05-22T11:03:42","guid":{"rendered":"https:\/\/lasentinelle.dz\/?p=67736"},"modified":"2025-05-24T12:04:37","modified_gmt":"2025-05-24T11:04:37","slug":"dessalement-deau-de-mer-la-station-de-bejaia-bientot-operationnelle","status":"publish","type":"post","link":"https:\/\/lasentinelle.dz\/index.php\/2025\/05\/22\/dessalement-deau-de-mer-la-station-de-bejaia-bientot-operationnelle\/","title":{"rendered":"Dessalement d&rsquo;eau de mer : La station de B\u00e9ja\u00efa bient\u00f4t op\u00e9rationnelle"},"content":{"rendered":"\n<p>Une nouvelle phase est en passe d&rsquo;\u00eatre franchie dans la concr\u00e9tisation de l&rsquo;ambitieux programme national de dessalement d&rsquo;eau de mer initi\u00e9 par le pr\u00e9sident de la R\u00e9publique dans l&rsquo;objectif de s\u00e9curisation des ressources hydriques avec l&rsquo;annonce imminente de la mise en service de l&rsquo;usine de dessalement d&rsquo;eau de mer (SDEM) de Tighremt, situ\u00e9e \u00e0 40 kilom\u00e8tres \u00e0 l&rsquo;ouest de B\u00e9ja\u00efa. C&rsquo;est le Pr\u00e9sident directeur g\u00e9n\u00e9ral de Sonatrach, Rachid Hachichi, qui a d\u00e9voil\u00e9 cette information lors d&rsquo;une visite d&rsquo;inspection effectu\u00e9e ce mardi 20 mai 2025 sur ce site strat\u00e9gique. Accompagn\u00e9 des autorit\u00e9s locales et des responsables du projet, le P-dg n&rsquo;a pas cach\u00e9 sa satisfaction quant \u00e0 la cadence d&rsquo;avancement des travaux, saluant au passage les efforts consid\u00e9rables d\u00e9ploy\u00e9s pour l&rsquo;ach\u00e8vement de cette infrastructure majeure. \u00ab\u00a0L&rsquo;usine sera bient\u00f4t mise en service\u00a0\u00bb, a-t-il affirm\u00e9 avec conviction, marquant ainsi l&rsquo;aboutissement d&rsquo;un chantier colossal qui aura mobilis\u00e9 d&rsquo;importantes ressources humaines et techniques. Implant\u00e9e dans un cadre g\u00e9ographique particuli\u00e8rement exigeant, en contrebas d&rsquo;un relief montagneux et longeant la RN 24 reliant B\u00e9ja\u00efa \u00e0 Tizi-Ouzou, cette station a d\u00fb surmonter de nombreux d\u00e9fis techniques. M. Hachichi a d&rsquo;ailleurs reconnu que le projet avait fait face \u00e0 des \u00ab\u00a0contraintes objectives\u00a0\u00bb ayant n\u00e9cessit\u00e9 \u00ab\u00a0un surcro\u00eet de lourds travaux\u00a0\u00bb. Ces difficult\u00e9s, amplifi\u00e9es par \u00ab\u00a0un long cycle d&rsquo;intemp\u00e9ries\u00a0\u00bb, ont consid\u00e9rablement ralenti la progression du chantier \u00e0 au moins deux reprises. Toutefois, gr\u00e2ce \u00e0 une d\u00e9termination sans faille, les retards accumul\u00e9s ont pu \u00eatre rattrap\u00e9s \u00ab\u00a0au prix d&rsquo;un grand effort\u00a0\u00bb, comme l&rsquo;a soulign\u00e9 le premier responsable de Sonatrach. Pour tenir les d\u00e9lais, les responsables du projet ont expliqu\u00e9 que le chantier, qui emploie pas moins d&rsquo;un millier de travailleurs, a d\u00fb fonctionner \u00e0 \u00ab\u00a0une cadence soutenue de 24\/24 heures et 7\/7 jours\u00a0\u00bb. Un rythme particuli\u00e8rement intensif qui t\u00e9moigne de l&rsquo;importance strat\u00e9gique accord\u00e9e \u00e0 cette r\u00e9alisation. Selon les responsables d&rsquo;Algerian Energy Company (AEC), filiale de Sonatrach et ma\u00eetre d&rsquo;ouvrage du projet, l&rsquo;usine est d\u00e9sormais \u00ab\u00a0fin pr\u00eate\u00a0\u00bb, notamment apr\u00e8s avoir subi sa mise en d\u00e9bit exp\u00e9rimental et les essais techniques requis en vue de l&rsquo;acheminement de l&rsquo;eau trait\u00e9e vers le r\u00e9seau public de distribution d&rsquo;eau potable. Les efforts se concentrent actuellement sur le nettoyage des canalisations et des \u00e9quipements en place, ainsi que sur les am\u00e9nagements paysagers de ce site qui s&rsquo;\u00e9tend sur une superficie de 10 hectares. Une fois les derniers travaux achev\u00e9s, l&rsquo;eau dessal\u00e9e sera achemin\u00e9e vers les villages limitrophes, particuli\u00e8rement ceux situ\u00e9s dans la r\u00e9gion ouest de la wilaya. Un projet parall\u00e8le tout aussi gigantesque, concernant la mise en place des conduites de distribution, conna\u00eet lui aussi une avanc\u00e9e consid\u00e9rable, d&rsquo;apr\u00e8s les responsables de ce chantier. Con\u00e7ue pour une capacit\u00e9 de production impressionnante de 300 000 m\u00b3 par jour, l&rsquo;usine de Tighremt est dimensionn\u00e9e pour alimenter trois millions d&rsquo;habitants r\u00e9partis \u00e0 travers quatre wilayas : B\u00e9ja\u00efa, Bouira, Bordj-Bou-Arreridj et S\u00e9tif. Cette installation s&rsquo;inscrit dans le cadre des projets strat\u00e9giques approuv\u00e9s par le pr\u00e9sident de la R\u00e9publique, M. Abdelmadjid Tebboune, au sein d&rsquo;un programme compl\u00e9mentaire comprenant cinq grandes stations de dessalement, toutes destin\u00e9es \u00e0 renforcer la s\u00e9curit\u00e9 hydrique du pays.<\/p>\n\n\n\n<p>Samir Benisid<\/p>\n\n\n\n<p><\/p>\n","protected":false},"excerpt":{"rendered":"<p>Une nouvelle phase est en passe d&rsquo;\u00eatre franchie dans la concr\u00e9tisation de l&rsquo;ambitieux programme national de dessalement d&rsquo;eau de mer<\/p>\n","protected":false},"author":6,"featured_media":54635,"comment_status":"open","ping_status":"closed","sticky":false,"template":"","format":"standard","meta":{"colormag_page_container_layout":"default_layout","colormag_page_sidebar_layout":"default_layout","om_disable_all_campaigns":false,"_monsterinsights_skip_tracking":false,"_monsterinsights_sitenote_active":false,"_monsterinsights_sitenote_note":"","_monsterinsights_sitenote_category":0,"footnotes":"","_wpscppro_dont_share_socialmedia":false,"_wpscppro_custom_social_share_image":0,"_facebook_share_type":"default","_twitter_share_type":"default","_linkedin_share_type":"default","_pinterest_share_type":"default","_linkedin_share_type_page":"","_instagram_share_type":"default","_medium_share_type":"default","_threads_share_type":"","_google_business_share_type":"","_selected_social_profile":[],"_wpsp_enable_custom_social_template":false,"_wpsp_social_scheduling":{"enabled":false,"datetime":null,"platforms":[],"status":"template_only","dateOption":"today","timeOption":"now","customDays":"","customHours":"","customDate":"","customTime":"","schedulingType":"absolute"},"_wpsp_active_default_template":true},"categories":[27],"tags":[],"class_list":["post-67736","post","type-post","status-publish","format-standard","has-post-thumbnail","hentry","category-actualite"],"aioseo_notices":[],"yoast_head":"<!-- This site is optimized with the Yoast SEO plugin v27.5 - https:\/\/yoast.com\/product\/yoast-seo-wordpress\/ -->\n<title>Dessalement d&rsquo;eau de mer : La station de B\u00e9ja\u00efa bient\u00f4t op\u00e9rationnelle - La Sentinelle<\/title>\n<meta name=\"robots\" content=\"index, follow, max-snippet:-1, max-image-preview:large, max-video-preview:-1\" \/>\n<link rel=\"canonical\" href=\"https:\/\/lasentinelle.dz\/index.php\/2025\/05\/22\/dessalement-deau-de-mer-la-station-de-bejaia-bientot-operationnelle\/\" \/>\n<meta property=\"og:locale\" content=\"fr_FR\" \/>\n<meta property=\"og:type\" content=\"article\" \/>\n<meta property=\"og:title\" content=\"Dessalement d&rsquo;eau de mer : La station de B\u00e9ja\u00efa bient\u00f4t op\u00e9rationnelle - La Sentinelle\" \/>\n<meta property=\"og:description\" content=\"Une nouvelle phase est en passe d&rsquo;\u00eatre franchie dans la concr\u00e9tisation de l&rsquo;ambitieux programme national de dessalement d&rsquo;eau de mer\" \/>\n<meta property=\"og:url\" content=\"https:\/\/lasentinelle.dz\/index.php\/2025\/05\/22\/dessalement-deau-de-mer-la-station-de-bejaia-bientot-operationnelle\/\" \/>\n<meta property=\"og:site_name\" content=\"La Sentinelle\" \/>\n<meta property=\"article:publisher\" content=\"https:\/\/www.facebook.com\/La-Sentinelle-104059864394773\" \/>\n<meta property=\"article:published_time\" content=\"2025-05-22T11:03:42+00:00\" \/>\n<meta property=\"article:modified_time\" content=\"2025-05-24T11:04:37+00:00\" \/>\n<meta property=\"og:image\" content=\"https:\/\/lasentinelle.dz\/wp-content\/uploads\/2024\/07\/station-ben-saf.jpeg\" \/>\n\t<meta property=\"og:image:width\" content=\"1024\" \/>\n\t<meta property=\"og:image:height\" content=\"768\" \/>\n\t<meta property=\"og:image:type\" content=\"image\/jpeg\" \/>\n<meta name=\"author\" content=\"admin\" \/>\n<meta name=\"twitter:card\" content=\"summary_large_image\" \/>\n<meta name=\"twitter:label1\" content=\"\u00c9crit par\" \/>\n\t<meta name=\"twitter:data1\" content=\"admin\" \/>\n\t<meta name=\"twitter:label2\" content=\"Dur\u00e9e de lecture estim\u00e9e\" \/>\n\t<meta name=\"twitter:data2\" content=\"3 minutes\" \/>\n<script type=\"application\/ld+json\" class=\"yoast-schema-graph\">{\"@context\":\"https:\\\/\\\/schema.org\",\"@graph\":[{\"@type\":\"Article\",\"@id\":\"https:\\\/\\\/lasentinelle.dz\\\/index.php\\\/2025\\\/05\\\/22\\\/dessalement-deau-de-mer-la-station-de-bejaia-bientot-operationnelle\\\/#article\",\"isPartOf\":{\"@id\":\"https:\\\/\\\/lasentinelle.dz\\\/index.php\\\/2025\\\/05\\\/22\\\/dessalement-deau-de-mer-la-station-de-bejaia-bientot-operationnelle\\\/\"},\"author\":{\"name\":\"admin\",\"@id\":\"https:\\\/\\\/lasentinelle.dz\\\/#\\\/schema\\\/person\\\/729ee0024f24e0b8c5ec17232f8e8b41\"},\"headline\":\"Dessalement d&rsquo;eau de mer : La station de B\u00e9ja\u00efa bient\u00f4t op\u00e9rationnelle\",\"datePublished\":\"2025-05-22T11:03:42+00:00\",\"dateModified\":\"2025-05-24T11:04:37+00:00\",\"mainEntityOfPage\":{\"@id\":\"https:\\\/\\\/lasentinelle.dz\\\/index.php\\\/2025\\\/05\\\/22\\\/dessalement-deau-de-mer-la-station-de-bejaia-bientot-operationnelle\\\/\"},\"wordCount\":609,\"commentCount\":0,\"publisher\":{\"@id\":\"https:\\\/\\\/lasentinelle.dz\\\/#organization\"},\"image\":{\"@id\":\"https:\\\/\\\/lasentinelle.dz\\\/index.php\\\/2025\\\/05\\\/22\\\/dessalement-deau-de-mer-la-station-de-bejaia-bientot-operationnelle\\\/#primaryimage\"},\"thumbnailUrl\":\"https:\\\/\\\/lasentinelle.dz\\\/wp-content\\\/uploads\\\/2024\\\/07\\\/station-ben-saf.jpeg\",\"articleSection\":[\"Actualit\u00e9\"],\"inLanguage\":\"fr-FR\",\"potentialAction\":[{\"@type\":\"CommentAction\",\"name\":\"Comment\",\"target\":[\"https:\\\/\\\/lasentinelle.dz\\\/index.php\\\/2025\\\/05\\\/22\\\/dessalement-deau-de-mer-la-station-de-bejaia-bientot-operationnelle\\\/#respond\"]}]},{\"@type\":\"WebPage\",\"@id\":\"https:\\\/\\\/lasentinelle.dz\\\/index.php\\\/2025\\\/05\\\/22\\\/dessalement-deau-de-mer-la-station-de-bejaia-bientot-operationnelle\\\/\",\"url\":\"https:\\\/\\\/lasentinelle.dz\\\/index.php\\\/2025\\\/05\\\/22\\\/dessalement-deau-de-mer-la-station-de-bejaia-bientot-operationnelle\\\/\",\"name\":\"Dessalement d&rsquo;eau de mer : La station de B\u00e9ja\u00efa bient\u00f4t op\u00e9rationnelle - La Sentinelle\",\"isPartOf\":{\"@id\":\"https:\\\/\\\/lasentinelle.dz\\\/#website\"},\"primaryImageOfPage\":{\"@id\":\"https:\\\/\\\/lasentinelle.dz\\\/index.php\\\/2025\\\/05\\\/22\\\/dessalement-deau-de-mer-la-station-de-bejaia-bientot-operationnelle\\\/#primaryimage\"},\"image\":{\"@id\":\"https:\\\/\\\/lasentinelle.dz\\\/index.php\\\/2025\\\/05\\\/22\\\/dessalement-deau-de-mer-la-station-de-bejaia-bientot-operationnelle\\\/#primaryimage\"},\"thumbnailUrl\":\"https:\\\/\\\/lasentinelle.dz\\\/wp-content\\\/uploads\\\/2024\\\/07\\\/station-ben-saf.jpeg\",\"datePublished\":\"2025-05-22T11:03:42+00:00\",\"dateModified\":\"2025-05-24T11:04:37+00:00\",\"breadcrumb\":{\"@id\":\"https:\\\/\\\/lasentinelle.dz\\\/index.php\\\/2025\\\/05\\\/22\\\/dessalement-deau-de-mer-la-station-de-bejaia-bientot-operationnelle\\\/#breadcrumb\"},\"inLanguage\":\"fr-FR\",\"potentialAction\":[{\"@type\":\"ReadAction\",\"target\":[\"https:\\\/\\\/lasentinelle.dz\\\/index.php\\\/2025\\\/05\\\/22\\\/dessalement-deau-de-mer-la-station-de-bejaia-bientot-operationnelle\\\/\"]}]},{\"@type\":\"ImageObject\",\"inLanguage\":\"fr-FR\",\"@id\":\"https:\\\/\\\/lasentinelle.dz\\\/index.php\\\/2025\\\/05\\\/22\\\/dessalement-deau-de-mer-la-station-de-bejaia-bientot-operationnelle\\\/#primaryimage\",\"url\":\"https:\\\/\\\/lasentinelle.dz\\\/wp-content\\\/uploads\\\/2024\\\/07\\\/station-ben-saf.jpeg\",\"contentUrl\":\"https:\\\/\\\/lasentinelle.dz\\\/wp-content\\\/uploads\\\/2024\\\/07\\\/station-ben-saf.jpeg\",\"width\":1024,\"height\":768},{\"@type\":\"BreadcrumbList\",\"@id\":\"https:\\\/\\\/lasentinelle.dz\\\/index.php\\\/2025\\\/05\\\/22\\\/dessalement-deau-de-mer-la-station-de-bejaia-bientot-operationnelle\\\/#breadcrumb\",\"itemListElement\":[{\"@type\":\"ListItem\",\"position\":1,\"name\":\"Accueil\",\"item\":\"https:\\\/\\\/lasentinelle.dz\\\/\"},{\"@type\":\"ListItem\",\"position\":2,\"name\":\"Dessalement d&rsquo;eau de mer : La station de B\u00e9ja\u00efa bient\u00f4t op\u00e9rationnelle\"}]},{\"@type\":\"WebSite\",\"@id\":\"https:\\\/\\\/lasentinelle.dz\\\/#website\",\"url\":\"https:\\\/\\\/lasentinelle.dz\\\/\",\"name\":\"La Sentinelle\",\"description\":\"Quotidien national d&#039;information\",\"publisher\":{\"@id\":\"https:\\\/\\\/lasentinelle.dz\\\/#organization\"},\"potentialAction\":[{\"@type\":\"SearchAction\",\"target\":{\"@type\":\"EntryPoint\",\"urlTemplate\":\"https:\\\/\\\/lasentinelle.dz\\\/?s={search_term_string}\"},\"query-input\":{\"@type\":\"PropertyValueSpecification\",\"valueRequired\":true,\"valueName\":\"search_term_string\"}}],\"inLanguage\":\"fr-FR\"},{\"@type\":\"Organization\",\"@id\":\"https:\\\/\\\/lasentinelle.dz\\\/#organization\",\"name\":\"Quotidien La Sentinelle\",\"url\":\"https:\\\/\\\/lasentinelle.dz\\\/\",\"logo\":{\"@type\":\"ImageObject\",\"inLanguage\":\"fr-FR\",\"@id\":\"https:\\\/\\\/lasentinelle.dz\\\/#\\\/schema\\\/logo\\\/image\\\/\",\"url\":\"https:\\\/\\\/lasentinelle.dz\\\/wp-content\\\/uploads\\\/2021\\\/09\\\/logo-sentinelleSLOGAN-1.png\",\"contentUrl\":\"https:\\\/\\\/lasentinelle.dz\\\/wp-content\\\/uploads\\\/2021\\\/09\\\/logo-sentinelleSLOGAN-1.png\",\"width\":615,\"height\":142,\"caption\":\"Quotidien La Sentinelle\"},\"image\":{\"@id\":\"https:\\\/\\\/lasentinelle.dz\\\/#\\\/schema\\\/logo\\\/image\\\/\"},\"sameAs\":[\"https:\\\/\\\/www.facebook.com\\\/La-Sentinelle-104059864394773\"]},{\"@type\":\"Person\",\"@id\":\"https:\\\/\\\/lasentinelle.dz\\\/#\\\/schema\\\/person\\\/729ee0024f24e0b8c5ec17232f8e8b41\",\"name\":\"admin\",\"image\":{\"@type\":\"ImageObject\",\"inLanguage\":\"fr-FR\",\"@id\":\"https:\\\/\\\/secure.gravatar.com\\\/avatar\\\/4c81fed838786e9b53f540bf46533e750f5d292099ae3b66cfc6fb1982e29df7?s=96&d=mm&r=g\",\"url\":\"https:\\\/\\\/secure.gravatar.com\\\/avatar\\\/4c81fed838786e9b53f540bf46533e750f5d292099ae3b66cfc6fb1982e29df7?s=96&d=mm&r=g\",\"contentUrl\":\"https:\\\/\\\/secure.gravatar.com\\\/avatar\\\/4c81fed838786e9b53f540bf46533e750f5d292099ae3b66cfc6fb1982e29df7?s=96&d=mm&r=g\",\"caption\":\"admin\"},\"description\":\"admin\",\"url\":\"https:\\\/\\\/lasentinelle.dz\\\/author\\\/admin\\\/\"}]}<\/script>\n<!-- \/ Yoast SEO plugin. -->","yoast_head_json":{"title":"Dessalement d&rsquo;eau de mer : La station de B\u00e9ja\u00efa bient\u00f4t op\u00e9rationnelle - La Sentinelle","robots":{"index":"index","follow":"follow","max-snippet":"max-snippet:-1","max-image-preview":"max-image-preview:large","max-video-preview":"max-video-preview:-1"},"canonical":"https:\/\/lasentinelle.dz\/index.php\/2025\/05\/22\/dessalement-deau-de-mer-la-station-de-bejaia-bientot-operationnelle\/","og_locale":"fr_FR","og_type":"article","og_title":"Dessalement d&rsquo;eau de mer : La station de B\u00e9ja\u00efa bient\u00f4t op\u00e9rationnelle - La Sentinelle","og_description":"Une nouvelle phase est en passe d&rsquo;\u00eatre franchie dans la concr\u00e9tisation de l&rsquo;ambitieux programme national de dessalement d&rsquo;eau de mer","og_url":"https:\/\/lasentinelle.dz\/index.php\/2025\/05\/22\/dessalement-deau-de-mer-la-station-de-bejaia-bientot-operationnelle\/","og_site_name":"La Sentinelle","article_publisher":"https:\/\/www.facebook.com\/La-Sentinelle-104059864394773","article_published_time":"2025-05-22T11:03:42+00:00","article_modified_time":"2025-05-24T11:04:37+00:00","og_image":[{"width":1024,"height":768,"url":"https:\/\/lasentinelle.dz\/wp-content\/uploads\/2024\/07\/station-ben-saf.jpeg","type":"image\/jpeg"}],"author":"admin","twitter_card":"summary_large_image","twitter_misc":{"\u00c9crit par":"admin","Dur\u00e9e de lecture estim\u00e9e":"3 minutes"},"schema":{"@context":"https:\/\/schema.org","@graph":[{"@type":"Article","@id":"https:\/\/lasentinelle.dz\/index.php\/2025\/05\/22\/dessalement-deau-de-mer-la-station-de-bejaia-bientot-operationnelle\/#article","isPartOf":{"@id":"https:\/\/lasentinelle.dz\/index.php\/2025\/05\/22\/dessalement-deau-de-mer-la-station-de-bejaia-bientot-operationnelle\/"},"author":{"name":"admin","@id":"https:\/\/lasentinelle.dz\/#\/schema\/person\/729ee0024f24e0b8c5ec17232f8e8b41"},"headline":"Dessalement d&rsquo;eau de mer : La station de B\u00e9ja\u00efa bient\u00f4t op\u00e9rationnelle","datePublished":"2025-05-22T11:03:42+00:00","dateModified":"2025-05-24T11:04:37+00:00","mainEntityOfPage":{"@id":"https:\/\/lasentinelle.dz\/index.php\/2025\/05\/22\/dessalement-deau-de-mer-la-station-de-bejaia-bientot-operationnelle\/"},"wordCount":609,"commentCount":0,"publisher":{"@id":"https:\/\/lasentinelle.dz\/#organization"},"image":{"@id":"https:\/\/lasentinelle.dz\/index.php\/2025\/05\/22\/dessalement-deau-de-mer-la-station-de-bejaia-bientot-operationnelle\/#primaryimage"},"thumbnailUrl":"https:\/\/lasentinelle.dz\/wp-content\/uploads\/2024\/07\/station-ben-saf.jpeg","articleSection":["Actualit\u00e9"],"inLanguage":"fr-FR","potentialAction":[{"@type":"CommentAction","name":"Comment","target":["https:\/\/lasentinelle.dz\/index.php\/2025\/05\/22\/dessalement-deau-de-mer-la-station-de-bejaia-bientot-operationnelle\/#respond"]}]},{"@type":"WebPage","@id":"https:\/\/lasentinelle.dz\/index.php\/2025\/05\/22\/dessalement-deau-de-mer-la-station-de-bejaia-bientot-operationnelle\/","url":"https:\/\/lasentinelle.dz\/index.php\/2025\/05\/22\/dessalement-deau-de-mer-la-station-de-bejaia-bientot-operationnelle\/","name":"Dessalement d&rsquo;eau de mer : La station de B\u00e9ja\u00efa bient\u00f4t op\u00e9rationnelle - La Sentinelle","isPartOf":{"@id":"https:\/\/lasentinelle.dz\/#website"},"primaryImageOfPage":{"@id":"https:\/\/lasentinelle.dz\/index.php\/2025\/05\/22\/dessalement-deau-de-mer-la-station-de-bejaia-bientot-operationnelle\/#primaryimage"},"image":{"@id":"https:\/\/lasentinelle.dz\/index.php\/2025\/05\/22\/dessalement-deau-de-mer-la-station-de-bejaia-bientot-operationnelle\/#primaryimage"},"thumbnailUrl":"https:\/\/lasentinelle.dz\/wp-content\/uploads\/2024\/07\/station-ben-saf.jpeg","datePublished":"2025-05-22T11:03:42+00:00","dateModified":"2025-05-24T11:04:37+00:00","breadcrumb":{"@id":"https:\/\/lasentinelle.dz\/index.php\/2025\/05\/22\/dessalement-deau-de-mer-la-station-de-bejaia-bientot-operationnelle\/#breadcrumb"},"inLanguage":"fr-FR","potentialAction":[{"@type":"ReadAction","target":["https:\/\/lasentinelle.dz\/index.php\/2025\/05\/22\/dessalement-deau-de-mer-la-station-de-bejaia-bientot-operationnelle\/"]}]},{"@type":"ImageObject","inLanguage":"fr-FR","@id":"https:\/\/lasentinelle.dz\/index.php\/2025\/05\/22\/dessalement-deau-de-mer-la-station-de-bejaia-bientot-operationnelle\/#primaryimage","url":"https:\/\/lasentinelle.dz\/wp-content\/uploads\/2024\/07\/station-ben-saf.jpeg","contentUrl":"https:\/\/lasentinelle.dz\/wp-content\/uploads\/2024\/07\/station-ben-saf.jpeg","width":1024,"height":768},{"@type":"BreadcrumbList","@id":"https:\/\/lasentinelle.dz\/index.php\/2025\/05\/22\/dessalement-deau-de-mer-la-station-de-bejaia-bientot-operationnelle\/#breadcrumb","itemListElement":[{"@type":"ListItem","position":1,"name":"Accueil","item":"https:\/\/lasentinelle.dz\/"},{"@type":"ListItem","position":2,"name":"Dessalement d&rsquo;eau de mer : La station de B\u00e9ja\u00efa bient\u00f4t op\u00e9rationnelle"}]},{"@type":"WebSite","@id":"https:\/\/lasentinelle.dz\/#website","url":"https:\/\/lasentinelle.dz\/","name":"La Sentinelle","description":"Quotidien national d&#039;information","publisher":{"@id":"https:\/\/lasentinelle.dz\/#organization"},"potentialAction":[{"@type":"SearchAction","target":{"@type":"EntryPoint","urlTemplate":"https:\/\/lasentinelle.dz\/?s={search_term_string}"},"query-input":{"@type":"PropertyValueSpecification","valueRequired":true,"valueName":"search_term_string"}}],"inLanguage":"fr-FR"},{"@type":"Organization","@id":"https:\/\/lasentinelle.dz\/#organization","name":"Quotidien La Sentinelle","url":"https:\/\/lasentinelle.dz\/","logo":{"@type":"ImageObject","inLanguage":"fr-FR","@id":"https:\/\/lasentinelle.dz\/#\/schema\/logo\/image\/","url":"https:\/\/lasentinelle.dz\/wp-content\/uploads\/2021\/09\/logo-sentinelleSLOGAN-1.png","contentUrl":"https:\/\/lasentinelle.dz\/wp-content\/uploads\/2021\/09\/logo-sentinelleSLOGAN-1.png","width":615,"height":142,"caption":"Quotidien La Sentinelle"},"image":{"@id":"https:\/\/lasentinelle.dz\/#\/schema\/logo\/image\/"},"sameAs":["https:\/\/www.facebook.com\/La-Sentinelle-104059864394773"]},{"@type":"Person","@id":"https:\/\/lasentinelle.dz\/#\/schema\/person\/729ee0024f24e0b8c5ec17232f8e8b41","name":"admin","image":{"@type":"ImageObject","inLanguage":"fr-FR","@id":"https:\/\/secure.gravatar.com\/avatar\/4c81fed838786e9b53f540bf46533e750f5d292099ae3b66cfc6fb1982e29df7?s=96&d=mm&r=g","url":"https:\/\/secure.gravatar.com\/avatar\/4c81fed838786e9b53f540bf46533e750f5d292099ae3b66cfc6fb1982e29df7?s=96&d=mm&r=g","contentUrl":"https:\/\/secure.gravatar.com\/avatar\/4c81fed838786e9b53f540bf46533e750f5d292099ae3b66cfc6fb1982e29df7?s=96&d=mm&r=g","caption":"admin"},"description":"admin","url":"https:\/\/lasentinelle.dz\/author\/admin\/"}]}},"_links":{"self":[{"href":"https:\/\/lasentinelle.dz\/index.php\/wp-json\/wp\/v2\/posts\/67736","targetHints":{"allow":["GET"]}}],"collection":[{"href":"https:\/\/lasentinelle.dz\/index.php\/wp-json\/wp\/v2\/posts"}],"about":[{"href":"https:\/\/lasentinelle.dz\/index.php\/wp-json\/wp\/v2\/types\/post"}],"author":[{"embeddable":true,"href":"https:\/\/lasentinelle.dz\/index.php\/wp-json\/wp\/v2\/users\/6"}],"replies":[{"embeddable":true,"href":"https:\/\/lasentinelle.dz\/index.php\/wp-json\/wp\/v2\/comments?post=67736"}],"version-history":[{"count":2,"href":"https:\/\/lasentinelle.dz\/index.php\/wp-json\/wp\/v2\/posts\/67736\/revisions"}],"predecessor-version":[{"id":67738,"href":"https:\/\/lasentinelle.dz\/index.php\/wp-json\/wp\/v2\/posts\/67736\/revisions\/67738"}],"wp:featuredmedia":[{"embeddable":true,"href":"https:\/\/lasentinelle.dz\/index.php\/wp-json\/wp\/v2\/media\/54635"}],"wp:attachment":[{"href":"https:\/\/lasentinelle.dz\/index.php\/wp-json\/wp\/v2\/media?parent=67736"}],"wp:term":[{"taxonomy":"category","embeddable":true,"href":"https:\/\/lasentinelle.dz\/index.php\/wp-json\/wp\/v2\/categories?post=67736"},{"taxonomy":"post_tag","embeddable":true,"href":"https:\/\/lasentinelle.dz\/index.php\/wp-json\/wp\/v2\/tags?post=67736"}],"curies":[{"name":"wp","href":"https:\/\/api.w.org\/{rel}","templated":true}]}}