{"id":67739,"date":"2025-05-22T12:05:06","date_gmt":"2025-05-22T11:05:06","guid":{"rendered":"https:\/\/lasentinelle.dz\/?p=67739"},"modified":"2025-05-24T12:05:44","modified_gmt":"2025-05-24T11:05:44","slug":"le-genocide-sioniste-se-poursuit-a-ghaza-les-palestiniens-ont-besoin-dactions","status":"publish","type":"post","link":"https:\/\/lasentinelle.dz\/index.php\/2025\/05\/22\/le-genocide-sioniste-se-poursuit-a-ghaza-les-palestiniens-ont-besoin-dactions\/","title":{"rendered":"Le g\u00e9nocide sioniste se poursuit \u00e0 Ghaza: Les Palestiniens \u00ab\u00a0ont besoin d&rsquo;actions\u00a0\u00bb"},"content":{"rendered":"\n<p>Le peuple palestinien continue de subir les cons\u00e9quences d\u00e9vastatrices de l&rsquo;agression g\u00e9nocidaire sioniste contre la bande de Ghaza, o\u00f9 le bilan s&rsquo;est alourdi \u00e0 53.655 martyrs et 121.950 bless\u00e9s depuis le 7 octobre 2023, selon les autorit\u00e9s sanitaires palestiniennes.<\/p>\n\n\n\n<p>Au cours des derni\u00e8res 24 heures seulement, 82 martyrs et 262 bless\u00e9s sont arriv\u00e9s dans les h\u00f4pitaux de Ghaza, tandis que de nombreux corps restent pi\u00e9g\u00e9s sous les d\u00e9combres, inaccessibles aux \u00e9quipes de secours. Depuis la reprise de l&rsquo;agression le 18 mars dernier, apr\u00e8s une br\u00e8ve interruption cons\u00e9cutive \u00e0 un accord de cessez-le-feu, 3.509 Palestiniens sont tomb\u00e9s en martyrs et 9.909 autres ont \u00e9t\u00e9 bless\u00e9s. Parmi les victimes de cette guerre impitoyable figurent un nombre alarmant de femmes et d&rsquo;enfants. Selon ONU Femmes, plus de 28.000 femmes et jeunes filles sont tomb\u00e9es en martyres depuis octobre 2023, ce qui repr\u00e9sente en moyenne une femme ou une jeune fille tu\u00e9e chaque heure. Des milliers de ces victimes \u00e9taient m\u00e8res, laissant derri\u00e8re elles des enfants orphelins et des familles d\u00e9vast\u00e9es. La situation humanitaire \u00e0 Ghaza a atteint un niveau catastrophique, en particulier depuis l&rsquo;effondrement du cessez-le-feu en mars et l&rsquo;imposition par l&rsquo;occupation sioniste d&rsquo;un blocus sur l&rsquo;aide humanitaire depuis le 2 mars. Ce si\u00e8ge a plong\u00e9 la population dans une crise de famine aigu\u00eb qui a d\u00e9j\u00e0 co\u00fbt\u00e9 la vie \u00e0 de nombreuses personnes. Louise Waterridge, porte-parole de l&rsquo;UNRWA, a d\u00e9nonc\u00e9 cette situation lors du point de presse hebdomadaire du bureau de l&rsquo;ONU \u00e0 Gen\u00e8ve : \u00ab\u00a0L&rsquo;aide est \u00e0 seulement trois heures de la bande de Ghaza, et pourtant nous continuons de voir des images d&rsquo;enfants souffrant de malnutrition et d&rsquo;entendre des r\u00e9cits de conditions de vie catastrophiques.\u00a0\u00bb Elle a pr\u00e9cis\u00e9 que les entrep\u00f4ts de l&rsquo;UNRWA \u00e0 Amman contiennent suffisamment de nourriture pour nourrir 200.000 personnes pendant un mois, mais que les restrictions sionistes entravent l&rsquo;acheminement de cette aide vitale. L&rsquo;ONG M\u00e9decins sans fronti\u00e8res (MSF) a \u00e9galement accus\u00e9 l&rsquo;occupation sioniste de ne laisser entrer \u00e0 Ghaza qu&rsquo;une aide \u00ab\u00a0ridiculement insuffisante\u00a0\u00bb face aux besoins de la population. \u00ab\u00a0Ce plan est une mani\u00e8re d&rsquo;instrumentaliser l&rsquo;aide, en la transformant en outil au service des objectifs militaires des forces sionistes\u00a0\u00bb, a d\u00e9nonc\u00e9 Pascale Coissard, coordinatrice des urgences MSF \u00e0 Khan Younes. L&rsquo;organisation qualifie l&rsquo;autorisation actuelle de 100 camions par jour de \u00ab\u00a0tout \u00e0 fait d\u00e9risoire\u00a0\u00bb alors que la situation est si critique et que l&rsquo;essentiel de la population de Ghaza, soit plus de 2 millions de personnes, d\u00e9pend quasi enti\u00e8rement de l&rsquo;aide humanitaire. Par ailleurs, MSF rapporte qu&rsquo;au moins 20 installations m\u00e9dicales \u00e0 Ghaza ont \u00e9t\u00e9 endommag\u00e9es ou mises partiellement ou totalement hors service au cours de la semaine derni\u00e8re par l&rsquo;avanc\u00e9e des op\u00e9rations terrestres sionistes, l&rsquo;intensification des frappes a\u00e9riennes et les ordres d&rsquo;\u00e9vacuation g\u00e9n\u00e9ralis\u00e9s. Le 19 mai au matin, les \u00e9quipes de MSF ont signal\u00e9 avoir entendu pr\u00e8s d&rsquo;une frappe par minute \u00e0 Khan Younes, dont l&rsquo;une a touch\u00e9 l&rsquo;enceinte de l&rsquo;h\u00f4pital Nasser, \u00e0 seulement 100 m\u00e8tres de l&rsquo;unit\u00e9 de soins intensifs g\u00e9r\u00e9e par l&rsquo;ONG. Face \u00e0 cette situation dramatique, la communaut\u00e9 internationale intensifie ses appels \u00e0 mettre fin \u00e0 l&rsquo;agression. L&rsquo;Italie, par la voix de son ministre des Affaires \u00e9trang\u00e8res Antonio Tajani, a renouvel\u00e9 son appel \u00e0 l&rsquo;entit\u00e9 sioniste pour qu&rsquo;elle mette fin \u00e0 ses op\u00e9rations militaires visant les civils et ouvre imm\u00e9diatement tous les points de passage pour permettre l&rsquo;entr\u00e9e de l&rsquo;aide humanitaire. \u00ab\u00a0Nous voulons un cessez-le-feu : la guerre contre la bande de Ghaza doit cesser !\u00a0\u00bb, a-t-il d\u00e9clar\u00e9. Le Royaume-Uni a annonc\u00e9 la suspension des n\u00e9gociations avec l&rsquo;entit\u00e9 sioniste sur un accord de libre-\u00e9change, tandis que l&rsquo;Union europ\u00e9enne va r\u00e9examiner son accord d&rsquo;association avec l&rsquo;entit\u00e9 sioniste, en vigueur depuis 2000.<\/p>\n\n\n\n<p><strong>L&rsquo;occupation tire sur une d\u00e9l\u00e9gation diplomatique<\/strong><\/p>\n\n\n\n<p>Le chef de la diplomatie britannique David Lammy a qualifi\u00e9 l&rsquo;escalade de l&rsquo;offensive de \u00ab\u00a0moralement injustifiable, totalement disproportionn\u00e9e et contre-productive\u00a0\u00bb. Cependant, comme le souligne le journal britannique The Guardian dans un \u00e9ditorial, les habitants de Ghaza ont besoin \u00ab\u00a0d&rsquo;actions, et non de paroles\u00a0\u00bb pour surmonter leurs souffrances actuelles. Malgr\u00e9 les condamnations internationales, l&rsquo;occupation sioniste poursuit ses agressions, notamment en Cisjordanie occup\u00e9e, o\u00f9 les forces d&rsquo;occupation ont tir\u00e9 mercredi \u00e0 balles r\u00e9elles sur une d\u00e9l\u00e9gation diplomatique alors qu&rsquo;elle se trouvait \u00e0 l&rsquo;entr\u00e9e du camp de J\u00e9nine pour s&rsquo;informer des conditions du camp de r\u00e9fugi\u00e9s et du si\u00e8ge qui lui est impos\u00e9. Les soldats de l&rsquo;occupation pr\u00e9sents dans le camp de J\u00e9nine ont abondamment tir\u00e9 \u00e0 balles r\u00e9elles directement sur la d\u00e9l\u00e9gation diplomatique alors qu&rsquo;elle se trouvait dans les environs de J\u00e9nine pour s&rsquo;informer des conditions du camp de r\u00e9fugi\u00e9s et du si\u00e8ge qui lui est impos\u00e9. Pendant la pr\u00e9sence de la d\u00e9l\u00e9gation pr\u00e8s de la porte de fer install\u00e9e par l&rsquo;occupation \u00e0 l&rsquo;entr\u00e9e du campement, \u00ab\u00a0les forces de l&rsquo;occupation ont ouvert le feu de mani\u00e8re intensive vers la d\u00e9l\u00e9gation et un groupe de journalistes couvrant la visite\u00a0\u00bb, selon Wafa. Une d\u00e9l\u00e9gation diplomatique compos\u00e9e de repr\u00e9sentants de minist\u00e8res arabes et \u00e9trangers a visit\u00e9 le si\u00e8ge de la province de J\u00e9nine mercredi matin et a \u00e9t\u00e9 inform\u00e9e de la situation de la ville et du camp, notamment \u00e9conomique, a ajout\u00e9 la m\u00eame source.<\/p>\n\n\n\n<p>Lyes Sa\u00efdi<\/p>\n\n\n\n<p><strong>L&rsquo;Italie convoque l&rsquo;ambassadeur de l&rsquo;entit\u00e9 sioniste \u00e0 Rome<\/strong><\/p>\n\n\n\n<p>Le chef de la diplomatie italienne Antonio Tajani a annonc\u00e9 mercredi la convocation de l&rsquo;ambassadeur de l&rsquo;entit\u00e9 sioniste en Italie pour exiger \u00ab\u00a0une explication officielle\u00a0\u00bb apr\u00e8s des tirs par l&rsquo;arm\u00e9e de l&rsquo;occupation contre des diplomates en Cisjordanie occup\u00e9e. \u00ab\u00a0Je viens de donner des instructions (&#8230;) pour convoquer l&rsquo;ambassadeur (de l&rsquo;entit\u00e9 sioniste \u00e0 Rome) afin d&rsquo;avoir des explications officielles sur ce qui s&rsquo;est produit \u00e0 J\u00e9nine\u00a0\u00bb, a-t-il \u00e9crit dans un message post\u00e9 sur les r\u00e9seaux sociaux apr\u00e8s avoir d\u00e9nonc\u00e9 un peu plus t\u00f4t des menaces \u00ab\u00a0inacceptables\u00a0\u00bb. \u00ab\u00a0Nous demandons (aux autorit\u00e9s d&rsquo;occupation) des \u00e9claircissements imm\u00e9diats sur ce qui s&rsquo;est pass\u00e9. Les menaces contre les diplomates sont inacceptables\u00a0\u00bb, avait-il affirm\u00e9. Le vice-consul italien Alessandro Tutino, \u00ab\u00a0qui va bien\u00a0\u00bb et avec lequel le ministre s&rsquo;est entretenu, \u00ab\u00a0se trouvait parmi les diplomates\u00a0\u00bb qui ont subi une attaque pr\u00e8s du camp de r\u00e9fugi\u00e9s de J\u00e9nine, avait pr\u00e9cis\u00e9 M. Tajani.<\/p>\n","protected":false},"excerpt":{"rendered":"<p>Le peuple palestinien continue de subir les cons\u00e9quences d\u00e9vastatrices de l&rsquo;agression g\u00e9nocidaire sioniste contre la bande de Ghaza, o\u00f9 le<\/p>\n","protected":false},"author":6,"featured_media":58830,"comment_status":"open","ping_status":"closed","sticky":false,"template":"","format":"standard","meta":{"colormag_page_container_layout":"default_layout","colormag_page_sidebar_layout":"default_layout","om_disable_all_campaigns":false,"_monsterinsights_skip_tracking":false,"_monsterinsights_sitenote_active":false,"_monsterinsights_sitenote_note":"","_monsterinsights_sitenote_category":0,"footnotes":"","_wpscppro_dont_share_socialmedia":false,"_wpscppro_custom_social_share_image":0,"_facebook_share_type":"default","_twitter_share_type":"default","_linkedin_share_type":"default","_pinterest_share_type":"default","_linkedin_share_type_page":"","_instagram_share_type":"default","_medium_share_type":"default","_threads_share_type":"","_google_business_share_type":"","_selected_social_profile":[],"_wpsp_enable_custom_social_template":false,"_wpsp_social_scheduling":{"enabled":false,"datetime":null,"platforms":[],"status":"template_only","dateOption":"today","timeOption":"now","customDays":"","customHours":"","customDate":"","customTime":"","schedulingType":"absolute"},"_wpsp_active_default_template":true},"categories":[52,37],"tags":[],"class_list":["post-67739","post","type-post","status-publish","format-standard","has-post-thumbnail","hentry","category-a-la-une","category-monde"],"aioseo_notices":[],"yoast_head":"<!-- This site is optimized with the Yoast SEO plugin v27.5 - https:\/\/yoast.com\/product\/yoast-seo-wordpress\/ -->\n<title>Le g\u00e9nocide sioniste se poursuit \u00e0 Ghaza: Les Palestiniens \u00ab\u00a0ont besoin d&rsquo;actions\u00a0\u00bb - La Sentinelle<\/title>\n<meta name=\"robots\" content=\"index, follow, max-snippet:-1, max-image-preview:large, max-video-preview:-1\" \/>\n<link rel=\"canonical\" href=\"https:\/\/lasentinelle.dz\/index.php\/2025\/05\/22\/le-genocide-sioniste-se-poursuit-a-ghaza-les-palestiniens-ont-besoin-dactions\/\" \/>\n<meta property=\"og:locale\" content=\"fr_FR\" \/>\n<meta property=\"og:type\" content=\"article\" \/>\n<meta property=\"og:title\" content=\"Le g\u00e9nocide sioniste se poursuit \u00e0 Ghaza: Les Palestiniens \u00ab\u00a0ont besoin d&rsquo;actions\u00a0\u00bb - La Sentinelle\" \/>\n<meta property=\"og:description\" content=\"Le peuple palestinien continue de subir les cons\u00e9quences d\u00e9vastatrices de l&rsquo;agression g\u00e9nocidaire sioniste contre la bande de Ghaza, o\u00f9 le\" \/>\n<meta property=\"og:url\" content=\"https:\/\/lasentinelle.dz\/index.php\/2025\/05\/22\/le-genocide-sioniste-se-poursuit-a-ghaza-les-palestiniens-ont-besoin-dactions\/\" \/>\n<meta property=\"og:site_name\" content=\"La Sentinelle\" \/>\n<meta property=\"article:publisher\" content=\"https:\/\/www.facebook.com\/La-Sentinelle-104059864394773\" \/>\n<meta property=\"article:published_time\" content=\"2025-05-22T11:05:06+00:00\" \/>\n<meta property=\"article:modified_time\" content=\"2025-05-24T11:05:44+00:00\" \/>\n<meta property=\"og:image\" content=\"https:\/\/lasentinelle.dz\/wp-content\/uploads\/2024\/10\/ghaza-3.jpg\" \/>\n\t<meta property=\"og:image:width\" content=\"1200\" \/>\n\t<meta property=\"og:image:height\" content=\"800\" \/>\n\t<meta property=\"og:image:type\" content=\"image\/jpeg\" \/>\n<meta name=\"author\" content=\"admin\" \/>\n<meta name=\"twitter:card\" content=\"summary_large_image\" \/>\n<meta name=\"twitter:label1\" content=\"\u00c9crit par\" \/>\n\t<meta name=\"twitter:data1\" content=\"admin\" \/>\n\t<meta name=\"twitter:label2\" content=\"Dur\u00e9e de lecture estim\u00e9e\" \/>\n\t<meta name=\"twitter:data2\" content=\"6 minutes\" \/>\n<script type=\"application\/ld+json\" class=\"yoast-schema-graph\">{\"@context\":\"https:\\\/\\\/schema.org\",\"@graph\":[{\"@type\":\"Article\",\"@id\":\"https:\\\/\\\/lasentinelle.dz\\\/index.php\\\/2025\\\/05\\\/22\\\/le-genocide-sioniste-se-poursuit-a-ghaza-les-palestiniens-ont-besoin-dactions\\\/#article\",\"isPartOf\":{\"@id\":\"https:\\\/\\\/lasentinelle.dz\\\/index.php\\\/2025\\\/05\\\/22\\\/le-genocide-sioniste-se-poursuit-a-ghaza-les-palestiniens-ont-besoin-dactions\\\/\"},\"author\":{\"name\":\"admin\",\"@id\":\"https:\\\/\\\/lasentinelle.dz\\\/#\\\/schema\\\/person\\\/729ee0024f24e0b8c5ec17232f8e8b41\"},\"headline\":\"Le g\u00e9nocide sioniste se poursuit \u00e0 Ghaza: Les Palestiniens \u00ab\u00a0ont besoin d&rsquo;actions\u00a0\u00bb\",\"datePublished\":\"2025-05-22T11:05:06+00:00\",\"dateModified\":\"2025-05-24T11:05:44+00:00\",\"mainEntityOfPage\":{\"@id\":\"https:\\\/\\\/lasentinelle.dz\\\/index.php\\\/2025\\\/05\\\/22\\\/le-genocide-sioniste-se-poursuit-a-ghaza-les-palestiniens-ont-besoin-dactions\\\/\"},\"wordCount\":1143,\"commentCount\":0,\"publisher\":{\"@id\":\"https:\\\/\\\/lasentinelle.dz\\\/#organization\"},\"image\":{\"@id\":\"https:\\\/\\\/lasentinelle.dz\\\/index.php\\\/2025\\\/05\\\/22\\\/le-genocide-sioniste-se-poursuit-a-ghaza-les-palestiniens-ont-besoin-dactions\\\/#primaryimage\"},\"thumbnailUrl\":\"https:\\\/\\\/lasentinelle.dz\\\/wp-content\\\/uploads\\\/2024\\\/10\\\/ghaza-3.jpg\",\"articleSection\":[\"\u00c0 la Une\",\"Monde\"],\"inLanguage\":\"fr-FR\",\"potentialAction\":[{\"@type\":\"CommentAction\",\"name\":\"Comment\",\"target\":[\"https:\\\/\\\/lasentinelle.dz\\\/index.php\\\/2025\\\/05\\\/22\\\/le-genocide-sioniste-se-poursuit-a-ghaza-les-palestiniens-ont-besoin-dactions\\\/#respond\"]}]},{\"@type\":\"WebPage\",\"@id\":\"https:\\\/\\\/lasentinelle.dz\\\/index.php\\\/2025\\\/05\\\/22\\\/le-genocide-sioniste-se-poursuit-a-ghaza-les-palestiniens-ont-besoin-dactions\\\/\",\"url\":\"https:\\\/\\\/lasentinelle.dz\\\/index.php\\\/2025\\\/05\\\/22\\\/le-genocide-sioniste-se-poursuit-a-ghaza-les-palestiniens-ont-besoin-dactions\\\/\",\"name\":\"Le g\u00e9nocide sioniste se poursuit \u00e0 Ghaza: Les Palestiniens \u00ab\u00a0ont besoin d&rsquo;actions\u00a0\u00bb - La Sentinelle\",\"isPartOf\":{\"@id\":\"https:\\\/\\\/lasentinelle.dz\\\/#website\"},\"primaryImageOfPage\":{\"@id\":\"https:\\\/\\\/lasentinelle.dz\\\/index.php\\\/2025\\\/05\\\/22\\\/le-genocide-sioniste-se-poursuit-a-ghaza-les-palestiniens-ont-besoin-dactions\\\/#primaryimage\"},\"image\":{\"@id\":\"https:\\\/\\\/lasentinelle.dz\\\/index.php\\\/2025\\\/05\\\/22\\\/le-genocide-sioniste-se-poursuit-a-ghaza-les-palestiniens-ont-besoin-dactions\\\/#primaryimage\"},\"thumbnailUrl\":\"https:\\\/\\\/lasentinelle.dz\\\/wp-content\\\/uploads\\\/2024\\\/10\\\/ghaza-3.jpg\",\"datePublished\":\"2025-05-22T11:05:06+00:00\",\"dateModified\":\"2025-05-24T11:05:44+00:00\",\"breadcrumb\":{\"@id\":\"https:\\\/\\\/lasentinelle.dz\\\/index.php\\\/2025\\\/05\\\/22\\\/le-genocide-sioniste-se-poursuit-a-ghaza-les-palestiniens-ont-besoin-dactions\\\/#breadcrumb\"},\"inLanguage\":\"fr-FR\",\"potentialAction\":[{\"@type\":\"ReadAction\",\"target\":[\"https:\\\/\\\/lasentinelle.dz\\\/index.php\\\/2025\\\/05\\\/22\\\/le-genocide-sioniste-se-poursuit-a-ghaza-les-palestiniens-ont-besoin-dactions\\\/\"]}]},{\"@type\":\"ImageObject\",\"inLanguage\":\"fr-FR\",\"@id\":\"https:\\\/\\\/lasentinelle.dz\\\/index.php\\\/2025\\\/05\\\/22\\\/le-genocide-sioniste-se-poursuit-a-ghaza-les-palestiniens-ont-besoin-dactions\\\/#primaryimage\",\"url\":\"https:\\\/\\\/lasentinelle.dz\\\/wp-content\\\/uploads\\\/2024\\\/10\\\/ghaza-3.jpg\",\"contentUrl\":\"https:\\\/\\\/lasentinelle.dz\\\/wp-content\\\/uploads\\\/2024\\\/10\\\/ghaza-3.jpg\",\"width\":1200,\"height\":800},{\"@type\":\"BreadcrumbList\",\"@id\":\"https:\\\/\\\/lasentinelle.dz\\\/index.php\\\/2025\\\/05\\\/22\\\/le-genocide-sioniste-se-poursuit-a-ghaza-les-palestiniens-ont-besoin-dactions\\\/#breadcrumb\",\"itemListElement\":[{\"@type\":\"ListItem\",\"position\":1,\"name\":\"Accueil\",\"item\":\"https:\\\/\\\/lasentinelle.dz\\\/\"},{\"@type\":\"ListItem\",\"position\":2,\"name\":\"Le g\u00e9nocide sioniste se poursuit \u00e0 Ghaza: Les Palestiniens \u00ab\u00a0ont besoin d&rsquo;actions\u00a0\u00bb\"}]},{\"@type\":\"WebSite\",\"@id\":\"https:\\\/\\\/lasentinelle.dz\\\/#website\",\"url\":\"https:\\\/\\\/lasentinelle.dz\\\/\",\"name\":\"La Sentinelle\",\"description\":\"Quotidien national d&#039;information\",\"publisher\":{\"@id\":\"https:\\\/\\\/lasentinelle.dz\\\/#organization\"},\"potentialAction\":[{\"@type\":\"SearchAction\",\"target\":{\"@type\":\"EntryPoint\",\"urlTemplate\":\"https:\\\/\\\/lasentinelle.dz\\\/?s={search_term_string}\"},\"query-input\":{\"@type\":\"PropertyValueSpecification\",\"valueRequired\":true,\"valueName\":\"search_term_string\"}}],\"inLanguage\":\"fr-FR\"},{\"@type\":\"Organization\",\"@id\":\"https:\\\/\\\/lasentinelle.dz\\\/#organization\",\"name\":\"Quotidien La Sentinelle\",\"url\":\"https:\\\/\\\/lasentinelle.dz\\\/\",\"logo\":{\"@type\":\"ImageObject\",\"inLanguage\":\"fr-FR\",\"@id\":\"https:\\\/\\\/lasentinelle.dz\\\/#\\\/schema\\\/logo\\\/image\\\/\",\"url\":\"https:\\\/\\\/lasentinelle.dz\\\/wp-content\\\/uploads\\\/2021\\\/09\\\/logo-sentinelleSLOGAN-1.png\",\"contentUrl\":\"https:\\\/\\\/lasentinelle.dz\\\/wp-content\\\/uploads\\\/2021\\\/09\\\/logo-sentinelleSLOGAN-1.png\",\"width\":615,\"height\":142,\"caption\":\"Quotidien La Sentinelle\"},\"image\":{\"@id\":\"https:\\\/\\\/lasentinelle.dz\\\/#\\\/schema\\\/logo\\\/image\\\/\"},\"sameAs\":[\"https:\\\/\\\/www.facebook.com\\\/La-Sentinelle-104059864394773\"]},{\"@type\":\"Person\",\"@id\":\"https:\\\/\\\/lasentinelle.dz\\\/#\\\/schema\\\/person\\\/729ee0024f24e0b8c5ec17232f8e8b41\",\"name\":\"admin\",\"image\":{\"@type\":\"ImageObject\",\"inLanguage\":\"fr-FR\",\"@id\":\"https:\\\/\\\/secure.gravatar.com\\\/avatar\\\/4c81fed838786e9b53f540bf46533e750f5d292099ae3b66cfc6fb1982e29df7?s=96&d=mm&r=g\",\"url\":\"https:\\\/\\\/secure.gravatar.com\\\/avatar\\\/4c81fed838786e9b53f540bf46533e750f5d292099ae3b66cfc6fb1982e29df7?s=96&d=mm&r=g\",\"contentUrl\":\"https:\\\/\\\/secure.gravatar.com\\\/avatar\\\/4c81fed838786e9b53f540bf46533e750f5d292099ae3b66cfc6fb1982e29df7?s=96&d=mm&r=g\",\"caption\":\"admin\"},\"description\":\"admin\",\"url\":\"https:\\\/\\\/lasentinelle.dz\\\/author\\\/admin\\\/\"}]}<\/script>\n<!-- \/ Yoast SEO plugin. -->","yoast_head_json":{"title":"Le g\u00e9nocide sioniste se poursuit \u00e0 Ghaza: Les Palestiniens \u00ab\u00a0ont besoin d&rsquo;actions\u00a0\u00bb - La Sentinelle","robots":{"index":"index","follow":"follow","max-snippet":"max-snippet:-1","max-image-preview":"max-image-preview:large","max-video-preview":"max-video-preview:-1"},"canonical":"https:\/\/lasentinelle.dz\/index.php\/2025\/05\/22\/le-genocide-sioniste-se-poursuit-a-ghaza-les-palestiniens-ont-besoin-dactions\/","og_locale":"fr_FR","og_type":"article","og_title":"Le g\u00e9nocide sioniste se poursuit \u00e0 Ghaza: Les Palestiniens \u00ab\u00a0ont besoin d&rsquo;actions\u00a0\u00bb - La Sentinelle","og_description":"Le peuple palestinien continue de subir les cons\u00e9quences d\u00e9vastatrices de l&rsquo;agression g\u00e9nocidaire sioniste contre la bande de Ghaza, o\u00f9 le","og_url":"https:\/\/lasentinelle.dz\/index.php\/2025\/05\/22\/le-genocide-sioniste-se-poursuit-a-ghaza-les-palestiniens-ont-besoin-dactions\/","og_site_name":"La Sentinelle","article_publisher":"https:\/\/www.facebook.com\/La-Sentinelle-104059864394773","article_published_time":"2025-05-22T11:05:06+00:00","article_modified_time":"2025-05-24T11:05:44+00:00","og_image":[{"width":1200,"height":800,"url":"https:\/\/lasentinelle.dz\/wp-content\/uploads\/2024\/10\/ghaza-3.jpg","type":"image\/jpeg"}],"author":"admin","twitter_card":"summary_large_image","twitter_misc":{"\u00c9crit par":"admin","Dur\u00e9e de lecture estim\u00e9e":"6 minutes"},"schema":{"@context":"https:\/\/schema.org","@graph":[{"@type":"Article","@id":"https:\/\/lasentinelle.dz\/index.php\/2025\/05\/22\/le-genocide-sioniste-se-poursuit-a-ghaza-les-palestiniens-ont-besoin-dactions\/#article","isPartOf":{"@id":"https:\/\/lasentinelle.dz\/index.php\/2025\/05\/22\/le-genocide-sioniste-se-poursuit-a-ghaza-les-palestiniens-ont-besoin-dactions\/"},"author":{"name":"admin","@id":"https:\/\/lasentinelle.dz\/#\/schema\/person\/729ee0024f24e0b8c5ec17232f8e8b41"},"headline":"Le g\u00e9nocide sioniste se poursuit \u00e0 Ghaza: Les Palestiniens \u00ab\u00a0ont besoin d&rsquo;actions\u00a0\u00bb","datePublished":"2025-05-22T11:05:06+00:00","dateModified":"2025-05-24T11:05:44+00:00","mainEntityOfPage":{"@id":"https:\/\/lasentinelle.dz\/index.php\/2025\/05\/22\/le-genocide-sioniste-se-poursuit-a-ghaza-les-palestiniens-ont-besoin-dactions\/"},"wordCount":1143,"commentCount":0,"publisher":{"@id":"https:\/\/lasentinelle.dz\/#organization"},"image":{"@id":"https:\/\/lasentinelle.dz\/index.php\/2025\/05\/22\/le-genocide-sioniste-se-poursuit-a-ghaza-les-palestiniens-ont-besoin-dactions\/#primaryimage"},"thumbnailUrl":"https:\/\/lasentinelle.dz\/wp-content\/uploads\/2024\/10\/ghaza-3.jpg","articleSection":["\u00c0 la Une","Monde"],"inLanguage":"fr-FR","potentialAction":[{"@type":"CommentAction","name":"Comment","target":["https:\/\/lasentinelle.dz\/index.php\/2025\/05\/22\/le-genocide-sioniste-se-poursuit-a-ghaza-les-palestiniens-ont-besoin-dactions\/#respond"]}]},{"@type":"WebPage","@id":"https:\/\/lasentinelle.dz\/index.php\/2025\/05\/22\/le-genocide-sioniste-se-poursuit-a-ghaza-les-palestiniens-ont-besoin-dactions\/","url":"https:\/\/lasentinelle.dz\/index.php\/2025\/05\/22\/le-genocide-sioniste-se-poursuit-a-ghaza-les-palestiniens-ont-besoin-dactions\/","name":"Le g\u00e9nocide sioniste se poursuit \u00e0 Ghaza: Les Palestiniens \u00ab\u00a0ont besoin d&rsquo;actions\u00a0\u00bb - La Sentinelle","isPartOf":{"@id":"https:\/\/lasentinelle.dz\/#website"},"primaryImageOfPage":{"@id":"https:\/\/lasentinelle.dz\/index.php\/2025\/05\/22\/le-genocide-sioniste-se-poursuit-a-ghaza-les-palestiniens-ont-besoin-dactions\/#primaryimage"},"image":{"@id":"https:\/\/lasentinelle.dz\/index.php\/2025\/05\/22\/le-genocide-sioniste-se-poursuit-a-ghaza-les-palestiniens-ont-besoin-dactions\/#primaryimage"},"thumbnailUrl":"https:\/\/lasentinelle.dz\/wp-content\/uploads\/2024\/10\/ghaza-3.jpg","datePublished":"2025-05-22T11:05:06+00:00","dateModified":"2025-05-24T11:05:44+00:00","breadcrumb":{"@id":"https:\/\/lasentinelle.dz\/index.php\/2025\/05\/22\/le-genocide-sioniste-se-poursuit-a-ghaza-les-palestiniens-ont-besoin-dactions\/#breadcrumb"},"inLanguage":"fr-FR","potentialAction":[{"@type":"ReadAction","target":["https:\/\/lasentinelle.dz\/index.php\/2025\/05\/22\/le-genocide-sioniste-se-poursuit-a-ghaza-les-palestiniens-ont-besoin-dactions\/"]}]},{"@type":"ImageObject","inLanguage":"fr-FR","@id":"https:\/\/lasentinelle.dz\/index.php\/2025\/05\/22\/le-genocide-sioniste-se-poursuit-a-ghaza-les-palestiniens-ont-besoin-dactions\/#primaryimage","url":"https:\/\/lasentinelle.dz\/wp-content\/uploads\/2024\/10\/ghaza-3.jpg","contentUrl":"https:\/\/lasentinelle.dz\/wp-content\/uploads\/2024\/10\/ghaza-3.jpg","width":1200,"height":800},{"@type":"BreadcrumbList","@id":"https:\/\/lasentinelle.dz\/index.php\/2025\/05\/22\/le-genocide-sioniste-se-poursuit-a-ghaza-les-palestiniens-ont-besoin-dactions\/#breadcrumb","itemListElement":[{"@type":"ListItem","position":1,"name":"Accueil","item":"https:\/\/lasentinelle.dz\/"},{"@type":"ListItem","position":2,"name":"Le g\u00e9nocide sioniste se poursuit \u00e0 Ghaza: Les Palestiniens \u00ab\u00a0ont besoin d&rsquo;actions\u00a0\u00bb"}]},{"@type":"WebSite","@id":"https:\/\/lasentinelle.dz\/#website","url":"https:\/\/lasentinelle.dz\/","name":"La Sentinelle","description":"Quotidien national d&#039;information","publisher":{"@id":"https:\/\/lasentinelle.dz\/#organization"},"potentialAction":[{"@type":"SearchAction","target":{"@type":"EntryPoint","urlTemplate":"https:\/\/lasentinelle.dz\/?s={search_term_string}"},"query-input":{"@type":"PropertyValueSpecification","valueRequired":true,"valueName":"search_term_string"}}],"inLanguage":"fr-FR"},{"@type":"Organization","@id":"https:\/\/lasentinelle.dz\/#organization","name":"Quotidien La Sentinelle","url":"https:\/\/lasentinelle.dz\/","logo":{"@type":"ImageObject","inLanguage":"fr-FR","@id":"https:\/\/lasentinelle.dz\/#\/schema\/logo\/image\/","url":"https:\/\/lasentinelle.dz\/wp-content\/uploads\/2021\/09\/logo-sentinelleSLOGAN-1.png","contentUrl":"https:\/\/lasentinelle.dz\/wp-content\/uploads\/2021\/09\/logo-sentinelleSLOGAN-1.png","width":615,"height":142,"caption":"Quotidien La Sentinelle"},"image":{"@id":"https:\/\/lasentinelle.dz\/#\/schema\/logo\/image\/"},"sameAs":["https:\/\/www.facebook.com\/La-Sentinelle-104059864394773"]},{"@type":"Person","@id":"https:\/\/lasentinelle.dz\/#\/schema\/person\/729ee0024f24e0b8c5ec17232f8e8b41","name":"admin","image":{"@type":"ImageObject","inLanguage":"fr-FR","@id":"https:\/\/secure.gravatar.com\/avatar\/4c81fed838786e9b53f540bf46533e750f5d292099ae3b66cfc6fb1982e29df7?s=96&d=mm&r=g","url":"https:\/\/secure.gravatar.com\/avatar\/4c81fed838786e9b53f540bf46533e750f5d292099ae3b66cfc6fb1982e29df7?s=96&d=mm&r=g","contentUrl":"https:\/\/secure.gravatar.com\/avatar\/4c81fed838786e9b53f540bf46533e750f5d292099ae3b66cfc6fb1982e29df7?s=96&d=mm&r=g","caption":"admin"},"description":"admin","url":"https:\/\/lasentinelle.dz\/author\/admin\/"}]}},"_links":{"self":[{"href":"https:\/\/lasentinelle.dz\/index.php\/wp-json\/wp\/v2\/posts\/67739","targetHints":{"allow":["GET"]}}],"collection":[{"href":"https:\/\/lasentinelle.dz\/index.php\/wp-json\/wp\/v2\/posts"}],"about":[{"href":"https:\/\/lasentinelle.dz\/index.php\/wp-json\/wp\/v2\/types\/post"}],"author":[{"embeddable":true,"href":"https:\/\/lasentinelle.dz\/index.php\/wp-json\/wp\/v2\/users\/6"}],"replies":[{"embeddable":true,"href":"https:\/\/lasentinelle.dz\/index.php\/wp-json\/wp\/v2\/comments?post=67739"}],"version-history":[{"count":2,"href":"https:\/\/lasentinelle.dz\/index.php\/wp-json\/wp\/v2\/posts\/67739\/revisions"}],"predecessor-version":[{"id":67741,"href":"https:\/\/lasentinelle.dz\/index.php\/wp-json\/wp\/v2\/posts\/67739\/revisions\/67741"}],"wp:featuredmedia":[{"embeddable":true,"href":"https:\/\/lasentinelle.dz\/index.php\/wp-json\/wp\/v2\/media\/58830"}],"wp:attachment":[{"href":"https:\/\/lasentinelle.dz\/index.php\/wp-json\/wp\/v2\/media?parent=67739"}],"wp:term":[{"taxonomy":"category","embeddable":true,"href":"https:\/\/lasentinelle.dz\/index.php\/wp-json\/wp\/v2\/categories?post=67739"},{"taxonomy":"post_tag","embeddable":true,"href":"https:\/\/lasentinelle.dz\/index.php\/wp-json\/wp\/v2\/tags?post=67739"}],"curies":[{"name":"wp","href":"https:\/\/api.w.org\/{rel}","templated":true}]}}