{"id":67744,"date":"2025-05-22T12:06:53","date_gmt":"2025-05-22T11:06:53","guid":{"rendered":"https:\/\/lasentinelle.dz\/?p=67744"},"modified":"2025-05-24T12:09:04","modified_gmt":"2025-05-24T11:09:04","slug":"concours-national-de-lecture-frantz-fanon-prolongation-du-delai-de-candidature-jusquau-30-juin-prochain","status":"publish","type":"post","link":"https:\/\/lasentinelle.dz\/index.php\/2025\/05\/22\/concours-national-de-lecture-frantz-fanon-prolongation-du-delai-de-candidature-jusquau-30-juin-prochain\/","title":{"rendered":"Concours national de lecture \u00ab\u00a0Frantz Fanon\u00a0\u00bb : Prolongation du d\u00e9lai de candidature jusqu&rsquo;au 30 juin prochain"},"content":{"rendered":"\n<p>Face \u00e0 un enthousiasme croissant et pour tenir compte de la p\u00e9riode des examens scolaires et universitaires, l&rsquo;Agence alg\u00e9rienne pour le rayonnement culturel (AARC) vient d&rsquo;annoncer la prolongation du d\u00e9lai de candidature au concours national de lecture \u00ab\u00a0Frantz Fanon\u00a0\u00bb jusqu&rsquo;au 30 juin prochain. Cette d\u00e9cision vise \u00e0 permettre \u00e0 un plus grand nombre de jeunes Alg\u00e9riens de participer \u00e0 cette initiative culturelle d&rsquo;envergure nationale. Ce concours, qui s&rsquo;adresse aux jeunes \u00e2g\u00e9s de 18 \u00e0 35 ans, s&rsquo;inscrit dans une politique culturelle ambitieuse port\u00e9e par le minist\u00e8re de la Culture et des Arts. L&rsquo;AARC pr\u00e9cise que cette initiative a pour objectif \u00ab\u00a0d&rsquo;ancrer l&rsquo;acte de lecture chez les jeunes alg\u00e9riens et de rendre hommage \u00e0 l&rsquo;une des figures \u00e9minentes du combat litt\u00e9raire et intellectuel en Alg\u00e9rie, Frantz Fanon, en encourageant la lecture de ses \u0153uvres et en s&rsquo;inspirant de ses id\u00e9es \u00e9clair\u00e9es\u00a0\u00bb. Un double objectif qui allie la promotion de la lecture comme pratique culturelle fondamentale et la valorisation de l&rsquo;h\u00e9ritage intellectuel de Frantz Fanon, penseur majeur dont l&rsquo;\u0153uvre continue d&rsquo;influencer les r\u00e9flexions sur la d\u00e9colonisation et l&rsquo;identit\u00e9 culturelle.<\/p>\n\n\n\n<p>Le format du concours est structur\u00e9 autour de la lecture progressive d&rsquo;une s\u00e9lection d&rsquo;ouvrages de Frantz Fanon, disponibles en trois langues (arabe, anglais et fran\u00e7ais), permettant ainsi une accessibilit\u00e9 maximale aux participants. Le premier livre propos\u00e9 est \u00ab\u00a0L&rsquo;An V de la r\u00e9volution alg\u00e9rienne\u00a0\u00bb, \u0153uvre embl\u00e9matique qui analyse les transformations sociales et culturelles de la soci\u00e9t\u00e9 alg\u00e9rienne pendant la guerre d&rsquo;ind\u00e9pendance. Pour faciliter l&rsquo;acc\u00e8s \u00e0 cet ouvrage, l&rsquo;AARC a mis \u00e0 disposition trois liens \u00e9lectroniques permettant de t\u00e9l\u00e9charger gratuitement sa version num\u00e9rique dans les trois langues propos\u00e9es.<\/p>\n\n\n\n<p>La m\u00e9thodologie du concours repose sur une approche progressive, la premi\u00e8re s\u00e9lection des participants s&rsquo;effectuant sur la base de la lecture et du r\u00e9sum\u00e9 de ce premier ouvrage. Le concours sera cl\u00f4tur\u00e9 par l&rsquo;organisation d&rsquo;une journ\u00e9e d&rsquo;\u00e9tude et une c\u00e9r\u00e9monie de remise de prix, cr\u00e9ant ainsi un moment de partage et de reconnaissance pour les participants.<\/p>\n\n\n\n<p>Les modalit\u00e9s de participation ont \u00e9t\u00e9 simplifi\u00e9es pour encourager un maximum de candidatures. Les jeunes int\u00e9ress\u00e9s sont invit\u00e9s \u00e0 consulter le r\u00e8glement du concours via un lien d\u00e9di\u00e9, \u00e0 le signer et \u00e0 le renvoyer avant la date limite \u00e0 l&rsquo;adresse \u00e9lectronique fanon.lecture@gmail.com. Chaque dossier de candidature doit comporter, outre le r\u00e8glement sign\u00e9 et certifi\u00e9, un document s\u00e9par\u00e9 incluant les informations personnelles du candidat : nom et pr\u00e9nom, date et lieu de naissance, adresse et num\u00e9ro de t\u00e9l\u00e9phone, ainsi qu&rsquo;une copie de la carte d&rsquo;identit\u00e9.<\/p>\n\n\n\n<p>Cette initiative s&rsquo;inscrit dans un contexte de renouveau culturel en Alg\u00e9rie, o\u00f9 les autorit\u00e9s multiplient les actions pour promouvoir la lecture publique et valoriser les figures intellectuelles qui ont marqu\u00e9 l&rsquo;histoire du pays.<\/p>\n\n\n\n<p>R.C.<\/p>\n","protected":false},"excerpt":{"rendered":"<p>Face \u00e0 un enthousiasme croissant et pour tenir compte de la p\u00e9riode des examens scolaires et universitaires, l&rsquo;Agence alg\u00e9rienne pour<\/p>\n","protected":false},"author":6,"featured_media":67745,"comment_status":"open","ping_status":"closed","sticky":false,"template":"","format":"standard","meta":{"colormag_page_container_layout":"default_layout","colormag_page_sidebar_layout":"default_layout","om_disable_all_campaigns":false,"_monsterinsights_skip_tracking":false,"_monsterinsights_sitenote_active":false,"_monsterinsights_sitenote_note":"","_monsterinsights_sitenote_category":0,"footnotes":"","_wpscppro_dont_share_socialmedia":false,"_wpscppro_custom_social_share_image":0,"_facebook_share_type":"default","_twitter_share_type":"default","_linkedin_share_type":"default","_pinterest_share_type":"default","_linkedin_share_type_page":"","_instagram_share_type":"default","_medium_share_type":"default","_threads_share_type":"","_google_business_share_type":"","_selected_social_profile":[],"_wpsp_enable_custom_social_template":false,"_wpsp_social_scheduling":{"enabled":false,"datetime":null,"platforms":[],"status":"template_only","dateOption":"today","timeOption":"now","customDays":"","customHours":"","customDate":"","customTime":"","schedulingType":"absolute"},"_wpsp_active_default_template":true},"categories":[36],"tags":[],"class_list":["post-67744","post","type-post","status-publish","format-standard","has-post-thumbnail","hentry","category-culture"],"aioseo_notices":[],"yoast_head":"<!-- This site is optimized with the Yoast SEO plugin v27.4 - https:\/\/yoast.com\/product\/yoast-seo-wordpress\/ -->\n<title>Concours national de lecture \u00ab\u00a0Frantz Fanon\u00a0\u00bb : Prolongation du d\u00e9lai de candidature jusqu&rsquo;au 30 juin prochain - La Sentinelle<\/title>\n<meta name=\"robots\" content=\"index, follow, max-snippet:-1, max-image-preview:large, max-video-preview:-1\" \/>\n<link rel=\"canonical\" href=\"https:\/\/lasentinelle.dz\/index.php\/2025\/05\/22\/concours-national-de-lecture-frantz-fanon-prolongation-du-delai-de-candidature-jusquau-30-juin-prochain\/\" \/>\n<meta property=\"og:locale\" content=\"fr_FR\" \/>\n<meta property=\"og:type\" content=\"article\" \/>\n<meta property=\"og:title\" content=\"Concours national de lecture \u00ab\u00a0Frantz Fanon\u00a0\u00bb : Prolongation du d\u00e9lai de candidature jusqu&rsquo;au 30 juin prochain - La Sentinelle\" \/>\n<meta property=\"og:description\" content=\"Face \u00e0 un enthousiasme croissant et pour tenir compte de la p\u00e9riode des examens scolaires et universitaires, l&rsquo;Agence alg\u00e9rienne pour\" \/>\n<meta property=\"og:url\" content=\"https:\/\/lasentinelle.dz\/index.php\/2025\/05\/22\/concours-national-de-lecture-frantz-fanon-prolongation-du-delai-de-candidature-jusquau-30-juin-prochain\/\" \/>\n<meta property=\"og:site_name\" content=\"La Sentinelle\" \/>\n<meta property=\"article:publisher\" content=\"https:\/\/www.facebook.com\/La-Sentinelle-104059864394773\" \/>\n<meta property=\"article:published_time\" content=\"2025-05-22T11:06:53+00:00\" \/>\n<meta property=\"article:modified_time\" content=\"2025-05-24T11:09:04+00:00\" \/>\n<meta property=\"og:image\" content=\"https:\/\/lasentinelle.dz\/wp-content\/uploads\/2025\/05\/AARC.png\" \/>\n\t<meta property=\"og:image:width\" content=\"600\" \/>\n\t<meta property=\"og:image:height\" content=\"433\" \/>\n\t<meta property=\"og:image:type\" content=\"image\/png\" \/>\n<meta name=\"author\" content=\"admin\" \/>\n<meta name=\"twitter:card\" content=\"summary_large_image\" \/>\n<meta name=\"twitter:label1\" content=\"\u00c9crit par\" \/>\n\t<meta name=\"twitter:data1\" content=\"admin\" \/>\n\t<meta name=\"twitter:label2\" content=\"Dur\u00e9e de lecture estim\u00e9e\" \/>\n\t<meta name=\"twitter:data2\" content=\"3 minutes\" \/>\n<script type=\"application\/ld+json\" class=\"yoast-schema-graph\">{\"@context\":\"https:\\\/\\\/schema.org\",\"@graph\":[{\"@type\":\"Article\",\"@id\":\"https:\\\/\\\/lasentinelle.dz\\\/index.php\\\/2025\\\/05\\\/22\\\/concours-national-de-lecture-frantz-fanon-prolongation-du-delai-de-candidature-jusquau-30-juin-prochain\\\/#article\",\"isPartOf\":{\"@id\":\"https:\\\/\\\/lasentinelle.dz\\\/index.php\\\/2025\\\/05\\\/22\\\/concours-national-de-lecture-frantz-fanon-prolongation-du-delai-de-candidature-jusquau-30-juin-prochain\\\/\"},\"author\":{\"name\":\"admin\",\"@id\":\"https:\\\/\\\/lasentinelle.dz\\\/#\\\/schema\\\/person\\\/729ee0024f24e0b8c5ec17232f8e8b41\"},\"headline\":\"Concours national de lecture \u00ab\u00a0Frantz Fanon\u00a0\u00bb : Prolongation du d\u00e9lai de candidature jusqu&rsquo;au 30 juin prochain\",\"datePublished\":\"2025-05-22T11:06:53+00:00\",\"dateModified\":\"2025-05-24T11:09:04+00:00\",\"mainEntityOfPage\":{\"@id\":\"https:\\\/\\\/lasentinelle.dz\\\/index.php\\\/2025\\\/05\\\/22\\\/concours-national-de-lecture-frantz-fanon-prolongation-du-delai-de-candidature-jusquau-30-juin-prochain\\\/\"},\"wordCount\":527,\"commentCount\":0,\"publisher\":{\"@id\":\"https:\\\/\\\/lasentinelle.dz\\\/#organization\"},\"image\":{\"@id\":\"https:\\\/\\\/lasentinelle.dz\\\/index.php\\\/2025\\\/05\\\/22\\\/concours-national-de-lecture-frantz-fanon-prolongation-du-delai-de-candidature-jusquau-30-juin-prochain\\\/#primaryimage\"},\"thumbnailUrl\":\"https:\\\/\\\/lasentinelle.dz\\\/wp-content\\\/uploads\\\/2025\\\/05\\\/AARC.png\",\"articleSection\":[\"Culture\"],\"inLanguage\":\"fr-FR\",\"potentialAction\":[{\"@type\":\"CommentAction\",\"name\":\"Comment\",\"target\":[\"https:\\\/\\\/lasentinelle.dz\\\/index.php\\\/2025\\\/05\\\/22\\\/concours-national-de-lecture-frantz-fanon-prolongation-du-delai-de-candidature-jusquau-30-juin-prochain\\\/#respond\"]}]},{\"@type\":\"WebPage\",\"@id\":\"https:\\\/\\\/lasentinelle.dz\\\/index.php\\\/2025\\\/05\\\/22\\\/concours-national-de-lecture-frantz-fanon-prolongation-du-delai-de-candidature-jusquau-30-juin-prochain\\\/\",\"url\":\"https:\\\/\\\/lasentinelle.dz\\\/index.php\\\/2025\\\/05\\\/22\\\/concours-national-de-lecture-frantz-fanon-prolongation-du-delai-de-candidature-jusquau-30-juin-prochain\\\/\",\"name\":\"Concours national de lecture \u00ab\u00a0Frantz Fanon\u00a0\u00bb : Prolongation du d\u00e9lai de candidature jusqu&rsquo;au 30 juin prochain - La Sentinelle\",\"isPartOf\":{\"@id\":\"https:\\\/\\\/lasentinelle.dz\\\/#website\"},\"primaryImageOfPage\":{\"@id\":\"https:\\\/\\\/lasentinelle.dz\\\/index.php\\\/2025\\\/05\\\/22\\\/concours-national-de-lecture-frantz-fanon-prolongation-du-delai-de-candidature-jusquau-30-juin-prochain\\\/#primaryimage\"},\"image\":{\"@id\":\"https:\\\/\\\/lasentinelle.dz\\\/index.php\\\/2025\\\/05\\\/22\\\/concours-national-de-lecture-frantz-fanon-prolongation-du-delai-de-candidature-jusquau-30-juin-prochain\\\/#primaryimage\"},\"thumbnailUrl\":\"https:\\\/\\\/lasentinelle.dz\\\/wp-content\\\/uploads\\\/2025\\\/05\\\/AARC.png\",\"datePublished\":\"2025-05-22T11:06:53+00:00\",\"dateModified\":\"2025-05-24T11:09:04+00:00\",\"breadcrumb\":{\"@id\":\"https:\\\/\\\/lasentinelle.dz\\\/index.php\\\/2025\\\/05\\\/22\\\/concours-national-de-lecture-frantz-fanon-prolongation-du-delai-de-candidature-jusquau-30-juin-prochain\\\/#breadcrumb\"},\"inLanguage\":\"fr-FR\",\"potentialAction\":[{\"@type\":\"ReadAction\",\"target\":[\"https:\\\/\\\/lasentinelle.dz\\\/index.php\\\/2025\\\/05\\\/22\\\/concours-national-de-lecture-frantz-fanon-prolongation-du-delai-de-candidature-jusquau-30-juin-prochain\\\/\"]}]},{\"@type\":\"ImageObject\",\"inLanguage\":\"fr-FR\",\"@id\":\"https:\\\/\\\/lasentinelle.dz\\\/index.php\\\/2025\\\/05\\\/22\\\/concours-national-de-lecture-frantz-fanon-prolongation-du-delai-de-candidature-jusquau-30-juin-prochain\\\/#primaryimage\",\"url\":\"https:\\\/\\\/lasentinelle.dz\\\/wp-content\\\/uploads\\\/2025\\\/05\\\/AARC.png\",\"contentUrl\":\"https:\\\/\\\/lasentinelle.dz\\\/wp-content\\\/uploads\\\/2025\\\/05\\\/AARC.png\",\"width\":600,\"height\":433},{\"@type\":\"BreadcrumbList\",\"@id\":\"https:\\\/\\\/lasentinelle.dz\\\/index.php\\\/2025\\\/05\\\/22\\\/concours-national-de-lecture-frantz-fanon-prolongation-du-delai-de-candidature-jusquau-30-juin-prochain\\\/#breadcrumb\",\"itemListElement\":[{\"@type\":\"ListItem\",\"position\":1,\"name\":\"Accueil\",\"item\":\"https:\\\/\\\/lasentinelle.dz\\\/\"},{\"@type\":\"ListItem\",\"position\":2,\"name\":\"Concours national de lecture \u00ab\u00a0Frantz Fanon\u00a0\u00bb : Prolongation du d\u00e9lai de candidature jusqu&rsquo;au 30 juin prochain\"}]},{\"@type\":\"WebSite\",\"@id\":\"https:\\\/\\\/lasentinelle.dz\\\/#website\",\"url\":\"https:\\\/\\\/lasentinelle.dz\\\/\",\"name\":\"La Sentinelle\",\"description\":\"Quotidien national d&#039;information\",\"publisher\":{\"@id\":\"https:\\\/\\\/lasentinelle.dz\\\/#organization\"},\"potentialAction\":[{\"@type\":\"SearchAction\",\"target\":{\"@type\":\"EntryPoint\",\"urlTemplate\":\"https:\\\/\\\/lasentinelle.dz\\\/?s={search_term_string}\"},\"query-input\":{\"@type\":\"PropertyValueSpecification\",\"valueRequired\":true,\"valueName\":\"search_term_string\"}}],\"inLanguage\":\"fr-FR\"},{\"@type\":\"Organization\",\"@id\":\"https:\\\/\\\/lasentinelle.dz\\\/#organization\",\"name\":\"Quotidien La Sentinelle\",\"url\":\"https:\\\/\\\/lasentinelle.dz\\\/\",\"logo\":{\"@type\":\"ImageObject\",\"inLanguage\":\"fr-FR\",\"@id\":\"https:\\\/\\\/lasentinelle.dz\\\/#\\\/schema\\\/logo\\\/image\\\/\",\"url\":\"https:\\\/\\\/lasentinelle.dz\\\/wp-content\\\/uploads\\\/2021\\\/09\\\/logo-sentinelleSLOGAN-1.png\",\"contentUrl\":\"https:\\\/\\\/lasentinelle.dz\\\/wp-content\\\/uploads\\\/2021\\\/09\\\/logo-sentinelleSLOGAN-1.png\",\"width\":615,\"height\":142,\"caption\":\"Quotidien La Sentinelle\"},\"image\":{\"@id\":\"https:\\\/\\\/lasentinelle.dz\\\/#\\\/schema\\\/logo\\\/image\\\/\"},\"sameAs\":[\"https:\\\/\\\/www.facebook.com\\\/La-Sentinelle-104059864394773\"]},{\"@type\":\"Person\",\"@id\":\"https:\\\/\\\/lasentinelle.dz\\\/#\\\/schema\\\/person\\\/729ee0024f24e0b8c5ec17232f8e8b41\",\"name\":\"admin\",\"image\":{\"@type\":\"ImageObject\",\"inLanguage\":\"fr-FR\",\"@id\":\"https:\\\/\\\/secure.gravatar.com\\\/avatar\\\/4c81fed838786e9b53f540bf46533e750f5d292099ae3b66cfc6fb1982e29df7?s=96&d=mm&r=g\",\"url\":\"https:\\\/\\\/secure.gravatar.com\\\/avatar\\\/4c81fed838786e9b53f540bf46533e750f5d292099ae3b66cfc6fb1982e29df7?s=96&d=mm&r=g\",\"contentUrl\":\"https:\\\/\\\/secure.gravatar.com\\\/avatar\\\/4c81fed838786e9b53f540bf46533e750f5d292099ae3b66cfc6fb1982e29df7?s=96&d=mm&r=g\",\"caption\":\"admin\"},\"description\":\"admin\",\"url\":\"https:\\\/\\\/lasentinelle.dz\\\/author\\\/admin\\\/\"}]}<\/script>\n<!-- \/ Yoast SEO plugin. -->","yoast_head_json":{"title":"Concours national de lecture \u00ab\u00a0Frantz Fanon\u00a0\u00bb : Prolongation du d\u00e9lai de candidature jusqu&rsquo;au 30 juin prochain - La Sentinelle","robots":{"index":"index","follow":"follow","max-snippet":"max-snippet:-1","max-image-preview":"max-image-preview:large","max-video-preview":"max-video-preview:-1"},"canonical":"https:\/\/lasentinelle.dz\/index.php\/2025\/05\/22\/concours-national-de-lecture-frantz-fanon-prolongation-du-delai-de-candidature-jusquau-30-juin-prochain\/","og_locale":"fr_FR","og_type":"article","og_title":"Concours national de lecture \u00ab\u00a0Frantz Fanon\u00a0\u00bb : Prolongation du d\u00e9lai de candidature jusqu&rsquo;au 30 juin prochain - La Sentinelle","og_description":"Face \u00e0 un enthousiasme croissant et pour tenir compte de la p\u00e9riode des examens scolaires et universitaires, l&rsquo;Agence alg\u00e9rienne pour","og_url":"https:\/\/lasentinelle.dz\/index.php\/2025\/05\/22\/concours-national-de-lecture-frantz-fanon-prolongation-du-delai-de-candidature-jusquau-30-juin-prochain\/","og_site_name":"La Sentinelle","article_publisher":"https:\/\/www.facebook.com\/La-Sentinelle-104059864394773","article_published_time":"2025-05-22T11:06:53+00:00","article_modified_time":"2025-05-24T11:09:04+00:00","og_image":[{"width":600,"height":433,"url":"https:\/\/lasentinelle.dz\/wp-content\/uploads\/2025\/05\/AARC.png","type":"image\/png"}],"author":"admin","twitter_card":"summary_large_image","twitter_misc":{"\u00c9crit par":"admin","Dur\u00e9e de lecture estim\u00e9e":"3 minutes"},"schema":{"@context":"https:\/\/schema.org","@graph":[{"@type":"Article","@id":"https:\/\/lasentinelle.dz\/index.php\/2025\/05\/22\/concours-national-de-lecture-frantz-fanon-prolongation-du-delai-de-candidature-jusquau-30-juin-prochain\/#article","isPartOf":{"@id":"https:\/\/lasentinelle.dz\/index.php\/2025\/05\/22\/concours-national-de-lecture-frantz-fanon-prolongation-du-delai-de-candidature-jusquau-30-juin-prochain\/"},"author":{"name":"admin","@id":"https:\/\/lasentinelle.dz\/#\/schema\/person\/729ee0024f24e0b8c5ec17232f8e8b41"},"headline":"Concours national de lecture \u00ab\u00a0Frantz Fanon\u00a0\u00bb : Prolongation du d\u00e9lai de candidature jusqu&rsquo;au 30 juin prochain","datePublished":"2025-05-22T11:06:53+00:00","dateModified":"2025-05-24T11:09:04+00:00","mainEntityOfPage":{"@id":"https:\/\/lasentinelle.dz\/index.php\/2025\/05\/22\/concours-national-de-lecture-frantz-fanon-prolongation-du-delai-de-candidature-jusquau-30-juin-prochain\/"},"wordCount":527,"commentCount":0,"publisher":{"@id":"https:\/\/lasentinelle.dz\/#organization"},"image":{"@id":"https:\/\/lasentinelle.dz\/index.php\/2025\/05\/22\/concours-national-de-lecture-frantz-fanon-prolongation-du-delai-de-candidature-jusquau-30-juin-prochain\/#primaryimage"},"thumbnailUrl":"https:\/\/lasentinelle.dz\/wp-content\/uploads\/2025\/05\/AARC.png","articleSection":["Culture"],"inLanguage":"fr-FR","potentialAction":[{"@type":"CommentAction","name":"Comment","target":["https:\/\/lasentinelle.dz\/index.php\/2025\/05\/22\/concours-national-de-lecture-frantz-fanon-prolongation-du-delai-de-candidature-jusquau-30-juin-prochain\/#respond"]}]},{"@type":"WebPage","@id":"https:\/\/lasentinelle.dz\/index.php\/2025\/05\/22\/concours-national-de-lecture-frantz-fanon-prolongation-du-delai-de-candidature-jusquau-30-juin-prochain\/","url":"https:\/\/lasentinelle.dz\/index.php\/2025\/05\/22\/concours-national-de-lecture-frantz-fanon-prolongation-du-delai-de-candidature-jusquau-30-juin-prochain\/","name":"Concours national de lecture \u00ab\u00a0Frantz Fanon\u00a0\u00bb : Prolongation du d\u00e9lai de candidature jusqu&rsquo;au 30 juin prochain - La Sentinelle","isPartOf":{"@id":"https:\/\/lasentinelle.dz\/#website"},"primaryImageOfPage":{"@id":"https:\/\/lasentinelle.dz\/index.php\/2025\/05\/22\/concours-national-de-lecture-frantz-fanon-prolongation-du-delai-de-candidature-jusquau-30-juin-prochain\/#primaryimage"},"image":{"@id":"https:\/\/lasentinelle.dz\/index.php\/2025\/05\/22\/concours-national-de-lecture-frantz-fanon-prolongation-du-delai-de-candidature-jusquau-30-juin-prochain\/#primaryimage"},"thumbnailUrl":"https:\/\/lasentinelle.dz\/wp-content\/uploads\/2025\/05\/AARC.png","datePublished":"2025-05-22T11:06:53+00:00","dateModified":"2025-05-24T11:09:04+00:00","breadcrumb":{"@id":"https:\/\/lasentinelle.dz\/index.php\/2025\/05\/22\/concours-national-de-lecture-frantz-fanon-prolongation-du-delai-de-candidature-jusquau-30-juin-prochain\/#breadcrumb"},"inLanguage":"fr-FR","potentialAction":[{"@type":"ReadAction","target":["https:\/\/lasentinelle.dz\/index.php\/2025\/05\/22\/concours-national-de-lecture-frantz-fanon-prolongation-du-delai-de-candidature-jusquau-30-juin-prochain\/"]}]},{"@type":"ImageObject","inLanguage":"fr-FR","@id":"https:\/\/lasentinelle.dz\/index.php\/2025\/05\/22\/concours-national-de-lecture-frantz-fanon-prolongation-du-delai-de-candidature-jusquau-30-juin-prochain\/#primaryimage","url":"https:\/\/lasentinelle.dz\/wp-content\/uploads\/2025\/05\/AARC.png","contentUrl":"https:\/\/lasentinelle.dz\/wp-content\/uploads\/2025\/05\/AARC.png","width":600,"height":433},{"@type":"BreadcrumbList","@id":"https:\/\/lasentinelle.dz\/index.php\/2025\/05\/22\/concours-national-de-lecture-frantz-fanon-prolongation-du-delai-de-candidature-jusquau-30-juin-prochain\/#breadcrumb","itemListElement":[{"@type":"ListItem","position":1,"name":"Accueil","item":"https:\/\/lasentinelle.dz\/"},{"@type":"ListItem","position":2,"name":"Concours national de lecture \u00ab\u00a0Frantz Fanon\u00a0\u00bb : Prolongation du d\u00e9lai de candidature jusqu&rsquo;au 30 juin prochain"}]},{"@type":"WebSite","@id":"https:\/\/lasentinelle.dz\/#website","url":"https:\/\/lasentinelle.dz\/","name":"La Sentinelle","description":"Quotidien national d&#039;information","publisher":{"@id":"https:\/\/lasentinelle.dz\/#organization"},"potentialAction":[{"@type":"SearchAction","target":{"@type":"EntryPoint","urlTemplate":"https:\/\/lasentinelle.dz\/?s={search_term_string}"},"query-input":{"@type":"PropertyValueSpecification","valueRequired":true,"valueName":"search_term_string"}}],"inLanguage":"fr-FR"},{"@type":"Organization","@id":"https:\/\/lasentinelle.dz\/#organization","name":"Quotidien La Sentinelle","url":"https:\/\/lasentinelle.dz\/","logo":{"@type":"ImageObject","inLanguage":"fr-FR","@id":"https:\/\/lasentinelle.dz\/#\/schema\/logo\/image\/","url":"https:\/\/lasentinelle.dz\/wp-content\/uploads\/2021\/09\/logo-sentinelleSLOGAN-1.png","contentUrl":"https:\/\/lasentinelle.dz\/wp-content\/uploads\/2021\/09\/logo-sentinelleSLOGAN-1.png","width":615,"height":142,"caption":"Quotidien La Sentinelle"},"image":{"@id":"https:\/\/lasentinelle.dz\/#\/schema\/logo\/image\/"},"sameAs":["https:\/\/www.facebook.com\/La-Sentinelle-104059864394773"]},{"@type":"Person","@id":"https:\/\/lasentinelle.dz\/#\/schema\/person\/729ee0024f24e0b8c5ec17232f8e8b41","name":"admin","image":{"@type":"ImageObject","inLanguage":"fr-FR","@id":"https:\/\/secure.gravatar.com\/avatar\/4c81fed838786e9b53f540bf46533e750f5d292099ae3b66cfc6fb1982e29df7?s=96&d=mm&r=g","url":"https:\/\/secure.gravatar.com\/avatar\/4c81fed838786e9b53f540bf46533e750f5d292099ae3b66cfc6fb1982e29df7?s=96&d=mm&r=g","contentUrl":"https:\/\/secure.gravatar.com\/avatar\/4c81fed838786e9b53f540bf46533e750f5d292099ae3b66cfc6fb1982e29df7?s=96&d=mm&r=g","caption":"admin"},"description":"admin","url":"https:\/\/lasentinelle.dz\/author\/admin\/"}]}},"_links":{"self":[{"href":"https:\/\/lasentinelle.dz\/index.php\/wp-json\/wp\/v2\/posts\/67744","targetHints":{"allow":["GET"]}}],"collection":[{"href":"https:\/\/lasentinelle.dz\/index.php\/wp-json\/wp\/v2\/posts"}],"about":[{"href":"https:\/\/lasentinelle.dz\/index.php\/wp-json\/wp\/v2\/types\/post"}],"author":[{"embeddable":true,"href":"https:\/\/lasentinelle.dz\/index.php\/wp-json\/wp\/v2\/users\/6"}],"replies":[{"embeddable":true,"href":"https:\/\/lasentinelle.dz\/index.php\/wp-json\/wp\/v2\/comments?post=67744"}],"version-history":[{"count":2,"href":"https:\/\/lasentinelle.dz\/index.php\/wp-json\/wp\/v2\/posts\/67744\/revisions"}],"predecessor-version":[{"id":67747,"href":"https:\/\/lasentinelle.dz\/index.php\/wp-json\/wp\/v2\/posts\/67744\/revisions\/67747"}],"wp:featuredmedia":[{"embeddable":true,"href":"https:\/\/lasentinelle.dz\/index.php\/wp-json\/wp\/v2\/media\/67745"}],"wp:attachment":[{"href":"https:\/\/lasentinelle.dz\/index.php\/wp-json\/wp\/v2\/media?parent=67744"}],"wp:term":[{"taxonomy":"category","embeddable":true,"href":"https:\/\/lasentinelle.dz\/index.php\/wp-json\/wp\/v2\/categories?post=67744"},{"taxonomy":"post_tag","embeddable":true,"href":"https:\/\/lasentinelle.dz\/index.php\/wp-json\/wp\/v2\/tags?post=67744"}],"curies":[{"name":"wp","href":"https:\/\/api.w.org\/{rel}","templated":true}]}}