{"id":67748,"date":"2025-05-22T12:09:18","date_gmt":"2025-05-22T11:09:18","guid":{"rendered":"https:\/\/lasentinelle.dz\/?p=67748"},"modified":"2025-05-24T12:09:53","modified_gmt":"2025-05-24T11:09:53","slug":"forum-national-des-jeunes-editeurs-vers-une-restructuration-du-monde-de-ledition","status":"publish","type":"post","link":"https:\/\/lasentinelle.dz\/index.php\/2025\/05\/22\/forum-national-des-jeunes-editeurs-vers-une-restructuration-du-monde-de-ledition\/","title":{"rendered":"Forum national des jeunes \u00e9diteurs : Vers une restructuration du monde de l&rsquo;\u00e9dition"},"content":{"rendered":"\n<p>Le forum national des jeunes \u00e9diteurs a ouvert ses portes mardi au Palais de la Culture \u00ab\u00a0Moufdi Zakaria\u00a0\u00bb \u00e0 Alger, en se voulant comme un v\u00e9ritable tournant dans la politique culturelle du pays.<\/p>\n\n\n\n<p>Cette manifestation, qui r\u00e9unit plus de 30 \u00e9diteurs venus des quatre coins de l&rsquo;Alg\u00e9rie, s&rsquo;inscrit dans une d\u00e9marche globale visant \u00e0 dynamiser le secteur de l&rsquo;\u00e9dition et \u00e0 encourager l&rsquo;\u00e9mergence de nouveaux talents dans un domaine en pleine mutation. Dans une allocution prononc\u00e9e par M. Mohamed Sidi Moussa, chef de cabinet du minist\u00e8re de la Culture et des Arts, le ministre Zouhir Ballalou a soulign\u00e9 l&rsquo;importance strat\u00e9gique de cet \u00e9v\u00e9nement. \u00ab\u00a0Cette rencontre vise \u00e0 soutenir et \u00e0 accompagner les jeunes \u00e9diteurs\u00a0\u00bb, a-t-il affirm\u00e9, mettant en exergue \u00ab\u00a0la dynamique et l&rsquo;activit\u00e9 soutenue que conna\u00eet le secteur de la culture ces derniers temps dans diff\u00e9rents domaines culturels, notamment dans celui de l&rsquo;\u00e9dition\u00a0\u00bb. Ces propos t\u00e9moignent de la volont\u00e9 des pouvoirs publics de placer le livre au c\u0153ur de leur politique culturelle, dans un contexte o\u00f9 la digitalisation et les nouveaux modes de consommation culturelle repr\u00e9sentent autant de d\u00e9fis que d&rsquo;opportunit\u00e9s.<\/p>\n\n\n\n<p>Le ministre a particuli\u00e8rement mis en avant \u00ab\u00a0l&rsquo;int\u00e9r\u00eat que porte son d\u00e9partement \u00e0 l&rsquo;\u00e9dition et \u00e0 la distribution du livre, ainsi que le soutien accord\u00e9 \u00e0 ce volet en vue de promouvoir la lecture publique\u00a0\u00bb. Cette politique se concr\u00e9tise notamment par \u00ab\u00a0l&rsquo;organisation de manifestations livresques au niveau local, national et international\u00a0\u00bb, cr\u00e9ant ainsi des espaces d&rsquo;\u00e9change et de visibilit\u00e9 pour les acteurs du secteur. M. Ballalou a \u00e9galement r\u00e9v\u00e9l\u00e9 que son minist\u00e8re \u00ab\u00a0\u0153uvre \u00e0 la mise en place d&rsquo;espaces d\u00e9di\u00e9s \u00e0 la lecture \u00e0 travers les diff\u00e9rentes r\u00e9gions du pays\u00a0\u00bb, une initiative qui vise \u00e0 d\u00e9mocratiser l&rsquo;acc\u00e8s au livre et \u00e0 ancrer la pratique de la lecture dans les habitudes culturelles des Alg\u00e9riens.<\/p>\n\n\n\n<p>Dans une perspective plus structurelle, le ministre a rappel\u00e9 \u00ab\u00a0la poursuite de l&rsquo;instauration de bases et de r\u00e8gles organisationnelles visant \u00e0 structurer la fili\u00e8re du livre et \u00e0 la professionnaliser davantage, dans un climat incitant les jeunes \u00e9diteurs \u00e0 la cr\u00e9ativit\u00e9\u00a0\u00bb. Cette dimension r\u00e9glementaire a \u00e9t\u00e9 approfondie par M. Tidjani Tama, directeur central du livre au minist\u00e8re de la Culture et des Arts, qui a pr\u00e9sent\u00e9 aux participants \u00ab\u00a0un ensemble de lois et de d\u00e9crets ex\u00e9cutifs r\u00e9gissant les activit\u00e9s d&rsquo;\u00e9dition et l&rsquo;industrie du livre en Alg\u00e9rie\u00a0\u00bb, invitant les jeunes \u00e9diteurs \u00e0 se familiariser avec ce cadre juridique qui d\u00e9finit leurs droits et obligations.<\/p>\n\n\n\n<p>Le colloque a \u00e9galement \u00e9t\u00e9 ponctu\u00e9 par plusieurs interventions portant sur des th\u00e9matiques d&rsquo;actualit\u00e9, refl\u00e9tant les pr\u00e9occupations et les enjeux du secteur. La question de \u00ab\u00a0l&rsquo;\u00e9dition \u00e0 l&rsquo;\u00e8re de la num\u00e9risation\u00a0\u00bb a notamment fait l&rsquo;objet de discussions approfondies, t\u00e9moignant des d\u00e9fis technologiques auxquels font face les acteurs traditionnels de l&rsquo;\u00e9dition. Les participants ont \u00e9galement pu d\u00e9couvrir \u00ab\u00a0la contribution de l&rsquo;Entreprise nationale des arts graphiques (ENAG) \u00e0 la promotion du livre et \u00e0 la protection des \u0153uvres litt\u00e9raires\u00a0\u00bb, soulignant le r\u00f4le crucial que jouent les institutions publiques dans la cha\u00eene du livre. Les \u00ab\u00a0m\u00e9canismes de soutien au livre\u00a0\u00bb ont aussi \u00e9t\u00e9 abord\u00e9s, offrant aux jeunes \u00e9diteurs un aper\u00e7u des dispositifs existants pour accompagner leurs projets.<\/p>\n\n\n\n<p>En parall\u00e8le des conf\u00e9rences et d\u00e9bats, un salon des jeunes \u00e9diteurs a \u00e9t\u00e9 organis\u00e9, offrant une vitrine aux productions \u00e9ditoriales r\u00e9centes et permettant des \u00e9changes directs entre \u00e9diteurs, auteurs et lecteurs. Cette dimension pratique du forum traduit la volont\u00e9 des organisateurs de ne pas limiter l&rsquo;\u00e9v\u00e9nement \u00e0 sa dimension th\u00e9orique, mais d&rsquo;en faire un v\u00e9ritable outil au service du d\u00e9veloppement du secteur.<\/p>\n\n\n\n<p>Ce forum national des jeunes \u00e9diteurs s&rsquo;inscrit dans une politique culturelle plus large visant \u00e0 renforcer l&rsquo;industrie du livre alg\u00e9rien, \u00e0 professionnaliser ses acteurs et \u00e0 \u00e9largir son audience, tant au niveau national qu&rsquo;international. Il t\u00e9moigne de la reconnaissance du r\u00f4le fondamental que joue l&rsquo;\u00e9dition dans la pr\u00e9servation et la diffusion du patrimoine culturel alg\u00e9rien, ainsi que dans la promotion de la cr\u00e9ation contemporaine.<\/p>\n\n\n\n<p>Mohand Seghir<\/p>\n","protected":false},"excerpt":{"rendered":"<p>Le forum national des jeunes \u00e9diteurs a ouvert ses portes mardi au Palais de la Culture \u00ab\u00a0Moufdi Zakaria\u00a0\u00bb \u00e0 Alger,<\/p>\n","protected":false},"author":6,"featured_media":67749,"comment_status":"open","ping_status":"closed","sticky":false,"template":"","format":"standard","meta":{"colormag_page_container_layout":"default_layout","colormag_page_sidebar_layout":"default_layout","om_disable_all_campaigns":false,"_monsterinsights_skip_tracking":false,"_monsterinsights_sitenote_active":false,"_monsterinsights_sitenote_note":"","_monsterinsights_sitenote_category":0,"footnotes":"","_wpscppro_dont_share_socialmedia":false,"_wpscppro_custom_social_share_image":0,"_facebook_share_type":"default","_twitter_share_type":"default","_linkedin_share_type":"default","_pinterest_share_type":"default","_linkedin_share_type_page":"","_instagram_share_type":"default","_medium_share_type":"default","_threads_share_type":"","_google_business_share_type":"","_selected_social_profile":[],"_wpsp_enable_custom_social_template":false,"_wpsp_social_scheduling":{"enabled":false,"datetime":null,"platforms":[],"status":"template_only","dateOption":"today","timeOption":"now","customDays":"","customHours":"","customDate":"","customTime":"","schedulingType":"absolute"},"_wpsp_active_default_template":true},"categories":[36],"tags":[],"class_list":["post-67748","post","type-post","status-publish","format-standard","has-post-thumbnail","hentry","category-culture"],"aioseo_notices":[],"yoast_head":"<!-- This site is optimized with the Yoast SEO plugin v27.4 - https:\/\/yoast.com\/product\/yoast-seo-wordpress\/ -->\n<title>Forum national des jeunes \u00e9diteurs : Vers une restructuration du monde de l&rsquo;\u00e9dition - La Sentinelle<\/title>\n<meta name=\"robots\" content=\"index, follow, max-snippet:-1, max-image-preview:large, max-video-preview:-1\" \/>\n<link rel=\"canonical\" href=\"https:\/\/lasentinelle.dz\/index.php\/2025\/05\/22\/forum-national-des-jeunes-editeurs-vers-une-restructuration-du-monde-de-ledition\/\" \/>\n<meta property=\"og:locale\" content=\"fr_FR\" \/>\n<meta property=\"og:type\" content=\"article\" \/>\n<meta property=\"og:title\" content=\"Forum national des jeunes \u00e9diteurs : Vers une restructuration du monde de l&rsquo;\u00e9dition - La Sentinelle\" \/>\n<meta property=\"og:description\" content=\"Le forum national des jeunes \u00e9diteurs a ouvert ses portes mardi au Palais de la Culture \u00ab\u00a0Moufdi Zakaria\u00a0\u00bb \u00e0 Alger,\" \/>\n<meta property=\"og:url\" content=\"https:\/\/lasentinelle.dz\/index.php\/2025\/05\/22\/forum-national-des-jeunes-editeurs-vers-une-restructuration-du-monde-de-ledition\/\" \/>\n<meta property=\"og:site_name\" content=\"La Sentinelle\" \/>\n<meta property=\"article:publisher\" content=\"https:\/\/www.facebook.com\/La-Sentinelle-104059864394773\" \/>\n<meta property=\"article:published_time\" content=\"2025-05-22T11:09:18+00:00\" \/>\n<meta property=\"article:modified_time\" content=\"2025-05-24T11:09:53+00:00\" \/>\n<meta property=\"og:image\" content=\"https:\/\/lasentinelle.dz\/wp-content\/uploads\/2025\/05\/forum-editeurs.jpg\" \/>\n\t<meta property=\"og:image:width\" content=\"1280\" \/>\n\t<meta property=\"og:image:height\" content=\"720\" \/>\n\t<meta property=\"og:image:type\" content=\"image\/jpeg\" \/>\n<meta name=\"author\" content=\"admin\" \/>\n<meta name=\"twitter:card\" content=\"summary_large_image\" \/>\n<meta name=\"twitter:label1\" content=\"\u00c9crit par\" \/>\n\t<meta name=\"twitter:data1\" content=\"admin\" \/>\n\t<meta name=\"twitter:label2\" content=\"Dur\u00e9e de lecture estim\u00e9e\" \/>\n\t<meta name=\"twitter:data2\" content=\"4 minutes\" \/>\n<script type=\"application\/ld+json\" class=\"yoast-schema-graph\">{\"@context\":\"https:\\\/\\\/schema.org\",\"@graph\":[{\"@type\":\"Article\",\"@id\":\"https:\\\/\\\/lasentinelle.dz\\\/index.php\\\/2025\\\/05\\\/22\\\/forum-national-des-jeunes-editeurs-vers-une-restructuration-du-monde-de-ledition\\\/#article\",\"isPartOf\":{\"@id\":\"https:\\\/\\\/lasentinelle.dz\\\/index.php\\\/2025\\\/05\\\/22\\\/forum-national-des-jeunes-editeurs-vers-une-restructuration-du-monde-de-ledition\\\/\"},\"author\":{\"name\":\"admin\",\"@id\":\"https:\\\/\\\/lasentinelle.dz\\\/#\\\/schema\\\/person\\\/729ee0024f24e0b8c5ec17232f8e8b41\"},\"headline\":\"Forum national des jeunes \u00e9diteurs : Vers une restructuration du monde de l&rsquo;\u00e9dition\",\"datePublished\":\"2025-05-22T11:09:18+00:00\",\"dateModified\":\"2025-05-24T11:09:53+00:00\",\"mainEntityOfPage\":{\"@id\":\"https:\\\/\\\/lasentinelle.dz\\\/index.php\\\/2025\\\/05\\\/22\\\/forum-national-des-jeunes-editeurs-vers-une-restructuration-du-monde-de-ledition\\\/\"},\"wordCount\":727,\"commentCount\":0,\"publisher\":{\"@id\":\"https:\\\/\\\/lasentinelle.dz\\\/#organization\"},\"image\":{\"@id\":\"https:\\\/\\\/lasentinelle.dz\\\/index.php\\\/2025\\\/05\\\/22\\\/forum-national-des-jeunes-editeurs-vers-une-restructuration-du-monde-de-ledition\\\/#primaryimage\"},\"thumbnailUrl\":\"https:\\\/\\\/lasentinelle.dz\\\/wp-content\\\/uploads\\\/2025\\\/05\\\/forum-editeurs.jpg\",\"articleSection\":[\"Culture\"],\"inLanguage\":\"fr-FR\",\"potentialAction\":[{\"@type\":\"CommentAction\",\"name\":\"Comment\",\"target\":[\"https:\\\/\\\/lasentinelle.dz\\\/index.php\\\/2025\\\/05\\\/22\\\/forum-national-des-jeunes-editeurs-vers-une-restructuration-du-monde-de-ledition\\\/#respond\"]}]},{\"@type\":\"WebPage\",\"@id\":\"https:\\\/\\\/lasentinelle.dz\\\/index.php\\\/2025\\\/05\\\/22\\\/forum-national-des-jeunes-editeurs-vers-une-restructuration-du-monde-de-ledition\\\/\",\"url\":\"https:\\\/\\\/lasentinelle.dz\\\/index.php\\\/2025\\\/05\\\/22\\\/forum-national-des-jeunes-editeurs-vers-une-restructuration-du-monde-de-ledition\\\/\",\"name\":\"Forum national des jeunes \u00e9diteurs : Vers une restructuration du monde de l&rsquo;\u00e9dition - La Sentinelle\",\"isPartOf\":{\"@id\":\"https:\\\/\\\/lasentinelle.dz\\\/#website\"},\"primaryImageOfPage\":{\"@id\":\"https:\\\/\\\/lasentinelle.dz\\\/index.php\\\/2025\\\/05\\\/22\\\/forum-national-des-jeunes-editeurs-vers-une-restructuration-du-monde-de-ledition\\\/#primaryimage\"},\"image\":{\"@id\":\"https:\\\/\\\/lasentinelle.dz\\\/index.php\\\/2025\\\/05\\\/22\\\/forum-national-des-jeunes-editeurs-vers-une-restructuration-du-monde-de-ledition\\\/#primaryimage\"},\"thumbnailUrl\":\"https:\\\/\\\/lasentinelle.dz\\\/wp-content\\\/uploads\\\/2025\\\/05\\\/forum-editeurs.jpg\",\"datePublished\":\"2025-05-22T11:09:18+00:00\",\"dateModified\":\"2025-05-24T11:09:53+00:00\",\"breadcrumb\":{\"@id\":\"https:\\\/\\\/lasentinelle.dz\\\/index.php\\\/2025\\\/05\\\/22\\\/forum-national-des-jeunes-editeurs-vers-une-restructuration-du-monde-de-ledition\\\/#breadcrumb\"},\"inLanguage\":\"fr-FR\",\"potentialAction\":[{\"@type\":\"ReadAction\",\"target\":[\"https:\\\/\\\/lasentinelle.dz\\\/index.php\\\/2025\\\/05\\\/22\\\/forum-national-des-jeunes-editeurs-vers-une-restructuration-du-monde-de-ledition\\\/\"]}]},{\"@type\":\"ImageObject\",\"inLanguage\":\"fr-FR\",\"@id\":\"https:\\\/\\\/lasentinelle.dz\\\/index.php\\\/2025\\\/05\\\/22\\\/forum-national-des-jeunes-editeurs-vers-une-restructuration-du-monde-de-ledition\\\/#primaryimage\",\"url\":\"https:\\\/\\\/lasentinelle.dz\\\/wp-content\\\/uploads\\\/2025\\\/05\\\/forum-editeurs.jpg\",\"contentUrl\":\"https:\\\/\\\/lasentinelle.dz\\\/wp-content\\\/uploads\\\/2025\\\/05\\\/forum-editeurs.jpg\",\"width\":1280,\"height\":720},{\"@type\":\"BreadcrumbList\",\"@id\":\"https:\\\/\\\/lasentinelle.dz\\\/index.php\\\/2025\\\/05\\\/22\\\/forum-national-des-jeunes-editeurs-vers-une-restructuration-du-monde-de-ledition\\\/#breadcrumb\",\"itemListElement\":[{\"@type\":\"ListItem\",\"position\":1,\"name\":\"Accueil\",\"item\":\"https:\\\/\\\/lasentinelle.dz\\\/\"},{\"@type\":\"ListItem\",\"position\":2,\"name\":\"Forum national des jeunes \u00e9diteurs : Vers une restructuration du monde de l&rsquo;\u00e9dition\"}]},{\"@type\":\"WebSite\",\"@id\":\"https:\\\/\\\/lasentinelle.dz\\\/#website\",\"url\":\"https:\\\/\\\/lasentinelle.dz\\\/\",\"name\":\"La Sentinelle\",\"description\":\"Quotidien national d&#039;information\",\"publisher\":{\"@id\":\"https:\\\/\\\/lasentinelle.dz\\\/#organization\"},\"potentialAction\":[{\"@type\":\"SearchAction\",\"target\":{\"@type\":\"EntryPoint\",\"urlTemplate\":\"https:\\\/\\\/lasentinelle.dz\\\/?s={search_term_string}\"},\"query-input\":{\"@type\":\"PropertyValueSpecification\",\"valueRequired\":true,\"valueName\":\"search_term_string\"}}],\"inLanguage\":\"fr-FR\"},{\"@type\":\"Organization\",\"@id\":\"https:\\\/\\\/lasentinelle.dz\\\/#organization\",\"name\":\"Quotidien La Sentinelle\",\"url\":\"https:\\\/\\\/lasentinelle.dz\\\/\",\"logo\":{\"@type\":\"ImageObject\",\"inLanguage\":\"fr-FR\",\"@id\":\"https:\\\/\\\/lasentinelle.dz\\\/#\\\/schema\\\/logo\\\/image\\\/\",\"url\":\"https:\\\/\\\/lasentinelle.dz\\\/wp-content\\\/uploads\\\/2021\\\/09\\\/logo-sentinelleSLOGAN-1.png\",\"contentUrl\":\"https:\\\/\\\/lasentinelle.dz\\\/wp-content\\\/uploads\\\/2021\\\/09\\\/logo-sentinelleSLOGAN-1.png\",\"width\":615,\"height\":142,\"caption\":\"Quotidien La Sentinelle\"},\"image\":{\"@id\":\"https:\\\/\\\/lasentinelle.dz\\\/#\\\/schema\\\/logo\\\/image\\\/\"},\"sameAs\":[\"https:\\\/\\\/www.facebook.com\\\/La-Sentinelle-104059864394773\"]},{\"@type\":\"Person\",\"@id\":\"https:\\\/\\\/lasentinelle.dz\\\/#\\\/schema\\\/person\\\/729ee0024f24e0b8c5ec17232f8e8b41\",\"name\":\"admin\",\"image\":{\"@type\":\"ImageObject\",\"inLanguage\":\"fr-FR\",\"@id\":\"https:\\\/\\\/secure.gravatar.com\\\/avatar\\\/4c81fed838786e9b53f540bf46533e750f5d292099ae3b66cfc6fb1982e29df7?s=96&d=mm&r=g\",\"url\":\"https:\\\/\\\/secure.gravatar.com\\\/avatar\\\/4c81fed838786e9b53f540bf46533e750f5d292099ae3b66cfc6fb1982e29df7?s=96&d=mm&r=g\",\"contentUrl\":\"https:\\\/\\\/secure.gravatar.com\\\/avatar\\\/4c81fed838786e9b53f540bf46533e750f5d292099ae3b66cfc6fb1982e29df7?s=96&d=mm&r=g\",\"caption\":\"admin\"},\"description\":\"admin\",\"url\":\"https:\\\/\\\/lasentinelle.dz\\\/author\\\/admin\\\/\"}]}<\/script>\n<!-- \/ Yoast SEO plugin. -->","yoast_head_json":{"title":"Forum national des jeunes \u00e9diteurs : Vers une restructuration du monde de l&rsquo;\u00e9dition - La Sentinelle","robots":{"index":"index","follow":"follow","max-snippet":"max-snippet:-1","max-image-preview":"max-image-preview:large","max-video-preview":"max-video-preview:-1"},"canonical":"https:\/\/lasentinelle.dz\/index.php\/2025\/05\/22\/forum-national-des-jeunes-editeurs-vers-une-restructuration-du-monde-de-ledition\/","og_locale":"fr_FR","og_type":"article","og_title":"Forum national des jeunes \u00e9diteurs : Vers une restructuration du monde de l&rsquo;\u00e9dition - La Sentinelle","og_description":"Le forum national des jeunes \u00e9diteurs a ouvert ses portes mardi au Palais de la Culture \u00ab\u00a0Moufdi Zakaria\u00a0\u00bb \u00e0 Alger,","og_url":"https:\/\/lasentinelle.dz\/index.php\/2025\/05\/22\/forum-national-des-jeunes-editeurs-vers-une-restructuration-du-monde-de-ledition\/","og_site_name":"La Sentinelle","article_publisher":"https:\/\/www.facebook.com\/La-Sentinelle-104059864394773","article_published_time":"2025-05-22T11:09:18+00:00","article_modified_time":"2025-05-24T11:09:53+00:00","og_image":[{"width":1280,"height":720,"url":"https:\/\/lasentinelle.dz\/wp-content\/uploads\/2025\/05\/forum-editeurs.jpg","type":"image\/jpeg"}],"author":"admin","twitter_card":"summary_large_image","twitter_misc":{"\u00c9crit par":"admin","Dur\u00e9e de lecture estim\u00e9e":"4 minutes"},"schema":{"@context":"https:\/\/schema.org","@graph":[{"@type":"Article","@id":"https:\/\/lasentinelle.dz\/index.php\/2025\/05\/22\/forum-national-des-jeunes-editeurs-vers-une-restructuration-du-monde-de-ledition\/#article","isPartOf":{"@id":"https:\/\/lasentinelle.dz\/index.php\/2025\/05\/22\/forum-national-des-jeunes-editeurs-vers-une-restructuration-du-monde-de-ledition\/"},"author":{"name":"admin","@id":"https:\/\/lasentinelle.dz\/#\/schema\/person\/729ee0024f24e0b8c5ec17232f8e8b41"},"headline":"Forum national des jeunes \u00e9diteurs : Vers une restructuration du monde de l&rsquo;\u00e9dition","datePublished":"2025-05-22T11:09:18+00:00","dateModified":"2025-05-24T11:09:53+00:00","mainEntityOfPage":{"@id":"https:\/\/lasentinelle.dz\/index.php\/2025\/05\/22\/forum-national-des-jeunes-editeurs-vers-une-restructuration-du-monde-de-ledition\/"},"wordCount":727,"commentCount":0,"publisher":{"@id":"https:\/\/lasentinelle.dz\/#organization"},"image":{"@id":"https:\/\/lasentinelle.dz\/index.php\/2025\/05\/22\/forum-national-des-jeunes-editeurs-vers-une-restructuration-du-monde-de-ledition\/#primaryimage"},"thumbnailUrl":"https:\/\/lasentinelle.dz\/wp-content\/uploads\/2025\/05\/forum-editeurs.jpg","articleSection":["Culture"],"inLanguage":"fr-FR","potentialAction":[{"@type":"CommentAction","name":"Comment","target":["https:\/\/lasentinelle.dz\/index.php\/2025\/05\/22\/forum-national-des-jeunes-editeurs-vers-une-restructuration-du-monde-de-ledition\/#respond"]}]},{"@type":"WebPage","@id":"https:\/\/lasentinelle.dz\/index.php\/2025\/05\/22\/forum-national-des-jeunes-editeurs-vers-une-restructuration-du-monde-de-ledition\/","url":"https:\/\/lasentinelle.dz\/index.php\/2025\/05\/22\/forum-national-des-jeunes-editeurs-vers-une-restructuration-du-monde-de-ledition\/","name":"Forum national des jeunes \u00e9diteurs : Vers une restructuration du monde de l&rsquo;\u00e9dition - La Sentinelle","isPartOf":{"@id":"https:\/\/lasentinelle.dz\/#website"},"primaryImageOfPage":{"@id":"https:\/\/lasentinelle.dz\/index.php\/2025\/05\/22\/forum-national-des-jeunes-editeurs-vers-une-restructuration-du-monde-de-ledition\/#primaryimage"},"image":{"@id":"https:\/\/lasentinelle.dz\/index.php\/2025\/05\/22\/forum-national-des-jeunes-editeurs-vers-une-restructuration-du-monde-de-ledition\/#primaryimage"},"thumbnailUrl":"https:\/\/lasentinelle.dz\/wp-content\/uploads\/2025\/05\/forum-editeurs.jpg","datePublished":"2025-05-22T11:09:18+00:00","dateModified":"2025-05-24T11:09:53+00:00","breadcrumb":{"@id":"https:\/\/lasentinelle.dz\/index.php\/2025\/05\/22\/forum-national-des-jeunes-editeurs-vers-une-restructuration-du-monde-de-ledition\/#breadcrumb"},"inLanguage":"fr-FR","potentialAction":[{"@type":"ReadAction","target":["https:\/\/lasentinelle.dz\/index.php\/2025\/05\/22\/forum-national-des-jeunes-editeurs-vers-une-restructuration-du-monde-de-ledition\/"]}]},{"@type":"ImageObject","inLanguage":"fr-FR","@id":"https:\/\/lasentinelle.dz\/index.php\/2025\/05\/22\/forum-national-des-jeunes-editeurs-vers-une-restructuration-du-monde-de-ledition\/#primaryimage","url":"https:\/\/lasentinelle.dz\/wp-content\/uploads\/2025\/05\/forum-editeurs.jpg","contentUrl":"https:\/\/lasentinelle.dz\/wp-content\/uploads\/2025\/05\/forum-editeurs.jpg","width":1280,"height":720},{"@type":"BreadcrumbList","@id":"https:\/\/lasentinelle.dz\/index.php\/2025\/05\/22\/forum-national-des-jeunes-editeurs-vers-une-restructuration-du-monde-de-ledition\/#breadcrumb","itemListElement":[{"@type":"ListItem","position":1,"name":"Accueil","item":"https:\/\/lasentinelle.dz\/"},{"@type":"ListItem","position":2,"name":"Forum national des jeunes \u00e9diteurs : Vers une restructuration du monde de l&rsquo;\u00e9dition"}]},{"@type":"WebSite","@id":"https:\/\/lasentinelle.dz\/#website","url":"https:\/\/lasentinelle.dz\/","name":"La Sentinelle","description":"Quotidien national d&#039;information","publisher":{"@id":"https:\/\/lasentinelle.dz\/#organization"},"potentialAction":[{"@type":"SearchAction","target":{"@type":"EntryPoint","urlTemplate":"https:\/\/lasentinelle.dz\/?s={search_term_string}"},"query-input":{"@type":"PropertyValueSpecification","valueRequired":true,"valueName":"search_term_string"}}],"inLanguage":"fr-FR"},{"@type":"Organization","@id":"https:\/\/lasentinelle.dz\/#organization","name":"Quotidien La Sentinelle","url":"https:\/\/lasentinelle.dz\/","logo":{"@type":"ImageObject","inLanguage":"fr-FR","@id":"https:\/\/lasentinelle.dz\/#\/schema\/logo\/image\/","url":"https:\/\/lasentinelle.dz\/wp-content\/uploads\/2021\/09\/logo-sentinelleSLOGAN-1.png","contentUrl":"https:\/\/lasentinelle.dz\/wp-content\/uploads\/2021\/09\/logo-sentinelleSLOGAN-1.png","width":615,"height":142,"caption":"Quotidien La Sentinelle"},"image":{"@id":"https:\/\/lasentinelle.dz\/#\/schema\/logo\/image\/"},"sameAs":["https:\/\/www.facebook.com\/La-Sentinelle-104059864394773"]},{"@type":"Person","@id":"https:\/\/lasentinelle.dz\/#\/schema\/person\/729ee0024f24e0b8c5ec17232f8e8b41","name":"admin","image":{"@type":"ImageObject","inLanguage":"fr-FR","@id":"https:\/\/secure.gravatar.com\/avatar\/4c81fed838786e9b53f540bf46533e750f5d292099ae3b66cfc6fb1982e29df7?s=96&d=mm&r=g","url":"https:\/\/secure.gravatar.com\/avatar\/4c81fed838786e9b53f540bf46533e750f5d292099ae3b66cfc6fb1982e29df7?s=96&d=mm&r=g","contentUrl":"https:\/\/secure.gravatar.com\/avatar\/4c81fed838786e9b53f540bf46533e750f5d292099ae3b66cfc6fb1982e29df7?s=96&d=mm&r=g","caption":"admin"},"description":"admin","url":"https:\/\/lasentinelle.dz\/author\/admin\/"}]}},"_links":{"self":[{"href":"https:\/\/lasentinelle.dz\/index.php\/wp-json\/wp\/v2\/posts\/67748","targetHints":{"allow":["GET"]}}],"collection":[{"href":"https:\/\/lasentinelle.dz\/index.php\/wp-json\/wp\/v2\/posts"}],"about":[{"href":"https:\/\/lasentinelle.dz\/index.php\/wp-json\/wp\/v2\/types\/post"}],"author":[{"embeddable":true,"href":"https:\/\/lasentinelle.dz\/index.php\/wp-json\/wp\/v2\/users\/6"}],"replies":[{"embeddable":true,"href":"https:\/\/lasentinelle.dz\/index.php\/wp-json\/wp\/v2\/comments?post=67748"}],"version-history":[{"count":2,"href":"https:\/\/lasentinelle.dz\/index.php\/wp-json\/wp\/v2\/posts\/67748\/revisions"}],"predecessor-version":[{"id":67751,"href":"https:\/\/lasentinelle.dz\/index.php\/wp-json\/wp\/v2\/posts\/67748\/revisions\/67751"}],"wp:featuredmedia":[{"embeddable":true,"href":"https:\/\/lasentinelle.dz\/index.php\/wp-json\/wp\/v2\/media\/67749"}],"wp:attachment":[{"href":"https:\/\/lasentinelle.dz\/index.php\/wp-json\/wp\/v2\/media?parent=67748"}],"wp:term":[{"taxonomy":"category","embeddable":true,"href":"https:\/\/lasentinelle.dz\/index.php\/wp-json\/wp\/v2\/categories?post=67748"},{"taxonomy":"post_tag","embeddable":true,"href":"https:\/\/lasentinelle.dz\/index.php\/wp-json\/wp\/v2\/tags?post=67748"}],"curies":[{"name":"wp","href":"https:\/\/api.w.org\/{rel}","templated":true}]}}