{"id":67758,"date":"2025-05-22T12:12:11","date_gmt":"2025-05-22T11:12:11","guid":{"rendered":"https:\/\/lasentinelle.dz\/?p=67758"},"modified":"2025-05-24T12:13:04","modified_gmt":"2025-05-24T11:13:04","slug":"es-setif-djabou-claque-la-porte-apres-la-deroute-face-au-mca","status":"publish","type":"post","link":"https:\/\/lasentinelle.dz\/index.php\/2025\/05\/22\/es-setif-djabou-claque-la-porte-apres-la-deroute-face-au-mca\/","title":{"rendered":"ES S\u00e9tif: Djabou claque la porte apr\u00e8s la d\u00e9route face au MCA"},"content":{"rendered":"\n<p>Un nouveau coup dur frappe l&rsquo;ES S\u00e9tif. Au lendemain d&rsquo;une humiliante d\u00e9faite (4-1) face au MC Alger, Abdelmoumen Djabou, coordinateur g\u00e9n\u00e9ral du club, a annonc\u00e9 sa d\u00e9mission avec effet imm\u00e9diat. Cette d\u00e9cision, m\u00fbrement r\u00e9fl\u00e9chie selon l&rsquo;int\u00e9ress\u00e9, intervient dans un contexte sportif particuli\u00e8rement d\u00e9licat pour l&rsquo;Aigle Noir, englu\u00e9 dans une spirale n\u00e9gative qui l&rsquo;\u00e9loigne inexorablement du podium de la Ligue 1 Mobilis. \u00ab\u00a0Je vous confirme ma d\u00e9mission. J&rsquo;y pensais depuis un moment, mais les conditions du club m&rsquo;ont pouss\u00e9 \u00e0 la retarder. Le timing permet \u00e0 l&rsquo;administration de nommer un rempla\u00e7ant sans pression\u00a0\u00bb, a d\u00e9clar\u00e9 l&rsquo;ancien meneur de jeu s\u00e9tifien lors d&rsquo;un entretien accord\u00e9 \u00e0 Radio S\u00e9tif. Cette sortie m\u00e9diatique, empreinte d&rsquo;\u00e9motion, t\u00e9moigne du malaise qui r\u00e8gne actuellement au sein du club phare des Hauts Plateaux. Avec deux d\u00e9faites cons\u00e9cutives en championnat, l&rsquo;Entente stagne dangereusement \u00e0 la quatri\u00e8me place, \u00e0 \u00e9galit\u00e9 de points avec le Paradou AC (38 unit\u00e9s). Plus inqui\u00e9tant encore, l&rsquo;\u00e9cart avec le CR Belouizdad, actuel troisi\u00e8me, s&rsquo;est creus\u00e9 \u00e0 sept longueurs, compromettant s\u00e9rieusement les chances de qualification pour une comp\u00e9tition continentale la saison prochaine. Une situation intol\u00e9rable pour un club du standing de l&rsquo;ESS, habitu\u00e9 \u00e0 jouer les premiers r\u00f4les.<\/p>\n\n\n\n<p>Durant son passage \u00e0 la t\u00eate de la coordination g\u00e9n\u00e9rale, Djabou n&rsquo;a pas m\u00e9nag\u00e9 ses efforts pour redresser la barre. Sollicit\u00e9 par la direction pour participer activement au recrutement, l&rsquo;ancien international alg\u00e9rien a tent\u00e9 d&rsquo;apporter son expertise technique, malgr\u00e9 un champ d&rsquo;action limit\u00e9. \u00ab\u00a0Je n&rsquo;ai pas h\u00e9sit\u00e9 avec d&rsquo;anciens joueurs \u00e0 aider le club dans l&rsquo;op\u00e9ration du recrutement sur demande de la direction, m\u00eame si mon r\u00f4le se limitait \u00e0 celui de coordinateur g\u00e9n\u00e9ral\u00a0\u00bb, a-t-il soulign\u00e9, avant d&rsquo;\u00e9voquer les difficult\u00e9s rencontr\u00e9es lors du mercato hivernal : \u00ab\u00a0les choix \u00e9taient limit\u00e9s, et nous avons recrut\u00e9 trois joueurs selon notre connaissance du march\u00e9\u00a0\u00bb. Cette d\u00e9mission intervient \u00e0 un moment critique de la saison, alors qu&rsquo;il ne reste plus que quatre rencontres \u00e0 disputer. Un timing qui interroge, mais que l&rsquo;int\u00e9ress\u00e9 justifie par la n\u00e9cessit\u00e9 de provoquer un \u00e9lectrochoc au sein d&rsquo;un groupe apathique. En filigrane, on devine des tensions internes et des d\u00e9saccords profonds sur la politique sportive du club. La r\u00e9f\u00e9rence appuy\u00e9e \u00e0 \u00ab\u00a0l&rsquo;absence de troph\u00e9es depuis 2017\u00a0\u00bb r\u00e9sonne comme un reproche \u00e0 peine voil\u00e9 adress\u00e9 aux dirigeants incapables de maintenir l&rsquo;Entente au sommet du football alg\u00e9rien.<\/p>\n\n\n\n<p>Dans son message d&rsquo;adieu, Djabou n&rsquo;a pas oubli\u00e9 les supporters, v\u00e9ritables poumons du club. \u00ab\u00a0Nous avons relay\u00e9 toutes vos pr\u00e9occupations lors des r\u00e9unions avec les responsables. L&rsquo;administration a d\u00e9cid\u00e9 de revoir \u00e0 la hausse le plafond salarial d\u00e8s la saison prochaine\u00a0\u00bb, a-t-il r\u00e9v\u00e9l\u00e9, laissant entrevoir une possible restructuration financi\u00e8re pour la prochaine campagne. Une fa\u00e7on aussi de calmer la grogne montante des tribunes, exasp\u00e9r\u00e9es par les r\u00e9sultats en dents de scie. Enfant du club et figure embl\u00e9matique de l&rsquo;\u00e2ge d&rsquo;or s\u00e9tifien, Djabou quitte ses fonctions avec l&rsquo;amertume de n&rsquo;avoir pu inverser la tendance. \u00ab\u00a0J&rsquo;ai travaill\u00e9 avec sinc\u00e9rit\u00e9 depuis mon arriv\u00e9e. Je suis un enfant du club, je resterai toujours un fervent supporter de l&rsquo;Entente et je lui souhaite le meilleur\u00a0\u00bb, a-t-il conclu, la voix charg\u00e9e d&rsquo;\u00e9motion. Un d\u00e9part qui risque de plonger un peu plus dans la tourmente un club d\u00e9j\u00e0 fragilis\u00e9 par des r\u00e9sultats sportifs d\u00e9cevants et une gouvernance contest\u00e9e.<\/p>\n\n\n\n<p>M.D.<\/p>\n","protected":false},"excerpt":{"rendered":"<p>Un nouveau coup dur frappe l&rsquo;ES S\u00e9tif. Au lendemain d&rsquo;une humiliante d\u00e9faite (4-1) face au MC Alger, Abdelmoumen Djabou, coordinateur<\/p>\n","protected":false},"author":6,"featured_media":67759,"comment_status":"open","ping_status":"closed","sticky":false,"template":"","format":"standard","meta":{"colormag_page_container_layout":"default_layout","colormag_page_sidebar_layout":"default_layout","om_disable_all_campaigns":false,"_monsterinsights_skip_tracking":false,"_monsterinsights_sitenote_active":false,"_monsterinsights_sitenote_note":"","_monsterinsights_sitenote_category":0,"footnotes":"","_wpscppro_dont_share_socialmedia":false,"_wpscppro_custom_social_share_image":0,"_facebook_share_type":"default","_twitter_share_type":"default","_linkedin_share_type":"default","_pinterest_share_type":"default","_linkedin_share_type_page":"","_instagram_share_type":"default","_medium_share_type":"default","_threads_share_type":"","_google_business_share_type":"","_selected_social_profile":[],"_wpsp_enable_custom_social_template":false,"_wpsp_social_scheduling":{"enabled":false,"datetime":null,"platforms":[],"status":"template_only","dateOption":"today","timeOption":"now","customDays":"","customHours":"","customDate":"","customTime":"","schedulingType":"absolute"},"_wpsp_active_default_template":true},"categories":[33],"tags":[],"class_list":["post-67758","post","type-post","status-publish","format-standard","has-post-thumbnail","hentry","category-sports"],"aioseo_notices":[],"yoast_head":"<!-- This site is optimized with the Yoast SEO plugin v27.4 - https:\/\/yoast.com\/product\/yoast-seo-wordpress\/ -->\n<title>ES S\u00e9tif: Djabou claque la porte apr\u00e8s la d\u00e9route face au MCA - La Sentinelle<\/title>\n<meta name=\"robots\" content=\"index, follow, max-snippet:-1, max-image-preview:large, max-video-preview:-1\" \/>\n<link rel=\"canonical\" href=\"https:\/\/lasentinelle.dz\/index.php\/2025\/05\/22\/es-setif-djabou-claque-la-porte-apres-la-deroute-face-au-mca\/\" \/>\n<meta property=\"og:locale\" content=\"fr_FR\" \/>\n<meta property=\"og:type\" content=\"article\" \/>\n<meta property=\"og:title\" content=\"ES S\u00e9tif: Djabou claque la porte apr\u00e8s la d\u00e9route face au MCA - La Sentinelle\" \/>\n<meta property=\"og:description\" content=\"Un nouveau coup dur frappe l&rsquo;ES S\u00e9tif. Au lendemain d&rsquo;une humiliante d\u00e9faite (4-1) face au MC Alger, Abdelmoumen Djabou, coordinateur\" \/>\n<meta property=\"og:url\" content=\"https:\/\/lasentinelle.dz\/index.php\/2025\/05\/22\/es-setif-djabou-claque-la-porte-apres-la-deroute-face-au-mca\/\" \/>\n<meta property=\"og:site_name\" content=\"La Sentinelle\" \/>\n<meta property=\"article:publisher\" content=\"https:\/\/www.facebook.com\/La-Sentinelle-104059864394773\" \/>\n<meta property=\"article:published_time\" content=\"2025-05-22T11:12:11+00:00\" \/>\n<meta property=\"article:modified_time\" content=\"2025-05-24T11:13:04+00:00\" \/>\n<meta property=\"og:image\" content=\"https:\/\/lasentinelle.dz\/wp-content\/uploads\/2025\/05\/djabou.jpg\" \/>\n\t<meta property=\"og:image:width\" content=\"780\" \/>\n\t<meta property=\"og:image:height\" content=\"470\" \/>\n\t<meta property=\"og:image:type\" content=\"image\/jpeg\" \/>\n<meta name=\"author\" content=\"admin\" \/>\n<meta name=\"twitter:card\" content=\"summary_large_image\" \/>\n<meta name=\"twitter:label1\" content=\"\u00c9crit par\" \/>\n\t<meta name=\"twitter:data1\" content=\"admin\" \/>\n\t<meta name=\"twitter:label2\" content=\"Dur\u00e9e de lecture estim\u00e9e\" \/>\n\t<meta name=\"twitter:data2\" content=\"3 minutes\" \/>\n<script type=\"application\/ld+json\" class=\"yoast-schema-graph\">{\"@context\":\"https:\\\/\\\/schema.org\",\"@graph\":[{\"@type\":\"Article\",\"@id\":\"https:\\\/\\\/lasentinelle.dz\\\/index.php\\\/2025\\\/05\\\/22\\\/es-setif-djabou-claque-la-porte-apres-la-deroute-face-au-mca\\\/#article\",\"isPartOf\":{\"@id\":\"https:\\\/\\\/lasentinelle.dz\\\/index.php\\\/2025\\\/05\\\/22\\\/es-setif-djabou-claque-la-porte-apres-la-deroute-face-au-mca\\\/\"},\"author\":{\"name\":\"admin\",\"@id\":\"https:\\\/\\\/lasentinelle.dz\\\/#\\\/schema\\\/person\\\/729ee0024f24e0b8c5ec17232f8e8b41\"},\"headline\":\"ES S\u00e9tif: Djabou claque la porte apr\u00e8s la d\u00e9route face au MCA\",\"datePublished\":\"2025-05-22T11:12:11+00:00\",\"dateModified\":\"2025-05-24T11:13:04+00:00\",\"mainEntityOfPage\":{\"@id\":\"https:\\\/\\\/lasentinelle.dz\\\/index.php\\\/2025\\\/05\\\/22\\\/es-setif-djabou-claque-la-porte-apres-la-deroute-face-au-mca\\\/\"},\"wordCount\":643,\"commentCount\":0,\"publisher\":{\"@id\":\"https:\\\/\\\/lasentinelle.dz\\\/#organization\"},\"image\":{\"@id\":\"https:\\\/\\\/lasentinelle.dz\\\/index.php\\\/2025\\\/05\\\/22\\\/es-setif-djabou-claque-la-porte-apres-la-deroute-face-au-mca\\\/#primaryimage\"},\"thumbnailUrl\":\"https:\\\/\\\/lasentinelle.dz\\\/wp-content\\\/uploads\\\/2025\\\/05\\\/djabou.jpg\",\"articleSection\":[\"Sports\"],\"inLanguage\":\"fr-FR\",\"potentialAction\":[{\"@type\":\"CommentAction\",\"name\":\"Comment\",\"target\":[\"https:\\\/\\\/lasentinelle.dz\\\/index.php\\\/2025\\\/05\\\/22\\\/es-setif-djabou-claque-la-porte-apres-la-deroute-face-au-mca\\\/#respond\"]}]},{\"@type\":\"WebPage\",\"@id\":\"https:\\\/\\\/lasentinelle.dz\\\/index.php\\\/2025\\\/05\\\/22\\\/es-setif-djabou-claque-la-porte-apres-la-deroute-face-au-mca\\\/\",\"url\":\"https:\\\/\\\/lasentinelle.dz\\\/index.php\\\/2025\\\/05\\\/22\\\/es-setif-djabou-claque-la-porte-apres-la-deroute-face-au-mca\\\/\",\"name\":\"ES S\u00e9tif: Djabou claque la porte apr\u00e8s la d\u00e9route face au MCA - La Sentinelle\",\"isPartOf\":{\"@id\":\"https:\\\/\\\/lasentinelle.dz\\\/#website\"},\"primaryImageOfPage\":{\"@id\":\"https:\\\/\\\/lasentinelle.dz\\\/index.php\\\/2025\\\/05\\\/22\\\/es-setif-djabou-claque-la-porte-apres-la-deroute-face-au-mca\\\/#primaryimage\"},\"image\":{\"@id\":\"https:\\\/\\\/lasentinelle.dz\\\/index.php\\\/2025\\\/05\\\/22\\\/es-setif-djabou-claque-la-porte-apres-la-deroute-face-au-mca\\\/#primaryimage\"},\"thumbnailUrl\":\"https:\\\/\\\/lasentinelle.dz\\\/wp-content\\\/uploads\\\/2025\\\/05\\\/djabou.jpg\",\"datePublished\":\"2025-05-22T11:12:11+00:00\",\"dateModified\":\"2025-05-24T11:13:04+00:00\",\"breadcrumb\":{\"@id\":\"https:\\\/\\\/lasentinelle.dz\\\/index.php\\\/2025\\\/05\\\/22\\\/es-setif-djabou-claque-la-porte-apres-la-deroute-face-au-mca\\\/#breadcrumb\"},\"inLanguage\":\"fr-FR\",\"potentialAction\":[{\"@type\":\"ReadAction\",\"target\":[\"https:\\\/\\\/lasentinelle.dz\\\/index.php\\\/2025\\\/05\\\/22\\\/es-setif-djabou-claque-la-porte-apres-la-deroute-face-au-mca\\\/\"]}]},{\"@type\":\"ImageObject\",\"inLanguage\":\"fr-FR\",\"@id\":\"https:\\\/\\\/lasentinelle.dz\\\/index.php\\\/2025\\\/05\\\/22\\\/es-setif-djabou-claque-la-porte-apres-la-deroute-face-au-mca\\\/#primaryimage\",\"url\":\"https:\\\/\\\/lasentinelle.dz\\\/wp-content\\\/uploads\\\/2025\\\/05\\\/djabou.jpg\",\"contentUrl\":\"https:\\\/\\\/lasentinelle.dz\\\/wp-content\\\/uploads\\\/2025\\\/05\\\/djabou.jpg\",\"width\":780,\"height\":470},{\"@type\":\"BreadcrumbList\",\"@id\":\"https:\\\/\\\/lasentinelle.dz\\\/index.php\\\/2025\\\/05\\\/22\\\/es-setif-djabou-claque-la-porte-apres-la-deroute-face-au-mca\\\/#breadcrumb\",\"itemListElement\":[{\"@type\":\"ListItem\",\"position\":1,\"name\":\"Accueil\",\"item\":\"https:\\\/\\\/lasentinelle.dz\\\/\"},{\"@type\":\"ListItem\",\"position\":2,\"name\":\"ES S\u00e9tif: Djabou claque la porte apr\u00e8s la d\u00e9route face au MCA\"}]},{\"@type\":\"WebSite\",\"@id\":\"https:\\\/\\\/lasentinelle.dz\\\/#website\",\"url\":\"https:\\\/\\\/lasentinelle.dz\\\/\",\"name\":\"La Sentinelle\",\"description\":\"Quotidien national d&#039;information\",\"publisher\":{\"@id\":\"https:\\\/\\\/lasentinelle.dz\\\/#organization\"},\"potentialAction\":[{\"@type\":\"SearchAction\",\"target\":{\"@type\":\"EntryPoint\",\"urlTemplate\":\"https:\\\/\\\/lasentinelle.dz\\\/?s={search_term_string}\"},\"query-input\":{\"@type\":\"PropertyValueSpecification\",\"valueRequired\":true,\"valueName\":\"search_term_string\"}}],\"inLanguage\":\"fr-FR\"},{\"@type\":\"Organization\",\"@id\":\"https:\\\/\\\/lasentinelle.dz\\\/#organization\",\"name\":\"Quotidien La Sentinelle\",\"url\":\"https:\\\/\\\/lasentinelle.dz\\\/\",\"logo\":{\"@type\":\"ImageObject\",\"inLanguage\":\"fr-FR\",\"@id\":\"https:\\\/\\\/lasentinelle.dz\\\/#\\\/schema\\\/logo\\\/image\\\/\",\"url\":\"https:\\\/\\\/lasentinelle.dz\\\/wp-content\\\/uploads\\\/2021\\\/09\\\/logo-sentinelleSLOGAN-1.png\",\"contentUrl\":\"https:\\\/\\\/lasentinelle.dz\\\/wp-content\\\/uploads\\\/2021\\\/09\\\/logo-sentinelleSLOGAN-1.png\",\"width\":615,\"height\":142,\"caption\":\"Quotidien La Sentinelle\"},\"image\":{\"@id\":\"https:\\\/\\\/lasentinelle.dz\\\/#\\\/schema\\\/logo\\\/image\\\/\"},\"sameAs\":[\"https:\\\/\\\/www.facebook.com\\\/La-Sentinelle-104059864394773\"]},{\"@type\":\"Person\",\"@id\":\"https:\\\/\\\/lasentinelle.dz\\\/#\\\/schema\\\/person\\\/729ee0024f24e0b8c5ec17232f8e8b41\",\"name\":\"admin\",\"image\":{\"@type\":\"ImageObject\",\"inLanguage\":\"fr-FR\",\"@id\":\"https:\\\/\\\/secure.gravatar.com\\\/avatar\\\/4c81fed838786e9b53f540bf46533e750f5d292099ae3b66cfc6fb1982e29df7?s=96&d=mm&r=g\",\"url\":\"https:\\\/\\\/secure.gravatar.com\\\/avatar\\\/4c81fed838786e9b53f540bf46533e750f5d292099ae3b66cfc6fb1982e29df7?s=96&d=mm&r=g\",\"contentUrl\":\"https:\\\/\\\/secure.gravatar.com\\\/avatar\\\/4c81fed838786e9b53f540bf46533e750f5d292099ae3b66cfc6fb1982e29df7?s=96&d=mm&r=g\",\"caption\":\"admin\"},\"description\":\"admin\",\"url\":\"https:\\\/\\\/lasentinelle.dz\\\/author\\\/admin\\\/\"}]}<\/script>\n<!-- \/ Yoast SEO plugin. -->","yoast_head_json":{"title":"ES S\u00e9tif: Djabou claque la porte apr\u00e8s la d\u00e9route face au MCA - La Sentinelle","robots":{"index":"index","follow":"follow","max-snippet":"max-snippet:-1","max-image-preview":"max-image-preview:large","max-video-preview":"max-video-preview:-1"},"canonical":"https:\/\/lasentinelle.dz\/index.php\/2025\/05\/22\/es-setif-djabou-claque-la-porte-apres-la-deroute-face-au-mca\/","og_locale":"fr_FR","og_type":"article","og_title":"ES S\u00e9tif: Djabou claque la porte apr\u00e8s la d\u00e9route face au MCA - La Sentinelle","og_description":"Un nouveau coup dur frappe l&rsquo;ES S\u00e9tif. Au lendemain d&rsquo;une humiliante d\u00e9faite (4-1) face au MC Alger, Abdelmoumen Djabou, coordinateur","og_url":"https:\/\/lasentinelle.dz\/index.php\/2025\/05\/22\/es-setif-djabou-claque-la-porte-apres-la-deroute-face-au-mca\/","og_site_name":"La Sentinelle","article_publisher":"https:\/\/www.facebook.com\/La-Sentinelle-104059864394773","article_published_time":"2025-05-22T11:12:11+00:00","article_modified_time":"2025-05-24T11:13:04+00:00","og_image":[{"width":780,"height":470,"url":"https:\/\/lasentinelle.dz\/wp-content\/uploads\/2025\/05\/djabou.jpg","type":"image\/jpeg"}],"author":"admin","twitter_card":"summary_large_image","twitter_misc":{"\u00c9crit par":"admin","Dur\u00e9e de lecture estim\u00e9e":"3 minutes"},"schema":{"@context":"https:\/\/schema.org","@graph":[{"@type":"Article","@id":"https:\/\/lasentinelle.dz\/index.php\/2025\/05\/22\/es-setif-djabou-claque-la-porte-apres-la-deroute-face-au-mca\/#article","isPartOf":{"@id":"https:\/\/lasentinelle.dz\/index.php\/2025\/05\/22\/es-setif-djabou-claque-la-porte-apres-la-deroute-face-au-mca\/"},"author":{"name":"admin","@id":"https:\/\/lasentinelle.dz\/#\/schema\/person\/729ee0024f24e0b8c5ec17232f8e8b41"},"headline":"ES S\u00e9tif: Djabou claque la porte apr\u00e8s la d\u00e9route face au MCA","datePublished":"2025-05-22T11:12:11+00:00","dateModified":"2025-05-24T11:13:04+00:00","mainEntityOfPage":{"@id":"https:\/\/lasentinelle.dz\/index.php\/2025\/05\/22\/es-setif-djabou-claque-la-porte-apres-la-deroute-face-au-mca\/"},"wordCount":643,"commentCount":0,"publisher":{"@id":"https:\/\/lasentinelle.dz\/#organization"},"image":{"@id":"https:\/\/lasentinelle.dz\/index.php\/2025\/05\/22\/es-setif-djabou-claque-la-porte-apres-la-deroute-face-au-mca\/#primaryimage"},"thumbnailUrl":"https:\/\/lasentinelle.dz\/wp-content\/uploads\/2025\/05\/djabou.jpg","articleSection":["Sports"],"inLanguage":"fr-FR","potentialAction":[{"@type":"CommentAction","name":"Comment","target":["https:\/\/lasentinelle.dz\/index.php\/2025\/05\/22\/es-setif-djabou-claque-la-porte-apres-la-deroute-face-au-mca\/#respond"]}]},{"@type":"WebPage","@id":"https:\/\/lasentinelle.dz\/index.php\/2025\/05\/22\/es-setif-djabou-claque-la-porte-apres-la-deroute-face-au-mca\/","url":"https:\/\/lasentinelle.dz\/index.php\/2025\/05\/22\/es-setif-djabou-claque-la-porte-apres-la-deroute-face-au-mca\/","name":"ES S\u00e9tif: Djabou claque la porte apr\u00e8s la d\u00e9route face au MCA - La Sentinelle","isPartOf":{"@id":"https:\/\/lasentinelle.dz\/#website"},"primaryImageOfPage":{"@id":"https:\/\/lasentinelle.dz\/index.php\/2025\/05\/22\/es-setif-djabou-claque-la-porte-apres-la-deroute-face-au-mca\/#primaryimage"},"image":{"@id":"https:\/\/lasentinelle.dz\/index.php\/2025\/05\/22\/es-setif-djabou-claque-la-porte-apres-la-deroute-face-au-mca\/#primaryimage"},"thumbnailUrl":"https:\/\/lasentinelle.dz\/wp-content\/uploads\/2025\/05\/djabou.jpg","datePublished":"2025-05-22T11:12:11+00:00","dateModified":"2025-05-24T11:13:04+00:00","breadcrumb":{"@id":"https:\/\/lasentinelle.dz\/index.php\/2025\/05\/22\/es-setif-djabou-claque-la-porte-apres-la-deroute-face-au-mca\/#breadcrumb"},"inLanguage":"fr-FR","potentialAction":[{"@type":"ReadAction","target":["https:\/\/lasentinelle.dz\/index.php\/2025\/05\/22\/es-setif-djabou-claque-la-porte-apres-la-deroute-face-au-mca\/"]}]},{"@type":"ImageObject","inLanguage":"fr-FR","@id":"https:\/\/lasentinelle.dz\/index.php\/2025\/05\/22\/es-setif-djabou-claque-la-porte-apres-la-deroute-face-au-mca\/#primaryimage","url":"https:\/\/lasentinelle.dz\/wp-content\/uploads\/2025\/05\/djabou.jpg","contentUrl":"https:\/\/lasentinelle.dz\/wp-content\/uploads\/2025\/05\/djabou.jpg","width":780,"height":470},{"@type":"BreadcrumbList","@id":"https:\/\/lasentinelle.dz\/index.php\/2025\/05\/22\/es-setif-djabou-claque-la-porte-apres-la-deroute-face-au-mca\/#breadcrumb","itemListElement":[{"@type":"ListItem","position":1,"name":"Accueil","item":"https:\/\/lasentinelle.dz\/"},{"@type":"ListItem","position":2,"name":"ES S\u00e9tif: Djabou claque la porte apr\u00e8s la d\u00e9route face au MCA"}]},{"@type":"WebSite","@id":"https:\/\/lasentinelle.dz\/#website","url":"https:\/\/lasentinelle.dz\/","name":"La Sentinelle","description":"Quotidien national d&#039;information","publisher":{"@id":"https:\/\/lasentinelle.dz\/#organization"},"potentialAction":[{"@type":"SearchAction","target":{"@type":"EntryPoint","urlTemplate":"https:\/\/lasentinelle.dz\/?s={search_term_string}"},"query-input":{"@type":"PropertyValueSpecification","valueRequired":true,"valueName":"search_term_string"}}],"inLanguage":"fr-FR"},{"@type":"Organization","@id":"https:\/\/lasentinelle.dz\/#organization","name":"Quotidien La Sentinelle","url":"https:\/\/lasentinelle.dz\/","logo":{"@type":"ImageObject","inLanguage":"fr-FR","@id":"https:\/\/lasentinelle.dz\/#\/schema\/logo\/image\/","url":"https:\/\/lasentinelle.dz\/wp-content\/uploads\/2021\/09\/logo-sentinelleSLOGAN-1.png","contentUrl":"https:\/\/lasentinelle.dz\/wp-content\/uploads\/2021\/09\/logo-sentinelleSLOGAN-1.png","width":615,"height":142,"caption":"Quotidien La Sentinelle"},"image":{"@id":"https:\/\/lasentinelle.dz\/#\/schema\/logo\/image\/"},"sameAs":["https:\/\/www.facebook.com\/La-Sentinelle-104059864394773"]},{"@type":"Person","@id":"https:\/\/lasentinelle.dz\/#\/schema\/person\/729ee0024f24e0b8c5ec17232f8e8b41","name":"admin","image":{"@type":"ImageObject","inLanguage":"fr-FR","@id":"https:\/\/secure.gravatar.com\/avatar\/4c81fed838786e9b53f540bf46533e750f5d292099ae3b66cfc6fb1982e29df7?s=96&d=mm&r=g","url":"https:\/\/secure.gravatar.com\/avatar\/4c81fed838786e9b53f540bf46533e750f5d292099ae3b66cfc6fb1982e29df7?s=96&d=mm&r=g","contentUrl":"https:\/\/secure.gravatar.com\/avatar\/4c81fed838786e9b53f540bf46533e750f5d292099ae3b66cfc6fb1982e29df7?s=96&d=mm&r=g","caption":"admin"},"description":"admin","url":"https:\/\/lasentinelle.dz\/author\/admin\/"}]}},"_links":{"self":[{"href":"https:\/\/lasentinelle.dz\/index.php\/wp-json\/wp\/v2\/posts\/67758","targetHints":{"allow":["GET"]}}],"collection":[{"href":"https:\/\/lasentinelle.dz\/index.php\/wp-json\/wp\/v2\/posts"}],"about":[{"href":"https:\/\/lasentinelle.dz\/index.php\/wp-json\/wp\/v2\/types\/post"}],"author":[{"embeddable":true,"href":"https:\/\/lasentinelle.dz\/index.php\/wp-json\/wp\/v2\/users\/6"}],"replies":[{"embeddable":true,"href":"https:\/\/lasentinelle.dz\/index.php\/wp-json\/wp\/v2\/comments?post=67758"}],"version-history":[{"count":1,"href":"https:\/\/lasentinelle.dz\/index.php\/wp-json\/wp\/v2\/posts\/67758\/revisions"}],"predecessor-version":[{"id":67760,"href":"https:\/\/lasentinelle.dz\/index.php\/wp-json\/wp\/v2\/posts\/67758\/revisions\/67760"}],"wp:featuredmedia":[{"embeddable":true,"href":"https:\/\/lasentinelle.dz\/index.php\/wp-json\/wp\/v2\/media\/67759"}],"wp:attachment":[{"href":"https:\/\/lasentinelle.dz\/index.php\/wp-json\/wp\/v2\/media?parent=67758"}],"wp:term":[{"taxonomy":"category","embeddable":true,"href":"https:\/\/lasentinelle.dz\/index.php\/wp-json\/wp\/v2\/categories?post=67758"},{"taxonomy":"post_tag","embeddable":true,"href":"https:\/\/lasentinelle.dz\/index.php\/wp-json\/wp\/v2\/tags?post=67758"}],"curies":[{"name":"wp","href":"https:\/\/api.w.org\/{rel}","templated":true}]}}