{"id":67761,"date":"2025-05-22T12:13:15","date_gmt":"2025-05-22T11:13:15","guid":{"rendered":"https:\/\/lasentinelle.dz\/?p=67761"},"modified":"2025-05-24T12:14:27","modified_gmt":"2025-05-24T11:14:27","slug":"bennacer-a-lom-un-avenir-en-pointilles","status":"publish","type":"post","link":"https:\/\/lasentinelle.dz\/index.php\/2025\/05\/22\/bennacer-a-lom-un-avenir-en-pointilles\/","title":{"rendered":"Bennacer \u00e0 l&rsquo;OM: Un avenir en pointill\u00e9s"},"content":{"rendered":"\n<p>Entre Marseille et Milan, le c\u0153ur d&rsquo;Isma\u00ebl Bennacer balance. Arriv\u00e9 sur la Canebi\u00e8re en janvier dernier dans le cadre d&rsquo;un pr\u00eat en provenance de l&rsquo;AC Milan, l&rsquo;international alg\u00e9rien voit son futur s&rsquo;\u00e9crire en lettres d&rsquo;incertitude \u00e0 l&rsquo;approche du mercato estival. Une situation qui alimente rumeurs et sp\u00e9culations dans la cit\u00e9 phoc\u00e9enne, d\u00e9sormais qualifi\u00e9e pour la prestigieuse Ligue des Champions.<\/p>\n\n\n\n<p>Selon plusieurs sources proches du dossier, deux pistes majeures se dessinent pour le milieu de terrain de 27 ans. La premi\u00e8re, et sans doute la plus attendue par les supporters marseillais, verrait l&rsquo;OM lever l&rsquo;option d&rsquo;achat du joueur. Toutefois, la direction olympienne, toujours soucieuse de l&rsquo;\u00e9quilibre financier du club, chercherait \u00e0 n\u00e9gocier \u00e0 la baisse le montant initialement fix\u00e9 \u00e0 12 millions d&rsquo;euros, auxquels s&rsquo;ajouteraient 3 millions d&rsquo;\u00e9ventuels bonus. Une strat\u00e9gie audacieuse qui reposerait sur un constat simple : l&rsquo;AC Milan ne disposerait pas actuellement d&rsquo;offres alternatives aussi substantielles, y compris du c\u00f4t\u00e9 des sir\u00e8nes saoudiennes qui avaient un temps manifest\u00e9 leur int\u00e9r\u00eat pour le champion d&rsquo;Afrique 2019. Le club lombard, de son c\u00f4t\u00e9, ne semble pas ferm\u00e9 \u00e0 l&rsquo;id\u00e9e de tourner d\u00e9finitivement la page Bennacer. Le joueur, qui avait rejoint les Rossoneri en 2019 apr\u00e8s avoir brill\u00e9 sous les couleurs d&rsquo;Empoli et avoir \u00e9t\u00e9 d\u00e9sign\u00e9 meilleur joueur de la CAN en \u00c9gypte, n&rsquo;entre visiblement plus dans les plans \u00e0 long terme des dirigeants milanais. Une situation paradoxale pour celui qui incarnait, il y a encore peu, l&rsquo;avenir du milieu de terrain milanais aux c\u00f4t\u00e9s de Sandro Tonali. Pablo Longoria, pr\u00e9sident marseillais au verbe toujours pr\u00e9cis, n&rsquo;a pas lev\u00e9 le voile sur ses intentions lors de sa r\u00e9cente conf\u00e9rence de presse bilan. \u00ab\u00a0Concernant Amar Dedic et Isma\u00ebl Bennacer, ce sont des pr\u00eats avec option, pas obligation,\u00a0\u00bb a-t-il simplement rappel\u00e9, distinguant ainsi leur cas de ceux de Pierre-Emile Hojbjerg, Jonathan Rowe et Neal Maupay, pour lesquels l&rsquo;OM est contractuellement engag\u00e9. Le dirigeant espagnol a n\u00e9anmoins pr\u00e9cis\u00e9 qu&rsquo;une \u00ab\u00a0discussion va avoir lieu entre Mehdi Benatia et le coach pour d\u00e9cider de la suite \u00e0 donner.\u00a0\u00bb La balle est donc dans le camp du conseiller sportif et du nouvel entra\u00eeneur Roberto De Zerbi, fra\u00eechement intronis\u00e9 sur le banc olympien. Le technicien italien, r\u00e9put\u00e9 pour son football offensif et sa capacit\u00e9 \u00e0 sublimer les milieux techniques, pourrait voir en Bennacer un \u00e9l\u00e9ment parfaitement compatible avec sa philosophie de jeu. D&rsquo;autant que la perspective d&rsquo;une campagne europ\u00e9enne au plus haut niveau n\u00e9cessitera un effectif \u00e0 la fois qualitatif et quantitatif. Le bilan sportif de l&rsquo;Alg\u00e9rien sous le maillot blanc suscite pourtant des interrogations l\u00e9gitimes. Frein\u00e9 par des p\u00e9pins physiques r\u00e9currents, Bennacer affiche un total de 20 matchs disput\u00e9s cette saison, toutes comp\u00e9titions confondues, entre l&rsquo;AC Milan et l&rsquo;OM, pour seulement 1081 minutes de jeu et trois passes d\u00e9cisives. Des statistiques en demi-teinte qui ne refl\u00e8tent peut-\u00eatre pas l&rsquo;impact qu&rsquo;il pourrait avoir dans un collectif stabilis\u00e9 et avec une pr\u00e9paration compl\u00e8te. \u00c0 27 ans, l&rsquo;ancien d&rsquo;Arsenal se trouve \u00e0 un tournant de sa carri\u00e8re. Le projet marseillais, d\u00e9sormais enrichi d&rsquo;une dimension europ\u00e9enne prestigieuse, pourrait constituer un cadre id\u00e9al pour retrouver son meilleur niveau. La pr\u00e9sence de compatriotes dans l&rsquo;effectif et l&rsquo;aura particuli\u00e8re de l&rsquo;OM dans le monde arabe repr\u00e9sentent des arguments suppl\u00e9mentaires en faveur d&rsquo;une prolongation de l&rsquo;aventure phoc\u00e9enne. Les prochaines semaines s&rsquo;annoncent d\u00e9cisives dans ce dossier qui cristallise l&rsquo;attention des observateurs. L&rsquo;avenir marseillais de Bennacer s&rsquo;\u00e9crit en pointill\u00e9s, mais pourrait rapidement prendre une tournure plus d\u00e9finie sous l&rsquo;impulsion du nouveau projet sportif incarn\u00e9 par De Zerbi.<\/p>\n\n\n\n<p>Moncef D.<\/p>\n\n\n\n<p><strong>Championnat qatari<\/strong><\/p>\n\n\n\n<p><strong>Bounedjah nomm\u00e9 pour le titre de meilleur joueur<\/strong><\/p>\n\n\n\n<p>L&rsquo;attaquant international alg\u00e9rien d&rsquo;Al-Shamal SC, Baghdad Bounedjah, figure parmi les trois finalistes pour le prix du meilleur joueur de la saison 2024-2025 au \u00ab\u00a0Qatar Stars League\u00a0\u00bb, a annonc\u00e9 le comit\u00e9 des r\u00e9compenses de la f\u00e9d\u00e9ration qatarie, mercredi. Le joueur alg\u00e9rien de 33 ans sera en course pour ce prestigieux troph\u00e9e, avec le Qatari Akram Afif (Al-Sadd) et l&rsquo;Allemand Julian Draxler (Al-Ahli SC), pr\u00e9cise la m\u00eame source. Bounedjah, auteur de 19 buts et 9 passes d\u00e9cisives cette saison, toutes comp\u00e9titions confondues, avait rejoint Al-Shamal SC l&rsquo;\u00e9t\u00e9 dernier en provenance d&rsquo;Al-Sadd pour un contrat de deux ans . Le club envisage d\u00e9j\u00e0 de l\u2019int\u00e9grer \u00e0 son organigramme apr\u00e8s sa retraite. Les autres distinctions concernent le meilleur entra\u00eeneur, le meilleur joueur U23 et, pour la premi\u00e8re fois, le meilleur gardien. La c\u00e9r\u00e9monie de remise des prix est pr\u00e9vue le lundi 26 mai 2025 au Centre des expositions et des congr\u00e8s de Doha.<\/p>\n","protected":false},"excerpt":{"rendered":"<p>Entre Marseille et Milan, le c\u0153ur d&rsquo;Isma\u00ebl Bennacer balance. Arriv\u00e9 sur la Canebi\u00e8re en janvier dernier dans le cadre d&rsquo;un<\/p>\n","protected":false},"author":6,"featured_media":67762,"comment_status":"open","ping_status":"closed","sticky":false,"template":"","format":"standard","meta":{"colormag_page_container_layout":"default_layout","colormag_page_sidebar_layout":"default_layout","om_disable_all_campaigns":false,"_monsterinsights_skip_tracking":false,"_monsterinsights_sitenote_active":false,"_monsterinsights_sitenote_note":"","_monsterinsights_sitenote_category":0,"footnotes":"","_wpscppro_dont_share_socialmedia":false,"_wpscppro_custom_social_share_image":0,"_facebook_share_type":"default","_twitter_share_type":"default","_linkedin_share_type":"default","_pinterest_share_type":"default","_linkedin_share_type_page":"","_instagram_share_type":"default","_medium_share_type":"default","_threads_share_type":"","_google_business_share_type":"","_selected_social_profile":[],"_wpsp_enable_custom_social_template":false,"_wpsp_social_scheduling":{"enabled":false,"datetime":null,"platforms":[],"status":"template_only","dateOption":"today","timeOption":"now","customDays":"","customHours":"","customDate":"","customTime":"","schedulingType":"absolute"},"_wpsp_active_default_template":true},"categories":[33],"tags":[],"class_list":["post-67761","post","type-post","status-publish","format-standard","has-post-thumbnail","hentry","category-sports"],"aioseo_notices":[],"yoast_head":"<!-- This site is optimized with the Yoast SEO plugin v27.4 - https:\/\/yoast.com\/product\/yoast-seo-wordpress\/ -->\n<title>Bennacer \u00e0 l&rsquo;OM: Un avenir en pointill\u00e9s - La Sentinelle<\/title>\n<meta name=\"robots\" content=\"index, follow, max-snippet:-1, max-image-preview:large, max-video-preview:-1\" \/>\n<link rel=\"canonical\" href=\"https:\/\/lasentinelle.dz\/index.php\/2025\/05\/22\/bennacer-a-lom-un-avenir-en-pointilles\/\" \/>\n<meta property=\"og:locale\" content=\"fr_FR\" \/>\n<meta property=\"og:type\" content=\"article\" \/>\n<meta property=\"og:title\" content=\"Bennacer \u00e0 l&rsquo;OM: Un avenir en pointill\u00e9s - La Sentinelle\" \/>\n<meta property=\"og:description\" content=\"Entre Marseille et Milan, le c\u0153ur d&rsquo;Isma\u00ebl Bennacer balance. Arriv\u00e9 sur la Canebi\u00e8re en janvier dernier dans le cadre d&rsquo;un\" \/>\n<meta property=\"og:url\" content=\"https:\/\/lasentinelle.dz\/index.php\/2025\/05\/22\/bennacer-a-lom-un-avenir-en-pointilles\/\" \/>\n<meta property=\"og:site_name\" content=\"La Sentinelle\" \/>\n<meta property=\"article:publisher\" content=\"https:\/\/www.facebook.com\/La-Sentinelle-104059864394773\" \/>\n<meta property=\"article:published_time\" content=\"2025-05-22T11:13:15+00:00\" \/>\n<meta property=\"article:modified_time\" content=\"2025-05-24T11:14:27+00:00\" \/>\n<meta property=\"og:image\" content=\"https:\/\/lasentinelle.dz\/wp-content\/uploads\/2025\/05\/bennacer.jpg\" \/>\n\t<meta property=\"og:image:width\" content=\"1300\" \/>\n\t<meta property=\"og:image:height\" content=\"867\" \/>\n\t<meta property=\"og:image:type\" content=\"image\/jpeg\" \/>\n<meta name=\"author\" content=\"admin\" \/>\n<meta name=\"twitter:card\" content=\"summary_large_image\" \/>\n<meta name=\"twitter:label1\" content=\"\u00c9crit par\" \/>\n\t<meta name=\"twitter:data1\" content=\"admin\" \/>\n\t<meta name=\"twitter:label2\" content=\"Dur\u00e9e de lecture estim\u00e9e\" \/>\n\t<meta name=\"twitter:data2\" content=\"4 minutes\" \/>\n<script type=\"application\/ld+json\" class=\"yoast-schema-graph\">{\"@context\":\"https:\\\/\\\/schema.org\",\"@graph\":[{\"@type\":\"Article\",\"@id\":\"https:\\\/\\\/lasentinelle.dz\\\/index.php\\\/2025\\\/05\\\/22\\\/bennacer-a-lom-un-avenir-en-pointilles\\\/#article\",\"isPartOf\":{\"@id\":\"https:\\\/\\\/lasentinelle.dz\\\/index.php\\\/2025\\\/05\\\/22\\\/bennacer-a-lom-un-avenir-en-pointilles\\\/\"},\"author\":{\"name\":\"admin\",\"@id\":\"https:\\\/\\\/lasentinelle.dz\\\/#\\\/schema\\\/person\\\/729ee0024f24e0b8c5ec17232f8e8b41\"},\"headline\":\"Bennacer \u00e0 l&rsquo;OM: Un avenir en pointill\u00e9s\",\"datePublished\":\"2025-05-22T11:13:15+00:00\",\"dateModified\":\"2025-05-24T11:14:27+00:00\",\"mainEntityOfPage\":{\"@id\":\"https:\\\/\\\/lasentinelle.dz\\\/index.php\\\/2025\\\/05\\\/22\\\/bennacer-a-lom-un-avenir-en-pointilles\\\/\"},\"wordCount\":843,\"commentCount\":0,\"publisher\":{\"@id\":\"https:\\\/\\\/lasentinelle.dz\\\/#organization\"},\"image\":{\"@id\":\"https:\\\/\\\/lasentinelle.dz\\\/index.php\\\/2025\\\/05\\\/22\\\/bennacer-a-lom-un-avenir-en-pointilles\\\/#primaryimage\"},\"thumbnailUrl\":\"https:\\\/\\\/lasentinelle.dz\\\/wp-content\\\/uploads\\\/2025\\\/05\\\/bennacer.jpg\",\"articleSection\":[\"Sports\"],\"inLanguage\":\"fr-FR\",\"potentialAction\":[{\"@type\":\"CommentAction\",\"name\":\"Comment\",\"target\":[\"https:\\\/\\\/lasentinelle.dz\\\/index.php\\\/2025\\\/05\\\/22\\\/bennacer-a-lom-un-avenir-en-pointilles\\\/#respond\"]}]},{\"@type\":\"WebPage\",\"@id\":\"https:\\\/\\\/lasentinelle.dz\\\/index.php\\\/2025\\\/05\\\/22\\\/bennacer-a-lom-un-avenir-en-pointilles\\\/\",\"url\":\"https:\\\/\\\/lasentinelle.dz\\\/index.php\\\/2025\\\/05\\\/22\\\/bennacer-a-lom-un-avenir-en-pointilles\\\/\",\"name\":\"Bennacer \u00e0 l&rsquo;OM: Un avenir en pointill\u00e9s - La Sentinelle\",\"isPartOf\":{\"@id\":\"https:\\\/\\\/lasentinelle.dz\\\/#website\"},\"primaryImageOfPage\":{\"@id\":\"https:\\\/\\\/lasentinelle.dz\\\/index.php\\\/2025\\\/05\\\/22\\\/bennacer-a-lom-un-avenir-en-pointilles\\\/#primaryimage\"},\"image\":{\"@id\":\"https:\\\/\\\/lasentinelle.dz\\\/index.php\\\/2025\\\/05\\\/22\\\/bennacer-a-lom-un-avenir-en-pointilles\\\/#primaryimage\"},\"thumbnailUrl\":\"https:\\\/\\\/lasentinelle.dz\\\/wp-content\\\/uploads\\\/2025\\\/05\\\/bennacer.jpg\",\"datePublished\":\"2025-05-22T11:13:15+00:00\",\"dateModified\":\"2025-05-24T11:14:27+00:00\",\"breadcrumb\":{\"@id\":\"https:\\\/\\\/lasentinelle.dz\\\/index.php\\\/2025\\\/05\\\/22\\\/bennacer-a-lom-un-avenir-en-pointilles\\\/#breadcrumb\"},\"inLanguage\":\"fr-FR\",\"potentialAction\":[{\"@type\":\"ReadAction\",\"target\":[\"https:\\\/\\\/lasentinelle.dz\\\/index.php\\\/2025\\\/05\\\/22\\\/bennacer-a-lom-un-avenir-en-pointilles\\\/\"]}]},{\"@type\":\"ImageObject\",\"inLanguage\":\"fr-FR\",\"@id\":\"https:\\\/\\\/lasentinelle.dz\\\/index.php\\\/2025\\\/05\\\/22\\\/bennacer-a-lom-un-avenir-en-pointilles\\\/#primaryimage\",\"url\":\"https:\\\/\\\/lasentinelle.dz\\\/wp-content\\\/uploads\\\/2025\\\/05\\\/bennacer.jpg\",\"contentUrl\":\"https:\\\/\\\/lasentinelle.dz\\\/wp-content\\\/uploads\\\/2025\\\/05\\\/bennacer.jpg\",\"width\":1300,\"height\":867},{\"@type\":\"BreadcrumbList\",\"@id\":\"https:\\\/\\\/lasentinelle.dz\\\/index.php\\\/2025\\\/05\\\/22\\\/bennacer-a-lom-un-avenir-en-pointilles\\\/#breadcrumb\",\"itemListElement\":[{\"@type\":\"ListItem\",\"position\":1,\"name\":\"Accueil\",\"item\":\"https:\\\/\\\/lasentinelle.dz\\\/\"},{\"@type\":\"ListItem\",\"position\":2,\"name\":\"Bennacer \u00e0 l&rsquo;OM: Un avenir en pointill\u00e9s\"}]},{\"@type\":\"WebSite\",\"@id\":\"https:\\\/\\\/lasentinelle.dz\\\/#website\",\"url\":\"https:\\\/\\\/lasentinelle.dz\\\/\",\"name\":\"La Sentinelle\",\"description\":\"Quotidien national d&#039;information\",\"publisher\":{\"@id\":\"https:\\\/\\\/lasentinelle.dz\\\/#organization\"},\"potentialAction\":[{\"@type\":\"SearchAction\",\"target\":{\"@type\":\"EntryPoint\",\"urlTemplate\":\"https:\\\/\\\/lasentinelle.dz\\\/?s={search_term_string}\"},\"query-input\":{\"@type\":\"PropertyValueSpecification\",\"valueRequired\":true,\"valueName\":\"search_term_string\"}}],\"inLanguage\":\"fr-FR\"},{\"@type\":\"Organization\",\"@id\":\"https:\\\/\\\/lasentinelle.dz\\\/#organization\",\"name\":\"Quotidien La Sentinelle\",\"url\":\"https:\\\/\\\/lasentinelle.dz\\\/\",\"logo\":{\"@type\":\"ImageObject\",\"inLanguage\":\"fr-FR\",\"@id\":\"https:\\\/\\\/lasentinelle.dz\\\/#\\\/schema\\\/logo\\\/image\\\/\",\"url\":\"https:\\\/\\\/lasentinelle.dz\\\/wp-content\\\/uploads\\\/2021\\\/09\\\/logo-sentinelleSLOGAN-1.png\",\"contentUrl\":\"https:\\\/\\\/lasentinelle.dz\\\/wp-content\\\/uploads\\\/2021\\\/09\\\/logo-sentinelleSLOGAN-1.png\",\"width\":615,\"height\":142,\"caption\":\"Quotidien La Sentinelle\"},\"image\":{\"@id\":\"https:\\\/\\\/lasentinelle.dz\\\/#\\\/schema\\\/logo\\\/image\\\/\"},\"sameAs\":[\"https:\\\/\\\/www.facebook.com\\\/La-Sentinelle-104059864394773\"]},{\"@type\":\"Person\",\"@id\":\"https:\\\/\\\/lasentinelle.dz\\\/#\\\/schema\\\/person\\\/729ee0024f24e0b8c5ec17232f8e8b41\",\"name\":\"admin\",\"image\":{\"@type\":\"ImageObject\",\"inLanguage\":\"fr-FR\",\"@id\":\"https:\\\/\\\/secure.gravatar.com\\\/avatar\\\/4c81fed838786e9b53f540bf46533e750f5d292099ae3b66cfc6fb1982e29df7?s=96&d=mm&r=g\",\"url\":\"https:\\\/\\\/secure.gravatar.com\\\/avatar\\\/4c81fed838786e9b53f540bf46533e750f5d292099ae3b66cfc6fb1982e29df7?s=96&d=mm&r=g\",\"contentUrl\":\"https:\\\/\\\/secure.gravatar.com\\\/avatar\\\/4c81fed838786e9b53f540bf46533e750f5d292099ae3b66cfc6fb1982e29df7?s=96&d=mm&r=g\",\"caption\":\"admin\"},\"description\":\"admin\",\"url\":\"https:\\\/\\\/lasentinelle.dz\\\/author\\\/admin\\\/\"}]}<\/script>\n<!-- \/ Yoast SEO plugin. -->","yoast_head_json":{"title":"Bennacer \u00e0 l&rsquo;OM: Un avenir en pointill\u00e9s - La Sentinelle","robots":{"index":"index","follow":"follow","max-snippet":"max-snippet:-1","max-image-preview":"max-image-preview:large","max-video-preview":"max-video-preview:-1"},"canonical":"https:\/\/lasentinelle.dz\/index.php\/2025\/05\/22\/bennacer-a-lom-un-avenir-en-pointilles\/","og_locale":"fr_FR","og_type":"article","og_title":"Bennacer \u00e0 l&rsquo;OM: Un avenir en pointill\u00e9s - La Sentinelle","og_description":"Entre Marseille et Milan, le c\u0153ur d&rsquo;Isma\u00ebl Bennacer balance. Arriv\u00e9 sur la Canebi\u00e8re en janvier dernier dans le cadre d&rsquo;un","og_url":"https:\/\/lasentinelle.dz\/index.php\/2025\/05\/22\/bennacer-a-lom-un-avenir-en-pointilles\/","og_site_name":"La Sentinelle","article_publisher":"https:\/\/www.facebook.com\/La-Sentinelle-104059864394773","article_published_time":"2025-05-22T11:13:15+00:00","article_modified_time":"2025-05-24T11:14:27+00:00","og_image":[{"width":1300,"height":867,"url":"https:\/\/lasentinelle.dz\/wp-content\/uploads\/2025\/05\/bennacer.jpg","type":"image\/jpeg"}],"author":"admin","twitter_card":"summary_large_image","twitter_misc":{"\u00c9crit par":"admin","Dur\u00e9e de lecture estim\u00e9e":"4 minutes"},"schema":{"@context":"https:\/\/schema.org","@graph":[{"@type":"Article","@id":"https:\/\/lasentinelle.dz\/index.php\/2025\/05\/22\/bennacer-a-lom-un-avenir-en-pointilles\/#article","isPartOf":{"@id":"https:\/\/lasentinelle.dz\/index.php\/2025\/05\/22\/bennacer-a-lom-un-avenir-en-pointilles\/"},"author":{"name":"admin","@id":"https:\/\/lasentinelle.dz\/#\/schema\/person\/729ee0024f24e0b8c5ec17232f8e8b41"},"headline":"Bennacer \u00e0 l&rsquo;OM: Un avenir en pointill\u00e9s","datePublished":"2025-05-22T11:13:15+00:00","dateModified":"2025-05-24T11:14:27+00:00","mainEntityOfPage":{"@id":"https:\/\/lasentinelle.dz\/index.php\/2025\/05\/22\/bennacer-a-lom-un-avenir-en-pointilles\/"},"wordCount":843,"commentCount":0,"publisher":{"@id":"https:\/\/lasentinelle.dz\/#organization"},"image":{"@id":"https:\/\/lasentinelle.dz\/index.php\/2025\/05\/22\/bennacer-a-lom-un-avenir-en-pointilles\/#primaryimage"},"thumbnailUrl":"https:\/\/lasentinelle.dz\/wp-content\/uploads\/2025\/05\/bennacer.jpg","articleSection":["Sports"],"inLanguage":"fr-FR","potentialAction":[{"@type":"CommentAction","name":"Comment","target":["https:\/\/lasentinelle.dz\/index.php\/2025\/05\/22\/bennacer-a-lom-un-avenir-en-pointilles\/#respond"]}]},{"@type":"WebPage","@id":"https:\/\/lasentinelle.dz\/index.php\/2025\/05\/22\/bennacer-a-lom-un-avenir-en-pointilles\/","url":"https:\/\/lasentinelle.dz\/index.php\/2025\/05\/22\/bennacer-a-lom-un-avenir-en-pointilles\/","name":"Bennacer \u00e0 l&rsquo;OM: Un avenir en pointill\u00e9s - La Sentinelle","isPartOf":{"@id":"https:\/\/lasentinelle.dz\/#website"},"primaryImageOfPage":{"@id":"https:\/\/lasentinelle.dz\/index.php\/2025\/05\/22\/bennacer-a-lom-un-avenir-en-pointilles\/#primaryimage"},"image":{"@id":"https:\/\/lasentinelle.dz\/index.php\/2025\/05\/22\/bennacer-a-lom-un-avenir-en-pointilles\/#primaryimage"},"thumbnailUrl":"https:\/\/lasentinelle.dz\/wp-content\/uploads\/2025\/05\/bennacer.jpg","datePublished":"2025-05-22T11:13:15+00:00","dateModified":"2025-05-24T11:14:27+00:00","breadcrumb":{"@id":"https:\/\/lasentinelle.dz\/index.php\/2025\/05\/22\/bennacer-a-lom-un-avenir-en-pointilles\/#breadcrumb"},"inLanguage":"fr-FR","potentialAction":[{"@type":"ReadAction","target":["https:\/\/lasentinelle.dz\/index.php\/2025\/05\/22\/bennacer-a-lom-un-avenir-en-pointilles\/"]}]},{"@type":"ImageObject","inLanguage":"fr-FR","@id":"https:\/\/lasentinelle.dz\/index.php\/2025\/05\/22\/bennacer-a-lom-un-avenir-en-pointilles\/#primaryimage","url":"https:\/\/lasentinelle.dz\/wp-content\/uploads\/2025\/05\/bennacer.jpg","contentUrl":"https:\/\/lasentinelle.dz\/wp-content\/uploads\/2025\/05\/bennacer.jpg","width":1300,"height":867},{"@type":"BreadcrumbList","@id":"https:\/\/lasentinelle.dz\/index.php\/2025\/05\/22\/bennacer-a-lom-un-avenir-en-pointilles\/#breadcrumb","itemListElement":[{"@type":"ListItem","position":1,"name":"Accueil","item":"https:\/\/lasentinelle.dz\/"},{"@type":"ListItem","position":2,"name":"Bennacer \u00e0 l&rsquo;OM: Un avenir en pointill\u00e9s"}]},{"@type":"WebSite","@id":"https:\/\/lasentinelle.dz\/#website","url":"https:\/\/lasentinelle.dz\/","name":"La Sentinelle","description":"Quotidien national d&#039;information","publisher":{"@id":"https:\/\/lasentinelle.dz\/#organization"},"potentialAction":[{"@type":"SearchAction","target":{"@type":"EntryPoint","urlTemplate":"https:\/\/lasentinelle.dz\/?s={search_term_string}"},"query-input":{"@type":"PropertyValueSpecification","valueRequired":true,"valueName":"search_term_string"}}],"inLanguage":"fr-FR"},{"@type":"Organization","@id":"https:\/\/lasentinelle.dz\/#organization","name":"Quotidien La Sentinelle","url":"https:\/\/lasentinelle.dz\/","logo":{"@type":"ImageObject","inLanguage":"fr-FR","@id":"https:\/\/lasentinelle.dz\/#\/schema\/logo\/image\/","url":"https:\/\/lasentinelle.dz\/wp-content\/uploads\/2021\/09\/logo-sentinelleSLOGAN-1.png","contentUrl":"https:\/\/lasentinelle.dz\/wp-content\/uploads\/2021\/09\/logo-sentinelleSLOGAN-1.png","width":615,"height":142,"caption":"Quotidien La Sentinelle"},"image":{"@id":"https:\/\/lasentinelle.dz\/#\/schema\/logo\/image\/"},"sameAs":["https:\/\/www.facebook.com\/La-Sentinelle-104059864394773"]},{"@type":"Person","@id":"https:\/\/lasentinelle.dz\/#\/schema\/person\/729ee0024f24e0b8c5ec17232f8e8b41","name":"admin","image":{"@type":"ImageObject","inLanguage":"fr-FR","@id":"https:\/\/secure.gravatar.com\/avatar\/4c81fed838786e9b53f540bf46533e750f5d292099ae3b66cfc6fb1982e29df7?s=96&d=mm&r=g","url":"https:\/\/secure.gravatar.com\/avatar\/4c81fed838786e9b53f540bf46533e750f5d292099ae3b66cfc6fb1982e29df7?s=96&d=mm&r=g","contentUrl":"https:\/\/secure.gravatar.com\/avatar\/4c81fed838786e9b53f540bf46533e750f5d292099ae3b66cfc6fb1982e29df7?s=96&d=mm&r=g","caption":"admin"},"description":"admin","url":"https:\/\/lasentinelle.dz\/author\/admin\/"}]}},"_links":{"self":[{"href":"https:\/\/lasentinelle.dz\/index.php\/wp-json\/wp\/v2\/posts\/67761","targetHints":{"allow":["GET"]}}],"collection":[{"href":"https:\/\/lasentinelle.dz\/index.php\/wp-json\/wp\/v2\/posts"}],"about":[{"href":"https:\/\/lasentinelle.dz\/index.php\/wp-json\/wp\/v2\/types\/post"}],"author":[{"embeddable":true,"href":"https:\/\/lasentinelle.dz\/index.php\/wp-json\/wp\/v2\/users\/6"}],"replies":[{"embeddable":true,"href":"https:\/\/lasentinelle.dz\/index.php\/wp-json\/wp\/v2\/comments?post=67761"}],"version-history":[{"count":2,"href":"https:\/\/lasentinelle.dz\/index.php\/wp-json\/wp\/v2\/posts\/67761\/revisions"}],"predecessor-version":[{"id":67764,"href":"https:\/\/lasentinelle.dz\/index.php\/wp-json\/wp\/v2\/posts\/67761\/revisions\/67764"}],"wp:featuredmedia":[{"embeddable":true,"href":"https:\/\/lasentinelle.dz\/index.php\/wp-json\/wp\/v2\/media\/67762"}],"wp:attachment":[{"href":"https:\/\/lasentinelle.dz\/index.php\/wp-json\/wp\/v2\/media?parent=67761"}],"wp:term":[{"taxonomy":"category","embeddable":true,"href":"https:\/\/lasentinelle.dz\/index.php\/wp-json\/wp\/v2\/categories?post=67761"},{"taxonomy":"post_tag","embeddable":true,"href":"https:\/\/lasentinelle.dz\/index.php\/wp-json\/wp\/v2\/tags?post=67761"}],"curies":[{"name":"wp","href":"https:\/\/api.w.org\/{rel}","templated":true}]}}