{"id":67802,"date":"2025-05-22T12:33:24","date_gmt":"2025-05-22T11:33:24","guid":{"rendered":"https:\/\/lasentinelle.dz\/?p=67802"},"modified":"2025-05-24T12:34:00","modified_gmt":"2025-05-24T11:34:00","slug":"ua-ue-attaf-souligne-la-necessite-detablir-un-partenariat-efficace","status":"publish","type":"post","link":"https:\/\/lasentinelle.dz\/index.php\/2025\/05\/22\/ua-ue-attaf-souligne-la-necessite-detablir-un-partenariat-efficace\/","title":{"rendered":"UA-UE : Attaf souligne la n\u00e9cessit\u00e9 d&rsquo;\u00e9tablir un partenariat efficace"},"content":{"rendered":"\n<p>Le ministre d&rsquo;Etat, ministre des Affaires \u00e9trang\u00e8res, de la Communaut\u00e9 nationale \u00e0 l&rsquo;\u00e9tranger et des Affaires africaines, M. Ahmed Attaf a soulign\u00e9, mercredi \u00e0 Bruxelles, la n\u00e9cessit\u00e9 d&rsquo;\u00e9tablir un partenariat efficace entre l&rsquo;Union africaine (UA) et l&rsquo;Union europ\u00e9enne (UE), fond\u00e9 sur le principe \u00ab\u00a0solutions africaines aux probl\u00e8mes africains\u00a0\u00bb, avec l&rsquo;appui des partenaires engag\u00e9s \u00e0 accompagner le continent face aux d\u00e9fis de l&rsquo;heure. Lors de son intervention \u00e0 la table ronde autour du th\u00e8me: \u00ab\u00a0Paix, s\u00e9curit\u00e9 et gouvernance\u00a0\u00bb, dans le cadre de la 3e r\u00e9union des ministres des Affaires \u00e9trang\u00e8res de l&rsquo;UA et de l&rsquo;UE, M. Attaf a \u00e9voqu\u00e9 \u00ab\u00a0trois facteurs critiques qui caract\u00e9risent d\u00e9sormais le paysage africain en mati\u00e8re de paix et de s\u00e9curit\u00e9\u00a0\u00bb. Ainsi, le ministre d&rsquo;Etat a indiqu\u00e9 qu'\u00a0\u00bb\u00e0 aucun moment de son histoire contemporaine, l&rsquo;Afrique n&rsquo;a \u00e9t\u00e9 confront\u00e9e \u00e0 un nombre aussi \u00e9lev\u00e9 de foyers de tension, de crises et de conflits simultan\u00e9s. Du Sahel \u00e0 la Corne de l&rsquo;Afrique, des Grands Lacs \u00e0 certaines r\u00e9gions d&rsquo;Afrique du Nord, l&rsquo;instabilit\u00e9 s&rsquo;acc\u00e9l\u00e8re, mettant en p\u00e9ril la vie de millions de personnes et hypoth\u00e9quant l&rsquo;avenir de tout le continent.\u00a0\u00bb \u00ab\u00a0Pis encore, le terrorisme est devenu la premi\u00e8re menace pour la paix et la s\u00e9curit\u00e9 en Afrique. Le continent enregistre aujourd&rsquo;hui plus de la moiti\u00e9 des d\u00e9c\u00e8s li\u00e9s au terrorisme dans le monde. La r\u00e9gion du Sahel est tragiquement devenue l&rsquo;\u00e9picentre du terrorisme mondial\u00a0\u00bb, a-t-il ajout\u00e9. \u00ab\u00a0Alors que ces d\u00e9fis s&rsquo;aggravent et se multiplient, notre diplomatie collective reste \u00e0 la tra\u00eene. Les efforts de m\u00e9diation et les processus de paix sont rest\u00e9s en d\u00e9calage avec l&rsquo;aggravation de la situation, laissant un vide propice \u00e0 l&rsquo;expansion des forces de d\u00e9stabilisation\u00a0\u00bb, a-t-il martel\u00e9. Face \u00e0 une telle situation, poursuit M. Attaf, \u00ab\u00a0l&rsquo;Alg\u00e9rie croit fermement en la n\u00e9cessit\u00e9 imp\u00e9rieuse d&rsquo;insuffler une nouvelle dynamique \u00e0 notre partenariat\u00a0\u00bb, insistant sur \u00ab\u00a0l&rsquo;imp\u00e9ratif d&rsquo;\u00e9tablir un partenariat efficace fond\u00e9 sur le principe de solutions africaines aux probl\u00e8mes africains, avec l&rsquo;appui de nos amis et partenaires engag\u00e9s \u00e0 accompagner l&rsquo;Afrique pour faire face aux d\u00e9fis auxquels elle est confront\u00e9e et r\u00e9aliser ainsi les aspirations que nous partageons tous\u00a0\u00bb.<\/p>\n\n\n\n<p>APS<\/p>\n","protected":false},"excerpt":{"rendered":"<p>Le ministre d&rsquo;Etat, ministre des Affaires \u00e9trang\u00e8res, de la Communaut\u00e9 nationale \u00e0 l&rsquo;\u00e9tranger et des Affaires africaines, M. Ahmed Attaf<\/p>\n","protected":false},"author":6,"featured_media":63088,"comment_status":"open","ping_status":"closed","sticky":false,"template":"","format":"standard","meta":{"colormag_page_container_layout":"default_layout","colormag_page_sidebar_layout":"default_layout","om_disable_all_campaigns":false,"_monsterinsights_skip_tracking":false,"_monsterinsights_sitenote_active":false,"_monsterinsights_sitenote_note":"","_monsterinsights_sitenote_category":0,"footnotes":"","_wpscppro_dont_share_socialmedia":false,"_wpscppro_custom_social_share_image":0,"_facebook_share_type":"default","_twitter_share_type":"default","_linkedin_share_type":"default","_pinterest_share_type":"default","_linkedin_share_type_page":"","_instagram_share_type":"default","_medium_share_type":"default","_threads_share_type":"","_google_business_share_type":"","_selected_social_profile":[],"_wpsp_enable_custom_social_template":false,"_wpsp_social_scheduling":{"enabled":false,"datetime":null,"platforms":[],"status":"template_only","dateOption":"today","timeOption":"now","customDays":"","customHours":"","customDate":"","customTime":"","schedulingType":"absolute"},"_wpsp_active_default_template":true},"categories":[27],"tags":[],"class_list":["post-67802","post","type-post","status-publish","format-standard","has-post-thumbnail","hentry","category-actualite"],"aioseo_notices":[],"yoast_head":"<!-- This site is optimized with the Yoast SEO plugin v27.5 - https:\/\/yoast.com\/product\/yoast-seo-wordpress\/ -->\n<title>UA-UE : Attaf souligne la n\u00e9cessit\u00e9 d&rsquo;\u00e9tablir un partenariat efficace - La Sentinelle<\/title>\n<meta name=\"robots\" content=\"index, follow, max-snippet:-1, max-image-preview:large, max-video-preview:-1\" \/>\n<link rel=\"canonical\" href=\"https:\/\/lasentinelle.dz\/index.php\/2025\/05\/22\/ua-ue-attaf-souligne-la-necessite-detablir-un-partenariat-efficace\/\" \/>\n<meta property=\"og:locale\" content=\"fr_FR\" \/>\n<meta property=\"og:type\" content=\"article\" \/>\n<meta property=\"og:title\" content=\"UA-UE : Attaf souligne la n\u00e9cessit\u00e9 d&rsquo;\u00e9tablir un partenariat efficace - La Sentinelle\" \/>\n<meta property=\"og:description\" content=\"Le ministre d&rsquo;Etat, ministre des Affaires \u00e9trang\u00e8res, de la Communaut\u00e9 nationale \u00e0 l&rsquo;\u00e9tranger et des Affaires africaines, M. Ahmed Attaf\" \/>\n<meta property=\"og:url\" content=\"https:\/\/lasentinelle.dz\/index.php\/2025\/05\/22\/ua-ue-attaf-souligne-la-necessite-detablir-un-partenariat-efficace\/\" \/>\n<meta property=\"og:site_name\" content=\"La Sentinelle\" \/>\n<meta property=\"article:publisher\" content=\"https:\/\/www.facebook.com\/La-Sentinelle-104059864394773\" \/>\n<meta property=\"article:published_time\" content=\"2025-05-22T11:33:24+00:00\" \/>\n<meta property=\"article:modified_time\" content=\"2025-05-24T11:34:00+00:00\" \/>\n<meta property=\"og:image\" content=\"https:\/\/lasentinelle.dz\/wp-content\/uploads\/2025\/02\/attaf.jpg\" \/>\n\t<meta property=\"og:image:width\" content=\"1600\" \/>\n\t<meta property=\"og:image:height\" content=\"704\" \/>\n\t<meta property=\"og:image:type\" content=\"image\/jpeg\" \/>\n<meta name=\"author\" content=\"admin\" \/>\n<meta name=\"twitter:card\" content=\"summary_large_image\" \/>\n<meta name=\"twitter:label1\" content=\"\u00c9crit par\" \/>\n\t<meta name=\"twitter:data1\" content=\"admin\" \/>\n\t<meta name=\"twitter:label2\" content=\"Dur\u00e9e de lecture estim\u00e9e\" \/>\n\t<meta name=\"twitter:data2\" content=\"2 minutes\" \/>\n<script type=\"application\/ld+json\" class=\"yoast-schema-graph\">{\"@context\":\"https:\\\/\\\/schema.org\",\"@graph\":[{\"@type\":\"Article\",\"@id\":\"https:\\\/\\\/lasentinelle.dz\\\/index.php\\\/2025\\\/05\\\/22\\\/ua-ue-attaf-souligne-la-necessite-detablir-un-partenariat-efficace\\\/#article\",\"isPartOf\":{\"@id\":\"https:\\\/\\\/lasentinelle.dz\\\/index.php\\\/2025\\\/05\\\/22\\\/ua-ue-attaf-souligne-la-necessite-detablir-un-partenariat-efficace\\\/\"},\"author\":{\"name\":\"admin\",\"@id\":\"https:\\\/\\\/lasentinelle.dz\\\/#\\\/schema\\\/person\\\/729ee0024f24e0b8c5ec17232f8e8b41\"},\"headline\":\"UA-UE : Attaf souligne la n\u00e9cessit\u00e9 d&rsquo;\u00e9tablir un partenariat efficace\",\"datePublished\":\"2025-05-22T11:33:24+00:00\",\"dateModified\":\"2025-05-24T11:34:00+00:00\",\"mainEntityOfPage\":{\"@id\":\"https:\\\/\\\/lasentinelle.dz\\\/index.php\\\/2025\\\/05\\\/22\\\/ua-ue-attaf-souligne-la-necessite-detablir-un-partenariat-efficace\\\/\"},\"wordCount\":410,\"commentCount\":0,\"publisher\":{\"@id\":\"https:\\\/\\\/lasentinelle.dz\\\/#organization\"},\"image\":{\"@id\":\"https:\\\/\\\/lasentinelle.dz\\\/index.php\\\/2025\\\/05\\\/22\\\/ua-ue-attaf-souligne-la-necessite-detablir-un-partenariat-efficace\\\/#primaryimage\"},\"thumbnailUrl\":\"https:\\\/\\\/lasentinelle.dz\\\/wp-content\\\/uploads\\\/2025\\\/02\\\/attaf.jpg\",\"articleSection\":[\"Actualit\u00e9\"],\"inLanguage\":\"fr-FR\",\"potentialAction\":[{\"@type\":\"CommentAction\",\"name\":\"Comment\",\"target\":[\"https:\\\/\\\/lasentinelle.dz\\\/index.php\\\/2025\\\/05\\\/22\\\/ua-ue-attaf-souligne-la-necessite-detablir-un-partenariat-efficace\\\/#respond\"]}]},{\"@type\":\"WebPage\",\"@id\":\"https:\\\/\\\/lasentinelle.dz\\\/index.php\\\/2025\\\/05\\\/22\\\/ua-ue-attaf-souligne-la-necessite-detablir-un-partenariat-efficace\\\/\",\"url\":\"https:\\\/\\\/lasentinelle.dz\\\/index.php\\\/2025\\\/05\\\/22\\\/ua-ue-attaf-souligne-la-necessite-detablir-un-partenariat-efficace\\\/\",\"name\":\"UA-UE : Attaf souligne la n\u00e9cessit\u00e9 d&rsquo;\u00e9tablir un partenariat efficace - La Sentinelle\",\"isPartOf\":{\"@id\":\"https:\\\/\\\/lasentinelle.dz\\\/#website\"},\"primaryImageOfPage\":{\"@id\":\"https:\\\/\\\/lasentinelle.dz\\\/index.php\\\/2025\\\/05\\\/22\\\/ua-ue-attaf-souligne-la-necessite-detablir-un-partenariat-efficace\\\/#primaryimage\"},\"image\":{\"@id\":\"https:\\\/\\\/lasentinelle.dz\\\/index.php\\\/2025\\\/05\\\/22\\\/ua-ue-attaf-souligne-la-necessite-detablir-un-partenariat-efficace\\\/#primaryimage\"},\"thumbnailUrl\":\"https:\\\/\\\/lasentinelle.dz\\\/wp-content\\\/uploads\\\/2025\\\/02\\\/attaf.jpg\",\"datePublished\":\"2025-05-22T11:33:24+00:00\",\"dateModified\":\"2025-05-24T11:34:00+00:00\",\"breadcrumb\":{\"@id\":\"https:\\\/\\\/lasentinelle.dz\\\/index.php\\\/2025\\\/05\\\/22\\\/ua-ue-attaf-souligne-la-necessite-detablir-un-partenariat-efficace\\\/#breadcrumb\"},\"inLanguage\":\"fr-FR\",\"potentialAction\":[{\"@type\":\"ReadAction\",\"target\":[\"https:\\\/\\\/lasentinelle.dz\\\/index.php\\\/2025\\\/05\\\/22\\\/ua-ue-attaf-souligne-la-necessite-detablir-un-partenariat-efficace\\\/\"]}]},{\"@type\":\"ImageObject\",\"inLanguage\":\"fr-FR\",\"@id\":\"https:\\\/\\\/lasentinelle.dz\\\/index.php\\\/2025\\\/05\\\/22\\\/ua-ue-attaf-souligne-la-necessite-detablir-un-partenariat-efficace\\\/#primaryimage\",\"url\":\"https:\\\/\\\/lasentinelle.dz\\\/wp-content\\\/uploads\\\/2025\\\/02\\\/attaf.jpg\",\"contentUrl\":\"https:\\\/\\\/lasentinelle.dz\\\/wp-content\\\/uploads\\\/2025\\\/02\\\/attaf.jpg\",\"width\":1600,\"height\":704},{\"@type\":\"BreadcrumbList\",\"@id\":\"https:\\\/\\\/lasentinelle.dz\\\/index.php\\\/2025\\\/05\\\/22\\\/ua-ue-attaf-souligne-la-necessite-detablir-un-partenariat-efficace\\\/#breadcrumb\",\"itemListElement\":[{\"@type\":\"ListItem\",\"position\":1,\"name\":\"Accueil\",\"item\":\"https:\\\/\\\/lasentinelle.dz\\\/\"},{\"@type\":\"ListItem\",\"position\":2,\"name\":\"UA-UE : Attaf souligne la n\u00e9cessit\u00e9 d&rsquo;\u00e9tablir un partenariat efficace\"}]},{\"@type\":\"WebSite\",\"@id\":\"https:\\\/\\\/lasentinelle.dz\\\/#website\",\"url\":\"https:\\\/\\\/lasentinelle.dz\\\/\",\"name\":\"La Sentinelle\",\"description\":\"Quotidien national d&#039;information\",\"publisher\":{\"@id\":\"https:\\\/\\\/lasentinelle.dz\\\/#organization\"},\"potentialAction\":[{\"@type\":\"SearchAction\",\"target\":{\"@type\":\"EntryPoint\",\"urlTemplate\":\"https:\\\/\\\/lasentinelle.dz\\\/?s={search_term_string}\"},\"query-input\":{\"@type\":\"PropertyValueSpecification\",\"valueRequired\":true,\"valueName\":\"search_term_string\"}}],\"inLanguage\":\"fr-FR\"},{\"@type\":\"Organization\",\"@id\":\"https:\\\/\\\/lasentinelle.dz\\\/#organization\",\"name\":\"Quotidien La Sentinelle\",\"url\":\"https:\\\/\\\/lasentinelle.dz\\\/\",\"logo\":{\"@type\":\"ImageObject\",\"inLanguage\":\"fr-FR\",\"@id\":\"https:\\\/\\\/lasentinelle.dz\\\/#\\\/schema\\\/logo\\\/image\\\/\",\"url\":\"https:\\\/\\\/lasentinelle.dz\\\/wp-content\\\/uploads\\\/2021\\\/09\\\/logo-sentinelleSLOGAN-1.png\",\"contentUrl\":\"https:\\\/\\\/lasentinelle.dz\\\/wp-content\\\/uploads\\\/2021\\\/09\\\/logo-sentinelleSLOGAN-1.png\",\"width\":615,\"height\":142,\"caption\":\"Quotidien La Sentinelle\"},\"image\":{\"@id\":\"https:\\\/\\\/lasentinelle.dz\\\/#\\\/schema\\\/logo\\\/image\\\/\"},\"sameAs\":[\"https:\\\/\\\/www.facebook.com\\\/La-Sentinelle-104059864394773\"]},{\"@type\":\"Person\",\"@id\":\"https:\\\/\\\/lasentinelle.dz\\\/#\\\/schema\\\/person\\\/729ee0024f24e0b8c5ec17232f8e8b41\",\"name\":\"admin\",\"image\":{\"@type\":\"ImageObject\",\"inLanguage\":\"fr-FR\",\"@id\":\"https:\\\/\\\/secure.gravatar.com\\\/avatar\\\/4c81fed838786e9b53f540bf46533e750f5d292099ae3b66cfc6fb1982e29df7?s=96&d=mm&r=g\",\"url\":\"https:\\\/\\\/secure.gravatar.com\\\/avatar\\\/4c81fed838786e9b53f540bf46533e750f5d292099ae3b66cfc6fb1982e29df7?s=96&d=mm&r=g\",\"contentUrl\":\"https:\\\/\\\/secure.gravatar.com\\\/avatar\\\/4c81fed838786e9b53f540bf46533e750f5d292099ae3b66cfc6fb1982e29df7?s=96&d=mm&r=g\",\"caption\":\"admin\"},\"description\":\"admin\",\"url\":\"https:\\\/\\\/lasentinelle.dz\\\/author\\\/admin\\\/\"}]}<\/script>\n<!-- \/ Yoast SEO plugin. -->","yoast_head_json":{"title":"UA-UE : Attaf souligne la n\u00e9cessit\u00e9 d&rsquo;\u00e9tablir un partenariat efficace - La Sentinelle","robots":{"index":"index","follow":"follow","max-snippet":"max-snippet:-1","max-image-preview":"max-image-preview:large","max-video-preview":"max-video-preview:-1"},"canonical":"https:\/\/lasentinelle.dz\/index.php\/2025\/05\/22\/ua-ue-attaf-souligne-la-necessite-detablir-un-partenariat-efficace\/","og_locale":"fr_FR","og_type":"article","og_title":"UA-UE : Attaf souligne la n\u00e9cessit\u00e9 d&rsquo;\u00e9tablir un partenariat efficace - La Sentinelle","og_description":"Le ministre d&rsquo;Etat, ministre des Affaires \u00e9trang\u00e8res, de la Communaut\u00e9 nationale \u00e0 l&rsquo;\u00e9tranger et des Affaires africaines, M. Ahmed Attaf","og_url":"https:\/\/lasentinelle.dz\/index.php\/2025\/05\/22\/ua-ue-attaf-souligne-la-necessite-detablir-un-partenariat-efficace\/","og_site_name":"La Sentinelle","article_publisher":"https:\/\/www.facebook.com\/La-Sentinelle-104059864394773","article_published_time":"2025-05-22T11:33:24+00:00","article_modified_time":"2025-05-24T11:34:00+00:00","og_image":[{"width":1600,"height":704,"url":"https:\/\/lasentinelle.dz\/wp-content\/uploads\/2025\/02\/attaf.jpg","type":"image\/jpeg"}],"author":"admin","twitter_card":"summary_large_image","twitter_misc":{"\u00c9crit par":"admin","Dur\u00e9e de lecture estim\u00e9e":"2 minutes"},"schema":{"@context":"https:\/\/schema.org","@graph":[{"@type":"Article","@id":"https:\/\/lasentinelle.dz\/index.php\/2025\/05\/22\/ua-ue-attaf-souligne-la-necessite-detablir-un-partenariat-efficace\/#article","isPartOf":{"@id":"https:\/\/lasentinelle.dz\/index.php\/2025\/05\/22\/ua-ue-attaf-souligne-la-necessite-detablir-un-partenariat-efficace\/"},"author":{"name":"admin","@id":"https:\/\/lasentinelle.dz\/#\/schema\/person\/729ee0024f24e0b8c5ec17232f8e8b41"},"headline":"UA-UE : Attaf souligne la n\u00e9cessit\u00e9 d&rsquo;\u00e9tablir un partenariat efficace","datePublished":"2025-05-22T11:33:24+00:00","dateModified":"2025-05-24T11:34:00+00:00","mainEntityOfPage":{"@id":"https:\/\/lasentinelle.dz\/index.php\/2025\/05\/22\/ua-ue-attaf-souligne-la-necessite-detablir-un-partenariat-efficace\/"},"wordCount":410,"commentCount":0,"publisher":{"@id":"https:\/\/lasentinelle.dz\/#organization"},"image":{"@id":"https:\/\/lasentinelle.dz\/index.php\/2025\/05\/22\/ua-ue-attaf-souligne-la-necessite-detablir-un-partenariat-efficace\/#primaryimage"},"thumbnailUrl":"https:\/\/lasentinelle.dz\/wp-content\/uploads\/2025\/02\/attaf.jpg","articleSection":["Actualit\u00e9"],"inLanguage":"fr-FR","potentialAction":[{"@type":"CommentAction","name":"Comment","target":["https:\/\/lasentinelle.dz\/index.php\/2025\/05\/22\/ua-ue-attaf-souligne-la-necessite-detablir-un-partenariat-efficace\/#respond"]}]},{"@type":"WebPage","@id":"https:\/\/lasentinelle.dz\/index.php\/2025\/05\/22\/ua-ue-attaf-souligne-la-necessite-detablir-un-partenariat-efficace\/","url":"https:\/\/lasentinelle.dz\/index.php\/2025\/05\/22\/ua-ue-attaf-souligne-la-necessite-detablir-un-partenariat-efficace\/","name":"UA-UE : Attaf souligne la n\u00e9cessit\u00e9 d&rsquo;\u00e9tablir un partenariat efficace - La Sentinelle","isPartOf":{"@id":"https:\/\/lasentinelle.dz\/#website"},"primaryImageOfPage":{"@id":"https:\/\/lasentinelle.dz\/index.php\/2025\/05\/22\/ua-ue-attaf-souligne-la-necessite-detablir-un-partenariat-efficace\/#primaryimage"},"image":{"@id":"https:\/\/lasentinelle.dz\/index.php\/2025\/05\/22\/ua-ue-attaf-souligne-la-necessite-detablir-un-partenariat-efficace\/#primaryimage"},"thumbnailUrl":"https:\/\/lasentinelle.dz\/wp-content\/uploads\/2025\/02\/attaf.jpg","datePublished":"2025-05-22T11:33:24+00:00","dateModified":"2025-05-24T11:34:00+00:00","breadcrumb":{"@id":"https:\/\/lasentinelle.dz\/index.php\/2025\/05\/22\/ua-ue-attaf-souligne-la-necessite-detablir-un-partenariat-efficace\/#breadcrumb"},"inLanguage":"fr-FR","potentialAction":[{"@type":"ReadAction","target":["https:\/\/lasentinelle.dz\/index.php\/2025\/05\/22\/ua-ue-attaf-souligne-la-necessite-detablir-un-partenariat-efficace\/"]}]},{"@type":"ImageObject","inLanguage":"fr-FR","@id":"https:\/\/lasentinelle.dz\/index.php\/2025\/05\/22\/ua-ue-attaf-souligne-la-necessite-detablir-un-partenariat-efficace\/#primaryimage","url":"https:\/\/lasentinelle.dz\/wp-content\/uploads\/2025\/02\/attaf.jpg","contentUrl":"https:\/\/lasentinelle.dz\/wp-content\/uploads\/2025\/02\/attaf.jpg","width":1600,"height":704},{"@type":"BreadcrumbList","@id":"https:\/\/lasentinelle.dz\/index.php\/2025\/05\/22\/ua-ue-attaf-souligne-la-necessite-detablir-un-partenariat-efficace\/#breadcrumb","itemListElement":[{"@type":"ListItem","position":1,"name":"Accueil","item":"https:\/\/lasentinelle.dz\/"},{"@type":"ListItem","position":2,"name":"UA-UE : Attaf souligne la n\u00e9cessit\u00e9 d&rsquo;\u00e9tablir un partenariat efficace"}]},{"@type":"WebSite","@id":"https:\/\/lasentinelle.dz\/#website","url":"https:\/\/lasentinelle.dz\/","name":"La Sentinelle","description":"Quotidien national d&#039;information","publisher":{"@id":"https:\/\/lasentinelle.dz\/#organization"},"potentialAction":[{"@type":"SearchAction","target":{"@type":"EntryPoint","urlTemplate":"https:\/\/lasentinelle.dz\/?s={search_term_string}"},"query-input":{"@type":"PropertyValueSpecification","valueRequired":true,"valueName":"search_term_string"}}],"inLanguage":"fr-FR"},{"@type":"Organization","@id":"https:\/\/lasentinelle.dz\/#organization","name":"Quotidien La Sentinelle","url":"https:\/\/lasentinelle.dz\/","logo":{"@type":"ImageObject","inLanguage":"fr-FR","@id":"https:\/\/lasentinelle.dz\/#\/schema\/logo\/image\/","url":"https:\/\/lasentinelle.dz\/wp-content\/uploads\/2021\/09\/logo-sentinelleSLOGAN-1.png","contentUrl":"https:\/\/lasentinelle.dz\/wp-content\/uploads\/2021\/09\/logo-sentinelleSLOGAN-1.png","width":615,"height":142,"caption":"Quotidien La Sentinelle"},"image":{"@id":"https:\/\/lasentinelle.dz\/#\/schema\/logo\/image\/"},"sameAs":["https:\/\/www.facebook.com\/La-Sentinelle-104059864394773"]},{"@type":"Person","@id":"https:\/\/lasentinelle.dz\/#\/schema\/person\/729ee0024f24e0b8c5ec17232f8e8b41","name":"admin","image":{"@type":"ImageObject","inLanguage":"fr-FR","@id":"https:\/\/secure.gravatar.com\/avatar\/4c81fed838786e9b53f540bf46533e750f5d292099ae3b66cfc6fb1982e29df7?s=96&d=mm&r=g","url":"https:\/\/secure.gravatar.com\/avatar\/4c81fed838786e9b53f540bf46533e750f5d292099ae3b66cfc6fb1982e29df7?s=96&d=mm&r=g","contentUrl":"https:\/\/secure.gravatar.com\/avatar\/4c81fed838786e9b53f540bf46533e750f5d292099ae3b66cfc6fb1982e29df7?s=96&d=mm&r=g","caption":"admin"},"description":"admin","url":"https:\/\/lasentinelle.dz\/author\/admin\/"}]}},"_links":{"self":[{"href":"https:\/\/lasentinelle.dz\/index.php\/wp-json\/wp\/v2\/posts\/67802","targetHints":{"allow":["GET"]}}],"collection":[{"href":"https:\/\/lasentinelle.dz\/index.php\/wp-json\/wp\/v2\/posts"}],"about":[{"href":"https:\/\/lasentinelle.dz\/index.php\/wp-json\/wp\/v2\/types\/post"}],"author":[{"embeddable":true,"href":"https:\/\/lasentinelle.dz\/index.php\/wp-json\/wp\/v2\/users\/6"}],"replies":[{"embeddable":true,"href":"https:\/\/lasentinelle.dz\/index.php\/wp-json\/wp\/v2\/comments?post=67802"}],"version-history":[{"count":2,"href":"https:\/\/lasentinelle.dz\/index.php\/wp-json\/wp\/v2\/posts\/67802\/revisions"}],"predecessor-version":[{"id":67804,"href":"https:\/\/lasentinelle.dz\/index.php\/wp-json\/wp\/v2\/posts\/67802\/revisions\/67804"}],"wp:featuredmedia":[{"embeddable":true,"href":"https:\/\/lasentinelle.dz\/index.php\/wp-json\/wp\/v2\/media\/63088"}],"wp:attachment":[{"href":"https:\/\/lasentinelle.dz\/index.php\/wp-json\/wp\/v2\/media?parent=67802"}],"wp:term":[{"taxonomy":"category","embeddable":true,"href":"https:\/\/lasentinelle.dz\/index.php\/wp-json\/wp\/v2\/categories?post=67802"},{"taxonomy":"post_tag","embeddable":true,"href":"https:\/\/lasentinelle.dz\/index.php\/wp-json\/wp\/v2\/tags?post=67802"}],"curies":[{"name":"wp","href":"https:\/\/api.w.org\/{rel}","templated":true}]}}