{"id":67805,"date":"2025-05-22T12:34:13","date_gmt":"2025-05-22T11:34:13","guid":{"rendered":"https:\/\/lasentinelle.dz\/?p=67805"},"modified":"2025-05-24T12:34:55","modified_gmt":"2025-05-24T11:34:55","slug":"revision-de-laccord-dassociation-et-reactivation-des-institutions-relancer-le-partenariat-algerie-ue","status":"publish","type":"post","link":"https:\/\/lasentinelle.dz\/index.php\/2025\/05\/22\/revision-de-laccord-dassociation-et-reactivation-des-institutions-relancer-le-partenariat-algerie-ue\/","title":{"rendered":"R\u00e9vision de l&rsquo;accord d&rsquo;association et r\u00e9activation des institutions : Relancer le partenariat Alg\u00e9rie-UE"},"content":{"rendered":"\n<p>Le ministre d&rsquo;\u00c9tat, ministre des Affaires \u00e9trang\u00e8res, de la Communaut\u00e9 nationale \u00e0 l&rsquo;\u00e9tranger et des Affaires africaines, Ahmed Attaf, s&rsquo;est entretenu mercredi \u00e0 Bruxelles avec la Haute repr\u00e9sentante de l&rsquo;Union europ\u00e9enne pour les affaires \u00e9trang\u00e8res et la politique de s\u00e9curit\u00e9, Kaja Kallas. Cette rencontre, qui s&rsquo;est d\u00e9roul\u00e9e en marge de la 3e r\u00e9union des ministres des Affaires \u00e9trang\u00e8res de l&rsquo;Union africaine et de l&rsquo;Union europ\u00e9enne, marque une \u00e9tape importante dans le processus de redynamisation des relations alg\u00e9ro-europ\u00e9ennes.<\/p>\n\n\n\n<p>Selon un communiqu\u00e9 du minist\u00e8re des Affaires \u00e9trang\u00e8res, de la Communaut\u00e9 nationale \u00e0 l&rsquo;\u00e9tranger et des Affaires africaines, les discussions ont permis d&rsquo;explorer \u00ab\u00a0les diff\u00e9rents aspects des relations de coop\u00e9ration et de coordination unissant l&rsquo;Alg\u00e9rie et l&rsquo;Union europ\u00e9enne, dans la perspective de r\u00e9activer les m\u00e9canismes institutionnels encadrant le partenariat alg\u00e9ro-europ\u00e9en\u00a0\u00bb. Un point central des \u00e9changes a concern\u00e9 la r\u00e9vision de l&rsquo;accord d&rsquo;association entre l&rsquo;Alg\u00e9rie et l&rsquo;UE, avec pour objectif de \u00ab\u00a0conf\u00e9rer \u00e0 ce partenariat l&rsquo;\u00e9quilibre escompt\u00e9, notamment dans son volet \u00e9conomique\u00a0\u00bb. Les deux parties ont \u00e9galement abord\u00e9 plusieurs questions d&rsquo;actualit\u00e9 internationale, en particulier les d\u00e9veloppements de la situation en Libye et les tensions dans la r\u00e9gion du Sahel.<\/p>\n\n\n\n<p>Cette rencontre s&rsquo;inscrit dans un contexte o\u00f9 les deux parties affichent l&rsquo;ambition de relancer leur coop\u00e9ration et en faire un partenariat strat\u00e9gique assis sur des \u00e9changes plus \u00e9quilibr\u00e9s. Dans ce sens, l&rsquo;ambassadeur de l&rsquo;Union europ\u00e9enne en Alg\u00e9rie, Diego Mellado, a affich\u00e9 au mois de f\u00e9vrier dernier la volont\u00e9 claire de Bruxelles de donner un nouveau souffle \u00e0 ce partenariat strat\u00e9gique, en soulignant que l&rsquo;ann\u00e9e 2025 constituerait \u00ab\u00a0une bonne occasion de les approfondir et de les consolider sur la base d&rsquo;un partenariat gagnant-gagnant\u00a0\u00bb. Cette position marque un tournant significatif dans l&rsquo;approche europ\u00e9enne, d\u00e9sormais consciente de la n\u00e9cessit\u00e9 d&rsquo;adapter l&rsquo;accord aux nouvelles r\u00e9alit\u00e9s \u00e9conomiques et g\u00e9ostrat\u00e9giques. \u00ab\u00a0Apr\u00e8s 20 ans de mise en \u0153uvre de l&rsquo;accord d&rsquo;association, et face aux nouvelles r\u00e9alit\u00e9s g\u00e9ostrat\u00e9giques, c&rsquo;est le moment pour revisiter notre partenariat et regarder nos relations dans leur globalit\u00e9, notamment dans le cadre du nouveau pacte pour la M\u00e9diterran\u00e9e\u00a0\u00bb, a d\u00e9clar\u00e9 l&rsquo;ambassadeur Mellado lors d&rsquo;un rencontre tenue \u00e0 Alger. Cette reconnaissance du besoin de r\u00e9vision fait \u00e9cho aux demandes r\u00e9p\u00e9t\u00e9es de l&rsquo;Alg\u00e9rie, qui plaide depuis longtemps pour un r\u00e9\u00e9quilibrage de l&rsquo;accord.<\/p>\n\n\n\n<p>L&rsquo;\u00e9volution de la position europ\u00e9enne intervient alors que l&rsquo;Alg\u00e9rie a consid\u00e9rablement diversifi\u00e9 son \u00e9conomie depuis la signature de l&rsquo;accord en 2005. Cette transformation a \u00e9t\u00e9 clairement expos\u00e9e par le Pr\u00e9sident Abdelmadjid Tebboune lors du Conseil des ministres du 26 janvier, o\u00f9 il a soulign\u00e9 que \u00ab\u00a0la r\u00e9vision de cet accord est dict\u00e9e par des r\u00e9alit\u00e9s \u00e9conomiques\u00a0\u00bb. Le chef de l&rsquo;\u00c9tat a notamment rappel\u00e9 qu&rsquo;en 2005, \u00ab\u00a0les exportations de l&rsquo;Alg\u00e9rie reposaient essentiellement sur les hydrocarbures, alors qu&rsquo;aujourd&rsquo;hui, nos exportations hors hydrocarbures se sont diversifi\u00e9es et \u00e9largies, notamment dans les secteurs de la production agricole, des minerais, du ciment et des produits alimentaires\u00a0\u00bb.<\/p>\n\n\n\n<p>Les d\u00e9s\u00e9quilibres de l&rsquo;accord actuel ont \u00e9t\u00e9 particuli\u00e8rement mis en lumi\u00e8re par le ministre Ahmed Attaf, qui n&rsquo;a pas h\u00e9sit\u00e9 \u00e0 le qualifier en d\u00e9cembre dernier de \u00ab\u00a0boulet au pied de l&rsquo;\u00e9conomie nationale\u00a0\u00bb. Les chiffres qu&rsquo;il a pr\u00e9sent\u00e9s en d\u00e9cembre 2024 sont r\u00e9v\u00e9lateurs : entre 2005 et 2023, alors que les \u00e9changes commerciaux ont atteint pr\u00e8s de 1000 milliards de dollars pour les produits europ\u00e9ens en Alg\u00e9rie, les investissements europ\u00e9ens n&rsquo;ont totalis\u00e9 que 13 milliards de dollars, dont 12 milliards ont \u00e9t\u00e9 rapatri\u00e9s sous forme de dividendes, laissant \u00e0 l&rsquo;Alg\u00e9rie un b\u00e9n\u00e9fice net d&rsquo;\u00e0 peine un milliard de dollars sur cette p\u00e9riode.<\/p>\n\n\n\n<p>Salim Amokrane<\/p>\n","protected":false},"excerpt":{"rendered":"<p>Le ministre d&rsquo;\u00c9tat, ministre des Affaires \u00e9trang\u00e8res, de la Communaut\u00e9 nationale \u00e0 l&rsquo;\u00e9tranger et des Affaires africaines, Ahmed Attaf, s&rsquo;est<\/p>\n","protected":false},"author":6,"featured_media":67806,"comment_status":"open","ping_status":"closed","sticky":false,"template":"","format":"standard","meta":{"colormag_page_container_layout":"default_layout","colormag_page_sidebar_layout":"default_layout","om_disable_all_campaigns":false,"_monsterinsights_skip_tracking":false,"_monsterinsights_sitenote_active":false,"_monsterinsights_sitenote_note":"","_monsterinsights_sitenote_category":0,"footnotes":"","_wpscppro_dont_share_socialmedia":false,"_wpscppro_custom_social_share_image":0,"_facebook_share_type":"default","_twitter_share_type":"default","_linkedin_share_type":"default","_pinterest_share_type":"default","_linkedin_share_type_page":"","_instagram_share_type":"default","_medium_share_type":"default","_threads_share_type":"","_google_business_share_type":"","_selected_social_profile":[],"_wpsp_enable_custom_social_template":false,"_wpsp_social_scheduling":{"enabled":false,"datetime":null,"platforms":[],"status":"template_only","dateOption":"today","timeOption":"now","customDays":"","customHours":"","customDate":"","customTime":"","schedulingType":"absolute"},"_wpsp_active_default_template":true},"categories":[52,27],"tags":[],"class_list":["post-67805","post","type-post","status-publish","format-standard","has-post-thumbnail","hentry","category-a-la-une","category-actualite"],"aioseo_notices":[],"yoast_head":"<!-- This site is optimized with the Yoast SEO plugin v27.5 - https:\/\/yoast.com\/product\/yoast-seo-wordpress\/ -->\n<title>R\u00e9vision de l&rsquo;accord d&rsquo;association et r\u00e9activation des institutions : Relancer le partenariat Alg\u00e9rie-UE - La Sentinelle<\/title>\n<meta name=\"robots\" content=\"index, follow, max-snippet:-1, max-image-preview:large, max-video-preview:-1\" \/>\n<link rel=\"canonical\" href=\"https:\/\/lasentinelle.dz\/index.php\/2025\/05\/22\/revision-de-laccord-dassociation-et-reactivation-des-institutions-relancer-le-partenariat-algerie-ue\/\" \/>\n<meta property=\"og:locale\" content=\"fr_FR\" \/>\n<meta property=\"og:type\" content=\"article\" \/>\n<meta property=\"og:title\" content=\"R\u00e9vision de l&rsquo;accord d&rsquo;association et r\u00e9activation des institutions : Relancer le partenariat Alg\u00e9rie-UE - La Sentinelle\" \/>\n<meta property=\"og:description\" content=\"Le ministre d&rsquo;\u00c9tat, ministre des Affaires \u00e9trang\u00e8res, de la Communaut\u00e9 nationale \u00e0 l&rsquo;\u00e9tranger et des Affaires africaines, Ahmed Attaf, s&rsquo;est\" \/>\n<meta property=\"og:url\" content=\"https:\/\/lasentinelle.dz\/index.php\/2025\/05\/22\/revision-de-laccord-dassociation-et-reactivation-des-institutions-relancer-le-partenariat-algerie-ue\/\" \/>\n<meta property=\"og:site_name\" content=\"La Sentinelle\" \/>\n<meta property=\"article:publisher\" content=\"https:\/\/www.facebook.com\/La-Sentinelle-104059864394773\" \/>\n<meta property=\"article:published_time\" content=\"2025-05-22T11:34:13+00:00\" \/>\n<meta property=\"article:modified_time\" content=\"2025-05-24T11:34:55+00:00\" \/>\n<meta property=\"og:image\" content=\"https:\/\/lasentinelle.dz\/wp-content\/uploads\/2025\/05\/Attaf-UE.jpg\" \/>\n\t<meta property=\"og:image:width\" content=\"800\" \/>\n\t<meta property=\"og:image:height\" content=\"532\" \/>\n\t<meta property=\"og:image:type\" content=\"image\/jpeg\" \/>\n<meta name=\"author\" content=\"admin\" \/>\n<meta name=\"twitter:card\" content=\"summary_large_image\" \/>\n<meta name=\"twitter:label1\" content=\"\u00c9crit par\" \/>\n\t<meta name=\"twitter:data1\" content=\"admin\" \/>\n\t<meta name=\"twitter:label2\" content=\"Dur\u00e9e de lecture estim\u00e9e\" \/>\n\t<meta name=\"twitter:data2\" content=\"4 minutes\" \/>\n<script type=\"application\/ld+json\" class=\"yoast-schema-graph\">{\"@context\":\"https:\\\/\\\/schema.org\",\"@graph\":[{\"@type\":\"Article\",\"@id\":\"https:\\\/\\\/lasentinelle.dz\\\/index.php\\\/2025\\\/05\\\/22\\\/revision-de-laccord-dassociation-et-reactivation-des-institutions-relancer-le-partenariat-algerie-ue\\\/#article\",\"isPartOf\":{\"@id\":\"https:\\\/\\\/lasentinelle.dz\\\/index.php\\\/2025\\\/05\\\/22\\\/revision-de-laccord-dassociation-et-reactivation-des-institutions-relancer-le-partenariat-algerie-ue\\\/\"},\"author\":{\"name\":\"admin\",\"@id\":\"https:\\\/\\\/lasentinelle.dz\\\/#\\\/schema\\\/person\\\/729ee0024f24e0b8c5ec17232f8e8b41\"},\"headline\":\"R\u00e9vision de l&rsquo;accord d&rsquo;association et r\u00e9activation des institutions : Relancer le partenariat Alg\u00e9rie-UE\",\"datePublished\":\"2025-05-22T11:34:13+00:00\",\"dateModified\":\"2025-05-24T11:34:55+00:00\",\"mainEntityOfPage\":{\"@id\":\"https:\\\/\\\/lasentinelle.dz\\\/index.php\\\/2025\\\/05\\\/22\\\/revision-de-laccord-dassociation-et-reactivation-des-institutions-relancer-le-partenariat-algerie-ue\\\/\"},\"wordCount\":699,\"commentCount\":0,\"publisher\":{\"@id\":\"https:\\\/\\\/lasentinelle.dz\\\/#organization\"},\"image\":{\"@id\":\"https:\\\/\\\/lasentinelle.dz\\\/index.php\\\/2025\\\/05\\\/22\\\/revision-de-laccord-dassociation-et-reactivation-des-institutions-relancer-le-partenariat-algerie-ue\\\/#primaryimage\"},\"thumbnailUrl\":\"https:\\\/\\\/lasentinelle.dz\\\/wp-content\\\/uploads\\\/2025\\\/05\\\/Attaf-UE.jpg\",\"articleSection\":[\"\u00c0 la Une\",\"Actualit\u00e9\"],\"inLanguage\":\"fr-FR\",\"potentialAction\":[{\"@type\":\"CommentAction\",\"name\":\"Comment\",\"target\":[\"https:\\\/\\\/lasentinelle.dz\\\/index.php\\\/2025\\\/05\\\/22\\\/revision-de-laccord-dassociation-et-reactivation-des-institutions-relancer-le-partenariat-algerie-ue\\\/#respond\"]}]},{\"@type\":\"WebPage\",\"@id\":\"https:\\\/\\\/lasentinelle.dz\\\/index.php\\\/2025\\\/05\\\/22\\\/revision-de-laccord-dassociation-et-reactivation-des-institutions-relancer-le-partenariat-algerie-ue\\\/\",\"url\":\"https:\\\/\\\/lasentinelle.dz\\\/index.php\\\/2025\\\/05\\\/22\\\/revision-de-laccord-dassociation-et-reactivation-des-institutions-relancer-le-partenariat-algerie-ue\\\/\",\"name\":\"R\u00e9vision de l&rsquo;accord d&rsquo;association et r\u00e9activation des institutions : Relancer le partenariat Alg\u00e9rie-UE - La Sentinelle\",\"isPartOf\":{\"@id\":\"https:\\\/\\\/lasentinelle.dz\\\/#website\"},\"primaryImageOfPage\":{\"@id\":\"https:\\\/\\\/lasentinelle.dz\\\/index.php\\\/2025\\\/05\\\/22\\\/revision-de-laccord-dassociation-et-reactivation-des-institutions-relancer-le-partenariat-algerie-ue\\\/#primaryimage\"},\"image\":{\"@id\":\"https:\\\/\\\/lasentinelle.dz\\\/index.php\\\/2025\\\/05\\\/22\\\/revision-de-laccord-dassociation-et-reactivation-des-institutions-relancer-le-partenariat-algerie-ue\\\/#primaryimage\"},\"thumbnailUrl\":\"https:\\\/\\\/lasentinelle.dz\\\/wp-content\\\/uploads\\\/2025\\\/05\\\/Attaf-UE.jpg\",\"datePublished\":\"2025-05-22T11:34:13+00:00\",\"dateModified\":\"2025-05-24T11:34:55+00:00\",\"breadcrumb\":{\"@id\":\"https:\\\/\\\/lasentinelle.dz\\\/index.php\\\/2025\\\/05\\\/22\\\/revision-de-laccord-dassociation-et-reactivation-des-institutions-relancer-le-partenariat-algerie-ue\\\/#breadcrumb\"},\"inLanguage\":\"fr-FR\",\"potentialAction\":[{\"@type\":\"ReadAction\",\"target\":[\"https:\\\/\\\/lasentinelle.dz\\\/index.php\\\/2025\\\/05\\\/22\\\/revision-de-laccord-dassociation-et-reactivation-des-institutions-relancer-le-partenariat-algerie-ue\\\/\"]}]},{\"@type\":\"ImageObject\",\"inLanguage\":\"fr-FR\",\"@id\":\"https:\\\/\\\/lasentinelle.dz\\\/index.php\\\/2025\\\/05\\\/22\\\/revision-de-laccord-dassociation-et-reactivation-des-institutions-relancer-le-partenariat-algerie-ue\\\/#primaryimage\",\"url\":\"https:\\\/\\\/lasentinelle.dz\\\/wp-content\\\/uploads\\\/2025\\\/05\\\/Attaf-UE.jpg\",\"contentUrl\":\"https:\\\/\\\/lasentinelle.dz\\\/wp-content\\\/uploads\\\/2025\\\/05\\\/Attaf-UE.jpg\",\"width\":800,\"height\":532},{\"@type\":\"BreadcrumbList\",\"@id\":\"https:\\\/\\\/lasentinelle.dz\\\/index.php\\\/2025\\\/05\\\/22\\\/revision-de-laccord-dassociation-et-reactivation-des-institutions-relancer-le-partenariat-algerie-ue\\\/#breadcrumb\",\"itemListElement\":[{\"@type\":\"ListItem\",\"position\":1,\"name\":\"Accueil\",\"item\":\"https:\\\/\\\/lasentinelle.dz\\\/\"},{\"@type\":\"ListItem\",\"position\":2,\"name\":\"R\u00e9vision de l&rsquo;accord d&rsquo;association et r\u00e9activation des institutions : Relancer le partenariat Alg\u00e9rie-UE\"}]},{\"@type\":\"WebSite\",\"@id\":\"https:\\\/\\\/lasentinelle.dz\\\/#website\",\"url\":\"https:\\\/\\\/lasentinelle.dz\\\/\",\"name\":\"La Sentinelle\",\"description\":\"Quotidien national d&#039;information\",\"publisher\":{\"@id\":\"https:\\\/\\\/lasentinelle.dz\\\/#organization\"},\"potentialAction\":[{\"@type\":\"SearchAction\",\"target\":{\"@type\":\"EntryPoint\",\"urlTemplate\":\"https:\\\/\\\/lasentinelle.dz\\\/?s={search_term_string}\"},\"query-input\":{\"@type\":\"PropertyValueSpecification\",\"valueRequired\":true,\"valueName\":\"search_term_string\"}}],\"inLanguage\":\"fr-FR\"},{\"@type\":\"Organization\",\"@id\":\"https:\\\/\\\/lasentinelle.dz\\\/#organization\",\"name\":\"Quotidien La Sentinelle\",\"url\":\"https:\\\/\\\/lasentinelle.dz\\\/\",\"logo\":{\"@type\":\"ImageObject\",\"inLanguage\":\"fr-FR\",\"@id\":\"https:\\\/\\\/lasentinelle.dz\\\/#\\\/schema\\\/logo\\\/image\\\/\",\"url\":\"https:\\\/\\\/lasentinelle.dz\\\/wp-content\\\/uploads\\\/2021\\\/09\\\/logo-sentinelleSLOGAN-1.png\",\"contentUrl\":\"https:\\\/\\\/lasentinelle.dz\\\/wp-content\\\/uploads\\\/2021\\\/09\\\/logo-sentinelleSLOGAN-1.png\",\"width\":615,\"height\":142,\"caption\":\"Quotidien La Sentinelle\"},\"image\":{\"@id\":\"https:\\\/\\\/lasentinelle.dz\\\/#\\\/schema\\\/logo\\\/image\\\/\"},\"sameAs\":[\"https:\\\/\\\/www.facebook.com\\\/La-Sentinelle-104059864394773\"]},{\"@type\":\"Person\",\"@id\":\"https:\\\/\\\/lasentinelle.dz\\\/#\\\/schema\\\/person\\\/729ee0024f24e0b8c5ec17232f8e8b41\",\"name\":\"admin\",\"image\":{\"@type\":\"ImageObject\",\"inLanguage\":\"fr-FR\",\"@id\":\"https:\\\/\\\/secure.gravatar.com\\\/avatar\\\/4c81fed838786e9b53f540bf46533e750f5d292099ae3b66cfc6fb1982e29df7?s=96&d=mm&r=g\",\"url\":\"https:\\\/\\\/secure.gravatar.com\\\/avatar\\\/4c81fed838786e9b53f540bf46533e750f5d292099ae3b66cfc6fb1982e29df7?s=96&d=mm&r=g\",\"contentUrl\":\"https:\\\/\\\/secure.gravatar.com\\\/avatar\\\/4c81fed838786e9b53f540bf46533e750f5d292099ae3b66cfc6fb1982e29df7?s=96&d=mm&r=g\",\"caption\":\"admin\"},\"description\":\"admin\",\"url\":\"https:\\\/\\\/lasentinelle.dz\\\/author\\\/admin\\\/\"}]}<\/script>\n<!-- \/ Yoast SEO plugin. -->","yoast_head_json":{"title":"R\u00e9vision de l&rsquo;accord d&rsquo;association et r\u00e9activation des institutions : Relancer le partenariat Alg\u00e9rie-UE - La Sentinelle","robots":{"index":"index","follow":"follow","max-snippet":"max-snippet:-1","max-image-preview":"max-image-preview:large","max-video-preview":"max-video-preview:-1"},"canonical":"https:\/\/lasentinelle.dz\/index.php\/2025\/05\/22\/revision-de-laccord-dassociation-et-reactivation-des-institutions-relancer-le-partenariat-algerie-ue\/","og_locale":"fr_FR","og_type":"article","og_title":"R\u00e9vision de l&rsquo;accord d&rsquo;association et r\u00e9activation des institutions : Relancer le partenariat Alg\u00e9rie-UE - La Sentinelle","og_description":"Le ministre d&rsquo;\u00c9tat, ministre des Affaires \u00e9trang\u00e8res, de la Communaut\u00e9 nationale \u00e0 l&rsquo;\u00e9tranger et des Affaires africaines, Ahmed Attaf, s&rsquo;est","og_url":"https:\/\/lasentinelle.dz\/index.php\/2025\/05\/22\/revision-de-laccord-dassociation-et-reactivation-des-institutions-relancer-le-partenariat-algerie-ue\/","og_site_name":"La Sentinelle","article_publisher":"https:\/\/www.facebook.com\/La-Sentinelle-104059864394773","article_published_time":"2025-05-22T11:34:13+00:00","article_modified_time":"2025-05-24T11:34:55+00:00","og_image":[{"width":800,"height":532,"url":"https:\/\/lasentinelle.dz\/wp-content\/uploads\/2025\/05\/Attaf-UE.jpg","type":"image\/jpeg"}],"author":"admin","twitter_card":"summary_large_image","twitter_misc":{"\u00c9crit par":"admin","Dur\u00e9e de lecture estim\u00e9e":"4 minutes"},"schema":{"@context":"https:\/\/schema.org","@graph":[{"@type":"Article","@id":"https:\/\/lasentinelle.dz\/index.php\/2025\/05\/22\/revision-de-laccord-dassociation-et-reactivation-des-institutions-relancer-le-partenariat-algerie-ue\/#article","isPartOf":{"@id":"https:\/\/lasentinelle.dz\/index.php\/2025\/05\/22\/revision-de-laccord-dassociation-et-reactivation-des-institutions-relancer-le-partenariat-algerie-ue\/"},"author":{"name":"admin","@id":"https:\/\/lasentinelle.dz\/#\/schema\/person\/729ee0024f24e0b8c5ec17232f8e8b41"},"headline":"R\u00e9vision de l&rsquo;accord d&rsquo;association et r\u00e9activation des institutions : Relancer le partenariat Alg\u00e9rie-UE","datePublished":"2025-05-22T11:34:13+00:00","dateModified":"2025-05-24T11:34:55+00:00","mainEntityOfPage":{"@id":"https:\/\/lasentinelle.dz\/index.php\/2025\/05\/22\/revision-de-laccord-dassociation-et-reactivation-des-institutions-relancer-le-partenariat-algerie-ue\/"},"wordCount":699,"commentCount":0,"publisher":{"@id":"https:\/\/lasentinelle.dz\/#organization"},"image":{"@id":"https:\/\/lasentinelle.dz\/index.php\/2025\/05\/22\/revision-de-laccord-dassociation-et-reactivation-des-institutions-relancer-le-partenariat-algerie-ue\/#primaryimage"},"thumbnailUrl":"https:\/\/lasentinelle.dz\/wp-content\/uploads\/2025\/05\/Attaf-UE.jpg","articleSection":["\u00c0 la Une","Actualit\u00e9"],"inLanguage":"fr-FR","potentialAction":[{"@type":"CommentAction","name":"Comment","target":["https:\/\/lasentinelle.dz\/index.php\/2025\/05\/22\/revision-de-laccord-dassociation-et-reactivation-des-institutions-relancer-le-partenariat-algerie-ue\/#respond"]}]},{"@type":"WebPage","@id":"https:\/\/lasentinelle.dz\/index.php\/2025\/05\/22\/revision-de-laccord-dassociation-et-reactivation-des-institutions-relancer-le-partenariat-algerie-ue\/","url":"https:\/\/lasentinelle.dz\/index.php\/2025\/05\/22\/revision-de-laccord-dassociation-et-reactivation-des-institutions-relancer-le-partenariat-algerie-ue\/","name":"R\u00e9vision de l&rsquo;accord d&rsquo;association et r\u00e9activation des institutions : Relancer le partenariat Alg\u00e9rie-UE - La Sentinelle","isPartOf":{"@id":"https:\/\/lasentinelle.dz\/#website"},"primaryImageOfPage":{"@id":"https:\/\/lasentinelle.dz\/index.php\/2025\/05\/22\/revision-de-laccord-dassociation-et-reactivation-des-institutions-relancer-le-partenariat-algerie-ue\/#primaryimage"},"image":{"@id":"https:\/\/lasentinelle.dz\/index.php\/2025\/05\/22\/revision-de-laccord-dassociation-et-reactivation-des-institutions-relancer-le-partenariat-algerie-ue\/#primaryimage"},"thumbnailUrl":"https:\/\/lasentinelle.dz\/wp-content\/uploads\/2025\/05\/Attaf-UE.jpg","datePublished":"2025-05-22T11:34:13+00:00","dateModified":"2025-05-24T11:34:55+00:00","breadcrumb":{"@id":"https:\/\/lasentinelle.dz\/index.php\/2025\/05\/22\/revision-de-laccord-dassociation-et-reactivation-des-institutions-relancer-le-partenariat-algerie-ue\/#breadcrumb"},"inLanguage":"fr-FR","potentialAction":[{"@type":"ReadAction","target":["https:\/\/lasentinelle.dz\/index.php\/2025\/05\/22\/revision-de-laccord-dassociation-et-reactivation-des-institutions-relancer-le-partenariat-algerie-ue\/"]}]},{"@type":"ImageObject","inLanguage":"fr-FR","@id":"https:\/\/lasentinelle.dz\/index.php\/2025\/05\/22\/revision-de-laccord-dassociation-et-reactivation-des-institutions-relancer-le-partenariat-algerie-ue\/#primaryimage","url":"https:\/\/lasentinelle.dz\/wp-content\/uploads\/2025\/05\/Attaf-UE.jpg","contentUrl":"https:\/\/lasentinelle.dz\/wp-content\/uploads\/2025\/05\/Attaf-UE.jpg","width":800,"height":532},{"@type":"BreadcrumbList","@id":"https:\/\/lasentinelle.dz\/index.php\/2025\/05\/22\/revision-de-laccord-dassociation-et-reactivation-des-institutions-relancer-le-partenariat-algerie-ue\/#breadcrumb","itemListElement":[{"@type":"ListItem","position":1,"name":"Accueil","item":"https:\/\/lasentinelle.dz\/"},{"@type":"ListItem","position":2,"name":"R\u00e9vision de l&rsquo;accord d&rsquo;association et r\u00e9activation des institutions : Relancer le partenariat Alg\u00e9rie-UE"}]},{"@type":"WebSite","@id":"https:\/\/lasentinelle.dz\/#website","url":"https:\/\/lasentinelle.dz\/","name":"La Sentinelle","description":"Quotidien national d&#039;information","publisher":{"@id":"https:\/\/lasentinelle.dz\/#organization"},"potentialAction":[{"@type":"SearchAction","target":{"@type":"EntryPoint","urlTemplate":"https:\/\/lasentinelle.dz\/?s={search_term_string}"},"query-input":{"@type":"PropertyValueSpecification","valueRequired":true,"valueName":"search_term_string"}}],"inLanguage":"fr-FR"},{"@type":"Organization","@id":"https:\/\/lasentinelle.dz\/#organization","name":"Quotidien La Sentinelle","url":"https:\/\/lasentinelle.dz\/","logo":{"@type":"ImageObject","inLanguage":"fr-FR","@id":"https:\/\/lasentinelle.dz\/#\/schema\/logo\/image\/","url":"https:\/\/lasentinelle.dz\/wp-content\/uploads\/2021\/09\/logo-sentinelleSLOGAN-1.png","contentUrl":"https:\/\/lasentinelle.dz\/wp-content\/uploads\/2021\/09\/logo-sentinelleSLOGAN-1.png","width":615,"height":142,"caption":"Quotidien La Sentinelle"},"image":{"@id":"https:\/\/lasentinelle.dz\/#\/schema\/logo\/image\/"},"sameAs":["https:\/\/www.facebook.com\/La-Sentinelle-104059864394773"]},{"@type":"Person","@id":"https:\/\/lasentinelle.dz\/#\/schema\/person\/729ee0024f24e0b8c5ec17232f8e8b41","name":"admin","image":{"@type":"ImageObject","inLanguage":"fr-FR","@id":"https:\/\/secure.gravatar.com\/avatar\/4c81fed838786e9b53f540bf46533e750f5d292099ae3b66cfc6fb1982e29df7?s=96&d=mm&r=g","url":"https:\/\/secure.gravatar.com\/avatar\/4c81fed838786e9b53f540bf46533e750f5d292099ae3b66cfc6fb1982e29df7?s=96&d=mm&r=g","contentUrl":"https:\/\/secure.gravatar.com\/avatar\/4c81fed838786e9b53f540bf46533e750f5d292099ae3b66cfc6fb1982e29df7?s=96&d=mm&r=g","caption":"admin"},"description":"admin","url":"https:\/\/lasentinelle.dz\/author\/admin\/"}]}},"_links":{"self":[{"href":"https:\/\/lasentinelle.dz\/index.php\/wp-json\/wp\/v2\/posts\/67805","targetHints":{"allow":["GET"]}}],"collection":[{"href":"https:\/\/lasentinelle.dz\/index.php\/wp-json\/wp\/v2\/posts"}],"about":[{"href":"https:\/\/lasentinelle.dz\/index.php\/wp-json\/wp\/v2\/types\/post"}],"author":[{"embeddable":true,"href":"https:\/\/lasentinelle.dz\/index.php\/wp-json\/wp\/v2\/users\/6"}],"replies":[{"embeddable":true,"href":"https:\/\/lasentinelle.dz\/index.php\/wp-json\/wp\/v2\/comments?post=67805"}],"version-history":[{"count":2,"href":"https:\/\/lasentinelle.dz\/index.php\/wp-json\/wp\/v2\/posts\/67805\/revisions"}],"predecessor-version":[{"id":67808,"href":"https:\/\/lasentinelle.dz\/index.php\/wp-json\/wp\/v2\/posts\/67805\/revisions\/67808"}],"wp:featuredmedia":[{"embeddable":true,"href":"https:\/\/lasentinelle.dz\/index.php\/wp-json\/wp\/v2\/media\/67806"}],"wp:attachment":[{"href":"https:\/\/lasentinelle.dz\/index.php\/wp-json\/wp\/v2\/media?parent=67805"}],"wp:term":[{"taxonomy":"category","embeddable":true,"href":"https:\/\/lasentinelle.dz\/index.php\/wp-json\/wp\/v2\/categories?post=67805"},{"taxonomy":"post_tag","embeddable":true,"href":"https:\/\/lasentinelle.dz\/index.php\/wp-json\/wp\/v2\/tags?post=67805"}],"curies":[{"name":"wp","href":"https:\/\/api.w.org\/{rel}","templated":true}]}}