{"id":67886,"date":"2025-05-26T11:39:16","date_gmt":"2025-05-26T10:39:16","guid":{"rendered":"https:\/\/lasentinelle.dz\/?p=67886"},"modified":"2025-05-26T11:39:17","modified_gmt":"2025-05-26T10:39:17","slug":"genocide-a-ghaza-le-cri-dalarme-de-lunicef","status":"publish","type":"post","link":"https:\/\/lasentinelle.dz\/index.php\/2025\/05\/26\/genocide-a-ghaza-le-cri-dalarme-de-lunicef\/","title":{"rendered":"G\u00e9nocide \u00e0 Ghaza : Le cri d&rsquo;alarme de l&rsquo;UNICEF"},"content":{"rendered":"\n<p>La machine de guerre sioniste poursuit son \u0153uvre de destruction syst\u00e9matique dans la bande de Ghaza, o\u00f9 le bilan des victimes palestiniennes a atteint le chiffre effroyable de 53.939 martyrs et 122.797 bless\u00e9s depuis le 7 octobre 2023, selon les autorit\u00e9s sanitaires palestiniennes. Cette trag\u00e9die humanitaire sans pr\u00e9c\u00e9dent, qualifi\u00e9e de g\u00e9nocide par de nombreuses voix internationales, s&rsquo;intensifie chaque jour davantage sous les bombardements aveugles de l&rsquo;arm\u00e9e d&rsquo;occupation qui n&rsquo;\u00e9pargne ni les enfants, ni les femmes, ni m\u00eame le personnel m\u00e9dical.<\/p>\n\n\n\n<p>L&rsquo;Office de secours et de travaux des Nations Unies pour les r\u00e9fugi\u00e9s de Palestine a lanc\u00e9 un cri d&rsquo;alarme face aux \u00ab\u00a0souffrances inimaginables\u00a0\u00bb endur\u00e9es par les enfants de Ghaza, soulignant que ces derniers \u00ab\u00a0souffrent de la faim, sont d\u00e9plac\u00e9s et expos\u00e9s \u00e0 des attaques aveugles\u00a0\u00bb. Cette d\u00e9nonciation intervient alors que l&rsquo;UNICEF r\u00e9v\u00e8le qu&rsquo;au moins 950 enfants ont \u00e9t\u00e9 tu\u00e9s en seulement deux mois dans l&rsquo;enclave palestinienne, t\u00e9moignant de l&rsquo;ampleur de cette guerre g\u00e9nocidaire men\u00e9e contre les plus vuln\u00e9rables de la population civile.<\/p>\n\n\n\n<p>La strat\u00e9gie de la famine mise en \u0153uvre par l&rsquo;occupant sioniste constitue l&rsquo;un des aspects les plus criminels de cette agression. Depuis le 2 mars, un blocus humanitaire total emp\u00eache l&rsquo;entr\u00e9e des aides vitales, transformant Ghaza en prison \u00e0 ciel ouvert o\u00f9 pr\u00e8s de deux millions de personnes risquent de mourir de faim. Le petit Mohammed Mustafa Yassin, \u00e2g\u00e9 de seulement quatre ans, est devenu samedi la 58\u00e8me victime de cette politique d&rsquo;affamement d\u00e9lib\u00e9r\u00e9e, portant \u00e0 242 le nombre total de d\u00e9c\u00e8s caus\u00e9s par la p\u00e9nurie de nourriture et de m\u00e9dicaments au cours des 80 derniers jours de si\u00e8ge.<\/p>\n\n\n\n<p>Le mouvement de r\u00e9sistance Hamas a d\u00e9nonc\u00e9 la supercherie des autorit\u00e9s sionistes qui pr\u00e9tendent autoriser l&rsquo;entr\u00e9e d&rsquo;aide humanitaire, r\u00e9v\u00e9lant que seulement 100 camions environ sont entr\u00e9s r\u00e9cemment, soit moins de 1% des besoins de base d&rsquo;une population de 2,4 millions d&rsquo;habitants. Cette d\u00e9sinformation s&rsquo;inscrit dans une strat\u00e9gie plus large visant \u00e0 masquer la r\u00e9alit\u00e9 d&rsquo;un g\u00e9nocide en cours, alors que 46.200 camions charg\u00e9s d&rsquo;aide et de carburant auraient d\u00fb entrer pour satisfaire aux besoins \u00e9l\u00e9mentaires des Ghazaouis.<\/p>\n\n\n\n<p>L&rsquo;escalade meurtri\u00e8re s&rsquo;est particuli\u00e8rement illustr\u00e9e par le massacre de la famille Al-Najjar, o\u00f9 neuf enfants d&rsquo;un couple de m\u00e9decins palestiniens ont \u00e9t\u00e9 tu\u00e9s dans un raid a\u00e9rien isra\u00e9lien. Les corps carbonis\u00e9s de ces innocents, dont certains \u00e9taient \u00e2g\u00e9s de quelques ann\u00e9es seulement, t\u00e9moignent de la barbarie assum\u00e9e d&rsquo;une arm\u00e9e qui cible d\u00e9lib\u00e9r\u00e9ment les civils et le personnel soignant. Le Dr Hamdi Al-Najjar et son dixi\u00e8me enfant Adam, \u00e2g\u00e9 de 10 ans, luttent actuellement pour leur survie en soins intensifs, seuls survivants d&rsquo;une famille d\u00e9cim\u00e9e par la machine de guerre sioniste.<\/p>\n\n\n\n<p>Les bombardements du dimanche ont encore alourdi ce bilan macabre avec 23 nouveaux martyrs, dont une femme enceinte de sept mois \u00e0 Nousseirat, illustrant une fois de plus le m\u00e9pris total de l&rsquo;occupant pour la vie humaine. La frappe qui a vis\u00e9 la maison de la famille Daqa \u00e0 Jabalia a fait sept victimes, dont certains corps ont \u00e9t\u00e9 retrouv\u00e9s carbonis\u00e9s, tandis que d&rsquo;autres victimes demeurent ensevelies sous les d\u00e9combres faute d&rsquo;\u00e9quipements de secours appropri\u00e9s.<\/p>\n\n\n\n<p>Face \u00e0 cette escalade g\u00e9nocidaire, la communaut\u00e9 internationale commence enfin \u00e0 reconna\u00eetre la nature criminelle des actions sionistes. La rapporteuse du Conseil de l&rsquo;Europe, Saskia Kluit, a franchi un cap historique en d\u00e9clarant que \u00ab\u00a0les actes vont dans le sens d&rsquo;un nettoyage ethnique et d&rsquo;un g\u00e9nocide\u00a0\u00bb, d\u00e9non\u00e7ant \u00ab\u00a0le massacre en cours \u00e0 Ghaza\u00a0\u00bb comme \u00ab\u00a0une \u00e9norme trag\u00e9die pour notre humanit\u00e9 commune\u00a0\u00bb. Cette prise de position courageuse, soutenue par 80 pays qui ont d\u00e9nonc\u00e9 la \u00ab\u00a0pire crise humanitaire\u00a0\u00bb dans une d\u00e9claration commune aux Nations Unies, marque un tournant dans la perception internationale du conflit. Le commissaire g\u00e9n\u00e9ral de l&rsquo;UNRWA, Philippe Lazzarini, a \u00e9galement rejet\u00e9 cat\u00e9goriquement le plan d&rsquo;approvisionnement sioniste propos\u00e9 pour Ghaza, qualifiant ce projet de mascarade \u00ab\u00a0con\u00e7ue pour soutenir un objectif militaire plut\u00f4t qu&rsquo;une v\u00e9ritable pr\u00e9occupation humanitaire\u00a0\u00bb. Cette d\u00e9nonciation met en lumi\u00e8re les tentatives de l&rsquo;entit\u00e9 sioniste de l\u00e9gitimer son blocus criminel sous couvert d&rsquo;aide humanitaire, alors que la r\u00e9alit\u00e9 sur le terrain r\u00e9v\u00e8le une politique d&rsquo;extermination syst\u00e9matique.<\/p>\n\n\n\n<p>La r\u00e9sistance palestinienne continue malgr\u00e9 cette adversit\u00e9, port\u00e9e par la solidarit\u00e9 internationale croissante et la reconnaissance progressive du caract\u00e8re g\u00e9nocidaire de l&rsquo;agression sioniste. Les appels \u00e0 l&rsquo;action se multiplient pour contraindre l&rsquo;occupant \u00e0 respecter le droit international et \u00e0 mettre fin \u00e0 cette trag\u00e9die humanitaire qui entache la conscience de l&rsquo;humanit\u00e9 tout enti\u00e8re. Le temps presse pour sauver ce qui peut encore l&rsquo;\u00eatre d&rsquo;une population palestinienne soumise \u00e0 l&rsquo;une des pages les plus sombres de l&rsquo;histoire contemporaine.<\/p>\n\n\n\n<p>Lyes S.<\/p>\n","protected":false},"excerpt":{"rendered":"<p>La machine de guerre sioniste poursuit son \u0153uvre de destruction syst\u00e9matique dans la bande de Ghaza, o\u00f9 le bilan des<\/p>\n","protected":false},"author":6,"featured_media":67887,"comment_status":"open","ping_status":"closed","sticky":false,"template":"","format":"standard","meta":{"colormag_page_container_layout":"default_layout","colormag_page_sidebar_layout":"default_layout","om_disable_all_campaigns":false,"_monsterinsights_skip_tracking":false,"_monsterinsights_sitenote_active":false,"_monsterinsights_sitenote_note":"","_monsterinsights_sitenote_category":0,"footnotes":"","_wpscppro_dont_share_socialmedia":false,"_wpscppro_custom_social_share_image":0,"_facebook_share_type":"default","_twitter_share_type":"default","_linkedin_share_type":"default","_pinterest_share_type":"default","_linkedin_share_type_page":"","_instagram_share_type":"default","_medium_share_type":"default","_threads_share_type":"","_google_business_share_type":"","_selected_social_profile":[],"_wpsp_enable_custom_social_template":false,"_wpsp_social_scheduling":{"enabled":false,"datetime":null,"platforms":[],"status":"template_only","dateOption":"today","timeOption":"now","customDays":"","customHours":"","customDate":"","customTime":"","schedulingType":"absolute"},"_wpsp_active_default_template":true},"categories":[37],"tags":[],"class_list":["post-67886","post","type-post","status-publish","format-standard","has-post-thumbnail","hentry","category-monde"],"aioseo_notices":[],"yoast_head":"<!-- This site is optimized with the Yoast SEO plugin v27.5 - https:\/\/yoast.com\/product\/yoast-seo-wordpress\/ -->\n<title>G\u00e9nocide \u00e0 Ghaza : Le cri d&rsquo;alarme de l&rsquo;UNICEF - La Sentinelle<\/title>\n<meta name=\"robots\" content=\"index, follow, max-snippet:-1, max-image-preview:large, max-video-preview:-1\" \/>\n<link rel=\"canonical\" href=\"https:\/\/lasentinelle.dz\/index.php\/2025\/05\/26\/genocide-a-ghaza-le-cri-dalarme-de-lunicef\/\" \/>\n<meta property=\"og:locale\" content=\"fr_FR\" \/>\n<meta property=\"og:type\" content=\"article\" \/>\n<meta property=\"og:title\" content=\"G\u00e9nocide \u00e0 Ghaza : Le cri d&rsquo;alarme de l&rsquo;UNICEF - La Sentinelle\" \/>\n<meta property=\"og:description\" content=\"La machine de guerre sioniste poursuit son \u0153uvre de destruction syst\u00e9matique dans la bande de Ghaza, o\u00f9 le bilan des\" \/>\n<meta property=\"og:url\" content=\"https:\/\/lasentinelle.dz\/index.php\/2025\/05\/26\/genocide-a-ghaza-le-cri-dalarme-de-lunicef\/\" \/>\n<meta property=\"og:site_name\" content=\"La Sentinelle\" \/>\n<meta property=\"article:publisher\" content=\"https:\/\/www.facebook.com\/La-Sentinelle-104059864394773\" \/>\n<meta property=\"article:published_time\" content=\"2025-05-26T10:39:16+00:00\" \/>\n<meta property=\"article:modified_time\" content=\"2025-05-26T10:39:17+00:00\" \/>\n<meta property=\"og:image\" content=\"https:\/\/lasentinelle.dz\/wp-content\/uploads\/2025\/05\/ghaza-1.webp\" \/>\n\t<meta property=\"og:image:width\" content=\"770\" \/>\n\t<meta property=\"og:image:height\" content=\"513\" \/>\n\t<meta property=\"og:image:type\" content=\"image\/webp\" \/>\n<meta name=\"author\" content=\"admin\" \/>\n<meta name=\"twitter:card\" content=\"summary_large_image\" \/>\n<meta name=\"twitter:label1\" content=\"\u00c9crit par\" \/>\n\t<meta name=\"twitter:data1\" content=\"admin\" \/>\n\t<meta name=\"twitter:label2\" content=\"Dur\u00e9e de lecture estim\u00e9e\" \/>\n\t<meta name=\"twitter:data2\" content=\"4 minutes\" \/>\n<script type=\"application\/ld+json\" class=\"yoast-schema-graph\">{\"@context\":\"https:\\\/\\\/schema.org\",\"@graph\":[{\"@type\":\"Article\",\"@id\":\"https:\\\/\\\/lasentinelle.dz\\\/index.php\\\/2025\\\/05\\\/26\\\/genocide-a-ghaza-le-cri-dalarme-de-lunicef\\\/#article\",\"isPartOf\":{\"@id\":\"https:\\\/\\\/lasentinelle.dz\\\/index.php\\\/2025\\\/05\\\/26\\\/genocide-a-ghaza-le-cri-dalarme-de-lunicef\\\/\"},\"author\":{\"name\":\"admin\",\"@id\":\"https:\\\/\\\/lasentinelle.dz\\\/#\\\/schema\\\/person\\\/729ee0024f24e0b8c5ec17232f8e8b41\"},\"headline\":\"G\u00e9nocide \u00e0 Ghaza : Le cri d&rsquo;alarme de l&rsquo;UNICEF\",\"datePublished\":\"2025-05-26T10:39:16+00:00\",\"dateModified\":\"2025-05-26T10:39:17+00:00\",\"mainEntityOfPage\":{\"@id\":\"https:\\\/\\\/lasentinelle.dz\\\/index.php\\\/2025\\\/05\\\/26\\\/genocide-a-ghaza-le-cri-dalarme-de-lunicef\\\/\"},\"wordCount\":875,\"commentCount\":0,\"publisher\":{\"@id\":\"https:\\\/\\\/lasentinelle.dz\\\/#organization\"},\"image\":{\"@id\":\"https:\\\/\\\/lasentinelle.dz\\\/index.php\\\/2025\\\/05\\\/26\\\/genocide-a-ghaza-le-cri-dalarme-de-lunicef\\\/#primaryimage\"},\"thumbnailUrl\":\"https:\\\/\\\/lasentinelle.dz\\\/wp-content\\\/uploads\\\/2025\\\/05\\\/ghaza-1.webp\",\"articleSection\":[\"Monde\"],\"inLanguage\":\"fr-FR\",\"potentialAction\":[{\"@type\":\"CommentAction\",\"name\":\"Comment\",\"target\":[\"https:\\\/\\\/lasentinelle.dz\\\/index.php\\\/2025\\\/05\\\/26\\\/genocide-a-ghaza-le-cri-dalarme-de-lunicef\\\/#respond\"]}]},{\"@type\":\"WebPage\",\"@id\":\"https:\\\/\\\/lasentinelle.dz\\\/index.php\\\/2025\\\/05\\\/26\\\/genocide-a-ghaza-le-cri-dalarme-de-lunicef\\\/\",\"url\":\"https:\\\/\\\/lasentinelle.dz\\\/index.php\\\/2025\\\/05\\\/26\\\/genocide-a-ghaza-le-cri-dalarme-de-lunicef\\\/\",\"name\":\"G\u00e9nocide \u00e0 Ghaza : Le cri d&rsquo;alarme de l&rsquo;UNICEF - La Sentinelle\",\"isPartOf\":{\"@id\":\"https:\\\/\\\/lasentinelle.dz\\\/#website\"},\"primaryImageOfPage\":{\"@id\":\"https:\\\/\\\/lasentinelle.dz\\\/index.php\\\/2025\\\/05\\\/26\\\/genocide-a-ghaza-le-cri-dalarme-de-lunicef\\\/#primaryimage\"},\"image\":{\"@id\":\"https:\\\/\\\/lasentinelle.dz\\\/index.php\\\/2025\\\/05\\\/26\\\/genocide-a-ghaza-le-cri-dalarme-de-lunicef\\\/#primaryimage\"},\"thumbnailUrl\":\"https:\\\/\\\/lasentinelle.dz\\\/wp-content\\\/uploads\\\/2025\\\/05\\\/ghaza-1.webp\",\"datePublished\":\"2025-05-26T10:39:16+00:00\",\"dateModified\":\"2025-05-26T10:39:17+00:00\",\"breadcrumb\":{\"@id\":\"https:\\\/\\\/lasentinelle.dz\\\/index.php\\\/2025\\\/05\\\/26\\\/genocide-a-ghaza-le-cri-dalarme-de-lunicef\\\/#breadcrumb\"},\"inLanguage\":\"fr-FR\",\"potentialAction\":[{\"@type\":\"ReadAction\",\"target\":[\"https:\\\/\\\/lasentinelle.dz\\\/index.php\\\/2025\\\/05\\\/26\\\/genocide-a-ghaza-le-cri-dalarme-de-lunicef\\\/\"]}]},{\"@type\":\"ImageObject\",\"inLanguage\":\"fr-FR\",\"@id\":\"https:\\\/\\\/lasentinelle.dz\\\/index.php\\\/2025\\\/05\\\/26\\\/genocide-a-ghaza-le-cri-dalarme-de-lunicef\\\/#primaryimage\",\"url\":\"https:\\\/\\\/lasentinelle.dz\\\/wp-content\\\/uploads\\\/2025\\\/05\\\/ghaza-1.webp\",\"contentUrl\":\"https:\\\/\\\/lasentinelle.dz\\\/wp-content\\\/uploads\\\/2025\\\/05\\\/ghaza-1.webp\",\"width\":770,\"height\":513},{\"@type\":\"BreadcrumbList\",\"@id\":\"https:\\\/\\\/lasentinelle.dz\\\/index.php\\\/2025\\\/05\\\/26\\\/genocide-a-ghaza-le-cri-dalarme-de-lunicef\\\/#breadcrumb\",\"itemListElement\":[{\"@type\":\"ListItem\",\"position\":1,\"name\":\"Accueil\",\"item\":\"https:\\\/\\\/lasentinelle.dz\\\/\"},{\"@type\":\"ListItem\",\"position\":2,\"name\":\"G\u00e9nocide \u00e0 Ghaza : Le cri d&rsquo;alarme de l&rsquo;UNICEF\"}]},{\"@type\":\"WebSite\",\"@id\":\"https:\\\/\\\/lasentinelle.dz\\\/#website\",\"url\":\"https:\\\/\\\/lasentinelle.dz\\\/\",\"name\":\"La Sentinelle\",\"description\":\"Quotidien national d&#039;information\",\"publisher\":{\"@id\":\"https:\\\/\\\/lasentinelle.dz\\\/#organization\"},\"potentialAction\":[{\"@type\":\"SearchAction\",\"target\":{\"@type\":\"EntryPoint\",\"urlTemplate\":\"https:\\\/\\\/lasentinelle.dz\\\/?s={search_term_string}\"},\"query-input\":{\"@type\":\"PropertyValueSpecification\",\"valueRequired\":true,\"valueName\":\"search_term_string\"}}],\"inLanguage\":\"fr-FR\"},{\"@type\":\"Organization\",\"@id\":\"https:\\\/\\\/lasentinelle.dz\\\/#organization\",\"name\":\"Quotidien La Sentinelle\",\"url\":\"https:\\\/\\\/lasentinelle.dz\\\/\",\"logo\":{\"@type\":\"ImageObject\",\"inLanguage\":\"fr-FR\",\"@id\":\"https:\\\/\\\/lasentinelle.dz\\\/#\\\/schema\\\/logo\\\/image\\\/\",\"url\":\"https:\\\/\\\/lasentinelle.dz\\\/wp-content\\\/uploads\\\/2021\\\/09\\\/logo-sentinelleSLOGAN-1.png\",\"contentUrl\":\"https:\\\/\\\/lasentinelle.dz\\\/wp-content\\\/uploads\\\/2021\\\/09\\\/logo-sentinelleSLOGAN-1.png\",\"width\":615,\"height\":142,\"caption\":\"Quotidien La Sentinelle\"},\"image\":{\"@id\":\"https:\\\/\\\/lasentinelle.dz\\\/#\\\/schema\\\/logo\\\/image\\\/\"},\"sameAs\":[\"https:\\\/\\\/www.facebook.com\\\/La-Sentinelle-104059864394773\"]},{\"@type\":\"Person\",\"@id\":\"https:\\\/\\\/lasentinelle.dz\\\/#\\\/schema\\\/person\\\/729ee0024f24e0b8c5ec17232f8e8b41\",\"name\":\"admin\",\"image\":{\"@type\":\"ImageObject\",\"inLanguage\":\"fr-FR\",\"@id\":\"https:\\\/\\\/secure.gravatar.com\\\/avatar\\\/4c81fed838786e9b53f540bf46533e750f5d292099ae3b66cfc6fb1982e29df7?s=96&d=mm&r=g\",\"url\":\"https:\\\/\\\/secure.gravatar.com\\\/avatar\\\/4c81fed838786e9b53f540bf46533e750f5d292099ae3b66cfc6fb1982e29df7?s=96&d=mm&r=g\",\"contentUrl\":\"https:\\\/\\\/secure.gravatar.com\\\/avatar\\\/4c81fed838786e9b53f540bf46533e750f5d292099ae3b66cfc6fb1982e29df7?s=96&d=mm&r=g\",\"caption\":\"admin\"},\"description\":\"admin\",\"url\":\"https:\\\/\\\/lasentinelle.dz\\\/author\\\/admin\\\/\"}]}<\/script>\n<!-- \/ Yoast SEO plugin. -->","yoast_head_json":{"title":"G\u00e9nocide \u00e0 Ghaza : Le cri d&rsquo;alarme de l&rsquo;UNICEF - La Sentinelle","robots":{"index":"index","follow":"follow","max-snippet":"max-snippet:-1","max-image-preview":"max-image-preview:large","max-video-preview":"max-video-preview:-1"},"canonical":"https:\/\/lasentinelle.dz\/index.php\/2025\/05\/26\/genocide-a-ghaza-le-cri-dalarme-de-lunicef\/","og_locale":"fr_FR","og_type":"article","og_title":"G\u00e9nocide \u00e0 Ghaza : Le cri d&rsquo;alarme de l&rsquo;UNICEF - La Sentinelle","og_description":"La machine de guerre sioniste poursuit son \u0153uvre de destruction syst\u00e9matique dans la bande de Ghaza, o\u00f9 le bilan des","og_url":"https:\/\/lasentinelle.dz\/index.php\/2025\/05\/26\/genocide-a-ghaza-le-cri-dalarme-de-lunicef\/","og_site_name":"La Sentinelle","article_publisher":"https:\/\/www.facebook.com\/La-Sentinelle-104059864394773","article_published_time":"2025-05-26T10:39:16+00:00","article_modified_time":"2025-05-26T10:39:17+00:00","og_image":[{"width":770,"height":513,"url":"https:\/\/lasentinelle.dz\/wp-content\/uploads\/2025\/05\/ghaza-1.webp","type":"image\/webp"}],"author":"admin","twitter_card":"summary_large_image","twitter_misc":{"\u00c9crit par":"admin","Dur\u00e9e de lecture estim\u00e9e":"4 minutes"},"schema":{"@context":"https:\/\/schema.org","@graph":[{"@type":"Article","@id":"https:\/\/lasentinelle.dz\/index.php\/2025\/05\/26\/genocide-a-ghaza-le-cri-dalarme-de-lunicef\/#article","isPartOf":{"@id":"https:\/\/lasentinelle.dz\/index.php\/2025\/05\/26\/genocide-a-ghaza-le-cri-dalarme-de-lunicef\/"},"author":{"name":"admin","@id":"https:\/\/lasentinelle.dz\/#\/schema\/person\/729ee0024f24e0b8c5ec17232f8e8b41"},"headline":"G\u00e9nocide \u00e0 Ghaza : Le cri d&rsquo;alarme de l&rsquo;UNICEF","datePublished":"2025-05-26T10:39:16+00:00","dateModified":"2025-05-26T10:39:17+00:00","mainEntityOfPage":{"@id":"https:\/\/lasentinelle.dz\/index.php\/2025\/05\/26\/genocide-a-ghaza-le-cri-dalarme-de-lunicef\/"},"wordCount":875,"commentCount":0,"publisher":{"@id":"https:\/\/lasentinelle.dz\/#organization"},"image":{"@id":"https:\/\/lasentinelle.dz\/index.php\/2025\/05\/26\/genocide-a-ghaza-le-cri-dalarme-de-lunicef\/#primaryimage"},"thumbnailUrl":"https:\/\/lasentinelle.dz\/wp-content\/uploads\/2025\/05\/ghaza-1.webp","articleSection":["Monde"],"inLanguage":"fr-FR","potentialAction":[{"@type":"CommentAction","name":"Comment","target":["https:\/\/lasentinelle.dz\/index.php\/2025\/05\/26\/genocide-a-ghaza-le-cri-dalarme-de-lunicef\/#respond"]}]},{"@type":"WebPage","@id":"https:\/\/lasentinelle.dz\/index.php\/2025\/05\/26\/genocide-a-ghaza-le-cri-dalarme-de-lunicef\/","url":"https:\/\/lasentinelle.dz\/index.php\/2025\/05\/26\/genocide-a-ghaza-le-cri-dalarme-de-lunicef\/","name":"G\u00e9nocide \u00e0 Ghaza : Le cri d&rsquo;alarme de l&rsquo;UNICEF - La Sentinelle","isPartOf":{"@id":"https:\/\/lasentinelle.dz\/#website"},"primaryImageOfPage":{"@id":"https:\/\/lasentinelle.dz\/index.php\/2025\/05\/26\/genocide-a-ghaza-le-cri-dalarme-de-lunicef\/#primaryimage"},"image":{"@id":"https:\/\/lasentinelle.dz\/index.php\/2025\/05\/26\/genocide-a-ghaza-le-cri-dalarme-de-lunicef\/#primaryimage"},"thumbnailUrl":"https:\/\/lasentinelle.dz\/wp-content\/uploads\/2025\/05\/ghaza-1.webp","datePublished":"2025-05-26T10:39:16+00:00","dateModified":"2025-05-26T10:39:17+00:00","breadcrumb":{"@id":"https:\/\/lasentinelle.dz\/index.php\/2025\/05\/26\/genocide-a-ghaza-le-cri-dalarme-de-lunicef\/#breadcrumb"},"inLanguage":"fr-FR","potentialAction":[{"@type":"ReadAction","target":["https:\/\/lasentinelle.dz\/index.php\/2025\/05\/26\/genocide-a-ghaza-le-cri-dalarme-de-lunicef\/"]}]},{"@type":"ImageObject","inLanguage":"fr-FR","@id":"https:\/\/lasentinelle.dz\/index.php\/2025\/05\/26\/genocide-a-ghaza-le-cri-dalarme-de-lunicef\/#primaryimage","url":"https:\/\/lasentinelle.dz\/wp-content\/uploads\/2025\/05\/ghaza-1.webp","contentUrl":"https:\/\/lasentinelle.dz\/wp-content\/uploads\/2025\/05\/ghaza-1.webp","width":770,"height":513},{"@type":"BreadcrumbList","@id":"https:\/\/lasentinelle.dz\/index.php\/2025\/05\/26\/genocide-a-ghaza-le-cri-dalarme-de-lunicef\/#breadcrumb","itemListElement":[{"@type":"ListItem","position":1,"name":"Accueil","item":"https:\/\/lasentinelle.dz\/"},{"@type":"ListItem","position":2,"name":"G\u00e9nocide \u00e0 Ghaza : Le cri d&rsquo;alarme de l&rsquo;UNICEF"}]},{"@type":"WebSite","@id":"https:\/\/lasentinelle.dz\/#website","url":"https:\/\/lasentinelle.dz\/","name":"La Sentinelle","description":"Quotidien national d&#039;information","publisher":{"@id":"https:\/\/lasentinelle.dz\/#organization"},"potentialAction":[{"@type":"SearchAction","target":{"@type":"EntryPoint","urlTemplate":"https:\/\/lasentinelle.dz\/?s={search_term_string}"},"query-input":{"@type":"PropertyValueSpecification","valueRequired":true,"valueName":"search_term_string"}}],"inLanguage":"fr-FR"},{"@type":"Organization","@id":"https:\/\/lasentinelle.dz\/#organization","name":"Quotidien La Sentinelle","url":"https:\/\/lasentinelle.dz\/","logo":{"@type":"ImageObject","inLanguage":"fr-FR","@id":"https:\/\/lasentinelle.dz\/#\/schema\/logo\/image\/","url":"https:\/\/lasentinelle.dz\/wp-content\/uploads\/2021\/09\/logo-sentinelleSLOGAN-1.png","contentUrl":"https:\/\/lasentinelle.dz\/wp-content\/uploads\/2021\/09\/logo-sentinelleSLOGAN-1.png","width":615,"height":142,"caption":"Quotidien La Sentinelle"},"image":{"@id":"https:\/\/lasentinelle.dz\/#\/schema\/logo\/image\/"},"sameAs":["https:\/\/www.facebook.com\/La-Sentinelle-104059864394773"]},{"@type":"Person","@id":"https:\/\/lasentinelle.dz\/#\/schema\/person\/729ee0024f24e0b8c5ec17232f8e8b41","name":"admin","image":{"@type":"ImageObject","inLanguage":"fr-FR","@id":"https:\/\/secure.gravatar.com\/avatar\/4c81fed838786e9b53f540bf46533e750f5d292099ae3b66cfc6fb1982e29df7?s=96&d=mm&r=g","url":"https:\/\/secure.gravatar.com\/avatar\/4c81fed838786e9b53f540bf46533e750f5d292099ae3b66cfc6fb1982e29df7?s=96&d=mm&r=g","contentUrl":"https:\/\/secure.gravatar.com\/avatar\/4c81fed838786e9b53f540bf46533e750f5d292099ae3b66cfc6fb1982e29df7?s=96&d=mm&r=g","caption":"admin"},"description":"admin","url":"https:\/\/lasentinelle.dz\/author\/admin\/"}]}},"_links":{"self":[{"href":"https:\/\/lasentinelle.dz\/index.php\/wp-json\/wp\/v2\/posts\/67886","targetHints":{"allow":["GET"]}}],"collection":[{"href":"https:\/\/lasentinelle.dz\/index.php\/wp-json\/wp\/v2\/posts"}],"about":[{"href":"https:\/\/lasentinelle.dz\/index.php\/wp-json\/wp\/v2\/types\/post"}],"author":[{"embeddable":true,"href":"https:\/\/lasentinelle.dz\/index.php\/wp-json\/wp\/v2\/users\/6"}],"replies":[{"embeddable":true,"href":"https:\/\/lasentinelle.dz\/index.php\/wp-json\/wp\/v2\/comments?post=67886"}],"version-history":[{"count":2,"href":"https:\/\/lasentinelle.dz\/index.php\/wp-json\/wp\/v2\/posts\/67886\/revisions"}],"predecessor-version":[{"id":67889,"href":"https:\/\/lasentinelle.dz\/index.php\/wp-json\/wp\/v2\/posts\/67886\/revisions\/67889"}],"wp:featuredmedia":[{"embeddable":true,"href":"https:\/\/lasentinelle.dz\/index.php\/wp-json\/wp\/v2\/media\/67887"}],"wp:attachment":[{"href":"https:\/\/lasentinelle.dz\/index.php\/wp-json\/wp\/v2\/media?parent=67886"}],"wp:term":[{"taxonomy":"category","embeddable":true,"href":"https:\/\/lasentinelle.dz\/index.php\/wp-json\/wp\/v2\/categories?post=67886"},{"taxonomy":"post_tag","embeddable":true,"href":"https:\/\/lasentinelle.dz\/index.php\/wp-json\/wp\/v2\/tags?post=67886"}],"curies":[{"name":"wp","href":"https:\/\/api.w.org\/{rel}","templated":true}]}}