{"id":67890,"date":"2025-05-26T11:40:13","date_gmt":"2025-05-26T10:40:13","guid":{"rendered":"https:\/\/lasentinelle.dz\/?p=67890"},"modified":"2025-05-26T11:40:14","modified_gmt":"2025-05-26T10:40:14","slug":"maroc-la-repression-sintensifie-contre-les-defenseurs-des-droits-humains","status":"publish","type":"post","link":"https:\/\/lasentinelle.dz\/index.php\/2025\/05\/26\/maroc-la-repression-sintensifie-contre-les-defenseurs-des-droits-humains\/","title":{"rendered":"Maroc : La r\u00e9pression s&rsquo;intensifie contre les d\u00e9fenseurs des droits humains"},"content":{"rendered":"\n<p>La campagne de r\u00e9pression contre les d\u00e9fenseurs des droits humains se poursuit au Maroc, o\u00f9 ces derniers sont cibl\u00e9s pour avoir d\u00e9nonc\u00e9 les pratiques du Makhzen.<\/p>\n\n\n\n<p>Au moins cinq personnes ont r\u00e9cemment \u00e9t\u00e9 arr\u00eat\u00e9es et poursuivies pour des accusations consid\u00e9r\u00e9es comme fallacieuses, dans ce qui semble \u00eatre une strat\u00e9gie d\u00e9lib\u00e9r\u00e9e visant \u00e0 semer la terreur parmi les citoyens et \u00e0 r\u00e9duire au silence les voix dissidentes.Le Parti de la F\u00e9d\u00e9ration de la Gauche D\u00e9mocratique a annonc\u00e9 dans un communiqu\u00e9 l&rsquo;arrestation du militant des droits humains Mohamed Benali, citant comme motif \u00ab\u00a0son combat de terrain et son plaidoyer constant pour les droits des populations\u00a0\u00bb. Le parti a exprim\u00e9 sa profonde inqui\u00e9tude et sa vive condamnation face \u00e0 cette \u00ab\u00a0arrestation arbitraire\u00a0\u00bb, qu&rsquo;il consid\u00e8re comme faisant partie d&rsquo;une campagne syst\u00e9matique plus large ciblant les militants du parti et les acteurs d\u00e9mocratiques. Selon la F\u00e9d\u00e9ration de la Gauche D\u00e9mocratique, cette arrestation arbitraire constitue \u00ab\u00a0le prolongement d&rsquo;une campagne m\u00e9thodique visant les militants du parti et les acteurs d\u00e9mocratiques qui subissent harc\u00e8lements et pressions dans diff\u00e9rentes r\u00e9gions du Maroc, dans une tentative flagrante d&rsquo;\u00e9touffer l&rsquo;action politique int\u00e8gre et de museler les voix r\u00e9clamant la justice sociale et la reddition de comptes\u00a0\u00bb. Le parti affirme sa solidarit\u00e9 \u00ab\u00a0principielle\u00a0\u00bb et \u00ab\u00a0inconditionnelle\u00a0\u00bb avec le militant Benali et avec tous les combattants \u00ab\u00a0qui portent le fardeau de la lutte au sein des conseils \u00e9lus et en dehors\u00a0\u00bb. L&rsquo;organisation politique s&rsquo;est d\u00e9clar\u00e9e pr\u00eate \u00e0 mener toutes les formes de lutte \u00ab\u00a0pour d\u00e9noncer cette d\u00e9rive dangereuse\u00a0\u00bb, appelant toutes les instances des droits humains et d\u00e9mocratiques \u00e0 s&rsquo;engager avec elle dans cette bataille et \u00e0 agir d&rsquo;urgence pour la lib\u00e9ration de Mohamed Benali et de tous les prisonniers d&rsquo;opinion et les d\u00e9tenus pour des raisons politiques, ainsi que pour mettre fin \u00e0 toutes les formes de r\u00e9pression et de ciblage.<\/p>\n\n\n\n<p>Dans un contexte connexe, des d\u00e9fenseurs des droits humains ont d\u00e9nonc\u00e9 les poursuites judiciaires contre quatre personnes accus\u00e9es d&rsquo;avoir document\u00e9 un incident impliquant le transport d&rsquo;une femme enceinte sur un brancard mortuaire dans une zone montagneuse recul\u00e9e de la ville d&rsquo;Azilal, dans le centre du pays. Les militants affirment que ces poursuites judiciaires \u00ab\u00a0constituent une tentative de dissimuler la r\u00e9alit\u00e9 de la marginalisation au lieu de la traiter\u00a0\u00bb. Le syst\u00e8me judiciaire marocain a fix\u00e9 jeudi prochain comme date pour le prononc\u00e9 du jugement dans cette affaire. Idris Sedraoui, pr\u00e9sident de l&rsquo;Association Marocaine pour la Citoyennet\u00e9 et les Droits de l&rsquo;Homme, a d\u00e9clar\u00e9 dans une d\u00e9claration \u00e0 la presse que de telles poursuites \u00ab\u00a0consacrent une tendance inqui\u00e9tante vers l&rsquo;utilisation de textes juridiques r\u00e9pressifs au caract\u00e8re vague pour r\u00e9primer l&rsquo;opinion au lieu de prot\u00e9ger le d\u00e9bat public et de renforcer la responsabilisation sociale\u00a0\u00bb. Sedraoui a soulign\u00e9 qu&rsquo;il est \u00ab\u00a0inacceptable que des personnes soient poursuivies simplement pour avoir document\u00e9 ou diffus\u00e9 des faits de nature g\u00e9n\u00e9rale, surtout en l&rsquo;absence d&rsquo;intention de diffamation ou d&rsquo;atteinte \u00e0 la vie priv\u00e9e, mais dans le contexte de l&rsquo;expression de la col\u00e8re populaire face \u00e0 des situations sociales et humaines douloureuses\u00a0\u00bb.<\/p>\n\n\n\n<p>Par ailleurs, le journaliste marocain Hamid Mehdaoui, directeur de publication d&rsquo;un site d&rsquo;information, a annonc\u00e9 entamer une gr\u00e8ve de la faim en raison de l&rsquo;exposition de sa famille et lui-m\u00eame \u00e0 \u00ab\u00a0un intimidation psychologique s\u00e9v\u00e8re sur plusieurs fronts et plateformes\u00a0\u00bb, selon ce qu&rsquo;il a confirm\u00e9 dans une publication sur son compte personnel sur les r\u00e9seaux sociaux, largement relay\u00e9e par de nombreux sites d&rsquo;information locaux.<\/p>\n\n\n\n<p>Dans sa publication, Mehdaoui a \u00e9crit : \u00ab\u00a0Apr\u00e8s que ma famille et moi avons \u00e9t\u00e9 expos\u00e9s \u00e0 une intimidation psychologique s\u00e9v\u00e8re sur plusieurs fronts et plateformes, et apr\u00e8s que des responsables ont falsifi\u00e9 des documents me concernant sans justice malgr\u00e9 mon recours aux institutions de mon pays, et apr\u00e8s que des institutions m\u00e9diatiques suspectes se sont jointes \u00e0 la campagne contre moi, j&rsquo;ai d\u00e9cid\u00e9 d&rsquo;entamer une gr\u00e8ve de la faim dont j&rsquo;annoncerai prochainement le lieu et la dur\u00e9e\u00a0\u00bb.<\/p>\n\n\n\n<p>Ces d\u00e9veloppements r\u00e9cents s&rsquo;inscrivent dans un contexte plus large de restrictions croissantes contre la libert\u00e9 d&rsquo;expression et les droits civiques au Maroc. Les organisations internationales de d\u00e9fense des droits humains surveillent de pr\u00e8s la situation, exprimant leurs pr\u00e9occupations concernant l&rsquo;utilisation apparente du syst\u00e8me judiciaire pour r\u00e9duire au silence les critiques l\u00e9gitimes et les rapports sur les conditions sociales.<\/p>\n\n\n\n<p>Lyes Sa\u00efdi<\/p>\n","protected":false},"excerpt":{"rendered":"<p>La campagne de r\u00e9pression contre les d\u00e9fenseurs des droits humains se poursuit au Maroc, o\u00f9 ces derniers sont cibl\u00e9s pour<\/p>\n","protected":false},"author":6,"featured_media":67891,"comment_status":"open","ping_status":"closed","sticky":false,"template":"","format":"standard","meta":{"colormag_page_container_layout":"default_layout","colormag_page_sidebar_layout":"default_layout","om_disable_all_campaigns":false,"_monsterinsights_skip_tracking":false,"_monsterinsights_sitenote_active":false,"_monsterinsights_sitenote_note":"","_monsterinsights_sitenote_category":0,"footnotes":"","_wpscppro_dont_share_socialmedia":false,"_wpscppro_custom_social_share_image":0,"_facebook_share_type":"default","_twitter_share_type":"default","_linkedin_share_type":"default","_pinterest_share_type":"default","_linkedin_share_type_page":"","_instagram_share_type":"default","_medium_share_type":"default","_threads_share_type":"","_google_business_share_type":"","_selected_social_profile":[],"_wpsp_enable_custom_social_template":false,"_wpsp_social_scheduling":{"enabled":false,"datetime":null,"platforms":[],"status":"template_only","dateOption":"today","timeOption":"now","customDays":"","customHours":"","customDate":"","customTime":"","schedulingType":"absolute"},"_wpsp_active_default_template":true},"categories":[52,37],"tags":[],"class_list":["post-67890","post","type-post","status-publish","format-standard","has-post-thumbnail","hentry","category-a-la-une","category-monde"],"aioseo_notices":[],"yoast_head":"<!-- This site is optimized with the Yoast SEO plugin v27.5 - https:\/\/yoast.com\/product\/yoast-seo-wordpress\/ -->\n<title>Maroc : La r\u00e9pression s&rsquo;intensifie contre les d\u00e9fenseurs des droits humains - La Sentinelle<\/title>\n<meta name=\"robots\" content=\"index, follow, max-snippet:-1, max-image-preview:large, max-video-preview:-1\" \/>\n<link rel=\"canonical\" href=\"https:\/\/lasentinelle.dz\/index.php\/2025\/05\/26\/maroc-la-repression-sintensifie-contre-les-defenseurs-des-droits-humains\/\" \/>\n<meta property=\"og:locale\" content=\"fr_FR\" \/>\n<meta property=\"og:type\" content=\"article\" \/>\n<meta property=\"og:title\" content=\"Maroc : La r\u00e9pression s&rsquo;intensifie contre les d\u00e9fenseurs des droits humains - La Sentinelle\" \/>\n<meta property=\"og:description\" content=\"La campagne de r\u00e9pression contre les d\u00e9fenseurs des droits humains se poursuit au Maroc, o\u00f9 ces derniers sont cibl\u00e9s pour\" \/>\n<meta property=\"og:url\" content=\"https:\/\/lasentinelle.dz\/index.php\/2025\/05\/26\/maroc-la-repression-sintensifie-contre-les-defenseurs-des-droits-humains\/\" \/>\n<meta property=\"og:site_name\" content=\"La Sentinelle\" \/>\n<meta property=\"article:publisher\" content=\"https:\/\/www.facebook.com\/La-Sentinelle-104059864394773\" \/>\n<meta property=\"article:published_time\" content=\"2025-05-26T10:40:13+00:00\" \/>\n<meta property=\"article:modified_time\" content=\"2025-05-26T10:40:14+00:00\" \/>\n<meta property=\"og:image\" content=\"https:\/\/lasentinelle.dz\/wp-content\/uploads\/2025\/05\/repression.jpg\" \/>\n\t<meta property=\"og:image:width\" content=\"1024\" \/>\n\t<meta property=\"og:image:height\" content=\"832\" \/>\n\t<meta property=\"og:image:type\" content=\"image\/jpeg\" \/>\n<meta name=\"author\" content=\"admin\" \/>\n<meta name=\"twitter:card\" content=\"summary_large_image\" \/>\n<meta name=\"twitter:label1\" content=\"\u00c9crit par\" \/>\n\t<meta name=\"twitter:data1\" content=\"admin\" \/>\n\t<meta name=\"twitter:label2\" content=\"Dur\u00e9e de lecture estim\u00e9e\" \/>\n\t<meta name=\"twitter:data2\" content=\"4 minutes\" \/>\n<script type=\"application\/ld+json\" class=\"yoast-schema-graph\">{\"@context\":\"https:\\\/\\\/schema.org\",\"@graph\":[{\"@type\":\"Article\",\"@id\":\"https:\\\/\\\/lasentinelle.dz\\\/index.php\\\/2025\\\/05\\\/26\\\/maroc-la-repression-sintensifie-contre-les-defenseurs-des-droits-humains\\\/#article\",\"isPartOf\":{\"@id\":\"https:\\\/\\\/lasentinelle.dz\\\/index.php\\\/2025\\\/05\\\/26\\\/maroc-la-repression-sintensifie-contre-les-defenseurs-des-droits-humains\\\/\"},\"author\":{\"name\":\"admin\",\"@id\":\"https:\\\/\\\/lasentinelle.dz\\\/#\\\/schema\\\/person\\\/729ee0024f24e0b8c5ec17232f8e8b41\"},\"headline\":\"Maroc : La r\u00e9pression s&rsquo;intensifie contre les d\u00e9fenseurs des droits humains\",\"datePublished\":\"2025-05-26T10:40:13+00:00\",\"dateModified\":\"2025-05-26T10:40:14+00:00\",\"mainEntityOfPage\":{\"@id\":\"https:\\\/\\\/lasentinelle.dz\\\/index.php\\\/2025\\\/05\\\/26\\\/maroc-la-repression-sintensifie-contre-les-defenseurs-des-droits-humains\\\/\"},\"wordCount\":811,\"commentCount\":0,\"publisher\":{\"@id\":\"https:\\\/\\\/lasentinelle.dz\\\/#organization\"},\"image\":{\"@id\":\"https:\\\/\\\/lasentinelle.dz\\\/index.php\\\/2025\\\/05\\\/26\\\/maroc-la-repression-sintensifie-contre-les-defenseurs-des-droits-humains\\\/#primaryimage\"},\"thumbnailUrl\":\"https:\\\/\\\/lasentinelle.dz\\\/wp-content\\\/uploads\\\/2025\\\/05\\\/repression.jpg\",\"articleSection\":[\"\u00c0 la Une\",\"Monde\"],\"inLanguage\":\"fr-FR\",\"potentialAction\":[{\"@type\":\"CommentAction\",\"name\":\"Comment\",\"target\":[\"https:\\\/\\\/lasentinelle.dz\\\/index.php\\\/2025\\\/05\\\/26\\\/maroc-la-repression-sintensifie-contre-les-defenseurs-des-droits-humains\\\/#respond\"]}]},{\"@type\":\"WebPage\",\"@id\":\"https:\\\/\\\/lasentinelle.dz\\\/index.php\\\/2025\\\/05\\\/26\\\/maroc-la-repression-sintensifie-contre-les-defenseurs-des-droits-humains\\\/\",\"url\":\"https:\\\/\\\/lasentinelle.dz\\\/index.php\\\/2025\\\/05\\\/26\\\/maroc-la-repression-sintensifie-contre-les-defenseurs-des-droits-humains\\\/\",\"name\":\"Maroc : La r\u00e9pression s&rsquo;intensifie contre les d\u00e9fenseurs des droits humains - La Sentinelle\",\"isPartOf\":{\"@id\":\"https:\\\/\\\/lasentinelle.dz\\\/#website\"},\"primaryImageOfPage\":{\"@id\":\"https:\\\/\\\/lasentinelle.dz\\\/index.php\\\/2025\\\/05\\\/26\\\/maroc-la-repression-sintensifie-contre-les-defenseurs-des-droits-humains\\\/#primaryimage\"},\"image\":{\"@id\":\"https:\\\/\\\/lasentinelle.dz\\\/index.php\\\/2025\\\/05\\\/26\\\/maroc-la-repression-sintensifie-contre-les-defenseurs-des-droits-humains\\\/#primaryimage\"},\"thumbnailUrl\":\"https:\\\/\\\/lasentinelle.dz\\\/wp-content\\\/uploads\\\/2025\\\/05\\\/repression.jpg\",\"datePublished\":\"2025-05-26T10:40:13+00:00\",\"dateModified\":\"2025-05-26T10:40:14+00:00\",\"breadcrumb\":{\"@id\":\"https:\\\/\\\/lasentinelle.dz\\\/index.php\\\/2025\\\/05\\\/26\\\/maroc-la-repression-sintensifie-contre-les-defenseurs-des-droits-humains\\\/#breadcrumb\"},\"inLanguage\":\"fr-FR\",\"potentialAction\":[{\"@type\":\"ReadAction\",\"target\":[\"https:\\\/\\\/lasentinelle.dz\\\/index.php\\\/2025\\\/05\\\/26\\\/maroc-la-repression-sintensifie-contre-les-defenseurs-des-droits-humains\\\/\"]}]},{\"@type\":\"ImageObject\",\"inLanguage\":\"fr-FR\",\"@id\":\"https:\\\/\\\/lasentinelle.dz\\\/index.php\\\/2025\\\/05\\\/26\\\/maroc-la-repression-sintensifie-contre-les-defenseurs-des-droits-humains\\\/#primaryimage\",\"url\":\"https:\\\/\\\/lasentinelle.dz\\\/wp-content\\\/uploads\\\/2025\\\/05\\\/repression.jpg\",\"contentUrl\":\"https:\\\/\\\/lasentinelle.dz\\\/wp-content\\\/uploads\\\/2025\\\/05\\\/repression.jpg\",\"width\":1024,\"height\":832},{\"@type\":\"BreadcrumbList\",\"@id\":\"https:\\\/\\\/lasentinelle.dz\\\/index.php\\\/2025\\\/05\\\/26\\\/maroc-la-repression-sintensifie-contre-les-defenseurs-des-droits-humains\\\/#breadcrumb\",\"itemListElement\":[{\"@type\":\"ListItem\",\"position\":1,\"name\":\"Accueil\",\"item\":\"https:\\\/\\\/lasentinelle.dz\\\/\"},{\"@type\":\"ListItem\",\"position\":2,\"name\":\"Maroc : La r\u00e9pression s&rsquo;intensifie contre les d\u00e9fenseurs des droits humains\"}]},{\"@type\":\"WebSite\",\"@id\":\"https:\\\/\\\/lasentinelle.dz\\\/#website\",\"url\":\"https:\\\/\\\/lasentinelle.dz\\\/\",\"name\":\"La Sentinelle\",\"description\":\"Quotidien national d&#039;information\",\"publisher\":{\"@id\":\"https:\\\/\\\/lasentinelle.dz\\\/#organization\"},\"potentialAction\":[{\"@type\":\"SearchAction\",\"target\":{\"@type\":\"EntryPoint\",\"urlTemplate\":\"https:\\\/\\\/lasentinelle.dz\\\/?s={search_term_string}\"},\"query-input\":{\"@type\":\"PropertyValueSpecification\",\"valueRequired\":true,\"valueName\":\"search_term_string\"}}],\"inLanguage\":\"fr-FR\"},{\"@type\":\"Organization\",\"@id\":\"https:\\\/\\\/lasentinelle.dz\\\/#organization\",\"name\":\"Quotidien La Sentinelle\",\"url\":\"https:\\\/\\\/lasentinelle.dz\\\/\",\"logo\":{\"@type\":\"ImageObject\",\"inLanguage\":\"fr-FR\",\"@id\":\"https:\\\/\\\/lasentinelle.dz\\\/#\\\/schema\\\/logo\\\/image\\\/\",\"url\":\"https:\\\/\\\/lasentinelle.dz\\\/wp-content\\\/uploads\\\/2021\\\/09\\\/logo-sentinelleSLOGAN-1.png\",\"contentUrl\":\"https:\\\/\\\/lasentinelle.dz\\\/wp-content\\\/uploads\\\/2021\\\/09\\\/logo-sentinelleSLOGAN-1.png\",\"width\":615,\"height\":142,\"caption\":\"Quotidien La Sentinelle\"},\"image\":{\"@id\":\"https:\\\/\\\/lasentinelle.dz\\\/#\\\/schema\\\/logo\\\/image\\\/\"},\"sameAs\":[\"https:\\\/\\\/www.facebook.com\\\/La-Sentinelle-104059864394773\"]},{\"@type\":\"Person\",\"@id\":\"https:\\\/\\\/lasentinelle.dz\\\/#\\\/schema\\\/person\\\/729ee0024f24e0b8c5ec17232f8e8b41\",\"name\":\"admin\",\"image\":{\"@type\":\"ImageObject\",\"inLanguage\":\"fr-FR\",\"@id\":\"https:\\\/\\\/secure.gravatar.com\\\/avatar\\\/4c81fed838786e9b53f540bf46533e750f5d292099ae3b66cfc6fb1982e29df7?s=96&d=mm&r=g\",\"url\":\"https:\\\/\\\/secure.gravatar.com\\\/avatar\\\/4c81fed838786e9b53f540bf46533e750f5d292099ae3b66cfc6fb1982e29df7?s=96&d=mm&r=g\",\"contentUrl\":\"https:\\\/\\\/secure.gravatar.com\\\/avatar\\\/4c81fed838786e9b53f540bf46533e750f5d292099ae3b66cfc6fb1982e29df7?s=96&d=mm&r=g\",\"caption\":\"admin\"},\"description\":\"admin\",\"url\":\"https:\\\/\\\/lasentinelle.dz\\\/author\\\/admin\\\/\"}]}<\/script>\n<!-- \/ Yoast SEO plugin. -->","yoast_head_json":{"title":"Maroc : La r\u00e9pression s&rsquo;intensifie contre les d\u00e9fenseurs des droits humains - La Sentinelle","robots":{"index":"index","follow":"follow","max-snippet":"max-snippet:-1","max-image-preview":"max-image-preview:large","max-video-preview":"max-video-preview:-1"},"canonical":"https:\/\/lasentinelle.dz\/index.php\/2025\/05\/26\/maroc-la-repression-sintensifie-contre-les-defenseurs-des-droits-humains\/","og_locale":"fr_FR","og_type":"article","og_title":"Maroc : La r\u00e9pression s&rsquo;intensifie contre les d\u00e9fenseurs des droits humains - La Sentinelle","og_description":"La campagne de r\u00e9pression contre les d\u00e9fenseurs des droits humains se poursuit au Maroc, o\u00f9 ces derniers sont cibl\u00e9s pour","og_url":"https:\/\/lasentinelle.dz\/index.php\/2025\/05\/26\/maroc-la-repression-sintensifie-contre-les-defenseurs-des-droits-humains\/","og_site_name":"La Sentinelle","article_publisher":"https:\/\/www.facebook.com\/La-Sentinelle-104059864394773","article_published_time":"2025-05-26T10:40:13+00:00","article_modified_time":"2025-05-26T10:40:14+00:00","og_image":[{"width":1024,"height":832,"url":"https:\/\/lasentinelle.dz\/wp-content\/uploads\/2025\/05\/repression.jpg","type":"image\/jpeg"}],"author":"admin","twitter_card":"summary_large_image","twitter_misc":{"\u00c9crit par":"admin","Dur\u00e9e de lecture estim\u00e9e":"4 minutes"},"schema":{"@context":"https:\/\/schema.org","@graph":[{"@type":"Article","@id":"https:\/\/lasentinelle.dz\/index.php\/2025\/05\/26\/maroc-la-repression-sintensifie-contre-les-defenseurs-des-droits-humains\/#article","isPartOf":{"@id":"https:\/\/lasentinelle.dz\/index.php\/2025\/05\/26\/maroc-la-repression-sintensifie-contre-les-defenseurs-des-droits-humains\/"},"author":{"name":"admin","@id":"https:\/\/lasentinelle.dz\/#\/schema\/person\/729ee0024f24e0b8c5ec17232f8e8b41"},"headline":"Maroc : La r\u00e9pression s&rsquo;intensifie contre les d\u00e9fenseurs des droits humains","datePublished":"2025-05-26T10:40:13+00:00","dateModified":"2025-05-26T10:40:14+00:00","mainEntityOfPage":{"@id":"https:\/\/lasentinelle.dz\/index.php\/2025\/05\/26\/maroc-la-repression-sintensifie-contre-les-defenseurs-des-droits-humains\/"},"wordCount":811,"commentCount":0,"publisher":{"@id":"https:\/\/lasentinelle.dz\/#organization"},"image":{"@id":"https:\/\/lasentinelle.dz\/index.php\/2025\/05\/26\/maroc-la-repression-sintensifie-contre-les-defenseurs-des-droits-humains\/#primaryimage"},"thumbnailUrl":"https:\/\/lasentinelle.dz\/wp-content\/uploads\/2025\/05\/repression.jpg","articleSection":["\u00c0 la Une","Monde"],"inLanguage":"fr-FR","potentialAction":[{"@type":"CommentAction","name":"Comment","target":["https:\/\/lasentinelle.dz\/index.php\/2025\/05\/26\/maroc-la-repression-sintensifie-contre-les-defenseurs-des-droits-humains\/#respond"]}]},{"@type":"WebPage","@id":"https:\/\/lasentinelle.dz\/index.php\/2025\/05\/26\/maroc-la-repression-sintensifie-contre-les-defenseurs-des-droits-humains\/","url":"https:\/\/lasentinelle.dz\/index.php\/2025\/05\/26\/maroc-la-repression-sintensifie-contre-les-defenseurs-des-droits-humains\/","name":"Maroc : La r\u00e9pression s&rsquo;intensifie contre les d\u00e9fenseurs des droits humains - La Sentinelle","isPartOf":{"@id":"https:\/\/lasentinelle.dz\/#website"},"primaryImageOfPage":{"@id":"https:\/\/lasentinelle.dz\/index.php\/2025\/05\/26\/maroc-la-repression-sintensifie-contre-les-defenseurs-des-droits-humains\/#primaryimage"},"image":{"@id":"https:\/\/lasentinelle.dz\/index.php\/2025\/05\/26\/maroc-la-repression-sintensifie-contre-les-defenseurs-des-droits-humains\/#primaryimage"},"thumbnailUrl":"https:\/\/lasentinelle.dz\/wp-content\/uploads\/2025\/05\/repression.jpg","datePublished":"2025-05-26T10:40:13+00:00","dateModified":"2025-05-26T10:40:14+00:00","breadcrumb":{"@id":"https:\/\/lasentinelle.dz\/index.php\/2025\/05\/26\/maroc-la-repression-sintensifie-contre-les-defenseurs-des-droits-humains\/#breadcrumb"},"inLanguage":"fr-FR","potentialAction":[{"@type":"ReadAction","target":["https:\/\/lasentinelle.dz\/index.php\/2025\/05\/26\/maroc-la-repression-sintensifie-contre-les-defenseurs-des-droits-humains\/"]}]},{"@type":"ImageObject","inLanguage":"fr-FR","@id":"https:\/\/lasentinelle.dz\/index.php\/2025\/05\/26\/maroc-la-repression-sintensifie-contre-les-defenseurs-des-droits-humains\/#primaryimage","url":"https:\/\/lasentinelle.dz\/wp-content\/uploads\/2025\/05\/repression.jpg","contentUrl":"https:\/\/lasentinelle.dz\/wp-content\/uploads\/2025\/05\/repression.jpg","width":1024,"height":832},{"@type":"BreadcrumbList","@id":"https:\/\/lasentinelle.dz\/index.php\/2025\/05\/26\/maroc-la-repression-sintensifie-contre-les-defenseurs-des-droits-humains\/#breadcrumb","itemListElement":[{"@type":"ListItem","position":1,"name":"Accueil","item":"https:\/\/lasentinelle.dz\/"},{"@type":"ListItem","position":2,"name":"Maroc : La r\u00e9pression s&rsquo;intensifie contre les d\u00e9fenseurs des droits humains"}]},{"@type":"WebSite","@id":"https:\/\/lasentinelle.dz\/#website","url":"https:\/\/lasentinelle.dz\/","name":"La Sentinelle","description":"Quotidien national d&#039;information","publisher":{"@id":"https:\/\/lasentinelle.dz\/#organization"},"potentialAction":[{"@type":"SearchAction","target":{"@type":"EntryPoint","urlTemplate":"https:\/\/lasentinelle.dz\/?s={search_term_string}"},"query-input":{"@type":"PropertyValueSpecification","valueRequired":true,"valueName":"search_term_string"}}],"inLanguage":"fr-FR"},{"@type":"Organization","@id":"https:\/\/lasentinelle.dz\/#organization","name":"Quotidien La Sentinelle","url":"https:\/\/lasentinelle.dz\/","logo":{"@type":"ImageObject","inLanguage":"fr-FR","@id":"https:\/\/lasentinelle.dz\/#\/schema\/logo\/image\/","url":"https:\/\/lasentinelle.dz\/wp-content\/uploads\/2021\/09\/logo-sentinelleSLOGAN-1.png","contentUrl":"https:\/\/lasentinelle.dz\/wp-content\/uploads\/2021\/09\/logo-sentinelleSLOGAN-1.png","width":615,"height":142,"caption":"Quotidien La Sentinelle"},"image":{"@id":"https:\/\/lasentinelle.dz\/#\/schema\/logo\/image\/"},"sameAs":["https:\/\/www.facebook.com\/La-Sentinelle-104059864394773"]},{"@type":"Person","@id":"https:\/\/lasentinelle.dz\/#\/schema\/person\/729ee0024f24e0b8c5ec17232f8e8b41","name":"admin","image":{"@type":"ImageObject","inLanguage":"fr-FR","@id":"https:\/\/secure.gravatar.com\/avatar\/4c81fed838786e9b53f540bf46533e750f5d292099ae3b66cfc6fb1982e29df7?s=96&d=mm&r=g","url":"https:\/\/secure.gravatar.com\/avatar\/4c81fed838786e9b53f540bf46533e750f5d292099ae3b66cfc6fb1982e29df7?s=96&d=mm&r=g","contentUrl":"https:\/\/secure.gravatar.com\/avatar\/4c81fed838786e9b53f540bf46533e750f5d292099ae3b66cfc6fb1982e29df7?s=96&d=mm&r=g","caption":"admin"},"description":"admin","url":"https:\/\/lasentinelle.dz\/author\/admin\/"}]}},"_links":{"self":[{"href":"https:\/\/lasentinelle.dz\/index.php\/wp-json\/wp\/v2\/posts\/67890","targetHints":{"allow":["GET"]}}],"collection":[{"href":"https:\/\/lasentinelle.dz\/index.php\/wp-json\/wp\/v2\/posts"}],"about":[{"href":"https:\/\/lasentinelle.dz\/index.php\/wp-json\/wp\/v2\/types\/post"}],"author":[{"embeddable":true,"href":"https:\/\/lasentinelle.dz\/index.php\/wp-json\/wp\/v2\/users\/6"}],"replies":[{"embeddable":true,"href":"https:\/\/lasentinelle.dz\/index.php\/wp-json\/wp\/v2\/comments?post=67890"}],"version-history":[{"count":2,"href":"https:\/\/lasentinelle.dz\/index.php\/wp-json\/wp\/v2\/posts\/67890\/revisions"}],"predecessor-version":[{"id":67893,"href":"https:\/\/lasentinelle.dz\/index.php\/wp-json\/wp\/v2\/posts\/67890\/revisions\/67893"}],"wp:featuredmedia":[{"embeddable":true,"href":"https:\/\/lasentinelle.dz\/index.php\/wp-json\/wp\/v2\/media\/67891"}],"wp:attachment":[{"href":"https:\/\/lasentinelle.dz\/index.php\/wp-json\/wp\/v2\/media?parent=67890"}],"wp:term":[{"taxonomy":"category","embeddable":true,"href":"https:\/\/lasentinelle.dz\/index.php\/wp-json\/wp\/v2\/categories?post=67890"},{"taxonomy":"post_tag","embeddable":true,"href":"https:\/\/lasentinelle.dz\/index.php\/wp-json\/wp\/v2\/tags?post=67890"}],"curies":[{"name":"wp","href":"https:\/\/api.w.org\/{rel}","templated":true}]}}