{"id":67907,"date":"2025-05-26T11:52:48","date_gmt":"2025-05-26T10:52:48","guid":{"rendered":"https:\/\/lasentinelle.dz\/?p=67907"},"modified":"2025-05-26T11:52:49","modified_gmt":"2025-05-26T10:52:49","slug":"il-rejoint-lelite-le-mb-rouissat-fait-la-revue-des-troupes","status":"publish","type":"post","link":"https:\/\/lasentinelle.dz\/index.php\/2025\/05\/26\/il-rejoint-lelite-le-mb-rouissat-fait-la-revue-des-troupes\/","title":{"rendered":"Il rejoint l&rsquo;\u00e9lite: Le MB Rouissat fait la revue des troupes"},"content":{"rendered":"\n<p>Le Moustakbel Baladiet Rouissat entame une nouvelle \u00e8re de son histoire footballistique apr\u00e8s avoir r\u00e9alis\u00e9 une accession historique en Ligue 1 Mobilis qui couronne des ann\u00e9es d&rsquo;efforts et de pers\u00e9v\u00e9rance. Cette promotion tant attendue constitue d\u00e9sormais le point de d\u00e9part d&rsquo;un nouveau d\u00e9fi pour le club fond\u00e9 en 1964 qui doit maintenant confirmer sa place parmi l&rsquo;\u00e9lite du football alg\u00e9rien.<\/p>\n\n\n\n<p>L&rsquo;encadrement technique du MBR affiche une d\u00e9termination \u00e0 toute \u00e9preuve pour consolider cet acquis pr\u00e9cieux et viser d&rsquo;autres objectifs ambitieux malgr\u00e9 les contraintes financi\u00e8res et sportives qui l&rsquo;attendent au niveau sup\u00e9rieur. Mohamed Fouad Bensaci, l&rsquo;entra\u00eeneur-adjoint de l&rsquo;\u00e9quipe, ne cache pas sa satisfaction quant \u00e0 cette promotion obtenue avec panache et m\u00e9rite tout en gardant les pieds sur terre concernant les d\u00e9fis futurs. Il souligne que l&rsquo;\u00e9quipe s&rsquo;attelle avec d\u00e9termination \u00e0 pr\u00e9server cet acquis et \u00e0 aller vers d&rsquo;autres succ\u00e8s en s&rsquo;appuyant sur les valeurs de travail et de pers\u00e9v\u00e9rance qui ont fait le succ\u00e8s de cette mont\u00e9e. La philosophie du club reste inchang\u00e9e avec la conviction que seuls les efforts soutenus permettront d&rsquo;\u00e9voluer sereinement dans cette nouvelle dimension footballistique. L&rsquo;entra\u00eeneur-adjoint mesure parfaitement l&rsquo;ampleur de la t\u00e2che qui attend son \u00e9quipe en division professionnelle o\u00f9 elle devra affronter des clubs prestigieux dot\u00e9s d&rsquo;une exp\u00e9rience consid\u00e9rable et d&rsquo;un palmar\u00e8s \u00e9toff\u00e9 aux niveaux national, continental et international. Cette prise de conscience impose une pr\u00e9paration minutieuse pour aborder la saison 2025-2026 avec confiance, assurance et s\u00e9rieux face \u00e0 des adversaires redoutables. La planification de la prochaine saison occupe d\u00e9j\u00e0 les esprits avec un d\u00e9but de championnat fix\u00e9 au 21 ao\u00fbt prochain qui n\u00e9cessite une pr\u00e9paration pr\u00e9coce et rigoureuse. Le MB Rouissat envisage d&rsquo;amorcer tr\u00e8s t\u00f4t sa pr\u00e9paration estivale avec une reprise programm\u00e9e avant le 10 juillet afin de disposer d&rsquo;un temps suffisant pour int\u00e9grer les nouveaut\u00e9s tactiques et les nouvelles recrues. Cette anticipation s&rsquo;av\u00e8re cruciale pour permettre \u00e0 l&rsquo;\u00e9quipe de trouver rapidement ses automatismes et sa coh\u00e9sion collective. Le volet des transferts figure parmi les priorit\u00e9s absolues du club qui envisage des changements significatifs dans son effectif avec la lib\u00e9ration de certains joueurs et le recrutement d&rsquo;\u00e9l\u00e9ments talentueux capables d&rsquo;apporter une plus-value technique et exp\u00e9rientielle. Cette restructuration vise \u00e0 donner au groupe les moyens de ses ambitions tout en conservant les cadres actuels qui ont su d\u00e9montrer leur valeur lors de l&rsquo;exercice \u00e9coul\u00e9. Les dirigeants du MBR projettent d&rsquo;int\u00e9grer pas moins de six nouvelles recrues de talent et d&rsquo;exp\u00e9rience pour renforcer l&rsquo;ossature de l&rsquo;\u00e9quipe et lui donner les armes n\u00e9cessaires pour rivaliser avec les meilleures formations du pays. Cet objectif ambitieux se heurte n\u00e9anmoins \u00e0 la r\u00e9alit\u00e9 financi\u00e8re du club dont la tr\u00e9sorerie actuelle ne permet pas de supporter de tels investissements sans aide ext\u00e9rieure. La situation \u00e9conomique du club constitue effectivement le principal d\u00e9fi \u00e0 relever avec un pr\u00e9sident Mohamed Laroussi Bensaci qui assume personnellement une grande partie des charges financi\u00e8res tout en multipliant les d\u00e9marches aupr\u00e8s des instances concern\u00e9es pour obtenir des soutiens indispensables. Cette gestion s&rsquo;av\u00e8re de plus en plus complexe avec l&rsquo;accession en Ligue 1 qui implique automatiquement une augmentation substantielle des d\u00e9penses de fonctionnement, de d\u00e9placements et de salaires. L&rsquo;entra\u00eeneur-adjoint reconna\u00eet que l&rsquo;\u00e9volution vers le niveau sup\u00e9rieur transforme compl\u00e8tement la donne financi\u00e8re et n\u00e9cessite des financements suppl\u00e9mentaires qui ne pourront \u00eatre assur\u00e9s qu&rsquo;\u00e0 travers l&rsquo;intervention de sponsors priv\u00e9s et le soutien d&rsquo;entreprises \u00e9conomiques publiques. Cette qu\u00eate de partenaires financiers devient donc vitale pour permettre au club de poursuivre sereinement son parcours sans difficult\u00e9s majeures et de concr\u00e9tiser ses ambitions sportives l\u00e9gitimes apr\u00e8s cette promotion m\u00e9rit\u00e9e.<\/p>\n\n\n\n<p>M. Dahleb<\/p>\n","protected":false},"excerpt":{"rendered":"<p>Le Moustakbel Baladiet Rouissat entame une nouvelle \u00e8re de son histoire footballistique apr\u00e8s avoir r\u00e9alis\u00e9 une accession historique en Ligue<\/p>\n","protected":false},"author":6,"featured_media":67473,"comment_status":"open","ping_status":"closed","sticky":false,"template":"","format":"standard","meta":{"colormag_page_container_layout":"default_layout","colormag_page_sidebar_layout":"default_layout","om_disable_all_campaigns":false,"_monsterinsights_skip_tracking":false,"_monsterinsights_sitenote_active":false,"_monsterinsights_sitenote_note":"","_monsterinsights_sitenote_category":0,"footnotes":"","_wpscppro_dont_share_socialmedia":false,"_wpscppro_custom_social_share_image":0,"_facebook_share_type":"default","_twitter_share_type":"default","_linkedin_share_type":"default","_pinterest_share_type":"default","_linkedin_share_type_page":"","_instagram_share_type":"default","_medium_share_type":"default","_threads_share_type":"","_google_business_share_type":"","_selected_social_profile":[],"_wpsp_enable_custom_social_template":false,"_wpsp_social_scheduling":{"enabled":false,"datetime":null,"platforms":[],"status":"template_only","dateOption":"today","timeOption":"now","customDays":"","customHours":"","customDate":"","customTime":"","schedulingType":"absolute"},"_wpsp_active_default_template":true},"categories":[33],"tags":[],"class_list":["post-67907","post","type-post","status-publish","format-standard","has-post-thumbnail","hentry","category-sports"],"aioseo_notices":[],"yoast_head":"<!-- This site is optimized with the Yoast SEO plugin v27.5 - https:\/\/yoast.com\/product\/yoast-seo-wordpress\/ -->\n<title>Il rejoint l&rsquo;\u00e9lite: Le MB Rouissat fait la revue des troupes - La Sentinelle<\/title>\n<meta name=\"robots\" content=\"index, follow, max-snippet:-1, max-image-preview:large, max-video-preview:-1\" \/>\n<link rel=\"canonical\" href=\"https:\/\/lasentinelle.dz\/index.php\/2025\/05\/26\/il-rejoint-lelite-le-mb-rouissat-fait-la-revue-des-troupes\/\" \/>\n<meta property=\"og:locale\" content=\"fr_FR\" \/>\n<meta property=\"og:type\" content=\"article\" \/>\n<meta property=\"og:title\" content=\"Il rejoint l&rsquo;\u00e9lite: Le MB Rouissat fait la revue des troupes - La Sentinelle\" \/>\n<meta property=\"og:description\" content=\"Le Moustakbel Baladiet Rouissat entame une nouvelle \u00e8re de son histoire footballistique apr\u00e8s avoir r\u00e9alis\u00e9 une accession historique en Ligue\" \/>\n<meta property=\"og:url\" content=\"https:\/\/lasentinelle.dz\/index.php\/2025\/05\/26\/il-rejoint-lelite-le-mb-rouissat-fait-la-revue-des-troupes\/\" \/>\n<meta property=\"og:site_name\" content=\"La Sentinelle\" \/>\n<meta property=\"article:publisher\" content=\"https:\/\/www.facebook.com\/La-Sentinelle-104059864394773\" \/>\n<meta property=\"article:published_time\" content=\"2025-05-26T10:52:48+00:00\" \/>\n<meta property=\"article:modified_time\" content=\"2025-05-26T10:52:49+00:00\" \/>\n<meta name=\"author\" content=\"admin\" \/>\n<meta name=\"twitter:card\" content=\"summary_large_image\" \/>\n<meta name=\"twitter:label1\" content=\"\u00c9crit par\" \/>\n\t<meta name=\"twitter:data1\" content=\"admin\" \/>\n\t<meta name=\"twitter:label2\" content=\"Dur\u00e9e de lecture estim\u00e9e\" \/>\n\t<meta name=\"twitter:data2\" content=\"3 minutes\" \/>\n<script type=\"application\/ld+json\" class=\"yoast-schema-graph\">{\"@context\":\"https:\\\/\\\/schema.org\",\"@graph\":[{\"@type\":\"Article\",\"@id\":\"https:\\\/\\\/lasentinelle.dz\\\/index.php\\\/2025\\\/05\\\/26\\\/il-rejoint-lelite-le-mb-rouissat-fait-la-revue-des-troupes\\\/#article\",\"isPartOf\":{\"@id\":\"https:\\\/\\\/lasentinelle.dz\\\/index.php\\\/2025\\\/05\\\/26\\\/il-rejoint-lelite-le-mb-rouissat-fait-la-revue-des-troupes\\\/\"},\"author\":{\"name\":\"admin\",\"@id\":\"https:\\\/\\\/lasentinelle.dz\\\/#\\\/schema\\\/person\\\/729ee0024f24e0b8c5ec17232f8e8b41\"},\"headline\":\"Il rejoint l&rsquo;\u00e9lite: Le MB Rouissat fait la revue des troupes\",\"datePublished\":\"2025-05-26T10:52:48+00:00\",\"dateModified\":\"2025-05-26T10:52:49+00:00\",\"mainEntityOfPage\":{\"@id\":\"https:\\\/\\\/lasentinelle.dz\\\/index.php\\\/2025\\\/05\\\/26\\\/il-rejoint-lelite-le-mb-rouissat-fait-la-revue-des-troupes\\\/\"},\"wordCount\":695,\"commentCount\":0,\"publisher\":{\"@id\":\"https:\\\/\\\/lasentinelle.dz\\\/#organization\"},\"image\":{\"@id\":\"https:\\\/\\\/lasentinelle.dz\\\/index.php\\\/2025\\\/05\\\/26\\\/il-rejoint-lelite-le-mb-rouissat-fait-la-revue-des-troupes\\\/#primaryimage\"},\"thumbnailUrl\":\"https:\\\/\\\/lasentinelle.dz\\\/wp-content\\\/uploads\\\/2025\\\/05\\\/MB-Rouissat.jpg\",\"articleSection\":[\"Sports\"],\"inLanguage\":\"fr-FR\",\"potentialAction\":[{\"@type\":\"CommentAction\",\"name\":\"Comment\",\"target\":[\"https:\\\/\\\/lasentinelle.dz\\\/index.php\\\/2025\\\/05\\\/26\\\/il-rejoint-lelite-le-mb-rouissat-fait-la-revue-des-troupes\\\/#respond\"]}]},{\"@type\":\"WebPage\",\"@id\":\"https:\\\/\\\/lasentinelle.dz\\\/index.php\\\/2025\\\/05\\\/26\\\/il-rejoint-lelite-le-mb-rouissat-fait-la-revue-des-troupes\\\/\",\"url\":\"https:\\\/\\\/lasentinelle.dz\\\/index.php\\\/2025\\\/05\\\/26\\\/il-rejoint-lelite-le-mb-rouissat-fait-la-revue-des-troupes\\\/\",\"name\":\"Il rejoint l&rsquo;\u00e9lite: Le MB Rouissat fait la revue des troupes - La Sentinelle\",\"isPartOf\":{\"@id\":\"https:\\\/\\\/lasentinelle.dz\\\/#website\"},\"primaryImageOfPage\":{\"@id\":\"https:\\\/\\\/lasentinelle.dz\\\/index.php\\\/2025\\\/05\\\/26\\\/il-rejoint-lelite-le-mb-rouissat-fait-la-revue-des-troupes\\\/#primaryimage\"},\"image\":{\"@id\":\"https:\\\/\\\/lasentinelle.dz\\\/index.php\\\/2025\\\/05\\\/26\\\/il-rejoint-lelite-le-mb-rouissat-fait-la-revue-des-troupes\\\/#primaryimage\"},\"thumbnailUrl\":\"https:\\\/\\\/lasentinelle.dz\\\/wp-content\\\/uploads\\\/2025\\\/05\\\/MB-Rouissat.jpg\",\"datePublished\":\"2025-05-26T10:52:48+00:00\",\"dateModified\":\"2025-05-26T10:52:49+00:00\",\"breadcrumb\":{\"@id\":\"https:\\\/\\\/lasentinelle.dz\\\/index.php\\\/2025\\\/05\\\/26\\\/il-rejoint-lelite-le-mb-rouissat-fait-la-revue-des-troupes\\\/#breadcrumb\"},\"inLanguage\":\"fr-FR\",\"potentialAction\":[{\"@type\":\"ReadAction\",\"target\":[\"https:\\\/\\\/lasentinelle.dz\\\/index.php\\\/2025\\\/05\\\/26\\\/il-rejoint-lelite-le-mb-rouissat-fait-la-revue-des-troupes\\\/\"]}]},{\"@type\":\"ImageObject\",\"inLanguage\":\"fr-FR\",\"@id\":\"https:\\\/\\\/lasentinelle.dz\\\/index.php\\\/2025\\\/05\\\/26\\\/il-rejoint-lelite-le-mb-rouissat-fait-la-revue-des-troupes\\\/#primaryimage\",\"url\":\"https:\\\/\\\/lasentinelle.dz\\\/wp-content\\\/uploads\\\/2025\\\/05\\\/MB-Rouissat.jpg\",\"contentUrl\":\"https:\\\/\\\/lasentinelle.dz\\\/wp-content\\\/uploads\\\/2025\\\/05\\\/MB-Rouissat.jpg\",\"width\":960,\"height\":616},{\"@type\":\"BreadcrumbList\",\"@id\":\"https:\\\/\\\/lasentinelle.dz\\\/index.php\\\/2025\\\/05\\\/26\\\/il-rejoint-lelite-le-mb-rouissat-fait-la-revue-des-troupes\\\/#breadcrumb\",\"itemListElement\":[{\"@type\":\"ListItem\",\"position\":1,\"name\":\"Accueil\",\"item\":\"https:\\\/\\\/lasentinelle.dz\\\/\"},{\"@type\":\"ListItem\",\"position\":2,\"name\":\"Il rejoint l&rsquo;\u00e9lite: Le MB Rouissat fait la revue des troupes\"}]},{\"@type\":\"WebSite\",\"@id\":\"https:\\\/\\\/lasentinelle.dz\\\/#website\",\"url\":\"https:\\\/\\\/lasentinelle.dz\\\/\",\"name\":\"La Sentinelle\",\"description\":\"Quotidien national d&#039;information\",\"publisher\":{\"@id\":\"https:\\\/\\\/lasentinelle.dz\\\/#organization\"},\"potentialAction\":[{\"@type\":\"SearchAction\",\"target\":{\"@type\":\"EntryPoint\",\"urlTemplate\":\"https:\\\/\\\/lasentinelle.dz\\\/?s={search_term_string}\"},\"query-input\":{\"@type\":\"PropertyValueSpecification\",\"valueRequired\":true,\"valueName\":\"search_term_string\"}}],\"inLanguage\":\"fr-FR\"},{\"@type\":\"Organization\",\"@id\":\"https:\\\/\\\/lasentinelle.dz\\\/#organization\",\"name\":\"Quotidien La Sentinelle\",\"url\":\"https:\\\/\\\/lasentinelle.dz\\\/\",\"logo\":{\"@type\":\"ImageObject\",\"inLanguage\":\"fr-FR\",\"@id\":\"https:\\\/\\\/lasentinelle.dz\\\/#\\\/schema\\\/logo\\\/image\\\/\",\"url\":\"https:\\\/\\\/lasentinelle.dz\\\/wp-content\\\/uploads\\\/2021\\\/09\\\/logo-sentinelleSLOGAN-1.png\",\"contentUrl\":\"https:\\\/\\\/lasentinelle.dz\\\/wp-content\\\/uploads\\\/2021\\\/09\\\/logo-sentinelleSLOGAN-1.png\",\"width\":615,\"height\":142,\"caption\":\"Quotidien La Sentinelle\"},\"image\":{\"@id\":\"https:\\\/\\\/lasentinelle.dz\\\/#\\\/schema\\\/logo\\\/image\\\/\"},\"sameAs\":[\"https:\\\/\\\/www.facebook.com\\\/La-Sentinelle-104059864394773\"]},{\"@type\":\"Person\",\"@id\":\"https:\\\/\\\/lasentinelle.dz\\\/#\\\/schema\\\/person\\\/729ee0024f24e0b8c5ec17232f8e8b41\",\"name\":\"admin\",\"image\":{\"@type\":\"ImageObject\",\"inLanguage\":\"fr-FR\",\"@id\":\"https:\\\/\\\/secure.gravatar.com\\\/avatar\\\/4c81fed838786e9b53f540bf46533e750f5d292099ae3b66cfc6fb1982e29df7?s=96&d=mm&r=g\",\"url\":\"https:\\\/\\\/secure.gravatar.com\\\/avatar\\\/4c81fed838786e9b53f540bf46533e750f5d292099ae3b66cfc6fb1982e29df7?s=96&d=mm&r=g\",\"contentUrl\":\"https:\\\/\\\/secure.gravatar.com\\\/avatar\\\/4c81fed838786e9b53f540bf46533e750f5d292099ae3b66cfc6fb1982e29df7?s=96&d=mm&r=g\",\"caption\":\"admin\"},\"description\":\"admin\",\"url\":\"https:\\\/\\\/lasentinelle.dz\\\/author\\\/admin\\\/\"}]}<\/script>\n<!-- \/ Yoast SEO plugin. -->","yoast_head_json":{"title":"Il rejoint l&rsquo;\u00e9lite: Le MB Rouissat fait la revue des troupes - La Sentinelle","robots":{"index":"index","follow":"follow","max-snippet":"max-snippet:-1","max-image-preview":"max-image-preview:large","max-video-preview":"max-video-preview:-1"},"canonical":"https:\/\/lasentinelle.dz\/index.php\/2025\/05\/26\/il-rejoint-lelite-le-mb-rouissat-fait-la-revue-des-troupes\/","og_locale":"fr_FR","og_type":"article","og_title":"Il rejoint l&rsquo;\u00e9lite: Le MB Rouissat fait la revue des troupes - La Sentinelle","og_description":"Le Moustakbel Baladiet Rouissat entame une nouvelle \u00e8re de son histoire footballistique apr\u00e8s avoir r\u00e9alis\u00e9 une accession historique en Ligue","og_url":"https:\/\/lasentinelle.dz\/index.php\/2025\/05\/26\/il-rejoint-lelite-le-mb-rouissat-fait-la-revue-des-troupes\/","og_site_name":"La Sentinelle","article_publisher":"https:\/\/www.facebook.com\/La-Sentinelle-104059864394773","article_published_time":"2025-05-26T10:52:48+00:00","article_modified_time":"2025-05-26T10:52:49+00:00","author":"admin","twitter_card":"summary_large_image","twitter_misc":{"\u00c9crit par":"admin","Dur\u00e9e de lecture estim\u00e9e":"3 minutes"},"schema":{"@context":"https:\/\/schema.org","@graph":[{"@type":"Article","@id":"https:\/\/lasentinelle.dz\/index.php\/2025\/05\/26\/il-rejoint-lelite-le-mb-rouissat-fait-la-revue-des-troupes\/#article","isPartOf":{"@id":"https:\/\/lasentinelle.dz\/index.php\/2025\/05\/26\/il-rejoint-lelite-le-mb-rouissat-fait-la-revue-des-troupes\/"},"author":{"name":"admin","@id":"https:\/\/lasentinelle.dz\/#\/schema\/person\/729ee0024f24e0b8c5ec17232f8e8b41"},"headline":"Il rejoint l&rsquo;\u00e9lite: Le MB Rouissat fait la revue des troupes","datePublished":"2025-05-26T10:52:48+00:00","dateModified":"2025-05-26T10:52:49+00:00","mainEntityOfPage":{"@id":"https:\/\/lasentinelle.dz\/index.php\/2025\/05\/26\/il-rejoint-lelite-le-mb-rouissat-fait-la-revue-des-troupes\/"},"wordCount":695,"commentCount":0,"publisher":{"@id":"https:\/\/lasentinelle.dz\/#organization"},"image":{"@id":"https:\/\/lasentinelle.dz\/index.php\/2025\/05\/26\/il-rejoint-lelite-le-mb-rouissat-fait-la-revue-des-troupes\/#primaryimage"},"thumbnailUrl":"https:\/\/lasentinelle.dz\/wp-content\/uploads\/2025\/05\/MB-Rouissat.jpg","articleSection":["Sports"],"inLanguage":"fr-FR","potentialAction":[{"@type":"CommentAction","name":"Comment","target":["https:\/\/lasentinelle.dz\/index.php\/2025\/05\/26\/il-rejoint-lelite-le-mb-rouissat-fait-la-revue-des-troupes\/#respond"]}]},{"@type":"WebPage","@id":"https:\/\/lasentinelle.dz\/index.php\/2025\/05\/26\/il-rejoint-lelite-le-mb-rouissat-fait-la-revue-des-troupes\/","url":"https:\/\/lasentinelle.dz\/index.php\/2025\/05\/26\/il-rejoint-lelite-le-mb-rouissat-fait-la-revue-des-troupes\/","name":"Il rejoint l&rsquo;\u00e9lite: Le MB Rouissat fait la revue des troupes - La Sentinelle","isPartOf":{"@id":"https:\/\/lasentinelle.dz\/#website"},"primaryImageOfPage":{"@id":"https:\/\/lasentinelle.dz\/index.php\/2025\/05\/26\/il-rejoint-lelite-le-mb-rouissat-fait-la-revue-des-troupes\/#primaryimage"},"image":{"@id":"https:\/\/lasentinelle.dz\/index.php\/2025\/05\/26\/il-rejoint-lelite-le-mb-rouissat-fait-la-revue-des-troupes\/#primaryimage"},"thumbnailUrl":"https:\/\/lasentinelle.dz\/wp-content\/uploads\/2025\/05\/MB-Rouissat.jpg","datePublished":"2025-05-26T10:52:48+00:00","dateModified":"2025-05-26T10:52:49+00:00","breadcrumb":{"@id":"https:\/\/lasentinelle.dz\/index.php\/2025\/05\/26\/il-rejoint-lelite-le-mb-rouissat-fait-la-revue-des-troupes\/#breadcrumb"},"inLanguage":"fr-FR","potentialAction":[{"@type":"ReadAction","target":["https:\/\/lasentinelle.dz\/index.php\/2025\/05\/26\/il-rejoint-lelite-le-mb-rouissat-fait-la-revue-des-troupes\/"]}]},{"@type":"ImageObject","inLanguage":"fr-FR","@id":"https:\/\/lasentinelle.dz\/index.php\/2025\/05\/26\/il-rejoint-lelite-le-mb-rouissat-fait-la-revue-des-troupes\/#primaryimage","url":"https:\/\/lasentinelle.dz\/wp-content\/uploads\/2025\/05\/MB-Rouissat.jpg","contentUrl":"https:\/\/lasentinelle.dz\/wp-content\/uploads\/2025\/05\/MB-Rouissat.jpg","width":960,"height":616},{"@type":"BreadcrumbList","@id":"https:\/\/lasentinelle.dz\/index.php\/2025\/05\/26\/il-rejoint-lelite-le-mb-rouissat-fait-la-revue-des-troupes\/#breadcrumb","itemListElement":[{"@type":"ListItem","position":1,"name":"Accueil","item":"https:\/\/lasentinelle.dz\/"},{"@type":"ListItem","position":2,"name":"Il rejoint l&rsquo;\u00e9lite: Le MB Rouissat fait la revue des troupes"}]},{"@type":"WebSite","@id":"https:\/\/lasentinelle.dz\/#website","url":"https:\/\/lasentinelle.dz\/","name":"La Sentinelle","description":"Quotidien national d&#039;information","publisher":{"@id":"https:\/\/lasentinelle.dz\/#organization"},"potentialAction":[{"@type":"SearchAction","target":{"@type":"EntryPoint","urlTemplate":"https:\/\/lasentinelle.dz\/?s={search_term_string}"},"query-input":{"@type":"PropertyValueSpecification","valueRequired":true,"valueName":"search_term_string"}}],"inLanguage":"fr-FR"},{"@type":"Organization","@id":"https:\/\/lasentinelle.dz\/#organization","name":"Quotidien La Sentinelle","url":"https:\/\/lasentinelle.dz\/","logo":{"@type":"ImageObject","inLanguage":"fr-FR","@id":"https:\/\/lasentinelle.dz\/#\/schema\/logo\/image\/","url":"https:\/\/lasentinelle.dz\/wp-content\/uploads\/2021\/09\/logo-sentinelleSLOGAN-1.png","contentUrl":"https:\/\/lasentinelle.dz\/wp-content\/uploads\/2021\/09\/logo-sentinelleSLOGAN-1.png","width":615,"height":142,"caption":"Quotidien La Sentinelle"},"image":{"@id":"https:\/\/lasentinelle.dz\/#\/schema\/logo\/image\/"},"sameAs":["https:\/\/www.facebook.com\/La-Sentinelle-104059864394773"]},{"@type":"Person","@id":"https:\/\/lasentinelle.dz\/#\/schema\/person\/729ee0024f24e0b8c5ec17232f8e8b41","name":"admin","image":{"@type":"ImageObject","inLanguage":"fr-FR","@id":"https:\/\/secure.gravatar.com\/avatar\/4c81fed838786e9b53f540bf46533e750f5d292099ae3b66cfc6fb1982e29df7?s=96&d=mm&r=g","url":"https:\/\/secure.gravatar.com\/avatar\/4c81fed838786e9b53f540bf46533e750f5d292099ae3b66cfc6fb1982e29df7?s=96&d=mm&r=g","contentUrl":"https:\/\/secure.gravatar.com\/avatar\/4c81fed838786e9b53f540bf46533e750f5d292099ae3b66cfc6fb1982e29df7?s=96&d=mm&r=g","caption":"admin"},"description":"admin","url":"https:\/\/lasentinelle.dz\/author\/admin\/"}]}},"_links":{"self":[{"href":"https:\/\/lasentinelle.dz\/index.php\/wp-json\/wp\/v2\/posts\/67907","targetHints":{"allow":["GET"]}}],"collection":[{"href":"https:\/\/lasentinelle.dz\/index.php\/wp-json\/wp\/v2\/posts"}],"about":[{"href":"https:\/\/lasentinelle.dz\/index.php\/wp-json\/wp\/v2\/types\/post"}],"author":[{"embeddable":true,"href":"https:\/\/lasentinelle.dz\/index.php\/wp-json\/wp\/v2\/users\/6"}],"replies":[{"embeddable":true,"href":"https:\/\/lasentinelle.dz\/index.php\/wp-json\/wp\/v2\/comments?post=67907"}],"version-history":[{"count":1,"href":"https:\/\/lasentinelle.dz\/index.php\/wp-json\/wp\/v2\/posts\/67907\/revisions"}],"predecessor-version":[{"id":67908,"href":"https:\/\/lasentinelle.dz\/index.php\/wp-json\/wp\/v2\/posts\/67907\/revisions\/67908"}],"wp:featuredmedia":[{"embeddable":true,"href":"https:\/\/lasentinelle.dz\/index.php\/wp-json\/wp\/v2\/media\/67473"}],"wp:attachment":[{"href":"https:\/\/lasentinelle.dz\/index.php\/wp-json\/wp\/v2\/media?parent=67907"}],"wp:term":[{"taxonomy":"category","embeddable":true,"href":"https:\/\/lasentinelle.dz\/index.php\/wp-json\/wp\/v2\/categories?post=67907"},{"taxonomy":"post_tag","embeddable":true,"href":"https:\/\/lasentinelle.dz\/index.php\/wp-json\/wp\/v2\/tags?post=67907"}],"curies":[{"name":"wp","href":"https:\/\/api.w.org\/{rel}","templated":true}]}}