{"id":67909,"date":"2025-05-26T11:54:00","date_gmt":"2025-05-26T10:54:00","guid":{"rendered":"https:\/\/lasentinelle.dz\/?p=67909"},"modified":"2025-05-26T11:54:01","modified_gmt":"2025-05-26T10:54:01","slug":"ligue-1-mobilis-27e-journee-le-leader-en-conquerant-a-bechar","status":"publish","type":"post","link":"https:\/\/lasentinelle.dz\/index.php\/2025\/05\/26\/ligue-1-mobilis-27e-journee-le-leader-en-conquerant-a-bechar\/","title":{"rendered":"Ligue 1 Mobilis (27e journ\u00e9e) : Le leader en conqu\u00e9rant \u00e0 B\u00e9char"},"content":{"rendered":"\n<p>Le MCA, solidement install\u00e9 \u00e0 la premi\u00e8re place avec 52 points au compteur, se rendra dans le sud-ouest du pays pour affronter la redoutable JS Saoura. Ce d\u00e9placement p\u00e9rilleux constitue un test d&rsquo;envergure pour les joueurs de l&rsquo;entra\u00eeneur tunisien chevronn\u00e9 Khaled Ben Yahia, qui chercheront imp\u00e9rativement \u00e0 conserver leur avance confortable en t\u00eate du championnat.<\/p>\n\n\n\n<p>Sur une courbe ascendante remarquable, le leader incontest\u00e9 du championnat de Ligue 1 Mobilis de football, le MC Alger, abordera avec d\u00e9termination le match crucial en d\u00e9placement face \u00e0 la JS Saoura avec l&rsquo;intention ferme de conforter sa position privil\u00e9gi\u00e9e en t\u00eate du classement et de se rapprocher consid\u00e9rablement d&rsquo;un neuvi\u00e8me titre historique. Parall\u00e8lement, le MC Oran et l&rsquo;Olympique Akbou seront respectivement en d\u00e9placement \u00e0 Biskra et Alger avec l&rsquo;objectif primordial de franchir un pas suppl\u00e9mentaire d\u00e9cisif vers le maintien tant convoit\u00e9, lors de la suite et conclusion de cette 27e journ\u00e9e d\u00e9terminante, programm\u00e9e pour lundi et mardi prochains. Le MCA, solidement install\u00e9 \u00e0 la premi\u00e8re place avec 52 points au compteur, qui reste sur deux succ\u00e8s cons\u00e9cutifs particuli\u00e8rement probants, dont le dernier retentissant dans le prestigieux derby de la capitale face \u00e0 l&rsquo;USM Alger sold\u00e9 par une victoire \u00e9triqu\u00e9e mais pr\u00e9cieuse de 1-0, se rendra dans le sud-ouest du pays pour affronter la redoutable JS Saoura, septi\u00e8me au classement avec 35 points, formation particuli\u00e8rement r\u00e9put\u00e9e pour sa solidit\u00e9 d\u00e9fensive remarquable \u00e0 domicile o\u00f9 elle a engrang\u00e9 28 points sur 39 possibles. Ce d\u00e9placement p\u00e9rilleux constitue un test d&rsquo;envergure pour les joueurs de l&rsquo;entra\u00eeneur tunisien chevronn\u00e9 Khaled Ben Yahia, qui chercheront imp\u00e9rativement \u00e0 conserver leur avance confortable en t\u00eate du championnat et \u00e0 se rapprocher davantage de ce neuvi\u00e8me titre de champion d&rsquo;Alg\u00e9rie qui ferait entrer le club dans la l\u00e9gende. La JSS, de son c\u00f4t\u00e9, nourrit l&rsquo;espoir l\u00e9gitime de poursuivre sur sa dynamique positive actuelle, d&rsquo;autant que les co\u00e9quipiers de l&rsquo;attaquant prolifique Souiba\u00e2h ont remport\u00e9 deux victoires significatives, dont une particuli\u00e8rement m\u00e9ritoire en d\u00e9placement contre la JS Kabylie sur le score de 2-1, et obtenu un match nul encourageant lors des trois derni\u00e8res journ\u00e9es disput\u00e9es. Cette s\u00e9rie favorable leur donne des arguments solides pour croire en leurs chances face au leader.<\/p>\n\n\n\n<p>Au prestigieux stade Nelson-Mandela de Baraki, le CR Belouizdad, troisi\u00e8me du classement avec 45 points, accueillera dans un contexte \u00e9lectrique le Paradou AC, quatri\u00e8me avec 38 points, dans un derby de la banlieue alg\u00e9roise particuli\u00e8rement ind\u00e9cis et prometteur. Le PAC, ambitieux et en qu\u00eate d&rsquo;un troisi\u00e8me succ\u00e8s cons\u00e9cutif qui le rapprocherait significativement du podium, aura fort \u00e0 faire face \u00e0 un Chabab certes en panne de r\u00e9sultats r\u00e9cents avec deux nuls frustrants et une d\u00e9faite am\u00e8re lors des trois derni\u00e8res journ\u00e9es, mais qui demeure r\u00e9solument ambitieux dans la course acharn\u00e9e au podium final. Les Belouizdadis sont pratiquement condamn\u00e9s \u00e0 remporter cette rencontre capitale pour esp\u00e9rer d\u00e9loger la JSK de sa deuxi\u00e8me place strat\u00e9gique, synonyme d&rsquo;une participation tr\u00e8s convoit\u00e9e \u00e0 la Ligue des champions de la CAF la saison prochaine.<\/p>\n\n\n\n<p>L&rsquo;USM Alger, sixi\u00e8me au classement g\u00e9n\u00e9ral avec 36 points, encore marqu\u00e9e par sa d\u00e9faite douloureuse de vendredi dans le grand derby historique face \u00e0 son voisin et rival \u00e9ternel le MCA, tentera imp\u00e9rativement de se ressaisir moralement et techniquement en recevant \u00e0 huis clos, dans une atmosph\u00e8re particuli\u00e8re, l&rsquo;Olympique Akbou, douzi\u00e8me avec 28 points au compteur. Si le club de Soustara aspire l\u00e9gitimement \u00e0 relancer ses chances encore intactes de terminer honorablement sur le podium final, les courageux Akbouciens auront v\u00e9ritablement \u00e0 c\u0153ur de revenir de la capitale avec un r\u00e9sultat probant et encourageant qui les rapprocherait sensiblement de l&rsquo;objectif vital du maintien parmi l&rsquo;\u00e9lite du football alg\u00e9rien.<\/p>\n\n\n\n<p>Dans le bas du tableau o\u00f9 chaque point compte, l&rsquo;US Biskra, lanterne rouge particuli\u00e8rement menac\u00e9e avec seulement 20 points au compteur, jouera ind\u00e9niablement l&rsquo;une de ses derni\u00e8res cartes ma\u00eetresses pour le maintien en accueillant le MC Oran, onzi\u00e8me avec 31 points. Une d\u00e9faite dans cette rencontre \u00e0 six points condamnerait quasi d\u00e9finitivement les \u00ab\u00a0Ziban\u00a0\u00bb \u00e0 la rel\u00e9gation redout\u00e9e vers la division inf\u00e9rieure, tandis qu&rsquo;elle permettrait simultan\u00e9ment aux Oranais de soigner consid\u00e9rablement leur classement et de franchir un pas d\u00e9cisif et important vers le maintien salvateur parmi l&rsquo;\u00e9lite.<\/p>\n\n\n\n<p>Enfin, pour cl\u00f4turer ce programme all\u00e9chant, le CS Constantine, neuvi\u00e8me du classement avec 33 points, encore sous le coup de sa d\u00e9ception apr\u00e8s avoir \u00e9t\u00e9 tenu en \u00e9chec jeudi \u00e0 domicile par le MCO sur le score de 2-2, se d\u00e9placera chez le MC El-Bayadh, septi\u00e8me ex-aequo avec 35 points. Les locaux, v\u00e9ritablement dos au mur apr\u00e8s une s\u00e9rie d\u00e9cevante, tenteront co\u00fbte que co\u00fbte de mettre un terme d\u00e9finitif \u00e0 leur mauvaise s\u00e9rie actuelle de trois matchs cons\u00e9cutifs sans victoire qui plombe leurs ambitions.<\/p>\n\n\n\n<p>Moncef Dahleb<\/p>\n","protected":false},"excerpt":{"rendered":"<p>Le MCA, solidement install\u00e9 \u00e0 la premi\u00e8re place avec 52 points au compteur, se rendra dans le sud-ouest du pays<\/p>\n","protected":false},"author":6,"featured_media":67910,"comment_status":"open","ping_status":"closed","sticky":false,"template":"","format":"standard","meta":{"colormag_page_container_layout":"default_layout","colormag_page_sidebar_layout":"default_layout","om_disable_all_campaigns":false,"_monsterinsights_skip_tracking":false,"_monsterinsights_sitenote_active":false,"_monsterinsights_sitenote_note":"","_monsterinsights_sitenote_category":0,"footnotes":"","_wpscppro_dont_share_socialmedia":false,"_wpscppro_custom_social_share_image":0,"_facebook_share_type":"default","_twitter_share_type":"default","_linkedin_share_type":"default","_pinterest_share_type":"default","_linkedin_share_type_page":"","_instagram_share_type":"default","_medium_share_type":"default","_threads_share_type":"","_google_business_share_type":"","_selected_social_profile":[],"_wpsp_enable_custom_social_template":false,"_wpsp_social_scheduling":{"enabled":false,"datetime":null,"platforms":[],"status":"template_only","dateOption":"today","timeOption":"now","customDays":"","customHours":"","customDate":"","customTime":"","schedulingType":"absolute"},"_wpsp_active_default_template":true},"categories":[52,33],"tags":[],"class_list":["post-67909","post","type-post","status-publish","format-standard","has-post-thumbnail","hentry","category-a-la-une","category-sports"],"aioseo_notices":[],"yoast_head":"<!-- This site is optimized with the Yoast SEO plugin v27.5 - https:\/\/yoast.com\/product\/yoast-seo-wordpress\/ -->\n<title>Ligue 1 Mobilis (27e journ\u00e9e) : Le leader en conqu\u00e9rant \u00e0 B\u00e9char - La Sentinelle<\/title>\n<meta name=\"robots\" content=\"index, follow, max-snippet:-1, max-image-preview:large, max-video-preview:-1\" \/>\n<link rel=\"canonical\" href=\"https:\/\/lasentinelle.dz\/index.php\/2025\/05\/26\/ligue-1-mobilis-27e-journee-le-leader-en-conquerant-a-bechar\/\" \/>\n<meta property=\"og:locale\" content=\"fr_FR\" \/>\n<meta property=\"og:type\" content=\"article\" \/>\n<meta property=\"og:title\" content=\"Ligue 1 Mobilis (27e journ\u00e9e) : Le leader en conqu\u00e9rant \u00e0 B\u00e9char - La Sentinelle\" \/>\n<meta property=\"og:description\" content=\"Le MCA, solidement install\u00e9 \u00e0 la premi\u00e8re place avec 52 points au compteur, se rendra dans le sud-ouest du pays\" \/>\n<meta property=\"og:url\" content=\"https:\/\/lasentinelle.dz\/index.php\/2025\/05\/26\/ligue-1-mobilis-27e-journee-le-leader-en-conquerant-a-bechar\/\" \/>\n<meta property=\"og:site_name\" content=\"La Sentinelle\" \/>\n<meta property=\"article:publisher\" content=\"https:\/\/www.facebook.com\/La-Sentinelle-104059864394773\" \/>\n<meta property=\"article:published_time\" content=\"2025-05-26T10:54:00+00:00\" \/>\n<meta property=\"article:modified_time\" content=\"2025-05-26T10:54:01+00:00\" \/>\n<meta property=\"og:image\" content=\"https:\/\/lasentinelle.dz\/wp-content\/uploads\/2025\/05\/MCA-1.jpeg\" \/>\n\t<meta property=\"og:image:width\" content=\"1427\" \/>\n\t<meta property=\"og:image:height\" content=\"948\" \/>\n\t<meta property=\"og:image:type\" content=\"image\/jpeg\" \/>\n<meta name=\"author\" content=\"admin\" \/>\n<meta name=\"twitter:card\" content=\"summary_large_image\" \/>\n<meta name=\"twitter:label1\" content=\"\u00c9crit par\" \/>\n\t<meta name=\"twitter:data1\" content=\"admin\" \/>\n\t<meta name=\"twitter:label2\" content=\"Dur\u00e9e de lecture estim\u00e9e\" \/>\n\t<meta name=\"twitter:data2\" content=\"5 minutes\" \/>\n<script type=\"application\/ld+json\" class=\"yoast-schema-graph\">{\"@context\":\"https:\\\/\\\/schema.org\",\"@graph\":[{\"@type\":\"Article\",\"@id\":\"https:\\\/\\\/lasentinelle.dz\\\/index.php\\\/2025\\\/05\\\/26\\\/ligue-1-mobilis-27e-journee-le-leader-en-conquerant-a-bechar\\\/#article\",\"isPartOf\":{\"@id\":\"https:\\\/\\\/lasentinelle.dz\\\/index.php\\\/2025\\\/05\\\/26\\\/ligue-1-mobilis-27e-journee-le-leader-en-conquerant-a-bechar\\\/\"},\"author\":{\"name\":\"admin\",\"@id\":\"https:\\\/\\\/lasentinelle.dz\\\/#\\\/schema\\\/person\\\/729ee0024f24e0b8c5ec17232f8e8b41\"},\"headline\":\"Ligue 1 Mobilis (27e journ\u00e9e) : Le leader en conqu\u00e9rant \u00e0 B\u00e9char\",\"datePublished\":\"2025-05-26T10:54:00+00:00\",\"dateModified\":\"2025-05-26T10:54:01+00:00\",\"mainEntityOfPage\":{\"@id\":\"https:\\\/\\\/lasentinelle.dz\\\/index.php\\\/2025\\\/05\\\/26\\\/ligue-1-mobilis-27e-journee-le-leader-en-conquerant-a-bechar\\\/\"},\"wordCount\":885,\"commentCount\":0,\"publisher\":{\"@id\":\"https:\\\/\\\/lasentinelle.dz\\\/#organization\"},\"image\":{\"@id\":\"https:\\\/\\\/lasentinelle.dz\\\/index.php\\\/2025\\\/05\\\/26\\\/ligue-1-mobilis-27e-journee-le-leader-en-conquerant-a-bechar\\\/#primaryimage\"},\"thumbnailUrl\":\"https:\\\/\\\/lasentinelle.dz\\\/wp-content\\\/uploads\\\/2025\\\/05\\\/MCA-1.jpeg\",\"articleSection\":[\"\u00c0 la Une\",\"Sports\"],\"inLanguage\":\"fr-FR\",\"potentialAction\":[{\"@type\":\"CommentAction\",\"name\":\"Comment\",\"target\":[\"https:\\\/\\\/lasentinelle.dz\\\/index.php\\\/2025\\\/05\\\/26\\\/ligue-1-mobilis-27e-journee-le-leader-en-conquerant-a-bechar\\\/#respond\"]}]},{\"@type\":\"WebPage\",\"@id\":\"https:\\\/\\\/lasentinelle.dz\\\/index.php\\\/2025\\\/05\\\/26\\\/ligue-1-mobilis-27e-journee-le-leader-en-conquerant-a-bechar\\\/\",\"url\":\"https:\\\/\\\/lasentinelle.dz\\\/index.php\\\/2025\\\/05\\\/26\\\/ligue-1-mobilis-27e-journee-le-leader-en-conquerant-a-bechar\\\/\",\"name\":\"Ligue 1 Mobilis (27e journ\u00e9e) : Le leader en conqu\u00e9rant \u00e0 B\u00e9char - La Sentinelle\",\"isPartOf\":{\"@id\":\"https:\\\/\\\/lasentinelle.dz\\\/#website\"},\"primaryImageOfPage\":{\"@id\":\"https:\\\/\\\/lasentinelle.dz\\\/index.php\\\/2025\\\/05\\\/26\\\/ligue-1-mobilis-27e-journee-le-leader-en-conquerant-a-bechar\\\/#primaryimage\"},\"image\":{\"@id\":\"https:\\\/\\\/lasentinelle.dz\\\/index.php\\\/2025\\\/05\\\/26\\\/ligue-1-mobilis-27e-journee-le-leader-en-conquerant-a-bechar\\\/#primaryimage\"},\"thumbnailUrl\":\"https:\\\/\\\/lasentinelle.dz\\\/wp-content\\\/uploads\\\/2025\\\/05\\\/MCA-1.jpeg\",\"datePublished\":\"2025-05-26T10:54:00+00:00\",\"dateModified\":\"2025-05-26T10:54:01+00:00\",\"breadcrumb\":{\"@id\":\"https:\\\/\\\/lasentinelle.dz\\\/index.php\\\/2025\\\/05\\\/26\\\/ligue-1-mobilis-27e-journee-le-leader-en-conquerant-a-bechar\\\/#breadcrumb\"},\"inLanguage\":\"fr-FR\",\"potentialAction\":[{\"@type\":\"ReadAction\",\"target\":[\"https:\\\/\\\/lasentinelle.dz\\\/index.php\\\/2025\\\/05\\\/26\\\/ligue-1-mobilis-27e-journee-le-leader-en-conquerant-a-bechar\\\/\"]}]},{\"@type\":\"ImageObject\",\"inLanguage\":\"fr-FR\",\"@id\":\"https:\\\/\\\/lasentinelle.dz\\\/index.php\\\/2025\\\/05\\\/26\\\/ligue-1-mobilis-27e-journee-le-leader-en-conquerant-a-bechar\\\/#primaryimage\",\"url\":\"https:\\\/\\\/lasentinelle.dz\\\/wp-content\\\/uploads\\\/2025\\\/05\\\/MCA-1.jpeg\",\"contentUrl\":\"https:\\\/\\\/lasentinelle.dz\\\/wp-content\\\/uploads\\\/2025\\\/05\\\/MCA-1.jpeg\",\"width\":1427,\"height\":948},{\"@type\":\"BreadcrumbList\",\"@id\":\"https:\\\/\\\/lasentinelle.dz\\\/index.php\\\/2025\\\/05\\\/26\\\/ligue-1-mobilis-27e-journee-le-leader-en-conquerant-a-bechar\\\/#breadcrumb\",\"itemListElement\":[{\"@type\":\"ListItem\",\"position\":1,\"name\":\"Accueil\",\"item\":\"https:\\\/\\\/lasentinelle.dz\\\/\"},{\"@type\":\"ListItem\",\"position\":2,\"name\":\"Ligue 1 Mobilis (27e journ\u00e9e) : Le leader en conqu\u00e9rant \u00e0 B\u00e9char\"}]},{\"@type\":\"WebSite\",\"@id\":\"https:\\\/\\\/lasentinelle.dz\\\/#website\",\"url\":\"https:\\\/\\\/lasentinelle.dz\\\/\",\"name\":\"La Sentinelle\",\"description\":\"Quotidien national d&#039;information\",\"publisher\":{\"@id\":\"https:\\\/\\\/lasentinelle.dz\\\/#organization\"},\"potentialAction\":[{\"@type\":\"SearchAction\",\"target\":{\"@type\":\"EntryPoint\",\"urlTemplate\":\"https:\\\/\\\/lasentinelle.dz\\\/?s={search_term_string}\"},\"query-input\":{\"@type\":\"PropertyValueSpecification\",\"valueRequired\":true,\"valueName\":\"search_term_string\"}}],\"inLanguage\":\"fr-FR\"},{\"@type\":\"Organization\",\"@id\":\"https:\\\/\\\/lasentinelle.dz\\\/#organization\",\"name\":\"Quotidien La Sentinelle\",\"url\":\"https:\\\/\\\/lasentinelle.dz\\\/\",\"logo\":{\"@type\":\"ImageObject\",\"inLanguage\":\"fr-FR\",\"@id\":\"https:\\\/\\\/lasentinelle.dz\\\/#\\\/schema\\\/logo\\\/image\\\/\",\"url\":\"https:\\\/\\\/lasentinelle.dz\\\/wp-content\\\/uploads\\\/2021\\\/09\\\/logo-sentinelleSLOGAN-1.png\",\"contentUrl\":\"https:\\\/\\\/lasentinelle.dz\\\/wp-content\\\/uploads\\\/2021\\\/09\\\/logo-sentinelleSLOGAN-1.png\",\"width\":615,\"height\":142,\"caption\":\"Quotidien La Sentinelle\"},\"image\":{\"@id\":\"https:\\\/\\\/lasentinelle.dz\\\/#\\\/schema\\\/logo\\\/image\\\/\"},\"sameAs\":[\"https:\\\/\\\/www.facebook.com\\\/La-Sentinelle-104059864394773\"]},{\"@type\":\"Person\",\"@id\":\"https:\\\/\\\/lasentinelle.dz\\\/#\\\/schema\\\/person\\\/729ee0024f24e0b8c5ec17232f8e8b41\",\"name\":\"admin\",\"image\":{\"@type\":\"ImageObject\",\"inLanguage\":\"fr-FR\",\"@id\":\"https:\\\/\\\/secure.gravatar.com\\\/avatar\\\/4c81fed838786e9b53f540bf46533e750f5d292099ae3b66cfc6fb1982e29df7?s=96&d=mm&r=g\",\"url\":\"https:\\\/\\\/secure.gravatar.com\\\/avatar\\\/4c81fed838786e9b53f540bf46533e750f5d292099ae3b66cfc6fb1982e29df7?s=96&d=mm&r=g\",\"contentUrl\":\"https:\\\/\\\/secure.gravatar.com\\\/avatar\\\/4c81fed838786e9b53f540bf46533e750f5d292099ae3b66cfc6fb1982e29df7?s=96&d=mm&r=g\",\"caption\":\"admin\"},\"description\":\"admin\",\"url\":\"https:\\\/\\\/lasentinelle.dz\\\/author\\\/admin\\\/\"}]}<\/script>\n<!-- \/ Yoast SEO plugin. -->","yoast_head_json":{"title":"Ligue 1 Mobilis (27e journ\u00e9e) : Le leader en conqu\u00e9rant \u00e0 B\u00e9char - La Sentinelle","robots":{"index":"index","follow":"follow","max-snippet":"max-snippet:-1","max-image-preview":"max-image-preview:large","max-video-preview":"max-video-preview:-1"},"canonical":"https:\/\/lasentinelle.dz\/index.php\/2025\/05\/26\/ligue-1-mobilis-27e-journee-le-leader-en-conquerant-a-bechar\/","og_locale":"fr_FR","og_type":"article","og_title":"Ligue 1 Mobilis (27e journ\u00e9e) : Le leader en conqu\u00e9rant \u00e0 B\u00e9char - La Sentinelle","og_description":"Le MCA, solidement install\u00e9 \u00e0 la premi\u00e8re place avec 52 points au compteur, se rendra dans le sud-ouest du pays","og_url":"https:\/\/lasentinelle.dz\/index.php\/2025\/05\/26\/ligue-1-mobilis-27e-journee-le-leader-en-conquerant-a-bechar\/","og_site_name":"La Sentinelle","article_publisher":"https:\/\/www.facebook.com\/La-Sentinelle-104059864394773","article_published_time":"2025-05-26T10:54:00+00:00","article_modified_time":"2025-05-26T10:54:01+00:00","og_image":[{"width":1427,"height":948,"url":"https:\/\/lasentinelle.dz\/wp-content\/uploads\/2025\/05\/MCA-1.jpeg","type":"image\/jpeg"}],"author":"admin","twitter_card":"summary_large_image","twitter_misc":{"\u00c9crit par":"admin","Dur\u00e9e de lecture estim\u00e9e":"5 minutes"},"schema":{"@context":"https:\/\/schema.org","@graph":[{"@type":"Article","@id":"https:\/\/lasentinelle.dz\/index.php\/2025\/05\/26\/ligue-1-mobilis-27e-journee-le-leader-en-conquerant-a-bechar\/#article","isPartOf":{"@id":"https:\/\/lasentinelle.dz\/index.php\/2025\/05\/26\/ligue-1-mobilis-27e-journee-le-leader-en-conquerant-a-bechar\/"},"author":{"name":"admin","@id":"https:\/\/lasentinelle.dz\/#\/schema\/person\/729ee0024f24e0b8c5ec17232f8e8b41"},"headline":"Ligue 1 Mobilis (27e journ\u00e9e) : Le leader en conqu\u00e9rant \u00e0 B\u00e9char","datePublished":"2025-05-26T10:54:00+00:00","dateModified":"2025-05-26T10:54:01+00:00","mainEntityOfPage":{"@id":"https:\/\/lasentinelle.dz\/index.php\/2025\/05\/26\/ligue-1-mobilis-27e-journee-le-leader-en-conquerant-a-bechar\/"},"wordCount":885,"commentCount":0,"publisher":{"@id":"https:\/\/lasentinelle.dz\/#organization"},"image":{"@id":"https:\/\/lasentinelle.dz\/index.php\/2025\/05\/26\/ligue-1-mobilis-27e-journee-le-leader-en-conquerant-a-bechar\/#primaryimage"},"thumbnailUrl":"https:\/\/lasentinelle.dz\/wp-content\/uploads\/2025\/05\/MCA-1.jpeg","articleSection":["\u00c0 la Une","Sports"],"inLanguage":"fr-FR","potentialAction":[{"@type":"CommentAction","name":"Comment","target":["https:\/\/lasentinelle.dz\/index.php\/2025\/05\/26\/ligue-1-mobilis-27e-journee-le-leader-en-conquerant-a-bechar\/#respond"]}]},{"@type":"WebPage","@id":"https:\/\/lasentinelle.dz\/index.php\/2025\/05\/26\/ligue-1-mobilis-27e-journee-le-leader-en-conquerant-a-bechar\/","url":"https:\/\/lasentinelle.dz\/index.php\/2025\/05\/26\/ligue-1-mobilis-27e-journee-le-leader-en-conquerant-a-bechar\/","name":"Ligue 1 Mobilis (27e journ\u00e9e) : Le leader en conqu\u00e9rant \u00e0 B\u00e9char - La Sentinelle","isPartOf":{"@id":"https:\/\/lasentinelle.dz\/#website"},"primaryImageOfPage":{"@id":"https:\/\/lasentinelle.dz\/index.php\/2025\/05\/26\/ligue-1-mobilis-27e-journee-le-leader-en-conquerant-a-bechar\/#primaryimage"},"image":{"@id":"https:\/\/lasentinelle.dz\/index.php\/2025\/05\/26\/ligue-1-mobilis-27e-journee-le-leader-en-conquerant-a-bechar\/#primaryimage"},"thumbnailUrl":"https:\/\/lasentinelle.dz\/wp-content\/uploads\/2025\/05\/MCA-1.jpeg","datePublished":"2025-05-26T10:54:00+00:00","dateModified":"2025-05-26T10:54:01+00:00","breadcrumb":{"@id":"https:\/\/lasentinelle.dz\/index.php\/2025\/05\/26\/ligue-1-mobilis-27e-journee-le-leader-en-conquerant-a-bechar\/#breadcrumb"},"inLanguage":"fr-FR","potentialAction":[{"@type":"ReadAction","target":["https:\/\/lasentinelle.dz\/index.php\/2025\/05\/26\/ligue-1-mobilis-27e-journee-le-leader-en-conquerant-a-bechar\/"]}]},{"@type":"ImageObject","inLanguage":"fr-FR","@id":"https:\/\/lasentinelle.dz\/index.php\/2025\/05\/26\/ligue-1-mobilis-27e-journee-le-leader-en-conquerant-a-bechar\/#primaryimage","url":"https:\/\/lasentinelle.dz\/wp-content\/uploads\/2025\/05\/MCA-1.jpeg","contentUrl":"https:\/\/lasentinelle.dz\/wp-content\/uploads\/2025\/05\/MCA-1.jpeg","width":1427,"height":948},{"@type":"BreadcrumbList","@id":"https:\/\/lasentinelle.dz\/index.php\/2025\/05\/26\/ligue-1-mobilis-27e-journee-le-leader-en-conquerant-a-bechar\/#breadcrumb","itemListElement":[{"@type":"ListItem","position":1,"name":"Accueil","item":"https:\/\/lasentinelle.dz\/"},{"@type":"ListItem","position":2,"name":"Ligue 1 Mobilis (27e journ\u00e9e) : Le leader en conqu\u00e9rant \u00e0 B\u00e9char"}]},{"@type":"WebSite","@id":"https:\/\/lasentinelle.dz\/#website","url":"https:\/\/lasentinelle.dz\/","name":"La Sentinelle","description":"Quotidien national d&#039;information","publisher":{"@id":"https:\/\/lasentinelle.dz\/#organization"},"potentialAction":[{"@type":"SearchAction","target":{"@type":"EntryPoint","urlTemplate":"https:\/\/lasentinelle.dz\/?s={search_term_string}"},"query-input":{"@type":"PropertyValueSpecification","valueRequired":true,"valueName":"search_term_string"}}],"inLanguage":"fr-FR"},{"@type":"Organization","@id":"https:\/\/lasentinelle.dz\/#organization","name":"Quotidien La Sentinelle","url":"https:\/\/lasentinelle.dz\/","logo":{"@type":"ImageObject","inLanguage":"fr-FR","@id":"https:\/\/lasentinelle.dz\/#\/schema\/logo\/image\/","url":"https:\/\/lasentinelle.dz\/wp-content\/uploads\/2021\/09\/logo-sentinelleSLOGAN-1.png","contentUrl":"https:\/\/lasentinelle.dz\/wp-content\/uploads\/2021\/09\/logo-sentinelleSLOGAN-1.png","width":615,"height":142,"caption":"Quotidien La Sentinelle"},"image":{"@id":"https:\/\/lasentinelle.dz\/#\/schema\/logo\/image\/"},"sameAs":["https:\/\/www.facebook.com\/La-Sentinelle-104059864394773"]},{"@type":"Person","@id":"https:\/\/lasentinelle.dz\/#\/schema\/person\/729ee0024f24e0b8c5ec17232f8e8b41","name":"admin","image":{"@type":"ImageObject","inLanguage":"fr-FR","@id":"https:\/\/secure.gravatar.com\/avatar\/4c81fed838786e9b53f540bf46533e750f5d292099ae3b66cfc6fb1982e29df7?s=96&d=mm&r=g","url":"https:\/\/secure.gravatar.com\/avatar\/4c81fed838786e9b53f540bf46533e750f5d292099ae3b66cfc6fb1982e29df7?s=96&d=mm&r=g","contentUrl":"https:\/\/secure.gravatar.com\/avatar\/4c81fed838786e9b53f540bf46533e750f5d292099ae3b66cfc6fb1982e29df7?s=96&d=mm&r=g","caption":"admin"},"description":"admin","url":"https:\/\/lasentinelle.dz\/author\/admin\/"}]}},"_links":{"self":[{"href":"https:\/\/lasentinelle.dz\/index.php\/wp-json\/wp\/v2\/posts\/67909","targetHints":{"allow":["GET"]}}],"collection":[{"href":"https:\/\/lasentinelle.dz\/index.php\/wp-json\/wp\/v2\/posts"}],"about":[{"href":"https:\/\/lasentinelle.dz\/index.php\/wp-json\/wp\/v2\/types\/post"}],"author":[{"embeddable":true,"href":"https:\/\/lasentinelle.dz\/index.php\/wp-json\/wp\/v2\/users\/6"}],"replies":[{"embeddable":true,"href":"https:\/\/lasentinelle.dz\/index.php\/wp-json\/wp\/v2\/comments?post=67909"}],"version-history":[{"count":1,"href":"https:\/\/lasentinelle.dz\/index.php\/wp-json\/wp\/v2\/posts\/67909\/revisions"}],"predecessor-version":[{"id":67911,"href":"https:\/\/lasentinelle.dz\/index.php\/wp-json\/wp\/v2\/posts\/67909\/revisions\/67911"}],"wp:featuredmedia":[{"embeddable":true,"href":"https:\/\/lasentinelle.dz\/index.php\/wp-json\/wp\/v2\/media\/67910"}],"wp:attachment":[{"href":"https:\/\/lasentinelle.dz\/index.php\/wp-json\/wp\/v2\/media?parent=67909"}],"wp:term":[{"taxonomy":"category","embeddable":true,"href":"https:\/\/lasentinelle.dz\/index.php\/wp-json\/wp\/v2\/categories?post=67909"},{"taxonomy":"post_tag","embeddable":true,"href":"https:\/\/lasentinelle.dz\/index.php\/wp-json\/wp\/v2\/tags?post=67909"}],"curies":[{"name":"wp","href":"https:\/\/api.w.org\/{rel}","templated":true}]}}