{"id":67912,"date":"2025-05-26T11:54:50","date_gmt":"2025-05-26T10:54:50","guid":{"rendered":"https:\/\/lasentinelle.dz\/?p=67912"},"modified":"2025-05-26T11:54:51","modified_gmt":"2025-05-26T10:54:51","slug":"centre-hospitalier-universitaire-dannaba-un-professeur-en-medecine-place-en-detention","status":"publish","type":"post","link":"https:\/\/lasentinelle.dz\/index.php\/2025\/05\/26\/centre-hospitalier-universitaire-dannaba-un-professeur-en-medecine-place-en-detention\/","title":{"rendered":"Centre Hospitalier Universitaire d&rsquo;Annaba\u00a0 : Un professeur en m\u00e9decine plac\u00e9 en d\u00e9tention"},"content":{"rendered":"\n<p>Le juge du tribunal correctionnel d&rsquo;Annaba a ordonn\u00e9 ce mercredi, apr\u00e8s comparution imm\u00e9diate, le placement en d\u00e9tention d&rsquo;un professeur en chirurgie orthop\u00e9dique exer\u00e7ant au CHU Ibn Rochd d&rsquo;Annaba. Le pr\u00e9venu a \u00e9t\u00e9 arr\u00eat\u00e9 ce m\u00eame mercredi suite \u00e0 la perquisition op\u00e9r\u00e9e dans son bureau par les \u00e9l\u00e9ments de la brigade de recherche et d&rsquo;investigation de la gendarmerie nationale d&rsquo;Annaba.<\/p>\n\n\n\n<p>Selon les informations apport\u00e9es par une source judiciare sur cette affaire, les enqu\u00eateurs ont trouv\u00e9 lors de la perquisition 40 000 dinars, somme d&rsquo;argent demand\u00e9e \u00e0 un patient. Ce dernier, lass\u00e9 des tergiversations du professeur qui lui avait dit qu&rsquo;il ne subirait pas l&rsquo;op\u00e9ration sans le paiement de cette somme, surtout apr\u00e8s plusieurs reports de la date d&rsquo;intervention, a d\u00e9cid\u00e9 de contacter les autorit\u00e9s s\u00e9curitaires et judiciaires. Celles-ci ont pris les mesures l\u00e9gales n\u00e9cessaires en photographiant les billets de banque et en montant un dispositif pour pi\u00e9ger le suspect qui, apr\u00e8s avoir per\u00e7u le montant du pot-de-vin, s&rsquo;est rendu dans son bureau o\u00f9 il a aussit\u00f4t \u00e9t\u00e9 surpris en flagrant d\u00e9lit de corruption.<\/p>\n\n\n\n<p>\u00c0 l&rsquo;issue des mesures judiciaires, le pr\u00e9venu a \u00e9t\u00e9 confront\u00e9 \u00e0 son accusation lors d&rsquo;une audience de comparution directe avant d&rsquo;\u00eatre plac\u00e9 en d\u00e9tention par le juge du tribunal correctionnel d&rsquo;Annaba. De son c\u00f4t\u00e9, la direction g\u00e9n\u00e9rale du Centre Hospitalier Universitaire d&rsquo;Annaba a rendu public un communiqu\u00e9 dans lequel elle informe l&rsquo;opinion publique que cet incident est un acte individuel qui ne repr\u00e9sente en aucun cas le comportement g\u00e9n\u00e9ral ou les valeurs du personnel tant m\u00e9dical qu&rsquo;administratif du CHU.<\/p>\n\n\n\n<p>La direction g\u00e9n\u00e9rale du CHU a, \u00e0 travers ce communiqu\u00e9, tenu \u00e0 condamner fermement toute action qui est en contradiction avec l&rsquo;\u00e9thique de la profession et les principes sur lesquels cette institution a \u00e9t\u00e9 fond\u00e9e. La direction g\u00e9n\u00e9rale du CHU tient \u00e0 affirmer son plein respect de l&rsquo;ind\u00e9pendance de la justice et sa confiance dans le fait que les services concern\u00e9s poursuivront leur d\u00e9marche judiciaire en toute transparence et impartialit\u00e9.<\/p>\n\n\n\n<p>Via ce document, la direction g\u00e9n\u00e9rale du CHU d&rsquo;Annaba tient \u00e0 saluer les efforts consid\u00e9rables d\u00e9ploy\u00e9s par le personnel m\u00e9dical, param\u00e9dical et administratif honn\u00eate qui continue \u00e0 s&rsquo;acquitter de ses nobles fonctions en toutes circonstances avec tout le d\u00e9vouement et la loyaut\u00e9 n\u00e9cessaires afin d&rsquo;assurer une prise en charge optimale des patients et de servir au mieux les citoyens. \u00c0 travers ce communiqu\u00e9, la direction renouvelle son soutien \u00e0 tous les professionnels qui adh\u00e8rent \u00e0 l&rsquo;\u00e9thique professionnelle et constituent un pilier fondamental dans la pr\u00e9servation de l&rsquo;image et de la r\u00e9putation du CHU d&rsquo;Annaba.<\/p>\n\n\n\n<p>\u00c0 noter qu&rsquo;\u00e0 la demande de la victime, le proc\u00e8s de cette affaire a \u00e9t\u00e9 report\u00e9 au 29 mai courant.<\/p>\n\n\n\n<p><strong>SOFIA CHAHINE<\/strong><\/p>\n","protected":false},"excerpt":{"rendered":"<p>Le juge du tribunal correctionnel d&rsquo;Annaba a ordonn\u00e9 ce mercredi, apr\u00e8s comparution imm\u00e9diate, le placement en d\u00e9tention d&rsquo;un professeur en<\/p>\n","protected":false},"author":6,"featured_media":41837,"comment_status":"open","ping_status":"closed","sticky":false,"template":"","format":"standard","meta":{"colormag_page_container_layout":"default_layout","colormag_page_sidebar_layout":"default_layout","om_disable_all_campaigns":false,"_monsterinsights_skip_tracking":false,"_monsterinsights_sitenote_active":false,"_monsterinsights_sitenote_note":"","_monsterinsights_sitenote_category":0,"footnotes":"","_wpscppro_dont_share_socialmedia":false,"_wpscppro_custom_social_share_image":0,"_facebook_share_type":"default","_twitter_share_type":"default","_linkedin_share_type":"default","_pinterest_share_type":"default","_linkedin_share_type_page":"","_instagram_share_type":"default","_medium_share_type":"default","_threads_share_type":"","_google_business_share_type":"","_selected_social_profile":[],"_wpsp_enable_custom_social_template":false,"_wpsp_social_scheduling":{"enabled":false,"datetime":null,"platforms":[],"status":"template_only","dateOption":"today","timeOption":"now","customDays":"","customHours":"","customDate":"","customTime":"","schedulingType":"absolute"},"_wpsp_active_default_template":true},"categories":[31],"tags":[],"class_list":["post-67912","post","type-post","status-publish","format-standard","has-post-thumbnail","hentry","category-regions"],"aioseo_notices":[],"yoast_head":"<!-- This site is optimized with the Yoast SEO plugin v27.5 - https:\/\/yoast.com\/product\/yoast-seo-wordpress\/ -->\n<title>Centre Hospitalier Universitaire d&rsquo;Annaba\u00a0 : Un professeur en m\u00e9decine plac\u00e9 en d\u00e9tention - La Sentinelle<\/title>\n<meta name=\"robots\" content=\"index, follow, max-snippet:-1, max-image-preview:large, max-video-preview:-1\" \/>\n<link rel=\"canonical\" href=\"https:\/\/lasentinelle.dz\/index.php\/2025\/05\/26\/centre-hospitalier-universitaire-dannaba-un-professeur-en-medecine-place-en-detention\/\" \/>\n<meta property=\"og:locale\" content=\"fr_FR\" \/>\n<meta property=\"og:type\" content=\"article\" \/>\n<meta property=\"og:title\" content=\"Centre Hospitalier Universitaire d&rsquo;Annaba\u00a0 : Un professeur en m\u00e9decine plac\u00e9 en d\u00e9tention - La Sentinelle\" \/>\n<meta property=\"og:description\" content=\"Le juge du tribunal correctionnel d&rsquo;Annaba a ordonn\u00e9 ce mercredi, apr\u00e8s comparution imm\u00e9diate, le placement en d\u00e9tention d&rsquo;un professeur en\" \/>\n<meta property=\"og:url\" content=\"https:\/\/lasentinelle.dz\/index.php\/2025\/05\/26\/centre-hospitalier-universitaire-dannaba-un-professeur-en-medecine-place-en-detention\/\" \/>\n<meta property=\"og:site_name\" content=\"La Sentinelle\" \/>\n<meta property=\"article:publisher\" content=\"https:\/\/www.facebook.com\/La-Sentinelle-104059864394773\" \/>\n<meta property=\"article:published_time\" content=\"2025-05-26T10:54:50+00:00\" \/>\n<meta property=\"article:modified_time\" content=\"2025-05-26T10:54:51+00:00\" \/>\n<meta property=\"og:image\" content=\"https:\/\/lasentinelle.dz\/wp-content\/uploads\/2023\/05\/Justice.png\" \/>\n\t<meta property=\"og:image:width\" content=\"1579\" \/>\n\t<meta property=\"og:image:height\" content=\"900\" \/>\n\t<meta property=\"og:image:type\" content=\"image\/png\" \/>\n<meta name=\"author\" content=\"admin\" \/>\n<meta name=\"twitter:card\" content=\"summary_large_image\" \/>\n<meta name=\"twitter:label1\" content=\"\u00c9crit par\" \/>\n\t<meta name=\"twitter:data1\" content=\"admin\" \/>\n\t<meta name=\"twitter:label2\" content=\"Dur\u00e9e de lecture estim\u00e9e\" \/>\n\t<meta name=\"twitter:data2\" content=\"3 minutes\" \/>\n<script type=\"application\/ld+json\" class=\"yoast-schema-graph\">{\"@context\":\"https:\\\/\\\/schema.org\",\"@graph\":[{\"@type\":\"Article\",\"@id\":\"https:\\\/\\\/lasentinelle.dz\\\/index.php\\\/2025\\\/05\\\/26\\\/centre-hospitalier-universitaire-dannaba-un-professeur-en-medecine-place-en-detention\\\/#article\",\"isPartOf\":{\"@id\":\"https:\\\/\\\/lasentinelle.dz\\\/index.php\\\/2025\\\/05\\\/26\\\/centre-hospitalier-universitaire-dannaba-un-professeur-en-medecine-place-en-detention\\\/\"},\"author\":{\"name\":\"admin\",\"@id\":\"https:\\\/\\\/lasentinelle.dz\\\/#\\\/schema\\\/person\\\/729ee0024f24e0b8c5ec17232f8e8b41\"},\"headline\":\"Centre Hospitalier Universitaire d&rsquo;Annaba\u00a0 : Un professeur en m\u00e9decine plac\u00e9 en d\u00e9tention\",\"datePublished\":\"2025-05-26T10:54:50+00:00\",\"dateModified\":\"2025-05-26T10:54:51+00:00\",\"mainEntityOfPage\":{\"@id\":\"https:\\\/\\\/lasentinelle.dz\\\/index.php\\\/2025\\\/05\\\/26\\\/centre-hospitalier-universitaire-dannaba-un-professeur-en-medecine-place-en-detention\\\/\"},\"wordCount\":518,\"commentCount\":0,\"publisher\":{\"@id\":\"https:\\\/\\\/lasentinelle.dz\\\/#organization\"},\"image\":{\"@id\":\"https:\\\/\\\/lasentinelle.dz\\\/index.php\\\/2025\\\/05\\\/26\\\/centre-hospitalier-universitaire-dannaba-un-professeur-en-medecine-place-en-detention\\\/#primaryimage\"},\"thumbnailUrl\":\"https:\\\/\\\/lasentinelle.dz\\\/wp-content\\\/uploads\\\/2023\\\/05\\\/Justice.png\",\"articleSection\":[\"R\u00e9gions\"],\"inLanguage\":\"fr-FR\",\"potentialAction\":[{\"@type\":\"CommentAction\",\"name\":\"Comment\",\"target\":[\"https:\\\/\\\/lasentinelle.dz\\\/index.php\\\/2025\\\/05\\\/26\\\/centre-hospitalier-universitaire-dannaba-un-professeur-en-medecine-place-en-detention\\\/#respond\"]}]},{\"@type\":\"WebPage\",\"@id\":\"https:\\\/\\\/lasentinelle.dz\\\/index.php\\\/2025\\\/05\\\/26\\\/centre-hospitalier-universitaire-dannaba-un-professeur-en-medecine-place-en-detention\\\/\",\"url\":\"https:\\\/\\\/lasentinelle.dz\\\/index.php\\\/2025\\\/05\\\/26\\\/centre-hospitalier-universitaire-dannaba-un-professeur-en-medecine-place-en-detention\\\/\",\"name\":\"Centre Hospitalier Universitaire d&rsquo;Annaba\u00a0 : Un professeur en m\u00e9decine plac\u00e9 en d\u00e9tention - La Sentinelle\",\"isPartOf\":{\"@id\":\"https:\\\/\\\/lasentinelle.dz\\\/#website\"},\"primaryImageOfPage\":{\"@id\":\"https:\\\/\\\/lasentinelle.dz\\\/index.php\\\/2025\\\/05\\\/26\\\/centre-hospitalier-universitaire-dannaba-un-professeur-en-medecine-place-en-detention\\\/#primaryimage\"},\"image\":{\"@id\":\"https:\\\/\\\/lasentinelle.dz\\\/index.php\\\/2025\\\/05\\\/26\\\/centre-hospitalier-universitaire-dannaba-un-professeur-en-medecine-place-en-detention\\\/#primaryimage\"},\"thumbnailUrl\":\"https:\\\/\\\/lasentinelle.dz\\\/wp-content\\\/uploads\\\/2023\\\/05\\\/Justice.png\",\"datePublished\":\"2025-05-26T10:54:50+00:00\",\"dateModified\":\"2025-05-26T10:54:51+00:00\",\"breadcrumb\":{\"@id\":\"https:\\\/\\\/lasentinelle.dz\\\/index.php\\\/2025\\\/05\\\/26\\\/centre-hospitalier-universitaire-dannaba-un-professeur-en-medecine-place-en-detention\\\/#breadcrumb\"},\"inLanguage\":\"fr-FR\",\"potentialAction\":[{\"@type\":\"ReadAction\",\"target\":[\"https:\\\/\\\/lasentinelle.dz\\\/index.php\\\/2025\\\/05\\\/26\\\/centre-hospitalier-universitaire-dannaba-un-professeur-en-medecine-place-en-detention\\\/\"]}]},{\"@type\":\"ImageObject\",\"inLanguage\":\"fr-FR\",\"@id\":\"https:\\\/\\\/lasentinelle.dz\\\/index.php\\\/2025\\\/05\\\/26\\\/centre-hospitalier-universitaire-dannaba-un-professeur-en-medecine-place-en-detention\\\/#primaryimage\",\"url\":\"https:\\\/\\\/lasentinelle.dz\\\/wp-content\\\/uploads\\\/2023\\\/05\\\/Justice.png\",\"contentUrl\":\"https:\\\/\\\/lasentinelle.dz\\\/wp-content\\\/uploads\\\/2023\\\/05\\\/Justice.png\",\"width\":1579,\"height\":900},{\"@type\":\"BreadcrumbList\",\"@id\":\"https:\\\/\\\/lasentinelle.dz\\\/index.php\\\/2025\\\/05\\\/26\\\/centre-hospitalier-universitaire-dannaba-un-professeur-en-medecine-place-en-detention\\\/#breadcrumb\",\"itemListElement\":[{\"@type\":\"ListItem\",\"position\":1,\"name\":\"Accueil\",\"item\":\"https:\\\/\\\/lasentinelle.dz\\\/\"},{\"@type\":\"ListItem\",\"position\":2,\"name\":\"Centre Hospitalier Universitaire d&rsquo;Annaba\u00a0 : Un professeur en m\u00e9decine plac\u00e9 en d\u00e9tention\"}]},{\"@type\":\"WebSite\",\"@id\":\"https:\\\/\\\/lasentinelle.dz\\\/#website\",\"url\":\"https:\\\/\\\/lasentinelle.dz\\\/\",\"name\":\"La Sentinelle\",\"description\":\"Quotidien national d&#039;information\",\"publisher\":{\"@id\":\"https:\\\/\\\/lasentinelle.dz\\\/#organization\"},\"potentialAction\":[{\"@type\":\"SearchAction\",\"target\":{\"@type\":\"EntryPoint\",\"urlTemplate\":\"https:\\\/\\\/lasentinelle.dz\\\/?s={search_term_string}\"},\"query-input\":{\"@type\":\"PropertyValueSpecification\",\"valueRequired\":true,\"valueName\":\"search_term_string\"}}],\"inLanguage\":\"fr-FR\"},{\"@type\":\"Organization\",\"@id\":\"https:\\\/\\\/lasentinelle.dz\\\/#organization\",\"name\":\"Quotidien La Sentinelle\",\"url\":\"https:\\\/\\\/lasentinelle.dz\\\/\",\"logo\":{\"@type\":\"ImageObject\",\"inLanguage\":\"fr-FR\",\"@id\":\"https:\\\/\\\/lasentinelle.dz\\\/#\\\/schema\\\/logo\\\/image\\\/\",\"url\":\"https:\\\/\\\/lasentinelle.dz\\\/wp-content\\\/uploads\\\/2021\\\/09\\\/logo-sentinelleSLOGAN-1.png\",\"contentUrl\":\"https:\\\/\\\/lasentinelle.dz\\\/wp-content\\\/uploads\\\/2021\\\/09\\\/logo-sentinelleSLOGAN-1.png\",\"width\":615,\"height\":142,\"caption\":\"Quotidien La Sentinelle\"},\"image\":{\"@id\":\"https:\\\/\\\/lasentinelle.dz\\\/#\\\/schema\\\/logo\\\/image\\\/\"},\"sameAs\":[\"https:\\\/\\\/www.facebook.com\\\/La-Sentinelle-104059864394773\"]},{\"@type\":\"Person\",\"@id\":\"https:\\\/\\\/lasentinelle.dz\\\/#\\\/schema\\\/person\\\/729ee0024f24e0b8c5ec17232f8e8b41\",\"name\":\"admin\",\"image\":{\"@type\":\"ImageObject\",\"inLanguage\":\"fr-FR\",\"@id\":\"https:\\\/\\\/secure.gravatar.com\\\/avatar\\\/4c81fed838786e9b53f540bf46533e750f5d292099ae3b66cfc6fb1982e29df7?s=96&d=mm&r=g\",\"url\":\"https:\\\/\\\/secure.gravatar.com\\\/avatar\\\/4c81fed838786e9b53f540bf46533e750f5d292099ae3b66cfc6fb1982e29df7?s=96&d=mm&r=g\",\"contentUrl\":\"https:\\\/\\\/secure.gravatar.com\\\/avatar\\\/4c81fed838786e9b53f540bf46533e750f5d292099ae3b66cfc6fb1982e29df7?s=96&d=mm&r=g\",\"caption\":\"admin\"},\"description\":\"admin\",\"url\":\"https:\\\/\\\/lasentinelle.dz\\\/author\\\/admin\\\/\"}]}<\/script>\n<!-- \/ Yoast SEO plugin. -->","yoast_head_json":{"title":"Centre Hospitalier Universitaire d&rsquo;Annaba\u00a0 : Un professeur en m\u00e9decine plac\u00e9 en d\u00e9tention - La Sentinelle","robots":{"index":"index","follow":"follow","max-snippet":"max-snippet:-1","max-image-preview":"max-image-preview:large","max-video-preview":"max-video-preview:-1"},"canonical":"https:\/\/lasentinelle.dz\/index.php\/2025\/05\/26\/centre-hospitalier-universitaire-dannaba-un-professeur-en-medecine-place-en-detention\/","og_locale":"fr_FR","og_type":"article","og_title":"Centre Hospitalier Universitaire d&rsquo;Annaba\u00a0 : Un professeur en m\u00e9decine plac\u00e9 en d\u00e9tention - La Sentinelle","og_description":"Le juge du tribunal correctionnel d&rsquo;Annaba a ordonn\u00e9 ce mercredi, apr\u00e8s comparution imm\u00e9diate, le placement en d\u00e9tention d&rsquo;un professeur en","og_url":"https:\/\/lasentinelle.dz\/index.php\/2025\/05\/26\/centre-hospitalier-universitaire-dannaba-un-professeur-en-medecine-place-en-detention\/","og_site_name":"La Sentinelle","article_publisher":"https:\/\/www.facebook.com\/La-Sentinelle-104059864394773","article_published_time":"2025-05-26T10:54:50+00:00","article_modified_time":"2025-05-26T10:54:51+00:00","og_image":[{"width":1579,"height":900,"url":"https:\/\/lasentinelle.dz\/wp-content\/uploads\/2023\/05\/Justice.png","type":"image\/png"}],"author":"admin","twitter_card":"summary_large_image","twitter_misc":{"\u00c9crit par":"admin","Dur\u00e9e de lecture estim\u00e9e":"3 minutes"},"schema":{"@context":"https:\/\/schema.org","@graph":[{"@type":"Article","@id":"https:\/\/lasentinelle.dz\/index.php\/2025\/05\/26\/centre-hospitalier-universitaire-dannaba-un-professeur-en-medecine-place-en-detention\/#article","isPartOf":{"@id":"https:\/\/lasentinelle.dz\/index.php\/2025\/05\/26\/centre-hospitalier-universitaire-dannaba-un-professeur-en-medecine-place-en-detention\/"},"author":{"name":"admin","@id":"https:\/\/lasentinelle.dz\/#\/schema\/person\/729ee0024f24e0b8c5ec17232f8e8b41"},"headline":"Centre Hospitalier Universitaire d&rsquo;Annaba\u00a0 : Un professeur en m\u00e9decine plac\u00e9 en d\u00e9tention","datePublished":"2025-05-26T10:54:50+00:00","dateModified":"2025-05-26T10:54:51+00:00","mainEntityOfPage":{"@id":"https:\/\/lasentinelle.dz\/index.php\/2025\/05\/26\/centre-hospitalier-universitaire-dannaba-un-professeur-en-medecine-place-en-detention\/"},"wordCount":518,"commentCount":0,"publisher":{"@id":"https:\/\/lasentinelle.dz\/#organization"},"image":{"@id":"https:\/\/lasentinelle.dz\/index.php\/2025\/05\/26\/centre-hospitalier-universitaire-dannaba-un-professeur-en-medecine-place-en-detention\/#primaryimage"},"thumbnailUrl":"https:\/\/lasentinelle.dz\/wp-content\/uploads\/2023\/05\/Justice.png","articleSection":["R\u00e9gions"],"inLanguage":"fr-FR","potentialAction":[{"@type":"CommentAction","name":"Comment","target":["https:\/\/lasentinelle.dz\/index.php\/2025\/05\/26\/centre-hospitalier-universitaire-dannaba-un-professeur-en-medecine-place-en-detention\/#respond"]}]},{"@type":"WebPage","@id":"https:\/\/lasentinelle.dz\/index.php\/2025\/05\/26\/centre-hospitalier-universitaire-dannaba-un-professeur-en-medecine-place-en-detention\/","url":"https:\/\/lasentinelle.dz\/index.php\/2025\/05\/26\/centre-hospitalier-universitaire-dannaba-un-professeur-en-medecine-place-en-detention\/","name":"Centre Hospitalier Universitaire d&rsquo;Annaba\u00a0 : Un professeur en m\u00e9decine plac\u00e9 en d\u00e9tention - La Sentinelle","isPartOf":{"@id":"https:\/\/lasentinelle.dz\/#website"},"primaryImageOfPage":{"@id":"https:\/\/lasentinelle.dz\/index.php\/2025\/05\/26\/centre-hospitalier-universitaire-dannaba-un-professeur-en-medecine-place-en-detention\/#primaryimage"},"image":{"@id":"https:\/\/lasentinelle.dz\/index.php\/2025\/05\/26\/centre-hospitalier-universitaire-dannaba-un-professeur-en-medecine-place-en-detention\/#primaryimage"},"thumbnailUrl":"https:\/\/lasentinelle.dz\/wp-content\/uploads\/2023\/05\/Justice.png","datePublished":"2025-05-26T10:54:50+00:00","dateModified":"2025-05-26T10:54:51+00:00","breadcrumb":{"@id":"https:\/\/lasentinelle.dz\/index.php\/2025\/05\/26\/centre-hospitalier-universitaire-dannaba-un-professeur-en-medecine-place-en-detention\/#breadcrumb"},"inLanguage":"fr-FR","potentialAction":[{"@type":"ReadAction","target":["https:\/\/lasentinelle.dz\/index.php\/2025\/05\/26\/centre-hospitalier-universitaire-dannaba-un-professeur-en-medecine-place-en-detention\/"]}]},{"@type":"ImageObject","inLanguage":"fr-FR","@id":"https:\/\/lasentinelle.dz\/index.php\/2025\/05\/26\/centre-hospitalier-universitaire-dannaba-un-professeur-en-medecine-place-en-detention\/#primaryimage","url":"https:\/\/lasentinelle.dz\/wp-content\/uploads\/2023\/05\/Justice.png","contentUrl":"https:\/\/lasentinelle.dz\/wp-content\/uploads\/2023\/05\/Justice.png","width":1579,"height":900},{"@type":"BreadcrumbList","@id":"https:\/\/lasentinelle.dz\/index.php\/2025\/05\/26\/centre-hospitalier-universitaire-dannaba-un-professeur-en-medecine-place-en-detention\/#breadcrumb","itemListElement":[{"@type":"ListItem","position":1,"name":"Accueil","item":"https:\/\/lasentinelle.dz\/"},{"@type":"ListItem","position":2,"name":"Centre Hospitalier Universitaire d&rsquo;Annaba\u00a0 : Un professeur en m\u00e9decine plac\u00e9 en d\u00e9tention"}]},{"@type":"WebSite","@id":"https:\/\/lasentinelle.dz\/#website","url":"https:\/\/lasentinelle.dz\/","name":"La Sentinelle","description":"Quotidien national d&#039;information","publisher":{"@id":"https:\/\/lasentinelle.dz\/#organization"},"potentialAction":[{"@type":"SearchAction","target":{"@type":"EntryPoint","urlTemplate":"https:\/\/lasentinelle.dz\/?s={search_term_string}"},"query-input":{"@type":"PropertyValueSpecification","valueRequired":true,"valueName":"search_term_string"}}],"inLanguage":"fr-FR"},{"@type":"Organization","@id":"https:\/\/lasentinelle.dz\/#organization","name":"Quotidien La Sentinelle","url":"https:\/\/lasentinelle.dz\/","logo":{"@type":"ImageObject","inLanguage":"fr-FR","@id":"https:\/\/lasentinelle.dz\/#\/schema\/logo\/image\/","url":"https:\/\/lasentinelle.dz\/wp-content\/uploads\/2021\/09\/logo-sentinelleSLOGAN-1.png","contentUrl":"https:\/\/lasentinelle.dz\/wp-content\/uploads\/2021\/09\/logo-sentinelleSLOGAN-1.png","width":615,"height":142,"caption":"Quotidien La Sentinelle"},"image":{"@id":"https:\/\/lasentinelle.dz\/#\/schema\/logo\/image\/"},"sameAs":["https:\/\/www.facebook.com\/La-Sentinelle-104059864394773"]},{"@type":"Person","@id":"https:\/\/lasentinelle.dz\/#\/schema\/person\/729ee0024f24e0b8c5ec17232f8e8b41","name":"admin","image":{"@type":"ImageObject","inLanguage":"fr-FR","@id":"https:\/\/secure.gravatar.com\/avatar\/4c81fed838786e9b53f540bf46533e750f5d292099ae3b66cfc6fb1982e29df7?s=96&d=mm&r=g","url":"https:\/\/secure.gravatar.com\/avatar\/4c81fed838786e9b53f540bf46533e750f5d292099ae3b66cfc6fb1982e29df7?s=96&d=mm&r=g","contentUrl":"https:\/\/secure.gravatar.com\/avatar\/4c81fed838786e9b53f540bf46533e750f5d292099ae3b66cfc6fb1982e29df7?s=96&d=mm&r=g","caption":"admin"},"description":"admin","url":"https:\/\/lasentinelle.dz\/author\/admin\/"}]}},"_links":{"self":[{"href":"https:\/\/lasentinelle.dz\/index.php\/wp-json\/wp\/v2\/posts\/67912","targetHints":{"allow":["GET"]}}],"collection":[{"href":"https:\/\/lasentinelle.dz\/index.php\/wp-json\/wp\/v2\/posts"}],"about":[{"href":"https:\/\/lasentinelle.dz\/index.php\/wp-json\/wp\/v2\/types\/post"}],"author":[{"embeddable":true,"href":"https:\/\/lasentinelle.dz\/index.php\/wp-json\/wp\/v2\/users\/6"}],"replies":[{"embeddable":true,"href":"https:\/\/lasentinelle.dz\/index.php\/wp-json\/wp\/v2\/comments?post=67912"}],"version-history":[{"count":2,"href":"https:\/\/lasentinelle.dz\/index.php\/wp-json\/wp\/v2\/posts\/67912\/revisions"}],"predecessor-version":[{"id":67914,"href":"https:\/\/lasentinelle.dz\/index.php\/wp-json\/wp\/v2\/posts\/67912\/revisions\/67914"}],"wp:featuredmedia":[{"embeddable":true,"href":"https:\/\/lasentinelle.dz\/index.php\/wp-json\/wp\/v2\/media\/41837"}],"wp:attachment":[{"href":"https:\/\/lasentinelle.dz\/index.php\/wp-json\/wp\/v2\/media?parent=67912"}],"wp:term":[{"taxonomy":"category","embeddable":true,"href":"https:\/\/lasentinelle.dz\/index.php\/wp-json\/wp\/v2\/categories?post=67912"},{"taxonomy":"post_tag","embeddable":true,"href":"https:\/\/lasentinelle.dz\/index.php\/wp-json\/wp\/v2\/tags?post=67912"}],"curies":[{"name":"wp","href":"https:\/\/api.w.org\/{rel}","templated":true}]}}