{"id":67915,"date":"2025-05-26T11:56:01","date_gmt":"2025-05-26T10:56:01","guid":{"rendered":"https:\/\/lasentinelle.dz\/?p=67915"},"modified":"2025-05-26T11:56:02","modified_gmt":"2025-05-26T10:56:02","slug":"creation-du-premier-centre-des-technologies-dintelligence-artificielle-annaba-pole-technologique-par-excellence","status":"publish","type":"post","link":"https:\/\/lasentinelle.dz\/index.php\/2025\/05\/26\/creation-du-premier-centre-des-technologies-dintelligence-artificielle-annaba-pole-technologique-par-excellence\/","title":{"rendered":"Cr\u00e9ation du premier centre des technologies d&rsquo;intelligence artificielle : Annaba, p\u00f4le technologique par excellence"},"content":{"rendered":"\n<p>Un premier centre technologique de l&rsquo;intelligence artificielle, premier du genre \u00e0 l&rsquo;\u00e9chelle nationale, sera cr\u00e9\u00e9 \u00e0 Annaba. Le projet a \u00e9t\u00e9 annonc\u00e9 par le wali d&rsquo;Annaba, Abdelkader Djellaoui, en marge de la c\u00e9l\u00e9bration de la Journ\u00e9e de l&rsquo;\u00e9tudiant.<\/p>\n\n\n\n<p>Le centre \u00ab\u00a0Algeria Technology Park\u00a0\u00bb, qui sera prochainement lanc\u00e9 sur le site de l&rsquo;ancien centre ENSID, fera de la wilaya d&rsquo;Annaba un p\u00f4le technologique avanc\u00e9. Le projet s&rsquo;inscrit dans le cadre du soutien \u00e0 l&rsquo;orientation nationale vers une \u00e9conomie bas\u00e9e sur la connaissance et l&rsquo;investissement dans les comp\u00e9tences alg\u00e9riennes \u00e0 l&rsquo;\u00e9tranger. Le chef de l&rsquo;ex\u00e9cutif local a re\u00e7u la semaine derni\u00e8re une d\u00e9l\u00e9gation de haut niveau compos\u00e9e d&rsquo;hommes d&rsquo;affaires et d&rsquo;experts alg\u00e9riens r\u00e9sidant dans plusieurs pays leaders dans le domaine de la technologie. La rencontre a \u00e9t\u00e9 organis\u00e9e en coordination avec les autorit\u00e9s sup\u00e9rieures et les minist\u00e8res concern\u00e9s, notamment le minist\u00e8re des Postes et des T\u00e9l\u00e9communications, le minist\u00e8re des Start-ups, le minist\u00e8re de la Formation professionnelle et celui de la Jeunesse. L&rsquo;objectif de cette rencontre \u00e9tait d&rsquo;examiner l&rsquo;environnement technologique et \u00e9conomique local, ainsi que d&rsquo;\u00e9changer des id\u00e9es sur les opportunit\u00e9s de coop\u00e9ration et d&rsquo;investissement dans des projets strat\u00e9giques. Parmi ces projets figure l'\u00a0\u00bbAlgeria Technology Park\u00a0\u00bb, que la wilaya \u0153uvre \u00e0 concr\u00e9tiser en tant que p\u00f4le technologique et innovant intelligent. Ce projet constitue l&rsquo;une des principales initiatives nationales dans le domaine de l&rsquo;intelligence artificielle et des technologies modernes, visant \u00e0 \u00e9tablir un \u00e9cosyst\u00e8me num\u00e9rique int\u00e9gr\u00e9 qui renforcera la position de l&rsquo;Alg\u00e9rie sur la sc\u00e8ne r\u00e9gionale et internationale dans ce domaine, et \u00e0 faire de la wilaya d&rsquo;Annaba une plateforme d&rsquo;attraction pour les talents et les investissements technologiques.<\/p>\n\n\n\n<p>Ont \u00e9t\u00e9 examin\u00e9s lors de cette rencontre les moyens de partenariat entre ces comp\u00e9tences et les institutions nationales, en plus de la pr\u00e9sentation des opportunit\u00e9s de soutien aux projets \u00e9mergents et de d\u00e9veloppement de l&rsquo;infrastructure num\u00e9rique dans la wilaya. La d\u00e9l\u00e9gation \u00e9tait compos\u00e9e du Dr Fouad Bousetouane, professeur et expert en intelligence artificielle aux \u00c9tats-Unis d&rsquo;Am\u00e9rique, d&rsquo;Abderrahmane Medjadi, expert en informatique num\u00e9rique en France, d&rsquo;Imad Eddine Sansri, expert en transformation digitale au Canada, du Dr Nour El Islam Karbadji, professeur en intelligence artificielle \u00e0 Annaba, de Marouane Kadri, fondateur et pr\u00e9sident de Cambridge BrainX au Royaume-Uni, de Tarek Ben Azzouz, pr\u00e9sident-directeur g\u00e9n\u00e9ral des entreprises DigiWaves &amp; DataTeg en Alg\u00e9rie, de Karki Ali, fondateur et pr\u00e9sident d&rsquo;Alpha Aero Systems en France, et du Dr Haddou Abdennour, fondateur de Deep Minds en Cor\u00e9e du Sud. La d\u00e9l\u00e9gation a assist\u00e9 \u00e0 la c\u00e9l\u00e9bration de la Journ\u00e9e de l&rsquo;\u00e9tudiant. L&rsquo;\u00e9v\u00e9nement a \u00e9t\u00e9 une occasion d&rsquo;\u00e9changer les exp\u00e9riences entre l&rsquo;\u00e9lite de la jeunesse d&rsquo;Alg\u00e9rie en g\u00e9n\u00e9ral, et de la wilaya d&rsquo;Annaba en particulier, dans le domaine de la technologie et de l&rsquo;intelligence artificielle, pour laquelle tous les pr\u00e9sents ont convenu que cette d\u00e9marche \u00e9tait devenue une n\u00e9cessit\u00e9 incontournable et non un choix.<\/p>\n\n\n\n<p><strong>La diaspora au service du d\u00e9veloppement de l&rsquo;IA<\/strong><\/p>\n\n\n\n<p>\u00c0 cet effet, le Dr Fouad Bousetouane a soulign\u00e9 la n\u00e9cessit\u00e9 de cr\u00e9er un centre de technologie et d&rsquo;intelligence artificielle \u00e0 Annaba, dont l&rsquo;approbation a \u00e9t\u00e9 donn\u00e9e gr\u00e2ce aux efforts des hautes autorit\u00e9s et des minist\u00e8res concern\u00e9s. Une d\u00e9marche qui va attirer des entreprises \u00e9trang\u00e8res, notamment de Suisse, des \u00c9tats-Unis, de Grande-Bretagne, de Cor\u00e9e du Sud, d&rsquo;Angleterre et de France, pour travailler dans ce centre qui sera bient\u00f4t implant\u00e9 dans l&rsquo;ancien site de l&rsquo;ENSID. Cela repr\u00e9sentera une \u00e9tape importante dans le d\u00e9veloppement technologique de la r\u00e9gion. Le b\u00e2timent, dont l&rsquo;architecture singuli\u00e8re fait l&rsquo;objet de travaux de r\u00e9am\u00e9nagement, voit sa proc\u00e9dure d&rsquo;expertise d\u00e9j\u00e0 en cours pour sa r\u00e9habilitation et sa remise aux autorit\u00e9s comp\u00e9tentes.<\/p>\n\n\n\n<p>Le Dr Bousetouane a confirm\u00e9 qu&rsquo;il est, avec les autres membres de la d\u00e9l\u00e9gation, enti\u00e8rement dispos\u00e9 \u00e0 travailler dans ce centre, \u00e0 accueillir les jeunes et les \u00e9tudiants porteurs de projets de start-ups afin de les former et de les orienter vers le march\u00e9 local, voire mondial. L&rsquo;intelligence artificielle est devenue, comme l&rsquo;a soulign\u00e9 le Dr Bousetouane, une n\u00e9cessit\u00e9 incontournable. Il a exprim\u00e9 sa satisfaction quant \u00e0 l&rsquo;adoption de cette initiative par les trois minist\u00e8res, \u00e0 savoir celui des Start-ups, de la Jeunesse et des Communications, ainsi que par les autorit\u00e9s locales pour le d\u00e9veloppement de ce centre.<\/p>\n\n\n\n<p>Ce dernier devrait devenir l&rsquo;un des plus grands en Afrique, avec des standards mondiaux, et un mod\u00e8le du plus grand centre aux \u00c9tats-Unis. Ce centre va attirer des entreprises alg\u00e9riennes et internationales, et va cr\u00e9er un environnement fertile pour le d\u00e9veloppement et l&rsquo;innovation en intelligence artificielle qui sera appliqu\u00e9e dans divers domaines, notamment la sant\u00e9, l&rsquo;\u00e9conomie, l&rsquo;industrie, l&rsquo;agriculture, et permettra m\u00eame d&rsquo;exporter la technologie d&rsquo;intelligence artificielle \u00e0 l&rsquo;\u00e9tranger. Comme l&rsquo;a soulign\u00e9 le Dr Bousetouane, l&rsquo;Alg\u00e9rie dispose de toutes les capacit\u00e9s n\u00e9cessaires pour r\u00e9aliser ce projet, qui devient donc une n\u00e9cessit\u00e9 imp\u00e9rative \u00e0 concr\u00e9tiser. C&rsquo;est pourquoi le Dr Bousetouane a \u00e9galement appel\u00e9 \u00e0 unir les efforts pour r\u00e9aliser ce projet, consid\u00e9r\u00e9 comme une technologie strat\u00e9gique.<\/p>\n\n\n\n<p><strong>Une feuille de route pour l&rsquo;innovation<\/strong><\/p>\n\n\n\n<p>L&rsquo;Alg\u00e9rie a \u00e9t\u00e9 parmi les premi\u00e8res \u00e0 \u00e9laborer une feuille de route pour l&rsquo;innovation dans le domaine de l&rsquo;intelligence artificielle. Il a aussi insist\u00e9 sur la n\u00e9cessit\u00e9 de cr\u00e9er une intelligence artificielle g\u00e9n\u00e9r\u00e9e en Alg\u00e9rie, en tenant compte des coutumes et des traditions. Pour d\u00e9velopper cette technologie, il est essentiel de pr\u00e9parer et de mettre en place une infrastructure solide avec des installations de base, ainsi que de fournir tous les \u00e9quipements n\u00e9cessaires, a soulign\u00e9 l&rsquo;expert. Le centre sera \u00e9quip\u00e9 de tous les \u00e9quipements de pointe, notamment des outils de calcul num\u00e9rique sp\u00e9cialis\u00e9s en intelligence artificielle, et d&rsquo;adapter les donn\u00e9es conform\u00e9ment aux r\u00e8gles et \u00e0 la culture alg\u00e9riennes, a expliqu\u00e9 l&rsquo;interlocuteur qui a plaid\u00e9 pour l&rsquo;importance d&rsquo;investir dans les talents et les innovations li\u00e9s \u00e0 l&rsquo;intelligence artificielle.<\/p>\n\n\n\n<p>Pour sa part, Marouane Kadri, fondateur et pr\u00e9sident de Cambridge BrainX, a confirm\u00e9 que pour mener l&rsquo;Alg\u00e9rie vers la connaissance, la technologie et le progr\u00e8s dans le domaine scientifique, il est imp\u00e9ratif de s&rsquo;appuyer sur l&rsquo;intelligence artificielle. Il a consid\u00e9r\u00e9 ce projet comme une opportunit\u00e9 exceptionnelle de rassembler les comp\u00e9tences alg\u00e9riennes. Il a \u00e9galement assur\u00e9 que la wilaya d&rsquo;Annaba sera particuli\u00e8rement privil\u00e9gi\u00e9e par ce projet, qui est le premier du genre en Alg\u00e9rie. Il a exprim\u00e9, ainsi que les autres membres, leur pleine disposition \u00e0 soutenir l&rsquo;Alg\u00e9rie avec toutes les capacit\u00e9s et ressources n\u00e9cessaires, notamment un environnement favorable qui permettra de cr\u00e9er des talents et des expertises \u00e0 cent pour cent alg\u00e9riennes.<\/p>\n\n\n\n<p>Avec, a-t-il dit, la possibilit\u00e9 d&rsquo;exporter cette technologie \u00e0 l&rsquo;\u00e9tranger, tout en offrant aux chercheurs la possibilit\u00e9 de se former directement dans le centre, sous la supervision d&rsquo;experts alg\u00e9riens et \u00e9trangers, \u00e9vitant ainsi leur d\u00e9placement \u00e0 l&rsquo;\u00e9tranger. L&rsquo;Alg\u00e9rie, selon l&rsquo;orateur, a fourni toutes les incitations et infrastructures n\u00e9cessaires pour la pr\u00e9paration de ce projet. \u00c0 cette occasion, un accord a \u00e9t\u00e9 sign\u00e9 entre l&rsquo;\u00c9cole sup\u00e9rieure de technologie d&rsquo;Annaba et le Dr Haddou Abdennour, fondateur de Deep Minds, pour accompagner les porteurs de projets de start-ups.<\/p>\n\n\n\n<p>Il est important de souligner que cette rencontre refl\u00e8te la vision de l&rsquo;\u00c9tat alg\u00e9rien visant \u00e0 exploiter et valoriser les talents nationaux, y compris ceux \u00e0 l&rsquo;\u00e9tranger, dans une optique de d\u00e9veloppement et d&rsquo;int\u00e9gration, transformant ainsi la wilaya d&rsquo;Annaba en un p\u00f4le technologique avanc\u00e9 capable d&rsquo;accueillir des projets innovants et de soutenir l&rsquo;\u00e9conomie num\u00e9rique. Cette d\u00e9marche s&rsquo;inscrit dans le cadre des efforts continus des pouvoirs publics pour construire un environnement \u00e9conomique attractif, soutenu par une volont\u00e9 politique claire et une coordination efficace entre les diff\u00e9rents secteurs.<\/p>\n\n\n\n<p><strong>Sofia Chahine<\/strong><\/p>\n","protected":false},"excerpt":{"rendered":"<p>Un premier centre technologique de l&rsquo;intelligence artificielle, premier du genre \u00e0 l&rsquo;\u00e9chelle nationale, sera cr\u00e9\u00e9 \u00e0 Annaba. Le projet a<\/p>\n","protected":false},"author":6,"featured_media":60310,"comment_status":"open","ping_status":"closed","sticky":false,"template":"","format":"standard","meta":{"colormag_page_container_layout":"default_layout","colormag_page_sidebar_layout":"default_layout","om_disable_all_campaigns":false,"_monsterinsights_skip_tracking":false,"_monsterinsights_sitenote_active":false,"_monsterinsights_sitenote_note":"","_monsterinsights_sitenote_category":0,"footnotes":"","_wpscppro_dont_share_socialmedia":false,"_wpscppro_custom_social_share_image":0,"_facebook_share_type":"default","_twitter_share_type":"default","_linkedin_share_type":"default","_pinterest_share_type":"default","_linkedin_share_type_page":"","_instagram_share_type":"default","_medium_share_type":"default","_threads_share_type":"","_google_business_share_type":"","_selected_social_profile":[],"_wpsp_enable_custom_social_template":false,"_wpsp_social_scheduling":{"enabled":false,"datetime":null,"platforms":[],"status":"template_only","dateOption":"today","timeOption":"now","customDays":"","customHours":"","customDate":"","customTime":"","schedulingType":"absolute"},"_wpsp_active_default_template":true},"categories":[31],"tags":[],"class_list":["post-67915","post","type-post","status-publish","format-standard","has-post-thumbnail","hentry","category-regions"],"aioseo_notices":[],"yoast_head":"<!-- This site is optimized with the Yoast SEO plugin v27.4 - https:\/\/yoast.com\/product\/yoast-seo-wordpress\/ -->\n<title>Cr\u00e9ation du premier centre des technologies d&rsquo;intelligence artificielle : Annaba, p\u00f4le technologique par excellence - La Sentinelle<\/title>\n<meta name=\"robots\" content=\"index, follow, max-snippet:-1, max-image-preview:large, max-video-preview:-1\" \/>\n<link rel=\"canonical\" href=\"https:\/\/lasentinelle.dz\/index.php\/2025\/05\/26\/creation-du-premier-centre-des-technologies-dintelligence-artificielle-annaba-pole-technologique-par-excellence\/\" \/>\n<meta property=\"og:locale\" content=\"fr_FR\" \/>\n<meta property=\"og:type\" content=\"article\" \/>\n<meta property=\"og:title\" content=\"Cr\u00e9ation du premier centre des technologies d&rsquo;intelligence artificielle : Annaba, p\u00f4le technologique par excellence - La Sentinelle\" \/>\n<meta property=\"og:description\" content=\"Un premier centre technologique de l&rsquo;intelligence artificielle, premier du genre \u00e0 l&rsquo;\u00e9chelle nationale, sera cr\u00e9\u00e9 \u00e0 Annaba. Le projet a\" \/>\n<meta property=\"og:url\" content=\"https:\/\/lasentinelle.dz\/index.php\/2025\/05\/26\/creation-du-premier-centre-des-technologies-dintelligence-artificielle-annaba-pole-technologique-par-excellence\/\" \/>\n<meta property=\"og:site_name\" content=\"La Sentinelle\" \/>\n<meta property=\"article:publisher\" content=\"https:\/\/www.facebook.com\/La-Sentinelle-104059864394773\" \/>\n<meta property=\"article:published_time\" content=\"2025-05-26T10:56:01+00:00\" \/>\n<meta property=\"article:modified_time\" content=\"2025-05-26T10:56:02+00:00\" \/>\n<meta property=\"og:image\" content=\"https:\/\/lasentinelle.dz\/wp-content\/uploads\/2024\/12\/IA.jpeg\" \/>\n\t<meta property=\"og:image:width\" content=\"1280\" \/>\n\t<meta property=\"og:image:height\" content=\"720\" \/>\n\t<meta property=\"og:image:type\" content=\"image\/jpeg\" \/>\n<meta name=\"author\" content=\"admin\" \/>\n<meta name=\"twitter:card\" content=\"summary_large_image\" \/>\n<meta name=\"twitter:label1\" content=\"\u00c9crit par\" \/>\n\t<meta name=\"twitter:data1\" content=\"admin\" \/>\n\t<meta name=\"twitter:label2\" content=\"Dur\u00e9e de lecture estim\u00e9e\" \/>\n\t<meta name=\"twitter:data2\" content=\"7 minutes\" \/>\n<script type=\"application\/ld+json\" class=\"yoast-schema-graph\">{\"@context\":\"https:\\\/\\\/schema.org\",\"@graph\":[{\"@type\":\"Article\",\"@id\":\"https:\\\/\\\/lasentinelle.dz\\\/index.php\\\/2025\\\/05\\\/26\\\/creation-du-premier-centre-des-technologies-dintelligence-artificielle-annaba-pole-technologique-par-excellence\\\/#article\",\"isPartOf\":{\"@id\":\"https:\\\/\\\/lasentinelle.dz\\\/index.php\\\/2025\\\/05\\\/26\\\/creation-du-premier-centre-des-technologies-dintelligence-artificielle-annaba-pole-technologique-par-excellence\\\/\"},\"author\":{\"name\":\"admin\",\"@id\":\"https:\\\/\\\/lasentinelle.dz\\\/#\\\/schema\\\/person\\\/729ee0024f24e0b8c5ec17232f8e8b41\"},\"headline\":\"Cr\u00e9ation du premier centre des technologies d&rsquo;intelligence artificielle : Annaba, p\u00f4le technologique par excellence\",\"datePublished\":\"2025-05-26T10:56:01+00:00\",\"dateModified\":\"2025-05-26T10:56:02+00:00\",\"mainEntityOfPage\":{\"@id\":\"https:\\\/\\\/lasentinelle.dz\\\/index.php\\\/2025\\\/05\\\/26\\\/creation-du-premier-centre-des-technologies-dintelligence-artificielle-annaba-pole-technologique-par-excellence\\\/\"},\"wordCount\":1456,\"commentCount\":0,\"publisher\":{\"@id\":\"https:\\\/\\\/lasentinelle.dz\\\/#organization\"},\"image\":{\"@id\":\"https:\\\/\\\/lasentinelle.dz\\\/index.php\\\/2025\\\/05\\\/26\\\/creation-du-premier-centre-des-technologies-dintelligence-artificielle-annaba-pole-technologique-par-excellence\\\/#primaryimage\"},\"thumbnailUrl\":\"https:\\\/\\\/lasentinelle.dz\\\/wp-content\\\/uploads\\\/2024\\\/12\\\/IA.jpeg\",\"articleSection\":[\"R\u00e9gions\"],\"inLanguage\":\"fr-FR\",\"potentialAction\":[{\"@type\":\"CommentAction\",\"name\":\"Comment\",\"target\":[\"https:\\\/\\\/lasentinelle.dz\\\/index.php\\\/2025\\\/05\\\/26\\\/creation-du-premier-centre-des-technologies-dintelligence-artificielle-annaba-pole-technologique-par-excellence\\\/#respond\"]}]},{\"@type\":\"WebPage\",\"@id\":\"https:\\\/\\\/lasentinelle.dz\\\/index.php\\\/2025\\\/05\\\/26\\\/creation-du-premier-centre-des-technologies-dintelligence-artificielle-annaba-pole-technologique-par-excellence\\\/\",\"url\":\"https:\\\/\\\/lasentinelle.dz\\\/index.php\\\/2025\\\/05\\\/26\\\/creation-du-premier-centre-des-technologies-dintelligence-artificielle-annaba-pole-technologique-par-excellence\\\/\",\"name\":\"Cr\u00e9ation du premier centre des technologies d&rsquo;intelligence artificielle : Annaba, p\u00f4le technologique par excellence - La Sentinelle\",\"isPartOf\":{\"@id\":\"https:\\\/\\\/lasentinelle.dz\\\/#website\"},\"primaryImageOfPage\":{\"@id\":\"https:\\\/\\\/lasentinelle.dz\\\/index.php\\\/2025\\\/05\\\/26\\\/creation-du-premier-centre-des-technologies-dintelligence-artificielle-annaba-pole-technologique-par-excellence\\\/#primaryimage\"},\"image\":{\"@id\":\"https:\\\/\\\/lasentinelle.dz\\\/index.php\\\/2025\\\/05\\\/26\\\/creation-du-premier-centre-des-technologies-dintelligence-artificielle-annaba-pole-technologique-par-excellence\\\/#primaryimage\"},\"thumbnailUrl\":\"https:\\\/\\\/lasentinelle.dz\\\/wp-content\\\/uploads\\\/2024\\\/12\\\/IA.jpeg\",\"datePublished\":\"2025-05-26T10:56:01+00:00\",\"dateModified\":\"2025-05-26T10:56:02+00:00\",\"breadcrumb\":{\"@id\":\"https:\\\/\\\/lasentinelle.dz\\\/index.php\\\/2025\\\/05\\\/26\\\/creation-du-premier-centre-des-technologies-dintelligence-artificielle-annaba-pole-technologique-par-excellence\\\/#breadcrumb\"},\"inLanguage\":\"fr-FR\",\"potentialAction\":[{\"@type\":\"ReadAction\",\"target\":[\"https:\\\/\\\/lasentinelle.dz\\\/index.php\\\/2025\\\/05\\\/26\\\/creation-du-premier-centre-des-technologies-dintelligence-artificielle-annaba-pole-technologique-par-excellence\\\/\"]}]},{\"@type\":\"ImageObject\",\"inLanguage\":\"fr-FR\",\"@id\":\"https:\\\/\\\/lasentinelle.dz\\\/index.php\\\/2025\\\/05\\\/26\\\/creation-du-premier-centre-des-technologies-dintelligence-artificielle-annaba-pole-technologique-par-excellence\\\/#primaryimage\",\"url\":\"https:\\\/\\\/lasentinelle.dz\\\/wp-content\\\/uploads\\\/2024\\\/12\\\/IA.jpeg\",\"contentUrl\":\"https:\\\/\\\/lasentinelle.dz\\\/wp-content\\\/uploads\\\/2024\\\/12\\\/IA.jpeg\",\"width\":1280,\"height\":720,\"caption\":\"Businessman touching the brain working of Artificial Intelligence (AI) Automation, Predictive analytics, Customer service AI-powered chatbot, analyze customer data, business and technology\"},{\"@type\":\"BreadcrumbList\",\"@id\":\"https:\\\/\\\/lasentinelle.dz\\\/index.php\\\/2025\\\/05\\\/26\\\/creation-du-premier-centre-des-technologies-dintelligence-artificielle-annaba-pole-technologique-par-excellence\\\/#breadcrumb\",\"itemListElement\":[{\"@type\":\"ListItem\",\"position\":1,\"name\":\"Accueil\",\"item\":\"https:\\\/\\\/lasentinelle.dz\\\/\"},{\"@type\":\"ListItem\",\"position\":2,\"name\":\"Cr\u00e9ation du premier centre des technologies d&rsquo;intelligence artificielle : Annaba, p\u00f4le technologique par excellence\"}]},{\"@type\":\"WebSite\",\"@id\":\"https:\\\/\\\/lasentinelle.dz\\\/#website\",\"url\":\"https:\\\/\\\/lasentinelle.dz\\\/\",\"name\":\"La Sentinelle\",\"description\":\"Quotidien national d&#039;information\",\"publisher\":{\"@id\":\"https:\\\/\\\/lasentinelle.dz\\\/#organization\"},\"potentialAction\":[{\"@type\":\"SearchAction\",\"target\":{\"@type\":\"EntryPoint\",\"urlTemplate\":\"https:\\\/\\\/lasentinelle.dz\\\/?s={search_term_string}\"},\"query-input\":{\"@type\":\"PropertyValueSpecification\",\"valueRequired\":true,\"valueName\":\"search_term_string\"}}],\"inLanguage\":\"fr-FR\"},{\"@type\":\"Organization\",\"@id\":\"https:\\\/\\\/lasentinelle.dz\\\/#organization\",\"name\":\"Quotidien La Sentinelle\",\"url\":\"https:\\\/\\\/lasentinelle.dz\\\/\",\"logo\":{\"@type\":\"ImageObject\",\"inLanguage\":\"fr-FR\",\"@id\":\"https:\\\/\\\/lasentinelle.dz\\\/#\\\/schema\\\/logo\\\/image\\\/\",\"url\":\"https:\\\/\\\/lasentinelle.dz\\\/wp-content\\\/uploads\\\/2021\\\/09\\\/logo-sentinelleSLOGAN-1.png\",\"contentUrl\":\"https:\\\/\\\/lasentinelle.dz\\\/wp-content\\\/uploads\\\/2021\\\/09\\\/logo-sentinelleSLOGAN-1.png\",\"width\":615,\"height\":142,\"caption\":\"Quotidien La Sentinelle\"},\"image\":{\"@id\":\"https:\\\/\\\/lasentinelle.dz\\\/#\\\/schema\\\/logo\\\/image\\\/\"},\"sameAs\":[\"https:\\\/\\\/www.facebook.com\\\/La-Sentinelle-104059864394773\"]},{\"@type\":\"Person\",\"@id\":\"https:\\\/\\\/lasentinelle.dz\\\/#\\\/schema\\\/person\\\/729ee0024f24e0b8c5ec17232f8e8b41\",\"name\":\"admin\",\"image\":{\"@type\":\"ImageObject\",\"inLanguage\":\"fr-FR\",\"@id\":\"https:\\\/\\\/secure.gravatar.com\\\/avatar\\\/4c81fed838786e9b53f540bf46533e750f5d292099ae3b66cfc6fb1982e29df7?s=96&d=mm&r=g\",\"url\":\"https:\\\/\\\/secure.gravatar.com\\\/avatar\\\/4c81fed838786e9b53f540bf46533e750f5d292099ae3b66cfc6fb1982e29df7?s=96&d=mm&r=g\",\"contentUrl\":\"https:\\\/\\\/secure.gravatar.com\\\/avatar\\\/4c81fed838786e9b53f540bf46533e750f5d292099ae3b66cfc6fb1982e29df7?s=96&d=mm&r=g\",\"caption\":\"admin\"},\"description\":\"admin\",\"url\":\"https:\\\/\\\/lasentinelle.dz\\\/author\\\/admin\\\/\"}]}<\/script>\n<!-- \/ Yoast SEO plugin. -->","yoast_head_json":{"title":"Cr\u00e9ation du premier centre des technologies d&rsquo;intelligence artificielle : Annaba, p\u00f4le technologique par excellence - La Sentinelle","robots":{"index":"index","follow":"follow","max-snippet":"max-snippet:-1","max-image-preview":"max-image-preview:large","max-video-preview":"max-video-preview:-1"},"canonical":"https:\/\/lasentinelle.dz\/index.php\/2025\/05\/26\/creation-du-premier-centre-des-technologies-dintelligence-artificielle-annaba-pole-technologique-par-excellence\/","og_locale":"fr_FR","og_type":"article","og_title":"Cr\u00e9ation du premier centre des technologies d&rsquo;intelligence artificielle : Annaba, p\u00f4le technologique par excellence - La Sentinelle","og_description":"Un premier centre technologique de l&rsquo;intelligence artificielle, premier du genre \u00e0 l&rsquo;\u00e9chelle nationale, sera cr\u00e9\u00e9 \u00e0 Annaba. Le projet a","og_url":"https:\/\/lasentinelle.dz\/index.php\/2025\/05\/26\/creation-du-premier-centre-des-technologies-dintelligence-artificielle-annaba-pole-technologique-par-excellence\/","og_site_name":"La Sentinelle","article_publisher":"https:\/\/www.facebook.com\/La-Sentinelle-104059864394773","article_published_time":"2025-05-26T10:56:01+00:00","article_modified_time":"2025-05-26T10:56:02+00:00","og_image":[{"width":1280,"height":720,"url":"https:\/\/lasentinelle.dz\/wp-content\/uploads\/2024\/12\/IA.jpeg","type":"image\/jpeg"}],"author":"admin","twitter_card":"summary_large_image","twitter_misc":{"\u00c9crit par":"admin","Dur\u00e9e de lecture estim\u00e9e":"7 minutes"},"schema":{"@context":"https:\/\/schema.org","@graph":[{"@type":"Article","@id":"https:\/\/lasentinelle.dz\/index.php\/2025\/05\/26\/creation-du-premier-centre-des-technologies-dintelligence-artificielle-annaba-pole-technologique-par-excellence\/#article","isPartOf":{"@id":"https:\/\/lasentinelle.dz\/index.php\/2025\/05\/26\/creation-du-premier-centre-des-technologies-dintelligence-artificielle-annaba-pole-technologique-par-excellence\/"},"author":{"name":"admin","@id":"https:\/\/lasentinelle.dz\/#\/schema\/person\/729ee0024f24e0b8c5ec17232f8e8b41"},"headline":"Cr\u00e9ation du premier centre des technologies d&rsquo;intelligence artificielle : Annaba, p\u00f4le technologique par excellence","datePublished":"2025-05-26T10:56:01+00:00","dateModified":"2025-05-26T10:56:02+00:00","mainEntityOfPage":{"@id":"https:\/\/lasentinelle.dz\/index.php\/2025\/05\/26\/creation-du-premier-centre-des-technologies-dintelligence-artificielle-annaba-pole-technologique-par-excellence\/"},"wordCount":1456,"commentCount":0,"publisher":{"@id":"https:\/\/lasentinelle.dz\/#organization"},"image":{"@id":"https:\/\/lasentinelle.dz\/index.php\/2025\/05\/26\/creation-du-premier-centre-des-technologies-dintelligence-artificielle-annaba-pole-technologique-par-excellence\/#primaryimage"},"thumbnailUrl":"https:\/\/lasentinelle.dz\/wp-content\/uploads\/2024\/12\/IA.jpeg","articleSection":["R\u00e9gions"],"inLanguage":"fr-FR","potentialAction":[{"@type":"CommentAction","name":"Comment","target":["https:\/\/lasentinelle.dz\/index.php\/2025\/05\/26\/creation-du-premier-centre-des-technologies-dintelligence-artificielle-annaba-pole-technologique-par-excellence\/#respond"]}]},{"@type":"WebPage","@id":"https:\/\/lasentinelle.dz\/index.php\/2025\/05\/26\/creation-du-premier-centre-des-technologies-dintelligence-artificielle-annaba-pole-technologique-par-excellence\/","url":"https:\/\/lasentinelle.dz\/index.php\/2025\/05\/26\/creation-du-premier-centre-des-technologies-dintelligence-artificielle-annaba-pole-technologique-par-excellence\/","name":"Cr\u00e9ation du premier centre des technologies d&rsquo;intelligence artificielle : Annaba, p\u00f4le technologique par excellence - La Sentinelle","isPartOf":{"@id":"https:\/\/lasentinelle.dz\/#website"},"primaryImageOfPage":{"@id":"https:\/\/lasentinelle.dz\/index.php\/2025\/05\/26\/creation-du-premier-centre-des-technologies-dintelligence-artificielle-annaba-pole-technologique-par-excellence\/#primaryimage"},"image":{"@id":"https:\/\/lasentinelle.dz\/index.php\/2025\/05\/26\/creation-du-premier-centre-des-technologies-dintelligence-artificielle-annaba-pole-technologique-par-excellence\/#primaryimage"},"thumbnailUrl":"https:\/\/lasentinelle.dz\/wp-content\/uploads\/2024\/12\/IA.jpeg","datePublished":"2025-05-26T10:56:01+00:00","dateModified":"2025-05-26T10:56:02+00:00","breadcrumb":{"@id":"https:\/\/lasentinelle.dz\/index.php\/2025\/05\/26\/creation-du-premier-centre-des-technologies-dintelligence-artificielle-annaba-pole-technologique-par-excellence\/#breadcrumb"},"inLanguage":"fr-FR","potentialAction":[{"@type":"ReadAction","target":["https:\/\/lasentinelle.dz\/index.php\/2025\/05\/26\/creation-du-premier-centre-des-technologies-dintelligence-artificielle-annaba-pole-technologique-par-excellence\/"]}]},{"@type":"ImageObject","inLanguage":"fr-FR","@id":"https:\/\/lasentinelle.dz\/index.php\/2025\/05\/26\/creation-du-premier-centre-des-technologies-dintelligence-artificielle-annaba-pole-technologique-par-excellence\/#primaryimage","url":"https:\/\/lasentinelle.dz\/wp-content\/uploads\/2024\/12\/IA.jpeg","contentUrl":"https:\/\/lasentinelle.dz\/wp-content\/uploads\/2024\/12\/IA.jpeg","width":1280,"height":720,"caption":"Businessman touching the brain working of Artificial Intelligence (AI) Automation, Predictive analytics, Customer service AI-powered chatbot, analyze customer data, business and technology"},{"@type":"BreadcrumbList","@id":"https:\/\/lasentinelle.dz\/index.php\/2025\/05\/26\/creation-du-premier-centre-des-technologies-dintelligence-artificielle-annaba-pole-technologique-par-excellence\/#breadcrumb","itemListElement":[{"@type":"ListItem","position":1,"name":"Accueil","item":"https:\/\/lasentinelle.dz\/"},{"@type":"ListItem","position":2,"name":"Cr\u00e9ation du premier centre des technologies d&rsquo;intelligence artificielle : Annaba, p\u00f4le technologique par excellence"}]},{"@type":"WebSite","@id":"https:\/\/lasentinelle.dz\/#website","url":"https:\/\/lasentinelle.dz\/","name":"La Sentinelle","description":"Quotidien national d&#039;information","publisher":{"@id":"https:\/\/lasentinelle.dz\/#organization"},"potentialAction":[{"@type":"SearchAction","target":{"@type":"EntryPoint","urlTemplate":"https:\/\/lasentinelle.dz\/?s={search_term_string}"},"query-input":{"@type":"PropertyValueSpecification","valueRequired":true,"valueName":"search_term_string"}}],"inLanguage":"fr-FR"},{"@type":"Organization","@id":"https:\/\/lasentinelle.dz\/#organization","name":"Quotidien La Sentinelle","url":"https:\/\/lasentinelle.dz\/","logo":{"@type":"ImageObject","inLanguage":"fr-FR","@id":"https:\/\/lasentinelle.dz\/#\/schema\/logo\/image\/","url":"https:\/\/lasentinelle.dz\/wp-content\/uploads\/2021\/09\/logo-sentinelleSLOGAN-1.png","contentUrl":"https:\/\/lasentinelle.dz\/wp-content\/uploads\/2021\/09\/logo-sentinelleSLOGAN-1.png","width":615,"height":142,"caption":"Quotidien La Sentinelle"},"image":{"@id":"https:\/\/lasentinelle.dz\/#\/schema\/logo\/image\/"},"sameAs":["https:\/\/www.facebook.com\/La-Sentinelle-104059864394773"]},{"@type":"Person","@id":"https:\/\/lasentinelle.dz\/#\/schema\/person\/729ee0024f24e0b8c5ec17232f8e8b41","name":"admin","image":{"@type":"ImageObject","inLanguage":"fr-FR","@id":"https:\/\/secure.gravatar.com\/avatar\/4c81fed838786e9b53f540bf46533e750f5d292099ae3b66cfc6fb1982e29df7?s=96&d=mm&r=g","url":"https:\/\/secure.gravatar.com\/avatar\/4c81fed838786e9b53f540bf46533e750f5d292099ae3b66cfc6fb1982e29df7?s=96&d=mm&r=g","contentUrl":"https:\/\/secure.gravatar.com\/avatar\/4c81fed838786e9b53f540bf46533e750f5d292099ae3b66cfc6fb1982e29df7?s=96&d=mm&r=g","caption":"admin"},"description":"admin","url":"https:\/\/lasentinelle.dz\/author\/admin\/"}]}},"_links":{"self":[{"href":"https:\/\/lasentinelle.dz\/index.php\/wp-json\/wp\/v2\/posts\/67915","targetHints":{"allow":["GET"]}}],"collection":[{"href":"https:\/\/lasentinelle.dz\/index.php\/wp-json\/wp\/v2\/posts"}],"about":[{"href":"https:\/\/lasentinelle.dz\/index.php\/wp-json\/wp\/v2\/types\/post"}],"author":[{"embeddable":true,"href":"https:\/\/lasentinelle.dz\/index.php\/wp-json\/wp\/v2\/users\/6"}],"replies":[{"embeddable":true,"href":"https:\/\/lasentinelle.dz\/index.php\/wp-json\/wp\/v2\/comments?post=67915"}],"version-history":[{"count":2,"href":"https:\/\/lasentinelle.dz\/index.php\/wp-json\/wp\/v2\/posts\/67915\/revisions"}],"predecessor-version":[{"id":67917,"href":"https:\/\/lasentinelle.dz\/index.php\/wp-json\/wp\/v2\/posts\/67915\/revisions\/67917"}],"wp:featuredmedia":[{"embeddable":true,"href":"https:\/\/lasentinelle.dz\/index.php\/wp-json\/wp\/v2\/media\/60310"}],"wp:attachment":[{"href":"https:\/\/lasentinelle.dz\/index.php\/wp-json\/wp\/v2\/media?parent=67915"}],"wp:term":[{"taxonomy":"category","embeddable":true,"href":"https:\/\/lasentinelle.dz\/index.php\/wp-json\/wp\/v2\/categories?post=67915"},{"taxonomy":"post_tag","embeddable":true,"href":"https:\/\/lasentinelle.dz\/index.php\/wp-json\/wp\/v2\/tags?post=67915"}],"curies":[{"name":"wp","href":"https:\/\/api.w.org\/{rel}","templated":true}]}}