{"id":67918,"date":"2025-05-26T11:57:36","date_gmt":"2025-05-26T10:57:36","guid":{"rendered":"https:\/\/lasentinelle.dz\/?p=67918"},"modified":"2025-05-26T11:57:37","modified_gmt":"2025-05-26T10:57:37","slug":"economie-bleue-lexpomer-2025-prevue-du-25-au-27-septembre-a-alger","status":"publish","type":"post","link":"https:\/\/lasentinelle.dz\/index.php\/2025\/05\/26\/economie-bleue-lexpomer-2025-prevue-du-25-au-27-septembre-a-alger\/","title":{"rendered":"\u00c9conomie bleue: L&rsquo;EXPOMER 2025 pr\u00e9vue du 25 au 27 septembre \u00e0 Alger"},"content":{"rendered":"\n<p>La premi\u00e8re \u00e9dition du Salon international de la mer et de l&rsquo;\u00e9conomie bleue \u00ab\u00a0EXPOMER 2025\u00a0\u00bb sera organis\u00e9e, du 25 au 27 septembre prochain \u00e0 Alger, avec la participation de plus de 80 exposants nationaux et internationaux, ont annonc\u00e9 dimanche les organisateurs. Ce Salon qui sera organis\u00e9 au Palais de la Culture \u00ab\u00a0Moufdi Zakaria\u00a0\u00bb par la soci\u00e9t\u00e9 \u00ab\u00a0Ecogic\u00a0\u00bb, en partenariat avec l&rsquo;Ecole nationale sup\u00e9rieure des sciences de la mer et de l&rsquo;am\u00e9nagement du littoral (ENSSMAL), et plac\u00e9 sous le patronage du Club des entrepreneurs et industriels (CEI), vise \u00e0 renforcer l&rsquo;efficacit\u00e9 et la performance de l&rsquo;\u00e9conomie bleue, en mettant en valeur les capacit\u00e9s des principaux acteurs nationaux et internationaux. Lors d&rsquo;une conf\u00e9rence de presse, la directrice de la soci\u00e9t\u00e9 organisatrice, Mme Yasmine Mimouni, a pr\u00e9cis\u00e9 que \u00ab\u00a0ce Salon se veut une plateforme interactive favorisant l&rsquo;\u00e9change d&rsquo;exp\u00e9riences en vue de d\u00e9velopper l&rsquo;\u00e9conomie bleue en Alg\u00e9rie et d&rsquo;accompagner la politique du Gouvernement visant la diversification de l&rsquo;\u00e9conomie nationale hors hydrocarbures\u00a0\u00bb. Pour sa part, la directrice de l&rsquo;ENSSMAL, Mme Boutekrabet Linda, a soulign\u00e9 que ce Salon, plac\u00e9 sous le th\u00e8me \u00ab\u00a0Pour une \u00e9conomie bleue durable\u00a0\u00bb, permettra d&rsquo;\u00e9tablir un pont de dialogue entre les universitaires, les entrepreneurs, les fournisseurs et les porteurs de projets innovants, afin de promouvoir ce secteur cr\u00e9ateur de richesse. Les organisateurs pr\u00e9voient, \u00e0 cette occasion, la signature de plusieurs conventions entre les diff\u00e9rents acteurs du secteur de l&rsquo;\u00e9conomie bleue, qui est \u00e0 m\u00eame de cr\u00e9er plus de 200.000 emplois directs et indirects \u00e0 l&rsquo;horizon 2035, selon Mme Boutekrabet. Le programme de ce Salon comprend l&rsquo;organisation de conf\u00e9rences et d&rsquo;ateliers sur diff\u00e9rentes th\u00e9matiques, telles que l&rsquo;\u00e9conomie circulaire, l&rsquo;innovation, la logistique portuaire et l&rsquo;aquaculture.<\/p>\n\n\n\n<p>APS<\/p>\n","protected":false},"excerpt":{"rendered":"<p>La premi\u00e8re \u00e9dition du Salon international de la mer et de l&rsquo;\u00e9conomie bleue \u00ab\u00a0EXPOMER 2025\u00a0\u00bb sera organis\u00e9e, du 25 au<\/p>\n","protected":false},"author":6,"featured_media":67919,"comment_status":"open","ping_status":"closed","sticky":false,"template":"","format":"standard","meta":{"colormag_page_container_layout":"default_layout","colormag_page_sidebar_layout":"default_layout","om_disable_all_campaigns":false,"_monsterinsights_skip_tracking":false,"_monsterinsights_sitenote_active":false,"_monsterinsights_sitenote_note":"","_monsterinsights_sitenote_category":0,"footnotes":"","_wpscppro_dont_share_socialmedia":false,"_wpscppro_custom_social_share_image":0,"_facebook_share_type":"default","_twitter_share_type":"default","_linkedin_share_type":"default","_pinterest_share_type":"default","_linkedin_share_type_page":"","_instagram_share_type":"default","_medium_share_type":"default","_threads_share_type":"","_google_business_share_type":"","_selected_social_profile":[],"_wpsp_enable_custom_social_template":false,"_wpsp_social_scheduling":{"enabled":false,"datetime":null,"platforms":[],"status":"template_only","dateOption":"today","timeOption":"now","customDays":"","customHours":"","customDate":"","customTime":"","schedulingType":"absolute"},"_wpsp_active_default_template":true},"categories":[29],"tags":[],"class_list":["post-67918","post","type-post","status-publish","format-standard","has-post-thumbnail","hentry","category-economie"],"aioseo_notices":[],"yoast_head":"<!-- This site is optimized with the Yoast SEO plugin v27.4 - https:\/\/yoast.com\/product\/yoast-seo-wordpress\/ -->\n<title>\u00c9conomie bleue: L&rsquo;EXPOMER 2025 pr\u00e9vue du 25 au 27 septembre \u00e0 Alger - La Sentinelle<\/title>\n<meta name=\"robots\" content=\"index, follow, max-snippet:-1, max-image-preview:large, max-video-preview:-1\" \/>\n<link rel=\"canonical\" href=\"https:\/\/lasentinelle.dz\/index.php\/2025\/05\/26\/economie-bleue-lexpomer-2025-prevue-du-25-au-27-septembre-a-alger\/\" \/>\n<meta property=\"og:locale\" content=\"fr_FR\" \/>\n<meta property=\"og:type\" content=\"article\" \/>\n<meta property=\"og:title\" content=\"\u00c9conomie bleue: L&rsquo;EXPOMER 2025 pr\u00e9vue du 25 au 27 septembre \u00e0 Alger - La Sentinelle\" \/>\n<meta property=\"og:description\" content=\"La premi\u00e8re \u00e9dition du Salon international de la mer et de l&rsquo;\u00e9conomie bleue \u00ab\u00a0EXPOMER 2025\u00a0\u00bb sera organis\u00e9e, du 25 au\" \/>\n<meta property=\"og:url\" content=\"https:\/\/lasentinelle.dz\/index.php\/2025\/05\/26\/economie-bleue-lexpomer-2025-prevue-du-25-au-27-septembre-a-alger\/\" \/>\n<meta property=\"og:site_name\" content=\"La Sentinelle\" \/>\n<meta property=\"article:publisher\" content=\"https:\/\/www.facebook.com\/La-Sentinelle-104059864394773\" \/>\n<meta property=\"article:published_time\" content=\"2025-05-26T10:57:36+00:00\" \/>\n<meta property=\"article:modified_time\" content=\"2025-05-26T10:57:37+00:00\" \/>\n<meta property=\"og:image\" content=\"https:\/\/lasentinelle.dz\/wp-content\/uploads\/2025\/05\/expomer.jpg\" \/>\n\t<meta property=\"og:image:width\" content=\"1060\" \/>\n\t<meta property=\"og:image:height\" content=\"800\" \/>\n\t<meta property=\"og:image:type\" content=\"image\/jpeg\" \/>\n<meta name=\"author\" content=\"admin\" \/>\n<meta name=\"twitter:card\" content=\"summary_large_image\" \/>\n<meta name=\"twitter:label1\" content=\"\u00c9crit par\" \/>\n\t<meta name=\"twitter:data1\" content=\"admin\" \/>\n\t<meta name=\"twitter:label2\" content=\"Dur\u00e9e de lecture estim\u00e9e\" \/>\n\t<meta name=\"twitter:data2\" content=\"2 minutes\" \/>\n<script type=\"application\/ld+json\" class=\"yoast-schema-graph\">{\"@context\":\"https:\\\/\\\/schema.org\",\"@graph\":[{\"@type\":\"Article\",\"@id\":\"https:\\\/\\\/lasentinelle.dz\\\/index.php\\\/2025\\\/05\\\/26\\\/economie-bleue-lexpomer-2025-prevue-du-25-au-27-septembre-a-alger\\\/#article\",\"isPartOf\":{\"@id\":\"https:\\\/\\\/lasentinelle.dz\\\/index.php\\\/2025\\\/05\\\/26\\\/economie-bleue-lexpomer-2025-prevue-du-25-au-27-septembre-a-alger\\\/\"},\"author\":{\"name\":\"admin\",\"@id\":\"https:\\\/\\\/lasentinelle.dz\\\/#\\\/schema\\\/person\\\/729ee0024f24e0b8c5ec17232f8e8b41\"},\"headline\":\"\u00c9conomie bleue: L&rsquo;EXPOMER 2025 pr\u00e9vue du 25 au 27 septembre \u00e0 Alger\",\"datePublished\":\"2025-05-26T10:57:36+00:00\",\"dateModified\":\"2025-05-26T10:57:37+00:00\",\"mainEntityOfPage\":{\"@id\":\"https:\\\/\\\/lasentinelle.dz\\\/index.php\\\/2025\\\/05\\\/26\\\/economie-bleue-lexpomer-2025-prevue-du-25-au-27-septembre-a-alger\\\/\"},\"wordCount\":313,\"commentCount\":0,\"publisher\":{\"@id\":\"https:\\\/\\\/lasentinelle.dz\\\/#organization\"},\"image\":{\"@id\":\"https:\\\/\\\/lasentinelle.dz\\\/index.php\\\/2025\\\/05\\\/26\\\/economie-bleue-lexpomer-2025-prevue-du-25-au-27-septembre-a-alger\\\/#primaryimage\"},\"thumbnailUrl\":\"https:\\\/\\\/lasentinelle.dz\\\/wp-content\\\/uploads\\\/2025\\\/05\\\/expomer.jpg\",\"articleSection\":[\"\u00c9conomie\"],\"inLanguage\":\"fr-FR\",\"potentialAction\":[{\"@type\":\"CommentAction\",\"name\":\"Comment\",\"target\":[\"https:\\\/\\\/lasentinelle.dz\\\/index.php\\\/2025\\\/05\\\/26\\\/economie-bleue-lexpomer-2025-prevue-du-25-au-27-septembre-a-alger\\\/#respond\"]}]},{\"@type\":\"WebPage\",\"@id\":\"https:\\\/\\\/lasentinelle.dz\\\/index.php\\\/2025\\\/05\\\/26\\\/economie-bleue-lexpomer-2025-prevue-du-25-au-27-septembre-a-alger\\\/\",\"url\":\"https:\\\/\\\/lasentinelle.dz\\\/index.php\\\/2025\\\/05\\\/26\\\/economie-bleue-lexpomer-2025-prevue-du-25-au-27-septembre-a-alger\\\/\",\"name\":\"\u00c9conomie bleue: L&rsquo;EXPOMER 2025 pr\u00e9vue du 25 au 27 septembre \u00e0 Alger - La Sentinelle\",\"isPartOf\":{\"@id\":\"https:\\\/\\\/lasentinelle.dz\\\/#website\"},\"primaryImageOfPage\":{\"@id\":\"https:\\\/\\\/lasentinelle.dz\\\/index.php\\\/2025\\\/05\\\/26\\\/economie-bleue-lexpomer-2025-prevue-du-25-au-27-septembre-a-alger\\\/#primaryimage\"},\"image\":{\"@id\":\"https:\\\/\\\/lasentinelle.dz\\\/index.php\\\/2025\\\/05\\\/26\\\/economie-bleue-lexpomer-2025-prevue-du-25-au-27-septembre-a-alger\\\/#primaryimage\"},\"thumbnailUrl\":\"https:\\\/\\\/lasentinelle.dz\\\/wp-content\\\/uploads\\\/2025\\\/05\\\/expomer.jpg\",\"datePublished\":\"2025-05-26T10:57:36+00:00\",\"dateModified\":\"2025-05-26T10:57:37+00:00\",\"breadcrumb\":{\"@id\":\"https:\\\/\\\/lasentinelle.dz\\\/index.php\\\/2025\\\/05\\\/26\\\/economie-bleue-lexpomer-2025-prevue-du-25-au-27-septembre-a-alger\\\/#breadcrumb\"},\"inLanguage\":\"fr-FR\",\"potentialAction\":[{\"@type\":\"ReadAction\",\"target\":[\"https:\\\/\\\/lasentinelle.dz\\\/index.php\\\/2025\\\/05\\\/26\\\/economie-bleue-lexpomer-2025-prevue-du-25-au-27-septembre-a-alger\\\/\"]}]},{\"@type\":\"ImageObject\",\"inLanguage\":\"fr-FR\",\"@id\":\"https:\\\/\\\/lasentinelle.dz\\\/index.php\\\/2025\\\/05\\\/26\\\/economie-bleue-lexpomer-2025-prevue-du-25-au-27-septembre-a-alger\\\/#primaryimage\",\"url\":\"https:\\\/\\\/lasentinelle.dz\\\/wp-content\\\/uploads\\\/2025\\\/05\\\/expomer.jpg\",\"contentUrl\":\"https:\\\/\\\/lasentinelle.dz\\\/wp-content\\\/uploads\\\/2025\\\/05\\\/expomer.jpg\",\"width\":1060,\"height\":800},{\"@type\":\"BreadcrumbList\",\"@id\":\"https:\\\/\\\/lasentinelle.dz\\\/index.php\\\/2025\\\/05\\\/26\\\/economie-bleue-lexpomer-2025-prevue-du-25-au-27-septembre-a-alger\\\/#breadcrumb\",\"itemListElement\":[{\"@type\":\"ListItem\",\"position\":1,\"name\":\"Accueil\",\"item\":\"https:\\\/\\\/lasentinelle.dz\\\/\"},{\"@type\":\"ListItem\",\"position\":2,\"name\":\"\u00c9conomie bleue: L&rsquo;EXPOMER 2025 pr\u00e9vue du 25 au 27 septembre \u00e0 Alger\"}]},{\"@type\":\"WebSite\",\"@id\":\"https:\\\/\\\/lasentinelle.dz\\\/#website\",\"url\":\"https:\\\/\\\/lasentinelle.dz\\\/\",\"name\":\"La Sentinelle\",\"description\":\"Quotidien national d&#039;information\",\"publisher\":{\"@id\":\"https:\\\/\\\/lasentinelle.dz\\\/#organization\"},\"potentialAction\":[{\"@type\":\"SearchAction\",\"target\":{\"@type\":\"EntryPoint\",\"urlTemplate\":\"https:\\\/\\\/lasentinelle.dz\\\/?s={search_term_string}\"},\"query-input\":{\"@type\":\"PropertyValueSpecification\",\"valueRequired\":true,\"valueName\":\"search_term_string\"}}],\"inLanguage\":\"fr-FR\"},{\"@type\":\"Organization\",\"@id\":\"https:\\\/\\\/lasentinelle.dz\\\/#organization\",\"name\":\"Quotidien La Sentinelle\",\"url\":\"https:\\\/\\\/lasentinelle.dz\\\/\",\"logo\":{\"@type\":\"ImageObject\",\"inLanguage\":\"fr-FR\",\"@id\":\"https:\\\/\\\/lasentinelle.dz\\\/#\\\/schema\\\/logo\\\/image\\\/\",\"url\":\"https:\\\/\\\/lasentinelle.dz\\\/wp-content\\\/uploads\\\/2021\\\/09\\\/logo-sentinelleSLOGAN-1.png\",\"contentUrl\":\"https:\\\/\\\/lasentinelle.dz\\\/wp-content\\\/uploads\\\/2021\\\/09\\\/logo-sentinelleSLOGAN-1.png\",\"width\":615,\"height\":142,\"caption\":\"Quotidien La Sentinelle\"},\"image\":{\"@id\":\"https:\\\/\\\/lasentinelle.dz\\\/#\\\/schema\\\/logo\\\/image\\\/\"},\"sameAs\":[\"https:\\\/\\\/www.facebook.com\\\/La-Sentinelle-104059864394773\"]},{\"@type\":\"Person\",\"@id\":\"https:\\\/\\\/lasentinelle.dz\\\/#\\\/schema\\\/person\\\/729ee0024f24e0b8c5ec17232f8e8b41\",\"name\":\"admin\",\"image\":{\"@type\":\"ImageObject\",\"inLanguage\":\"fr-FR\",\"@id\":\"https:\\\/\\\/secure.gravatar.com\\\/avatar\\\/4c81fed838786e9b53f540bf46533e750f5d292099ae3b66cfc6fb1982e29df7?s=96&d=mm&r=g\",\"url\":\"https:\\\/\\\/secure.gravatar.com\\\/avatar\\\/4c81fed838786e9b53f540bf46533e750f5d292099ae3b66cfc6fb1982e29df7?s=96&d=mm&r=g\",\"contentUrl\":\"https:\\\/\\\/secure.gravatar.com\\\/avatar\\\/4c81fed838786e9b53f540bf46533e750f5d292099ae3b66cfc6fb1982e29df7?s=96&d=mm&r=g\",\"caption\":\"admin\"},\"description\":\"admin\",\"url\":\"https:\\\/\\\/lasentinelle.dz\\\/author\\\/admin\\\/\"}]}<\/script>\n<!-- \/ Yoast SEO plugin. -->","yoast_head_json":{"title":"\u00c9conomie bleue: L&rsquo;EXPOMER 2025 pr\u00e9vue du 25 au 27 septembre \u00e0 Alger - La Sentinelle","robots":{"index":"index","follow":"follow","max-snippet":"max-snippet:-1","max-image-preview":"max-image-preview:large","max-video-preview":"max-video-preview:-1"},"canonical":"https:\/\/lasentinelle.dz\/index.php\/2025\/05\/26\/economie-bleue-lexpomer-2025-prevue-du-25-au-27-septembre-a-alger\/","og_locale":"fr_FR","og_type":"article","og_title":"\u00c9conomie bleue: L&rsquo;EXPOMER 2025 pr\u00e9vue du 25 au 27 septembre \u00e0 Alger - La Sentinelle","og_description":"La premi\u00e8re \u00e9dition du Salon international de la mer et de l&rsquo;\u00e9conomie bleue \u00ab\u00a0EXPOMER 2025\u00a0\u00bb sera organis\u00e9e, du 25 au","og_url":"https:\/\/lasentinelle.dz\/index.php\/2025\/05\/26\/economie-bleue-lexpomer-2025-prevue-du-25-au-27-septembre-a-alger\/","og_site_name":"La Sentinelle","article_publisher":"https:\/\/www.facebook.com\/La-Sentinelle-104059864394773","article_published_time":"2025-05-26T10:57:36+00:00","article_modified_time":"2025-05-26T10:57:37+00:00","og_image":[{"width":1060,"height":800,"url":"https:\/\/lasentinelle.dz\/wp-content\/uploads\/2025\/05\/expomer.jpg","type":"image\/jpeg"}],"author":"admin","twitter_card":"summary_large_image","twitter_misc":{"\u00c9crit par":"admin","Dur\u00e9e de lecture estim\u00e9e":"2 minutes"},"schema":{"@context":"https:\/\/schema.org","@graph":[{"@type":"Article","@id":"https:\/\/lasentinelle.dz\/index.php\/2025\/05\/26\/economie-bleue-lexpomer-2025-prevue-du-25-au-27-septembre-a-alger\/#article","isPartOf":{"@id":"https:\/\/lasentinelle.dz\/index.php\/2025\/05\/26\/economie-bleue-lexpomer-2025-prevue-du-25-au-27-septembre-a-alger\/"},"author":{"name":"admin","@id":"https:\/\/lasentinelle.dz\/#\/schema\/person\/729ee0024f24e0b8c5ec17232f8e8b41"},"headline":"\u00c9conomie bleue: L&rsquo;EXPOMER 2025 pr\u00e9vue du 25 au 27 septembre \u00e0 Alger","datePublished":"2025-05-26T10:57:36+00:00","dateModified":"2025-05-26T10:57:37+00:00","mainEntityOfPage":{"@id":"https:\/\/lasentinelle.dz\/index.php\/2025\/05\/26\/economie-bleue-lexpomer-2025-prevue-du-25-au-27-septembre-a-alger\/"},"wordCount":313,"commentCount":0,"publisher":{"@id":"https:\/\/lasentinelle.dz\/#organization"},"image":{"@id":"https:\/\/lasentinelle.dz\/index.php\/2025\/05\/26\/economie-bleue-lexpomer-2025-prevue-du-25-au-27-septembre-a-alger\/#primaryimage"},"thumbnailUrl":"https:\/\/lasentinelle.dz\/wp-content\/uploads\/2025\/05\/expomer.jpg","articleSection":["\u00c9conomie"],"inLanguage":"fr-FR","potentialAction":[{"@type":"CommentAction","name":"Comment","target":["https:\/\/lasentinelle.dz\/index.php\/2025\/05\/26\/economie-bleue-lexpomer-2025-prevue-du-25-au-27-septembre-a-alger\/#respond"]}]},{"@type":"WebPage","@id":"https:\/\/lasentinelle.dz\/index.php\/2025\/05\/26\/economie-bleue-lexpomer-2025-prevue-du-25-au-27-septembre-a-alger\/","url":"https:\/\/lasentinelle.dz\/index.php\/2025\/05\/26\/economie-bleue-lexpomer-2025-prevue-du-25-au-27-septembre-a-alger\/","name":"\u00c9conomie bleue: L&rsquo;EXPOMER 2025 pr\u00e9vue du 25 au 27 septembre \u00e0 Alger - La Sentinelle","isPartOf":{"@id":"https:\/\/lasentinelle.dz\/#website"},"primaryImageOfPage":{"@id":"https:\/\/lasentinelle.dz\/index.php\/2025\/05\/26\/economie-bleue-lexpomer-2025-prevue-du-25-au-27-septembre-a-alger\/#primaryimage"},"image":{"@id":"https:\/\/lasentinelle.dz\/index.php\/2025\/05\/26\/economie-bleue-lexpomer-2025-prevue-du-25-au-27-septembre-a-alger\/#primaryimage"},"thumbnailUrl":"https:\/\/lasentinelle.dz\/wp-content\/uploads\/2025\/05\/expomer.jpg","datePublished":"2025-05-26T10:57:36+00:00","dateModified":"2025-05-26T10:57:37+00:00","breadcrumb":{"@id":"https:\/\/lasentinelle.dz\/index.php\/2025\/05\/26\/economie-bleue-lexpomer-2025-prevue-du-25-au-27-septembre-a-alger\/#breadcrumb"},"inLanguage":"fr-FR","potentialAction":[{"@type":"ReadAction","target":["https:\/\/lasentinelle.dz\/index.php\/2025\/05\/26\/economie-bleue-lexpomer-2025-prevue-du-25-au-27-septembre-a-alger\/"]}]},{"@type":"ImageObject","inLanguage":"fr-FR","@id":"https:\/\/lasentinelle.dz\/index.php\/2025\/05\/26\/economie-bleue-lexpomer-2025-prevue-du-25-au-27-septembre-a-alger\/#primaryimage","url":"https:\/\/lasentinelle.dz\/wp-content\/uploads\/2025\/05\/expomer.jpg","contentUrl":"https:\/\/lasentinelle.dz\/wp-content\/uploads\/2025\/05\/expomer.jpg","width":1060,"height":800},{"@type":"BreadcrumbList","@id":"https:\/\/lasentinelle.dz\/index.php\/2025\/05\/26\/economie-bleue-lexpomer-2025-prevue-du-25-au-27-septembre-a-alger\/#breadcrumb","itemListElement":[{"@type":"ListItem","position":1,"name":"Accueil","item":"https:\/\/lasentinelle.dz\/"},{"@type":"ListItem","position":2,"name":"\u00c9conomie bleue: L&rsquo;EXPOMER 2025 pr\u00e9vue du 25 au 27 septembre \u00e0 Alger"}]},{"@type":"WebSite","@id":"https:\/\/lasentinelle.dz\/#website","url":"https:\/\/lasentinelle.dz\/","name":"La Sentinelle","description":"Quotidien national d&#039;information","publisher":{"@id":"https:\/\/lasentinelle.dz\/#organization"},"potentialAction":[{"@type":"SearchAction","target":{"@type":"EntryPoint","urlTemplate":"https:\/\/lasentinelle.dz\/?s={search_term_string}"},"query-input":{"@type":"PropertyValueSpecification","valueRequired":true,"valueName":"search_term_string"}}],"inLanguage":"fr-FR"},{"@type":"Organization","@id":"https:\/\/lasentinelle.dz\/#organization","name":"Quotidien La Sentinelle","url":"https:\/\/lasentinelle.dz\/","logo":{"@type":"ImageObject","inLanguage":"fr-FR","@id":"https:\/\/lasentinelle.dz\/#\/schema\/logo\/image\/","url":"https:\/\/lasentinelle.dz\/wp-content\/uploads\/2021\/09\/logo-sentinelleSLOGAN-1.png","contentUrl":"https:\/\/lasentinelle.dz\/wp-content\/uploads\/2021\/09\/logo-sentinelleSLOGAN-1.png","width":615,"height":142,"caption":"Quotidien La Sentinelle"},"image":{"@id":"https:\/\/lasentinelle.dz\/#\/schema\/logo\/image\/"},"sameAs":["https:\/\/www.facebook.com\/La-Sentinelle-104059864394773"]},{"@type":"Person","@id":"https:\/\/lasentinelle.dz\/#\/schema\/person\/729ee0024f24e0b8c5ec17232f8e8b41","name":"admin","image":{"@type":"ImageObject","inLanguage":"fr-FR","@id":"https:\/\/secure.gravatar.com\/avatar\/4c81fed838786e9b53f540bf46533e750f5d292099ae3b66cfc6fb1982e29df7?s=96&d=mm&r=g","url":"https:\/\/secure.gravatar.com\/avatar\/4c81fed838786e9b53f540bf46533e750f5d292099ae3b66cfc6fb1982e29df7?s=96&d=mm&r=g","contentUrl":"https:\/\/secure.gravatar.com\/avatar\/4c81fed838786e9b53f540bf46533e750f5d292099ae3b66cfc6fb1982e29df7?s=96&d=mm&r=g","caption":"admin"},"description":"admin","url":"https:\/\/lasentinelle.dz\/author\/admin\/"}]}},"_links":{"self":[{"href":"https:\/\/lasentinelle.dz\/index.php\/wp-json\/wp\/v2\/posts\/67918","targetHints":{"allow":["GET"]}}],"collection":[{"href":"https:\/\/lasentinelle.dz\/index.php\/wp-json\/wp\/v2\/posts"}],"about":[{"href":"https:\/\/lasentinelle.dz\/index.php\/wp-json\/wp\/v2\/types\/post"}],"author":[{"embeddable":true,"href":"https:\/\/lasentinelle.dz\/index.php\/wp-json\/wp\/v2\/users\/6"}],"replies":[{"embeddable":true,"href":"https:\/\/lasentinelle.dz\/index.php\/wp-json\/wp\/v2\/comments?post=67918"}],"version-history":[{"count":2,"href":"https:\/\/lasentinelle.dz\/index.php\/wp-json\/wp\/v2\/posts\/67918\/revisions"}],"predecessor-version":[{"id":67921,"href":"https:\/\/lasentinelle.dz\/index.php\/wp-json\/wp\/v2\/posts\/67918\/revisions\/67921"}],"wp:featuredmedia":[{"embeddable":true,"href":"https:\/\/lasentinelle.dz\/index.php\/wp-json\/wp\/v2\/media\/67919"}],"wp:attachment":[{"href":"https:\/\/lasentinelle.dz\/index.php\/wp-json\/wp\/v2\/media?parent=67918"}],"wp:term":[{"taxonomy":"category","embeddable":true,"href":"https:\/\/lasentinelle.dz\/index.php\/wp-json\/wp\/v2\/categories?post=67918"},{"taxonomy":"post_tag","embeddable":true,"href":"https:\/\/lasentinelle.dz\/index.php\/wp-json\/wp\/v2\/tags?post=67918"}],"curies":[{"name":"wp","href":"https:\/\/api.w.org\/{rel}","templated":true}]}}