{"id":67929,"date":"2025-05-26T12:00:21","date_gmt":"2025-05-26T11:00:21","guid":{"rendered":"https:\/\/lasentinelle.dz\/?p=67929"},"modified":"2025-05-26T12:00:21","modified_gmt":"2025-05-26T11:00:21","slug":"la-dgf-devoile-son-plan-pour-la-saison-estivale-des-drones-et-des-capteurs-de-chaleur-pour-se-premunir-des-incendies","status":"publish","type":"post","link":"https:\/\/lasentinelle.dz\/index.php\/2025\/05\/26\/la-dgf-devoile-son-plan-pour-la-saison-estivale-des-drones-et-des-capteurs-de-chaleur-pour-se-premunir-des-incendies\/","title":{"rendered":"La DGF d\u00e9voile son plan pour la saison estivale: Des drones et des capteurs de chaleur pour se pr\u00e9munir des incendies"},"content":{"rendered":"\n<p>Alors que la saison estivale approche, la Direction g\u00e9n\u00e9rale des for\u00eats (DGF) a activ\u00e9 d\u00e8s le 1er mai son plan national de lutte contre les feux de for\u00eat, d\u00e9ployant des moyens de pointe incluant drones et cam\u00e9ras thermiques pour assurer un \u00e9t\u00e9 2025 sans catastrophes environnementales.<\/p>\n\n\n\n<p>Cette strat\u00e9gie d&rsquo;anticipation porte d\u00e9j\u00e0 ses fruits. Selon Djamel Touahria, directeur g\u00e9n\u00e9ral des for\u00eats, invit\u00e9 dimanche matin sur les ondes de la Cha\u00eene 1 de la Radio alg\u00e9rienne, cette activation pr\u00e9coce du dispositif a permis d&rsquo;obtenir \u00ab des r\u00e9sultats extr\u00eamement positifs par rapport \u00e0 l&rsquo;ann\u00e9e derni\u00e8re \u00bb. Les chiffres parlent d&rsquo;eux-m\u00eames : \u00ab la superficie touch\u00e9e par les incendies durant le mois de mai en cours n&rsquo;a pas d\u00e9pass\u00e9 deux hectares, contre 25 hectares durant la m\u00eame p\u00e9riode de 2024 \u00bb.<\/p>\n\n\n\n<p>Cette performance remarquable t\u00e9moigne de l&rsquo;efficacit\u00e9 d&rsquo;une approche pr\u00e9ventive renforc\u00e9e. Touahria pr\u00e9cise que \u00ab les zones foresti\u00e8res endommag\u00e9es l&rsquo;ann\u00e9e derni\u00e8re, estim\u00e9es \u00e0 3 000 hectares, ont retrouv\u00e9 leur couverture v\u00e9g\u00e9tale naturelle et sont revenues \u00e0 leur \u00e9tat d&rsquo;origine \u00bb. &nbsp;L&rsquo;arsenal technologique d\u00e9ploy\u00e9 par la DGF s&rsquo;appuie sur des solutions de pointe. \u00ab Nous utilisons la technologie moderne, notamment les drones pour surveiller et suivre les incendies avec pr\u00e9cision, d\u00e9terminer leur nature et leurs causes, y compris les causes humaines \u00bb, explique le responsable. Cette surveillance a\u00e9rienne automatis\u00e9e permet une d\u00e9tection pr\u00e9coce des foyers et une intervention rapide des \u00e9quipes au sol.<\/p>\n\n\n\n<p>La collaboration avec l&rsquo;Agence spatiale alg\u00e9rienne constitue un autre pilier de cette strat\u00e9gie high-tech. \u00ab Les services des for\u00eats b\u00e9n\u00e9ficient \u00e9galement des services de l&rsquo;Agence spatiale alg\u00e9rienne pour dessiner et d\u00e9terminer une carte des zones les plus expos\u00e9es aux incendies, afin de mobiliser les moyens n\u00e9cessaires \u00e0 proximit\u00e9 et assurer une intervention rapide et efficace \u00bb, d\u00e9taille Touahria.<\/p>\n\n\n\n<p>L&rsquo;innovation ne s&rsquo;arr\u00eate pas l\u00e0. La DGF fait appel aux services d&rsquo;entreprises sp\u00e9cialis\u00e9es, notamment \u00ab une entreprise de la wilaya de Tizi Ouzou qui fournit des services de cam\u00e9ras thermiques pour d\u00e9tecter les incendies avec pr\u00e9cision et au bon moment \u00bb. Ces capteurs de chaleur permettent d&rsquo;identifier les points chauds avant m\u00eame l&rsquo;apparition des flammes visibles. Au-del\u00e0 de la technologie, l&rsquo;approche alg\u00e9rienne privil\u00e9gie la pr\u00e9vention. \u00ab La strat\u00e9gie actuelle se concentre principalement, sur la base des exp\u00e9riences de terrain pr\u00e9c\u00e9dentes, sur la pr\u00e9vention et la sensibilisation \u00bb, souligne Touahria. Cette d\u00e9marche s&rsquo;appuie sur un partenariat avec la soci\u00e9t\u00e9 civile, \u00ab les efforts d\u00e9ploy\u00e9s dans ce domaine se font en coordination et coop\u00e9ration avec les associations de la soci\u00e9t\u00e9 civile, qui jouent un r\u00f4le actif dans la sensibilisation des familles r\u00e9sidant pr\u00e8s des zones foresti\u00e8res aux dangers des incendies \u00bb.<\/p>\n\n\n\n<p>Les investigations men\u00e9es par les services forestiers r\u00e9v\u00e8lent une r\u00e9alit\u00e9 pr\u00e9occupante : \u00ab la majorit\u00e9 des incendies enregistr\u00e9s ont pris naissance sur des terrains priv\u00e9s avant de s&rsquo;\u00e9tendre aux for\u00eats \u00bb. <strong>&nbsp;<\/strong>L&rsquo;efficacit\u00e9 du dispositif repose \u00e9galement sur une infrastructure adapt\u00e9e. La DGF a entrepris \u00ab la r\u00e9alisation de plans de travaux forestiers incluant l&rsquo;am\u00e9nagement des pistes et l&rsquo;ouverture de routes pour faciliter l&rsquo;acc\u00e8s rapide aux lieux d&rsquo;\u00e9closion des incendies \u00bb. Touahria se f\u00e9licite que \u00ab ces pistes sont actuellement en tr\u00e8s bon \u00e9tat \u00bb.<strong> <\/strong>Les mesures pr\u00e9ventives incluent \u00e9galement \u00ab le creusement de tranch\u00e9es coupe-feu de 50 m\u00e8tres de large le long des espaces forestiers, comme mesure pr\u00e9ventive efficace \u00bb. Cette approche de compartimentation du territoire forestier permet de limiter la propagation des flammes.<strong> <\/strong>L&rsquo;Alg\u00e9rie dispose par ailleurs d&rsquo;une flotte a\u00e9rienne performante comprenant \u00ab des avions d&rsquo;extinction polyvalents, notamment l&rsquo;avion g\u00e9ant Beriev Be-200 appartenant \u00e0 l&rsquo;Arm\u00e9e nationale, qui a prouv\u00e9 son efficacit\u00e9 sur le terrain \u00bb. Ces moyens a\u00e9riens \u00ab sont utilis\u00e9s pour r\u00e9duire l&rsquo;intensit\u00e9 des flammes et contribuent \u00e0 ouvrir la voie aux \u00e9quipes terrestres pour intervenir dans les profondeurs des for\u00eats \u00bb.<\/p>\n\n\n\n<p><strong>Le Barrage vert<\/strong><strong> et investissement dans le bois<\/strong><\/p>\n\n\n\n<p>Parall\u00e8lement \u00e0 la lutte contre les incendies, l&rsquo;Alg\u00e9rie poursuit l&rsquo;ambitieux projet de r\u00e9habilitation du Barrage vert. Touahria qualifie cette initiative de \u00ab projet du si\u00e8cle \u00bb, pr\u00e9cisant que \u00ab l&rsquo;Alg\u00e9rie est actuellement dans la deuxi\u00e8me ann\u00e9e du programme de r\u00e9habilitation et d&rsquo;extension du barrage, qui est devenu un mod\u00e8le suivi par de nombreux pays \u00bb. Les r\u00e9sultats sont d\u00e9j\u00e0 tangibles : \u00ab la mise en \u0153uvre du programme en cours a permis de planter 24 000 hectares d&rsquo;arbres fruitiers et de plantes, avec le forage de puits pour la population \u00bb. L&rsquo;objectif ambitieux fix\u00e9 vise \u00ab 400 000 hectares \u00bb. Le projet privil\u00e9gie \u00ab la plantation d&rsquo;arbres fruitiers r\u00e9sistants \u00e0 la d\u00e9sertification comme l&rsquo;olivier et le pistachier, en plus de l&rsquo;exp\u00e9rimentation de la plantation de 500 hectares d&rsquo;arbres Paulownia \u00e0 Laghouat pour la production de bois \u00bb. M. Touahria a aussi fait savoir que la DGF ouvrira, fin 2025, la voie \u00e0 l&rsquo;investissement dans le domaine de la plantation d&rsquo;arbres forestiers destin\u00e9s \u00e0 la production de bois et ce, dans le cadre des efforts visant \u00e0 cr\u00e9er une valeur ajout\u00e9e et \u00e0 conf\u00e9rer au Barrage vert, un caract\u00e8re \u00e9conomique. Il s&rsquo;agit d&rsquo;un projet d&rsquo;investissement pilote pour la plantation du \u00ab\u00a0Paulownia\u00a0\u00bb sur une superficie de 500 hectares dans la wilaya de Laghouat, selon le DG des for\u00eats, qui a pr\u00e9cis\u00e9 que de tels projets permettent de valoriser les efforts de reboisement au niveau du Barrage vert.<\/p>\n\n\n\n<p>Lyna Larbi<\/p>\n","protected":false},"excerpt":{"rendered":"<p>Alors que la saison estivale approche, la Direction g\u00e9n\u00e9rale des for\u00eats (DGF) a activ\u00e9 d\u00e8s le 1er mai son plan<\/p>\n","protected":false},"author":6,"featured_media":52084,"comment_status":"open","ping_status":"closed","sticky":false,"template":"","format":"standard","meta":{"colormag_page_container_layout":"default_layout","colormag_page_sidebar_layout":"default_layout","om_disable_all_campaigns":false,"_monsterinsights_skip_tracking":false,"_monsterinsights_sitenote_active":false,"_monsterinsights_sitenote_note":"","_monsterinsights_sitenote_category":0,"footnotes":"","_wpscppro_dont_share_socialmedia":false,"_wpscppro_custom_social_share_image":0,"_facebook_share_type":"default","_twitter_share_type":"default","_linkedin_share_type":"default","_pinterest_share_type":"default","_linkedin_share_type_page":"","_instagram_share_type":"default","_medium_share_type":"default","_threads_share_type":"","_google_business_share_type":"","_selected_social_profile":[],"_wpsp_enable_custom_social_template":false,"_wpsp_social_scheduling":{"enabled":false,"datetime":null,"platforms":[],"status":"template_only","dateOption":"today","timeOption":"now","customDays":"","customHours":"","customDate":"","customTime":"","schedulingType":"absolute"},"_wpsp_active_default_template":true},"categories":[27],"tags":[],"class_list":["post-67929","post","type-post","status-publish","format-standard","has-post-thumbnail","hentry","category-actualite"],"aioseo_notices":[],"yoast_head":"<!-- This site is optimized with the Yoast SEO plugin v27.4 - https:\/\/yoast.com\/product\/yoast-seo-wordpress\/ -->\n<title>La DGF d\u00e9voile son plan pour la saison estivale: Des drones et des capteurs de chaleur pour se pr\u00e9munir des incendies - La Sentinelle<\/title>\n<meta name=\"robots\" content=\"index, follow, max-snippet:-1, max-image-preview:large, max-video-preview:-1\" \/>\n<link rel=\"canonical\" href=\"https:\/\/lasentinelle.dz\/index.php\/2025\/05\/26\/la-dgf-devoile-son-plan-pour-la-saison-estivale-des-drones-et-des-capteurs-de-chaleur-pour-se-premunir-des-incendies\/\" \/>\n<meta property=\"og:locale\" content=\"fr_FR\" \/>\n<meta property=\"og:type\" content=\"article\" \/>\n<meta property=\"og:title\" content=\"La DGF d\u00e9voile son plan pour la saison estivale: Des drones et des capteurs de chaleur pour se pr\u00e9munir des incendies - La Sentinelle\" \/>\n<meta property=\"og:description\" content=\"Alors que la saison estivale approche, la Direction g\u00e9n\u00e9rale des for\u00eats (DGF) a activ\u00e9 d\u00e8s le 1er mai son plan\" \/>\n<meta property=\"og:url\" content=\"https:\/\/lasentinelle.dz\/index.php\/2025\/05\/26\/la-dgf-devoile-son-plan-pour-la-saison-estivale-des-drones-et-des-capteurs-de-chaleur-pour-se-premunir-des-incendies\/\" \/>\n<meta property=\"og:site_name\" content=\"La Sentinelle\" \/>\n<meta property=\"article:publisher\" content=\"https:\/\/www.facebook.com\/La-Sentinelle-104059864394773\" \/>\n<meta property=\"article:published_time\" content=\"2025-05-26T11:00:21+00:00\" \/>\n<meta property=\"og:image\" content=\"https:\/\/lasentinelle.dz\/wp-content\/uploads\/2024\/05\/drone-feux.webp\" \/>\n\t<meta property=\"og:image:width\" content=\"1240\" \/>\n\t<meta property=\"og:image:height\" content=\"696\" \/>\n\t<meta property=\"og:image:type\" content=\"image\/webp\" \/>\n<meta name=\"author\" content=\"admin\" \/>\n<meta name=\"twitter:card\" content=\"summary_large_image\" \/>\n<meta name=\"twitter:label1\" content=\"\u00c9crit par\" \/>\n\t<meta name=\"twitter:data1\" content=\"admin\" \/>\n\t<meta name=\"twitter:label2\" content=\"Dur\u00e9e de lecture estim\u00e9e\" \/>\n\t<meta name=\"twitter:data2\" content=\"5 minutes\" \/>\n<script type=\"application\/ld+json\" class=\"yoast-schema-graph\">{\"@context\":\"https:\\\/\\\/schema.org\",\"@graph\":[{\"@type\":\"Article\",\"@id\":\"https:\\\/\\\/lasentinelle.dz\\\/index.php\\\/2025\\\/05\\\/26\\\/la-dgf-devoile-son-plan-pour-la-saison-estivale-des-drones-et-des-capteurs-de-chaleur-pour-se-premunir-des-incendies\\\/#article\",\"isPartOf\":{\"@id\":\"https:\\\/\\\/lasentinelle.dz\\\/index.php\\\/2025\\\/05\\\/26\\\/la-dgf-devoile-son-plan-pour-la-saison-estivale-des-drones-et-des-capteurs-de-chaleur-pour-se-premunir-des-incendies\\\/\"},\"author\":{\"name\":\"admin\",\"@id\":\"https:\\\/\\\/lasentinelle.dz\\\/#\\\/schema\\\/person\\\/729ee0024f24e0b8c5ec17232f8e8b41\"},\"headline\":\"La DGF d\u00e9voile son plan pour la saison estivale: Des drones et des capteurs de chaleur pour se pr\u00e9munir des incendies\",\"datePublished\":\"2025-05-26T11:00:21+00:00\",\"mainEntityOfPage\":{\"@id\":\"https:\\\/\\\/lasentinelle.dz\\\/index.php\\\/2025\\\/05\\\/26\\\/la-dgf-devoile-son-plan-pour-la-saison-estivale-des-drones-et-des-capteurs-de-chaleur-pour-se-premunir-des-incendies\\\/\"},\"wordCount\":984,\"commentCount\":0,\"publisher\":{\"@id\":\"https:\\\/\\\/lasentinelle.dz\\\/#organization\"},\"image\":{\"@id\":\"https:\\\/\\\/lasentinelle.dz\\\/index.php\\\/2025\\\/05\\\/26\\\/la-dgf-devoile-son-plan-pour-la-saison-estivale-des-drones-et-des-capteurs-de-chaleur-pour-se-premunir-des-incendies\\\/#primaryimage\"},\"thumbnailUrl\":\"https:\\\/\\\/lasentinelle.dz\\\/wp-content\\\/uploads\\\/2024\\\/05\\\/drone-feux.webp\",\"articleSection\":[\"Actualit\u00e9\"],\"inLanguage\":\"fr-FR\",\"potentialAction\":[{\"@type\":\"CommentAction\",\"name\":\"Comment\",\"target\":[\"https:\\\/\\\/lasentinelle.dz\\\/index.php\\\/2025\\\/05\\\/26\\\/la-dgf-devoile-son-plan-pour-la-saison-estivale-des-drones-et-des-capteurs-de-chaleur-pour-se-premunir-des-incendies\\\/#respond\"]}]},{\"@type\":\"WebPage\",\"@id\":\"https:\\\/\\\/lasentinelle.dz\\\/index.php\\\/2025\\\/05\\\/26\\\/la-dgf-devoile-son-plan-pour-la-saison-estivale-des-drones-et-des-capteurs-de-chaleur-pour-se-premunir-des-incendies\\\/\",\"url\":\"https:\\\/\\\/lasentinelle.dz\\\/index.php\\\/2025\\\/05\\\/26\\\/la-dgf-devoile-son-plan-pour-la-saison-estivale-des-drones-et-des-capteurs-de-chaleur-pour-se-premunir-des-incendies\\\/\",\"name\":\"La DGF d\u00e9voile son plan pour la saison estivale: Des drones et des capteurs de chaleur pour se pr\u00e9munir des incendies - La Sentinelle\",\"isPartOf\":{\"@id\":\"https:\\\/\\\/lasentinelle.dz\\\/#website\"},\"primaryImageOfPage\":{\"@id\":\"https:\\\/\\\/lasentinelle.dz\\\/index.php\\\/2025\\\/05\\\/26\\\/la-dgf-devoile-son-plan-pour-la-saison-estivale-des-drones-et-des-capteurs-de-chaleur-pour-se-premunir-des-incendies\\\/#primaryimage\"},\"image\":{\"@id\":\"https:\\\/\\\/lasentinelle.dz\\\/index.php\\\/2025\\\/05\\\/26\\\/la-dgf-devoile-son-plan-pour-la-saison-estivale-des-drones-et-des-capteurs-de-chaleur-pour-se-premunir-des-incendies\\\/#primaryimage\"},\"thumbnailUrl\":\"https:\\\/\\\/lasentinelle.dz\\\/wp-content\\\/uploads\\\/2024\\\/05\\\/drone-feux.webp\",\"datePublished\":\"2025-05-26T11:00:21+00:00\",\"breadcrumb\":{\"@id\":\"https:\\\/\\\/lasentinelle.dz\\\/index.php\\\/2025\\\/05\\\/26\\\/la-dgf-devoile-son-plan-pour-la-saison-estivale-des-drones-et-des-capteurs-de-chaleur-pour-se-premunir-des-incendies\\\/#breadcrumb\"},\"inLanguage\":\"fr-FR\",\"potentialAction\":[{\"@type\":\"ReadAction\",\"target\":[\"https:\\\/\\\/lasentinelle.dz\\\/index.php\\\/2025\\\/05\\\/26\\\/la-dgf-devoile-son-plan-pour-la-saison-estivale-des-drones-et-des-capteurs-de-chaleur-pour-se-premunir-des-incendies\\\/\"]}]},{\"@type\":\"ImageObject\",\"inLanguage\":\"fr-FR\",\"@id\":\"https:\\\/\\\/lasentinelle.dz\\\/index.php\\\/2025\\\/05\\\/26\\\/la-dgf-devoile-son-plan-pour-la-saison-estivale-des-drones-et-des-capteurs-de-chaleur-pour-se-premunir-des-incendies\\\/#primaryimage\",\"url\":\"https:\\\/\\\/lasentinelle.dz\\\/wp-content\\\/uploads\\\/2024\\\/05\\\/drone-feux.webp\",\"contentUrl\":\"https:\\\/\\\/lasentinelle.dz\\\/wp-content\\\/uploads\\\/2024\\\/05\\\/drone-feux.webp\",\"width\":1240,\"height\":696},{\"@type\":\"BreadcrumbList\",\"@id\":\"https:\\\/\\\/lasentinelle.dz\\\/index.php\\\/2025\\\/05\\\/26\\\/la-dgf-devoile-son-plan-pour-la-saison-estivale-des-drones-et-des-capteurs-de-chaleur-pour-se-premunir-des-incendies\\\/#breadcrumb\",\"itemListElement\":[{\"@type\":\"ListItem\",\"position\":1,\"name\":\"Accueil\",\"item\":\"https:\\\/\\\/lasentinelle.dz\\\/\"},{\"@type\":\"ListItem\",\"position\":2,\"name\":\"La DGF d\u00e9voile son plan pour la saison estivale: Des drones et des capteurs de chaleur pour se pr\u00e9munir des incendies\"}]},{\"@type\":\"WebSite\",\"@id\":\"https:\\\/\\\/lasentinelle.dz\\\/#website\",\"url\":\"https:\\\/\\\/lasentinelle.dz\\\/\",\"name\":\"La Sentinelle\",\"description\":\"Quotidien national d&#039;information\",\"publisher\":{\"@id\":\"https:\\\/\\\/lasentinelle.dz\\\/#organization\"},\"potentialAction\":[{\"@type\":\"SearchAction\",\"target\":{\"@type\":\"EntryPoint\",\"urlTemplate\":\"https:\\\/\\\/lasentinelle.dz\\\/?s={search_term_string}\"},\"query-input\":{\"@type\":\"PropertyValueSpecification\",\"valueRequired\":true,\"valueName\":\"search_term_string\"}}],\"inLanguage\":\"fr-FR\"},{\"@type\":\"Organization\",\"@id\":\"https:\\\/\\\/lasentinelle.dz\\\/#organization\",\"name\":\"Quotidien La Sentinelle\",\"url\":\"https:\\\/\\\/lasentinelle.dz\\\/\",\"logo\":{\"@type\":\"ImageObject\",\"inLanguage\":\"fr-FR\",\"@id\":\"https:\\\/\\\/lasentinelle.dz\\\/#\\\/schema\\\/logo\\\/image\\\/\",\"url\":\"https:\\\/\\\/lasentinelle.dz\\\/wp-content\\\/uploads\\\/2021\\\/09\\\/logo-sentinelleSLOGAN-1.png\",\"contentUrl\":\"https:\\\/\\\/lasentinelle.dz\\\/wp-content\\\/uploads\\\/2021\\\/09\\\/logo-sentinelleSLOGAN-1.png\",\"width\":615,\"height\":142,\"caption\":\"Quotidien La Sentinelle\"},\"image\":{\"@id\":\"https:\\\/\\\/lasentinelle.dz\\\/#\\\/schema\\\/logo\\\/image\\\/\"},\"sameAs\":[\"https:\\\/\\\/www.facebook.com\\\/La-Sentinelle-104059864394773\"]},{\"@type\":\"Person\",\"@id\":\"https:\\\/\\\/lasentinelle.dz\\\/#\\\/schema\\\/person\\\/729ee0024f24e0b8c5ec17232f8e8b41\",\"name\":\"admin\",\"image\":{\"@type\":\"ImageObject\",\"inLanguage\":\"fr-FR\",\"@id\":\"https:\\\/\\\/secure.gravatar.com\\\/avatar\\\/4c81fed838786e9b53f540bf46533e750f5d292099ae3b66cfc6fb1982e29df7?s=96&d=mm&r=g\",\"url\":\"https:\\\/\\\/secure.gravatar.com\\\/avatar\\\/4c81fed838786e9b53f540bf46533e750f5d292099ae3b66cfc6fb1982e29df7?s=96&d=mm&r=g\",\"contentUrl\":\"https:\\\/\\\/secure.gravatar.com\\\/avatar\\\/4c81fed838786e9b53f540bf46533e750f5d292099ae3b66cfc6fb1982e29df7?s=96&d=mm&r=g\",\"caption\":\"admin\"},\"description\":\"admin\",\"url\":\"https:\\\/\\\/lasentinelle.dz\\\/author\\\/admin\\\/\"}]}<\/script>\n<!-- \/ Yoast SEO plugin. -->","yoast_head_json":{"title":"La DGF d\u00e9voile son plan pour la saison estivale: Des drones et des capteurs de chaleur pour se pr\u00e9munir des incendies - La Sentinelle","robots":{"index":"index","follow":"follow","max-snippet":"max-snippet:-1","max-image-preview":"max-image-preview:large","max-video-preview":"max-video-preview:-1"},"canonical":"https:\/\/lasentinelle.dz\/index.php\/2025\/05\/26\/la-dgf-devoile-son-plan-pour-la-saison-estivale-des-drones-et-des-capteurs-de-chaleur-pour-se-premunir-des-incendies\/","og_locale":"fr_FR","og_type":"article","og_title":"La DGF d\u00e9voile son plan pour la saison estivale: Des drones et des capteurs de chaleur pour se pr\u00e9munir des incendies - La Sentinelle","og_description":"Alors que la saison estivale approche, la Direction g\u00e9n\u00e9rale des for\u00eats (DGF) a activ\u00e9 d\u00e8s le 1er mai son plan","og_url":"https:\/\/lasentinelle.dz\/index.php\/2025\/05\/26\/la-dgf-devoile-son-plan-pour-la-saison-estivale-des-drones-et-des-capteurs-de-chaleur-pour-se-premunir-des-incendies\/","og_site_name":"La Sentinelle","article_publisher":"https:\/\/www.facebook.com\/La-Sentinelle-104059864394773","article_published_time":"2025-05-26T11:00:21+00:00","og_image":[{"width":1240,"height":696,"url":"https:\/\/lasentinelle.dz\/wp-content\/uploads\/2024\/05\/drone-feux.webp","type":"image\/webp"}],"author":"admin","twitter_card":"summary_large_image","twitter_misc":{"\u00c9crit par":"admin","Dur\u00e9e de lecture estim\u00e9e":"5 minutes"},"schema":{"@context":"https:\/\/schema.org","@graph":[{"@type":"Article","@id":"https:\/\/lasentinelle.dz\/index.php\/2025\/05\/26\/la-dgf-devoile-son-plan-pour-la-saison-estivale-des-drones-et-des-capteurs-de-chaleur-pour-se-premunir-des-incendies\/#article","isPartOf":{"@id":"https:\/\/lasentinelle.dz\/index.php\/2025\/05\/26\/la-dgf-devoile-son-plan-pour-la-saison-estivale-des-drones-et-des-capteurs-de-chaleur-pour-se-premunir-des-incendies\/"},"author":{"name":"admin","@id":"https:\/\/lasentinelle.dz\/#\/schema\/person\/729ee0024f24e0b8c5ec17232f8e8b41"},"headline":"La DGF d\u00e9voile son plan pour la saison estivale: Des drones et des capteurs de chaleur pour se pr\u00e9munir des incendies","datePublished":"2025-05-26T11:00:21+00:00","mainEntityOfPage":{"@id":"https:\/\/lasentinelle.dz\/index.php\/2025\/05\/26\/la-dgf-devoile-son-plan-pour-la-saison-estivale-des-drones-et-des-capteurs-de-chaleur-pour-se-premunir-des-incendies\/"},"wordCount":984,"commentCount":0,"publisher":{"@id":"https:\/\/lasentinelle.dz\/#organization"},"image":{"@id":"https:\/\/lasentinelle.dz\/index.php\/2025\/05\/26\/la-dgf-devoile-son-plan-pour-la-saison-estivale-des-drones-et-des-capteurs-de-chaleur-pour-se-premunir-des-incendies\/#primaryimage"},"thumbnailUrl":"https:\/\/lasentinelle.dz\/wp-content\/uploads\/2024\/05\/drone-feux.webp","articleSection":["Actualit\u00e9"],"inLanguage":"fr-FR","potentialAction":[{"@type":"CommentAction","name":"Comment","target":["https:\/\/lasentinelle.dz\/index.php\/2025\/05\/26\/la-dgf-devoile-son-plan-pour-la-saison-estivale-des-drones-et-des-capteurs-de-chaleur-pour-se-premunir-des-incendies\/#respond"]}]},{"@type":"WebPage","@id":"https:\/\/lasentinelle.dz\/index.php\/2025\/05\/26\/la-dgf-devoile-son-plan-pour-la-saison-estivale-des-drones-et-des-capteurs-de-chaleur-pour-se-premunir-des-incendies\/","url":"https:\/\/lasentinelle.dz\/index.php\/2025\/05\/26\/la-dgf-devoile-son-plan-pour-la-saison-estivale-des-drones-et-des-capteurs-de-chaleur-pour-se-premunir-des-incendies\/","name":"La DGF d\u00e9voile son plan pour la saison estivale: Des drones et des capteurs de chaleur pour se pr\u00e9munir des incendies - La Sentinelle","isPartOf":{"@id":"https:\/\/lasentinelle.dz\/#website"},"primaryImageOfPage":{"@id":"https:\/\/lasentinelle.dz\/index.php\/2025\/05\/26\/la-dgf-devoile-son-plan-pour-la-saison-estivale-des-drones-et-des-capteurs-de-chaleur-pour-se-premunir-des-incendies\/#primaryimage"},"image":{"@id":"https:\/\/lasentinelle.dz\/index.php\/2025\/05\/26\/la-dgf-devoile-son-plan-pour-la-saison-estivale-des-drones-et-des-capteurs-de-chaleur-pour-se-premunir-des-incendies\/#primaryimage"},"thumbnailUrl":"https:\/\/lasentinelle.dz\/wp-content\/uploads\/2024\/05\/drone-feux.webp","datePublished":"2025-05-26T11:00:21+00:00","breadcrumb":{"@id":"https:\/\/lasentinelle.dz\/index.php\/2025\/05\/26\/la-dgf-devoile-son-plan-pour-la-saison-estivale-des-drones-et-des-capteurs-de-chaleur-pour-se-premunir-des-incendies\/#breadcrumb"},"inLanguage":"fr-FR","potentialAction":[{"@type":"ReadAction","target":["https:\/\/lasentinelle.dz\/index.php\/2025\/05\/26\/la-dgf-devoile-son-plan-pour-la-saison-estivale-des-drones-et-des-capteurs-de-chaleur-pour-se-premunir-des-incendies\/"]}]},{"@type":"ImageObject","inLanguage":"fr-FR","@id":"https:\/\/lasentinelle.dz\/index.php\/2025\/05\/26\/la-dgf-devoile-son-plan-pour-la-saison-estivale-des-drones-et-des-capteurs-de-chaleur-pour-se-premunir-des-incendies\/#primaryimage","url":"https:\/\/lasentinelle.dz\/wp-content\/uploads\/2024\/05\/drone-feux.webp","contentUrl":"https:\/\/lasentinelle.dz\/wp-content\/uploads\/2024\/05\/drone-feux.webp","width":1240,"height":696},{"@type":"BreadcrumbList","@id":"https:\/\/lasentinelle.dz\/index.php\/2025\/05\/26\/la-dgf-devoile-son-plan-pour-la-saison-estivale-des-drones-et-des-capteurs-de-chaleur-pour-se-premunir-des-incendies\/#breadcrumb","itemListElement":[{"@type":"ListItem","position":1,"name":"Accueil","item":"https:\/\/lasentinelle.dz\/"},{"@type":"ListItem","position":2,"name":"La DGF d\u00e9voile son plan pour la saison estivale: Des drones et des capteurs de chaleur pour se pr\u00e9munir des incendies"}]},{"@type":"WebSite","@id":"https:\/\/lasentinelle.dz\/#website","url":"https:\/\/lasentinelle.dz\/","name":"La Sentinelle","description":"Quotidien national d&#039;information","publisher":{"@id":"https:\/\/lasentinelle.dz\/#organization"},"potentialAction":[{"@type":"SearchAction","target":{"@type":"EntryPoint","urlTemplate":"https:\/\/lasentinelle.dz\/?s={search_term_string}"},"query-input":{"@type":"PropertyValueSpecification","valueRequired":true,"valueName":"search_term_string"}}],"inLanguage":"fr-FR"},{"@type":"Organization","@id":"https:\/\/lasentinelle.dz\/#organization","name":"Quotidien La Sentinelle","url":"https:\/\/lasentinelle.dz\/","logo":{"@type":"ImageObject","inLanguage":"fr-FR","@id":"https:\/\/lasentinelle.dz\/#\/schema\/logo\/image\/","url":"https:\/\/lasentinelle.dz\/wp-content\/uploads\/2021\/09\/logo-sentinelleSLOGAN-1.png","contentUrl":"https:\/\/lasentinelle.dz\/wp-content\/uploads\/2021\/09\/logo-sentinelleSLOGAN-1.png","width":615,"height":142,"caption":"Quotidien La Sentinelle"},"image":{"@id":"https:\/\/lasentinelle.dz\/#\/schema\/logo\/image\/"},"sameAs":["https:\/\/www.facebook.com\/La-Sentinelle-104059864394773"]},{"@type":"Person","@id":"https:\/\/lasentinelle.dz\/#\/schema\/person\/729ee0024f24e0b8c5ec17232f8e8b41","name":"admin","image":{"@type":"ImageObject","inLanguage":"fr-FR","@id":"https:\/\/secure.gravatar.com\/avatar\/4c81fed838786e9b53f540bf46533e750f5d292099ae3b66cfc6fb1982e29df7?s=96&d=mm&r=g","url":"https:\/\/secure.gravatar.com\/avatar\/4c81fed838786e9b53f540bf46533e750f5d292099ae3b66cfc6fb1982e29df7?s=96&d=mm&r=g","contentUrl":"https:\/\/secure.gravatar.com\/avatar\/4c81fed838786e9b53f540bf46533e750f5d292099ae3b66cfc6fb1982e29df7?s=96&d=mm&r=g","caption":"admin"},"description":"admin","url":"https:\/\/lasentinelle.dz\/author\/admin\/"}]}},"_links":{"self":[{"href":"https:\/\/lasentinelle.dz\/index.php\/wp-json\/wp\/v2\/posts\/67929","targetHints":{"allow":["GET"]}}],"collection":[{"href":"https:\/\/lasentinelle.dz\/index.php\/wp-json\/wp\/v2\/posts"}],"about":[{"href":"https:\/\/lasentinelle.dz\/index.php\/wp-json\/wp\/v2\/types\/post"}],"author":[{"embeddable":true,"href":"https:\/\/lasentinelle.dz\/index.php\/wp-json\/wp\/v2\/users\/6"}],"replies":[{"embeddable":true,"href":"https:\/\/lasentinelle.dz\/index.php\/wp-json\/wp\/v2\/comments?post=67929"}],"version-history":[{"count":1,"href":"https:\/\/lasentinelle.dz\/index.php\/wp-json\/wp\/v2\/posts\/67929\/revisions"}],"predecessor-version":[{"id":67930,"href":"https:\/\/lasentinelle.dz\/index.php\/wp-json\/wp\/v2\/posts\/67929\/revisions\/67930"}],"wp:featuredmedia":[{"embeddable":true,"href":"https:\/\/lasentinelle.dz\/index.php\/wp-json\/wp\/v2\/media\/52084"}],"wp:attachment":[{"href":"https:\/\/lasentinelle.dz\/index.php\/wp-json\/wp\/v2\/media?parent=67929"}],"wp:term":[{"taxonomy":"category","embeddable":true,"href":"https:\/\/lasentinelle.dz\/index.php\/wp-json\/wp\/v2\/categories?post=67929"},{"taxonomy":"post_tag","embeddable":true,"href":"https:\/\/lasentinelle.dz\/index.php\/wp-json\/wp\/v2\/tags?post=67929"}],"curies":[{"name":"wp","href":"https:\/\/api.w.org\/{rel}","templated":true}]}}