{"id":67931,"date":"2025-05-26T12:00:57","date_gmt":"2025-05-26T11:00:57","guid":{"rendered":"https:\/\/lasentinelle.dz\/?p=67931"},"modified":"2025-05-26T12:00:58","modified_gmt":"2025-05-26T11:00:58","slug":"laec-veut-integrer-jusqua-35-denr-dans-les-futures-stations-concilier-securite-energetique-et-hydrique","status":"publish","type":"post","link":"https:\/\/lasentinelle.dz\/index.php\/2025\/05\/26\/laec-veut-integrer-jusqua-35-denr-dans-les-futures-stations-concilier-securite-energetique-et-hydrique\/","title":{"rendered":"L&rsquo;AEC veut int\u00e9grer jusqu&rsquo;\u00e0 35% d&rsquo;ENR dans les futures stations: Concilier s\u00e9curit\u00e9 \u00e9nerg\u00e9tique et hydrique"},"content":{"rendered":"\n<p>Fini le temps o\u00f9 dessaler l&rsquo;eau de mer rimait avec gaspillage \u00e9nerg\u00e9tique. L&rsquo;Alg\u00e9rie veut bouleverser les codes du secteur en annon\u00e7ant une innovation : int\u00e9grer jusqu&rsquo;\u00e0 35% d&rsquo;\u00e9nergies renouvelables dans ses futures stations de dessalement. Cette r\u00e9volution verte propulse le pays au rang de champion africain du dessalement tout en r\u00e9conciliant soif de d\u00e9veloppement et respect de l&rsquo;environnement.<\/p>\n\n\n\n<p>La soci\u00e9t\u00e9 Algerian Energy Company (AEC), filiale sp\u00e9cialis\u00e9e du groupe Sonatrach, pilote cette mutation technologique avec une approche r\u00e9solument innovante. Sofiane Zamiche, directeur du d\u00e9veloppement \u00e0 l&rsquo;AEC, a r\u00e9v\u00e9l\u00e9 hier lors d&rsquo;une intervention sur les ondes de la Radio alg\u00e9rienne que l&rsquo;entreprise \u00ab\u00a0pr\u00e9voit d&rsquo;int\u00e9grer entre 30 et 35 % d&rsquo;\u00e9nergies renouvelables dans les six nouvelles stations de dessalement de l&rsquo;eau de mer, actuellement en cours de maturation\u00a0\u00bb. Cette proportion in\u00e9dite dans le secteur du dessalement positionne l&rsquo;Alg\u00e9rie parmi les pr\u00e9curseurs mondiaux de l&rsquo;\u00e9co-dessalement, une approche qui pourrait faire \u00e9cole dans d&rsquo;autres pays confront\u00e9s au stress hydrique.<\/p>\n\n\n\n<p>L&rsquo;ambition \u00e9cologique de ces futurs projets s&rsquo;inscrit dans une d\u00e9marche globale de durabilit\u00e9. \u00ab\u00a0Parmi les mesures adopt\u00e9es dans la r\u00e9alisation des futurs projets, nous avons d\u00e9cid\u00e9 d&rsquo;int\u00e9grer 30 \u00e0 35 % d&rsquo;\u00e9nergies renouvelables dans les stations de dessalement\u00a0\u00bb, a d\u00e9clar\u00e9 M. Zamiche, soulignant que cette orientation vise \u00e0 \u00ab\u00a0r\u00e9duire la consommation d&rsquo;\u00e9lectricit\u00e9 conventionnelle, \u00e0 diminuer l&#8217;empreinte carbone et \u00e0 inscrire ces projets dans la dynamique nationale de transition \u00e9nerg\u00e9tique\u00a0\u00bb. Cette approche r\u00e9volutionnaire transforme le dessalement, traditionnellement \u00e9nergivore, en un processus partiellement aliment\u00e9 par l&rsquo;\u00e9nergie solaire et \u00e9olienne, cr\u00e9ant un cercle vertueux entre ressources naturelles et besoins hydriques. La strat\u00e9gie adopt\u00e9e par l&rsquo;AEC t\u00e9moigne d&rsquo;une vision int\u00e9gr\u00e9e de l&rsquo;ing\u00e9nierie moderne. Les appels d&rsquo;offres pour la r\u00e9alisation des six nouvelles stations imposeront, selon M. Zamiche, \u00ab\u00a0\u00e0 travers leurs cahiers de charges, la r\u00e9alisation de fermes d&rsquo;\u00e9nergies photovolta\u00efques\/\u00e9olienne pour diminuer le co\u00fbt \u00e9lev\u00e9 de la consommation \u00e9nerg\u00e9tique, et ce, dans le cadre d&rsquo;un projet int\u00e9gr\u00e9 sous la formule EPC (Engineering, Procurement and Construction)\u00a0\u00bb. Cette approche globale garantit une coh\u00e9rence technique et \u00e9conomique optimale, transformant chaque station en v\u00e9ritable \u00e9cosyst\u00e8me \u00e9nerg\u00e9tique autonome.<\/p>\n\n\n\n<p>Le programme en cours de maturation concerne six nouvelles installations d&rsquo;envergure. \u00ab\u00a0Nous sommes actuellement dans la phase de maturation des six nouvelles stations, d&rsquo;une capacit\u00e9 de 300.000 m3 chacune, qui seront implant\u00e9es dans les wilayas de Skikda, Jijel, Tizi Ouzou, Chlef, Mostaganem et Tlemcen\u00a0\u00bb, a pr\u00e9cis\u00e9 le responsable de l&rsquo;AEC. Cette r\u00e9partition g\u00e9ographique strat\u00e9gique vise \u00e0 couvrir l&rsquo;ensemble du littoral alg\u00e9rien, garantissant un approvisionnement \u00e9quilibr\u00e9 et r\u00e9duisant les co\u00fbts de transport de l&rsquo;eau dessal\u00e9e vers les zones de consommation.<\/p>\n\n\n\n<p>Ces futures installations s&rsquo;ajoutent \u00e0 un parc d\u00e9j\u00e0 impressionnant qui positionne l&rsquo;Alg\u00e9rie au sommet continental. Avec la r\u00e9ception actuelle des cinq nouvelles stations de dessalement, l&rsquo;Alg\u00e9rie devient \u00ab\u00a0premier pays investisseur dans cette technologie au niveau africain, deuxi\u00e8me au niveau arabe et dans le bassin m\u00e9diterran\u00e9en\u00a0\u00bb et atteint \u00ab\u00a0une capacit\u00e9 totale de 3,75 millions de m\u00e8tres cubes jour d&rsquo;eau dessal\u00e9e\u00a0\u00bb, selon M. Zamiche. Les cinq stations, d&rsquo;une capacit\u00e9 de 300.000 m\u00e8tres cubes par jour chacune, concernent \u00ab\u00a0les villes de El Taref, B\u00e9ja\u00efa, Boumerd\u00e8s, Tipaza et Oran\u00a0\u00bb, ajoutant \u00ab\u00a0un total de 1,5 million de m\u00e8tres cubes qui vient s&rsquo;ajouter \u00e0 la capacit\u00e9 d\u00e9j\u00e0 install\u00e9e\u00a0\u00bb.<\/p>\n\n\n\n<p>Cette mont\u00e9e en puissance transforme radicalement l&rsquo;\u00e9quilibre hydrique national. \u00ab\u00a0Avec ces nouvelles quantit\u00e9s, le mix (eau conventionnelle \u2013 eau dessal\u00e9e) passe de 18% \u00e0 42%\u00a0\u00bb, r\u00e9v\u00e8le le directeur de d\u00e9veloppement de l&rsquo;AEC. L&rsquo;objectif \u00e0 moyen terme est encore plus ambitieux. Ces nouvelles stations \u00ab\u00a0devront augmenter la contribution de dessalement de l&rsquo;eau de mer \u00e0 l&rsquo;horizon 2030 de 42% \u00e0 60% du volume global de l&rsquo;eau potable\u00a0\u00bb, transformant le dessalement en source majoritaire d&rsquo;approvisionnement hydrique du pays. Cette mutation place l&rsquo;Alg\u00e9rie parmi les nations les plus avanc\u00e9es dans la ma\u00eetrise technologique du dessalement \u00e0 grande \u00e9chelle.<\/p>\n\n\n\n<p>Toutefois, la mise en service de ces capacit\u00e9s suppl\u00e9mentaires n\u00e9cessite une coordination fine avec les infrastructures existantes. M. Zamiche pr\u00e9cise que \u00ab\u00a0la r\u00e9ception de ces quantit\u00e9s par les consommateurs finaux que sont nos concitoyens se fera de mani\u00e8re progressive et est tributaire de deux facteurs\u00a0\u00bb. D&rsquo;abord, \u00ab\u00a0c&rsquo;est \u00e0 la demande de l&rsquo;ADE que des quantit\u00e9s pr\u00e9cises sont lib\u00e9r\u00e9es\u00a0\u00bb. L&rsquo;op\u00e9ration reste ensuite \u00ab\u00a0conditionn\u00e9e par l&rsquo;\u00e9tat du r\u00e9seau de distribution de l&rsquo;eau potable appel\u00e9 \u00e0 supporter les quantit\u00e9s inject\u00e9es\u00a0\u00bb.<\/p>\n\n\n\n<p>Amar Malki<\/p>\n","protected":false},"excerpt":{"rendered":"<p>Fini le temps o\u00f9 dessaler l&rsquo;eau de mer rimait avec gaspillage \u00e9nerg\u00e9tique. L&rsquo;Alg\u00e9rie veut bouleverser les codes du secteur en<\/p>\n","protected":false},"author":6,"featured_media":63460,"comment_status":"open","ping_status":"closed","sticky":false,"template":"","format":"standard","meta":{"colormag_page_container_layout":"default_layout","colormag_page_sidebar_layout":"default_layout","om_disable_all_campaigns":false,"_monsterinsights_skip_tracking":false,"_monsterinsights_sitenote_active":false,"_monsterinsights_sitenote_note":"","_monsterinsights_sitenote_category":0,"footnotes":"","_wpscppro_dont_share_socialmedia":false,"_wpscppro_custom_social_share_image":0,"_facebook_share_type":"default","_twitter_share_type":"default","_linkedin_share_type":"default","_pinterest_share_type":"default","_linkedin_share_type_page":"","_instagram_share_type":"default","_medium_share_type":"default","_threads_share_type":"","_google_business_share_type":"","_selected_social_profile":[],"_wpsp_enable_custom_social_template":false,"_wpsp_social_scheduling":{"enabled":false,"datetime":null,"platforms":[],"status":"template_only","dateOption":"today","timeOption":"now","customDays":"","customHours":"","customDate":"","customTime":"","schedulingType":"absolute"},"_wpsp_active_default_template":true},"categories":[52,27],"tags":[],"class_list":["post-67931","post","type-post","status-publish","format-standard","has-post-thumbnail","hentry","category-a-la-une","category-actualite"],"aioseo_notices":[],"yoast_head":"<!-- This site is optimized with the Yoast SEO plugin v27.4 - https:\/\/yoast.com\/product\/yoast-seo-wordpress\/ -->\n<title>L&rsquo;AEC veut int\u00e9grer jusqu&rsquo;\u00e0 35% d&rsquo;ENR dans les futures stations: Concilier s\u00e9curit\u00e9 \u00e9nerg\u00e9tique et hydrique - La Sentinelle<\/title>\n<meta name=\"robots\" content=\"index, follow, max-snippet:-1, max-image-preview:large, max-video-preview:-1\" \/>\n<link rel=\"canonical\" href=\"https:\/\/lasentinelle.dz\/index.php\/2025\/05\/26\/laec-veut-integrer-jusqua-35-denr-dans-les-futures-stations-concilier-securite-energetique-et-hydrique\/\" \/>\n<meta property=\"og:locale\" content=\"fr_FR\" \/>\n<meta property=\"og:type\" content=\"article\" \/>\n<meta property=\"og:title\" content=\"L&rsquo;AEC veut int\u00e9grer jusqu&rsquo;\u00e0 35% d&rsquo;ENR dans les futures stations: Concilier s\u00e9curit\u00e9 \u00e9nerg\u00e9tique et hydrique - La Sentinelle\" \/>\n<meta property=\"og:description\" content=\"Fini le temps o\u00f9 dessaler l&rsquo;eau de mer rimait avec gaspillage \u00e9nerg\u00e9tique. L&rsquo;Alg\u00e9rie veut bouleverser les codes du secteur en\" \/>\n<meta property=\"og:url\" content=\"https:\/\/lasentinelle.dz\/index.php\/2025\/05\/26\/laec-veut-integrer-jusqua-35-denr-dans-les-futures-stations-concilier-securite-energetique-et-hydrique\/\" \/>\n<meta property=\"og:site_name\" content=\"La Sentinelle\" \/>\n<meta property=\"article:publisher\" content=\"https:\/\/www.facebook.com\/La-Sentinelle-104059864394773\" \/>\n<meta property=\"article:published_time\" content=\"2025-05-26T11:00:57+00:00\" \/>\n<meta property=\"article:modified_time\" content=\"2025-05-26T11:00:58+00:00\" \/>\n<meta property=\"og:image\" content=\"https:\/\/lasentinelle.dz\/wp-content\/uploads\/2025\/02\/station.jpg\" \/>\n\t<meta property=\"og:image:width\" content=\"745\" \/>\n\t<meta property=\"og:image:height\" content=\"470\" \/>\n\t<meta property=\"og:image:type\" content=\"image\/jpeg\" \/>\n<meta name=\"author\" content=\"admin\" \/>\n<meta name=\"twitter:card\" content=\"summary_large_image\" \/>\n<meta name=\"twitter:label1\" content=\"\u00c9crit par\" \/>\n\t<meta name=\"twitter:data1\" content=\"admin\" \/>\n\t<meta name=\"twitter:label2\" content=\"Dur\u00e9e de lecture estim\u00e9e\" \/>\n\t<meta name=\"twitter:data2\" content=\"4 minutes\" \/>\n<script type=\"application\/ld+json\" class=\"yoast-schema-graph\">{\"@context\":\"https:\\\/\\\/schema.org\",\"@graph\":[{\"@type\":\"Article\",\"@id\":\"https:\\\/\\\/lasentinelle.dz\\\/index.php\\\/2025\\\/05\\\/26\\\/laec-veut-integrer-jusqua-35-denr-dans-les-futures-stations-concilier-securite-energetique-et-hydrique\\\/#article\",\"isPartOf\":{\"@id\":\"https:\\\/\\\/lasentinelle.dz\\\/index.php\\\/2025\\\/05\\\/26\\\/laec-veut-integrer-jusqua-35-denr-dans-les-futures-stations-concilier-securite-energetique-et-hydrique\\\/\"},\"author\":{\"name\":\"admin\",\"@id\":\"https:\\\/\\\/lasentinelle.dz\\\/#\\\/schema\\\/person\\\/729ee0024f24e0b8c5ec17232f8e8b41\"},\"headline\":\"L&rsquo;AEC veut int\u00e9grer jusqu&rsquo;\u00e0 35% d&rsquo;ENR dans les futures stations: Concilier s\u00e9curit\u00e9 \u00e9nerg\u00e9tique et hydrique\",\"datePublished\":\"2025-05-26T11:00:57+00:00\",\"dateModified\":\"2025-05-26T11:00:58+00:00\",\"mainEntityOfPage\":{\"@id\":\"https:\\\/\\\/lasentinelle.dz\\\/index.php\\\/2025\\\/05\\\/26\\\/laec-veut-integrer-jusqua-35-denr-dans-les-futures-stations-concilier-securite-energetique-et-hydrique\\\/\"},\"wordCount\":824,\"commentCount\":0,\"publisher\":{\"@id\":\"https:\\\/\\\/lasentinelle.dz\\\/#organization\"},\"image\":{\"@id\":\"https:\\\/\\\/lasentinelle.dz\\\/index.php\\\/2025\\\/05\\\/26\\\/laec-veut-integrer-jusqua-35-denr-dans-les-futures-stations-concilier-securite-energetique-et-hydrique\\\/#primaryimage\"},\"thumbnailUrl\":\"https:\\\/\\\/lasentinelle.dz\\\/wp-content\\\/uploads\\\/2025\\\/02\\\/station.jpg\",\"articleSection\":[\"\u00c0 la Une\",\"Actualit\u00e9\"],\"inLanguage\":\"fr-FR\",\"potentialAction\":[{\"@type\":\"CommentAction\",\"name\":\"Comment\",\"target\":[\"https:\\\/\\\/lasentinelle.dz\\\/index.php\\\/2025\\\/05\\\/26\\\/laec-veut-integrer-jusqua-35-denr-dans-les-futures-stations-concilier-securite-energetique-et-hydrique\\\/#respond\"]}]},{\"@type\":\"WebPage\",\"@id\":\"https:\\\/\\\/lasentinelle.dz\\\/index.php\\\/2025\\\/05\\\/26\\\/laec-veut-integrer-jusqua-35-denr-dans-les-futures-stations-concilier-securite-energetique-et-hydrique\\\/\",\"url\":\"https:\\\/\\\/lasentinelle.dz\\\/index.php\\\/2025\\\/05\\\/26\\\/laec-veut-integrer-jusqua-35-denr-dans-les-futures-stations-concilier-securite-energetique-et-hydrique\\\/\",\"name\":\"L&rsquo;AEC veut int\u00e9grer jusqu&rsquo;\u00e0 35% d&rsquo;ENR dans les futures stations: Concilier s\u00e9curit\u00e9 \u00e9nerg\u00e9tique et hydrique - La Sentinelle\",\"isPartOf\":{\"@id\":\"https:\\\/\\\/lasentinelle.dz\\\/#website\"},\"primaryImageOfPage\":{\"@id\":\"https:\\\/\\\/lasentinelle.dz\\\/index.php\\\/2025\\\/05\\\/26\\\/laec-veut-integrer-jusqua-35-denr-dans-les-futures-stations-concilier-securite-energetique-et-hydrique\\\/#primaryimage\"},\"image\":{\"@id\":\"https:\\\/\\\/lasentinelle.dz\\\/index.php\\\/2025\\\/05\\\/26\\\/laec-veut-integrer-jusqua-35-denr-dans-les-futures-stations-concilier-securite-energetique-et-hydrique\\\/#primaryimage\"},\"thumbnailUrl\":\"https:\\\/\\\/lasentinelle.dz\\\/wp-content\\\/uploads\\\/2025\\\/02\\\/station.jpg\",\"datePublished\":\"2025-05-26T11:00:57+00:00\",\"dateModified\":\"2025-05-26T11:00:58+00:00\",\"breadcrumb\":{\"@id\":\"https:\\\/\\\/lasentinelle.dz\\\/index.php\\\/2025\\\/05\\\/26\\\/laec-veut-integrer-jusqua-35-denr-dans-les-futures-stations-concilier-securite-energetique-et-hydrique\\\/#breadcrumb\"},\"inLanguage\":\"fr-FR\",\"potentialAction\":[{\"@type\":\"ReadAction\",\"target\":[\"https:\\\/\\\/lasentinelle.dz\\\/index.php\\\/2025\\\/05\\\/26\\\/laec-veut-integrer-jusqua-35-denr-dans-les-futures-stations-concilier-securite-energetique-et-hydrique\\\/\"]}]},{\"@type\":\"ImageObject\",\"inLanguage\":\"fr-FR\",\"@id\":\"https:\\\/\\\/lasentinelle.dz\\\/index.php\\\/2025\\\/05\\\/26\\\/laec-veut-integrer-jusqua-35-denr-dans-les-futures-stations-concilier-securite-energetique-et-hydrique\\\/#primaryimage\",\"url\":\"https:\\\/\\\/lasentinelle.dz\\\/wp-content\\\/uploads\\\/2025\\\/02\\\/station.jpg\",\"contentUrl\":\"https:\\\/\\\/lasentinelle.dz\\\/wp-content\\\/uploads\\\/2025\\\/02\\\/station.jpg\",\"width\":745,\"height\":470},{\"@type\":\"BreadcrumbList\",\"@id\":\"https:\\\/\\\/lasentinelle.dz\\\/index.php\\\/2025\\\/05\\\/26\\\/laec-veut-integrer-jusqua-35-denr-dans-les-futures-stations-concilier-securite-energetique-et-hydrique\\\/#breadcrumb\",\"itemListElement\":[{\"@type\":\"ListItem\",\"position\":1,\"name\":\"Accueil\",\"item\":\"https:\\\/\\\/lasentinelle.dz\\\/\"},{\"@type\":\"ListItem\",\"position\":2,\"name\":\"L&rsquo;AEC veut int\u00e9grer jusqu&rsquo;\u00e0 35% d&rsquo;ENR dans les futures stations: Concilier s\u00e9curit\u00e9 \u00e9nerg\u00e9tique et hydrique\"}]},{\"@type\":\"WebSite\",\"@id\":\"https:\\\/\\\/lasentinelle.dz\\\/#website\",\"url\":\"https:\\\/\\\/lasentinelle.dz\\\/\",\"name\":\"La Sentinelle\",\"description\":\"Quotidien national d&#039;information\",\"publisher\":{\"@id\":\"https:\\\/\\\/lasentinelle.dz\\\/#organization\"},\"potentialAction\":[{\"@type\":\"SearchAction\",\"target\":{\"@type\":\"EntryPoint\",\"urlTemplate\":\"https:\\\/\\\/lasentinelle.dz\\\/?s={search_term_string}\"},\"query-input\":{\"@type\":\"PropertyValueSpecification\",\"valueRequired\":true,\"valueName\":\"search_term_string\"}}],\"inLanguage\":\"fr-FR\"},{\"@type\":\"Organization\",\"@id\":\"https:\\\/\\\/lasentinelle.dz\\\/#organization\",\"name\":\"Quotidien La Sentinelle\",\"url\":\"https:\\\/\\\/lasentinelle.dz\\\/\",\"logo\":{\"@type\":\"ImageObject\",\"inLanguage\":\"fr-FR\",\"@id\":\"https:\\\/\\\/lasentinelle.dz\\\/#\\\/schema\\\/logo\\\/image\\\/\",\"url\":\"https:\\\/\\\/lasentinelle.dz\\\/wp-content\\\/uploads\\\/2021\\\/09\\\/logo-sentinelleSLOGAN-1.png\",\"contentUrl\":\"https:\\\/\\\/lasentinelle.dz\\\/wp-content\\\/uploads\\\/2021\\\/09\\\/logo-sentinelleSLOGAN-1.png\",\"width\":615,\"height\":142,\"caption\":\"Quotidien La Sentinelle\"},\"image\":{\"@id\":\"https:\\\/\\\/lasentinelle.dz\\\/#\\\/schema\\\/logo\\\/image\\\/\"},\"sameAs\":[\"https:\\\/\\\/www.facebook.com\\\/La-Sentinelle-104059864394773\"]},{\"@type\":\"Person\",\"@id\":\"https:\\\/\\\/lasentinelle.dz\\\/#\\\/schema\\\/person\\\/729ee0024f24e0b8c5ec17232f8e8b41\",\"name\":\"admin\",\"image\":{\"@type\":\"ImageObject\",\"inLanguage\":\"fr-FR\",\"@id\":\"https:\\\/\\\/secure.gravatar.com\\\/avatar\\\/4c81fed838786e9b53f540bf46533e750f5d292099ae3b66cfc6fb1982e29df7?s=96&d=mm&r=g\",\"url\":\"https:\\\/\\\/secure.gravatar.com\\\/avatar\\\/4c81fed838786e9b53f540bf46533e750f5d292099ae3b66cfc6fb1982e29df7?s=96&d=mm&r=g\",\"contentUrl\":\"https:\\\/\\\/secure.gravatar.com\\\/avatar\\\/4c81fed838786e9b53f540bf46533e750f5d292099ae3b66cfc6fb1982e29df7?s=96&d=mm&r=g\",\"caption\":\"admin\"},\"description\":\"admin\",\"url\":\"https:\\\/\\\/lasentinelle.dz\\\/author\\\/admin\\\/\"}]}<\/script>\n<!-- \/ Yoast SEO plugin. -->","yoast_head_json":{"title":"L&rsquo;AEC veut int\u00e9grer jusqu&rsquo;\u00e0 35% d&rsquo;ENR dans les futures stations: Concilier s\u00e9curit\u00e9 \u00e9nerg\u00e9tique et hydrique - La Sentinelle","robots":{"index":"index","follow":"follow","max-snippet":"max-snippet:-1","max-image-preview":"max-image-preview:large","max-video-preview":"max-video-preview:-1"},"canonical":"https:\/\/lasentinelle.dz\/index.php\/2025\/05\/26\/laec-veut-integrer-jusqua-35-denr-dans-les-futures-stations-concilier-securite-energetique-et-hydrique\/","og_locale":"fr_FR","og_type":"article","og_title":"L&rsquo;AEC veut int\u00e9grer jusqu&rsquo;\u00e0 35% d&rsquo;ENR dans les futures stations: Concilier s\u00e9curit\u00e9 \u00e9nerg\u00e9tique et hydrique - La Sentinelle","og_description":"Fini le temps o\u00f9 dessaler l&rsquo;eau de mer rimait avec gaspillage \u00e9nerg\u00e9tique. L&rsquo;Alg\u00e9rie veut bouleverser les codes du secteur en","og_url":"https:\/\/lasentinelle.dz\/index.php\/2025\/05\/26\/laec-veut-integrer-jusqua-35-denr-dans-les-futures-stations-concilier-securite-energetique-et-hydrique\/","og_site_name":"La Sentinelle","article_publisher":"https:\/\/www.facebook.com\/La-Sentinelle-104059864394773","article_published_time":"2025-05-26T11:00:57+00:00","article_modified_time":"2025-05-26T11:00:58+00:00","og_image":[{"width":745,"height":470,"url":"https:\/\/lasentinelle.dz\/wp-content\/uploads\/2025\/02\/station.jpg","type":"image\/jpeg"}],"author":"admin","twitter_card":"summary_large_image","twitter_misc":{"\u00c9crit par":"admin","Dur\u00e9e de lecture estim\u00e9e":"4 minutes"},"schema":{"@context":"https:\/\/schema.org","@graph":[{"@type":"Article","@id":"https:\/\/lasentinelle.dz\/index.php\/2025\/05\/26\/laec-veut-integrer-jusqua-35-denr-dans-les-futures-stations-concilier-securite-energetique-et-hydrique\/#article","isPartOf":{"@id":"https:\/\/lasentinelle.dz\/index.php\/2025\/05\/26\/laec-veut-integrer-jusqua-35-denr-dans-les-futures-stations-concilier-securite-energetique-et-hydrique\/"},"author":{"name":"admin","@id":"https:\/\/lasentinelle.dz\/#\/schema\/person\/729ee0024f24e0b8c5ec17232f8e8b41"},"headline":"L&rsquo;AEC veut int\u00e9grer jusqu&rsquo;\u00e0 35% d&rsquo;ENR dans les futures stations: Concilier s\u00e9curit\u00e9 \u00e9nerg\u00e9tique et hydrique","datePublished":"2025-05-26T11:00:57+00:00","dateModified":"2025-05-26T11:00:58+00:00","mainEntityOfPage":{"@id":"https:\/\/lasentinelle.dz\/index.php\/2025\/05\/26\/laec-veut-integrer-jusqua-35-denr-dans-les-futures-stations-concilier-securite-energetique-et-hydrique\/"},"wordCount":824,"commentCount":0,"publisher":{"@id":"https:\/\/lasentinelle.dz\/#organization"},"image":{"@id":"https:\/\/lasentinelle.dz\/index.php\/2025\/05\/26\/laec-veut-integrer-jusqua-35-denr-dans-les-futures-stations-concilier-securite-energetique-et-hydrique\/#primaryimage"},"thumbnailUrl":"https:\/\/lasentinelle.dz\/wp-content\/uploads\/2025\/02\/station.jpg","articleSection":["\u00c0 la Une","Actualit\u00e9"],"inLanguage":"fr-FR","potentialAction":[{"@type":"CommentAction","name":"Comment","target":["https:\/\/lasentinelle.dz\/index.php\/2025\/05\/26\/laec-veut-integrer-jusqua-35-denr-dans-les-futures-stations-concilier-securite-energetique-et-hydrique\/#respond"]}]},{"@type":"WebPage","@id":"https:\/\/lasentinelle.dz\/index.php\/2025\/05\/26\/laec-veut-integrer-jusqua-35-denr-dans-les-futures-stations-concilier-securite-energetique-et-hydrique\/","url":"https:\/\/lasentinelle.dz\/index.php\/2025\/05\/26\/laec-veut-integrer-jusqua-35-denr-dans-les-futures-stations-concilier-securite-energetique-et-hydrique\/","name":"L&rsquo;AEC veut int\u00e9grer jusqu&rsquo;\u00e0 35% d&rsquo;ENR dans les futures stations: Concilier s\u00e9curit\u00e9 \u00e9nerg\u00e9tique et hydrique - La Sentinelle","isPartOf":{"@id":"https:\/\/lasentinelle.dz\/#website"},"primaryImageOfPage":{"@id":"https:\/\/lasentinelle.dz\/index.php\/2025\/05\/26\/laec-veut-integrer-jusqua-35-denr-dans-les-futures-stations-concilier-securite-energetique-et-hydrique\/#primaryimage"},"image":{"@id":"https:\/\/lasentinelle.dz\/index.php\/2025\/05\/26\/laec-veut-integrer-jusqua-35-denr-dans-les-futures-stations-concilier-securite-energetique-et-hydrique\/#primaryimage"},"thumbnailUrl":"https:\/\/lasentinelle.dz\/wp-content\/uploads\/2025\/02\/station.jpg","datePublished":"2025-05-26T11:00:57+00:00","dateModified":"2025-05-26T11:00:58+00:00","breadcrumb":{"@id":"https:\/\/lasentinelle.dz\/index.php\/2025\/05\/26\/laec-veut-integrer-jusqua-35-denr-dans-les-futures-stations-concilier-securite-energetique-et-hydrique\/#breadcrumb"},"inLanguage":"fr-FR","potentialAction":[{"@type":"ReadAction","target":["https:\/\/lasentinelle.dz\/index.php\/2025\/05\/26\/laec-veut-integrer-jusqua-35-denr-dans-les-futures-stations-concilier-securite-energetique-et-hydrique\/"]}]},{"@type":"ImageObject","inLanguage":"fr-FR","@id":"https:\/\/lasentinelle.dz\/index.php\/2025\/05\/26\/laec-veut-integrer-jusqua-35-denr-dans-les-futures-stations-concilier-securite-energetique-et-hydrique\/#primaryimage","url":"https:\/\/lasentinelle.dz\/wp-content\/uploads\/2025\/02\/station.jpg","contentUrl":"https:\/\/lasentinelle.dz\/wp-content\/uploads\/2025\/02\/station.jpg","width":745,"height":470},{"@type":"BreadcrumbList","@id":"https:\/\/lasentinelle.dz\/index.php\/2025\/05\/26\/laec-veut-integrer-jusqua-35-denr-dans-les-futures-stations-concilier-securite-energetique-et-hydrique\/#breadcrumb","itemListElement":[{"@type":"ListItem","position":1,"name":"Accueil","item":"https:\/\/lasentinelle.dz\/"},{"@type":"ListItem","position":2,"name":"L&rsquo;AEC veut int\u00e9grer jusqu&rsquo;\u00e0 35% d&rsquo;ENR dans les futures stations: Concilier s\u00e9curit\u00e9 \u00e9nerg\u00e9tique et hydrique"}]},{"@type":"WebSite","@id":"https:\/\/lasentinelle.dz\/#website","url":"https:\/\/lasentinelle.dz\/","name":"La Sentinelle","description":"Quotidien national d&#039;information","publisher":{"@id":"https:\/\/lasentinelle.dz\/#organization"},"potentialAction":[{"@type":"SearchAction","target":{"@type":"EntryPoint","urlTemplate":"https:\/\/lasentinelle.dz\/?s={search_term_string}"},"query-input":{"@type":"PropertyValueSpecification","valueRequired":true,"valueName":"search_term_string"}}],"inLanguage":"fr-FR"},{"@type":"Organization","@id":"https:\/\/lasentinelle.dz\/#organization","name":"Quotidien La Sentinelle","url":"https:\/\/lasentinelle.dz\/","logo":{"@type":"ImageObject","inLanguage":"fr-FR","@id":"https:\/\/lasentinelle.dz\/#\/schema\/logo\/image\/","url":"https:\/\/lasentinelle.dz\/wp-content\/uploads\/2021\/09\/logo-sentinelleSLOGAN-1.png","contentUrl":"https:\/\/lasentinelle.dz\/wp-content\/uploads\/2021\/09\/logo-sentinelleSLOGAN-1.png","width":615,"height":142,"caption":"Quotidien La Sentinelle"},"image":{"@id":"https:\/\/lasentinelle.dz\/#\/schema\/logo\/image\/"},"sameAs":["https:\/\/www.facebook.com\/La-Sentinelle-104059864394773"]},{"@type":"Person","@id":"https:\/\/lasentinelle.dz\/#\/schema\/person\/729ee0024f24e0b8c5ec17232f8e8b41","name":"admin","image":{"@type":"ImageObject","inLanguage":"fr-FR","@id":"https:\/\/secure.gravatar.com\/avatar\/4c81fed838786e9b53f540bf46533e750f5d292099ae3b66cfc6fb1982e29df7?s=96&d=mm&r=g","url":"https:\/\/secure.gravatar.com\/avatar\/4c81fed838786e9b53f540bf46533e750f5d292099ae3b66cfc6fb1982e29df7?s=96&d=mm&r=g","contentUrl":"https:\/\/secure.gravatar.com\/avatar\/4c81fed838786e9b53f540bf46533e750f5d292099ae3b66cfc6fb1982e29df7?s=96&d=mm&r=g","caption":"admin"},"description":"admin","url":"https:\/\/lasentinelle.dz\/author\/admin\/"}]}},"_links":{"self":[{"href":"https:\/\/lasentinelle.dz\/index.php\/wp-json\/wp\/v2\/posts\/67931","targetHints":{"allow":["GET"]}}],"collection":[{"href":"https:\/\/lasentinelle.dz\/index.php\/wp-json\/wp\/v2\/posts"}],"about":[{"href":"https:\/\/lasentinelle.dz\/index.php\/wp-json\/wp\/v2\/types\/post"}],"author":[{"embeddable":true,"href":"https:\/\/lasentinelle.dz\/index.php\/wp-json\/wp\/v2\/users\/6"}],"replies":[{"embeddable":true,"href":"https:\/\/lasentinelle.dz\/index.php\/wp-json\/wp\/v2\/comments?post=67931"}],"version-history":[{"count":2,"href":"https:\/\/lasentinelle.dz\/index.php\/wp-json\/wp\/v2\/posts\/67931\/revisions"}],"predecessor-version":[{"id":67933,"href":"https:\/\/lasentinelle.dz\/index.php\/wp-json\/wp\/v2\/posts\/67931\/revisions\/67933"}],"wp:featuredmedia":[{"embeddable":true,"href":"https:\/\/lasentinelle.dz\/index.php\/wp-json\/wp\/v2\/media\/63460"}],"wp:attachment":[{"href":"https:\/\/lasentinelle.dz\/index.php\/wp-json\/wp\/v2\/media?parent=67931"}],"wp:term":[{"taxonomy":"category","embeddable":true,"href":"https:\/\/lasentinelle.dz\/index.php\/wp-json\/wp\/v2\/categories?post=67931"},{"taxonomy":"post_tag","embeddable":true,"href":"https:\/\/lasentinelle.dz\/index.php\/wp-json\/wp\/v2\/tags?post=67931"}],"curies":[{"name":"wp","href":"https:\/\/api.w.org\/{rel}","templated":true}]}}