{"id":67938,"date":"2025-05-26T12:02:49","date_gmt":"2025-05-26T11:02:49","guid":{"rendered":"https:\/\/lasentinelle.dz\/?p=67938"},"modified":"2025-05-26T12:02:50","modified_gmt":"2025-05-26T11:02:50","slug":"malgre-les-tentatives-dinterferences-lalgerie-demeurera-un-acteur-de-stabilite-regionale","status":"publish","type":"post","link":"https:\/\/lasentinelle.dz\/index.php\/2025\/05\/26\/malgre-les-tentatives-dinterferences-lalgerie-demeurera-un-acteur-de-stabilite-regionale\/","title":{"rendered":"Malgr\u00e9 les tentatives d&rsquo;interf\u00e9rences: L&rsquo;Alg\u00e9rie demeurera un acteur de stabilit\u00e9 r\u00e9gionale"},"content":{"rendered":"\n<p>Le G\u00e9n\u00e9ral d&rsquo;Arm\u00e9e Sa\u00efd Chanegriha, ministre d\u00e9l\u00e9gu\u00e9 aupr\u00e8s du ministre de la D\u00e9fense nationale et chef d&rsquo;\u00e9tat-major de l&rsquo;Arm\u00e9e nationale populaire a soulign\u00e9 hier que \u00a0\u00bb l\u2019Alg\u00e9rie demeurera, en d\u00e9pit des tentatives visant \u00e0 semer le trouble sur son r\u00f4le pivot dans la r\u00e9gion, un facteur efficient dans la s\u00e9curit\u00e9 et la paix au Sahel\u00a0\u00bb.<\/p>\n\n\n\n<p>Le G\u00e9n\u00e9ral d&rsquo;Arm\u00e9e Sa\u00efd Chanegriha, ministre d\u00e9l\u00e9gu\u00e9 aupr\u00e8s du ministre de la D\u00e9fense nationale et chef d&rsquo;\u00e9tat-major de l&rsquo;Arm\u00e9e nationale populaire, a supervis\u00e9 hier au Cercle national de l&rsquo;Arm\u00e9e un s\u00e9minaire national consacr\u00e9 aux d\u00e9fis s\u00e9curitaires et de d\u00e9veloppement du Sahel africain \u00e0 l&rsquo;aune des rivalit\u00e9s g\u00e9opolitiques r\u00e9gionales. Cette rencontre, organis\u00e9e par la Direction de l&rsquo;information et la communication de l&rsquo;\u00e9tat-major de l&rsquo;Arm\u00e9e nationale populaire, s&rsquo;est tenue en pr\u00e9sence des plus hautes autorit\u00e9s de l&rsquo;\u00c9tat, incluant le pr\u00e9sident du Conseil de la nation, le pr\u00e9sident de l&rsquo;Assembl\u00e9e populaire nationale, le Premier ministre et plusieurs ministres, ainsi que de hauts cadres militaires et civils. Dans son allocution d&rsquo;ouverture, le g\u00e9n\u00e9ral d&rsquo;arm\u00e9e Chanegriha a r\u00e9affirm\u00e9 l&rsquo;engagement ind\u00e9fectible de l&rsquo;Alg\u00e9rie en faveur de la stabilit\u00e9 r\u00e9gionale, malgr\u00e9 les tentatives de certains acteurs de semer le trouble dans la r\u00e9gion sah\u00e9lo-saharienne. Ces interf\u00e9rences, notamment orchestr\u00e9es par le Maroc et les \u00c9mirats arabes unis, visent \u00e0 d\u00e9stabiliser l&rsquo;\u00e9quilibre g\u00e9opolitique de la r\u00e9gion \u00e0 travers des man\u0153uvres diplomatiques et des ing\u00e9rences directes dans les affaires internes des pays sah\u00e9liens.<\/p>\n\n\n\n<p>Le G\u00e9n\u00e9ral d&rsquo;Arm\u00e9e a soulign\u00e9 que \u00ab l&rsquo;Alg\u00e9rie, fid\u00e8le \u00e0 ses principes constants dans sa politique \u00e9trang\u00e8re, tels que le respect mutuel, le bon voisinage, le rejet de toute ing\u00e9rence dans les affaires internes des pays et le respect de leur souverainet\u00e9 nationale et de leur int\u00e9grit\u00e9 territoriale, n&rsquo;a cess\u00e9 de d\u00e9ployer des efforts diplomatiques consid\u00e9rables, dans la perspective d&rsquo;asseoir la stabilit\u00e9 politique et s\u00e9curitaire dans la r\u00e9gion du Sahel, de par son engagement en faveur de la r\u00e9solution pacifique des crises, rejetant l&rsquo;usage des armes et privil\u00e9giant le dialogue et les n\u00e9gociations \u00bb.<\/p>\n\n\n\n<p>Cette position tranche avec les strat\u00e9gies d&rsquo;influence men\u00e9es par Rabat et Abu Dhabi, qui multiplient les accords militaires bilat\u00e9raux et les investissements conditionn\u00e9s pour \u00e9tendre leur sph\u00e8re d&rsquo;influence dans la r\u00e9gion. Ces man\u0153uvres s&rsquo;inscrivent dans une logique de fragmentation de l&rsquo;espace sah\u00e9lien, contraire aux aspirations d&rsquo;int\u00e9gration et de d\u00e9veloppement endog\u00e8ne pr\u00f4n\u00e9es par l&rsquo;Alg\u00e9rie.<\/p>\n\n\n\n<p>Le G\u00e9n\u00e9ral d&rsquo;Arm\u00e9e Chanegriha a particuli\u00e8rement insist\u00e9 sur le r\u00f4le stabilisateur de l&rsquo;Alg\u00e9rie, pr\u00e9cisant que son pays \u00ab demeure un \u00e9l\u00e9ment cl\u00e9 dans la s\u00e9curit\u00e9 et la stabilit\u00e9 de la r\u00e9gion, et veille au renforcement des capacit\u00e9s de d\u00e9fense de ses partenaires et ses voisins au Sahel, et ce, dans le cadre des programmes de coop\u00e9ration militaire bilat\u00e9rale et la formation au profit des forces arm\u00e9es des pays de la r\u00e9gion, et en les accompagnant dans la lutte antiterroriste, \u00e0 travers le Comit\u00e9 d&rsquo;\u00e9tat-major op\u00e9rationnel conjoint CEMOC, \u00e0 m\u00eame de concr\u00e9tiser le principe d&rsquo;une prise en charge autonome des d\u00e9fis s\u00e9curitaires de chaque pays, dans le respect total de la souverainet\u00e9 des \u00c9tats \u00bb.<\/p>\n\n\n\n<p>Le chef d&rsquo;\u00e9tat-major de l&rsquo;ANP a \u00e9galement mis l&rsquo;accent sur la dimension humanitaire de l&rsquo;engagement de notre pays, soulignant que \u00ab l&rsquo;Alg\u00e9rie a activement \u0153uvr\u00e9 au renforcement et au d\u00e9veloppement \u00e9conomique et social de la r\u00e9gion du Sahel, \u00e0 travers son attachement \u00e0 ancrer le principe de solidarit\u00e9 envers les peuples auxquels elle est reli\u00e9e par des liens historiques et civilisationnels distingu\u00e9s, qui se sont traduits par l&rsquo;acheminement d&rsquo;aides humanitaires et le financement de projets de d\u00e9veloppement structurants \u00e0 dimension r\u00e9gionale dans l&rsquo;objectif d&rsquo;encourager les populations de la r\u00e9gion \u00e0 \u0153uvrer pour vivre dans la dignit\u00e9 et dans l&rsquo;espoir dans leurs pays et mettre en \u00e9chec tout projet d&rsquo;instabilit\u00e9 dans la r\u00e9gion \u00bb. &nbsp;\u00ab\u00a0Aussi, l\u2019Alg\u00e9rie demeurera, en d\u00e9pit des tentatives visant \u00e0 semer le trouble sur son r\u00f4le pivot dans la r\u00e9gion, un facteur efficient dans la s\u00e9curit\u00e9 et la paix au Sahel, et continuera, \u00e0 la lumi\u00e8re de la vision strat\u00e9gique et clairvoyante de Monsieur le Pr\u00e9sident de la R\u00e9publique Abdelmadjid Tebboune, Chef supr\u00eame des Forces Arm\u00e9es, Ministre de la D\u00e9fense Nationale, \u00e0 faire tout ce qui est en son pouvoir, afin s\u2019asseoir les fondements du dialogue et engager des approches r\u00e9gionales constructives au service de la s\u00e9curit\u00e9 et de la stabilit\u00e9 dans la r\u00e9gion \u00bb, a-t-il ajout\u00e9.<\/p>\n\n\n\n<p><strong>Attaf plaide pour une strat\u00e9gie africaine endog\u00e8ne<\/strong><\/p>\n\n\n\n<p>Pour sa part, le ministre d&rsquo;\u00c9tat, ministre des Affaires \u00e9trang\u00e8res et de la Communaut\u00e9 nationale \u00e0 l&rsquo;\u00e9tranger et des Affaires africaines, Ahmed Attaf, a anim\u00e9 la premi\u00e8re conf\u00e9rence du s\u00e9minaire sous le th\u00e8me de la concr\u00e9tisation de la s\u00e9curit\u00e9, de la stabilit\u00e9 et du d\u00e9veloppement dans la r\u00e9gion du Sahel africain. Sa pr\u00e9sentation s&rsquo;est inscrite dans le contexte symbolique de la c\u00e9l\u00e9bration de la Journ\u00e9e de l&rsquo;Afrique, marquant l&rsquo;anniversaire de la cr\u00e9ation de l&rsquo;Organisation de l&rsquo;unit\u00e9 africaine en 1963.<\/p>\n\n\n\n<p>Attaf a soulign\u00e9 la pertinence du timing de cette rencontre, d\u00e9clarant : \u00ab Je ne manquerais pas de saluer la pertinence et le bon choix du th\u00e8me de notre rencontre aujourd&rsquo;hui, o\u00f9 nous c\u00e9l\u00e9brons, aux c\u00f4t\u00e9s de nos fr\u00e8res africains, la journ\u00e9e de l&rsquo;Afrique. Cette journ\u00e9e est associ\u00e9e \u00e0 l&rsquo;anniversaire de la pose des premi\u00e8res pierres du projet de l&rsquo;unit\u00e9 africaine en ce m\u00eame jour de l&rsquo;ann\u00e9e 1963. Il ne fait aucun doute que l&rsquo;objectif de la c\u00e9l\u00e9bration de la journ\u00e9e de l&rsquo;Afrique ne se limite pas \u00e0 se rem\u00e9morer les gloires pass\u00e9es et \u00e0 saluer les r\u00e9alisations, mais consiste plut\u00f4t \u00e0 mettre en lumi\u00e8re les d\u00e9fis et \u00e0 affirmer l&rsquo;engagement \u00e0 y faire face \u00bb.<\/p>\n\n\n\n<p>Le chef de la diplomatie alg\u00e9rienne a mis en avant les atouts sp\u00e9cifiques de l&rsquo;Alg\u00e9rie pour jouer un r\u00f4le de m\u00e9diateur et de stabilisateur dans la r\u00e9gion, face aux tentatives de division orchestr\u00e9es par certains acteurs r\u00e9gionaux. \u00ab L&rsquo;Alg\u00e9rie dispose d&rsquo;un capital de patience in\u00e9puisable qui lui permet d&rsquo;aborder avec sagesse, retenue et clairvoyance les probl\u00e9matiques dominantes dans la r\u00e9gion sah\u00e9lo-saharienne. L&rsquo;Alg\u00e9rie nourrit \u00e9galement une foi profonde dans l&rsquo;unit\u00e9, l&rsquo;unit\u00e9 de l&rsquo;h\u00e9ritage historique, l&rsquo;unit\u00e9 des aspirations et l&rsquo;unit\u00e9 du destin, ce qui la pousse constamment \u00e0 tendre la main \u00e0 ses fr\u00e8res voisins, dans un esprit de solidarit\u00e9, d&rsquo;entraide et de fraternit\u00e9 \u00bb, a-t-il affirm\u00e9.<\/p>\n\n\n\n<p><strong>Haddadi \u00e9voque les d\u00e9fis continentaux<\/strong><\/p>\n\n\n\n<p>Malika Salma Haddadi, vice-pr\u00e9sidente de la Commission de l&rsquo;Union africaine, a anim\u00e9, de son c\u00f4t\u00e9, la seconde conf\u00e9rence ax\u00e9e sur les enjeux et d\u00e9fis li\u00e9s \u00e0 la s\u00e9curit\u00e9, la stabilit\u00e9 et au d\u00e9veloppement dans la r\u00e9gion du Sahel africain. Son intervention a permis d&rsquo;\u00e9largir la perspective aux dimensions continentales des probl\u00e9matiques sah\u00e9liennes, soulignant la n\u00e9cessit\u00e9 d&rsquo;une approche coordonn\u00e9e \u00e0 l&rsquo;\u00e9chelle de l&rsquo;Union africaine pour contrer les influences ext\u00e9rieures n\u00e9fastes.<\/p>\n\n\n\n<p>La haute responsable de l&rsquo;UA a particuli\u00e8rement insist\u00e9 sur l&rsquo;importance de pr\u00e9server l&rsquo;autonomie d\u00e9cisionnelle africaine face aux pressions et aux conditionnalit\u00e9s impos\u00e9es par certains partenaires qui instrumentalisent l&rsquo;aide au d\u00e9veloppement pour servir leurs propres agendas g\u00e9opolitiques. Le s\u00e9minaire s&rsquo;est \u00e9galement enrichi des contributions d&rsquo;Abed Hallouz, directeur de l&rsquo;Agence alg\u00e9rienne de coop\u00e9ration internationale pour la solidarit\u00e9 et le d\u00e9veloppement, qui a d\u00e9taill\u00e9 le r\u00f4le concret de l&rsquo;Alg\u00e9rie dans la consolidation de la paix, de la s\u00e9curit\u00e9 et du d\u00e9veloppement dans les \u00c9tats du Sahel africain. Mohamed Amroune, pr\u00e9sident de la Commission des affaires \u00e9trang\u00e8res au Conseil de la nation, a quant \u00e0 lui analys\u00e9 l&rsquo;impact du contexte colonial et l&rsquo;\u00e9mergence de nouveaux acteurs internationaux dans la r\u00e9gion.<\/p>\n\n\n\n<p>Ces interventions ont permis de dresser un tableau complet des d\u00e9fis auxquels fait face la r\u00e9gion sah\u00e9lienne, marqu\u00e9e par la persistance des s\u00e9quelles coloniales et l&rsquo;\u00e9mergence de nouvelles formes d&rsquo;ing\u00e9rence qui remettent en question la souverainet\u00e9 des \u00c9tats. Dans ce contexte, l&rsquo;Alg\u00e9rie r\u00e9affirme sa volont\u00e9 de demeurer \u00ab un facteur efficient dans la s\u00e9curit\u00e9 et la paix au Sahel \u00bb, selon les termes du g\u00e9n\u00e9ral Chanegriha, qui a conclu en soulignant que son pays \u00ab continuera, \u00e0 la lumi\u00e8re de la vision strat\u00e9gique et clairvoyante du pr\u00e9sident de la R\u00e9publique Abdelmadjid Tebboune, chef supr\u00eame des forces arm\u00e9es, ministre de la D\u00e9fense nationale, \u00e0 faire tout ce qui est en son pouvoir, afin d&rsquo;asseoir les fondements du dialogue et engager des approches r\u00e9gionales constructives au service de la s\u00e9curit\u00e9 et de la stabilit\u00e9 dans la r\u00e9gion \u00bb.<\/p>\n\n\n\n<p>Salim Amokrane<\/p>\n","protected":false},"excerpt":{"rendered":"<p>Le G\u00e9n\u00e9ral d&rsquo;Arm\u00e9e Sa\u00efd Chanegriha, ministre d\u00e9l\u00e9gu\u00e9 aupr\u00e8s du ministre de la D\u00e9fense nationale et chef d&rsquo;\u00e9tat-major de l&rsquo;Arm\u00e9e nationale<\/p>\n","protected":false},"author":6,"featured_media":67939,"comment_status":"open","ping_status":"closed","sticky":false,"template":"","format":"standard","meta":{"colormag_page_container_layout":"default_layout","colormag_page_sidebar_layout":"default_layout","om_disable_all_campaigns":false,"_monsterinsights_skip_tracking":false,"_monsterinsights_sitenote_active":false,"_monsterinsights_sitenote_note":"","_monsterinsights_sitenote_category":0,"footnotes":"","_wpscppro_dont_share_socialmedia":false,"_wpscppro_custom_social_share_image":0,"_facebook_share_type":"default","_twitter_share_type":"default","_linkedin_share_type":"default","_pinterest_share_type":"default","_linkedin_share_type_page":"","_instagram_share_type":"default","_medium_share_type":"default","_threads_share_type":"","_google_business_share_type":"","_selected_social_profile":[],"_wpsp_enable_custom_social_template":false,"_wpsp_social_scheduling":{"enabled":false,"datetime":null,"platforms":[],"status":"template_only","dateOption":"today","timeOption":"now","customDays":"","customHours":"","customDate":"","customTime":"","schedulingType":"absolute"},"_wpsp_active_default_template":true},"categories":[52,27],"tags":[],"class_list":["post-67938","post","type-post","status-publish","format-standard","has-post-thumbnail","hentry","category-a-la-une","category-actualite"],"aioseo_notices":[],"yoast_head":"<!-- This site is optimized with the Yoast SEO plugin v27.5 - https:\/\/yoast.com\/product\/yoast-seo-wordpress\/ -->\n<title>Malgr\u00e9 les tentatives d&rsquo;interf\u00e9rences: L&rsquo;Alg\u00e9rie demeurera un acteur de stabilit\u00e9 r\u00e9gionale - La Sentinelle<\/title>\n<meta name=\"robots\" content=\"index, follow, max-snippet:-1, max-image-preview:large, max-video-preview:-1\" \/>\n<link rel=\"canonical\" href=\"https:\/\/lasentinelle.dz\/index.php\/2025\/05\/26\/malgre-les-tentatives-dinterferences-lalgerie-demeurera-un-acteur-de-stabilite-regionale\/\" \/>\n<meta property=\"og:locale\" content=\"fr_FR\" \/>\n<meta property=\"og:type\" content=\"article\" \/>\n<meta property=\"og:title\" content=\"Malgr\u00e9 les tentatives d&rsquo;interf\u00e9rences: L&rsquo;Alg\u00e9rie demeurera un acteur de stabilit\u00e9 r\u00e9gionale - La Sentinelle\" \/>\n<meta property=\"og:description\" content=\"Le G\u00e9n\u00e9ral d&rsquo;Arm\u00e9e Sa\u00efd Chanegriha, ministre d\u00e9l\u00e9gu\u00e9 aupr\u00e8s du ministre de la D\u00e9fense nationale et chef d&rsquo;\u00e9tat-major de l&rsquo;Arm\u00e9e nationale\" \/>\n<meta property=\"og:url\" content=\"https:\/\/lasentinelle.dz\/index.php\/2025\/05\/26\/malgre-les-tentatives-dinterferences-lalgerie-demeurera-un-acteur-de-stabilite-regionale\/\" \/>\n<meta property=\"og:site_name\" content=\"La Sentinelle\" \/>\n<meta property=\"article:publisher\" content=\"https:\/\/www.facebook.com\/La-Sentinelle-104059864394773\" \/>\n<meta property=\"article:published_time\" content=\"2025-05-26T11:02:49+00:00\" \/>\n<meta property=\"article:modified_time\" content=\"2025-05-26T11:02:50+00:00\" \/>\n<meta property=\"og:image\" content=\"https:\/\/lasentinelle.dz\/wp-content\/uploads\/2025\/05\/chane-Une.jpg\" \/>\n\t<meta property=\"og:image:width\" content=\"2048\" \/>\n\t<meta property=\"og:image:height\" content=\"1365\" \/>\n\t<meta property=\"og:image:type\" content=\"image\/jpeg\" \/>\n<meta name=\"author\" content=\"admin\" \/>\n<meta name=\"twitter:card\" content=\"summary_large_image\" \/>\n<meta name=\"twitter:label1\" content=\"\u00c9crit par\" \/>\n\t<meta name=\"twitter:data1\" content=\"admin\" \/>\n\t<meta name=\"twitter:label2\" content=\"Dur\u00e9e de lecture estim\u00e9e\" \/>\n\t<meta name=\"twitter:data2\" content=\"7 minutes\" \/>\n<script type=\"application\/ld+json\" class=\"yoast-schema-graph\">{\"@context\":\"https:\\\/\\\/schema.org\",\"@graph\":[{\"@type\":\"Article\",\"@id\":\"https:\\\/\\\/lasentinelle.dz\\\/index.php\\\/2025\\\/05\\\/26\\\/malgre-les-tentatives-dinterferences-lalgerie-demeurera-un-acteur-de-stabilite-regionale\\\/#article\",\"isPartOf\":{\"@id\":\"https:\\\/\\\/lasentinelle.dz\\\/index.php\\\/2025\\\/05\\\/26\\\/malgre-les-tentatives-dinterferences-lalgerie-demeurera-un-acteur-de-stabilite-regionale\\\/\"},\"author\":{\"name\":\"admin\",\"@id\":\"https:\\\/\\\/lasentinelle.dz\\\/#\\\/schema\\\/person\\\/729ee0024f24e0b8c5ec17232f8e8b41\"},\"headline\":\"Malgr\u00e9 les tentatives d&rsquo;interf\u00e9rences: L&rsquo;Alg\u00e9rie demeurera un acteur de stabilit\u00e9 r\u00e9gionale\",\"datePublished\":\"2025-05-26T11:02:49+00:00\",\"dateModified\":\"2025-05-26T11:02:50+00:00\",\"mainEntityOfPage\":{\"@id\":\"https:\\\/\\\/lasentinelle.dz\\\/index.php\\\/2025\\\/05\\\/26\\\/malgre-les-tentatives-dinterferences-lalgerie-demeurera-un-acteur-de-stabilite-regionale\\\/\"},\"wordCount\":1637,\"commentCount\":0,\"publisher\":{\"@id\":\"https:\\\/\\\/lasentinelle.dz\\\/#organization\"},\"image\":{\"@id\":\"https:\\\/\\\/lasentinelle.dz\\\/index.php\\\/2025\\\/05\\\/26\\\/malgre-les-tentatives-dinterferences-lalgerie-demeurera-un-acteur-de-stabilite-regionale\\\/#primaryimage\"},\"thumbnailUrl\":\"https:\\\/\\\/lasentinelle.dz\\\/wp-content\\\/uploads\\\/2025\\\/05\\\/chane-Une.jpg\",\"articleSection\":[\"\u00c0 la Une\",\"Actualit\u00e9\"],\"inLanguage\":\"fr-FR\",\"potentialAction\":[{\"@type\":\"CommentAction\",\"name\":\"Comment\",\"target\":[\"https:\\\/\\\/lasentinelle.dz\\\/index.php\\\/2025\\\/05\\\/26\\\/malgre-les-tentatives-dinterferences-lalgerie-demeurera-un-acteur-de-stabilite-regionale\\\/#respond\"]}]},{\"@type\":\"WebPage\",\"@id\":\"https:\\\/\\\/lasentinelle.dz\\\/index.php\\\/2025\\\/05\\\/26\\\/malgre-les-tentatives-dinterferences-lalgerie-demeurera-un-acteur-de-stabilite-regionale\\\/\",\"url\":\"https:\\\/\\\/lasentinelle.dz\\\/index.php\\\/2025\\\/05\\\/26\\\/malgre-les-tentatives-dinterferences-lalgerie-demeurera-un-acteur-de-stabilite-regionale\\\/\",\"name\":\"Malgr\u00e9 les tentatives d&rsquo;interf\u00e9rences: L&rsquo;Alg\u00e9rie demeurera un acteur de stabilit\u00e9 r\u00e9gionale - La Sentinelle\",\"isPartOf\":{\"@id\":\"https:\\\/\\\/lasentinelle.dz\\\/#website\"},\"primaryImageOfPage\":{\"@id\":\"https:\\\/\\\/lasentinelle.dz\\\/index.php\\\/2025\\\/05\\\/26\\\/malgre-les-tentatives-dinterferences-lalgerie-demeurera-un-acteur-de-stabilite-regionale\\\/#primaryimage\"},\"image\":{\"@id\":\"https:\\\/\\\/lasentinelle.dz\\\/index.php\\\/2025\\\/05\\\/26\\\/malgre-les-tentatives-dinterferences-lalgerie-demeurera-un-acteur-de-stabilite-regionale\\\/#primaryimage\"},\"thumbnailUrl\":\"https:\\\/\\\/lasentinelle.dz\\\/wp-content\\\/uploads\\\/2025\\\/05\\\/chane-Une.jpg\",\"datePublished\":\"2025-05-26T11:02:49+00:00\",\"dateModified\":\"2025-05-26T11:02:50+00:00\",\"breadcrumb\":{\"@id\":\"https:\\\/\\\/lasentinelle.dz\\\/index.php\\\/2025\\\/05\\\/26\\\/malgre-les-tentatives-dinterferences-lalgerie-demeurera-un-acteur-de-stabilite-regionale\\\/#breadcrumb\"},\"inLanguage\":\"fr-FR\",\"potentialAction\":[{\"@type\":\"ReadAction\",\"target\":[\"https:\\\/\\\/lasentinelle.dz\\\/index.php\\\/2025\\\/05\\\/26\\\/malgre-les-tentatives-dinterferences-lalgerie-demeurera-un-acteur-de-stabilite-regionale\\\/\"]}]},{\"@type\":\"ImageObject\",\"inLanguage\":\"fr-FR\",\"@id\":\"https:\\\/\\\/lasentinelle.dz\\\/index.php\\\/2025\\\/05\\\/26\\\/malgre-les-tentatives-dinterferences-lalgerie-demeurera-un-acteur-de-stabilite-regionale\\\/#primaryimage\",\"url\":\"https:\\\/\\\/lasentinelle.dz\\\/wp-content\\\/uploads\\\/2025\\\/05\\\/chane-Une.jpg\",\"contentUrl\":\"https:\\\/\\\/lasentinelle.dz\\\/wp-content\\\/uploads\\\/2025\\\/05\\\/chane-Une.jpg\",\"width\":2048,\"height\":1365},{\"@type\":\"BreadcrumbList\",\"@id\":\"https:\\\/\\\/lasentinelle.dz\\\/index.php\\\/2025\\\/05\\\/26\\\/malgre-les-tentatives-dinterferences-lalgerie-demeurera-un-acteur-de-stabilite-regionale\\\/#breadcrumb\",\"itemListElement\":[{\"@type\":\"ListItem\",\"position\":1,\"name\":\"Accueil\",\"item\":\"https:\\\/\\\/lasentinelle.dz\\\/\"},{\"@type\":\"ListItem\",\"position\":2,\"name\":\"Malgr\u00e9 les tentatives d&rsquo;interf\u00e9rences: L&rsquo;Alg\u00e9rie demeurera un acteur de stabilit\u00e9 r\u00e9gionale\"}]},{\"@type\":\"WebSite\",\"@id\":\"https:\\\/\\\/lasentinelle.dz\\\/#website\",\"url\":\"https:\\\/\\\/lasentinelle.dz\\\/\",\"name\":\"La Sentinelle\",\"description\":\"Quotidien national d&#039;information\",\"publisher\":{\"@id\":\"https:\\\/\\\/lasentinelle.dz\\\/#organization\"},\"potentialAction\":[{\"@type\":\"SearchAction\",\"target\":{\"@type\":\"EntryPoint\",\"urlTemplate\":\"https:\\\/\\\/lasentinelle.dz\\\/?s={search_term_string}\"},\"query-input\":{\"@type\":\"PropertyValueSpecification\",\"valueRequired\":true,\"valueName\":\"search_term_string\"}}],\"inLanguage\":\"fr-FR\"},{\"@type\":\"Organization\",\"@id\":\"https:\\\/\\\/lasentinelle.dz\\\/#organization\",\"name\":\"Quotidien La Sentinelle\",\"url\":\"https:\\\/\\\/lasentinelle.dz\\\/\",\"logo\":{\"@type\":\"ImageObject\",\"inLanguage\":\"fr-FR\",\"@id\":\"https:\\\/\\\/lasentinelle.dz\\\/#\\\/schema\\\/logo\\\/image\\\/\",\"url\":\"https:\\\/\\\/lasentinelle.dz\\\/wp-content\\\/uploads\\\/2021\\\/09\\\/logo-sentinelleSLOGAN-1.png\",\"contentUrl\":\"https:\\\/\\\/lasentinelle.dz\\\/wp-content\\\/uploads\\\/2021\\\/09\\\/logo-sentinelleSLOGAN-1.png\",\"width\":615,\"height\":142,\"caption\":\"Quotidien La Sentinelle\"},\"image\":{\"@id\":\"https:\\\/\\\/lasentinelle.dz\\\/#\\\/schema\\\/logo\\\/image\\\/\"},\"sameAs\":[\"https:\\\/\\\/www.facebook.com\\\/La-Sentinelle-104059864394773\"]},{\"@type\":\"Person\",\"@id\":\"https:\\\/\\\/lasentinelle.dz\\\/#\\\/schema\\\/person\\\/729ee0024f24e0b8c5ec17232f8e8b41\",\"name\":\"admin\",\"image\":{\"@type\":\"ImageObject\",\"inLanguage\":\"fr-FR\",\"@id\":\"https:\\\/\\\/secure.gravatar.com\\\/avatar\\\/4c81fed838786e9b53f540bf46533e750f5d292099ae3b66cfc6fb1982e29df7?s=96&d=mm&r=g\",\"url\":\"https:\\\/\\\/secure.gravatar.com\\\/avatar\\\/4c81fed838786e9b53f540bf46533e750f5d292099ae3b66cfc6fb1982e29df7?s=96&d=mm&r=g\",\"contentUrl\":\"https:\\\/\\\/secure.gravatar.com\\\/avatar\\\/4c81fed838786e9b53f540bf46533e750f5d292099ae3b66cfc6fb1982e29df7?s=96&d=mm&r=g\",\"caption\":\"admin\"},\"description\":\"admin\",\"url\":\"https:\\\/\\\/lasentinelle.dz\\\/author\\\/admin\\\/\"}]}<\/script>\n<!-- \/ Yoast SEO plugin. -->","yoast_head_json":{"title":"Malgr\u00e9 les tentatives d&rsquo;interf\u00e9rences: L&rsquo;Alg\u00e9rie demeurera un acteur de stabilit\u00e9 r\u00e9gionale - La Sentinelle","robots":{"index":"index","follow":"follow","max-snippet":"max-snippet:-1","max-image-preview":"max-image-preview:large","max-video-preview":"max-video-preview:-1"},"canonical":"https:\/\/lasentinelle.dz\/index.php\/2025\/05\/26\/malgre-les-tentatives-dinterferences-lalgerie-demeurera-un-acteur-de-stabilite-regionale\/","og_locale":"fr_FR","og_type":"article","og_title":"Malgr\u00e9 les tentatives d&rsquo;interf\u00e9rences: L&rsquo;Alg\u00e9rie demeurera un acteur de stabilit\u00e9 r\u00e9gionale - La Sentinelle","og_description":"Le G\u00e9n\u00e9ral d&rsquo;Arm\u00e9e Sa\u00efd Chanegriha, ministre d\u00e9l\u00e9gu\u00e9 aupr\u00e8s du ministre de la D\u00e9fense nationale et chef d&rsquo;\u00e9tat-major de l&rsquo;Arm\u00e9e nationale","og_url":"https:\/\/lasentinelle.dz\/index.php\/2025\/05\/26\/malgre-les-tentatives-dinterferences-lalgerie-demeurera-un-acteur-de-stabilite-regionale\/","og_site_name":"La Sentinelle","article_publisher":"https:\/\/www.facebook.com\/La-Sentinelle-104059864394773","article_published_time":"2025-05-26T11:02:49+00:00","article_modified_time":"2025-05-26T11:02:50+00:00","og_image":[{"width":2048,"height":1365,"url":"https:\/\/lasentinelle.dz\/wp-content\/uploads\/2025\/05\/chane-Une.jpg","type":"image\/jpeg"}],"author":"admin","twitter_card":"summary_large_image","twitter_misc":{"\u00c9crit par":"admin","Dur\u00e9e de lecture estim\u00e9e":"7 minutes"},"schema":{"@context":"https:\/\/schema.org","@graph":[{"@type":"Article","@id":"https:\/\/lasentinelle.dz\/index.php\/2025\/05\/26\/malgre-les-tentatives-dinterferences-lalgerie-demeurera-un-acteur-de-stabilite-regionale\/#article","isPartOf":{"@id":"https:\/\/lasentinelle.dz\/index.php\/2025\/05\/26\/malgre-les-tentatives-dinterferences-lalgerie-demeurera-un-acteur-de-stabilite-regionale\/"},"author":{"name":"admin","@id":"https:\/\/lasentinelle.dz\/#\/schema\/person\/729ee0024f24e0b8c5ec17232f8e8b41"},"headline":"Malgr\u00e9 les tentatives d&rsquo;interf\u00e9rences: L&rsquo;Alg\u00e9rie demeurera un acteur de stabilit\u00e9 r\u00e9gionale","datePublished":"2025-05-26T11:02:49+00:00","dateModified":"2025-05-26T11:02:50+00:00","mainEntityOfPage":{"@id":"https:\/\/lasentinelle.dz\/index.php\/2025\/05\/26\/malgre-les-tentatives-dinterferences-lalgerie-demeurera-un-acteur-de-stabilite-regionale\/"},"wordCount":1637,"commentCount":0,"publisher":{"@id":"https:\/\/lasentinelle.dz\/#organization"},"image":{"@id":"https:\/\/lasentinelle.dz\/index.php\/2025\/05\/26\/malgre-les-tentatives-dinterferences-lalgerie-demeurera-un-acteur-de-stabilite-regionale\/#primaryimage"},"thumbnailUrl":"https:\/\/lasentinelle.dz\/wp-content\/uploads\/2025\/05\/chane-Une.jpg","articleSection":["\u00c0 la Une","Actualit\u00e9"],"inLanguage":"fr-FR","potentialAction":[{"@type":"CommentAction","name":"Comment","target":["https:\/\/lasentinelle.dz\/index.php\/2025\/05\/26\/malgre-les-tentatives-dinterferences-lalgerie-demeurera-un-acteur-de-stabilite-regionale\/#respond"]}]},{"@type":"WebPage","@id":"https:\/\/lasentinelle.dz\/index.php\/2025\/05\/26\/malgre-les-tentatives-dinterferences-lalgerie-demeurera-un-acteur-de-stabilite-regionale\/","url":"https:\/\/lasentinelle.dz\/index.php\/2025\/05\/26\/malgre-les-tentatives-dinterferences-lalgerie-demeurera-un-acteur-de-stabilite-regionale\/","name":"Malgr\u00e9 les tentatives d&rsquo;interf\u00e9rences: L&rsquo;Alg\u00e9rie demeurera un acteur de stabilit\u00e9 r\u00e9gionale - La Sentinelle","isPartOf":{"@id":"https:\/\/lasentinelle.dz\/#website"},"primaryImageOfPage":{"@id":"https:\/\/lasentinelle.dz\/index.php\/2025\/05\/26\/malgre-les-tentatives-dinterferences-lalgerie-demeurera-un-acteur-de-stabilite-regionale\/#primaryimage"},"image":{"@id":"https:\/\/lasentinelle.dz\/index.php\/2025\/05\/26\/malgre-les-tentatives-dinterferences-lalgerie-demeurera-un-acteur-de-stabilite-regionale\/#primaryimage"},"thumbnailUrl":"https:\/\/lasentinelle.dz\/wp-content\/uploads\/2025\/05\/chane-Une.jpg","datePublished":"2025-05-26T11:02:49+00:00","dateModified":"2025-05-26T11:02:50+00:00","breadcrumb":{"@id":"https:\/\/lasentinelle.dz\/index.php\/2025\/05\/26\/malgre-les-tentatives-dinterferences-lalgerie-demeurera-un-acteur-de-stabilite-regionale\/#breadcrumb"},"inLanguage":"fr-FR","potentialAction":[{"@type":"ReadAction","target":["https:\/\/lasentinelle.dz\/index.php\/2025\/05\/26\/malgre-les-tentatives-dinterferences-lalgerie-demeurera-un-acteur-de-stabilite-regionale\/"]}]},{"@type":"ImageObject","inLanguage":"fr-FR","@id":"https:\/\/lasentinelle.dz\/index.php\/2025\/05\/26\/malgre-les-tentatives-dinterferences-lalgerie-demeurera-un-acteur-de-stabilite-regionale\/#primaryimage","url":"https:\/\/lasentinelle.dz\/wp-content\/uploads\/2025\/05\/chane-Une.jpg","contentUrl":"https:\/\/lasentinelle.dz\/wp-content\/uploads\/2025\/05\/chane-Une.jpg","width":2048,"height":1365},{"@type":"BreadcrumbList","@id":"https:\/\/lasentinelle.dz\/index.php\/2025\/05\/26\/malgre-les-tentatives-dinterferences-lalgerie-demeurera-un-acteur-de-stabilite-regionale\/#breadcrumb","itemListElement":[{"@type":"ListItem","position":1,"name":"Accueil","item":"https:\/\/lasentinelle.dz\/"},{"@type":"ListItem","position":2,"name":"Malgr\u00e9 les tentatives d&rsquo;interf\u00e9rences: L&rsquo;Alg\u00e9rie demeurera un acteur de stabilit\u00e9 r\u00e9gionale"}]},{"@type":"WebSite","@id":"https:\/\/lasentinelle.dz\/#website","url":"https:\/\/lasentinelle.dz\/","name":"La Sentinelle","description":"Quotidien national d&#039;information","publisher":{"@id":"https:\/\/lasentinelle.dz\/#organization"},"potentialAction":[{"@type":"SearchAction","target":{"@type":"EntryPoint","urlTemplate":"https:\/\/lasentinelle.dz\/?s={search_term_string}"},"query-input":{"@type":"PropertyValueSpecification","valueRequired":true,"valueName":"search_term_string"}}],"inLanguage":"fr-FR"},{"@type":"Organization","@id":"https:\/\/lasentinelle.dz\/#organization","name":"Quotidien La Sentinelle","url":"https:\/\/lasentinelle.dz\/","logo":{"@type":"ImageObject","inLanguage":"fr-FR","@id":"https:\/\/lasentinelle.dz\/#\/schema\/logo\/image\/","url":"https:\/\/lasentinelle.dz\/wp-content\/uploads\/2021\/09\/logo-sentinelleSLOGAN-1.png","contentUrl":"https:\/\/lasentinelle.dz\/wp-content\/uploads\/2021\/09\/logo-sentinelleSLOGAN-1.png","width":615,"height":142,"caption":"Quotidien La Sentinelle"},"image":{"@id":"https:\/\/lasentinelle.dz\/#\/schema\/logo\/image\/"},"sameAs":["https:\/\/www.facebook.com\/La-Sentinelle-104059864394773"]},{"@type":"Person","@id":"https:\/\/lasentinelle.dz\/#\/schema\/person\/729ee0024f24e0b8c5ec17232f8e8b41","name":"admin","image":{"@type":"ImageObject","inLanguage":"fr-FR","@id":"https:\/\/secure.gravatar.com\/avatar\/4c81fed838786e9b53f540bf46533e750f5d292099ae3b66cfc6fb1982e29df7?s=96&d=mm&r=g","url":"https:\/\/secure.gravatar.com\/avatar\/4c81fed838786e9b53f540bf46533e750f5d292099ae3b66cfc6fb1982e29df7?s=96&d=mm&r=g","contentUrl":"https:\/\/secure.gravatar.com\/avatar\/4c81fed838786e9b53f540bf46533e750f5d292099ae3b66cfc6fb1982e29df7?s=96&d=mm&r=g","caption":"admin"},"description":"admin","url":"https:\/\/lasentinelle.dz\/author\/admin\/"}]}},"_links":{"self":[{"href":"https:\/\/lasentinelle.dz\/index.php\/wp-json\/wp\/v2\/posts\/67938","targetHints":{"allow":["GET"]}}],"collection":[{"href":"https:\/\/lasentinelle.dz\/index.php\/wp-json\/wp\/v2\/posts"}],"about":[{"href":"https:\/\/lasentinelle.dz\/index.php\/wp-json\/wp\/v2\/types\/post"}],"author":[{"embeddable":true,"href":"https:\/\/lasentinelle.dz\/index.php\/wp-json\/wp\/v2\/users\/6"}],"replies":[{"embeddable":true,"href":"https:\/\/lasentinelle.dz\/index.php\/wp-json\/wp\/v2\/comments?post=67938"}],"version-history":[{"count":2,"href":"https:\/\/lasentinelle.dz\/index.php\/wp-json\/wp\/v2\/posts\/67938\/revisions"}],"predecessor-version":[{"id":67941,"href":"https:\/\/lasentinelle.dz\/index.php\/wp-json\/wp\/v2\/posts\/67938\/revisions\/67941"}],"wp:featuredmedia":[{"embeddable":true,"href":"https:\/\/lasentinelle.dz\/index.php\/wp-json\/wp\/v2\/media\/67939"}],"wp:attachment":[{"href":"https:\/\/lasentinelle.dz\/index.php\/wp-json\/wp\/v2\/media?parent=67938"}],"wp:term":[{"taxonomy":"category","embeddable":true,"href":"https:\/\/lasentinelle.dz\/index.php\/wp-json\/wp\/v2\/categories?post=67938"},{"taxonomy":"post_tag","embeddable":true,"href":"https:\/\/lasentinelle.dz\/index.php\/wp-json\/wp\/v2\/tags?post=67938"}],"curies":[{"name":"wp","href":"https:\/\/api.w.org\/{rel}","templated":true}]}}