{"id":67944,"date":"2025-05-26T12:04:27","date_gmt":"2025-05-26T11:04:27","guid":{"rendered":"https:\/\/lasentinelle.dz\/?p=67944"},"modified":"2025-05-26T12:04:28","modified_gmt":"2025-05-26T11:04:28","slug":"le-conseil-daffaires-plaide-pour-un-renforcement-des-echanges-commerciaux-vers-un-accord-preferentiel-entre-lalgerie-et-la-mauritanie","status":"publish","type":"post","link":"https:\/\/lasentinelle.dz\/index.php\/2025\/05\/26\/le-conseil-daffaires-plaide-pour-un-renforcement-des-echanges-commerciaux-vers-un-accord-preferentiel-entre-lalgerie-et-la-mauritanie\/","title":{"rendered":"Le Conseil d&rsquo;affaires plaide pour un renforcement des \u00e9changes commerciaux: Vers un accord pr\u00e9f\u00e9rentiel entre l&rsquo;Alg\u00e9rie et la Mauritanie"},"content":{"rendered":"\n<p>La 9e session du Conseil d&rsquo;affaires alg\u00e9ro-mauritanien, qui s&rsquo;est achev\u00e9e samedi \u00e0 Nouakchott, a formul\u00e9 des recommandations ambitieuses pour dynamiser les relations \u00e9conomiques entre les deux pays fr\u00e8res. R\u00e9uni en marge de la 7e \u00e9dition de la Foire des produits alg\u00e9riens qui se d\u00e9roule du 22 au 28 mai dans la capitale mauritanienne, le Conseil a appel\u00e9 \u00e0 la conclusion d&rsquo;un accord pr\u00e9f\u00e9rentiel couvrant un ensemble de produits strat\u00e9giques. Les recommandations adopt\u00e9es visent \u00e0 lever les obstacles qui entravent actuellement le d\u00e9veloppement du commerce bilat\u00e9ral. Le Conseil pr\u00e9conise notamment l&rsquo;acc\u00e9l\u00e9ration de la cr\u00e9ation d&rsquo;un comit\u00e9 technique mixte ad hoc et la lev\u00e9e de tous les obstacles entravant l&rsquo;acc\u00e8s des marchandises mauritaniennes et alg\u00e9riennes aux march\u00e9s des deux pays. Un accord de transport routier entre les deux nations figure \u00e9galement parmi les priorit\u00e9s identifi\u00e9es.<\/p>\n\n\n\n<p>L&rsquo;assouplissement des transactions financi\u00e8res constitue un autre axe majeur des recommandations, de m\u00eame que la mise en place de cadres juridiques et de proc\u00e9dures sanitaires pour l&rsquo;importation et l&rsquo;exportation du b\u00e9tail et de ses d\u00e9riv\u00e9s. Les autorit\u00e9s des deux pays sont appel\u00e9es \u00e0 accompagner davantage les entreprises dans leurs d\u00e9marches administratives li\u00e9es aux activit\u00e9s commerciales. Innovation notable parmi les propositions, le Conseil sugg\u00e8re de d\u00e9velopper le commerce de troc comme outil de d\u00e9veloppement des zones frontali\u00e8res. Cette approche alternative pourrait permettre de contourner certaines difficult\u00e9s li\u00e9es aux transactions mon\u00e9taires classiques tout en stimulant l&rsquo;activit\u00e9 \u00e9conomique dans les r\u00e9gions limitrophes. Les infrastructures de transport font l&rsquo;objet d&rsquo;une attention particuli\u00e8re avec l&rsquo;appel \u00e0 renforcer et activer la ligne maritime reliant les deux pays, en levant tous les obstacles entravant sa r\u00e9gularit\u00e9. L&rsquo;acc\u00e9l\u00e9ration du rythme de r\u00e9alisation de la route reliant Tindouf \u00e0 Zouerate figure aussi parmi les priorit\u00e9s, de m\u00eame que l&rsquo;ouverture de lignes maritimes directes entre les diff\u00e9rentes villes alg\u00e9riennes et mauritaniennes. Parall\u00e8lement aux travaux du Conseil d&rsquo;affaires, le ministre Tayeb Zitouni a effectu\u00e9 une visite de la Foire des produits alg\u00e9riens, qui rassemble cette ann\u00e9e 200 exposants. Lors de cette visite en compagnie notamment de Rabah Fassih, directeur de la promotion et du soutien aux \u00e9changes \u00e9conomiques au minist\u00e8re des Affaires \u00e9trang\u00e8res, et d&rsquo;Abdelatif Houari, directeur par int\u00e9rim des m\u00e9canismes de soutien aux exportations, le ministre a insist\u00e9 sur l&rsquo;importance de renforcer la comp\u00e9titivit\u00e9 du produit alg\u00e9rien \u00e0 l&rsquo;\u00e9tranger. \u00ab\u00a0Il faut focaliser essentiellement sur la qualit\u00e9\u00a0\u00bb, a d\u00e9clar\u00e9 M. Zitouni, soulignant l&rsquo;importance de garantir la qualit\u00e9 des produits et de se conformer aux normes internationales. Le ministre a \u00e9galement mis l&rsquo;accent sur l&rsquo;importance strat\u00e9gique du march\u00e9 mauritanien, qu&rsquo;il consid\u00e8re comme \u00ab\u00a0un portail vers l&rsquo;ouest de l&rsquo;Afrique\u00a0\u00bb.<\/p>\n\n\n\n<p><strong>Sabrina Aziouez<\/strong><\/p>\n","protected":false},"excerpt":{"rendered":"<p>La 9e session du Conseil d&rsquo;affaires alg\u00e9ro-mauritanien, qui s&rsquo;est achev\u00e9e samedi \u00e0 Nouakchott, a formul\u00e9 des recommandations ambitieuses pour dynamiser<\/p>\n","protected":false},"author":6,"featured_media":67873,"comment_status":"open","ping_status":"closed","sticky":false,"template":"","format":"standard","meta":{"colormag_page_container_layout":"default_layout","colormag_page_sidebar_layout":"default_layout","om_disable_all_campaigns":false,"_monsterinsights_skip_tracking":false,"_monsterinsights_sitenote_active":false,"_monsterinsights_sitenote_note":"","_monsterinsights_sitenote_category":0,"footnotes":"","_wpscppro_dont_share_socialmedia":false,"_wpscppro_custom_social_share_image":0,"_facebook_share_type":"default","_twitter_share_type":"default","_linkedin_share_type":"default","_pinterest_share_type":"default","_linkedin_share_type_page":"","_instagram_share_type":"default","_medium_share_type":"default","_threads_share_type":"","_google_business_share_type":"","_selected_social_profile":[],"_wpsp_enable_custom_social_template":false,"_wpsp_social_scheduling":{"enabled":false,"datetime":null,"platforms":[],"status":"template_only","dateOption":"today","timeOption":"now","customDays":"","customHours":"","customDate":"","customTime":"","schedulingType":"absolute"},"_wpsp_active_default_template":true},"categories":[27],"tags":[],"class_list":["post-67944","post","type-post","status-publish","format-standard","has-post-thumbnail","hentry","category-actualite"],"aioseo_notices":[],"yoast_head":"<!-- This site is optimized with the Yoast SEO plugin v27.5 - https:\/\/yoast.com\/product\/yoast-seo-wordpress\/ -->\n<title>Le Conseil d&rsquo;affaires plaide pour un renforcement des \u00e9changes commerciaux: Vers un accord pr\u00e9f\u00e9rentiel entre l&rsquo;Alg\u00e9rie et la Mauritanie - La Sentinelle<\/title>\n<meta name=\"robots\" content=\"index, follow, max-snippet:-1, max-image-preview:large, max-video-preview:-1\" \/>\n<link rel=\"canonical\" href=\"https:\/\/lasentinelle.dz\/index.php\/2025\/05\/26\/le-conseil-daffaires-plaide-pour-un-renforcement-des-echanges-commerciaux-vers-un-accord-preferentiel-entre-lalgerie-et-la-mauritanie\/\" \/>\n<meta property=\"og:locale\" content=\"fr_FR\" \/>\n<meta property=\"og:type\" content=\"article\" \/>\n<meta property=\"og:title\" content=\"Le Conseil d&rsquo;affaires plaide pour un renforcement des \u00e9changes commerciaux: Vers un accord pr\u00e9f\u00e9rentiel entre l&rsquo;Alg\u00e9rie et la Mauritanie - La Sentinelle\" \/>\n<meta property=\"og:description\" content=\"La 9e session du Conseil d&rsquo;affaires alg\u00e9ro-mauritanien, qui s&rsquo;est achev\u00e9e samedi \u00e0 Nouakchott, a formul\u00e9 des recommandations ambitieuses pour dynamiser\" \/>\n<meta property=\"og:url\" content=\"https:\/\/lasentinelle.dz\/index.php\/2025\/05\/26\/le-conseil-daffaires-plaide-pour-un-renforcement-des-echanges-commerciaux-vers-un-accord-preferentiel-entre-lalgerie-et-la-mauritanie\/\" \/>\n<meta property=\"og:site_name\" content=\"La Sentinelle\" \/>\n<meta property=\"article:publisher\" content=\"https:\/\/www.facebook.com\/La-Sentinelle-104059864394773\" \/>\n<meta property=\"article:published_time\" content=\"2025-05-26T11:04:27+00:00\" \/>\n<meta property=\"article:modified_time\" content=\"2025-05-26T11:04:28+00:00\" \/>\n<meta property=\"og:image\" content=\"https:\/\/lasentinelle.dz\/wp-content\/uploads\/2025\/05\/zytwny_0.webp\" \/>\n\t<meta property=\"og:image:width\" content=\"900\" \/>\n\t<meta property=\"og:image:height\" content=\"675\" \/>\n\t<meta property=\"og:image:type\" content=\"image\/webp\" \/>\n<meta name=\"author\" content=\"admin\" \/>\n<meta name=\"twitter:card\" content=\"summary_large_image\" \/>\n<meta name=\"twitter:label1\" content=\"\u00c9crit par\" \/>\n\t<meta name=\"twitter:data1\" content=\"admin\" \/>\n\t<meta name=\"twitter:label2\" content=\"Dur\u00e9e de lecture estim\u00e9e\" \/>\n\t<meta name=\"twitter:data2\" content=\"3 minutes\" \/>\n<script type=\"application\/ld+json\" class=\"yoast-schema-graph\">{\"@context\":\"https:\\\/\\\/schema.org\",\"@graph\":[{\"@type\":\"Article\",\"@id\":\"https:\\\/\\\/lasentinelle.dz\\\/index.php\\\/2025\\\/05\\\/26\\\/le-conseil-daffaires-plaide-pour-un-renforcement-des-echanges-commerciaux-vers-un-accord-preferentiel-entre-lalgerie-et-la-mauritanie\\\/#article\",\"isPartOf\":{\"@id\":\"https:\\\/\\\/lasentinelle.dz\\\/index.php\\\/2025\\\/05\\\/26\\\/le-conseil-daffaires-plaide-pour-un-renforcement-des-echanges-commerciaux-vers-un-accord-preferentiel-entre-lalgerie-et-la-mauritanie\\\/\"},\"author\":{\"name\":\"admin\",\"@id\":\"https:\\\/\\\/lasentinelle.dz\\\/#\\\/schema\\\/person\\\/729ee0024f24e0b8c5ec17232f8e8b41\"},\"headline\":\"Le Conseil d&rsquo;affaires plaide pour un renforcement des \u00e9changes commerciaux: Vers un accord pr\u00e9f\u00e9rentiel entre l&rsquo;Alg\u00e9rie et la Mauritanie\",\"datePublished\":\"2025-05-26T11:04:27+00:00\",\"dateModified\":\"2025-05-26T11:04:28+00:00\",\"mainEntityOfPage\":{\"@id\":\"https:\\\/\\\/lasentinelle.dz\\\/index.php\\\/2025\\\/05\\\/26\\\/le-conseil-daffaires-plaide-pour-un-renforcement-des-echanges-commerciaux-vers-un-accord-preferentiel-entre-lalgerie-et-la-mauritanie\\\/\"},\"wordCount\":524,\"commentCount\":0,\"publisher\":{\"@id\":\"https:\\\/\\\/lasentinelle.dz\\\/#organization\"},\"image\":{\"@id\":\"https:\\\/\\\/lasentinelle.dz\\\/index.php\\\/2025\\\/05\\\/26\\\/le-conseil-daffaires-plaide-pour-un-renforcement-des-echanges-commerciaux-vers-un-accord-preferentiel-entre-lalgerie-et-la-mauritanie\\\/#primaryimage\"},\"thumbnailUrl\":\"https:\\\/\\\/lasentinelle.dz\\\/wp-content\\\/uploads\\\/2025\\\/05\\\/zytwny_0.webp\",\"articleSection\":[\"Actualit\u00e9\"],\"inLanguage\":\"fr-FR\",\"potentialAction\":[{\"@type\":\"CommentAction\",\"name\":\"Comment\",\"target\":[\"https:\\\/\\\/lasentinelle.dz\\\/index.php\\\/2025\\\/05\\\/26\\\/le-conseil-daffaires-plaide-pour-un-renforcement-des-echanges-commerciaux-vers-un-accord-preferentiel-entre-lalgerie-et-la-mauritanie\\\/#respond\"]}]},{\"@type\":\"WebPage\",\"@id\":\"https:\\\/\\\/lasentinelle.dz\\\/index.php\\\/2025\\\/05\\\/26\\\/le-conseil-daffaires-plaide-pour-un-renforcement-des-echanges-commerciaux-vers-un-accord-preferentiel-entre-lalgerie-et-la-mauritanie\\\/\",\"url\":\"https:\\\/\\\/lasentinelle.dz\\\/index.php\\\/2025\\\/05\\\/26\\\/le-conseil-daffaires-plaide-pour-un-renforcement-des-echanges-commerciaux-vers-un-accord-preferentiel-entre-lalgerie-et-la-mauritanie\\\/\",\"name\":\"Le Conseil d&rsquo;affaires plaide pour un renforcement des \u00e9changes commerciaux: Vers un accord pr\u00e9f\u00e9rentiel entre l&rsquo;Alg\u00e9rie et la Mauritanie - La Sentinelle\",\"isPartOf\":{\"@id\":\"https:\\\/\\\/lasentinelle.dz\\\/#website\"},\"primaryImageOfPage\":{\"@id\":\"https:\\\/\\\/lasentinelle.dz\\\/index.php\\\/2025\\\/05\\\/26\\\/le-conseil-daffaires-plaide-pour-un-renforcement-des-echanges-commerciaux-vers-un-accord-preferentiel-entre-lalgerie-et-la-mauritanie\\\/#primaryimage\"},\"image\":{\"@id\":\"https:\\\/\\\/lasentinelle.dz\\\/index.php\\\/2025\\\/05\\\/26\\\/le-conseil-daffaires-plaide-pour-un-renforcement-des-echanges-commerciaux-vers-un-accord-preferentiel-entre-lalgerie-et-la-mauritanie\\\/#primaryimage\"},\"thumbnailUrl\":\"https:\\\/\\\/lasentinelle.dz\\\/wp-content\\\/uploads\\\/2025\\\/05\\\/zytwny_0.webp\",\"datePublished\":\"2025-05-26T11:04:27+00:00\",\"dateModified\":\"2025-05-26T11:04:28+00:00\",\"breadcrumb\":{\"@id\":\"https:\\\/\\\/lasentinelle.dz\\\/index.php\\\/2025\\\/05\\\/26\\\/le-conseil-daffaires-plaide-pour-un-renforcement-des-echanges-commerciaux-vers-un-accord-preferentiel-entre-lalgerie-et-la-mauritanie\\\/#breadcrumb\"},\"inLanguage\":\"fr-FR\",\"potentialAction\":[{\"@type\":\"ReadAction\",\"target\":[\"https:\\\/\\\/lasentinelle.dz\\\/index.php\\\/2025\\\/05\\\/26\\\/le-conseil-daffaires-plaide-pour-un-renforcement-des-echanges-commerciaux-vers-un-accord-preferentiel-entre-lalgerie-et-la-mauritanie\\\/\"]}]},{\"@type\":\"ImageObject\",\"inLanguage\":\"fr-FR\",\"@id\":\"https:\\\/\\\/lasentinelle.dz\\\/index.php\\\/2025\\\/05\\\/26\\\/le-conseil-daffaires-plaide-pour-un-renforcement-des-echanges-commerciaux-vers-un-accord-preferentiel-entre-lalgerie-et-la-mauritanie\\\/#primaryimage\",\"url\":\"https:\\\/\\\/lasentinelle.dz\\\/wp-content\\\/uploads\\\/2025\\\/05\\\/zytwny_0.webp\",\"contentUrl\":\"https:\\\/\\\/lasentinelle.dz\\\/wp-content\\\/uploads\\\/2025\\\/05\\\/zytwny_0.webp\",\"width\":900,\"height\":675},{\"@type\":\"BreadcrumbList\",\"@id\":\"https:\\\/\\\/lasentinelle.dz\\\/index.php\\\/2025\\\/05\\\/26\\\/le-conseil-daffaires-plaide-pour-un-renforcement-des-echanges-commerciaux-vers-un-accord-preferentiel-entre-lalgerie-et-la-mauritanie\\\/#breadcrumb\",\"itemListElement\":[{\"@type\":\"ListItem\",\"position\":1,\"name\":\"Accueil\",\"item\":\"https:\\\/\\\/lasentinelle.dz\\\/\"},{\"@type\":\"ListItem\",\"position\":2,\"name\":\"Le Conseil d&rsquo;affaires plaide pour un renforcement des \u00e9changes commerciaux: Vers un accord pr\u00e9f\u00e9rentiel entre l&rsquo;Alg\u00e9rie et la Mauritanie\"}]},{\"@type\":\"WebSite\",\"@id\":\"https:\\\/\\\/lasentinelle.dz\\\/#website\",\"url\":\"https:\\\/\\\/lasentinelle.dz\\\/\",\"name\":\"La Sentinelle\",\"description\":\"Quotidien national d&#039;information\",\"publisher\":{\"@id\":\"https:\\\/\\\/lasentinelle.dz\\\/#organization\"},\"potentialAction\":[{\"@type\":\"SearchAction\",\"target\":{\"@type\":\"EntryPoint\",\"urlTemplate\":\"https:\\\/\\\/lasentinelle.dz\\\/?s={search_term_string}\"},\"query-input\":{\"@type\":\"PropertyValueSpecification\",\"valueRequired\":true,\"valueName\":\"search_term_string\"}}],\"inLanguage\":\"fr-FR\"},{\"@type\":\"Organization\",\"@id\":\"https:\\\/\\\/lasentinelle.dz\\\/#organization\",\"name\":\"Quotidien La Sentinelle\",\"url\":\"https:\\\/\\\/lasentinelle.dz\\\/\",\"logo\":{\"@type\":\"ImageObject\",\"inLanguage\":\"fr-FR\",\"@id\":\"https:\\\/\\\/lasentinelle.dz\\\/#\\\/schema\\\/logo\\\/image\\\/\",\"url\":\"https:\\\/\\\/lasentinelle.dz\\\/wp-content\\\/uploads\\\/2021\\\/09\\\/logo-sentinelleSLOGAN-1.png\",\"contentUrl\":\"https:\\\/\\\/lasentinelle.dz\\\/wp-content\\\/uploads\\\/2021\\\/09\\\/logo-sentinelleSLOGAN-1.png\",\"width\":615,\"height\":142,\"caption\":\"Quotidien La Sentinelle\"},\"image\":{\"@id\":\"https:\\\/\\\/lasentinelle.dz\\\/#\\\/schema\\\/logo\\\/image\\\/\"},\"sameAs\":[\"https:\\\/\\\/www.facebook.com\\\/La-Sentinelle-104059864394773\"]},{\"@type\":\"Person\",\"@id\":\"https:\\\/\\\/lasentinelle.dz\\\/#\\\/schema\\\/person\\\/729ee0024f24e0b8c5ec17232f8e8b41\",\"name\":\"admin\",\"image\":{\"@type\":\"ImageObject\",\"inLanguage\":\"fr-FR\",\"@id\":\"https:\\\/\\\/secure.gravatar.com\\\/avatar\\\/4c81fed838786e9b53f540bf46533e750f5d292099ae3b66cfc6fb1982e29df7?s=96&d=mm&r=g\",\"url\":\"https:\\\/\\\/secure.gravatar.com\\\/avatar\\\/4c81fed838786e9b53f540bf46533e750f5d292099ae3b66cfc6fb1982e29df7?s=96&d=mm&r=g\",\"contentUrl\":\"https:\\\/\\\/secure.gravatar.com\\\/avatar\\\/4c81fed838786e9b53f540bf46533e750f5d292099ae3b66cfc6fb1982e29df7?s=96&d=mm&r=g\",\"caption\":\"admin\"},\"description\":\"admin\",\"url\":\"https:\\\/\\\/lasentinelle.dz\\\/author\\\/admin\\\/\"}]}<\/script>\n<!-- \/ Yoast SEO plugin. -->","yoast_head_json":{"title":"Le Conseil d&rsquo;affaires plaide pour un renforcement des \u00e9changes commerciaux: Vers un accord pr\u00e9f\u00e9rentiel entre l&rsquo;Alg\u00e9rie et la Mauritanie - La Sentinelle","robots":{"index":"index","follow":"follow","max-snippet":"max-snippet:-1","max-image-preview":"max-image-preview:large","max-video-preview":"max-video-preview:-1"},"canonical":"https:\/\/lasentinelle.dz\/index.php\/2025\/05\/26\/le-conseil-daffaires-plaide-pour-un-renforcement-des-echanges-commerciaux-vers-un-accord-preferentiel-entre-lalgerie-et-la-mauritanie\/","og_locale":"fr_FR","og_type":"article","og_title":"Le Conseil d&rsquo;affaires plaide pour un renforcement des \u00e9changes commerciaux: Vers un accord pr\u00e9f\u00e9rentiel entre l&rsquo;Alg\u00e9rie et la Mauritanie - La Sentinelle","og_description":"La 9e session du Conseil d&rsquo;affaires alg\u00e9ro-mauritanien, qui s&rsquo;est achev\u00e9e samedi \u00e0 Nouakchott, a formul\u00e9 des recommandations ambitieuses pour dynamiser","og_url":"https:\/\/lasentinelle.dz\/index.php\/2025\/05\/26\/le-conseil-daffaires-plaide-pour-un-renforcement-des-echanges-commerciaux-vers-un-accord-preferentiel-entre-lalgerie-et-la-mauritanie\/","og_site_name":"La Sentinelle","article_publisher":"https:\/\/www.facebook.com\/La-Sentinelle-104059864394773","article_published_time":"2025-05-26T11:04:27+00:00","article_modified_time":"2025-05-26T11:04:28+00:00","og_image":[{"width":900,"height":675,"url":"https:\/\/lasentinelle.dz\/wp-content\/uploads\/2025\/05\/zytwny_0.webp","type":"image\/webp"}],"author":"admin","twitter_card":"summary_large_image","twitter_misc":{"\u00c9crit par":"admin","Dur\u00e9e de lecture estim\u00e9e":"3 minutes"},"schema":{"@context":"https:\/\/schema.org","@graph":[{"@type":"Article","@id":"https:\/\/lasentinelle.dz\/index.php\/2025\/05\/26\/le-conseil-daffaires-plaide-pour-un-renforcement-des-echanges-commerciaux-vers-un-accord-preferentiel-entre-lalgerie-et-la-mauritanie\/#article","isPartOf":{"@id":"https:\/\/lasentinelle.dz\/index.php\/2025\/05\/26\/le-conseil-daffaires-plaide-pour-un-renforcement-des-echanges-commerciaux-vers-un-accord-preferentiel-entre-lalgerie-et-la-mauritanie\/"},"author":{"name":"admin","@id":"https:\/\/lasentinelle.dz\/#\/schema\/person\/729ee0024f24e0b8c5ec17232f8e8b41"},"headline":"Le Conseil d&rsquo;affaires plaide pour un renforcement des \u00e9changes commerciaux: Vers un accord pr\u00e9f\u00e9rentiel entre l&rsquo;Alg\u00e9rie et la Mauritanie","datePublished":"2025-05-26T11:04:27+00:00","dateModified":"2025-05-26T11:04:28+00:00","mainEntityOfPage":{"@id":"https:\/\/lasentinelle.dz\/index.php\/2025\/05\/26\/le-conseil-daffaires-plaide-pour-un-renforcement-des-echanges-commerciaux-vers-un-accord-preferentiel-entre-lalgerie-et-la-mauritanie\/"},"wordCount":524,"commentCount":0,"publisher":{"@id":"https:\/\/lasentinelle.dz\/#organization"},"image":{"@id":"https:\/\/lasentinelle.dz\/index.php\/2025\/05\/26\/le-conseil-daffaires-plaide-pour-un-renforcement-des-echanges-commerciaux-vers-un-accord-preferentiel-entre-lalgerie-et-la-mauritanie\/#primaryimage"},"thumbnailUrl":"https:\/\/lasentinelle.dz\/wp-content\/uploads\/2025\/05\/zytwny_0.webp","articleSection":["Actualit\u00e9"],"inLanguage":"fr-FR","potentialAction":[{"@type":"CommentAction","name":"Comment","target":["https:\/\/lasentinelle.dz\/index.php\/2025\/05\/26\/le-conseil-daffaires-plaide-pour-un-renforcement-des-echanges-commerciaux-vers-un-accord-preferentiel-entre-lalgerie-et-la-mauritanie\/#respond"]}]},{"@type":"WebPage","@id":"https:\/\/lasentinelle.dz\/index.php\/2025\/05\/26\/le-conseil-daffaires-plaide-pour-un-renforcement-des-echanges-commerciaux-vers-un-accord-preferentiel-entre-lalgerie-et-la-mauritanie\/","url":"https:\/\/lasentinelle.dz\/index.php\/2025\/05\/26\/le-conseil-daffaires-plaide-pour-un-renforcement-des-echanges-commerciaux-vers-un-accord-preferentiel-entre-lalgerie-et-la-mauritanie\/","name":"Le Conseil d&rsquo;affaires plaide pour un renforcement des \u00e9changes commerciaux: Vers un accord pr\u00e9f\u00e9rentiel entre l&rsquo;Alg\u00e9rie et la Mauritanie - La Sentinelle","isPartOf":{"@id":"https:\/\/lasentinelle.dz\/#website"},"primaryImageOfPage":{"@id":"https:\/\/lasentinelle.dz\/index.php\/2025\/05\/26\/le-conseil-daffaires-plaide-pour-un-renforcement-des-echanges-commerciaux-vers-un-accord-preferentiel-entre-lalgerie-et-la-mauritanie\/#primaryimage"},"image":{"@id":"https:\/\/lasentinelle.dz\/index.php\/2025\/05\/26\/le-conseil-daffaires-plaide-pour-un-renforcement-des-echanges-commerciaux-vers-un-accord-preferentiel-entre-lalgerie-et-la-mauritanie\/#primaryimage"},"thumbnailUrl":"https:\/\/lasentinelle.dz\/wp-content\/uploads\/2025\/05\/zytwny_0.webp","datePublished":"2025-05-26T11:04:27+00:00","dateModified":"2025-05-26T11:04:28+00:00","breadcrumb":{"@id":"https:\/\/lasentinelle.dz\/index.php\/2025\/05\/26\/le-conseil-daffaires-plaide-pour-un-renforcement-des-echanges-commerciaux-vers-un-accord-preferentiel-entre-lalgerie-et-la-mauritanie\/#breadcrumb"},"inLanguage":"fr-FR","potentialAction":[{"@type":"ReadAction","target":["https:\/\/lasentinelle.dz\/index.php\/2025\/05\/26\/le-conseil-daffaires-plaide-pour-un-renforcement-des-echanges-commerciaux-vers-un-accord-preferentiel-entre-lalgerie-et-la-mauritanie\/"]}]},{"@type":"ImageObject","inLanguage":"fr-FR","@id":"https:\/\/lasentinelle.dz\/index.php\/2025\/05\/26\/le-conseil-daffaires-plaide-pour-un-renforcement-des-echanges-commerciaux-vers-un-accord-preferentiel-entre-lalgerie-et-la-mauritanie\/#primaryimage","url":"https:\/\/lasentinelle.dz\/wp-content\/uploads\/2025\/05\/zytwny_0.webp","contentUrl":"https:\/\/lasentinelle.dz\/wp-content\/uploads\/2025\/05\/zytwny_0.webp","width":900,"height":675},{"@type":"BreadcrumbList","@id":"https:\/\/lasentinelle.dz\/index.php\/2025\/05\/26\/le-conseil-daffaires-plaide-pour-un-renforcement-des-echanges-commerciaux-vers-un-accord-preferentiel-entre-lalgerie-et-la-mauritanie\/#breadcrumb","itemListElement":[{"@type":"ListItem","position":1,"name":"Accueil","item":"https:\/\/lasentinelle.dz\/"},{"@type":"ListItem","position":2,"name":"Le Conseil d&rsquo;affaires plaide pour un renforcement des \u00e9changes commerciaux: Vers un accord pr\u00e9f\u00e9rentiel entre l&rsquo;Alg\u00e9rie et la Mauritanie"}]},{"@type":"WebSite","@id":"https:\/\/lasentinelle.dz\/#website","url":"https:\/\/lasentinelle.dz\/","name":"La Sentinelle","description":"Quotidien national d&#039;information","publisher":{"@id":"https:\/\/lasentinelle.dz\/#organization"},"potentialAction":[{"@type":"SearchAction","target":{"@type":"EntryPoint","urlTemplate":"https:\/\/lasentinelle.dz\/?s={search_term_string}"},"query-input":{"@type":"PropertyValueSpecification","valueRequired":true,"valueName":"search_term_string"}}],"inLanguage":"fr-FR"},{"@type":"Organization","@id":"https:\/\/lasentinelle.dz\/#organization","name":"Quotidien La Sentinelle","url":"https:\/\/lasentinelle.dz\/","logo":{"@type":"ImageObject","inLanguage":"fr-FR","@id":"https:\/\/lasentinelle.dz\/#\/schema\/logo\/image\/","url":"https:\/\/lasentinelle.dz\/wp-content\/uploads\/2021\/09\/logo-sentinelleSLOGAN-1.png","contentUrl":"https:\/\/lasentinelle.dz\/wp-content\/uploads\/2021\/09\/logo-sentinelleSLOGAN-1.png","width":615,"height":142,"caption":"Quotidien La Sentinelle"},"image":{"@id":"https:\/\/lasentinelle.dz\/#\/schema\/logo\/image\/"},"sameAs":["https:\/\/www.facebook.com\/La-Sentinelle-104059864394773"]},{"@type":"Person","@id":"https:\/\/lasentinelle.dz\/#\/schema\/person\/729ee0024f24e0b8c5ec17232f8e8b41","name":"admin","image":{"@type":"ImageObject","inLanguage":"fr-FR","@id":"https:\/\/secure.gravatar.com\/avatar\/4c81fed838786e9b53f540bf46533e750f5d292099ae3b66cfc6fb1982e29df7?s=96&d=mm&r=g","url":"https:\/\/secure.gravatar.com\/avatar\/4c81fed838786e9b53f540bf46533e750f5d292099ae3b66cfc6fb1982e29df7?s=96&d=mm&r=g","contentUrl":"https:\/\/secure.gravatar.com\/avatar\/4c81fed838786e9b53f540bf46533e750f5d292099ae3b66cfc6fb1982e29df7?s=96&d=mm&r=g","caption":"admin"},"description":"admin","url":"https:\/\/lasentinelle.dz\/author\/admin\/"}]}},"_links":{"self":[{"href":"https:\/\/lasentinelle.dz\/index.php\/wp-json\/wp\/v2\/posts\/67944","targetHints":{"allow":["GET"]}}],"collection":[{"href":"https:\/\/lasentinelle.dz\/index.php\/wp-json\/wp\/v2\/posts"}],"about":[{"href":"https:\/\/lasentinelle.dz\/index.php\/wp-json\/wp\/v2\/types\/post"}],"author":[{"embeddable":true,"href":"https:\/\/lasentinelle.dz\/index.php\/wp-json\/wp\/v2\/users\/6"}],"replies":[{"embeddable":true,"href":"https:\/\/lasentinelle.dz\/index.php\/wp-json\/wp\/v2\/comments?post=67944"}],"version-history":[{"count":2,"href":"https:\/\/lasentinelle.dz\/index.php\/wp-json\/wp\/v2\/posts\/67944\/revisions"}],"predecessor-version":[{"id":67946,"href":"https:\/\/lasentinelle.dz\/index.php\/wp-json\/wp\/v2\/posts\/67944\/revisions\/67946"}],"wp:featuredmedia":[{"embeddable":true,"href":"https:\/\/lasentinelle.dz\/index.php\/wp-json\/wp\/v2\/media\/67873"}],"wp:attachment":[{"href":"https:\/\/lasentinelle.dz\/index.php\/wp-json\/wp\/v2\/media?parent=67944"}],"wp:term":[{"taxonomy":"category","embeddable":true,"href":"https:\/\/lasentinelle.dz\/index.php\/wp-json\/wp\/v2\/categories?post=67944"},{"taxonomy":"post_tag","embeddable":true,"href":"https:\/\/lasentinelle.dz\/index.php\/wp-json\/wp\/v2\/tags?post=67944"}],"curies":[{"name":"wp","href":"https:\/\/api.w.org\/{rel}","templated":true}]}}