{"id":67947,"date":"2025-05-26T12:05:40","date_gmt":"2025-05-26T11:05:40","guid":{"rendered":"https:\/\/lasentinelle.dz\/?p=67947"},"modified":"2025-05-26T12:05:41","modified_gmt":"2025-05-26T11:05:41","slug":"apres-des-annees-de-blocage-dans-les-ports-etrangers-lalgerie-recupere-ses-navires","status":"publish","type":"post","link":"https:\/\/lasentinelle.dz\/index.php\/2025\/05\/26\/apres-des-annees-de-blocage-dans-les-ports-etrangers-lalgerie-recupere-ses-navires\/","title":{"rendered":"Apr\u00e8s des ann\u00e9es de blocage dans les ports \u00e9trangers : L&rsquo;Alg\u00e9rie r\u00e9cup\u00e8re ses navires"},"content":{"rendered":"\n<p>Apr\u00e8s des blocages dans les ports \u00e9trangers, l&rsquo;Alg\u00e9rie commence \u00e0 r\u00e9cup\u00e9rer ses navires dans le cadre d&rsquo;une vaste strat\u00e9gie de reconstitution de sa flotte maritime nationale. Cette op\u00e9ration d&rsquo;envergure, men\u00e9e sous l&rsquo;\u00e9gide du minist\u00e8re des Transports dirig\u00e9 par Said Sayoud, vise \u00e0 redonner \u00e0 la marine marchande alg\u00e9rienne sa place sur l&rsquo;\u00e9chiquier commercial international, \u00e0 un moment crucial o\u00f9 l&rsquo;\u00e9conomie nationale se tourne r\u00e9solument vers l&rsquo;exportation.<\/p>\n\n\n\n<p>Deux victoires symboliques viennent d&rsquo;illustrer cette d\u00e9marche volontariste. Le navire alg\u00e9rien \u00ab\u00a0Sedrata\u00a0\u00bb, immobilis\u00e9 pendant plus de trois ann\u00e9es dans le port belge d&rsquo;Anvers, a repris la mer apr\u00e8s avoir \u00e9t\u00e9 soumis le 22 mai en cours \u00e0 une inspection technique pr\u00e9cise par l&rsquo;organisme Lloyd&rsquo;s Register, qui lui a accord\u00e9 le certificat de conformit\u00e9 le m\u00eame jour. Le lendemain, le navire a \u00e9t\u00e9 soumis \u00e0 une op\u00e9ration de contr\u00f4le compl\u00e8te par les autorit\u00e9s du port d&rsquo;Anvers, incluant l&rsquo;examen de ses \u00e9quipements, avant de reprendre imm\u00e9diatement sa navigation en chargeant des marchandises vers l&rsquo;Alg\u00e9rie. Parall\u00e8lement, dans le cadre de la poursuite des efforts du minist\u00e8re des Transports pour la r\u00e9habilitation de la flotte maritime nationale, le navire alg\u00e9rien \u00ab\u00a0Saoura\u00a0\u00bb a officiellement repris du service le 25 mai 2025, apr\u00e8s avoir subi une op\u00e9ration de maintenance compl\u00e8te en Turquie. Ce navire avait cess\u00e9 ses activit\u00e9s en raison de pannes techniques qui avaient n\u00e9cessit\u00e9 son transfert vers les chantiers de maintenance turcs, o\u00f9 une op\u00e9ration compl\u00e8te de r\u00e9paration a \u00e9t\u00e9 men\u00e9e conform\u00e9ment aux normes internationales, sous la supervision de bureaux de classification agr\u00e9\u00e9s. La \u00ab\u00a0Saoura\u00a0\u00bb a entam\u00e9 son voyage commercial dimanche au d\u00e9part du port d&rsquo;Antalya en Turquie en direction de l&rsquo;Alg\u00e9rie, dans le cadre de la reprise de ses activit\u00e9s commerciales au sein du programme des liaisons maritimes nationales. Cette remise en service constitue une \u00e9tape positive dans le processus de r\u00e9cup\u00e9ration de l&rsquo;\u00e9tat de pr\u00e9paration de la flotte nationale.<\/p>\n\n\n\n<p>Le succ\u00e8s de ces op\u00e9rations r\u00e9sulte d&rsquo;un travail de coordination intense men\u00e9 par les autorit\u00e9s alg\u00e9riennes. Le minist\u00e8re des Transports souligne que ces retours couronnent \u00ab\u00a0une s\u00e9rie de r\u00e9unions de coordination durant lesquelles des directives pr\u00e9cises ont \u00e9t\u00e9 donn\u00e9es et un suivi strict effectu\u00e9 par le minist\u00e8re des Transports, dans le but d&rsquo;acc\u00e9l\u00e9rer le rythme des proc\u00e9dures et de surmonter les obstacles administratifs et techniques\u00a0\u00bb.<\/p>\n\n\n\n<p>La reconstitution de la marine marchande nationale s&rsquo;inscrit dans une probl\u00e9matique plus large. D\u00e9cim\u00e9e depuis plusieurs ann\u00e9es, la flotte alg\u00e9rienne de transport maritime logistique \u00e9tait en situation de d\u00e9labrement en raison de probl\u00e8mes de gestion qui ont conduit plusieurs navires \u00e0 se retrouver bloqu\u00e9s dans diff\u00e9rents ports \u00e9trangers, \u00ab\u00a0tant\u00f4t pour des raisons administratives, tant\u00f4t pour des raisons de maintenance\u00a0\u00bb.<\/p>\n\n\n\n<p>L&rsquo;ampleur du d\u00e9fi est consid\u00e9rable, comme l&rsquo;a r\u00e9v\u00e9l\u00e9 le ministre des Transports Said Sayoud lors d&rsquo;une rencontre organis\u00e9e il y a quelques jours par le minist\u00e8re du Commerce ext\u00e9rieur avec les exportateurs. Plusieurs navires connaissent des situations similaires \u00e0 celle du \u00ab\u00a0Sedrata\u00a0\u00bb, n\u00e9cessitant une approche globale de r\u00e9cup\u00e9ration. Certaines situations r\u00e9v\u00e8lent la complexit\u00e9 des enjeux juridiques et commerciaux auxquels doit faire face l&rsquo;Alg\u00e9rie. Said Sayoud a cit\u00e9 un cas particuli\u00e8rement \u00e9difiant o\u00f9 trois navires ayant fait l&rsquo;objet d&rsquo;un partenariat avec un armateur \u00e9tranger ont \u00e9t\u00e9 d\u00e9tourn\u00e9s par celui-ci. Le minist\u00e8re des Transports a men\u00e9 des n\u00e9gociations complexes et a r\u00e9ussi \u00e0 trouver un terrain d&rsquo;entente permettant \u00e0 l&rsquo;armateur de continuer d&rsquo;utiliser les navires tout en faisant b\u00e9n\u00e9ficier l&rsquo;Alg\u00e9rie en tant que propri\u00e9taire.<\/p>\n\n\n\n<p>Cette reconstitution de la flotte intervient \u00e0 un moment strat\u00e9gique pour l&rsquo;\u00e9conomie nationale, laquelle se tourne progressivement vers l&rsquo;exportation. Les avanc\u00e9es en production enregistr\u00e9es par les op\u00e9rateurs \u00e9conomiques dans divers secteurs n\u00e9cessitent justement un transport maritime logistique performant pour acheminer leurs produits vers les march\u00e9s mondiaux.<\/p>\n\n\n\n<p>Le retour en service du \u00ab\u00a0Sedrata\u00a0\u00bb et de la \u00ab\u00a0Saoura\u00a0\u00bb t\u00e9moigne d&rsquo;une prise de conscience des enjeux strat\u00e9giques li\u00e9s au contr\u00f4le des voies commerciales maritimes. Ces op\u00e9rations constituent \u00ab\u00a0un acquis nouveau dans le parcours de d\u00e9veloppement du transport maritime national, et le renforcement de sa pr\u00e9sence sur la sc\u00e8ne internationale, refl\u00e9tant une image professionnelle et engag\u00e9e de l&rsquo;Alg\u00e9rie dans ce domaine strat\u00e9gique\u00a0\u00bb.<\/p>\n\n\n\n<p>La renaissance de ces navires illustre parfaitement les d\u00e9fis auxquels fait face l&rsquo;Alg\u00e9rie dans la reconstruction de sa capacit\u00e9 de transport maritime, mais aussi sa d\u00e9termination \u00e0 reconqu\u00e9rir sa place dans le transport maritime commercial international. Cette approche m\u00e9thodique et volontariste devrait permettre \u00e0 la marine marchande alg\u00e9rienne de retrouver progressivement sa capacit\u00e9 op\u00e9rationnelle et de soutenir efficacement les ambitions exportatrices du pays.<\/p>\n\n\n\n<p>Samir Benisid<\/p>\n","protected":false},"excerpt":{"rendered":"<p>Apr\u00e8s des blocages dans les ports \u00e9trangers, l&rsquo;Alg\u00e9rie commence \u00e0 r\u00e9cup\u00e9rer ses navires dans le cadre d&rsquo;une vaste strat\u00e9gie de<\/p>\n","protected":false},"author":6,"featured_media":67948,"comment_status":"open","ping_status":"closed","sticky":false,"template":"","format":"standard","meta":{"colormag_page_container_layout":"default_layout","colormag_page_sidebar_layout":"default_layout","om_disable_all_campaigns":false,"_monsterinsights_skip_tracking":false,"_monsterinsights_sitenote_active":false,"_monsterinsights_sitenote_note":"","_monsterinsights_sitenote_category":0,"footnotes":"","_wpscppro_dont_share_socialmedia":false,"_wpscppro_custom_social_share_image":0,"_facebook_share_type":"default","_twitter_share_type":"default","_linkedin_share_type":"default","_pinterest_share_type":"default","_linkedin_share_type_page":"","_instagram_share_type":"default","_medium_share_type":"default","_threads_share_type":"","_google_business_share_type":"","_selected_social_profile":[],"_wpsp_enable_custom_social_template":false,"_wpsp_social_scheduling":{"enabled":false,"datetime":null,"platforms":[],"status":"template_only","dateOption":"today","timeOption":"now","customDays":"","customHours":"","customDate":"","customTime":"","schedulingType":"absolute"},"_wpsp_active_default_template":true},"categories":[52,27],"tags":[],"class_list":["post-67947","post","type-post","status-publish","format-standard","has-post-thumbnail","hentry","category-a-la-une","category-actualite"],"aioseo_notices":[],"yoast_head":"<!-- This site is optimized with the Yoast SEO plugin v27.5 - https:\/\/yoast.com\/product\/yoast-seo-wordpress\/ -->\n<title>Apr\u00e8s des ann\u00e9es de blocage dans les ports \u00e9trangers : L&rsquo;Alg\u00e9rie r\u00e9cup\u00e8re ses navires - La Sentinelle<\/title>\n<meta name=\"robots\" content=\"index, follow, max-snippet:-1, max-image-preview:large, max-video-preview:-1\" \/>\n<link rel=\"canonical\" href=\"https:\/\/lasentinelle.dz\/index.php\/2025\/05\/26\/apres-des-annees-de-blocage-dans-les-ports-etrangers-lalgerie-recupere-ses-navires\/\" \/>\n<meta property=\"og:locale\" content=\"fr_FR\" \/>\n<meta property=\"og:type\" content=\"article\" \/>\n<meta property=\"og:title\" content=\"Apr\u00e8s des ann\u00e9es de blocage dans les ports \u00e9trangers : L&rsquo;Alg\u00e9rie r\u00e9cup\u00e8re ses navires - La Sentinelle\" \/>\n<meta property=\"og:description\" content=\"Apr\u00e8s des blocages dans les ports \u00e9trangers, l&rsquo;Alg\u00e9rie commence \u00e0 r\u00e9cup\u00e9rer ses navires dans le cadre d&rsquo;une vaste strat\u00e9gie de\" \/>\n<meta property=\"og:url\" content=\"https:\/\/lasentinelle.dz\/index.php\/2025\/05\/26\/apres-des-annees-de-blocage-dans-les-ports-etrangers-lalgerie-recupere-ses-navires\/\" \/>\n<meta property=\"og:site_name\" content=\"La Sentinelle\" \/>\n<meta property=\"article:publisher\" content=\"https:\/\/www.facebook.com\/La-Sentinelle-104059864394773\" \/>\n<meta property=\"article:published_time\" content=\"2025-05-26T11:05:40+00:00\" \/>\n<meta property=\"article:modified_time\" content=\"2025-05-26T11:05:41+00:00\" \/>\n<meta property=\"og:image\" content=\"https:\/\/lasentinelle.dz\/wp-content\/uploads\/2025\/05\/Sedrata.jpg\" \/>\n\t<meta property=\"og:image:width\" content=\"1000\" \/>\n\t<meta property=\"og:image:height\" content=\"750\" \/>\n\t<meta property=\"og:image:type\" content=\"image\/jpeg\" \/>\n<meta name=\"author\" content=\"admin\" \/>\n<meta name=\"twitter:card\" content=\"summary_large_image\" \/>\n<meta name=\"twitter:label1\" content=\"\u00c9crit par\" \/>\n\t<meta name=\"twitter:data1\" content=\"admin\" \/>\n\t<meta name=\"twitter:label2\" content=\"Dur\u00e9e de lecture estim\u00e9e\" \/>\n\t<meta name=\"twitter:data2\" content=\"4 minutes\" \/>\n<script type=\"application\/ld+json\" class=\"yoast-schema-graph\">{\"@context\":\"https:\\\/\\\/schema.org\",\"@graph\":[{\"@type\":\"Article\",\"@id\":\"https:\\\/\\\/lasentinelle.dz\\\/index.php\\\/2025\\\/05\\\/26\\\/apres-des-annees-de-blocage-dans-les-ports-etrangers-lalgerie-recupere-ses-navires\\\/#article\",\"isPartOf\":{\"@id\":\"https:\\\/\\\/lasentinelle.dz\\\/index.php\\\/2025\\\/05\\\/26\\\/apres-des-annees-de-blocage-dans-les-ports-etrangers-lalgerie-recupere-ses-navires\\\/\"},\"author\":{\"name\":\"admin\",\"@id\":\"https:\\\/\\\/lasentinelle.dz\\\/#\\\/schema\\\/person\\\/729ee0024f24e0b8c5ec17232f8e8b41\"},\"headline\":\"Apr\u00e8s des ann\u00e9es de blocage dans les ports \u00e9trangers : L&rsquo;Alg\u00e9rie r\u00e9cup\u00e8re ses navires\",\"datePublished\":\"2025-05-26T11:05:40+00:00\",\"dateModified\":\"2025-05-26T11:05:41+00:00\",\"mainEntityOfPage\":{\"@id\":\"https:\\\/\\\/lasentinelle.dz\\\/index.php\\\/2025\\\/05\\\/26\\\/apres-des-annees-de-blocage-dans-les-ports-etrangers-lalgerie-recupere-ses-navires\\\/\"},\"wordCount\":877,\"commentCount\":0,\"publisher\":{\"@id\":\"https:\\\/\\\/lasentinelle.dz\\\/#organization\"},\"image\":{\"@id\":\"https:\\\/\\\/lasentinelle.dz\\\/index.php\\\/2025\\\/05\\\/26\\\/apres-des-annees-de-blocage-dans-les-ports-etrangers-lalgerie-recupere-ses-navires\\\/#primaryimage\"},\"thumbnailUrl\":\"https:\\\/\\\/lasentinelle.dz\\\/wp-content\\\/uploads\\\/2025\\\/05\\\/Sedrata.jpg\",\"articleSection\":[\"\u00c0 la Une\",\"Actualit\u00e9\"],\"inLanguage\":\"fr-FR\",\"potentialAction\":[{\"@type\":\"CommentAction\",\"name\":\"Comment\",\"target\":[\"https:\\\/\\\/lasentinelle.dz\\\/index.php\\\/2025\\\/05\\\/26\\\/apres-des-annees-de-blocage-dans-les-ports-etrangers-lalgerie-recupere-ses-navires\\\/#respond\"]}]},{\"@type\":\"WebPage\",\"@id\":\"https:\\\/\\\/lasentinelle.dz\\\/index.php\\\/2025\\\/05\\\/26\\\/apres-des-annees-de-blocage-dans-les-ports-etrangers-lalgerie-recupere-ses-navires\\\/\",\"url\":\"https:\\\/\\\/lasentinelle.dz\\\/index.php\\\/2025\\\/05\\\/26\\\/apres-des-annees-de-blocage-dans-les-ports-etrangers-lalgerie-recupere-ses-navires\\\/\",\"name\":\"Apr\u00e8s des ann\u00e9es de blocage dans les ports \u00e9trangers : L&rsquo;Alg\u00e9rie r\u00e9cup\u00e8re ses navires - La Sentinelle\",\"isPartOf\":{\"@id\":\"https:\\\/\\\/lasentinelle.dz\\\/#website\"},\"primaryImageOfPage\":{\"@id\":\"https:\\\/\\\/lasentinelle.dz\\\/index.php\\\/2025\\\/05\\\/26\\\/apres-des-annees-de-blocage-dans-les-ports-etrangers-lalgerie-recupere-ses-navires\\\/#primaryimage\"},\"image\":{\"@id\":\"https:\\\/\\\/lasentinelle.dz\\\/index.php\\\/2025\\\/05\\\/26\\\/apres-des-annees-de-blocage-dans-les-ports-etrangers-lalgerie-recupere-ses-navires\\\/#primaryimage\"},\"thumbnailUrl\":\"https:\\\/\\\/lasentinelle.dz\\\/wp-content\\\/uploads\\\/2025\\\/05\\\/Sedrata.jpg\",\"datePublished\":\"2025-05-26T11:05:40+00:00\",\"dateModified\":\"2025-05-26T11:05:41+00:00\",\"breadcrumb\":{\"@id\":\"https:\\\/\\\/lasentinelle.dz\\\/index.php\\\/2025\\\/05\\\/26\\\/apres-des-annees-de-blocage-dans-les-ports-etrangers-lalgerie-recupere-ses-navires\\\/#breadcrumb\"},\"inLanguage\":\"fr-FR\",\"potentialAction\":[{\"@type\":\"ReadAction\",\"target\":[\"https:\\\/\\\/lasentinelle.dz\\\/index.php\\\/2025\\\/05\\\/26\\\/apres-des-annees-de-blocage-dans-les-ports-etrangers-lalgerie-recupere-ses-navires\\\/\"]}]},{\"@type\":\"ImageObject\",\"inLanguage\":\"fr-FR\",\"@id\":\"https:\\\/\\\/lasentinelle.dz\\\/index.php\\\/2025\\\/05\\\/26\\\/apres-des-annees-de-blocage-dans-les-ports-etrangers-lalgerie-recupere-ses-navires\\\/#primaryimage\",\"url\":\"https:\\\/\\\/lasentinelle.dz\\\/wp-content\\\/uploads\\\/2025\\\/05\\\/Sedrata.jpg\",\"contentUrl\":\"https:\\\/\\\/lasentinelle.dz\\\/wp-content\\\/uploads\\\/2025\\\/05\\\/Sedrata.jpg\",\"width\":1000,\"height\":750},{\"@type\":\"BreadcrumbList\",\"@id\":\"https:\\\/\\\/lasentinelle.dz\\\/index.php\\\/2025\\\/05\\\/26\\\/apres-des-annees-de-blocage-dans-les-ports-etrangers-lalgerie-recupere-ses-navires\\\/#breadcrumb\",\"itemListElement\":[{\"@type\":\"ListItem\",\"position\":1,\"name\":\"Accueil\",\"item\":\"https:\\\/\\\/lasentinelle.dz\\\/\"},{\"@type\":\"ListItem\",\"position\":2,\"name\":\"Apr\u00e8s des ann\u00e9es de blocage dans les ports \u00e9trangers : L&rsquo;Alg\u00e9rie r\u00e9cup\u00e8re ses navires\"}]},{\"@type\":\"WebSite\",\"@id\":\"https:\\\/\\\/lasentinelle.dz\\\/#website\",\"url\":\"https:\\\/\\\/lasentinelle.dz\\\/\",\"name\":\"La Sentinelle\",\"description\":\"Quotidien national d&#039;information\",\"publisher\":{\"@id\":\"https:\\\/\\\/lasentinelle.dz\\\/#organization\"},\"potentialAction\":[{\"@type\":\"SearchAction\",\"target\":{\"@type\":\"EntryPoint\",\"urlTemplate\":\"https:\\\/\\\/lasentinelle.dz\\\/?s={search_term_string}\"},\"query-input\":{\"@type\":\"PropertyValueSpecification\",\"valueRequired\":true,\"valueName\":\"search_term_string\"}}],\"inLanguage\":\"fr-FR\"},{\"@type\":\"Organization\",\"@id\":\"https:\\\/\\\/lasentinelle.dz\\\/#organization\",\"name\":\"Quotidien La Sentinelle\",\"url\":\"https:\\\/\\\/lasentinelle.dz\\\/\",\"logo\":{\"@type\":\"ImageObject\",\"inLanguage\":\"fr-FR\",\"@id\":\"https:\\\/\\\/lasentinelle.dz\\\/#\\\/schema\\\/logo\\\/image\\\/\",\"url\":\"https:\\\/\\\/lasentinelle.dz\\\/wp-content\\\/uploads\\\/2021\\\/09\\\/logo-sentinelleSLOGAN-1.png\",\"contentUrl\":\"https:\\\/\\\/lasentinelle.dz\\\/wp-content\\\/uploads\\\/2021\\\/09\\\/logo-sentinelleSLOGAN-1.png\",\"width\":615,\"height\":142,\"caption\":\"Quotidien La Sentinelle\"},\"image\":{\"@id\":\"https:\\\/\\\/lasentinelle.dz\\\/#\\\/schema\\\/logo\\\/image\\\/\"},\"sameAs\":[\"https:\\\/\\\/www.facebook.com\\\/La-Sentinelle-104059864394773\"]},{\"@type\":\"Person\",\"@id\":\"https:\\\/\\\/lasentinelle.dz\\\/#\\\/schema\\\/person\\\/729ee0024f24e0b8c5ec17232f8e8b41\",\"name\":\"admin\",\"image\":{\"@type\":\"ImageObject\",\"inLanguage\":\"fr-FR\",\"@id\":\"https:\\\/\\\/secure.gravatar.com\\\/avatar\\\/4c81fed838786e9b53f540bf46533e750f5d292099ae3b66cfc6fb1982e29df7?s=96&d=mm&r=g\",\"url\":\"https:\\\/\\\/secure.gravatar.com\\\/avatar\\\/4c81fed838786e9b53f540bf46533e750f5d292099ae3b66cfc6fb1982e29df7?s=96&d=mm&r=g\",\"contentUrl\":\"https:\\\/\\\/secure.gravatar.com\\\/avatar\\\/4c81fed838786e9b53f540bf46533e750f5d292099ae3b66cfc6fb1982e29df7?s=96&d=mm&r=g\",\"caption\":\"admin\"},\"description\":\"admin\",\"url\":\"https:\\\/\\\/lasentinelle.dz\\\/author\\\/admin\\\/\"}]}<\/script>\n<!-- \/ Yoast SEO plugin. -->","yoast_head_json":{"title":"Apr\u00e8s des ann\u00e9es de blocage dans les ports \u00e9trangers : L&rsquo;Alg\u00e9rie r\u00e9cup\u00e8re ses navires - La Sentinelle","robots":{"index":"index","follow":"follow","max-snippet":"max-snippet:-1","max-image-preview":"max-image-preview:large","max-video-preview":"max-video-preview:-1"},"canonical":"https:\/\/lasentinelle.dz\/index.php\/2025\/05\/26\/apres-des-annees-de-blocage-dans-les-ports-etrangers-lalgerie-recupere-ses-navires\/","og_locale":"fr_FR","og_type":"article","og_title":"Apr\u00e8s des ann\u00e9es de blocage dans les ports \u00e9trangers : L&rsquo;Alg\u00e9rie r\u00e9cup\u00e8re ses navires - La Sentinelle","og_description":"Apr\u00e8s des blocages dans les ports \u00e9trangers, l&rsquo;Alg\u00e9rie commence \u00e0 r\u00e9cup\u00e9rer ses navires dans le cadre d&rsquo;une vaste strat\u00e9gie de","og_url":"https:\/\/lasentinelle.dz\/index.php\/2025\/05\/26\/apres-des-annees-de-blocage-dans-les-ports-etrangers-lalgerie-recupere-ses-navires\/","og_site_name":"La Sentinelle","article_publisher":"https:\/\/www.facebook.com\/La-Sentinelle-104059864394773","article_published_time":"2025-05-26T11:05:40+00:00","article_modified_time":"2025-05-26T11:05:41+00:00","og_image":[{"width":1000,"height":750,"url":"https:\/\/lasentinelle.dz\/wp-content\/uploads\/2025\/05\/Sedrata.jpg","type":"image\/jpeg"}],"author":"admin","twitter_card":"summary_large_image","twitter_misc":{"\u00c9crit par":"admin","Dur\u00e9e de lecture estim\u00e9e":"4 minutes"},"schema":{"@context":"https:\/\/schema.org","@graph":[{"@type":"Article","@id":"https:\/\/lasentinelle.dz\/index.php\/2025\/05\/26\/apres-des-annees-de-blocage-dans-les-ports-etrangers-lalgerie-recupere-ses-navires\/#article","isPartOf":{"@id":"https:\/\/lasentinelle.dz\/index.php\/2025\/05\/26\/apres-des-annees-de-blocage-dans-les-ports-etrangers-lalgerie-recupere-ses-navires\/"},"author":{"name":"admin","@id":"https:\/\/lasentinelle.dz\/#\/schema\/person\/729ee0024f24e0b8c5ec17232f8e8b41"},"headline":"Apr\u00e8s des ann\u00e9es de blocage dans les ports \u00e9trangers : L&rsquo;Alg\u00e9rie r\u00e9cup\u00e8re ses navires","datePublished":"2025-05-26T11:05:40+00:00","dateModified":"2025-05-26T11:05:41+00:00","mainEntityOfPage":{"@id":"https:\/\/lasentinelle.dz\/index.php\/2025\/05\/26\/apres-des-annees-de-blocage-dans-les-ports-etrangers-lalgerie-recupere-ses-navires\/"},"wordCount":877,"commentCount":0,"publisher":{"@id":"https:\/\/lasentinelle.dz\/#organization"},"image":{"@id":"https:\/\/lasentinelle.dz\/index.php\/2025\/05\/26\/apres-des-annees-de-blocage-dans-les-ports-etrangers-lalgerie-recupere-ses-navires\/#primaryimage"},"thumbnailUrl":"https:\/\/lasentinelle.dz\/wp-content\/uploads\/2025\/05\/Sedrata.jpg","articleSection":["\u00c0 la Une","Actualit\u00e9"],"inLanguage":"fr-FR","potentialAction":[{"@type":"CommentAction","name":"Comment","target":["https:\/\/lasentinelle.dz\/index.php\/2025\/05\/26\/apres-des-annees-de-blocage-dans-les-ports-etrangers-lalgerie-recupere-ses-navires\/#respond"]}]},{"@type":"WebPage","@id":"https:\/\/lasentinelle.dz\/index.php\/2025\/05\/26\/apres-des-annees-de-blocage-dans-les-ports-etrangers-lalgerie-recupere-ses-navires\/","url":"https:\/\/lasentinelle.dz\/index.php\/2025\/05\/26\/apres-des-annees-de-blocage-dans-les-ports-etrangers-lalgerie-recupere-ses-navires\/","name":"Apr\u00e8s des ann\u00e9es de blocage dans les ports \u00e9trangers : L&rsquo;Alg\u00e9rie r\u00e9cup\u00e8re ses navires - La Sentinelle","isPartOf":{"@id":"https:\/\/lasentinelle.dz\/#website"},"primaryImageOfPage":{"@id":"https:\/\/lasentinelle.dz\/index.php\/2025\/05\/26\/apres-des-annees-de-blocage-dans-les-ports-etrangers-lalgerie-recupere-ses-navires\/#primaryimage"},"image":{"@id":"https:\/\/lasentinelle.dz\/index.php\/2025\/05\/26\/apres-des-annees-de-blocage-dans-les-ports-etrangers-lalgerie-recupere-ses-navires\/#primaryimage"},"thumbnailUrl":"https:\/\/lasentinelle.dz\/wp-content\/uploads\/2025\/05\/Sedrata.jpg","datePublished":"2025-05-26T11:05:40+00:00","dateModified":"2025-05-26T11:05:41+00:00","breadcrumb":{"@id":"https:\/\/lasentinelle.dz\/index.php\/2025\/05\/26\/apres-des-annees-de-blocage-dans-les-ports-etrangers-lalgerie-recupere-ses-navires\/#breadcrumb"},"inLanguage":"fr-FR","potentialAction":[{"@type":"ReadAction","target":["https:\/\/lasentinelle.dz\/index.php\/2025\/05\/26\/apres-des-annees-de-blocage-dans-les-ports-etrangers-lalgerie-recupere-ses-navires\/"]}]},{"@type":"ImageObject","inLanguage":"fr-FR","@id":"https:\/\/lasentinelle.dz\/index.php\/2025\/05\/26\/apres-des-annees-de-blocage-dans-les-ports-etrangers-lalgerie-recupere-ses-navires\/#primaryimage","url":"https:\/\/lasentinelle.dz\/wp-content\/uploads\/2025\/05\/Sedrata.jpg","contentUrl":"https:\/\/lasentinelle.dz\/wp-content\/uploads\/2025\/05\/Sedrata.jpg","width":1000,"height":750},{"@type":"BreadcrumbList","@id":"https:\/\/lasentinelle.dz\/index.php\/2025\/05\/26\/apres-des-annees-de-blocage-dans-les-ports-etrangers-lalgerie-recupere-ses-navires\/#breadcrumb","itemListElement":[{"@type":"ListItem","position":1,"name":"Accueil","item":"https:\/\/lasentinelle.dz\/"},{"@type":"ListItem","position":2,"name":"Apr\u00e8s des ann\u00e9es de blocage dans les ports \u00e9trangers : L&rsquo;Alg\u00e9rie r\u00e9cup\u00e8re ses navires"}]},{"@type":"WebSite","@id":"https:\/\/lasentinelle.dz\/#website","url":"https:\/\/lasentinelle.dz\/","name":"La Sentinelle","description":"Quotidien national d&#039;information","publisher":{"@id":"https:\/\/lasentinelle.dz\/#organization"},"potentialAction":[{"@type":"SearchAction","target":{"@type":"EntryPoint","urlTemplate":"https:\/\/lasentinelle.dz\/?s={search_term_string}"},"query-input":{"@type":"PropertyValueSpecification","valueRequired":true,"valueName":"search_term_string"}}],"inLanguage":"fr-FR"},{"@type":"Organization","@id":"https:\/\/lasentinelle.dz\/#organization","name":"Quotidien La Sentinelle","url":"https:\/\/lasentinelle.dz\/","logo":{"@type":"ImageObject","inLanguage":"fr-FR","@id":"https:\/\/lasentinelle.dz\/#\/schema\/logo\/image\/","url":"https:\/\/lasentinelle.dz\/wp-content\/uploads\/2021\/09\/logo-sentinelleSLOGAN-1.png","contentUrl":"https:\/\/lasentinelle.dz\/wp-content\/uploads\/2021\/09\/logo-sentinelleSLOGAN-1.png","width":615,"height":142,"caption":"Quotidien La Sentinelle"},"image":{"@id":"https:\/\/lasentinelle.dz\/#\/schema\/logo\/image\/"},"sameAs":["https:\/\/www.facebook.com\/La-Sentinelle-104059864394773"]},{"@type":"Person","@id":"https:\/\/lasentinelle.dz\/#\/schema\/person\/729ee0024f24e0b8c5ec17232f8e8b41","name":"admin","image":{"@type":"ImageObject","inLanguage":"fr-FR","@id":"https:\/\/secure.gravatar.com\/avatar\/4c81fed838786e9b53f540bf46533e750f5d292099ae3b66cfc6fb1982e29df7?s=96&d=mm&r=g","url":"https:\/\/secure.gravatar.com\/avatar\/4c81fed838786e9b53f540bf46533e750f5d292099ae3b66cfc6fb1982e29df7?s=96&d=mm&r=g","contentUrl":"https:\/\/secure.gravatar.com\/avatar\/4c81fed838786e9b53f540bf46533e750f5d292099ae3b66cfc6fb1982e29df7?s=96&d=mm&r=g","caption":"admin"},"description":"admin","url":"https:\/\/lasentinelle.dz\/author\/admin\/"}]}},"_links":{"self":[{"href":"https:\/\/lasentinelle.dz\/index.php\/wp-json\/wp\/v2\/posts\/67947","targetHints":{"allow":["GET"]}}],"collection":[{"href":"https:\/\/lasentinelle.dz\/index.php\/wp-json\/wp\/v2\/posts"}],"about":[{"href":"https:\/\/lasentinelle.dz\/index.php\/wp-json\/wp\/v2\/types\/post"}],"author":[{"embeddable":true,"href":"https:\/\/lasentinelle.dz\/index.php\/wp-json\/wp\/v2\/users\/6"}],"replies":[{"embeddable":true,"href":"https:\/\/lasentinelle.dz\/index.php\/wp-json\/wp\/v2\/comments?post=67947"}],"version-history":[{"count":2,"href":"https:\/\/lasentinelle.dz\/index.php\/wp-json\/wp\/v2\/posts\/67947\/revisions"}],"predecessor-version":[{"id":67950,"href":"https:\/\/lasentinelle.dz\/index.php\/wp-json\/wp\/v2\/posts\/67947\/revisions\/67950"}],"wp:featuredmedia":[{"embeddable":true,"href":"https:\/\/lasentinelle.dz\/index.php\/wp-json\/wp\/v2\/media\/67948"}],"wp:attachment":[{"href":"https:\/\/lasentinelle.dz\/index.php\/wp-json\/wp\/v2\/media?parent=67947"}],"wp:term":[{"taxonomy":"category","embeddable":true,"href":"https:\/\/lasentinelle.dz\/index.php\/wp-json\/wp\/v2\/categories?post=67947"},{"taxonomy":"post_tag","embeddable":true,"href":"https:\/\/lasentinelle.dz\/index.php\/wp-json\/wp\/v2\/tags?post=67947"}],"curies":[{"name":"wp","href":"https:\/\/api.w.org\/{rel}","templated":true}]}}