{"id":6795,"date":"2021-09-07T00:01:00","date_gmt":"2021-09-06T23:01:00","guid":{"rendered":"https:\/\/lasentinelle.dz\/?p=6795"},"modified":"2021-09-06T16:05:04","modified_gmt":"2021-09-06T15:05:04","slug":"deces-de-hadj-smail-mohamed-seghir-a-lage-de-89","status":"publish","type":"post","link":"https:\/\/lasentinelle.dz\/index.php\/2021\/09\/07\/deces-de-hadj-smail-mohamed-seghir-a-lage-de-89\/","title":{"rendered":"D\u00e9c\u00e8s de Hadj Smail Mohamed Seghir \u00e0 l\u2019\u00e2ge de 89"},"content":{"rendered":"\n<p>Le grand acteur de cin\u00e9ma et de th\u00e9\u00e2tre Hadj Smail Mohamed Seghir est d\u00e9c\u00e9d\u00e9 hier matin aux Etats-Unis d&rsquo;Am\u00e9rique \u00e0 l&rsquo;\u00e2ge de 89 ans apr\u00e8s un riche parcours artistique, selon le pr\u00e9sident de l&rsquo;association artistique cin\u00e9matographique \u00ab\u00a0Adwaa\u00a0\u00bb.Rabia Omar a indiqu\u00e9 que l\u2019artiste est d\u00e9c\u00e9d\u00e9 aux \u00c9tats-Unis d&rsquo;Am\u00e9rique alors qu&rsquo;il rendait visite \u00e0 sa famille qui y r\u00e9sidait.<\/p>\n\n\n\n<p>Hadj Smail Mohamed Seghir est consid\u00e9r\u00e9 parmi les premiers artistes qui ont jet\u00e9 les base du quatri\u00e8me art en Alg\u00e9rie.Il est n\u00e9 en 1932 \u00e0 Constantine, et ses d\u00e9buts ont \u00e9t\u00e9 avec les amateurs de la troupe de th\u00e9\u00e2tre \u00ab&nbsp;Alf Leila Wa Leila&nbsp;\u00bb.<\/p>\n\n\n\n<p>Le d\u00e9funt a jou\u00e9 avec Tewfik Khaznadar dans les ann\u00e9es cinquante, et a \u00e9t\u00e9 nomm\u00e9 directeur du Th\u00e9\u00e2tre de Constantine pendant six mois, et apr\u00e8s sa d\u00e9mission, il a donn\u00e9 des cours de radio et particip\u00e9 \u00e0 des films alg\u00e9riens et \u00e0 plusieurs activit\u00e9s culturelles et artistiques.<\/p>\n\n\n\n<p>En 1978, il retourne \u00e0 Constantine et est de nouveau nomm\u00e9 directeur de son th\u00e9\u00e2tre, o\u00f9 il restera pendant 16 ans. Durant cette p\u00e9riode, il participe \u00e0 la pi\u00e8ce \u00ab\u00a0Le Rejet\u00a0\u00bb, qu&rsquo;il met en sc\u00e8ne en 1982, en plus de la pi\u00e8ce \u00ab\u00a0La Rock\u00a0\u00bb en 1983 et autres pi\u00e8ces de th\u00e9\u00e2tre.Durant sa gestion du Th\u00e9\u00e2tre de Constantine, il travaille \u00e0 sa r\u00e9organisation administrative et participe \u00e0 l&rsquo;\u00e9criture collective de pi\u00e8ces de th\u00e9\u00e2tre.<\/p>\n\n\n\n<p>D&rsquo;autre part, l&rsquo;habile artiste a particip\u00e9 \u00e0 plusieurs films tels que \u00ab La bataille d&rsquo;Alger \u00bb du r\u00e9alisateur italien Giulio Pontecorvo, \u00ab Le vent des Aur\u00e8s \u00bb et \u00ab Les chroniques des ann\u00e9es de Braises&nbsp;\u00bb de Mohamed Lakhdar Hamina, et \u00ab\u00a0Patrouille vers l&rsquo;Est\u00a0\u00bb de feu Ammar Laskari, \u00ab&nbsp;Suicide&nbsp;\u00bb de Mustafa Badi&rsquo;, \u00ab\u00a0Cri de pierre\u00a0\u00bb de Boukermouh, et \u00ab&nbsp;Les enfants de novembre&nbsp;\u00bb de Moussa Haddad.<\/p>\n\n\n\n<p>R.C.<\/p>\n","protected":false},"excerpt":{"rendered":"<p>Le grand acteur de cin\u00e9ma et de th\u00e9\u00e2tre Hadj Smail Mohamed Seghir est d\u00e9c\u00e9d\u00e9 hier matin aux Etats-Unis d&rsquo;Am\u00e9rique \u00e0<\/p>\n","protected":false},"author":3,"featured_media":6798,"comment_status":"open","ping_status":"closed","sticky":false,"template":"","format":"standard","meta":{"colormag_page_container_layout":"default_layout","colormag_page_sidebar_layout":"default_layout","om_disable_all_campaigns":false,"_monsterinsights_skip_tracking":false,"_monsterinsights_sitenote_active":false,"_monsterinsights_sitenote_note":"","_monsterinsights_sitenote_category":0,"footnotes":"","_wpscppro_dont_share_socialmedia":false,"_wpscppro_custom_social_share_image":0,"_facebook_share_type":"","_twitter_share_type":"","_linkedin_share_type":"","_pinterest_share_type":"","_linkedin_share_type_page":"","_instagram_share_type":"","_medium_share_type":"","_threads_share_type":"","_google_business_share_type":"","_selected_social_profile":[],"_wpsp_enable_custom_social_template":false,"_wpsp_social_scheduling":{"enabled":false,"datetime":null,"platforms":[],"status":"template_only","dateOption":"today","timeOption":"now","customDays":"","customHours":"","customDate":"","customTime":"","schedulingType":"absolute"},"_wpsp_active_default_template":true},"categories":[36],"tags":[],"class_list":["post-6795","post","type-post","status-publish","format-standard","has-post-thumbnail","hentry","category-culture"],"aioseo_notices":[],"yoast_head":"<!-- This site is optimized with the Yoast SEO plugin v27.5 - https:\/\/yoast.com\/product\/yoast-seo-wordpress\/ -->\n<title>D\u00e9c\u00e8s de Hadj Smail Mohamed Seghir \u00e0 l\u2019\u00e2ge de 89 - La Sentinelle<\/title>\n<meta name=\"robots\" content=\"index, follow, max-snippet:-1, max-image-preview:large, max-video-preview:-1\" \/>\n<link rel=\"canonical\" href=\"https:\/\/lasentinelle.dz\/index.php\/2021\/09\/07\/deces-de-hadj-smail-mohamed-seghir-a-lage-de-89\/\" \/>\n<meta property=\"og:locale\" content=\"fr_FR\" \/>\n<meta property=\"og:type\" content=\"article\" \/>\n<meta property=\"og:title\" content=\"D\u00e9c\u00e8s de Hadj Smail Mohamed Seghir \u00e0 l\u2019\u00e2ge de 89 - La Sentinelle\" \/>\n<meta property=\"og:description\" content=\"Le grand acteur de cin\u00e9ma et de th\u00e9\u00e2tre Hadj Smail Mohamed Seghir est d\u00e9c\u00e9d\u00e9 hier matin aux Etats-Unis d&rsquo;Am\u00e9rique \u00e0\" \/>\n<meta property=\"og:url\" content=\"https:\/\/lasentinelle.dz\/index.php\/2021\/09\/07\/deces-de-hadj-smail-mohamed-seghir-a-lage-de-89\/\" \/>\n<meta property=\"og:site_name\" content=\"La Sentinelle\" \/>\n<meta property=\"article:publisher\" content=\"https:\/\/www.facebook.com\/La-Sentinelle-104059864394773\" \/>\n<meta property=\"article:published_time\" content=\"2021-09-06T23:01:00+00:00\" \/>\n<meta property=\"og:image\" content=\"https:\/\/lasentinelle.dz\/wp-content\/uploads\/2021\/09\/image_2021-09-06_160457.png\" \/>\n\t<meta property=\"og:image:width\" content=\"400\" \/>\n\t<meta property=\"og:image:height\" content=\"226\" \/>\n\t<meta property=\"og:image:type\" content=\"image\/png\" \/>\n<meta name=\"author\" content=\"La Sentinelle\" \/>\n<meta name=\"twitter:card\" content=\"summary_large_image\" \/>\n<meta name=\"twitter:label1\" content=\"\u00c9crit par\" \/>\n\t<meta name=\"twitter:data1\" content=\"La Sentinelle\" \/>\n\t<meta name=\"twitter:label2\" content=\"Dur\u00e9e de lecture estim\u00e9e\" \/>\n\t<meta name=\"twitter:data2\" content=\"2 minutes\" \/>\n<script type=\"application\/ld+json\" class=\"yoast-schema-graph\">{\"@context\":\"https:\\\/\\\/schema.org\",\"@graph\":[{\"@type\":\"Article\",\"@id\":\"https:\\\/\\\/lasentinelle.dz\\\/index.php\\\/2021\\\/09\\\/07\\\/deces-de-hadj-smail-mohamed-seghir-a-lage-de-89\\\/#article\",\"isPartOf\":{\"@id\":\"https:\\\/\\\/lasentinelle.dz\\\/index.php\\\/2021\\\/09\\\/07\\\/deces-de-hadj-smail-mohamed-seghir-a-lage-de-89\\\/\"},\"author\":{\"name\":\"La Sentinelle\",\"@id\":\"https:\\\/\\\/lasentinelle.dz\\\/#\\\/schema\\\/person\\\/d865044e22e70a75174ce8bcad3acfb3\"},\"headline\":\"D\u00e9c\u00e8s de Hadj Smail Mohamed Seghir \u00e0 l\u2019\u00e2ge de 89\",\"datePublished\":\"2021-09-06T23:01:00+00:00\",\"mainEntityOfPage\":{\"@id\":\"https:\\\/\\\/lasentinelle.dz\\\/index.php\\\/2021\\\/09\\\/07\\\/deces-de-hadj-smail-mohamed-seghir-a-lage-de-89\\\/\"},\"wordCount\":335,\"commentCount\":0,\"publisher\":{\"@id\":\"https:\\\/\\\/lasentinelle.dz\\\/#organization\"},\"image\":{\"@id\":\"https:\\\/\\\/lasentinelle.dz\\\/index.php\\\/2021\\\/09\\\/07\\\/deces-de-hadj-smail-mohamed-seghir-a-lage-de-89\\\/#primaryimage\"},\"thumbnailUrl\":\"https:\\\/\\\/lasentinelle.dz\\\/wp-content\\\/uploads\\\/2021\\\/09\\\/image_2021-09-06_160457.png\",\"articleSection\":[\"Culture\"],\"inLanguage\":\"fr-FR\",\"potentialAction\":[{\"@type\":\"CommentAction\",\"name\":\"Comment\",\"target\":[\"https:\\\/\\\/lasentinelle.dz\\\/index.php\\\/2021\\\/09\\\/07\\\/deces-de-hadj-smail-mohamed-seghir-a-lage-de-89\\\/#respond\"]}]},{\"@type\":\"WebPage\",\"@id\":\"https:\\\/\\\/lasentinelle.dz\\\/index.php\\\/2021\\\/09\\\/07\\\/deces-de-hadj-smail-mohamed-seghir-a-lage-de-89\\\/\",\"url\":\"https:\\\/\\\/lasentinelle.dz\\\/index.php\\\/2021\\\/09\\\/07\\\/deces-de-hadj-smail-mohamed-seghir-a-lage-de-89\\\/\",\"name\":\"D\u00e9c\u00e8s de Hadj Smail Mohamed Seghir \u00e0 l\u2019\u00e2ge de 89 - La Sentinelle\",\"isPartOf\":{\"@id\":\"https:\\\/\\\/lasentinelle.dz\\\/#website\"},\"primaryImageOfPage\":{\"@id\":\"https:\\\/\\\/lasentinelle.dz\\\/index.php\\\/2021\\\/09\\\/07\\\/deces-de-hadj-smail-mohamed-seghir-a-lage-de-89\\\/#primaryimage\"},\"image\":{\"@id\":\"https:\\\/\\\/lasentinelle.dz\\\/index.php\\\/2021\\\/09\\\/07\\\/deces-de-hadj-smail-mohamed-seghir-a-lage-de-89\\\/#primaryimage\"},\"thumbnailUrl\":\"https:\\\/\\\/lasentinelle.dz\\\/wp-content\\\/uploads\\\/2021\\\/09\\\/image_2021-09-06_160457.png\",\"datePublished\":\"2021-09-06T23:01:00+00:00\",\"breadcrumb\":{\"@id\":\"https:\\\/\\\/lasentinelle.dz\\\/index.php\\\/2021\\\/09\\\/07\\\/deces-de-hadj-smail-mohamed-seghir-a-lage-de-89\\\/#breadcrumb\"},\"inLanguage\":\"fr-FR\",\"potentialAction\":[{\"@type\":\"ReadAction\",\"target\":[\"https:\\\/\\\/lasentinelle.dz\\\/index.php\\\/2021\\\/09\\\/07\\\/deces-de-hadj-smail-mohamed-seghir-a-lage-de-89\\\/\"]}]},{\"@type\":\"ImageObject\",\"inLanguage\":\"fr-FR\",\"@id\":\"https:\\\/\\\/lasentinelle.dz\\\/index.php\\\/2021\\\/09\\\/07\\\/deces-de-hadj-smail-mohamed-seghir-a-lage-de-89\\\/#primaryimage\",\"url\":\"https:\\\/\\\/lasentinelle.dz\\\/wp-content\\\/uploads\\\/2021\\\/09\\\/image_2021-09-06_160457.png\",\"contentUrl\":\"https:\\\/\\\/lasentinelle.dz\\\/wp-content\\\/uploads\\\/2021\\\/09\\\/image_2021-09-06_160457.png\",\"width\":400,\"height\":226},{\"@type\":\"BreadcrumbList\",\"@id\":\"https:\\\/\\\/lasentinelle.dz\\\/index.php\\\/2021\\\/09\\\/07\\\/deces-de-hadj-smail-mohamed-seghir-a-lage-de-89\\\/#breadcrumb\",\"itemListElement\":[{\"@type\":\"ListItem\",\"position\":1,\"name\":\"Accueil\",\"item\":\"https:\\\/\\\/lasentinelle.dz\\\/\"},{\"@type\":\"ListItem\",\"position\":2,\"name\":\"D\u00e9c\u00e8s de Hadj Smail Mohamed Seghir \u00e0 l\u2019\u00e2ge de 89\"}]},{\"@type\":\"WebSite\",\"@id\":\"https:\\\/\\\/lasentinelle.dz\\\/#website\",\"url\":\"https:\\\/\\\/lasentinelle.dz\\\/\",\"name\":\"La Sentinelle\",\"description\":\"Quotidien national d&#039;information\",\"publisher\":{\"@id\":\"https:\\\/\\\/lasentinelle.dz\\\/#organization\"},\"potentialAction\":[{\"@type\":\"SearchAction\",\"target\":{\"@type\":\"EntryPoint\",\"urlTemplate\":\"https:\\\/\\\/lasentinelle.dz\\\/?s={search_term_string}\"},\"query-input\":{\"@type\":\"PropertyValueSpecification\",\"valueRequired\":true,\"valueName\":\"search_term_string\"}}],\"inLanguage\":\"fr-FR\"},{\"@type\":\"Organization\",\"@id\":\"https:\\\/\\\/lasentinelle.dz\\\/#organization\",\"name\":\"Quotidien La Sentinelle\",\"url\":\"https:\\\/\\\/lasentinelle.dz\\\/\",\"logo\":{\"@type\":\"ImageObject\",\"inLanguage\":\"fr-FR\",\"@id\":\"https:\\\/\\\/lasentinelle.dz\\\/#\\\/schema\\\/logo\\\/image\\\/\",\"url\":\"https:\\\/\\\/lasentinelle.dz\\\/wp-content\\\/uploads\\\/2021\\\/09\\\/logo-sentinelleSLOGAN-1.png\",\"contentUrl\":\"https:\\\/\\\/lasentinelle.dz\\\/wp-content\\\/uploads\\\/2021\\\/09\\\/logo-sentinelleSLOGAN-1.png\",\"width\":615,\"height\":142,\"caption\":\"Quotidien La Sentinelle\"},\"image\":{\"@id\":\"https:\\\/\\\/lasentinelle.dz\\\/#\\\/schema\\\/logo\\\/image\\\/\"},\"sameAs\":[\"https:\\\/\\\/www.facebook.com\\\/La-Sentinelle-104059864394773\"]},{\"@type\":\"Person\",\"@id\":\"https:\\\/\\\/lasentinelle.dz\\\/#\\\/schema\\\/person\\\/d865044e22e70a75174ce8bcad3acfb3\",\"name\":\"La Sentinelle\",\"image\":{\"@type\":\"ImageObject\",\"inLanguage\":\"fr-FR\",\"@id\":\"https:\\\/\\\/secure.gravatar.com\\\/avatar\\\/57de8e5d4b15d43fb361a71fbb36338450fe67865b528a43dd10ef7c51a20392?s=96&d=mm&r=g\",\"url\":\"https:\\\/\\\/secure.gravatar.com\\\/avatar\\\/57de8e5d4b15d43fb361a71fbb36338450fe67865b528a43dd10ef7c51a20392?s=96&d=mm&r=g\",\"contentUrl\":\"https:\\\/\\\/secure.gravatar.com\\\/avatar\\\/57de8e5d4b15d43fb361a71fbb36338450fe67865b528a43dd10ef7c51a20392?s=96&d=mm&r=g\",\"caption\":\"La Sentinelle\"},\"sameAs\":[\"http:\\\/\\\/www.lasentinelle.dz\"],\"url\":\"https:\\\/\\\/lasentinelle.dz\\\/author\\\/redaction\\\/\"}]}<\/script>\n<!-- \/ Yoast SEO plugin. -->","yoast_head_json":{"title":"D\u00e9c\u00e8s de Hadj Smail Mohamed Seghir \u00e0 l\u2019\u00e2ge de 89 - La Sentinelle","robots":{"index":"index","follow":"follow","max-snippet":"max-snippet:-1","max-image-preview":"max-image-preview:large","max-video-preview":"max-video-preview:-1"},"canonical":"https:\/\/lasentinelle.dz\/index.php\/2021\/09\/07\/deces-de-hadj-smail-mohamed-seghir-a-lage-de-89\/","og_locale":"fr_FR","og_type":"article","og_title":"D\u00e9c\u00e8s de Hadj Smail Mohamed Seghir \u00e0 l\u2019\u00e2ge de 89 - La Sentinelle","og_description":"Le grand acteur de cin\u00e9ma et de th\u00e9\u00e2tre Hadj Smail Mohamed Seghir est d\u00e9c\u00e9d\u00e9 hier matin aux Etats-Unis d&rsquo;Am\u00e9rique \u00e0","og_url":"https:\/\/lasentinelle.dz\/index.php\/2021\/09\/07\/deces-de-hadj-smail-mohamed-seghir-a-lage-de-89\/","og_site_name":"La Sentinelle","article_publisher":"https:\/\/www.facebook.com\/La-Sentinelle-104059864394773","article_published_time":"2021-09-06T23:01:00+00:00","og_image":[{"width":400,"height":226,"url":"https:\/\/lasentinelle.dz\/wp-content\/uploads\/2021\/09\/image_2021-09-06_160457.png","type":"image\/png"}],"author":"La Sentinelle","twitter_card":"summary_large_image","twitter_misc":{"\u00c9crit par":"La Sentinelle","Dur\u00e9e de lecture estim\u00e9e":"2 minutes"},"schema":{"@context":"https:\/\/schema.org","@graph":[{"@type":"Article","@id":"https:\/\/lasentinelle.dz\/index.php\/2021\/09\/07\/deces-de-hadj-smail-mohamed-seghir-a-lage-de-89\/#article","isPartOf":{"@id":"https:\/\/lasentinelle.dz\/index.php\/2021\/09\/07\/deces-de-hadj-smail-mohamed-seghir-a-lage-de-89\/"},"author":{"name":"La Sentinelle","@id":"https:\/\/lasentinelle.dz\/#\/schema\/person\/d865044e22e70a75174ce8bcad3acfb3"},"headline":"D\u00e9c\u00e8s de Hadj Smail Mohamed Seghir \u00e0 l\u2019\u00e2ge de 89","datePublished":"2021-09-06T23:01:00+00:00","mainEntityOfPage":{"@id":"https:\/\/lasentinelle.dz\/index.php\/2021\/09\/07\/deces-de-hadj-smail-mohamed-seghir-a-lage-de-89\/"},"wordCount":335,"commentCount":0,"publisher":{"@id":"https:\/\/lasentinelle.dz\/#organization"},"image":{"@id":"https:\/\/lasentinelle.dz\/index.php\/2021\/09\/07\/deces-de-hadj-smail-mohamed-seghir-a-lage-de-89\/#primaryimage"},"thumbnailUrl":"https:\/\/lasentinelle.dz\/wp-content\/uploads\/2021\/09\/image_2021-09-06_160457.png","articleSection":["Culture"],"inLanguage":"fr-FR","potentialAction":[{"@type":"CommentAction","name":"Comment","target":["https:\/\/lasentinelle.dz\/index.php\/2021\/09\/07\/deces-de-hadj-smail-mohamed-seghir-a-lage-de-89\/#respond"]}]},{"@type":"WebPage","@id":"https:\/\/lasentinelle.dz\/index.php\/2021\/09\/07\/deces-de-hadj-smail-mohamed-seghir-a-lage-de-89\/","url":"https:\/\/lasentinelle.dz\/index.php\/2021\/09\/07\/deces-de-hadj-smail-mohamed-seghir-a-lage-de-89\/","name":"D\u00e9c\u00e8s de Hadj Smail Mohamed Seghir \u00e0 l\u2019\u00e2ge de 89 - La Sentinelle","isPartOf":{"@id":"https:\/\/lasentinelle.dz\/#website"},"primaryImageOfPage":{"@id":"https:\/\/lasentinelle.dz\/index.php\/2021\/09\/07\/deces-de-hadj-smail-mohamed-seghir-a-lage-de-89\/#primaryimage"},"image":{"@id":"https:\/\/lasentinelle.dz\/index.php\/2021\/09\/07\/deces-de-hadj-smail-mohamed-seghir-a-lage-de-89\/#primaryimage"},"thumbnailUrl":"https:\/\/lasentinelle.dz\/wp-content\/uploads\/2021\/09\/image_2021-09-06_160457.png","datePublished":"2021-09-06T23:01:00+00:00","breadcrumb":{"@id":"https:\/\/lasentinelle.dz\/index.php\/2021\/09\/07\/deces-de-hadj-smail-mohamed-seghir-a-lage-de-89\/#breadcrumb"},"inLanguage":"fr-FR","potentialAction":[{"@type":"ReadAction","target":["https:\/\/lasentinelle.dz\/index.php\/2021\/09\/07\/deces-de-hadj-smail-mohamed-seghir-a-lage-de-89\/"]}]},{"@type":"ImageObject","inLanguage":"fr-FR","@id":"https:\/\/lasentinelle.dz\/index.php\/2021\/09\/07\/deces-de-hadj-smail-mohamed-seghir-a-lage-de-89\/#primaryimage","url":"https:\/\/lasentinelle.dz\/wp-content\/uploads\/2021\/09\/image_2021-09-06_160457.png","contentUrl":"https:\/\/lasentinelle.dz\/wp-content\/uploads\/2021\/09\/image_2021-09-06_160457.png","width":400,"height":226},{"@type":"BreadcrumbList","@id":"https:\/\/lasentinelle.dz\/index.php\/2021\/09\/07\/deces-de-hadj-smail-mohamed-seghir-a-lage-de-89\/#breadcrumb","itemListElement":[{"@type":"ListItem","position":1,"name":"Accueil","item":"https:\/\/lasentinelle.dz\/"},{"@type":"ListItem","position":2,"name":"D\u00e9c\u00e8s de Hadj Smail Mohamed Seghir \u00e0 l\u2019\u00e2ge de 89"}]},{"@type":"WebSite","@id":"https:\/\/lasentinelle.dz\/#website","url":"https:\/\/lasentinelle.dz\/","name":"La Sentinelle","description":"Quotidien national d&#039;information","publisher":{"@id":"https:\/\/lasentinelle.dz\/#organization"},"potentialAction":[{"@type":"SearchAction","target":{"@type":"EntryPoint","urlTemplate":"https:\/\/lasentinelle.dz\/?s={search_term_string}"},"query-input":{"@type":"PropertyValueSpecification","valueRequired":true,"valueName":"search_term_string"}}],"inLanguage":"fr-FR"},{"@type":"Organization","@id":"https:\/\/lasentinelle.dz\/#organization","name":"Quotidien La Sentinelle","url":"https:\/\/lasentinelle.dz\/","logo":{"@type":"ImageObject","inLanguage":"fr-FR","@id":"https:\/\/lasentinelle.dz\/#\/schema\/logo\/image\/","url":"https:\/\/lasentinelle.dz\/wp-content\/uploads\/2021\/09\/logo-sentinelleSLOGAN-1.png","contentUrl":"https:\/\/lasentinelle.dz\/wp-content\/uploads\/2021\/09\/logo-sentinelleSLOGAN-1.png","width":615,"height":142,"caption":"Quotidien La Sentinelle"},"image":{"@id":"https:\/\/lasentinelle.dz\/#\/schema\/logo\/image\/"},"sameAs":["https:\/\/www.facebook.com\/La-Sentinelle-104059864394773"]},{"@type":"Person","@id":"https:\/\/lasentinelle.dz\/#\/schema\/person\/d865044e22e70a75174ce8bcad3acfb3","name":"La Sentinelle","image":{"@type":"ImageObject","inLanguage":"fr-FR","@id":"https:\/\/secure.gravatar.com\/avatar\/57de8e5d4b15d43fb361a71fbb36338450fe67865b528a43dd10ef7c51a20392?s=96&d=mm&r=g","url":"https:\/\/secure.gravatar.com\/avatar\/57de8e5d4b15d43fb361a71fbb36338450fe67865b528a43dd10ef7c51a20392?s=96&d=mm&r=g","contentUrl":"https:\/\/secure.gravatar.com\/avatar\/57de8e5d4b15d43fb361a71fbb36338450fe67865b528a43dd10ef7c51a20392?s=96&d=mm&r=g","caption":"La Sentinelle"},"sameAs":["http:\/\/www.lasentinelle.dz"],"url":"https:\/\/lasentinelle.dz\/author\/redaction\/"}]}},"_links":{"self":[{"href":"https:\/\/lasentinelle.dz\/index.php\/wp-json\/wp\/v2\/posts\/6795","targetHints":{"allow":["GET"]}}],"collection":[{"href":"https:\/\/lasentinelle.dz\/index.php\/wp-json\/wp\/v2\/posts"}],"about":[{"href":"https:\/\/lasentinelle.dz\/index.php\/wp-json\/wp\/v2\/types\/post"}],"author":[{"embeddable":true,"href":"https:\/\/lasentinelle.dz\/index.php\/wp-json\/wp\/v2\/users\/3"}],"replies":[{"embeddable":true,"href":"https:\/\/lasentinelle.dz\/index.php\/wp-json\/wp\/v2\/comments?post=6795"}],"version-history":[{"count":1,"href":"https:\/\/lasentinelle.dz\/index.php\/wp-json\/wp\/v2\/posts\/6795\/revisions"}],"predecessor-version":[{"id":6799,"href":"https:\/\/lasentinelle.dz\/index.php\/wp-json\/wp\/v2\/posts\/6795\/revisions\/6799"}],"wp:featuredmedia":[{"embeddable":true,"href":"https:\/\/lasentinelle.dz\/index.php\/wp-json\/wp\/v2\/media\/6798"}],"wp:attachment":[{"href":"https:\/\/lasentinelle.dz\/index.php\/wp-json\/wp\/v2\/media?parent=6795"}],"wp:term":[{"taxonomy":"category","embeddable":true,"href":"https:\/\/lasentinelle.dz\/index.php\/wp-json\/wp\/v2\/categories?post=6795"},{"taxonomy":"post_tag","embeddable":true,"href":"https:\/\/lasentinelle.dz\/index.php\/wp-json\/wp\/v2\/tags?post=6795"}],"curies":[{"name":"wp","href":"https:\/\/api.w.org\/{rel}","templated":true}]}}