{"id":67954,"date":"2025-05-27T10:55:14","date_gmt":"2025-05-27T09:55:14","guid":{"rendered":"https:\/\/lasentinelle.dz\/?p=67954"},"modified":"2025-05-27T10:55:15","modified_gmt":"2025-05-27T09:55:15","slug":"plus-de-52-morts-dans-le-bombardement-dune-ecole-le-massacre-des-palestiniens-se-poursuit-a-ghaza","status":"publish","type":"post","link":"https:\/\/lasentinelle.dz\/index.php\/2025\/05\/27\/plus-de-52-morts-dans-le-bombardement-dune-ecole-le-massacre-des-palestiniens-se-poursuit-a-ghaza\/","title":{"rendered":"Plus de 52 morts dans le bombardement d&rsquo;une \u00e9cole: Le massacre des Palestiniens se poursuit \u00e0 Ghaza"},"content":{"rendered":"\n<p>L&rsquo;escalade meurtri\u00e8re se poursuit dans la bande de Ghaza avec une intensit\u00e9 dramatique, marqu\u00e9e par de nouveaux massacres perp\u00e9tr\u00e9s par les forces d&rsquo;occupation sionistes contre des civils palestiniens sans d\u00e9fense.<\/p>\n\n\n\n<p>Selon les derniers bilans communiqu\u00e9s par l&rsquo;agence de presse palestinienne Wafa, le bombardement lundi matin de l&rsquo;\u00e9cole Fahmi al-Jarjawi dans le quartier d&rsquo;al-Daraj, qui servait de refuge \u00e0 des personnes d\u00e9plac\u00e9es, a caus\u00e9 la mort de 52 martyrs, principalement des enfants et des femmes, l&rsquo;augmentation tragique du nombre de victimes \u00e9tant due aux incendies qui se sont d\u00e9clench\u00e9s dans les tentes de fortune abritant les familles palestiniennes. Cette attaque s&rsquo;inscrit dans une s\u00e9rie d&rsquo;agressions aveugles qui t\u00e9moignent de la strat\u00e9gie d\u00e9lib\u00e9r\u00e9e de l&rsquo;entit\u00e9 sioniste de terroriser la population civile palestinienne, comme en t\u00e9moigne \u00e9galement le bombardement simultan\u00e9 d&rsquo;une maison \u00e0 Jabalia al-Balad au nord de Ghaza, qui a co\u00fbt\u00e9 la vie \u00e0 au moins 19 Palestiniens, dont des enfants et des femmes. Les chiffres officiels r\u00e9v\u00e8lent l&rsquo;ampleur catastrophique de cette campagne g\u00e9nocidaire avec plus de 50 martyrs recens\u00e9s depuis l&rsquo;aube de ce lundi uniquement, portant le bilan global des victimes palestiniennes \u00e0 53.977 martyrs et 122.966 bless\u00e9s depuis le d\u00e9but de l&rsquo;agression le 7 octobre 2023, tandis que la reprise des hostilit\u00e9s le 18 mars dernier, apr\u00e8s une tr\u00eave de plus de deux mois, a d\u00e9j\u00e0 caus\u00e9 la mort de 3.822 Palestiniens et fait 10.925 bless\u00e9s. Cette escalade militaire s&rsquo;accompagne d&rsquo;une campagne syst\u00e9matique de juda\u00efsation d&rsquo;El-Qods occup\u00e9e, illustr\u00e9e par l&rsquo;assaut de plus de 600 colons sionistes contre l&rsquo;esplanade de la mosqu\u00e9e Al-Aqsa lundi, sous la protection complice de la police d&rsquo;occupation qui a d\u00e9ploy\u00e9 des barri\u00e8res m\u00e9talliques pour restreindre l&rsquo;acc\u00e8s des habitants palestiniens \u00e0 leur ville sainte, tandis que les colons ex\u00e9cutaient des rituels talmudiques provocateurs dans les cours du troisi\u00e8me Lieu-Saint de l&rsquo;Islam, profanant quotidiennement ce site sacr\u00e9 dans le cadre d&rsquo;une strat\u00e9gie d&rsquo;effacement de l&rsquo;identit\u00e9 culturelle palestinienne. Face \u00e0 cette trag\u00e9die humanitaire, le Premier ministre palestinien Mohammad Mustafa a d\u00e9nonc\u00e9 lors d&rsquo;une intervention \u00e0 Madrid devant le Groupe de Madrid sur la question palestinienne l&rsquo;exploitation d\u00e9lib\u00e9r\u00e9e par l&rsquo;entit\u00e9 sioniste de la situation de famine qu&rsquo;elle a cr\u00e9\u00e9e dans Ghaza pour sanctionner les Palestiniens et briser leur r\u00e9sistance, qualifiant de crimes de guerre clairs et continus la privation d\u00e9lib\u00e9r\u00e9e de nourriture et d&rsquo;aide, les bombardements incessants et la destruction syst\u00e9matique de tous les aspects de la vie palestinienne, appelant la communaut\u00e9 internationale \u00e0 agir en urgence pour cr\u00e9er une dynamique irr\u00e9versible vers la reconnaissance pleine et universelle de l&rsquo;\u00c9tat de Palestine. Cette mobilisation diplomatique palestinienne trouve un \u00e9cho encourageant avec l&rsquo;annonce du Premier ministre maltais Robert Abela de la reconnaissance prochaine de l&rsquo;\u00c9tat de Palestine par son pays en juin prochain, d\u00e9cision salu\u00e9e par le minist\u00e8re palestinien des Affaires \u00e9trang\u00e8res comme s&rsquo;inscrivant dans le mouvement politique international visant \u00e0 mettre en \u0153uvre la solution \u00e0 deux \u00c9tats et refl\u00e9tant l&rsquo;engagement de Malte envers le droit international et son soutien aux droits du peuple palestinien face \u00e0 la plus longue occupation militaire et coloniale de l&rsquo;histoire moderne. Cette reconnaissance, qui fait suite \u00e0 celle d\u00e9j\u00e0 accord\u00e9e par Malte en 1988 au droit du peuple palestinien \u00e0 \u00e9tablir son \u00c9tat ind\u00e9pendant, devrait co\u00efncider avec la conf\u00e9rence internationale pr\u00e9vue \u00e0 New York le 17 juin sur la mise en \u0153uvre de la solution \u00e0 deux \u00c9tats et pourrait encourager d&rsquo;autres pays de l&rsquo;Union europ\u00e9enne \u00e0 embo\u00eeter le pas, t\u00e9moignant de la profondeur des liens historiques entre les peuples et de la solidarit\u00e9 internationale croissante envers la cause palestinienne dans ce moment critique o\u00f9 l&rsquo;urgence humanitaire et politique exige une mobilisation sans pr\u00e9c\u00e9dent pour mettre fin \u00e0 ce g\u00e9nocide programm\u00e9 et garantir la justice pour le peuple palestinien.<\/p>\n\n\n\n<p>Lyes Sa\u00efdi<\/p>\n","protected":false},"excerpt":{"rendered":"<p>L&rsquo;escalade meurtri\u00e8re se poursuit dans la bande de Ghaza avec une intensit\u00e9 dramatique, marqu\u00e9e par de nouveaux massacres perp\u00e9tr\u00e9s par<\/p>\n","protected":false},"author":6,"featured_media":67955,"comment_status":"open","ping_status":"closed","sticky":false,"template":"","format":"standard","meta":{"colormag_page_container_layout":"default_layout","colormag_page_sidebar_layout":"default_layout","om_disable_all_campaigns":false,"_monsterinsights_skip_tracking":false,"_monsterinsights_sitenote_active":false,"_monsterinsights_sitenote_note":"","_monsterinsights_sitenote_category":0,"footnotes":"","_wpscppro_dont_share_socialmedia":false,"_wpscppro_custom_social_share_image":0,"_facebook_share_type":"default","_twitter_share_type":"default","_linkedin_share_type":"default","_pinterest_share_type":"default","_linkedin_share_type_page":"","_instagram_share_type":"default","_medium_share_type":"default","_threads_share_type":"","_google_business_share_type":"","_selected_social_profile":[],"_wpsp_enable_custom_social_template":false,"_wpsp_social_scheduling":{"enabled":false,"datetime":null,"platforms":[],"status":"template_only","dateOption":"today","timeOption":"now","customDays":"","customHours":"","customDate":"","customTime":"","schedulingType":"absolute"},"_wpsp_active_default_template":true},"categories":[37],"tags":[],"class_list":["post-67954","post","type-post","status-publish","format-standard","has-post-thumbnail","hentry","category-monde"],"aioseo_notices":[],"yoast_head":"<!-- This site is optimized with the Yoast SEO plugin v27.5 - https:\/\/yoast.com\/product\/yoast-seo-wordpress\/ -->\n<title>Plus de 52 morts dans le bombardement d&rsquo;une \u00e9cole: Le massacre des Palestiniens se poursuit \u00e0 Ghaza - La Sentinelle<\/title>\n<meta name=\"robots\" content=\"index, follow, max-snippet:-1, max-image-preview:large, max-video-preview:-1\" \/>\n<link rel=\"canonical\" href=\"https:\/\/lasentinelle.dz\/index.php\/2025\/05\/27\/plus-de-52-morts-dans-le-bombardement-dune-ecole-le-massacre-des-palestiniens-se-poursuit-a-ghaza\/\" \/>\n<meta property=\"og:locale\" content=\"fr_FR\" \/>\n<meta property=\"og:type\" content=\"article\" \/>\n<meta property=\"og:title\" content=\"Plus de 52 morts dans le bombardement d&rsquo;une \u00e9cole: Le massacre des Palestiniens se poursuit \u00e0 Ghaza - La Sentinelle\" \/>\n<meta property=\"og:description\" content=\"L&rsquo;escalade meurtri\u00e8re se poursuit dans la bande de Ghaza avec une intensit\u00e9 dramatique, marqu\u00e9e par de nouveaux massacres perp\u00e9tr\u00e9s par\" \/>\n<meta property=\"og:url\" content=\"https:\/\/lasentinelle.dz\/index.php\/2025\/05\/27\/plus-de-52-morts-dans-le-bombardement-dune-ecole-le-massacre-des-palestiniens-se-poursuit-a-ghaza\/\" \/>\n<meta property=\"og:site_name\" content=\"La Sentinelle\" \/>\n<meta property=\"article:publisher\" content=\"https:\/\/www.facebook.com\/La-Sentinelle-104059864394773\" \/>\n<meta property=\"article:published_time\" content=\"2025-05-27T09:55:14+00:00\" \/>\n<meta property=\"article:modified_time\" content=\"2025-05-27T09:55:15+00:00\" \/>\n<meta property=\"og:image\" content=\"https:\/\/lasentinelle.dz\/wp-content\/uploads\/2025\/05\/ghaza.png\" \/>\n\t<meta property=\"og:image:width\" content=\"1636\" \/>\n\t<meta property=\"og:image:height\" content=\"974\" \/>\n\t<meta property=\"og:image:type\" content=\"image\/png\" \/>\n<meta name=\"author\" content=\"admin\" \/>\n<meta name=\"twitter:card\" content=\"summary_large_image\" \/>\n<meta name=\"twitter:label1\" content=\"\u00c9crit par\" \/>\n\t<meta name=\"twitter:data1\" content=\"admin\" \/>\n\t<meta name=\"twitter:label2\" content=\"Dur\u00e9e de lecture estim\u00e9e\" \/>\n\t<meta name=\"twitter:data2\" content=\"4 minutes\" \/>\n<script type=\"application\/ld+json\" class=\"yoast-schema-graph\">{\"@context\":\"https:\\\/\\\/schema.org\",\"@graph\":[{\"@type\":\"Article\",\"@id\":\"https:\\\/\\\/lasentinelle.dz\\\/index.php\\\/2025\\\/05\\\/27\\\/plus-de-52-morts-dans-le-bombardement-dune-ecole-le-massacre-des-palestiniens-se-poursuit-a-ghaza\\\/#article\",\"isPartOf\":{\"@id\":\"https:\\\/\\\/lasentinelle.dz\\\/index.php\\\/2025\\\/05\\\/27\\\/plus-de-52-morts-dans-le-bombardement-dune-ecole-le-massacre-des-palestiniens-se-poursuit-a-ghaza\\\/\"},\"author\":{\"name\":\"admin\",\"@id\":\"https:\\\/\\\/lasentinelle.dz\\\/#\\\/schema\\\/person\\\/729ee0024f24e0b8c5ec17232f8e8b41\"},\"headline\":\"Plus de 52 morts dans le bombardement d&rsquo;une \u00e9cole: Le massacre des Palestiniens se poursuit \u00e0 Ghaza\",\"datePublished\":\"2025-05-27T09:55:14+00:00\",\"dateModified\":\"2025-05-27T09:55:15+00:00\",\"mainEntityOfPage\":{\"@id\":\"https:\\\/\\\/lasentinelle.dz\\\/index.php\\\/2025\\\/05\\\/27\\\/plus-de-52-morts-dans-le-bombardement-dune-ecole-le-massacre-des-palestiniens-se-poursuit-a-ghaza\\\/\"},\"wordCount\":704,\"commentCount\":0,\"publisher\":{\"@id\":\"https:\\\/\\\/lasentinelle.dz\\\/#organization\"},\"image\":{\"@id\":\"https:\\\/\\\/lasentinelle.dz\\\/index.php\\\/2025\\\/05\\\/27\\\/plus-de-52-morts-dans-le-bombardement-dune-ecole-le-massacre-des-palestiniens-se-poursuit-a-ghaza\\\/#primaryimage\"},\"thumbnailUrl\":\"https:\\\/\\\/lasentinelle.dz\\\/wp-content\\\/uploads\\\/2025\\\/05\\\/ghaza.png\",\"articleSection\":[\"Monde\"],\"inLanguage\":\"fr-FR\",\"potentialAction\":[{\"@type\":\"CommentAction\",\"name\":\"Comment\",\"target\":[\"https:\\\/\\\/lasentinelle.dz\\\/index.php\\\/2025\\\/05\\\/27\\\/plus-de-52-morts-dans-le-bombardement-dune-ecole-le-massacre-des-palestiniens-se-poursuit-a-ghaza\\\/#respond\"]}]},{\"@type\":\"WebPage\",\"@id\":\"https:\\\/\\\/lasentinelle.dz\\\/index.php\\\/2025\\\/05\\\/27\\\/plus-de-52-morts-dans-le-bombardement-dune-ecole-le-massacre-des-palestiniens-se-poursuit-a-ghaza\\\/\",\"url\":\"https:\\\/\\\/lasentinelle.dz\\\/index.php\\\/2025\\\/05\\\/27\\\/plus-de-52-morts-dans-le-bombardement-dune-ecole-le-massacre-des-palestiniens-se-poursuit-a-ghaza\\\/\",\"name\":\"Plus de 52 morts dans le bombardement d&rsquo;une \u00e9cole: Le massacre des Palestiniens se poursuit \u00e0 Ghaza - La Sentinelle\",\"isPartOf\":{\"@id\":\"https:\\\/\\\/lasentinelle.dz\\\/#website\"},\"primaryImageOfPage\":{\"@id\":\"https:\\\/\\\/lasentinelle.dz\\\/index.php\\\/2025\\\/05\\\/27\\\/plus-de-52-morts-dans-le-bombardement-dune-ecole-le-massacre-des-palestiniens-se-poursuit-a-ghaza\\\/#primaryimage\"},\"image\":{\"@id\":\"https:\\\/\\\/lasentinelle.dz\\\/index.php\\\/2025\\\/05\\\/27\\\/plus-de-52-morts-dans-le-bombardement-dune-ecole-le-massacre-des-palestiniens-se-poursuit-a-ghaza\\\/#primaryimage\"},\"thumbnailUrl\":\"https:\\\/\\\/lasentinelle.dz\\\/wp-content\\\/uploads\\\/2025\\\/05\\\/ghaza.png\",\"datePublished\":\"2025-05-27T09:55:14+00:00\",\"dateModified\":\"2025-05-27T09:55:15+00:00\",\"breadcrumb\":{\"@id\":\"https:\\\/\\\/lasentinelle.dz\\\/index.php\\\/2025\\\/05\\\/27\\\/plus-de-52-morts-dans-le-bombardement-dune-ecole-le-massacre-des-palestiniens-se-poursuit-a-ghaza\\\/#breadcrumb\"},\"inLanguage\":\"fr-FR\",\"potentialAction\":[{\"@type\":\"ReadAction\",\"target\":[\"https:\\\/\\\/lasentinelle.dz\\\/index.php\\\/2025\\\/05\\\/27\\\/plus-de-52-morts-dans-le-bombardement-dune-ecole-le-massacre-des-palestiniens-se-poursuit-a-ghaza\\\/\"]}]},{\"@type\":\"ImageObject\",\"inLanguage\":\"fr-FR\",\"@id\":\"https:\\\/\\\/lasentinelle.dz\\\/index.php\\\/2025\\\/05\\\/27\\\/plus-de-52-morts-dans-le-bombardement-dune-ecole-le-massacre-des-palestiniens-se-poursuit-a-ghaza\\\/#primaryimage\",\"url\":\"https:\\\/\\\/lasentinelle.dz\\\/wp-content\\\/uploads\\\/2025\\\/05\\\/ghaza.png\",\"contentUrl\":\"https:\\\/\\\/lasentinelle.dz\\\/wp-content\\\/uploads\\\/2025\\\/05\\\/ghaza.png\",\"width\":1636,\"height\":974},{\"@type\":\"BreadcrumbList\",\"@id\":\"https:\\\/\\\/lasentinelle.dz\\\/index.php\\\/2025\\\/05\\\/27\\\/plus-de-52-morts-dans-le-bombardement-dune-ecole-le-massacre-des-palestiniens-se-poursuit-a-ghaza\\\/#breadcrumb\",\"itemListElement\":[{\"@type\":\"ListItem\",\"position\":1,\"name\":\"Accueil\",\"item\":\"https:\\\/\\\/lasentinelle.dz\\\/\"},{\"@type\":\"ListItem\",\"position\":2,\"name\":\"Plus de 52 morts dans le bombardement d&rsquo;une \u00e9cole: Le massacre des Palestiniens se poursuit \u00e0 Ghaza\"}]},{\"@type\":\"WebSite\",\"@id\":\"https:\\\/\\\/lasentinelle.dz\\\/#website\",\"url\":\"https:\\\/\\\/lasentinelle.dz\\\/\",\"name\":\"La Sentinelle\",\"description\":\"Quotidien national d&#039;information\",\"publisher\":{\"@id\":\"https:\\\/\\\/lasentinelle.dz\\\/#organization\"},\"potentialAction\":[{\"@type\":\"SearchAction\",\"target\":{\"@type\":\"EntryPoint\",\"urlTemplate\":\"https:\\\/\\\/lasentinelle.dz\\\/?s={search_term_string}\"},\"query-input\":{\"@type\":\"PropertyValueSpecification\",\"valueRequired\":true,\"valueName\":\"search_term_string\"}}],\"inLanguage\":\"fr-FR\"},{\"@type\":\"Organization\",\"@id\":\"https:\\\/\\\/lasentinelle.dz\\\/#organization\",\"name\":\"Quotidien La Sentinelle\",\"url\":\"https:\\\/\\\/lasentinelle.dz\\\/\",\"logo\":{\"@type\":\"ImageObject\",\"inLanguage\":\"fr-FR\",\"@id\":\"https:\\\/\\\/lasentinelle.dz\\\/#\\\/schema\\\/logo\\\/image\\\/\",\"url\":\"https:\\\/\\\/lasentinelle.dz\\\/wp-content\\\/uploads\\\/2021\\\/09\\\/logo-sentinelleSLOGAN-1.png\",\"contentUrl\":\"https:\\\/\\\/lasentinelle.dz\\\/wp-content\\\/uploads\\\/2021\\\/09\\\/logo-sentinelleSLOGAN-1.png\",\"width\":615,\"height\":142,\"caption\":\"Quotidien La Sentinelle\"},\"image\":{\"@id\":\"https:\\\/\\\/lasentinelle.dz\\\/#\\\/schema\\\/logo\\\/image\\\/\"},\"sameAs\":[\"https:\\\/\\\/www.facebook.com\\\/La-Sentinelle-104059864394773\"]},{\"@type\":\"Person\",\"@id\":\"https:\\\/\\\/lasentinelle.dz\\\/#\\\/schema\\\/person\\\/729ee0024f24e0b8c5ec17232f8e8b41\",\"name\":\"admin\",\"image\":{\"@type\":\"ImageObject\",\"inLanguage\":\"fr-FR\",\"@id\":\"https:\\\/\\\/secure.gravatar.com\\\/avatar\\\/4c81fed838786e9b53f540bf46533e750f5d292099ae3b66cfc6fb1982e29df7?s=96&d=mm&r=g\",\"url\":\"https:\\\/\\\/secure.gravatar.com\\\/avatar\\\/4c81fed838786e9b53f540bf46533e750f5d292099ae3b66cfc6fb1982e29df7?s=96&d=mm&r=g\",\"contentUrl\":\"https:\\\/\\\/secure.gravatar.com\\\/avatar\\\/4c81fed838786e9b53f540bf46533e750f5d292099ae3b66cfc6fb1982e29df7?s=96&d=mm&r=g\",\"caption\":\"admin\"},\"description\":\"admin\",\"url\":\"https:\\\/\\\/lasentinelle.dz\\\/author\\\/admin\\\/\"}]}<\/script>\n<!-- \/ Yoast SEO plugin. -->","yoast_head_json":{"title":"Plus de 52 morts dans le bombardement d&rsquo;une \u00e9cole: Le massacre des Palestiniens se poursuit \u00e0 Ghaza - La Sentinelle","robots":{"index":"index","follow":"follow","max-snippet":"max-snippet:-1","max-image-preview":"max-image-preview:large","max-video-preview":"max-video-preview:-1"},"canonical":"https:\/\/lasentinelle.dz\/index.php\/2025\/05\/27\/plus-de-52-morts-dans-le-bombardement-dune-ecole-le-massacre-des-palestiniens-se-poursuit-a-ghaza\/","og_locale":"fr_FR","og_type":"article","og_title":"Plus de 52 morts dans le bombardement d&rsquo;une \u00e9cole: Le massacre des Palestiniens se poursuit \u00e0 Ghaza - La Sentinelle","og_description":"L&rsquo;escalade meurtri\u00e8re se poursuit dans la bande de Ghaza avec une intensit\u00e9 dramatique, marqu\u00e9e par de nouveaux massacres perp\u00e9tr\u00e9s par","og_url":"https:\/\/lasentinelle.dz\/index.php\/2025\/05\/27\/plus-de-52-morts-dans-le-bombardement-dune-ecole-le-massacre-des-palestiniens-se-poursuit-a-ghaza\/","og_site_name":"La Sentinelle","article_publisher":"https:\/\/www.facebook.com\/La-Sentinelle-104059864394773","article_published_time":"2025-05-27T09:55:14+00:00","article_modified_time":"2025-05-27T09:55:15+00:00","og_image":[{"width":1636,"height":974,"url":"https:\/\/lasentinelle.dz\/wp-content\/uploads\/2025\/05\/ghaza.png","type":"image\/png"}],"author":"admin","twitter_card":"summary_large_image","twitter_misc":{"\u00c9crit par":"admin","Dur\u00e9e de lecture estim\u00e9e":"4 minutes"},"schema":{"@context":"https:\/\/schema.org","@graph":[{"@type":"Article","@id":"https:\/\/lasentinelle.dz\/index.php\/2025\/05\/27\/plus-de-52-morts-dans-le-bombardement-dune-ecole-le-massacre-des-palestiniens-se-poursuit-a-ghaza\/#article","isPartOf":{"@id":"https:\/\/lasentinelle.dz\/index.php\/2025\/05\/27\/plus-de-52-morts-dans-le-bombardement-dune-ecole-le-massacre-des-palestiniens-se-poursuit-a-ghaza\/"},"author":{"name":"admin","@id":"https:\/\/lasentinelle.dz\/#\/schema\/person\/729ee0024f24e0b8c5ec17232f8e8b41"},"headline":"Plus de 52 morts dans le bombardement d&rsquo;une \u00e9cole: Le massacre des Palestiniens se poursuit \u00e0 Ghaza","datePublished":"2025-05-27T09:55:14+00:00","dateModified":"2025-05-27T09:55:15+00:00","mainEntityOfPage":{"@id":"https:\/\/lasentinelle.dz\/index.php\/2025\/05\/27\/plus-de-52-morts-dans-le-bombardement-dune-ecole-le-massacre-des-palestiniens-se-poursuit-a-ghaza\/"},"wordCount":704,"commentCount":0,"publisher":{"@id":"https:\/\/lasentinelle.dz\/#organization"},"image":{"@id":"https:\/\/lasentinelle.dz\/index.php\/2025\/05\/27\/plus-de-52-morts-dans-le-bombardement-dune-ecole-le-massacre-des-palestiniens-se-poursuit-a-ghaza\/#primaryimage"},"thumbnailUrl":"https:\/\/lasentinelle.dz\/wp-content\/uploads\/2025\/05\/ghaza.png","articleSection":["Monde"],"inLanguage":"fr-FR","potentialAction":[{"@type":"CommentAction","name":"Comment","target":["https:\/\/lasentinelle.dz\/index.php\/2025\/05\/27\/plus-de-52-morts-dans-le-bombardement-dune-ecole-le-massacre-des-palestiniens-se-poursuit-a-ghaza\/#respond"]}]},{"@type":"WebPage","@id":"https:\/\/lasentinelle.dz\/index.php\/2025\/05\/27\/plus-de-52-morts-dans-le-bombardement-dune-ecole-le-massacre-des-palestiniens-se-poursuit-a-ghaza\/","url":"https:\/\/lasentinelle.dz\/index.php\/2025\/05\/27\/plus-de-52-morts-dans-le-bombardement-dune-ecole-le-massacre-des-palestiniens-se-poursuit-a-ghaza\/","name":"Plus de 52 morts dans le bombardement d&rsquo;une \u00e9cole: Le massacre des Palestiniens se poursuit \u00e0 Ghaza - La Sentinelle","isPartOf":{"@id":"https:\/\/lasentinelle.dz\/#website"},"primaryImageOfPage":{"@id":"https:\/\/lasentinelle.dz\/index.php\/2025\/05\/27\/plus-de-52-morts-dans-le-bombardement-dune-ecole-le-massacre-des-palestiniens-se-poursuit-a-ghaza\/#primaryimage"},"image":{"@id":"https:\/\/lasentinelle.dz\/index.php\/2025\/05\/27\/plus-de-52-morts-dans-le-bombardement-dune-ecole-le-massacre-des-palestiniens-se-poursuit-a-ghaza\/#primaryimage"},"thumbnailUrl":"https:\/\/lasentinelle.dz\/wp-content\/uploads\/2025\/05\/ghaza.png","datePublished":"2025-05-27T09:55:14+00:00","dateModified":"2025-05-27T09:55:15+00:00","breadcrumb":{"@id":"https:\/\/lasentinelle.dz\/index.php\/2025\/05\/27\/plus-de-52-morts-dans-le-bombardement-dune-ecole-le-massacre-des-palestiniens-se-poursuit-a-ghaza\/#breadcrumb"},"inLanguage":"fr-FR","potentialAction":[{"@type":"ReadAction","target":["https:\/\/lasentinelle.dz\/index.php\/2025\/05\/27\/plus-de-52-morts-dans-le-bombardement-dune-ecole-le-massacre-des-palestiniens-se-poursuit-a-ghaza\/"]}]},{"@type":"ImageObject","inLanguage":"fr-FR","@id":"https:\/\/lasentinelle.dz\/index.php\/2025\/05\/27\/plus-de-52-morts-dans-le-bombardement-dune-ecole-le-massacre-des-palestiniens-se-poursuit-a-ghaza\/#primaryimage","url":"https:\/\/lasentinelle.dz\/wp-content\/uploads\/2025\/05\/ghaza.png","contentUrl":"https:\/\/lasentinelle.dz\/wp-content\/uploads\/2025\/05\/ghaza.png","width":1636,"height":974},{"@type":"BreadcrumbList","@id":"https:\/\/lasentinelle.dz\/index.php\/2025\/05\/27\/plus-de-52-morts-dans-le-bombardement-dune-ecole-le-massacre-des-palestiniens-se-poursuit-a-ghaza\/#breadcrumb","itemListElement":[{"@type":"ListItem","position":1,"name":"Accueil","item":"https:\/\/lasentinelle.dz\/"},{"@type":"ListItem","position":2,"name":"Plus de 52 morts dans le bombardement d&rsquo;une \u00e9cole: Le massacre des Palestiniens se poursuit \u00e0 Ghaza"}]},{"@type":"WebSite","@id":"https:\/\/lasentinelle.dz\/#website","url":"https:\/\/lasentinelle.dz\/","name":"La Sentinelle","description":"Quotidien national d&#039;information","publisher":{"@id":"https:\/\/lasentinelle.dz\/#organization"},"potentialAction":[{"@type":"SearchAction","target":{"@type":"EntryPoint","urlTemplate":"https:\/\/lasentinelle.dz\/?s={search_term_string}"},"query-input":{"@type":"PropertyValueSpecification","valueRequired":true,"valueName":"search_term_string"}}],"inLanguage":"fr-FR"},{"@type":"Organization","@id":"https:\/\/lasentinelle.dz\/#organization","name":"Quotidien La Sentinelle","url":"https:\/\/lasentinelle.dz\/","logo":{"@type":"ImageObject","inLanguage":"fr-FR","@id":"https:\/\/lasentinelle.dz\/#\/schema\/logo\/image\/","url":"https:\/\/lasentinelle.dz\/wp-content\/uploads\/2021\/09\/logo-sentinelleSLOGAN-1.png","contentUrl":"https:\/\/lasentinelle.dz\/wp-content\/uploads\/2021\/09\/logo-sentinelleSLOGAN-1.png","width":615,"height":142,"caption":"Quotidien La Sentinelle"},"image":{"@id":"https:\/\/lasentinelle.dz\/#\/schema\/logo\/image\/"},"sameAs":["https:\/\/www.facebook.com\/La-Sentinelle-104059864394773"]},{"@type":"Person","@id":"https:\/\/lasentinelle.dz\/#\/schema\/person\/729ee0024f24e0b8c5ec17232f8e8b41","name":"admin","image":{"@type":"ImageObject","inLanguage":"fr-FR","@id":"https:\/\/secure.gravatar.com\/avatar\/4c81fed838786e9b53f540bf46533e750f5d292099ae3b66cfc6fb1982e29df7?s=96&d=mm&r=g","url":"https:\/\/secure.gravatar.com\/avatar\/4c81fed838786e9b53f540bf46533e750f5d292099ae3b66cfc6fb1982e29df7?s=96&d=mm&r=g","contentUrl":"https:\/\/secure.gravatar.com\/avatar\/4c81fed838786e9b53f540bf46533e750f5d292099ae3b66cfc6fb1982e29df7?s=96&d=mm&r=g","caption":"admin"},"description":"admin","url":"https:\/\/lasentinelle.dz\/author\/admin\/"}]}},"_links":{"self":[{"href":"https:\/\/lasentinelle.dz\/index.php\/wp-json\/wp\/v2\/posts\/67954","targetHints":{"allow":["GET"]}}],"collection":[{"href":"https:\/\/lasentinelle.dz\/index.php\/wp-json\/wp\/v2\/posts"}],"about":[{"href":"https:\/\/lasentinelle.dz\/index.php\/wp-json\/wp\/v2\/types\/post"}],"author":[{"embeddable":true,"href":"https:\/\/lasentinelle.dz\/index.php\/wp-json\/wp\/v2\/users\/6"}],"replies":[{"embeddable":true,"href":"https:\/\/lasentinelle.dz\/index.php\/wp-json\/wp\/v2\/comments?post=67954"}],"version-history":[{"count":2,"href":"https:\/\/lasentinelle.dz\/index.php\/wp-json\/wp\/v2\/posts\/67954\/revisions"}],"predecessor-version":[{"id":67957,"href":"https:\/\/lasentinelle.dz\/index.php\/wp-json\/wp\/v2\/posts\/67954\/revisions\/67957"}],"wp:featuredmedia":[{"embeddable":true,"href":"https:\/\/lasentinelle.dz\/index.php\/wp-json\/wp\/v2\/media\/67955"}],"wp:attachment":[{"href":"https:\/\/lasentinelle.dz\/index.php\/wp-json\/wp\/v2\/media?parent=67954"}],"wp:term":[{"taxonomy":"category","embeddable":true,"href":"https:\/\/lasentinelle.dz\/index.php\/wp-json\/wp\/v2\/categories?post=67954"},{"taxonomy":"post_tag","embeddable":true,"href":"https:\/\/lasentinelle.dz\/index.php\/wp-json\/wp\/v2\/tags?post=67954"}],"curies":[{"name":"wp","href":"https:\/\/api.w.org\/{rel}","templated":true}]}}