{"id":67961,"date":"2025-05-27T10:58:05","date_gmt":"2025-05-27T09:58:05","guid":{"rendered":"https:\/\/lasentinelle.dz\/?p=67961"},"modified":"2025-05-27T10:58:05","modified_gmt":"2025-05-27T09:58:05","slug":"rome-consacre-lamitie-algero-italienne-le-musee-enrico-mattei-eleve-au-rang-de-musee-national","status":"publish","type":"post","link":"https:\/\/lasentinelle.dz\/index.php\/2025\/05\/27\/rome-consacre-lamitie-algero-italienne-le-musee-enrico-mattei-eleve-au-rang-de-musee-national\/","title":{"rendered":"Rome consacre l&rsquo;amiti\u00e9 alg\u00e9ro-italienne: Le mus\u00e9e Enrico Mattei \u00e9lev\u00e9 au rang de mus\u00e9e national"},"content":{"rendered":"\n<p>Dans un geste symbolique fort qui scelle d\u00e9finitivement la reconnaissance de l&rsquo;amiti\u00e9 italo-alg\u00e9rienne, le minist\u00e8re de la Culture italien vient d&rsquo;\u00e9lever officiellement le mus\u00e9e d\u00e9di\u00e9 \u00e0 Enrico Mattei au rang de mus\u00e9e national, l&rsquo;inscrivant ainsi dans le patrimoine culturel italien. Cette d\u00e9cision historique, annonc\u00e9e lundi par la t\u00e9l\u00e9vision alg\u00e9rienne, marque une \u00e9tape majeure dans la valorisation de la m\u00e9moire de cette figure embl\u00e9matique qui a marqu\u00e9 l&rsquo;histoire des relations entre l&rsquo;Italie et l&rsquo;Alg\u00e9rie durant la guerre d&rsquo;ind\u00e9pendance.<\/p>\n\n\n\n<p>La c\u00e9r\u00e9monie d&rsquo;accr\u00e9ditation s&rsquo;est d\u00e9roul\u00e9e dans la ville de Matelica, berceau natal d&rsquo;Enrico Mattei, en pr\u00e9sence de personnalit\u00e9s de premier plan t\u00e9moignant de l&rsquo;importance accord\u00e9e \u00e0 cet \u00e9v\u00e9nement. L&rsquo;ambassadeur d&rsquo;Alg\u00e9rie en Italie a honor\u00e9 de sa pr\u00e9sence cette manifestation aux c\u00f4t\u00e9s d&rsquo;\u00e9lus locaux, de membres de la famille Mattei et d&rsquo;un nombreux public de citoyens italiens venus rendre hommage \u00e0 cette personnalit\u00e9 d&rsquo;exception. Enrico Mattei, patron de l&rsquo;ENI (Ente Nazionale Idrocarburi), s&rsquo;\u00e9tait distingu\u00e9 pendant par son soutien ind\u00e9fectible au mouvement de lib\u00e9ration nationale contre la France coloniale, d\u00e9fiant les positions officielles occidentales de l&rsquo;\u00e9poque. Son engagement courageux en faveur de l&rsquo;ind\u00e9pendance alg\u00e9rienne lui avait valu une reconnaissance posthume exceptionnelle de la part des autorit\u00e9s alg\u00e9riennes. Le pr\u00e9sident de la R\u00e9publique Abdelmadjid Tebboune l&rsquo;avait ainsi honor\u00e9 en lui d\u00e9cernant la m\u00e9daille des Amis de la R\u00e9volution alg\u00e9rienne \u00e0 titre posthume, reconnaissance supr\u00eame r\u00e9serv\u00e9e aux personnalit\u00e9s \u00e9trang\u00e8res ayant apport\u00e9 un soutien d\u00e9cisif \u00e0 la lutte de lib\u00e9ration nationale.<\/p>\n\n\n\n<p>Cette reconnaissance officielle s&rsquo;\u00e9tait \u00e9galement mat\u00e9rialis\u00e9e par l&rsquo;attribution du nom d&rsquo;Enrico Mattei au gazoduc reliant l&rsquo;Alg\u00e9rie \u00e0 l&rsquo;Italie, bapt\u00eame symbolique qui perp\u00e9tue la m\u00e9moire de ses services \u00ab\u00a0\u00e9minents\u00a0\u00bb rendus \u00e0 la r\u00e9volution alg\u00e9rienne. Cette d\u00e9nomination transforme chaque flux gazier entre les deux pays en un rappel permanent de cette amiti\u00e9 historique et des liens \u00e9nerg\u00e9tiques durables qu&rsquo;elle a contribu\u00e9 \u00e0 tisser. Le gazoduc Mattei est devenu ainsi bien plus qu&rsquo;une infrastructure \u00e9nerg\u00e9tique, incarnant la continuit\u00e9 des relations privil\u00e9gi\u00e9es entre Alger et Rome. Le mus\u00e9e offre aux visiteurs une plong\u00e9e dans l&rsquo;univers de cet industriel visionnaire qui avait su allier pragmatisme \u00e9conomique et engagement humaniste, faisant de sa conviction personnelle un levier d&rsquo;action diplomatique informelle mais efficace. Cette cons\u00e9cration patrimoniale garantit d\u00e9sormais la pr\u00e9servation et la transmission de cette m\u00e9moire partag\u00e9e aux g\u00e9n\u00e9rations futures, ancrant d\u00e9finitivement l&rsquo;h\u00e9ritage de Mattei dans le paysage culturel italien.<\/p>\n\n\n\n<p>Mohand S.<\/p>\n","protected":false},"excerpt":{"rendered":"<p>Dans un geste symbolique fort qui scelle d\u00e9finitivement la reconnaissance de l&rsquo;amiti\u00e9 italo-alg\u00e9rienne, le minist\u00e8re de la Culture italien vient<\/p>\n","protected":false},"author":6,"featured_media":67962,"comment_status":"open","ping_status":"closed","sticky":false,"template":"","format":"standard","meta":{"colormag_page_container_layout":"default_layout","colormag_page_sidebar_layout":"default_layout","om_disable_all_campaigns":false,"_monsterinsights_skip_tracking":false,"_monsterinsights_sitenote_active":false,"_monsterinsights_sitenote_note":"","_monsterinsights_sitenote_category":0,"footnotes":"","_wpscppro_dont_share_socialmedia":false,"_wpscppro_custom_social_share_image":0,"_facebook_share_type":"default","_twitter_share_type":"default","_linkedin_share_type":"default","_pinterest_share_type":"default","_linkedin_share_type_page":"","_instagram_share_type":"default","_medium_share_type":"default","_threads_share_type":"","_google_business_share_type":"","_selected_social_profile":[],"_wpsp_enable_custom_social_template":false,"_wpsp_social_scheduling":{"enabled":false,"datetime":null,"platforms":[],"status":"template_only","dateOption":"today","timeOption":"now","customDays":"","customHours":"","customDate":"","customTime":"","schedulingType":"absolute"},"_wpsp_active_default_template":true},"categories":[36],"tags":[],"class_list":["post-67961","post","type-post","status-publish","format-standard","has-post-thumbnail","hentry","category-culture"],"aioseo_notices":[],"yoast_head":"<!-- This site is optimized with the Yoast SEO plugin v27.5 - https:\/\/yoast.com\/product\/yoast-seo-wordpress\/ -->\n<title>Rome consacre l&rsquo;amiti\u00e9 alg\u00e9ro-italienne: Le mus\u00e9e Enrico Mattei \u00e9lev\u00e9 au rang de mus\u00e9e national - La Sentinelle<\/title>\n<meta name=\"robots\" content=\"index, follow, max-snippet:-1, max-image-preview:large, max-video-preview:-1\" \/>\n<link rel=\"canonical\" href=\"https:\/\/lasentinelle.dz\/index.php\/2025\/05\/27\/rome-consacre-lamitie-algero-italienne-le-musee-enrico-mattei-eleve-au-rang-de-musee-national\/\" \/>\n<meta property=\"og:locale\" content=\"fr_FR\" \/>\n<meta property=\"og:type\" content=\"article\" \/>\n<meta property=\"og:title\" content=\"Rome consacre l&rsquo;amiti\u00e9 alg\u00e9ro-italienne: Le mus\u00e9e Enrico Mattei \u00e9lev\u00e9 au rang de mus\u00e9e national - La Sentinelle\" \/>\n<meta property=\"og:description\" content=\"Dans un geste symbolique fort qui scelle d\u00e9finitivement la reconnaissance de l&rsquo;amiti\u00e9 italo-alg\u00e9rienne, le minist\u00e8re de la Culture italien vient\" \/>\n<meta property=\"og:url\" content=\"https:\/\/lasentinelle.dz\/index.php\/2025\/05\/27\/rome-consacre-lamitie-algero-italienne-le-musee-enrico-mattei-eleve-au-rang-de-musee-national\/\" \/>\n<meta property=\"og:site_name\" content=\"La Sentinelle\" \/>\n<meta property=\"article:publisher\" content=\"https:\/\/www.facebook.com\/La-Sentinelle-104059864394773\" \/>\n<meta property=\"article:published_time\" content=\"2025-05-27T09:58:05+00:00\" \/>\n<meta property=\"og:image\" content=\"https:\/\/lasentinelle.dz\/wp-content\/uploads\/2025\/05\/musee_mattei.jpg\" \/>\n\t<meta property=\"og:image:width\" content=\"580\" \/>\n\t<meta property=\"og:image:height\" content=\"350\" \/>\n\t<meta property=\"og:image:type\" content=\"image\/jpeg\" \/>\n<meta name=\"author\" content=\"admin\" \/>\n<meta name=\"twitter:card\" content=\"summary_large_image\" \/>\n<meta name=\"twitter:label1\" content=\"\u00c9crit par\" \/>\n\t<meta name=\"twitter:data1\" content=\"admin\" \/>\n\t<meta name=\"twitter:label2\" content=\"Dur\u00e9e de lecture estim\u00e9e\" \/>\n\t<meta name=\"twitter:data2\" content=\"3 minutes\" \/>\n<script type=\"application\/ld+json\" class=\"yoast-schema-graph\">{\"@context\":\"https:\\\/\\\/schema.org\",\"@graph\":[{\"@type\":\"Article\",\"@id\":\"https:\\\/\\\/lasentinelle.dz\\\/index.php\\\/2025\\\/05\\\/27\\\/rome-consacre-lamitie-algero-italienne-le-musee-enrico-mattei-eleve-au-rang-de-musee-national\\\/#article\",\"isPartOf\":{\"@id\":\"https:\\\/\\\/lasentinelle.dz\\\/index.php\\\/2025\\\/05\\\/27\\\/rome-consacre-lamitie-algero-italienne-le-musee-enrico-mattei-eleve-au-rang-de-musee-national\\\/\"},\"author\":{\"name\":\"admin\",\"@id\":\"https:\\\/\\\/lasentinelle.dz\\\/#\\\/schema\\\/person\\\/729ee0024f24e0b8c5ec17232f8e8b41\"},\"headline\":\"Rome consacre l&rsquo;amiti\u00e9 alg\u00e9ro-italienne: Le mus\u00e9e Enrico Mattei \u00e9lev\u00e9 au rang de mus\u00e9e national\",\"datePublished\":\"2025-05-27T09:58:05+00:00\",\"mainEntityOfPage\":{\"@id\":\"https:\\\/\\\/lasentinelle.dz\\\/index.php\\\/2025\\\/05\\\/27\\\/rome-consacre-lamitie-algero-italienne-le-musee-enrico-mattei-eleve-au-rang-de-musee-national\\\/\"},\"wordCount\":493,\"commentCount\":0,\"publisher\":{\"@id\":\"https:\\\/\\\/lasentinelle.dz\\\/#organization\"},\"image\":{\"@id\":\"https:\\\/\\\/lasentinelle.dz\\\/index.php\\\/2025\\\/05\\\/27\\\/rome-consacre-lamitie-algero-italienne-le-musee-enrico-mattei-eleve-au-rang-de-musee-national\\\/#primaryimage\"},\"thumbnailUrl\":\"https:\\\/\\\/lasentinelle.dz\\\/wp-content\\\/uploads\\\/2025\\\/05\\\/musee_mattei.jpg\",\"articleSection\":[\"Culture\"],\"inLanguage\":\"fr-FR\",\"potentialAction\":[{\"@type\":\"CommentAction\",\"name\":\"Comment\",\"target\":[\"https:\\\/\\\/lasentinelle.dz\\\/index.php\\\/2025\\\/05\\\/27\\\/rome-consacre-lamitie-algero-italienne-le-musee-enrico-mattei-eleve-au-rang-de-musee-national\\\/#respond\"]}]},{\"@type\":\"WebPage\",\"@id\":\"https:\\\/\\\/lasentinelle.dz\\\/index.php\\\/2025\\\/05\\\/27\\\/rome-consacre-lamitie-algero-italienne-le-musee-enrico-mattei-eleve-au-rang-de-musee-national\\\/\",\"url\":\"https:\\\/\\\/lasentinelle.dz\\\/index.php\\\/2025\\\/05\\\/27\\\/rome-consacre-lamitie-algero-italienne-le-musee-enrico-mattei-eleve-au-rang-de-musee-national\\\/\",\"name\":\"Rome consacre l&rsquo;amiti\u00e9 alg\u00e9ro-italienne: Le mus\u00e9e Enrico Mattei \u00e9lev\u00e9 au rang de mus\u00e9e national - La Sentinelle\",\"isPartOf\":{\"@id\":\"https:\\\/\\\/lasentinelle.dz\\\/#website\"},\"primaryImageOfPage\":{\"@id\":\"https:\\\/\\\/lasentinelle.dz\\\/index.php\\\/2025\\\/05\\\/27\\\/rome-consacre-lamitie-algero-italienne-le-musee-enrico-mattei-eleve-au-rang-de-musee-national\\\/#primaryimage\"},\"image\":{\"@id\":\"https:\\\/\\\/lasentinelle.dz\\\/index.php\\\/2025\\\/05\\\/27\\\/rome-consacre-lamitie-algero-italienne-le-musee-enrico-mattei-eleve-au-rang-de-musee-national\\\/#primaryimage\"},\"thumbnailUrl\":\"https:\\\/\\\/lasentinelle.dz\\\/wp-content\\\/uploads\\\/2025\\\/05\\\/musee_mattei.jpg\",\"datePublished\":\"2025-05-27T09:58:05+00:00\",\"breadcrumb\":{\"@id\":\"https:\\\/\\\/lasentinelle.dz\\\/index.php\\\/2025\\\/05\\\/27\\\/rome-consacre-lamitie-algero-italienne-le-musee-enrico-mattei-eleve-au-rang-de-musee-national\\\/#breadcrumb\"},\"inLanguage\":\"fr-FR\",\"potentialAction\":[{\"@type\":\"ReadAction\",\"target\":[\"https:\\\/\\\/lasentinelle.dz\\\/index.php\\\/2025\\\/05\\\/27\\\/rome-consacre-lamitie-algero-italienne-le-musee-enrico-mattei-eleve-au-rang-de-musee-national\\\/\"]}]},{\"@type\":\"ImageObject\",\"inLanguage\":\"fr-FR\",\"@id\":\"https:\\\/\\\/lasentinelle.dz\\\/index.php\\\/2025\\\/05\\\/27\\\/rome-consacre-lamitie-algero-italienne-le-musee-enrico-mattei-eleve-au-rang-de-musee-national\\\/#primaryimage\",\"url\":\"https:\\\/\\\/lasentinelle.dz\\\/wp-content\\\/uploads\\\/2025\\\/05\\\/musee_mattei.jpg\",\"contentUrl\":\"https:\\\/\\\/lasentinelle.dz\\\/wp-content\\\/uploads\\\/2025\\\/05\\\/musee_mattei.jpg\",\"width\":580,\"height\":350},{\"@type\":\"BreadcrumbList\",\"@id\":\"https:\\\/\\\/lasentinelle.dz\\\/index.php\\\/2025\\\/05\\\/27\\\/rome-consacre-lamitie-algero-italienne-le-musee-enrico-mattei-eleve-au-rang-de-musee-national\\\/#breadcrumb\",\"itemListElement\":[{\"@type\":\"ListItem\",\"position\":1,\"name\":\"Accueil\",\"item\":\"https:\\\/\\\/lasentinelle.dz\\\/\"},{\"@type\":\"ListItem\",\"position\":2,\"name\":\"Rome consacre l&rsquo;amiti\u00e9 alg\u00e9ro-italienne: Le mus\u00e9e Enrico Mattei \u00e9lev\u00e9 au rang de mus\u00e9e national\"}]},{\"@type\":\"WebSite\",\"@id\":\"https:\\\/\\\/lasentinelle.dz\\\/#website\",\"url\":\"https:\\\/\\\/lasentinelle.dz\\\/\",\"name\":\"La Sentinelle\",\"description\":\"Quotidien national d&#039;information\",\"publisher\":{\"@id\":\"https:\\\/\\\/lasentinelle.dz\\\/#organization\"},\"potentialAction\":[{\"@type\":\"SearchAction\",\"target\":{\"@type\":\"EntryPoint\",\"urlTemplate\":\"https:\\\/\\\/lasentinelle.dz\\\/?s={search_term_string}\"},\"query-input\":{\"@type\":\"PropertyValueSpecification\",\"valueRequired\":true,\"valueName\":\"search_term_string\"}}],\"inLanguage\":\"fr-FR\"},{\"@type\":\"Organization\",\"@id\":\"https:\\\/\\\/lasentinelle.dz\\\/#organization\",\"name\":\"Quotidien La Sentinelle\",\"url\":\"https:\\\/\\\/lasentinelle.dz\\\/\",\"logo\":{\"@type\":\"ImageObject\",\"inLanguage\":\"fr-FR\",\"@id\":\"https:\\\/\\\/lasentinelle.dz\\\/#\\\/schema\\\/logo\\\/image\\\/\",\"url\":\"https:\\\/\\\/lasentinelle.dz\\\/wp-content\\\/uploads\\\/2021\\\/09\\\/logo-sentinelleSLOGAN-1.png\",\"contentUrl\":\"https:\\\/\\\/lasentinelle.dz\\\/wp-content\\\/uploads\\\/2021\\\/09\\\/logo-sentinelleSLOGAN-1.png\",\"width\":615,\"height\":142,\"caption\":\"Quotidien La Sentinelle\"},\"image\":{\"@id\":\"https:\\\/\\\/lasentinelle.dz\\\/#\\\/schema\\\/logo\\\/image\\\/\"},\"sameAs\":[\"https:\\\/\\\/www.facebook.com\\\/La-Sentinelle-104059864394773\"]},{\"@type\":\"Person\",\"@id\":\"https:\\\/\\\/lasentinelle.dz\\\/#\\\/schema\\\/person\\\/729ee0024f24e0b8c5ec17232f8e8b41\",\"name\":\"admin\",\"image\":{\"@type\":\"ImageObject\",\"inLanguage\":\"fr-FR\",\"@id\":\"https:\\\/\\\/secure.gravatar.com\\\/avatar\\\/4c81fed838786e9b53f540bf46533e750f5d292099ae3b66cfc6fb1982e29df7?s=96&d=mm&r=g\",\"url\":\"https:\\\/\\\/secure.gravatar.com\\\/avatar\\\/4c81fed838786e9b53f540bf46533e750f5d292099ae3b66cfc6fb1982e29df7?s=96&d=mm&r=g\",\"contentUrl\":\"https:\\\/\\\/secure.gravatar.com\\\/avatar\\\/4c81fed838786e9b53f540bf46533e750f5d292099ae3b66cfc6fb1982e29df7?s=96&d=mm&r=g\",\"caption\":\"admin\"},\"description\":\"admin\",\"url\":\"https:\\\/\\\/lasentinelle.dz\\\/author\\\/admin\\\/\"}]}<\/script>\n<!-- \/ Yoast SEO plugin. -->","yoast_head_json":{"title":"Rome consacre l&rsquo;amiti\u00e9 alg\u00e9ro-italienne: Le mus\u00e9e Enrico Mattei \u00e9lev\u00e9 au rang de mus\u00e9e national - La Sentinelle","robots":{"index":"index","follow":"follow","max-snippet":"max-snippet:-1","max-image-preview":"max-image-preview:large","max-video-preview":"max-video-preview:-1"},"canonical":"https:\/\/lasentinelle.dz\/index.php\/2025\/05\/27\/rome-consacre-lamitie-algero-italienne-le-musee-enrico-mattei-eleve-au-rang-de-musee-national\/","og_locale":"fr_FR","og_type":"article","og_title":"Rome consacre l&rsquo;amiti\u00e9 alg\u00e9ro-italienne: Le mus\u00e9e Enrico Mattei \u00e9lev\u00e9 au rang de mus\u00e9e national - La Sentinelle","og_description":"Dans un geste symbolique fort qui scelle d\u00e9finitivement la reconnaissance de l&rsquo;amiti\u00e9 italo-alg\u00e9rienne, le minist\u00e8re de la Culture italien vient","og_url":"https:\/\/lasentinelle.dz\/index.php\/2025\/05\/27\/rome-consacre-lamitie-algero-italienne-le-musee-enrico-mattei-eleve-au-rang-de-musee-national\/","og_site_name":"La Sentinelle","article_publisher":"https:\/\/www.facebook.com\/La-Sentinelle-104059864394773","article_published_time":"2025-05-27T09:58:05+00:00","og_image":[{"width":580,"height":350,"url":"https:\/\/lasentinelle.dz\/wp-content\/uploads\/2025\/05\/musee_mattei.jpg","type":"image\/jpeg"}],"author":"admin","twitter_card":"summary_large_image","twitter_misc":{"\u00c9crit par":"admin","Dur\u00e9e de lecture estim\u00e9e":"3 minutes"},"schema":{"@context":"https:\/\/schema.org","@graph":[{"@type":"Article","@id":"https:\/\/lasentinelle.dz\/index.php\/2025\/05\/27\/rome-consacre-lamitie-algero-italienne-le-musee-enrico-mattei-eleve-au-rang-de-musee-national\/#article","isPartOf":{"@id":"https:\/\/lasentinelle.dz\/index.php\/2025\/05\/27\/rome-consacre-lamitie-algero-italienne-le-musee-enrico-mattei-eleve-au-rang-de-musee-national\/"},"author":{"name":"admin","@id":"https:\/\/lasentinelle.dz\/#\/schema\/person\/729ee0024f24e0b8c5ec17232f8e8b41"},"headline":"Rome consacre l&rsquo;amiti\u00e9 alg\u00e9ro-italienne: Le mus\u00e9e Enrico Mattei \u00e9lev\u00e9 au rang de mus\u00e9e national","datePublished":"2025-05-27T09:58:05+00:00","mainEntityOfPage":{"@id":"https:\/\/lasentinelle.dz\/index.php\/2025\/05\/27\/rome-consacre-lamitie-algero-italienne-le-musee-enrico-mattei-eleve-au-rang-de-musee-national\/"},"wordCount":493,"commentCount":0,"publisher":{"@id":"https:\/\/lasentinelle.dz\/#organization"},"image":{"@id":"https:\/\/lasentinelle.dz\/index.php\/2025\/05\/27\/rome-consacre-lamitie-algero-italienne-le-musee-enrico-mattei-eleve-au-rang-de-musee-national\/#primaryimage"},"thumbnailUrl":"https:\/\/lasentinelle.dz\/wp-content\/uploads\/2025\/05\/musee_mattei.jpg","articleSection":["Culture"],"inLanguage":"fr-FR","potentialAction":[{"@type":"CommentAction","name":"Comment","target":["https:\/\/lasentinelle.dz\/index.php\/2025\/05\/27\/rome-consacre-lamitie-algero-italienne-le-musee-enrico-mattei-eleve-au-rang-de-musee-national\/#respond"]}]},{"@type":"WebPage","@id":"https:\/\/lasentinelle.dz\/index.php\/2025\/05\/27\/rome-consacre-lamitie-algero-italienne-le-musee-enrico-mattei-eleve-au-rang-de-musee-national\/","url":"https:\/\/lasentinelle.dz\/index.php\/2025\/05\/27\/rome-consacre-lamitie-algero-italienne-le-musee-enrico-mattei-eleve-au-rang-de-musee-national\/","name":"Rome consacre l&rsquo;amiti\u00e9 alg\u00e9ro-italienne: Le mus\u00e9e Enrico Mattei \u00e9lev\u00e9 au rang de mus\u00e9e national - La Sentinelle","isPartOf":{"@id":"https:\/\/lasentinelle.dz\/#website"},"primaryImageOfPage":{"@id":"https:\/\/lasentinelle.dz\/index.php\/2025\/05\/27\/rome-consacre-lamitie-algero-italienne-le-musee-enrico-mattei-eleve-au-rang-de-musee-national\/#primaryimage"},"image":{"@id":"https:\/\/lasentinelle.dz\/index.php\/2025\/05\/27\/rome-consacre-lamitie-algero-italienne-le-musee-enrico-mattei-eleve-au-rang-de-musee-national\/#primaryimage"},"thumbnailUrl":"https:\/\/lasentinelle.dz\/wp-content\/uploads\/2025\/05\/musee_mattei.jpg","datePublished":"2025-05-27T09:58:05+00:00","breadcrumb":{"@id":"https:\/\/lasentinelle.dz\/index.php\/2025\/05\/27\/rome-consacre-lamitie-algero-italienne-le-musee-enrico-mattei-eleve-au-rang-de-musee-national\/#breadcrumb"},"inLanguage":"fr-FR","potentialAction":[{"@type":"ReadAction","target":["https:\/\/lasentinelle.dz\/index.php\/2025\/05\/27\/rome-consacre-lamitie-algero-italienne-le-musee-enrico-mattei-eleve-au-rang-de-musee-national\/"]}]},{"@type":"ImageObject","inLanguage":"fr-FR","@id":"https:\/\/lasentinelle.dz\/index.php\/2025\/05\/27\/rome-consacre-lamitie-algero-italienne-le-musee-enrico-mattei-eleve-au-rang-de-musee-national\/#primaryimage","url":"https:\/\/lasentinelle.dz\/wp-content\/uploads\/2025\/05\/musee_mattei.jpg","contentUrl":"https:\/\/lasentinelle.dz\/wp-content\/uploads\/2025\/05\/musee_mattei.jpg","width":580,"height":350},{"@type":"BreadcrumbList","@id":"https:\/\/lasentinelle.dz\/index.php\/2025\/05\/27\/rome-consacre-lamitie-algero-italienne-le-musee-enrico-mattei-eleve-au-rang-de-musee-national\/#breadcrumb","itemListElement":[{"@type":"ListItem","position":1,"name":"Accueil","item":"https:\/\/lasentinelle.dz\/"},{"@type":"ListItem","position":2,"name":"Rome consacre l&rsquo;amiti\u00e9 alg\u00e9ro-italienne: Le mus\u00e9e Enrico Mattei \u00e9lev\u00e9 au rang de mus\u00e9e national"}]},{"@type":"WebSite","@id":"https:\/\/lasentinelle.dz\/#website","url":"https:\/\/lasentinelle.dz\/","name":"La Sentinelle","description":"Quotidien national d&#039;information","publisher":{"@id":"https:\/\/lasentinelle.dz\/#organization"},"potentialAction":[{"@type":"SearchAction","target":{"@type":"EntryPoint","urlTemplate":"https:\/\/lasentinelle.dz\/?s={search_term_string}"},"query-input":{"@type":"PropertyValueSpecification","valueRequired":true,"valueName":"search_term_string"}}],"inLanguage":"fr-FR"},{"@type":"Organization","@id":"https:\/\/lasentinelle.dz\/#organization","name":"Quotidien La Sentinelle","url":"https:\/\/lasentinelle.dz\/","logo":{"@type":"ImageObject","inLanguage":"fr-FR","@id":"https:\/\/lasentinelle.dz\/#\/schema\/logo\/image\/","url":"https:\/\/lasentinelle.dz\/wp-content\/uploads\/2021\/09\/logo-sentinelleSLOGAN-1.png","contentUrl":"https:\/\/lasentinelle.dz\/wp-content\/uploads\/2021\/09\/logo-sentinelleSLOGAN-1.png","width":615,"height":142,"caption":"Quotidien La Sentinelle"},"image":{"@id":"https:\/\/lasentinelle.dz\/#\/schema\/logo\/image\/"},"sameAs":["https:\/\/www.facebook.com\/La-Sentinelle-104059864394773"]},{"@type":"Person","@id":"https:\/\/lasentinelle.dz\/#\/schema\/person\/729ee0024f24e0b8c5ec17232f8e8b41","name":"admin","image":{"@type":"ImageObject","inLanguage":"fr-FR","@id":"https:\/\/secure.gravatar.com\/avatar\/4c81fed838786e9b53f540bf46533e750f5d292099ae3b66cfc6fb1982e29df7?s=96&d=mm&r=g","url":"https:\/\/secure.gravatar.com\/avatar\/4c81fed838786e9b53f540bf46533e750f5d292099ae3b66cfc6fb1982e29df7?s=96&d=mm&r=g","contentUrl":"https:\/\/secure.gravatar.com\/avatar\/4c81fed838786e9b53f540bf46533e750f5d292099ae3b66cfc6fb1982e29df7?s=96&d=mm&r=g","caption":"admin"},"description":"admin","url":"https:\/\/lasentinelle.dz\/author\/admin\/"}]}},"_links":{"self":[{"href":"https:\/\/lasentinelle.dz\/index.php\/wp-json\/wp\/v2\/posts\/67961","targetHints":{"allow":["GET"]}}],"collection":[{"href":"https:\/\/lasentinelle.dz\/index.php\/wp-json\/wp\/v2\/posts"}],"about":[{"href":"https:\/\/lasentinelle.dz\/index.php\/wp-json\/wp\/v2\/types\/post"}],"author":[{"embeddable":true,"href":"https:\/\/lasentinelle.dz\/index.php\/wp-json\/wp\/v2\/users\/6"}],"replies":[{"embeddable":true,"href":"https:\/\/lasentinelle.dz\/index.php\/wp-json\/wp\/v2\/comments?post=67961"}],"version-history":[{"count":2,"href":"https:\/\/lasentinelle.dz\/index.php\/wp-json\/wp\/v2\/posts\/67961\/revisions"}],"predecessor-version":[{"id":67964,"href":"https:\/\/lasentinelle.dz\/index.php\/wp-json\/wp\/v2\/posts\/67961\/revisions\/67964"}],"wp:featuredmedia":[{"embeddable":true,"href":"https:\/\/lasentinelle.dz\/index.php\/wp-json\/wp\/v2\/media\/67962"}],"wp:attachment":[{"href":"https:\/\/lasentinelle.dz\/index.php\/wp-json\/wp\/v2\/media?parent=67961"}],"wp:term":[{"taxonomy":"category","embeddable":true,"href":"https:\/\/lasentinelle.dz\/index.php\/wp-json\/wp\/v2\/categories?post=67961"},{"taxonomy":"post_tag","embeddable":true,"href":"https:\/\/lasentinelle.dz\/index.php\/wp-json\/wp\/v2\/tags?post=67961"}],"curies":[{"name":"wp","href":"https:\/\/api.w.org\/{rel}","templated":true}]}}