{"id":67965,"date":"2025-05-27T10:58:45","date_gmt":"2025-05-27T09:58:45","guid":{"rendered":"https:\/\/lasentinelle.dz\/?p=67965"},"modified":"2025-05-27T10:58:45","modified_gmt":"2025-05-27T09:58:45","slug":"premiere-du-film-pour-une-poignee-de-sable-a-la-cinematheque-algerienne-la-science-fiction-saharienne-creve-lecran","status":"publish","type":"post","link":"https:\/\/lasentinelle.dz\/index.php\/2025\/05\/27\/premiere-du-film-pour-une-poignee-de-sable-a-la-cinematheque-algerienne-la-science-fiction-saharienne-creve-lecran\/","title":{"rendered":"Premi\u00e8re du film \u00ab\u00a0Pour une poign\u00e9e de sable\u00a0\u00bb \u00e0 la Cin\u00e9math\u00e8que alg\u00e9rienne: La science-fiction saharienne cr\u00e8ve l&rsquo;\u00e9cran"},"content":{"rendered":"\n<p>D&rsquo;une dur\u00e9e de 90 minutes, cette \u0153uvre ambitieuse conjugue virtuosit\u00e9 visuelle et profondeur psychologique, transformant le d\u00e9sert alg\u00e9rien en \u00e9crin symbolique d&rsquo;un univers fantastique o\u00f9 se cristallisent les interrogations fondamentales sur l&rsquo;identit\u00e9 et le destin.<\/p>\n\n\n\n<p>La Cin\u00e9math\u00e8que d&rsquo;Alger vibrait samedi dernier \u00e0 l&rsquo;occasion de la premi\u00e8re officielle de \u00ab\u00a0Pour une poign\u00e9e de sable\u00a0\u00bb, long-m\u00e9trage de fiction sign\u00e9 Nadir Ioula\u00efne, un ovni dans le cin\u00e9ma alg\u00e9rien. Cette projection inaugurale s&rsquo;inscrivait dans le programme des \u0153uvres soutenues par le minist\u00e8re de la Culture et des Arts via le Centre alg\u00e9rien du cin\u00e9ma, t\u00e9moignage d&rsquo;une politique culturelle qui mise sur l&rsquo;innovation narrative. \u00ab\u00a0Pour une poign\u00e9e de sable\u00a0\u00bb explore des territoires cin\u00e9matographiques in\u00e9dits en mariant science-fiction, aventure et action dans une approche psychologique symbolique qui interroge la qu\u00eate identitaire et spirituelle de l&rsquo;homme contemporain. Le r\u00e9cit suit Soufiane, jeune Alg\u00e9rien expatri\u00e9 expert en informatique mais rong\u00e9 par des troubles bipolaires, qui d\u00e9cide de fuir l&rsquo;agitation urbaine pour se ressourcer dans l&rsquo;immensit\u00e9 du Sahara alg\u00e9rien. Ce qui devait \u00eatre une retraite existentielle se transforme progressivement en odyss\u00e9e p\u00e9rilleuse aux accents fantastiques.<\/p>\n\n\n\n<p>Au fil de son p\u00e9riple, Soufiane d\u00e9couvre que ses racines familiales sont li\u00e9es \u00e0 une force myst\u00e9rieuse enfouie sous les dunes. Cette r\u00e9v\u00e9lation d\u00e9clenche une s\u00e9rie de poursuites et d&rsquo;affrontements avec des entit\u00e9s occultes convoitant ce pouvoir ancestral. La narration d\u00e9voile graduellement la v\u00e9ritable identit\u00e9 du protagoniste et les potentialit\u00e9s extraordinaires qu&rsquo;il porte en lui, dans un crescendo haletant qui tient le spectateur en haleine.<\/p>\n\n\n\n<p>D&rsquo;une dur\u00e9e de 90 minutes, cette \u0153uvre ambitieuse conjugue virtuosit\u00e9 visuelle et profondeur psychologique, transformant le d\u00e9sert alg\u00e9rien en \u00e9crin symbolique d&rsquo;un univers fantastique o\u00f9 se cristallisent les interrogations fondamentales sur l&rsquo;identit\u00e9 et le destin. La distribution r\u00e9unit plusieurs figures marquantes du cin\u00e9ma national, notamment Khaled Ben A\u00efssa, Sami Tighergheur, Lina Khoudri, Farid El Arabi et Khalil Salman, qui donnent corps \u00e0 cette aventure cin\u00e9matographique singuli\u00e8re.<\/p>\n\n\n\n<p>Cette production s&rsquo;inscrit dans la strat\u00e9gie de soutien au cin\u00e9ma national orchestr\u00e9e par les autorit\u00e9s culturelles, visant \u00e0 insuffler une dynamique nouvelle \u00e0 la cr\u00e9ation audiovisuelle de qualit\u00e9. En osant explorer des genres narratifs innovants, \u00ab\u00a0Pour une poign\u00e9e de sable\u00a0\u00bb r\u00e9pond aux attentes d&rsquo;un public en qu\u00eate de nouvelles exp\u00e9riences cin\u00e9matographiques, tout en ancrant son propos dans l&rsquo;identit\u00e9 culturelle alg\u00e9rienne. Un pari r\u00e9ussi qui ouvre de nouvelles perspectives pour le cin\u00e9ma maghr\u00e9bin. Notons que la soir\u00e9e a d\u00e9but\u00e9 par un hommage poignant au regrett\u00e9 Mohamed Lakhdar-Hamina, g\u00e9ant du septi\u00e8me art alg\u00e9rien et international disparu r\u00e9cemment. Une minute de silence a rendu hommage \u00e0 ce ma\u00eetre qui a su immortaliser l&rsquo;Alg\u00e9rie par l&rsquo;image et le son, portant haut les couleurs de la cr\u00e9ation alg\u00e9rienne sur les sc\u00e8nes internationales les plus prestigieuses.<\/p>\n\n\n\n<p>Mohand Seghir<\/p>\n","protected":false},"excerpt":{"rendered":"<p>D&rsquo;une dur\u00e9e de 90 minutes, cette \u0153uvre ambitieuse conjugue virtuosit\u00e9 visuelle et profondeur psychologique, transformant le d\u00e9sert alg\u00e9rien en \u00e9crin<\/p>\n","protected":false},"author":6,"featured_media":67966,"comment_status":"open","ping_status":"closed","sticky":false,"template":"","format":"standard","meta":{"colormag_page_container_layout":"default_layout","colormag_page_sidebar_layout":"default_layout","om_disable_all_campaigns":false,"_monsterinsights_skip_tracking":false,"_monsterinsights_sitenote_active":false,"_monsterinsights_sitenote_note":"","_monsterinsights_sitenote_category":0,"footnotes":"","_wpscppro_dont_share_socialmedia":false,"_wpscppro_custom_social_share_image":0,"_facebook_share_type":"default","_twitter_share_type":"default","_linkedin_share_type":"default","_pinterest_share_type":"default","_linkedin_share_type_page":"","_instagram_share_type":"default","_medium_share_type":"default","_threads_share_type":"","_google_business_share_type":"","_selected_social_profile":[],"_wpsp_enable_custom_social_template":false,"_wpsp_social_scheduling":{"enabled":false,"datetime":null,"platforms":[],"status":"template_only","dateOption":"today","timeOption":"now","customDays":"","customHours":"","customDate":"","customTime":"","schedulingType":"absolute"},"_wpsp_active_default_template":true},"categories":[36],"tags":[],"class_list":["post-67965","post","type-post","status-publish","format-standard","has-post-thumbnail","hentry","category-culture"],"aioseo_notices":[],"yoast_head":"<!-- This site is optimized with the Yoast SEO plugin v27.4 - https:\/\/yoast.com\/product\/yoast-seo-wordpress\/ -->\n<title>Premi\u00e8re du film \u00ab\u00a0Pour une poign\u00e9e de sable\u00a0\u00bb \u00e0 la Cin\u00e9math\u00e8que alg\u00e9rienne: La science-fiction saharienne cr\u00e8ve l&rsquo;\u00e9cran - La Sentinelle<\/title>\n<meta name=\"robots\" content=\"index, follow, max-snippet:-1, max-image-preview:large, max-video-preview:-1\" \/>\n<link rel=\"canonical\" href=\"https:\/\/lasentinelle.dz\/index.php\/2025\/05\/27\/premiere-du-film-pour-une-poignee-de-sable-a-la-cinematheque-algerienne-la-science-fiction-saharienne-creve-lecran\/\" \/>\n<meta property=\"og:locale\" content=\"fr_FR\" \/>\n<meta property=\"og:type\" content=\"article\" \/>\n<meta property=\"og:title\" content=\"Premi\u00e8re du film \u00ab\u00a0Pour une poign\u00e9e de sable\u00a0\u00bb \u00e0 la Cin\u00e9math\u00e8que alg\u00e9rienne: La science-fiction saharienne cr\u00e8ve l&rsquo;\u00e9cran - La Sentinelle\" \/>\n<meta property=\"og:description\" content=\"D&rsquo;une dur\u00e9e de 90 minutes, cette \u0153uvre ambitieuse conjugue virtuosit\u00e9 visuelle et profondeur psychologique, transformant le d\u00e9sert alg\u00e9rien en \u00e9crin\" \/>\n<meta property=\"og:url\" content=\"https:\/\/lasentinelle.dz\/index.php\/2025\/05\/27\/premiere-du-film-pour-une-poignee-de-sable-a-la-cinematheque-algerienne-la-science-fiction-saharienne-creve-lecran\/\" \/>\n<meta property=\"og:site_name\" content=\"La Sentinelle\" \/>\n<meta property=\"article:publisher\" content=\"https:\/\/www.facebook.com\/La-Sentinelle-104059864394773\" \/>\n<meta property=\"article:published_time\" content=\"2025-05-27T09:58:45+00:00\" \/>\n<meta property=\"og:image\" content=\"https:\/\/lasentinelle.dz\/wp-content\/uploads\/2025\/05\/film.jpeg\" \/>\n\t<meta property=\"og:image:width\" content=\"1280\" \/>\n\t<meta property=\"og:image:height\" content=\"960\" \/>\n\t<meta property=\"og:image:type\" content=\"image\/jpeg\" \/>\n<meta name=\"author\" content=\"admin\" \/>\n<meta name=\"twitter:card\" content=\"summary_large_image\" \/>\n<meta name=\"twitter:label1\" content=\"\u00c9crit par\" \/>\n\t<meta name=\"twitter:data1\" content=\"admin\" \/>\n\t<meta name=\"twitter:label2\" content=\"Dur\u00e9e de lecture estim\u00e9e\" \/>\n\t<meta name=\"twitter:data2\" content=\"3 minutes\" \/>\n<script type=\"application\/ld+json\" class=\"yoast-schema-graph\">{\"@context\":\"https:\\\/\\\/schema.org\",\"@graph\":[{\"@type\":\"Article\",\"@id\":\"https:\\\/\\\/lasentinelle.dz\\\/index.php\\\/2025\\\/05\\\/27\\\/premiere-du-film-pour-une-poignee-de-sable-a-la-cinematheque-algerienne-la-science-fiction-saharienne-creve-lecran\\\/#article\",\"isPartOf\":{\"@id\":\"https:\\\/\\\/lasentinelle.dz\\\/index.php\\\/2025\\\/05\\\/27\\\/premiere-du-film-pour-une-poignee-de-sable-a-la-cinematheque-algerienne-la-science-fiction-saharienne-creve-lecran\\\/\"},\"author\":{\"name\":\"admin\",\"@id\":\"https:\\\/\\\/lasentinelle.dz\\\/#\\\/schema\\\/person\\\/729ee0024f24e0b8c5ec17232f8e8b41\"},\"headline\":\"Premi\u00e8re du film \u00ab\u00a0Pour une poign\u00e9e de sable\u00a0\u00bb \u00e0 la Cin\u00e9math\u00e8que alg\u00e9rienne: La science-fiction saharienne cr\u00e8ve l&rsquo;\u00e9cran\",\"datePublished\":\"2025-05-27T09:58:45+00:00\",\"mainEntityOfPage\":{\"@id\":\"https:\\\/\\\/lasentinelle.dz\\\/index.php\\\/2025\\\/05\\\/27\\\/premiere-du-film-pour-une-poignee-de-sable-a-la-cinematheque-algerienne-la-science-fiction-saharienne-creve-lecran\\\/\"},\"wordCount\":546,\"commentCount\":0,\"publisher\":{\"@id\":\"https:\\\/\\\/lasentinelle.dz\\\/#organization\"},\"image\":{\"@id\":\"https:\\\/\\\/lasentinelle.dz\\\/index.php\\\/2025\\\/05\\\/27\\\/premiere-du-film-pour-une-poignee-de-sable-a-la-cinematheque-algerienne-la-science-fiction-saharienne-creve-lecran\\\/#primaryimage\"},\"thumbnailUrl\":\"https:\\\/\\\/lasentinelle.dz\\\/wp-content\\\/uploads\\\/2025\\\/05\\\/film.jpeg\",\"articleSection\":[\"Culture\"],\"inLanguage\":\"fr-FR\",\"potentialAction\":[{\"@type\":\"CommentAction\",\"name\":\"Comment\",\"target\":[\"https:\\\/\\\/lasentinelle.dz\\\/index.php\\\/2025\\\/05\\\/27\\\/premiere-du-film-pour-une-poignee-de-sable-a-la-cinematheque-algerienne-la-science-fiction-saharienne-creve-lecran\\\/#respond\"]}]},{\"@type\":\"WebPage\",\"@id\":\"https:\\\/\\\/lasentinelle.dz\\\/index.php\\\/2025\\\/05\\\/27\\\/premiere-du-film-pour-une-poignee-de-sable-a-la-cinematheque-algerienne-la-science-fiction-saharienne-creve-lecran\\\/\",\"url\":\"https:\\\/\\\/lasentinelle.dz\\\/index.php\\\/2025\\\/05\\\/27\\\/premiere-du-film-pour-une-poignee-de-sable-a-la-cinematheque-algerienne-la-science-fiction-saharienne-creve-lecran\\\/\",\"name\":\"Premi\u00e8re du film \u00ab\u00a0Pour une poign\u00e9e de sable\u00a0\u00bb \u00e0 la Cin\u00e9math\u00e8que alg\u00e9rienne: La science-fiction saharienne cr\u00e8ve l&rsquo;\u00e9cran - La Sentinelle\",\"isPartOf\":{\"@id\":\"https:\\\/\\\/lasentinelle.dz\\\/#website\"},\"primaryImageOfPage\":{\"@id\":\"https:\\\/\\\/lasentinelle.dz\\\/index.php\\\/2025\\\/05\\\/27\\\/premiere-du-film-pour-une-poignee-de-sable-a-la-cinematheque-algerienne-la-science-fiction-saharienne-creve-lecran\\\/#primaryimage\"},\"image\":{\"@id\":\"https:\\\/\\\/lasentinelle.dz\\\/index.php\\\/2025\\\/05\\\/27\\\/premiere-du-film-pour-une-poignee-de-sable-a-la-cinematheque-algerienne-la-science-fiction-saharienne-creve-lecran\\\/#primaryimage\"},\"thumbnailUrl\":\"https:\\\/\\\/lasentinelle.dz\\\/wp-content\\\/uploads\\\/2025\\\/05\\\/film.jpeg\",\"datePublished\":\"2025-05-27T09:58:45+00:00\",\"breadcrumb\":{\"@id\":\"https:\\\/\\\/lasentinelle.dz\\\/index.php\\\/2025\\\/05\\\/27\\\/premiere-du-film-pour-une-poignee-de-sable-a-la-cinematheque-algerienne-la-science-fiction-saharienne-creve-lecran\\\/#breadcrumb\"},\"inLanguage\":\"fr-FR\",\"potentialAction\":[{\"@type\":\"ReadAction\",\"target\":[\"https:\\\/\\\/lasentinelle.dz\\\/index.php\\\/2025\\\/05\\\/27\\\/premiere-du-film-pour-une-poignee-de-sable-a-la-cinematheque-algerienne-la-science-fiction-saharienne-creve-lecran\\\/\"]}]},{\"@type\":\"ImageObject\",\"inLanguage\":\"fr-FR\",\"@id\":\"https:\\\/\\\/lasentinelle.dz\\\/index.php\\\/2025\\\/05\\\/27\\\/premiere-du-film-pour-une-poignee-de-sable-a-la-cinematheque-algerienne-la-science-fiction-saharienne-creve-lecran\\\/#primaryimage\",\"url\":\"https:\\\/\\\/lasentinelle.dz\\\/wp-content\\\/uploads\\\/2025\\\/05\\\/film.jpeg\",\"contentUrl\":\"https:\\\/\\\/lasentinelle.dz\\\/wp-content\\\/uploads\\\/2025\\\/05\\\/film.jpeg\",\"width\":1280,\"height\":960},{\"@type\":\"BreadcrumbList\",\"@id\":\"https:\\\/\\\/lasentinelle.dz\\\/index.php\\\/2025\\\/05\\\/27\\\/premiere-du-film-pour-une-poignee-de-sable-a-la-cinematheque-algerienne-la-science-fiction-saharienne-creve-lecran\\\/#breadcrumb\",\"itemListElement\":[{\"@type\":\"ListItem\",\"position\":1,\"name\":\"Accueil\",\"item\":\"https:\\\/\\\/lasentinelle.dz\\\/\"},{\"@type\":\"ListItem\",\"position\":2,\"name\":\"Premi\u00e8re du film \u00ab\u00a0Pour une poign\u00e9e de sable\u00a0\u00bb \u00e0 la Cin\u00e9math\u00e8que alg\u00e9rienne: La science-fiction saharienne cr\u00e8ve l&rsquo;\u00e9cran\"}]},{\"@type\":\"WebSite\",\"@id\":\"https:\\\/\\\/lasentinelle.dz\\\/#website\",\"url\":\"https:\\\/\\\/lasentinelle.dz\\\/\",\"name\":\"La Sentinelle\",\"description\":\"Quotidien national d&#039;information\",\"publisher\":{\"@id\":\"https:\\\/\\\/lasentinelle.dz\\\/#organization\"},\"potentialAction\":[{\"@type\":\"SearchAction\",\"target\":{\"@type\":\"EntryPoint\",\"urlTemplate\":\"https:\\\/\\\/lasentinelle.dz\\\/?s={search_term_string}\"},\"query-input\":{\"@type\":\"PropertyValueSpecification\",\"valueRequired\":true,\"valueName\":\"search_term_string\"}}],\"inLanguage\":\"fr-FR\"},{\"@type\":\"Organization\",\"@id\":\"https:\\\/\\\/lasentinelle.dz\\\/#organization\",\"name\":\"Quotidien La Sentinelle\",\"url\":\"https:\\\/\\\/lasentinelle.dz\\\/\",\"logo\":{\"@type\":\"ImageObject\",\"inLanguage\":\"fr-FR\",\"@id\":\"https:\\\/\\\/lasentinelle.dz\\\/#\\\/schema\\\/logo\\\/image\\\/\",\"url\":\"https:\\\/\\\/lasentinelle.dz\\\/wp-content\\\/uploads\\\/2021\\\/09\\\/logo-sentinelleSLOGAN-1.png\",\"contentUrl\":\"https:\\\/\\\/lasentinelle.dz\\\/wp-content\\\/uploads\\\/2021\\\/09\\\/logo-sentinelleSLOGAN-1.png\",\"width\":615,\"height\":142,\"caption\":\"Quotidien La Sentinelle\"},\"image\":{\"@id\":\"https:\\\/\\\/lasentinelle.dz\\\/#\\\/schema\\\/logo\\\/image\\\/\"},\"sameAs\":[\"https:\\\/\\\/www.facebook.com\\\/La-Sentinelle-104059864394773\"]},{\"@type\":\"Person\",\"@id\":\"https:\\\/\\\/lasentinelle.dz\\\/#\\\/schema\\\/person\\\/729ee0024f24e0b8c5ec17232f8e8b41\",\"name\":\"admin\",\"image\":{\"@type\":\"ImageObject\",\"inLanguage\":\"fr-FR\",\"@id\":\"https:\\\/\\\/secure.gravatar.com\\\/avatar\\\/4c81fed838786e9b53f540bf46533e750f5d292099ae3b66cfc6fb1982e29df7?s=96&d=mm&r=g\",\"url\":\"https:\\\/\\\/secure.gravatar.com\\\/avatar\\\/4c81fed838786e9b53f540bf46533e750f5d292099ae3b66cfc6fb1982e29df7?s=96&d=mm&r=g\",\"contentUrl\":\"https:\\\/\\\/secure.gravatar.com\\\/avatar\\\/4c81fed838786e9b53f540bf46533e750f5d292099ae3b66cfc6fb1982e29df7?s=96&d=mm&r=g\",\"caption\":\"admin\"},\"description\":\"admin\",\"url\":\"https:\\\/\\\/lasentinelle.dz\\\/author\\\/admin\\\/\"}]}<\/script>\n<!-- \/ Yoast SEO plugin. -->","yoast_head_json":{"title":"Premi\u00e8re du film \u00ab\u00a0Pour une poign\u00e9e de sable\u00a0\u00bb \u00e0 la Cin\u00e9math\u00e8que alg\u00e9rienne: La science-fiction saharienne cr\u00e8ve l&rsquo;\u00e9cran - La Sentinelle","robots":{"index":"index","follow":"follow","max-snippet":"max-snippet:-1","max-image-preview":"max-image-preview:large","max-video-preview":"max-video-preview:-1"},"canonical":"https:\/\/lasentinelle.dz\/index.php\/2025\/05\/27\/premiere-du-film-pour-une-poignee-de-sable-a-la-cinematheque-algerienne-la-science-fiction-saharienne-creve-lecran\/","og_locale":"fr_FR","og_type":"article","og_title":"Premi\u00e8re du film \u00ab\u00a0Pour une poign\u00e9e de sable\u00a0\u00bb \u00e0 la Cin\u00e9math\u00e8que alg\u00e9rienne: La science-fiction saharienne cr\u00e8ve l&rsquo;\u00e9cran - La Sentinelle","og_description":"D&rsquo;une dur\u00e9e de 90 minutes, cette \u0153uvre ambitieuse conjugue virtuosit\u00e9 visuelle et profondeur psychologique, transformant le d\u00e9sert alg\u00e9rien en \u00e9crin","og_url":"https:\/\/lasentinelle.dz\/index.php\/2025\/05\/27\/premiere-du-film-pour-une-poignee-de-sable-a-la-cinematheque-algerienne-la-science-fiction-saharienne-creve-lecran\/","og_site_name":"La Sentinelle","article_publisher":"https:\/\/www.facebook.com\/La-Sentinelle-104059864394773","article_published_time":"2025-05-27T09:58:45+00:00","og_image":[{"width":1280,"height":960,"url":"https:\/\/lasentinelle.dz\/wp-content\/uploads\/2025\/05\/film.jpeg","type":"image\/jpeg"}],"author":"admin","twitter_card":"summary_large_image","twitter_misc":{"\u00c9crit par":"admin","Dur\u00e9e de lecture estim\u00e9e":"3 minutes"},"schema":{"@context":"https:\/\/schema.org","@graph":[{"@type":"Article","@id":"https:\/\/lasentinelle.dz\/index.php\/2025\/05\/27\/premiere-du-film-pour-une-poignee-de-sable-a-la-cinematheque-algerienne-la-science-fiction-saharienne-creve-lecran\/#article","isPartOf":{"@id":"https:\/\/lasentinelle.dz\/index.php\/2025\/05\/27\/premiere-du-film-pour-une-poignee-de-sable-a-la-cinematheque-algerienne-la-science-fiction-saharienne-creve-lecran\/"},"author":{"name":"admin","@id":"https:\/\/lasentinelle.dz\/#\/schema\/person\/729ee0024f24e0b8c5ec17232f8e8b41"},"headline":"Premi\u00e8re du film \u00ab\u00a0Pour une poign\u00e9e de sable\u00a0\u00bb \u00e0 la Cin\u00e9math\u00e8que alg\u00e9rienne: La science-fiction saharienne cr\u00e8ve l&rsquo;\u00e9cran","datePublished":"2025-05-27T09:58:45+00:00","mainEntityOfPage":{"@id":"https:\/\/lasentinelle.dz\/index.php\/2025\/05\/27\/premiere-du-film-pour-une-poignee-de-sable-a-la-cinematheque-algerienne-la-science-fiction-saharienne-creve-lecran\/"},"wordCount":546,"commentCount":0,"publisher":{"@id":"https:\/\/lasentinelle.dz\/#organization"},"image":{"@id":"https:\/\/lasentinelle.dz\/index.php\/2025\/05\/27\/premiere-du-film-pour-une-poignee-de-sable-a-la-cinematheque-algerienne-la-science-fiction-saharienne-creve-lecran\/#primaryimage"},"thumbnailUrl":"https:\/\/lasentinelle.dz\/wp-content\/uploads\/2025\/05\/film.jpeg","articleSection":["Culture"],"inLanguage":"fr-FR","potentialAction":[{"@type":"CommentAction","name":"Comment","target":["https:\/\/lasentinelle.dz\/index.php\/2025\/05\/27\/premiere-du-film-pour-une-poignee-de-sable-a-la-cinematheque-algerienne-la-science-fiction-saharienne-creve-lecran\/#respond"]}]},{"@type":"WebPage","@id":"https:\/\/lasentinelle.dz\/index.php\/2025\/05\/27\/premiere-du-film-pour-une-poignee-de-sable-a-la-cinematheque-algerienne-la-science-fiction-saharienne-creve-lecran\/","url":"https:\/\/lasentinelle.dz\/index.php\/2025\/05\/27\/premiere-du-film-pour-une-poignee-de-sable-a-la-cinematheque-algerienne-la-science-fiction-saharienne-creve-lecran\/","name":"Premi\u00e8re du film \u00ab\u00a0Pour une poign\u00e9e de sable\u00a0\u00bb \u00e0 la Cin\u00e9math\u00e8que alg\u00e9rienne: La science-fiction saharienne cr\u00e8ve l&rsquo;\u00e9cran - La Sentinelle","isPartOf":{"@id":"https:\/\/lasentinelle.dz\/#website"},"primaryImageOfPage":{"@id":"https:\/\/lasentinelle.dz\/index.php\/2025\/05\/27\/premiere-du-film-pour-une-poignee-de-sable-a-la-cinematheque-algerienne-la-science-fiction-saharienne-creve-lecran\/#primaryimage"},"image":{"@id":"https:\/\/lasentinelle.dz\/index.php\/2025\/05\/27\/premiere-du-film-pour-une-poignee-de-sable-a-la-cinematheque-algerienne-la-science-fiction-saharienne-creve-lecran\/#primaryimage"},"thumbnailUrl":"https:\/\/lasentinelle.dz\/wp-content\/uploads\/2025\/05\/film.jpeg","datePublished":"2025-05-27T09:58:45+00:00","breadcrumb":{"@id":"https:\/\/lasentinelle.dz\/index.php\/2025\/05\/27\/premiere-du-film-pour-une-poignee-de-sable-a-la-cinematheque-algerienne-la-science-fiction-saharienne-creve-lecran\/#breadcrumb"},"inLanguage":"fr-FR","potentialAction":[{"@type":"ReadAction","target":["https:\/\/lasentinelle.dz\/index.php\/2025\/05\/27\/premiere-du-film-pour-une-poignee-de-sable-a-la-cinematheque-algerienne-la-science-fiction-saharienne-creve-lecran\/"]}]},{"@type":"ImageObject","inLanguage":"fr-FR","@id":"https:\/\/lasentinelle.dz\/index.php\/2025\/05\/27\/premiere-du-film-pour-une-poignee-de-sable-a-la-cinematheque-algerienne-la-science-fiction-saharienne-creve-lecran\/#primaryimage","url":"https:\/\/lasentinelle.dz\/wp-content\/uploads\/2025\/05\/film.jpeg","contentUrl":"https:\/\/lasentinelle.dz\/wp-content\/uploads\/2025\/05\/film.jpeg","width":1280,"height":960},{"@type":"BreadcrumbList","@id":"https:\/\/lasentinelle.dz\/index.php\/2025\/05\/27\/premiere-du-film-pour-une-poignee-de-sable-a-la-cinematheque-algerienne-la-science-fiction-saharienne-creve-lecran\/#breadcrumb","itemListElement":[{"@type":"ListItem","position":1,"name":"Accueil","item":"https:\/\/lasentinelle.dz\/"},{"@type":"ListItem","position":2,"name":"Premi\u00e8re du film \u00ab\u00a0Pour une poign\u00e9e de sable\u00a0\u00bb \u00e0 la Cin\u00e9math\u00e8que alg\u00e9rienne: La science-fiction saharienne cr\u00e8ve l&rsquo;\u00e9cran"}]},{"@type":"WebSite","@id":"https:\/\/lasentinelle.dz\/#website","url":"https:\/\/lasentinelle.dz\/","name":"La Sentinelle","description":"Quotidien national d&#039;information","publisher":{"@id":"https:\/\/lasentinelle.dz\/#organization"},"potentialAction":[{"@type":"SearchAction","target":{"@type":"EntryPoint","urlTemplate":"https:\/\/lasentinelle.dz\/?s={search_term_string}"},"query-input":{"@type":"PropertyValueSpecification","valueRequired":true,"valueName":"search_term_string"}}],"inLanguage":"fr-FR"},{"@type":"Organization","@id":"https:\/\/lasentinelle.dz\/#organization","name":"Quotidien La Sentinelle","url":"https:\/\/lasentinelle.dz\/","logo":{"@type":"ImageObject","inLanguage":"fr-FR","@id":"https:\/\/lasentinelle.dz\/#\/schema\/logo\/image\/","url":"https:\/\/lasentinelle.dz\/wp-content\/uploads\/2021\/09\/logo-sentinelleSLOGAN-1.png","contentUrl":"https:\/\/lasentinelle.dz\/wp-content\/uploads\/2021\/09\/logo-sentinelleSLOGAN-1.png","width":615,"height":142,"caption":"Quotidien La Sentinelle"},"image":{"@id":"https:\/\/lasentinelle.dz\/#\/schema\/logo\/image\/"},"sameAs":["https:\/\/www.facebook.com\/La-Sentinelle-104059864394773"]},{"@type":"Person","@id":"https:\/\/lasentinelle.dz\/#\/schema\/person\/729ee0024f24e0b8c5ec17232f8e8b41","name":"admin","image":{"@type":"ImageObject","inLanguage":"fr-FR","@id":"https:\/\/secure.gravatar.com\/avatar\/4c81fed838786e9b53f540bf46533e750f5d292099ae3b66cfc6fb1982e29df7?s=96&d=mm&r=g","url":"https:\/\/secure.gravatar.com\/avatar\/4c81fed838786e9b53f540bf46533e750f5d292099ae3b66cfc6fb1982e29df7?s=96&d=mm&r=g","contentUrl":"https:\/\/secure.gravatar.com\/avatar\/4c81fed838786e9b53f540bf46533e750f5d292099ae3b66cfc6fb1982e29df7?s=96&d=mm&r=g","caption":"admin"},"description":"admin","url":"https:\/\/lasentinelle.dz\/author\/admin\/"}]}},"_links":{"self":[{"href":"https:\/\/lasentinelle.dz\/index.php\/wp-json\/wp\/v2\/posts\/67965","targetHints":{"allow":["GET"]}}],"collection":[{"href":"https:\/\/lasentinelle.dz\/index.php\/wp-json\/wp\/v2\/posts"}],"about":[{"href":"https:\/\/lasentinelle.dz\/index.php\/wp-json\/wp\/v2\/types\/post"}],"author":[{"embeddable":true,"href":"https:\/\/lasentinelle.dz\/index.php\/wp-json\/wp\/v2\/users\/6"}],"replies":[{"embeddable":true,"href":"https:\/\/lasentinelle.dz\/index.php\/wp-json\/wp\/v2\/comments?post=67965"}],"version-history":[{"count":2,"href":"https:\/\/lasentinelle.dz\/index.php\/wp-json\/wp\/v2\/posts\/67965\/revisions"}],"predecessor-version":[{"id":67968,"href":"https:\/\/lasentinelle.dz\/index.php\/wp-json\/wp\/v2\/posts\/67965\/revisions\/67968"}],"wp:featuredmedia":[{"embeddable":true,"href":"https:\/\/lasentinelle.dz\/index.php\/wp-json\/wp\/v2\/media\/67966"}],"wp:attachment":[{"href":"https:\/\/lasentinelle.dz\/index.php\/wp-json\/wp\/v2\/media?parent=67965"}],"wp:term":[{"taxonomy":"category","embeddable":true,"href":"https:\/\/lasentinelle.dz\/index.php\/wp-json\/wp\/v2\/categories?post=67965"},{"taxonomy":"post_tag","embeddable":true,"href":"https:\/\/lasentinelle.dz\/index.php\/wp-json\/wp\/v2\/tags?post=67965"}],"curies":[{"name":"wp","href":"https:\/\/api.w.org\/{rel}","templated":true}]}}