{"id":67972,"date":"2025-05-27T11:00:58","date_gmt":"2025-05-27T10:00:58","guid":{"rendered":"https:\/\/lasentinelle.dz\/?p=67972"},"modified":"2025-05-27T11:00:59","modified_gmt":"2025-05-27T10:00:59","slug":"en-u17-ghimouz-lance-son-projet-de-reconstruction-a-oran","status":"publish","type":"post","link":"https:\/\/lasentinelle.dz\/index.php\/2025\/05\/27\/en-u17-ghimouz-lance-son-projet-de-reconstruction-a-oran\/","title":{"rendered":"EN U17: Ghimouz lance son projet de reconstruction \u00e0 Oran"},"content":{"rendered":"\n<p>L&rsquo;avenir du football alg\u00e9rien prend forme dans les installations oranaises. Amine Ghimouz, le nouveau s\u00e9lectionneur des moins de 17 ans, a donn\u00e9 le coup d&rsquo;envoi de son ambitieux projet de reconstruction avec la convocation de 26 jeunes talents pour un stage de pr\u00e9paration au village m\u00e9diterran\u00e9en d&rsquo;Oran. Une premi\u00e8re \u00e9tape cruciale dans le processus de renouvellement d&rsquo;une cat\u00e9gorie d&rsquo;\u00e2ge qui repr\u00e9sente l&rsquo;espoir des Verts de demain.<\/p>\n\n\n\n<p>Les cadets ont officiellement entam\u00e9 leur pr\u00e9paration dimanche soir sur le terrain annexe du complexe olympique Miloud Hadefi, marquant le d\u00e9but d&rsquo;une nouvelle \u00e8re sous la houlette de Ghimouz. Ce technicien exp\u00e9riment\u00e9, qui a pris les r\u00eanes de la s\u00e9lection avec pour mission de reb\u00e2tir cette \u00e9quipe des U17, mise sur une approche m\u00e9thodique et inclusive pour d\u00e9nicher les perles rares du football national.<\/p>\n\n\n\n<p>Le programme de ce stage oranais s&rsquo;articule autour d&rsquo;un double objectif imm\u00e9diat : la pr\u00e9paration de deux rencontres amicales face \u00e0 la Mauritanie, programm\u00e9es les 11 et 15 juin au stade Mustapha-Tchaker de Blida. Ces confrontations rev\u00eatent une importance particuli\u00e8re car elles constitueront le premier test grandeur nature pour \u00e9valuer le travail entrepris et jauger le potentiel de cette nouvelle g\u00e9n\u00e9ration.<\/p>\n\n\n\n<p>Depuis avril dernier, Ghimouz a entam\u00e9 un travail de fourmi avec une s\u00e9rie de stages de pr\u00e9s\u00e9lection au Centre de regroupement et de pr\u00e9paration de l&rsquo;\u00e9lite sportive de Fouka, dans la wilaya de Tipasa.<\/p>\n\n\n\n<p>La liste des 26 convoqu\u00e9s refl\u00e8te parfaitement cette volont\u00e9 d&rsquo;inclusivit\u00e9 territoriale et de diversit\u00e9 des clubs formateurs. Les grands centres de formation alg\u00e9riens sont logiquement repr\u00e9sent\u00e9s avec l&rsquo;USM Alger qui place trois \u00e9l\u00e9ments (Rayane Bensalah, Daoud Mohamed-Amine et Ammoura Kenzy), le Paradou AC \u00e9galement avec un trio (Benmedjdoub Nazim, Kaddouri Sid Ali et Noubli Mahmoud), ou encore la JS Kabylie avec Sadji Ali et Chikirou Ouahcene Amine.<\/p>\n\n\n\n<p>Mais ce qui frappe dans cette s\u00e9lection, c&rsquo;est la pr\u00e9sence de joueurs issus de clubs moins m\u00e9diatis\u00e9s comme l&rsquo;AM Froha avec Hamidi Younes, l&rsquo;ES Guelma repr\u00e9sent\u00e9e par Mazour Iyed Alaeddine, ou encore l&rsquo;ES Ben Aknoun qui voit Hedibel Chakib retenu. L&rsquo;ASO Chlef contribue avec Achour Abdelillah et Achira Zakaria Youcef, tandis que l&rsquo;ES S\u00e9tif mise sur Massemi Toufik et Bouacida. L&rsquo;Ouest du pays n&rsquo;est pas en reste avec les repr\u00e9sentants de l&rsquo;ASM Oran, Mite Rayan et Kechar Mountasser, rejoints par Touali Khalil du WA Tlemcen. L&rsquo;Est alg\u00e9rien apporte \u00e9galement sa pierre \u00e0 l&rsquo;\u00e9difice avec Remichi Achraf du CS Constantine et Amirat Ayoub de la JS Jijel.<\/p>\n\n\n\n<p>Cette premi\u00e8re convocation sous l&rsquo;\u00e8re Ghimouz marque une rupture avec les pratiques ant\u00e9rieures et t\u00e9moigne d&rsquo;une volont\u00e9 de moderniser les m\u00e9thodes de d\u00e9tection. Les deux confrontations face \u00e0 la Mauritanie constitueront un test r\u00e9v\u00e9lateur pour cette nouvelle \u00e9quipe en construction. Elles permettront \u00e0 Ghimouz d&rsquo;\u00e9valuer concr\u00e8tement le fruit de son travail de d\u00e9tection et d&rsquo;observer les automatismes naissants entre ces jeunes joueurs aux profils vari\u00e9s. &nbsp;L&rsquo;enjeu d\u00e9passe largement le cadre de ces deux matchs. Il s&rsquo;agit de poser les bases d&rsquo;une g\u00e9n\u00e9ration qui devra porter les couleurs nationales dans les grands rendez-vous continentaux et mondiaux des ann\u00e9es \u00e0 venir.<\/p>\n\n\n\n<p>M. Dahleb<\/p>\n","protected":false},"excerpt":{"rendered":"<p>L&rsquo;avenir du football alg\u00e9rien prend forme dans les installations oranaises. Amine Ghimouz, le nouveau s\u00e9lectionneur des moins de 17 ans,<\/p>\n","protected":false},"author":6,"featured_media":67973,"comment_status":"open","ping_status":"closed","sticky":false,"template":"","format":"standard","meta":{"colormag_page_container_layout":"default_layout","colormag_page_sidebar_layout":"default_layout","om_disable_all_campaigns":false,"_monsterinsights_skip_tracking":false,"_monsterinsights_sitenote_active":false,"_monsterinsights_sitenote_note":"","_monsterinsights_sitenote_category":0,"footnotes":"","_wpscppro_dont_share_socialmedia":false,"_wpscppro_custom_social_share_image":0,"_facebook_share_type":"default","_twitter_share_type":"default","_linkedin_share_type":"default","_pinterest_share_type":"default","_linkedin_share_type_page":"","_instagram_share_type":"default","_medium_share_type":"default","_threads_share_type":"","_google_business_share_type":"","_selected_social_profile":[],"_wpsp_enable_custom_social_template":false,"_wpsp_social_scheduling":{"enabled":false,"datetime":null,"platforms":[],"status":"template_only","dateOption":"today","timeOption":"now","customDays":"","customHours":"","customDate":"","customTime":"","schedulingType":"absolute"},"_wpsp_active_default_template":true},"categories":[33],"tags":[],"class_list":["post-67972","post","type-post","status-publish","format-standard","has-post-thumbnail","hentry","category-sports"],"aioseo_notices":[],"yoast_head":"<!-- This site is optimized with the Yoast SEO plugin v27.4 - https:\/\/yoast.com\/product\/yoast-seo-wordpress\/ -->\n<title>EN U17: Ghimouz lance son projet de reconstruction \u00e0 Oran - La Sentinelle<\/title>\n<meta name=\"robots\" content=\"index, follow, max-snippet:-1, max-image-preview:large, max-video-preview:-1\" \/>\n<link rel=\"canonical\" href=\"https:\/\/lasentinelle.dz\/index.php\/2025\/05\/27\/en-u17-ghimouz-lance-son-projet-de-reconstruction-a-oran\/\" \/>\n<meta property=\"og:locale\" content=\"fr_FR\" \/>\n<meta property=\"og:type\" content=\"article\" \/>\n<meta property=\"og:title\" content=\"EN U17: Ghimouz lance son projet de reconstruction \u00e0 Oran - La Sentinelle\" \/>\n<meta property=\"og:description\" content=\"L&rsquo;avenir du football alg\u00e9rien prend forme dans les installations oranaises. Amine Ghimouz, le nouveau s\u00e9lectionneur des moins de 17 ans,\" \/>\n<meta property=\"og:url\" content=\"https:\/\/lasentinelle.dz\/index.php\/2025\/05\/27\/en-u17-ghimouz-lance-son-projet-de-reconstruction-a-oran\/\" \/>\n<meta property=\"og:site_name\" content=\"La Sentinelle\" \/>\n<meta property=\"article:publisher\" content=\"https:\/\/www.facebook.com\/La-Sentinelle-104059864394773\" \/>\n<meta property=\"article:published_time\" content=\"2025-05-27T10:00:58+00:00\" \/>\n<meta property=\"article:modified_time\" content=\"2025-05-27T10:00:59+00:00\" \/>\n<meta property=\"og:image\" content=\"https:\/\/lasentinelle.dz\/wp-content\/uploads\/2025\/05\/U17-scaled.jpg\" \/>\n\t<meta property=\"og:image:width\" content=\"2560\" \/>\n\t<meta property=\"og:image:height\" content=\"1451\" \/>\n\t<meta property=\"og:image:type\" content=\"image\/jpeg\" \/>\n<meta name=\"author\" content=\"admin\" \/>\n<meta name=\"twitter:card\" content=\"summary_large_image\" \/>\n<meta name=\"twitter:label1\" content=\"\u00c9crit par\" \/>\n\t<meta name=\"twitter:data1\" content=\"admin\" \/>\n\t<meta name=\"twitter:label2\" content=\"Dur\u00e9e de lecture estim\u00e9e\" \/>\n\t<meta name=\"twitter:data2\" content=\"3 minutes\" \/>\n<script type=\"application\/ld+json\" class=\"yoast-schema-graph\">{\"@context\":\"https:\\\/\\\/schema.org\",\"@graph\":[{\"@type\":\"Article\",\"@id\":\"https:\\\/\\\/lasentinelle.dz\\\/index.php\\\/2025\\\/05\\\/27\\\/en-u17-ghimouz-lance-son-projet-de-reconstruction-a-oran\\\/#article\",\"isPartOf\":{\"@id\":\"https:\\\/\\\/lasentinelle.dz\\\/index.php\\\/2025\\\/05\\\/27\\\/en-u17-ghimouz-lance-son-projet-de-reconstruction-a-oran\\\/\"},\"author\":{\"name\":\"admin\",\"@id\":\"https:\\\/\\\/lasentinelle.dz\\\/#\\\/schema\\\/person\\\/729ee0024f24e0b8c5ec17232f8e8b41\"},\"headline\":\"EN U17: Ghimouz lance son projet de reconstruction \u00e0 Oran\",\"datePublished\":\"2025-05-27T10:00:58+00:00\",\"dateModified\":\"2025-05-27T10:00:59+00:00\",\"mainEntityOfPage\":{\"@id\":\"https:\\\/\\\/lasentinelle.dz\\\/index.php\\\/2025\\\/05\\\/27\\\/en-u17-ghimouz-lance-son-projet-de-reconstruction-a-oran\\\/\"},\"wordCount\":584,\"commentCount\":0,\"publisher\":{\"@id\":\"https:\\\/\\\/lasentinelle.dz\\\/#organization\"},\"image\":{\"@id\":\"https:\\\/\\\/lasentinelle.dz\\\/index.php\\\/2025\\\/05\\\/27\\\/en-u17-ghimouz-lance-son-projet-de-reconstruction-a-oran\\\/#primaryimage\"},\"thumbnailUrl\":\"https:\\\/\\\/lasentinelle.dz\\\/wp-content\\\/uploads\\\/2025\\\/05\\\/U17-scaled.jpg\",\"articleSection\":[\"Sports\"],\"inLanguage\":\"fr-FR\",\"potentialAction\":[{\"@type\":\"CommentAction\",\"name\":\"Comment\",\"target\":[\"https:\\\/\\\/lasentinelle.dz\\\/index.php\\\/2025\\\/05\\\/27\\\/en-u17-ghimouz-lance-son-projet-de-reconstruction-a-oran\\\/#respond\"]}]},{\"@type\":\"WebPage\",\"@id\":\"https:\\\/\\\/lasentinelle.dz\\\/index.php\\\/2025\\\/05\\\/27\\\/en-u17-ghimouz-lance-son-projet-de-reconstruction-a-oran\\\/\",\"url\":\"https:\\\/\\\/lasentinelle.dz\\\/index.php\\\/2025\\\/05\\\/27\\\/en-u17-ghimouz-lance-son-projet-de-reconstruction-a-oran\\\/\",\"name\":\"EN U17: Ghimouz lance son projet de reconstruction \u00e0 Oran - La Sentinelle\",\"isPartOf\":{\"@id\":\"https:\\\/\\\/lasentinelle.dz\\\/#website\"},\"primaryImageOfPage\":{\"@id\":\"https:\\\/\\\/lasentinelle.dz\\\/index.php\\\/2025\\\/05\\\/27\\\/en-u17-ghimouz-lance-son-projet-de-reconstruction-a-oran\\\/#primaryimage\"},\"image\":{\"@id\":\"https:\\\/\\\/lasentinelle.dz\\\/index.php\\\/2025\\\/05\\\/27\\\/en-u17-ghimouz-lance-son-projet-de-reconstruction-a-oran\\\/#primaryimage\"},\"thumbnailUrl\":\"https:\\\/\\\/lasentinelle.dz\\\/wp-content\\\/uploads\\\/2025\\\/05\\\/U17-scaled.jpg\",\"datePublished\":\"2025-05-27T10:00:58+00:00\",\"dateModified\":\"2025-05-27T10:00:59+00:00\",\"breadcrumb\":{\"@id\":\"https:\\\/\\\/lasentinelle.dz\\\/index.php\\\/2025\\\/05\\\/27\\\/en-u17-ghimouz-lance-son-projet-de-reconstruction-a-oran\\\/#breadcrumb\"},\"inLanguage\":\"fr-FR\",\"potentialAction\":[{\"@type\":\"ReadAction\",\"target\":[\"https:\\\/\\\/lasentinelle.dz\\\/index.php\\\/2025\\\/05\\\/27\\\/en-u17-ghimouz-lance-son-projet-de-reconstruction-a-oran\\\/\"]}]},{\"@type\":\"ImageObject\",\"inLanguage\":\"fr-FR\",\"@id\":\"https:\\\/\\\/lasentinelle.dz\\\/index.php\\\/2025\\\/05\\\/27\\\/en-u17-ghimouz-lance-son-projet-de-reconstruction-a-oran\\\/#primaryimage\",\"url\":\"https:\\\/\\\/lasentinelle.dz\\\/wp-content\\\/uploads\\\/2025\\\/05\\\/U17-scaled.jpg\",\"contentUrl\":\"https:\\\/\\\/lasentinelle.dz\\\/wp-content\\\/uploads\\\/2025\\\/05\\\/U17-scaled.jpg\",\"width\":2560,\"height\":1451},{\"@type\":\"BreadcrumbList\",\"@id\":\"https:\\\/\\\/lasentinelle.dz\\\/index.php\\\/2025\\\/05\\\/27\\\/en-u17-ghimouz-lance-son-projet-de-reconstruction-a-oran\\\/#breadcrumb\",\"itemListElement\":[{\"@type\":\"ListItem\",\"position\":1,\"name\":\"Accueil\",\"item\":\"https:\\\/\\\/lasentinelle.dz\\\/\"},{\"@type\":\"ListItem\",\"position\":2,\"name\":\"EN U17: Ghimouz lance son projet de reconstruction \u00e0 Oran\"}]},{\"@type\":\"WebSite\",\"@id\":\"https:\\\/\\\/lasentinelle.dz\\\/#website\",\"url\":\"https:\\\/\\\/lasentinelle.dz\\\/\",\"name\":\"La Sentinelle\",\"description\":\"Quotidien national d&#039;information\",\"publisher\":{\"@id\":\"https:\\\/\\\/lasentinelle.dz\\\/#organization\"},\"potentialAction\":[{\"@type\":\"SearchAction\",\"target\":{\"@type\":\"EntryPoint\",\"urlTemplate\":\"https:\\\/\\\/lasentinelle.dz\\\/?s={search_term_string}\"},\"query-input\":{\"@type\":\"PropertyValueSpecification\",\"valueRequired\":true,\"valueName\":\"search_term_string\"}}],\"inLanguage\":\"fr-FR\"},{\"@type\":\"Organization\",\"@id\":\"https:\\\/\\\/lasentinelle.dz\\\/#organization\",\"name\":\"Quotidien La Sentinelle\",\"url\":\"https:\\\/\\\/lasentinelle.dz\\\/\",\"logo\":{\"@type\":\"ImageObject\",\"inLanguage\":\"fr-FR\",\"@id\":\"https:\\\/\\\/lasentinelle.dz\\\/#\\\/schema\\\/logo\\\/image\\\/\",\"url\":\"https:\\\/\\\/lasentinelle.dz\\\/wp-content\\\/uploads\\\/2021\\\/09\\\/logo-sentinelleSLOGAN-1.png\",\"contentUrl\":\"https:\\\/\\\/lasentinelle.dz\\\/wp-content\\\/uploads\\\/2021\\\/09\\\/logo-sentinelleSLOGAN-1.png\",\"width\":615,\"height\":142,\"caption\":\"Quotidien La Sentinelle\"},\"image\":{\"@id\":\"https:\\\/\\\/lasentinelle.dz\\\/#\\\/schema\\\/logo\\\/image\\\/\"},\"sameAs\":[\"https:\\\/\\\/www.facebook.com\\\/La-Sentinelle-104059864394773\"]},{\"@type\":\"Person\",\"@id\":\"https:\\\/\\\/lasentinelle.dz\\\/#\\\/schema\\\/person\\\/729ee0024f24e0b8c5ec17232f8e8b41\",\"name\":\"admin\",\"image\":{\"@type\":\"ImageObject\",\"inLanguage\":\"fr-FR\",\"@id\":\"https:\\\/\\\/secure.gravatar.com\\\/avatar\\\/4c81fed838786e9b53f540bf46533e750f5d292099ae3b66cfc6fb1982e29df7?s=96&d=mm&r=g\",\"url\":\"https:\\\/\\\/secure.gravatar.com\\\/avatar\\\/4c81fed838786e9b53f540bf46533e750f5d292099ae3b66cfc6fb1982e29df7?s=96&d=mm&r=g\",\"contentUrl\":\"https:\\\/\\\/secure.gravatar.com\\\/avatar\\\/4c81fed838786e9b53f540bf46533e750f5d292099ae3b66cfc6fb1982e29df7?s=96&d=mm&r=g\",\"caption\":\"admin\"},\"description\":\"admin\",\"url\":\"https:\\\/\\\/lasentinelle.dz\\\/author\\\/admin\\\/\"}]}<\/script>\n<!-- \/ Yoast SEO plugin. -->","yoast_head_json":{"title":"EN U17: Ghimouz lance son projet de reconstruction \u00e0 Oran - La Sentinelle","robots":{"index":"index","follow":"follow","max-snippet":"max-snippet:-1","max-image-preview":"max-image-preview:large","max-video-preview":"max-video-preview:-1"},"canonical":"https:\/\/lasentinelle.dz\/index.php\/2025\/05\/27\/en-u17-ghimouz-lance-son-projet-de-reconstruction-a-oran\/","og_locale":"fr_FR","og_type":"article","og_title":"EN U17: Ghimouz lance son projet de reconstruction \u00e0 Oran - La Sentinelle","og_description":"L&rsquo;avenir du football alg\u00e9rien prend forme dans les installations oranaises. Amine Ghimouz, le nouveau s\u00e9lectionneur des moins de 17 ans,","og_url":"https:\/\/lasentinelle.dz\/index.php\/2025\/05\/27\/en-u17-ghimouz-lance-son-projet-de-reconstruction-a-oran\/","og_site_name":"La Sentinelle","article_publisher":"https:\/\/www.facebook.com\/La-Sentinelle-104059864394773","article_published_time":"2025-05-27T10:00:58+00:00","article_modified_time":"2025-05-27T10:00:59+00:00","og_image":[{"width":2560,"height":1451,"url":"https:\/\/lasentinelle.dz\/wp-content\/uploads\/2025\/05\/U17-scaled.jpg","type":"image\/jpeg"}],"author":"admin","twitter_card":"summary_large_image","twitter_misc":{"\u00c9crit par":"admin","Dur\u00e9e de lecture estim\u00e9e":"3 minutes"},"schema":{"@context":"https:\/\/schema.org","@graph":[{"@type":"Article","@id":"https:\/\/lasentinelle.dz\/index.php\/2025\/05\/27\/en-u17-ghimouz-lance-son-projet-de-reconstruction-a-oran\/#article","isPartOf":{"@id":"https:\/\/lasentinelle.dz\/index.php\/2025\/05\/27\/en-u17-ghimouz-lance-son-projet-de-reconstruction-a-oran\/"},"author":{"name":"admin","@id":"https:\/\/lasentinelle.dz\/#\/schema\/person\/729ee0024f24e0b8c5ec17232f8e8b41"},"headline":"EN U17: Ghimouz lance son projet de reconstruction \u00e0 Oran","datePublished":"2025-05-27T10:00:58+00:00","dateModified":"2025-05-27T10:00:59+00:00","mainEntityOfPage":{"@id":"https:\/\/lasentinelle.dz\/index.php\/2025\/05\/27\/en-u17-ghimouz-lance-son-projet-de-reconstruction-a-oran\/"},"wordCount":584,"commentCount":0,"publisher":{"@id":"https:\/\/lasentinelle.dz\/#organization"},"image":{"@id":"https:\/\/lasentinelle.dz\/index.php\/2025\/05\/27\/en-u17-ghimouz-lance-son-projet-de-reconstruction-a-oran\/#primaryimage"},"thumbnailUrl":"https:\/\/lasentinelle.dz\/wp-content\/uploads\/2025\/05\/U17-scaled.jpg","articleSection":["Sports"],"inLanguage":"fr-FR","potentialAction":[{"@type":"CommentAction","name":"Comment","target":["https:\/\/lasentinelle.dz\/index.php\/2025\/05\/27\/en-u17-ghimouz-lance-son-projet-de-reconstruction-a-oran\/#respond"]}]},{"@type":"WebPage","@id":"https:\/\/lasentinelle.dz\/index.php\/2025\/05\/27\/en-u17-ghimouz-lance-son-projet-de-reconstruction-a-oran\/","url":"https:\/\/lasentinelle.dz\/index.php\/2025\/05\/27\/en-u17-ghimouz-lance-son-projet-de-reconstruction-a-oran\/","name":"EN U17: Ghimouz lance son projet de reconstruction \u00e0 Oran - La Sentinelle","isPartOf":{"@id":"https:\/\/lasentinelle.dz\/#website"},"primaryImageOfPage":{"@id":"https:\/\/lasentinelle.dz\/index.php\/2025\/05\/27\/en-u17-ghimouz-lance-son-projet-de-reconstruction-a-oran\/#primaryimage"},"image":{"@id":"https:\/\/lasentinelle.dz\/index.php\/2025\/05\/27\/en-u17-ghimouz-lance-son-projet-de-reconstruction-a-oran\/#primaryimage"},"thumbnailUrl":"https:\/\/lasentinelle.dz\/wp-content\/uploads\/2025\/05\/U17-scaled.jpg","datePublished":"2025-05-27T10:00:58+00:00","dateModified":"2025-05-27T10:00:59+00:00","breadcrumb":{"@id":"https:\/\/lasentinelle.dz\/index.php\/2025\/05\/27\/en-u17-ghimouz-lance-son-projet-de-reconstruction-a-oran\/#breadcrumb"},"inLanguage":"fr-FR","potentialAction":[{"@type":"ReadAction","target":["https:\/\/lasentinelle.dz\/index.php\/2025\/05\/27\/en-u17-ghimouz-lance-son-projet-de-reconstruction-a-oran\/"]}]},{"@type":"ImageObject","inLanguage":"fr-FR","@id":"https:\/\/lasentinelle.dz\/index.php\/2025\/05\/27\/en-u17-ghimouz-lance-son-projet-de-reconstruction-a-oran\/#primaryimage","url":"https:\/\/lasentinelle.dz\/wp-content\/uploads\/2025\/05\/U17-scaled.jpg","contentUrl":"https:\/\/lasentinelle.dz\/wp-content\/uploads\/2025\/05\/U17-scaled.jpg","width":2560,"height":1451},{"@type":"BreadcrumbList","@id":"https:\/\/lasentinelle.dz\/index.php\/2025\/05\/27\/en-u17-ghimouz-lance-son-projet-de-reconstruction-a-oran\/#breadcrumb","itemListElement":[{"@type":"ListItem","position":1,"name":"Accueil","item":"https:\/\/lasentinelle.dz\/"},{"@type":"ListItem","position":2,"name":"EN U17: Ghimouz lance son projet de reconstruction \u00e0 Oran"}]},{"@type":"WebSite","@id":"https:\/\/lasentinelle.dz\/#website","url":"https:\/\/lasentinelle.dz\/","name":"La Sentinelle","description":"Quotidien national d&#039;information","publisher":{"@id":"https:\/\/lasentinelle.dz\/#organization"},"potentialAction":[{"@type":"SearchAction","target":{"@type":"EntryPoint","urlTemplate":"https:\/\/lasentinelle.dz\/?s={search_term_string}"},"query-input":{"@type":"PropertyValueSpecification","valueRequired":true,"valueName":"search_term_string"}}],"inLanguage":"fr-FR"},{"@type":"Organization","@id":"https:\/\/lasentinelle.dz\/#organization","name":"Quotidien La Sentinelle","url":"https:\/\/lasentinelle.dz\/","logo":{"@type":"ImageObject","inLanguage":"fr-FR","@id":"https:\/\/lasentinelle.dz\/#\/schema\/logo\/image\/","url":"https:\/\/lasentinelle.dz\/wp-content\/uploads\/2021\/09\/logo-sentinelleSLOGAN-1.png","contentUrl":"https:\/\/lasentinelle.dz\/wp-content\/uploads\/2021\/09\/logo-sentinelleSLOGAN-1.png","width":615,"height":142,"caption":"Quotidien La Sentinelle"},"image":{"@id":"https:\/\/lasentinelle.dz\/#\/schema\/logo\/image\/"},"sameAs":["https:\/\/www.facebook.com\/La-Sentinelle-104059864394773"]},{"@type":"Person","@id":"https:\/\/lasentinelle.dz\/#\/schema\/person\/729ee0024f24e0b8c5ec17232f8e8b41","name":"admin","image":{"@type":"ImageObject","inLanguage":"fr-FR","@id":"https:\/\/secure.gravatar.com\/avatar\/4c81fed838786e9b53f540bf46533e750f5d292099ae3b66cfc6fb1982e29df7?s=96&d=mm&r=g","url":"https:\/\/secure.gravatar.com\/avatar\/4c81fed838786e9b53f540bf46533e750f5d292099ae3b66cfc6fb1982e29df7?s=96&d=mm&r=g","contentUrl":"https:\/\/secure.gravatar.com\/avatar\/4c81fed838786e9b53f540bf46533e750f5d292099ae3b66cfc6fb1982e29df7?s=96&d=mm&r=g","caption":"admin"},"description":"admin","url":"https:\/\/lasentinelle.dz\/author\/admin\/"}]}},"_links":{"self":[{"href":"https:\/\/lasentinelle.dz\/index.php\/wp-json\/wp\/v2\/posts\/67972","targetHints":{"allow":["GET"]}}],"collection":[{"href":"https:\/\/lasentinelle.dz\/index.php\/wp-json\/wp\/v2\/posts"}],"about":[{"href":"https:\/\/lasentinelle.dz\/index.php\/wp-json\/wp\/v2\/types\/post"}],"author":[{"embeddable":true,"href":"https:\/\/lasentinelle.dz\/index.php\/wp-json\/wp\/v2\/users\/6"}],"replies":[{"embeddable":true,"href":"https:\/\/lasentinelle.dz\/index.php\/wp-json\/wp\/v2\/comments?post=67972"}],"version-history":[{"count":1,"href":"https:\/\/lasentinelle.dz\/index.php\/wp-json\/wp\/v2\/posts\/67972\/revisions"}],"predecessor-version":[{"id":67974,"href":"https:\/\/lasentinelle.dz\/index.php\/wp-json\/wp\/v2\/posts\/67972\/revisions\/67974"}],"wp:featuredmedia":[{"embeddable":true,"href":"https:\/\/lasentinelle.dz\/index.php\/wp-json\/wp\/v2\/media\/67973"}],"wp:attachment":[{"href":"https:\/\/lasentinelle.dz\/index.php\/wp-json\/wp\/v2\/media?parent=67972"}],"wp:term":[{"taxonomy":"category","embeddable":true,"href":"https:\/\/lasentinelle.dz\/index.php\/wp-json\/wp\/v2\/categories?post=67972"},{"taxonomy":"post_tag","embeddable":true,"href":"https:\/\/lasentinelle.dz\/index.php\/wp-json\/wp\/v2\/tags?post=67972"}],"curies":[{"name":"wp","href":"https:\/\/api.w.org\/{rel}","templated":true}]}}