{"id":67975,"date":"2025-05-27T10:51:00","date_gmt":"2025-05-27T09:51:00","guid":{"rendered":"https:\/\/lasentinelle.dz\/?p=67975"},"modified":"2025-05-27T11:01:57","modified_gmt":"2025-05-27T10:01:57","slug":"tournoi-des-as-de-super-division-masculin-de-basket-ball-le-gratin-des-clubs-se-dispute-les-places-pour-la-finale","status":"publish","type":"post","link":"https:\/\/lasentinelle.dz\/index.php\/2025\/05\/27\/tournoi-des-as-de-super-division-masculin-de-basket-ball-le-gratin-des-clubs-se-dispute-les-places-pour-la-finale\/","title":{"rendered":"Tournoi des \u00ab\u00a0AS\u00a0\u00bb de Super-Division masculin de Basket-ball: Le gratin des clubs se dispute les places pour la finale"},"content":{"rendered":"\n<p>Quatre pr\u00e9tendants de premier plan vont croiser le fer dans les demi-finales du tournoi des \u00ab\u00a0AS\u00a0\u00bb de Super-Division masculine, mardi et mercredi \u00e0 la Coupole du complexe olympique Mohamed-Boudiaf d&rsquo;Alger avec en ligne de mire une qualification pour la grande finale programm\u00e9e les 13 et 14 juin dans la m\u00eame enceinte mythique de la capitale.<\/p>\n\n\n\n<p>Le WO Boufarik, tenant du titre et d\u00e9tenteur de la couronne depuis la saison derni\u00e8re, devra composer avec la pression de d\u00e9fendre son bien face \u00e0 des adversaires affam\u00e9s de revanche. Les Boufarikois ont prouv\u00e9 leur solidit\u00e9 mentale lors des phases pr\u00e9c\u00e9dentes et comptent bien poursuivre leur s\u00e9rie victorieuse. En face, le NB Staoueli, premi\u00e8re formation de la poule A lors de la phase r\u00e9guli\u00e8re, arrive avec la confiance des leaders et l&rsquo;ambition de franchir un cap suppl\u00e9mentaire vers le titre supr\u00eame. Les Staouellois ont impressionn\u00e9 par leur r\u00e9gularit\u00e9 tout au long de la saison et semblent arm\u00e9s pour bouleverser la hi\u00e9rarchie \u00e9tablie. Le MC Alger, institution historique du basket national, mise sur son exp\u00e9rience des grands rendez-vous pour cr\u00e9er la surprise. Les Mouloudjis savent qu&rsquo;ils partent avec le statut d&rsquo;outsiders mais c&rsquo;est justement dans ce r\u00f4le de trouble-f\u00eate qu&rsquo;ils excellent traditionnellement. Quant au NA Hussein-Dey, deuxi\u00e8me de la poule A, la formation de Belcourt esp\u00e8re capitaliser sur sa mont\u00e9e en puissance observ\u00e9e en fin de saison r\u00e9guli\u00e8re pour d\u00e9jouer tous les pronostics des sp\u00e9cialistes. La logique sportive d\u00e9signe naturellement le NB Staoueli et le WO Boufarik comme les deux favoris naturels de ces demi-finales, au regard de leurs performances remarqu\u00e9es lors de la premi\u00e8re phase du championnat. Cependant, le charme particulier des phases finales r\u00e9side pr\u00e9cis\u00e9ment dans cette capacit\u00e9 qu&rsquo;ont les formations moins bien class\u00e9es \u00e0 transcender leur niveau habituel quand l&rsquo;enjeu devient crucial.<\/p>\n\n\n\n<p>Le format retenu pour ces demi-finales ajoute une dimension tactique suppl\u00e9mentaire \u00e0 l&rsquo;exercice. Les confrontations se d\u00e9rouleront sur deux manches aller-retour, avec des r\u00e8gles sp\u00e9cifiques h\u00e9rit\u00e9es du r\u00e8glement international FIBA. Si l&rsquo;\u00e9galit\u00e9 persiste apr\u00e8s la premi\u00e8re rencontre, aucune prolongation ne sera organis\u00e9e, laissant tout en suspens pour la seconde manche. En revanche, si le score cumul\u00e9 des deux rencontres demeure \u00e9quilibr\u00e9, la seconde partie devra se poursuivre avec autant de prolongations de cinq minutes que n\u00e9cessaire pour d\u00e9partager les protagonistes. Cette formule particuli\u00e8re favorise les \u00e9quipes capables de g\u00e9rer la pression sur la dur\u00e9e et d&rsquo;adapter leur strat\u00e9gie en fonction de l&rsquo;\u00e9volution du score global. Elle r\u00e9compense aussi bien la constance que la capacit\u00e9 de sursaut dans les moments d\u00e9cisifs, offrant ainsi de nombreuses possibilit\u00e9s de renversements de situation.<\/p>\n\n\n\n<p>Le programme de ces demi-finales s&rsquo;annonce particuli\u00e8rement all\u00e9chant. Mardi 27 mai, la Coupole vibrera d\u00e8s 16 heures avec l&rsquo;affrontement entre le NB Staoueli et le MC Alger, suivi \u00e0 19 heures par le choc entre le WO Boufarik et le NA Hussein-Dey. Mercredi 28 mai, les rencontres retour inverseront l&rsquo;ordre des rencontres, avec MC Alger contre NB Staoueli \u00e0 16 heures, puis NA Hussein-Dey face au WO Boufarik \u00e0 19 heures.<\/p>\n\n\n\n<p>La finale tant attendue se d\u00e9roulera selon le m\u00eame format aller-retour les 13 et 14 juin, toujours \u00e0 la Coupole d&rsquo;Alger, avec un coup d&rsquo;envoi fix\u00e9 \u00e0 18 heures pour chacune des deux manches. Cette programmation permet aux finalistes de b\u00e9n\u00e9ficier d&rsquo;un temps de r\u00e9cup\u00e9ration optimal entre les demi-finales et l&rsquo;ultime confrontation, garantissant ainsi un spectacle de la plus haute qualit\u00e9 pour les amateurs de la balle orange.<\/p>\n\n\n\n<p>M.D.<\/p>\n","protected":false},"excerpt":{"rendered":"<p>Quatre pr\u00e9tendants de premier plan vont croiser le fer dans les demi-finales du tournoi des \u00ab\u00a0AS\u00a0\u00bb de Super-Division masculine, mardi<\/p>\n","protected":false},"author":2,"featured_media":59219,"comment_status":"open","ping_status":"closed","sticky":false,"template":"","format":"standard","meta":{"colormag_page_container_layout":"default_layout","colormag_page_sidebar_layout":"default_layout","om_disable_all_campaigns":false,"_monsterinsights_skip_tracking":false,"_monsterinsights_sitenote_active":false,"_monsterinsights_sitenote_note":"","_monsterinsights_sitenote_category":0,"footnotes":"","_wpscppro_dont_share_socialmedia":false,"_wpscppro_custom_social_share_image":0,"_facebook_share_type":"default","_twitter_share_type":"default","_linkedin_share_type":"default","_pinterest_share_type":"default","_linkedin_share_type_page":"","_instagram_share_type":"default","_medium_share_type":"default","_threads_share_type":"","_google_business_share_type":"","_selected_social_profile":[],"_wpsp_enable_custom_social_template":false,"_wpsp_social_scheduling":{"enabled":false,"datetime":null,"platforms":[],"status":"template_only","dateOption":"today","timeOption":"now","customDays":"","customHours":"","customDate":"","customTime":"","schedulingType":"absolute"},"_wpsp_active_default_template":true},"categories":[33],"tags":[],"class_list":["post-67975","post","type-post","status-publish","format-standard","has-post-thumbnail","hentry","category-sports"],"aioseo_notices":[],"yoast_head":"<!-- This site is optimized with the Yoast SEO plugin v27.5 - https:\/\/yoast.com\/product\/yoast-seo-wordpress\/ -->\n<title>Tournoi des \u00ab\u00a0AS\u00a0\u00bb de Super-Division masculin de Basket-ball: Le gratin des clubs se dispute les places pour la finale - La Sentinelle<\/title>\n<meta name=\"robots\" content=\"index, follow, max-snippet:-1, max-image-preview:large, max-video-preview:-1\" \/>\n<link rel=\"canonical\" href=\"https:\/\/lasentinelle.dz\/index.php\/2025\/05\/27\/tournoi-des-as-de-super-division-masculin-de-basket-ball-le-gratin-des-clubs-se-dispute-les-places-pour-la-finale\/\" \/>\n<meta property=\"og:locale\" content=\"fr_FR\" \/>\n<meta property=\"og:type\" content=\"article\" \/>\n<meta property=\"og:title\" content=\"Tournoi des \u00ab\u00a0AS\u00a0\u00bb de Super-Division masculin de Basket-ball: Le gratin des clubs se dispute les places pour la finale - La Sentinelle\" \/>\n<meta property=\"og:description\" content=\"Quatre pr\u00e9tendants de premier plan vont croiser le fer dans les demi-finales du tournoi des \u00ab\u00a0AS\u00a0\u00bb de Super-Division masculine, mardi\" \/>\n<meta property=\"og:url\" content=\"https:\/\/lasentinelle.dz\/index.php\/2025\/05\/27\/tournoi-des-as-de-super-division-masculin-de-basket-ball-le-gratin-des-clubs-se-dispute-les-places-pour-la-finale\/\" \/>\n<meta property=\"og:site_name\" content=\"La Sentinelle\" \/>\n<meta property=\"article:publisher\" content=\"https:\/\/www.facebook.com\/La-Sentinelle-104059864394773\" \/>\n<meta property=\"article:published_time\" content=\"2025-05-27T09:51:00+00:00\" \/>\n<meta property=\"article:modified_time\" content=\"2025-05-27T10:01:57+00:00\" \/>\n<meta property=\"og:image\" content=\"https:\/\/lasentinelle.dz\/wp-content\/uploads\/2024\/11\/basket.jpeg\" \/>\n\t<meta property=\"og:image:width\" content=\"300\" \/>\n\t<meta property=\"og:image:height\" content=\"168\" \/>\n\t<meta property=\"og:image:type\" content=\"image\/jpeg\" \/>\n<meta name=\"author\" content=\"Azzedine Belferag\" \/>\n<meta name=\"twitter:card\" content=\"summary_large_image\" \/>\n<meta name=\"twitter:label1\" content=\"\u00c9crit par\" \/>\n\t<meta name=\"twitter:data1\" content=\"Azzedine Belferag\" \/>\n\t<meta name=\"twitter:label2\" content=\"Dur\u00e9e de lecture estim\u00e9e\" \/>\n\t<meta name=\"twitter:data2\" content=\"4 minutes\" \/>\n<script type=\"application\/ld+json\" class=\"yoast-schema-graph\">{\"@context\":\"https:\\\/\\\/schema.org\",\"@graph\":[{\"@type\":\"Article\",\"@id\":\"https:\\\/\\\/lasentinelle.dz\\\/index.php\\\/2025\\\/05\\\/27\\\/tournoi-des-as-de-super-division-masculin-de-basket-ball-le-gratin-des-clubs-se-dispute-les-places-pour-la-finale\\\/#article\",\"isPartOf\":{\"@id\":\"https:\\\/\\\/lasentinelle.dz\\\/index.php\\\/2025\\\/05\\\/27\\\/tournoi-des-as-de-super-division-masculin-de-basket-ball-le-gratin-des-clubs-se-dispute-les-places-pour-la-finale\\\/\"},\"author\":{\"name\":\"Azzedine Belferag\",\"@id\":\"https:\\\/\\\/lasentinelle.dz\\\/#\\\/schema\\\/person\\\/e22c868643946ece5f328ac9d185b29f\"},\"headline\":\"Tournoi des \u00ab\u00a0AS\u00a0\u00bb de Super-Division masculin de Basket-ball: Le gratin des clubs se dispute les places pour la finale\",\"datePublished\":\"2025-05-27T09:51:00+00:00\",\"dateModified\":\"2025-05-27T10:01:57+00:00\",\"mainEntityOfPage\":{\"@id\":\"https:\\\/\\\/lasentinelle.dz\\\/index.php\\\/2025\\\/05\\\/27\\\/tournoi-des-as-de-super-division-masculin-de-basket-ball-le-gratin-des-clubs-se-dispute-les-places-pour-la-finale\\\/\"},\"wordCount\":643,\"commentCount\":0,\"publisher\":{\"@id\":\"https:\\\/\\\/lasentinelle.dz\\\/#organization\"},\"image\":{\"@id\":\"https:\\\/\\\/lasentinelle.dz\\\/index.php\\\/2025\\\/05\\\/27\\\/tournoi-des-as-de-super-division-masculin-de-basket-ball-le-gratin-des-clubs-se-dispute-les-places-pour-la-finale\\\/#primaryimage\"},\"thumbnailUrl\":\"https:\\\/\\\/lasentinelle.dz\\\/wp-content\\\/uploads\\\/2024\\\/11\\\/basket.jpeg\",\"articleSection\":[\"Sports\"],\"inLanguage\":\"fr-FR\",\"potentialAction\":[{\"@type\":\"CommentAction\",\"name\":\"Comment\",\"target\":[\"https:\\\/\\\/lasentinelle.dz\\\/index.php\\\/2025\\\/05\\\/27\\\/tournoi-des-as-de-super-division-masculin-de-basket-ball-le-gratin-des-clubs-se-dispute-les-places-pour-la-finale\\\/#respond\"]}]},{\"@type\":\"WebPage\",\"@id\":\"https:\\\/\\\/lasentinelle.dz\\\/index.php\\\/2025\\\/05\\\/27\\\/tournoi-des-as-de-super-division-masculin-de-basket-ball-le-gratin-des-clubs-se-dispute-les-places-pour-la-finale\\\/\",\"url\":\"https:\\\/\\\/lasentinelle.dz\\\/index.php\\\/2025\\\/05\\\/27\\\/tournoi-des-as-de-super-division-masculin-de-basket-ball-le-gratin-des-clubs-se-dispute-les-places-pour-la-finale\\\/\",\"name\":\"Tournoi des \u00ab\u00a0AS\u00a0\u00bb de Super-Division masculin de Basket-ball: Le gratin des clubs se dispute les places pour la finale - La Sentinelle\",\"isPartOf\":{\"@id\":\"https:\\\/\\\/lasentinelle.dz\\\/#website\"},\"primaryImageOfPage\":{\"@id\":\"https:\\\/\\\/lasentinelle.dz\\\/index.php\\\/2025\\\/05\\\/27\\\/tournoi-des-as-de-super-division-masculin-de-basket-ball-le-gratin-des-clubs-se-dispute-les-places-pour-la-finale\\\/#primaryimage\"},\"image\":{\"@id\":\"https:\\\/\\\/lasentinelle.dz\\\/index.php\\\/2025\\\/05\\\/27\\\/tournoi-des-as-de-super-division-masculin-de-basket-ball-le-gratin-des-clubs-se-dispute-les-places-pour-la-finale\\\/#primaryimage\"},\"thumbnailUrl\":\"https:\\\/\\\/lasentinelle.dz\\\/wp-content\\\/uploads\\\/2024\\\/11\\\/basket.jpeg\",\"datePublished\":\"2025-05-27T09:51:00+00:00\",\"dateModified\":\"2025-05-27T10:01:57+00:00\",\"breadcrumb\":{\"@id\":\"https:\\\/\\\/lasentinelle.dz\\\/index.php\\\/2025\\\/05\\\/27\\\/tournoi-des-as-de-super-division-masculin-de-basket-ball-le-gratin-des-clubs-se-dispute-les-places-pour-la-finale\\\/#breadcrumb\"},\"inLanguage\":\"fr-FR\",\"potentialAction\":[{\"@type\":\"ReadAction\",\"target\":[\"https:\\\/\\\/lasentinelle.dz\\\/index.php\\\/2025\\\/05\\\/27\\\/tournoi-des-as-de-super-division-masculin-de-basket-ball-le-gratin-des-clubs-se-dispute-les-places-pour-la-finale\\\/\"]}]},{\"@type\":\"ImageObject\",\"inLanguage\":\"fr-FR\",\"@id\":\"https:\\\/\\\/lasentinelle.dz\\\/index.php\\\/2025\\\/05\\\/27\\\/tournoi-des-as-de-super-division-masculin-de-basket-ball-le-gratin-des-clubs-se-dispute-les-places-pour-la-finale\\\/#primaryimage\",\"url\":\"https:\\\/\\\/lasentinelle.dz\\\/wp-content\\\/uploads\\\/2024\\\/11\\\/basket.jpeg\",\"contentUrl\":\"https:\\\/\\\/lasentinelle.dz\\\/wp-content\\\/uploads\\\/2024\\\/11\\\/basket.jpeg\",\"width\":300,\"height\":168},{\"@type\":\"BreadcrumbList\",\"@id\":\"https:\\\/\\\/lasentinelle.dz\\\/index.php\\\/2025\\\/05\\\/27\\\/tournoi-des-as-de-super-division-masculin-de-basket-ball-le-gratin-des-clubs-se-dispute-les-places-pour-la-finale\\\/#breadcrumb\",\"itemListElement\":[{\"@type\":\"ListItem\",\"position\":1,\"name\":\"Accueil\",\"item\":\"https:\\\/\\\/lasentinelle.dz\\\/\"},{\"@type\":\"ListItem\",\"position\":2,\"name\":\"Tournoi des \u00ab\u00a0AS\u00a0\u00bb de Super-Division masculin de Basket-ball: Le gratin des clubs se dispute les places pour la finale\"}]},{\"@type\":\"WebSite\",\"@id\":\"https:\\\/\\\/lasentinelle.dz\\\/#website\",\"url\":\"https:\\\/\\\/lasentinelle.dz\\\/\",\"name\":\"La Sentinelle\",\"description\":\"Quotidien national d&#039;information\",\"publisher\":{\"@id\":\"https:\\\/\\\/lasentinelle.dz\\\/#organization\"},\"potentialAction\":[{\"@type\":\"SearchAction\",\"target\":{\"@type\":\"EntryPoint\",\"urlTemplate\":\"https:\\\/\\\/lasentinelle.dz\\\/?s={search_term_string}\"},\"query-input\":{\"@type\":\"PropertyValueSpecification\",\"valueRequired\":true,\"valueName\":\"search_term_string\"}}],\"inLanguage\":\"fr-FR\"},{\"@type\":\"Organization\",\"@id\":\"https:\\\/\\\/lasentinelle.dz\\\/#organization\",\"name\":\"Quotidien La Sentinelle\",\"url\":\"https:\\\/\\\/lasentinelle.dz\\\/\",\"logo\":{\"@type\":\"ImageObject\",\"inLanguage\":\"fr-FR\",\"@id\":\"https:\\\/\\\/lasentinelle.dz\\\/#\\\/schema\\\/logo\\\/image\\\/\",\"url\":\"https:\\\/\\\/lasentinelle.dz\\\/wp-content\\\/uploads\\\/2021\\\/09\\\/logo-sentinelleSLOGAN-1.png\",\"contentUrl\":\"https:\\\/\\\/lasentinelle.dz\\\/wp-content\\\/uploads\\\/2021\\\/09\\\/logo-sentinelleSLOGAN-1.png\",\"width\":615,\"height\":142,\"caption\":\"Quotidien La Sentinelle\"},\"image\":{\"@id\":\"https:\\\/\\\/lasentinelle.dz\\\/#\\\/schema\\\/logo\\\/image\\\/\"},\"sameAs\":[\"https:\\\/\\\/www.facebook.com\\\/La-Sentinelle-104059864394773\"]},{\"@type\":\"Person\",\"@id\":\"https:\\\/\\\/lasentinelle.dz\\\/#\\\/schema\\\/person\\\/e22c868643946ece5f328ac9d185b29f\",\"name\":\"Azzedine Belferag\",\"image\":{\"@type\":\"ImageObject\",\"inLanguage\":\"fr-FR\",\"@id\":\"https:\\\/\\\/secure.gravatar.com\\\/avatar\\\/767ecc3bfcf23cd6d0dae1705f124feb13a88fded1daa56498e4fb3aa3fc36a1?s=96&d=mm&r=g\",\"url\":\"https:\\\/\\\/secure.gravatar.com\\\/avatar\\\/767ecc3bfcf23cd6d0dae1705f124feb13a88fded1daa56498e4fb3aa3fc36a1?s=96&d=mm&r=g\",\"contentUrl\":\"https:\\\/\\\/secure.gravatar.com\\\/avatar\\\/767ecc3bfcf23cd6d0dae1705f124feb13a88fded1daa56498e4fb3aa3fc36a1?s=96&d=mm&r=g\",\"caption\":\"Azzedine Belferag\"},\"sameAs\":[\"http:\\\/\\\/www.lasentinelle.dz\"],\"url\":\"https:\\\/\\\/lasentinelle.dz\\\/author\\\/belferag\\\/\"}]}<\/script>\n<!-- \/ Yoast SEO plugin. -->","yoast_head_json":{"title":"Tournoi des \u00ab\u00a0AS\u00a0\u00bb de Super-Division masculin de Basket-ball: Le gratin des clubs se dispute les places pour la finale - La Sentinelle","robots":{"index":"index","follow":"follow","max-snippet":"max-snippet:-1","max-image-preview":"max-image-preview:large","max-video-preview":"max-video-preview:-1"},"canonical":"https:\/\/lasentinelle.dz\/index.php\/2025\/05\/27\/tournoi-des-as-de-super-division-masculin-de-basket-ball-le-gratin-des-clubs-se-dispute-les-places-pour-la-finale\/","og_locale":"fr_FR","og_type":"article","og_title":"Tournoi des \u00ab\u00a0AS\u00a0\u00bb de Super-Division masculin de Basket-ball: Le gratin des clubs se dispute les places pour la finale - La Sentinelle","og_description":"Quatre pr\u00e9tendants de premier plan vont croiser le fer dans les demi-finales du tournoi des \u00ab\u00a0AS\u00a0\u00bb de Super-Division masculine, mardi","og_url":"https:\/\/lasentinelle.dz\/index.php\/2025\/05\/27\/tournoi-des-as-de-super-division-masculin-de-basket-ball-le-gratin-des-clubs-se-dispute-les-places-pour-la-finale\/","og_site_name":"La Sentinelle","article_publisher":"https:\/\/www.facebook.com\/La-Sentinelle-104059864394773","article_published_time":"2025-05-27T09:51:00+00:00","article_modified_time":"2025-05-27T10:01:57+00:00","og_image":[{"width":300,"height":168,"url":"https:\/\/lasentinelle.dz\/wp-content\/uploads\/2024\/11\/basket.jpeg","type":"image\/jpeg"}],"author":"Azzedine Belferag","twitter_card":"summary_large_image","twitter_misc":{"\u00c9crit par":"Azzedine Belferag","Dur\u00e9e de lecture estim\u00e9e":"4 minutes"},"schema":{"@context":"https:\/\/schema.org","@graph":[{"@type":"Article","@id":"https:\/\/lasentinelle.dz\/index.php\/2025\/05\/27\/tournoi-des-as-de-super-division-masculin-de-basket-ball-le-gratin-des-clubs-se-dispute-les-places-pour-la-finale\/#article","isPartOf":{"@id":"https:\/\/lasentinelle.dz\/index.php\/2025\/05\/27\/tournoi-des-as-de-super-division-masculin-de-basket-ball-le-gratin-des-clubs-se-dispute-les-places-pour-la-finale\/"},"author":{"name":"Azzedine Belferag","@id":"https:\/\/lasentinelle.dz\/#\/schema\/person\/e22c868643946ece5f328ac9d185b29f"},"headline":"Tournoi des \u00ab\u00a0AS\u00a0\u00bb de Super-Division masculin de Basket-ball: Le gratin des clubs se dispute les places pour la finale","datePublished":"2025-05-27T09:51:00+00:00","dateModified":"2025-05-27T10:01:57+00:00","mainEntityOfPage":{"@id":"https:\/\/lasentinelle.dz\/index.php\/2025\/05\/27\/tournoi-des-as-de-super-division-masculin-de-basket-ball-le-gratin-des-clubs-se-dispute-les-places-pour-la-finale\/"},"wordCount":643,"commentCount":0,"publisher":{"@id":"https:\/\/lasentinelle.dz\/#organization"},"image":{"@id":"https:\/\/lasentinelle.dz\/index.php\/2025\/05\/27\/tournoi-des-as-de-super-division-masculin-de-basket-ball-le-gratin-des-clubs-se-dispute-les-places-pour-la-finale\/#primaryimage"},"thumbnailUrl":"https:\/\/lasentinelle.dz\/wp-content\/uploads\/2024\/11\/basket.jpeg","articleSection":["Sports"],"inLanguage":"fr-FR","potentialAction":[{"@type":"CommentAction","name":"Comment","target":["https:\/\/lasentinelle.dz\/index.php\/2025\/05\/27\/tournoi-des-as-de-super-division-masculin-de-basket-ball-le-gratin-des-clubs-se-dispute-les-places-pour-la-finale\/#respond"]}]},{"@type":"WebPage","@id":"https:\/\/lasentinelle.dz\/index.php\/2025\/05\/27\/tournoi-des-as-de-super-division-masculin-de-basket-ball-le-gratin-des-clubs-se-dispute-les-places-pour-la-finale\/","url":"https:\/\/lasentinelle.dz\/index.php\/2025\/05\/27\/tournoi-des-as-de-super-division-masculin-de-basket-ball-le-gratin-des-clubs-se-dispute-les-places-pour-la-finale\/","name":"Tournoi des \u00ab\u00a0AS\u00a0\u00bb de Super-Division masculin de Basket-ball: Le gratin des clubs se dispute les places pour la finale - La Sentinelle","isPartOf":{"@id":"https:\/\/lasentinelle.dz\/#website"},"primaryImageOfPage":{"@id":"https:\/\/lasentinelle.dz\/index.php\/2025\/05\/27\/tournoi-des-as-de-super-division-masculin-de-basket-ball-le-gratin-des-clubs-se-dispute-les-places-pour-la-finale\/#primaryimage"},"image":{"@id":"https:\/\/lasentinelle.dz\/index.php\/2025\/05\/27\/tournoi-des-as-de-super-division-masculin-de-basket-ball-le-gratin-des-clubs-se-dispute-les-places-pour-la-finale\/#primaryimage"},"thumbnailUrl":"https:\/\/lasentinelle.dz\/wp-content\/uploads\/2024\/11\/basket.jpeg","datePublished":"2025-05-27T09:51:00+00:00","dateModified":"2025-05-27T10:01:57+00:00","breadcrumb":{"@id":"https:\/\/lasentinelle.dz\/index.php\/2025\/05\/27\/tournoi-des-as-de-super-division-masculin-de-basket-ball-le-gratin-des-clubs-se-dispute-les-places-pour-la-finale\/#breadcrumb"},"inLanguage":"fr-FR","potentialAction":[{"@type":"ReadAction","target":["https:\/\/lasentinelle.dz\/index.php\/2025\/05\/27\/tournoi-des-as-de-super-division-masculin-de-basket-ball-le-gratin-des-clubs-se-dispute-les-places-pour-la-finale\/"]}]},{"@type":"ImageObject","inLanguage":"fr-FR","@id":"https:\/\/lasentinelle.dz\/index.php\/2025\/05\/27\/tournoi-des-as-de-super-division-masculin-de-basket-ball-le-gratin-des-clubs-se-dispute-les-places-pour-la-finale\/#primaryimage","url":"https:\/\/lasentinelle.dz\/wp-content\/uploads\/2024\/11\/basket.jpeg","contentUrl":"https:\/\/lasentinelle.dz\/wp-content\/uploads\/2024\/11\/basket.jpeg","width":300,"height":168},{"@type":"BreadcrumbList","@id":"https:\/\/lasentinelle.dz\/index.php\/2025\/05\/27\/tournoi-des-as-de-super-division-masculin-de-basket-ball-le-gratin-des-clubs-se-dispute-les-places-pour-la-finale\/#breadcrumb","itemListElement":[{"@type":"ListItem","position":1,"name":"Accueil","item":"https:\/\/lasentinelle.dz\/"},{"@type":"ListItem","position":2,"name":"Tournoi des \u00ab\u00a0AS\u00a0\u00bb de Super-Division masculin de Basket-ball: Le gratin des clubs se dispute les places pour la finale"}]},{"@type":"WebSite","@id":"https:\/\/lasentinelle.dz\/#website","url":"https:\/\/lasentinelle.dz\/","name":"La Sentinelle","description":"Quotidien national d&#039;information","publisher":{"@id":"https:\/\/lasentinelle.dz\/#organization"},"potentialAction":[{"@type":"SearchAction","target":{"@type":"EntryPoint","urlTemplate":"https:\/\/lasentinelle.dz\/?s={search_term_string}"},"query-input":{"@type":"PropertyValueSpecification","valueRequired":true,"valueName":"search_term_string"}}],"inLanguage":"fr-FR"},{"@type":"Organization","@id":"https:\/\/lasentinelle.dz\/#organization","name":"Quotidien La Sentinelle","url":"https:\/\/lasentinelle.dz\/","logo":{"@type":"ImageObject","inLanguage":"fr-FR","@id":"https:\/\/lasentinelle.dz\/#\/schema\/logo\/image\/","url":"https:\/\/lasentinelle.dz\/wp-content\/uploads\/2021\/09\/logo-sentinelleSLOGAN-1.png","contentUrl":"https:\/\/lasentinelle.dz\/wp-content\/uploads\/2021\/09\/logo-sentinelleSLOGAN-1.png","width":615,"height":142,"caption":"Quotidien La Sentinelle"},"image":{"@id":"https:\/\/lasentinelle.dz\/#\/schema\/logo\/image\/"},"sameAs":["https:\/\/www.facebook.com\/La-Sentinelle-104059864394773"]},{"@type":"Person","@id":"https:\/\/lasentinelle.dz\/#\/schema\/person\/e22c868643946ece5f328ac9d185b29f","name":"Azzedine Belferag","image":{"@type":"ImageObject","inLanguage":"fr-FR","@id":"https:\/\/secure.gravatar.com\/avatar\/767ecc3bfcf23cd6d0dae1705f124feb13a88fded1daa56498e4fb3aa3fc36a1?s=96&d=mm&r=g","url":"https:\/\/secure.gravatar.com\/avatar\/767ecc3bfcf23cd6d0dae1705f124feb13a88fded1daa56498e4fb3aa3fc36a1?s=96&d=mm&r=g","contentUrl":"https:\/\/secure.gravatar.com\/avatar\/767ecc3bfcf23cd6d0dae1705f124feb13a88fded1daa56498e4fb3aa3fc36a1?s=96&d=mm&r=g","caption":"Azzedine Belferag"},"sameAs":["http:\/\/www.lasentinelle.dz"],"url":"https:\/\/lasentinelle.dz\/author\/belferag\/"}]}},"_links":{"self":[{"href":"https:\/\/lasentinelle.dz\/index.php\/wp-json\/wp\/v2\/posts\/67975","targetHints":{"allow":["GET"]}}],"collection":[{"href":"https:\/\/lasentinelle.dz\/index.php\/wp-json\/wp\/v2\/posts"}],"about":[{"href":"https:\/\/lasentinelle.dz\/index.php\/wp-json\/wp\/v2\/types\/post"}],"author":[{"embeddable":true,"href":"https:\/\/lasentinelle.dz\/index.php\/wp-json\/wp\/v2\/users\/2"}],"replies":[{"embeddable":true,"href":"https:\/\/lasentinelle.dz\/index.php\/wp-json\/wp\/v2\/comments?post=67975"}],"version-history":[{"count":2,"href":"https:\/\/lasentinelle.dz\/index.php\/wp-json\/wp\/v2\/posts\/67975\/revisions"}],"predecessor-version":[{"id":67977,"href":"https:\/\/lasentinelle.dz\/index.php\/wp-json\/wp\/v2\/posts\/67975\/revisions\/67977"}],"wp:featuredmedia":[{"embeddable":true,"href":"https:\/\/lasentinelle.dz\/index.php\/wp-json\/wp\/v2\/media\/59219"}],"wp:attachment":[{"href":"https:\/\/lasentinelle.dz\/index.php\/wp-json\/wp\/v2\/media?parent=67975"}],"wp:term":[{"taxonomy":"category","embeddable":true,"href":"https:\/\/lasentinelle.dz\/index.php\/wp-json\/wp\/v2\/categories?post=67975"},{"taxonomy":"post_tag","embeddable":true,"href":"https:\/\/lasentinelle.dz\/index.php\/wp-json\/wp\/v2\/tags?post=67975"}],"curies":[{"name":"wp","href":"https:\/\/api.w.org\/{rel}","templated":true}]}}