{"id":67978,"date":"2025-05-27T11:02:42","date_gmt":"2025-05-27T10:02:42","guid":{"rendered":"https:\/\/lasentinelle.dz\/?p=67978"},"modified":"2025-05-27T11:02:43","modified_gmt":"2025-05-27T10:02:43","slug":"ligue-1-mobilis-la-jsk-reprend-des-couleurs-lesm-respire","status":"publish","type":"post","link":"https:\/\/lasentinelle.dz\/index.php\/2025\/05\/27\/ligue-1-mobilis-la-jsk-reprend-des-couleurs-lesm-respire\/","title":{"rendered":"Ligue 1 Mobilis: La JSK reprend des couleurs, l&rsquo;ESM respire"},"content":{"rendered":"\n<p>La 27e journ\u00e9e de Ligue 1 Mobilis a livr\u00e9 ses premiers verdicts dimanche, et les nouvelles sont plut\u00f4t encourageantes pour la JS Kabylie et l&rsquo;ES Mostaganem. Les Canaris ont sign\u00e9 un succ\u00e8s pr\u00e9cieux en d\u00e9placement au NC Magra (3-1), r\u00e9duisant provisoirement l&rsquo;\u00e9cart avec le leader mouloud\u00e9en \u00e0 trois petits points, tandis que les Moustagan\u00e9mois ont retrouv\u00e9 le sourire en dominant l&rsquo;ASO Chlef (1-0) pour sortir enfin de la zone rouge.<\/p>\n\n\n\n<p>Apr\u00e8s leur faux pas \u00e0 domicile face \u00e0 la JS Saoura la semaine derni\u00e8re (1-2), les Canaris ont montr\u00e9 un tout autre visage au stade de Magra. Le r\u00e9veil fut spectaculaire avec une d\u00e9monstration offensive qui a fait mal aux locaux. Le Russe Ignatev a ouvert le bal \u00e0 la 38e minute, r\u00e9pondant ainsi \u00e0 l&rsquo;ouverture du score pr\u00e9coce de Djabout pour le NCM (22e). La seconde p\u00e9riode a tourn\u00e9 \u00e0 l&rsquo;avantage des visiteurs avec les r\u00e9alisations de Berkane (65e) et Boualia (78e), scellant d\u00e9finitivement le sort de la rencontre.<\/p>\n\n\n\n<p>Cette victoire replace la JSK dans une position confortable de dauphin avec 49 unit\u00e9s au compteur, \u00e0 seulement trois longueurs du MC Alger qui se d\u00e9place mardi soir \u00e0 B\u00e9char pour d\u00e9fier la JS Saoura. L&rsquo;opportunit\u00e9 est belle pour les Kabyles de maintenir la pression sur les Mouloud\u00e9ens, voire de revenir \u00e0 hauteur en cas de faux pas de ces derniers dans le Sud-Ouest alg\u00e9rien. Pour le NC Magra en revanche, la situation devient critique avec cette 15e place synonyme de premier rel\u00e9gable et ses 27 points qui sonnent comme un signal d&rsquo;alarme.<\/p>\n\n\n\n<p>\u00c0 l&rsquo;autre bout du pays, l&rsquo;ES Mostaganem a enfin retrouv\u00e9 le chemin de la victoire face \u00e0 l&rsquo;ASO Chlef. Un succ\u00e8s qui tombe \u00e0 pic pour les Mostaghan\u00e9mois qui v\u00e9g\u00e9taient dans la zone de rel\u00e9gation depuis plusieurs journ\u00e9es. Le but lib\u00e9rateur d&rsquo;Aoudjane juste avant la pause (41e) a permis au club de l&rsquo;Ouest de souffler un peu et de grimper \u00e0 la 13e place avec 30 points. Loin d&rsquo;\u00eatre tir\u00e9s d&rsquo;affaire, les hommes de Mostaganem ont n\u00e9anmoins repris confiance et peuvent aborder les derni\u00e8res journ\u00e9es avec un peu plus de s\u00e9r\u00e9nit\u00e9.<\/p>\n\n\n\n<p>Les Ch\u00e9lifiens, eux, n&rsquo;arrivent plus \u00e0 encha\u00eener et restent bloqu\u00e9s \u00e0 la 9e position avec 33 points, \u00e0 \u00e9galit\u00e9 avec le CS Constantine. Cette s\u00e9rie de trois matchs sans victoire commence \u00e0 inqui\u00e9ter dans un championnat o\u00f9 chaque point compte pour assurer d\u00e9finitivement le maintien.<\/p>\n\n\n\n<p>Du c\u00f4t\u00e9 de S\u00e9tif, la crise s&rsquo;aggrave. L&rsquo;Entente continue sa chute libre en s&rsquo;inclinant \u00e0 domicile face \u00e0 l&rsquo;USM Khenchela (0-1), conc\u00e9dant ainsi un troisi\u00e8me revers cons\u00e9cutif qui hypoth\u00e8que s\u00e9rieusement ses ambitions europ\u00e9ennes. Les S\u00e9tifiens ont \u00e9t\u00e9 cueillis \u00e0 froid d\u00e8s la 5e minute par Oukil, et n&rsquo;ont jamais r\u00e9ussi \u00e0 r\u00e9agir face \u00e0 des Khenchelis bien organis\u00e9s. Cette d\u00e9faite fait les affaires de l&rsquo;USMK qui remonte provisoirement \u00e0 la 11e place avec 31 points, \u00e0 \u00e9galit\u00e9 avec le MC Oran. L&rsquo;entra\u00eeneur tunisien Nabil Kouki voit ses joueurs (4e, 38 pts) s&rsquo;\u00e9loigner d\u00e9finitivement du podium et d&rsquo;une qualification pour les comp\u00e9titions continentales. La crise de r\u00e9sultats que traverse l&rsquo;ESS en fin de saison interroge sur la capacit\u00e9 du club \u00e0 rebondir rapidement et \u00e0 retrouver son standing habituel dans le football alg\u00e9rien.<\/p>\n\n\n\n<p>Moncef D.<\/p>\n","protected":false},"excerpt":{"rendered":"<p>La 27e journ\u00e9e de Ligue 1 Mobilis a livr\u00e9 ses premiers verdicts dimanche, et les nouvelles sont plut\u00f4t encourageantes pour<\/p>\n","protected":false},"author":6,"featured_media":67979,"comment_status":"open","ping_status":"closed","sticky":false,"template":"","format":"standard","meta":{"colormag_page_container_layout":"default_layout","colormag_page_sidebar_layout":"default_layout","om_disable_all_campaigns":false,"_monsterinsights_skip_tracking":false,"_monsterinsights_sitenote_active":false,"_monsterinsights_sitenote_note":"","_monsterinsights_sitenote_category":0,"footnotes":"","_wpscppro_dont_share_socialmedia":false,"_wpscppro_custom_social_share_image":0,"_facebook_share_type":"default","_twitter_share_type":"default","_linkedin_share_type":"default","_pinterest_share_type":"default","_linkedin_share_type_page":"","_instagram_share_type":"default","_medium_share_type":"default","_threads_share_type":"","_google_business_share_type":"","_selected_social_profile":[],"_wpsp_enable_custom_social_template":false,"_wpsp_social_scheduling":{"enabled":false,"datetime":null,"platforms":[],"status":"template_only","dateOption":"today","timeOption":"now","customDays":"","customHours":"","customDate":"","customTime":"","schedulingType":"absolute"},"_wpsp_active_default_template":true},"categories":[33],"tags":[],"class_list":["post-67978","post","type-post","status-publish","format-standard","has-post-thumbnail","hentry","category-sports"],"aioseo_notices":[],"yoast_head":"<!-- This site is optimized with the Yoast SEO plugin v27.4 - https:\/\/yoast.com\/product\/yoast-seo-wordpress\/ -->\n<title>Ligue 1 Mobilis: La JSK reprend des couleurs, l&rsquo;ESM respire - La Sentinelle<\/title>\n<meta name=\"robots\" content=\"index, follow, max-snippet:-1, max-image-preview:large, max-video-preview:-1\" \/>\n<link rel=\"canonical\" href=\"https:\/\/lasentinelle.dz\/index.php\/2025\/05\/27\/ligue-1-mobilis-la-jsk-reprend-des-couleurs-lesm-respire\/\" \/>\n<meta property=\"og:locale\" content=\"fr_FR\" \/>\n<meta property=\"og:type\" content=\"article\" \/>\n<meta property=\"og:title\" content=\"Ligue 1 Mobilis: La JSK reprend des couleurs, l&rsquo;ESM respire - La Sentinelle\" \/>\n<meta property=\"og:description\" content=\"La 27e journ\u00e9e de Ligue 1 Mobilis a livr\u00e9 ses premiers verdicts dimanche, et les nouvelles sont plut\u00f4t encourageantes pour\" \/>\n<meta property=\"og:url\" content=\"https:\/\/lasentinelle.dz\/index.php\/2025\/05\/27\/ligue-1-mobilis-la-jsk-reprend-des-couleurs-lesm-respire\/\" \/>\n<meta property=\"og:site_name\" content=\"La Sentinelle\" \/>\n<meta property=\"article:publisher\" content=\"https:\/\/www.facebook.com\/La-Sentinelle-104059864394773\" \/>\n<meta property=\"article:published_time\" content=\"2025-05-27T10:02:42+00:00\" \/>\n<meta property=\"article:modified_time\" content=\"2025-05-27T10:02:43+00:00\" \/>\n<meta property=\"og:image\" content=\"https:\/\/lasentinelle.dz\/wp-content\/uploads\/2025\/05\/JSK-3.jpg\" \/>\n\t<meta property=\"og:image:width\" content=\"1080\" \/>\n\t<meta property=\"og:image:height\" content=\"1349\" \/>\n\t<meta property=\"og:image:type\" content=\"image\/jpeg\" \/>\n<meta name=\"author\" content=\"admin\" \/>\n<meta name=\"twitter:card\" content=\"summary_large_image\" \/>\n<meta name=\"twitter:label1\" content=\"\u00c9crit par\" \/>\n\t<meta name=\"twitter:data1\" content=\"admin\" \/>\n\t<meta name=\"twitter:label2\" content=\"Dur\u00e9e de lecture estim\u00e9e\" \/>\n\t<meta name=\"twitter:data2\" content=\"3 minutes\" \/>\n<script type=\"application\/ld+json\" class=\"yoast-schema-graph\">{\"@context\":\"https:\\\/\\\/schema.org\",\"@graph\":[{\"@type\":\"Article\",\"@id\":\"https:\\\/\\\/lasentinelle.dz\\\/index.php\\\/2025\\\/05\\\/27\\\/ligue-1-mobilis-la-jsk-reprend-des-couleurs-lesm-respire\\\/#article\",\"isPartOf\":{\"@id\":\"https:\\\/\\\/lasentinelle.dz\\\/index.php\\\/2025\\\/05\\\/27\\\/ligue-1-mobilis-la-jsk-reprend-des-couleurs-lesm-respire\\\/\"},\"author\":{\"name\":\"admin\",\"@id\":\"https:\\\/\\\/lasentinelle.dz\\\/#\\\/schema\\\/person\\\/729ee0024f24e0b8c5ec17232f8e8b41\"},\"headline\":\"Ligue 1 Mobilis: La JSK reprend des couleurs, l&rsquo;ESM respire\",\"datePublished\":\"2025-05-27T10:02:42+00:00\",\"dateModified\":\"2025-05-27T10:02:43+00:00\",\"mainEntityOfPage\":{\"@id\":\"https:\\\/\\\/lasentinelle.dz\\\/index.php\\\/2025\\\/05\\\/27\\\/ligue-1-mobilis-la-jsk-reprend-des-couleurs-lesm-respire\\\/\"},\"wordCount\":588,\"commentCount\":0,\"publisher\":{\"@id\":\"https:\\\/\\\/lasentinelle.dz\\\/#organization\"},\"image\":{\"@id\":\"https:\\\/\\\/lasentinelle.dz\\\/index.php\\\/2025\\\/05\\\/27\\\/ligue-1-mobilis-la-jsk-reprend-des-couleurs-lesm-respire\\\/#primaryimage\"},\"thumbnailUrl\":\"https:\\\/\\\/lasentinelle.dz\\\/wp-content\\\/uploads\\\/2025\\\/05\\\/JSK-3.jpg\",\"articleSection\":[\"Sports\"],\"inLanguage\":\"fr-FR\",\"potentialAction\":[{\"@type\":\"CommentAction\",\"name\":\"Comment\",\"target\":[\"https:\\\/\\\/lasentinelle.dz\\\/index.php\\\/2025\\\/05\\\/27\\\/ligue-1-mobilis-la-jsk-reprend-des-couleurs-lesm-respire\\\/#respond\"]}]},{\"@type\":\"WebPage\",\"@id\":\"https:\\\/\\\/lasentinelle.dz\\\/index.php\\\/2025\\\/05\\\/27\\\/ligue-1-mobilis-la-jsk-reprend-des-couleurs-lesm-respire\\\/\",\"url\":\"https:\\\/\\\/lasentinelle.dz\\\/index.php\\\/2025\\\/05\\\/27\\\/ligue-1-mobilis-la-jsk-reprend-des-couleurs-lesm-respire\\\/\",\"name\":\"Ligue 1 Mobilis: La JSK reprend des couleurs, l&rsquo;ESM respire - La Sentinelle\",\"isPartOf\":{\"@id\":\"https:\\\/\\\/lasentinelle.dz\\\/#website\"},\"primaryImageOfPage\":{\"@id\":\"https:\\\/\\\/lasentinelle.dz\\\/index.php\\\/2025\\\/05\\\/27\\\/ligue-1-mobilis-la-jsk-reprend-des-couleurs-lesm-respire\\\/#primaryimage\"},\"image\":{\"@id\":\"https:\\\/\\\/lasentinelle.dz\\\/index.php\\\/2025\\\/05\\\/27\\\/ligue-1-mobilis-la-jsk-reprend-des-couleurs-lesm-respire\\\/#primaryimage\"},\"thumbnailUrl\":\"https:\\\/\\\/lasentinelle.dz\\\/wp-content\\\/uploads\\\/2025\\\/05\\\/JSK-3.jpg\",\"datePublished\":\"2025-05-27T10:02:42+00:00\",\"dateModified\":\"2025-05-27T10:02:43+00:00\",\"breadcrumb\":{\"@id\":\"https:\\\/\\\/lasentinelle.dz\\\/index.php\\\/2025\\\/05\\\/27\\\/ligue-1-mobilis-la-jsk-reprend-des-couleurs-lesm-respire\\\/#breadcrumb\"},\"inLanguage\":\"fr-FR\",\"potentialAction\":[{\"@type\":\"ReadAction\",\"target\":[\"https:\\\/\\\/lasentinelle.dz\\\/index.php\\\/2025\\\/05\\\/27\\\/ligue-1-mobilis-la-jsk-reprend-des-couleurs-lesm-respire\\\/\"]}]},{\"@type\":\"ImageObject\",\"inLanguage\":\"fr-FR\",\"@id\":\"https:\\\/\\\/lasentinelle.dz\\\/index.php\\\/2025\\\/05\\\/27\\\/ligue-1-mobilis-la-jsk-reprend-des-couleurs-lesm-respire\\\/#primaryimage\",\"url\":\"https:\\\/\\\/lasentinelle.dz\\\/wp-content\\\/uploads\\\/2025\\\/05\\\/JSK-3.jpg\",\"contentUrl\":\"https:\\\/\\\/lasentinelle.dz\\\/wp-content\\\/uploads\\\/2025\\\/05\\\/JSK-3.jpg\",\"width\":1080,\"height\":1349},{\"@type\":\"BreadcrumbList\",\"@id\":\"https:\\\/\\\/lasentinelle.dz\\\/index.php\\\/2025\\\/05\\\/27\\\/ligue-1-mobilis-la-jsk-reprend-des-couleurs-lesm-respire\\\/#breadcrumb\",\"itemListElement\":[{\"@type\":\"ListItem\",\"position\":1,\"name\":\"Accueil\",\"item\":\"https:\\\/\\\/lasentinelle.dz\\\/\"},{\"@type\":\"ListItem\",\"position\":2,\"name\":\"Ligue 1 Mobilis: La JSK reprend des couleurs, l&rsquo;ESM respire\"}]},{\"@type\":\"WebSite\",\"@id\":\"https:\\\/\\\/lasentinelle.dz\\\/#website\",\"url\":\"https:\\\/\\\/lasentinelle.dz\\\/\",\"name\":\"La Sentinelle\",\"description\":\"Quotidien national d&#039;information\",\"publisher\":{\"@id\":\"https:\\\/\\\/lasentinelle.dz\\\/#organization\"},\"potentialAction\":[{\"@type\":\"SearchAction\",\"target\":{\"@type\":\"EntryPoint\",\"urlTemplate\":\"https:\\\/\\\/lasentinelle.dz\\\/?s={search_term_string}\"},\"query-input\":{\"@type\":\"PropertyValueSpecification\",\"valueRequired\":true,\"valueName\":\"search_term_string\"}}],\"inLanguage\":\"fr-FR\"},{\"@type\":\"Organization\",\"@id\":\"https:\\\/\\\/lasentinelle.dz\\\/#organization\",\"name\":\"Quotidien La Sentinelle\",\"url\":\"https:\\\/\\\/lasentinelle.dz\\\/\",\"logo\":{\"@type\":\"ImageObject\",\"inLanguage\":\"fr-FR\",\"@id\":\"https:\\\/\\\/lasentinelle.dz\\\/#\\\/schema\\\/logo\\\/image\\\/\",\"url\":\"https:\\\/\\\/lasentinelle.dz\\\/wp-content\\\/uploads\\\/2021\\\/09\\\/logo-sentinelleSLOGAN-1.png\",\"contentUrl\":\"https:\\\/\\\/lasentinelle.dz\\\/wp-content\\\/uploads\\\/2021\\\/09\\\/logo-sentinelleSLOGAN-1.png\",\"width\":615,\"height\":142,\"caption\":\"Quotidien La Sentinelle\"},\"image\":{\"@id\":\"https:\\\/\\\/lasentinelle.dz\\\/#\\\/schema\\\/logo\\\/image\\\/\"},\"sameAs\":[\"https:\\\/\\\/www.facebook.com\\\/La-Sentinelle-104059864394773\"]},{\"@type\":\"Person\",\"@id\":\"https:\\\/\\\/lasentinelle.dz\\\/#\\\/schema\\\/person\\\/729ee0024f24e0b8c5ec17232f8e8b41\",\"name\":\"admin\",\"image\":{\"@type\":\"ImageObject\",\"inLanguage\":\"fr-FR\",\"@id\":\"https:\\\/\\\/secure.gravatar.com\\\/avatar\\\/4c81fed838786e9b53f540bf46533e750f5d292099ae3b66cfc6fb1982e29df7?s=96&d=mm&r=g\",\"url\":\"https:\\\/\\\/secure.gravatar.com\\\/avatar\\\/4c81fed838786e9b53f540bf46533e750f5d292099ae3b66cfc6fb1982e29df7?s=96&d=mm&r=g\",\"contentUrl\":\"https:\\\/\\\/secure.gravatar.com\\\/avatar\\\/4c81fed838786e9b53f540bf46533e750f5d292099ae3b66cfc6fb1982e29df7?s=96&d=mm&r=g\",\"caption\":\"admin\"},\"description\":\"admin\",\"url\":\"https:\\\/\\\/lasentinelle.dz\\\/author\\\/admin\\\/\"}]}<\/script>\n<!-- \/ Yoast SEO plugin. -->","yoast_head_json":{"title":"Ligue 1 Mobilis: La JSK reprend des couleurs, l&rsquo;ESM respire - La Sentinelle","robots":{"index":"index","follow":"follow","max-snippet":"max-snippet:-1","max-image-preview":"max-image-preview:large","max-video-preview":"max-video-preview:-1"},"canonical":"https:\/\/lasentinelle.dz\/index.php\/2025\/05\/27\/ligue-1-mobilis-la-jsk-reprend-des-couleurs-lesm-respire\/","og_locale":"fr_FR","og_type":"article","og_title":"Ligue 1 Mobilis: La JSK reprend des couleurs, l&rsquo;ESM respire - La Sentinelle","og_description":"La 27e journ\u00e9e de Ligue 1 Mobilis a livr\u00e9 ses premiers verdicts dimanche, et les nouvelles sont plut\u00f4t encourageantes pour","og_url":"https:\/\/lasentinelle.dz\/index.php\/2025\/05\/27\/ligue-1-mobilis-la-jsk-reprend-des-couleurs-lesm-respire\/","og_site_name":"La Sentinelle","article_publisher":"https:\/\/www.facebook.com\/La-Sentinelle-104059864394773","article_published_time":"2025-05-27T10:02:42+00:00","article_modified_time":"2025-05-27T10:02:43+00:00","og_image":[{"width":1080,"height":1349,"url":"https:\/\/lasentinelle.dz\/wp-content\/uploads\/2025\/05\/JSK-3.jpg","type":"image\/jpeg"}],"author":"admin","twitter_card":"summary_large_image","twitter_misc":{"\u00c9crit par":"admin","Dur\u00e9e de lecture estim\u00e9e":"3 minutes"},"schema":{"@context":"https:\/\/schema.org","@graph":[{"@type":"Article","@id":"https:\/\/lasentinelle.dz\/index.php\/2025\/05\/27\/ligue-1-mobilis-la-jsk-reprend-des-couleurs-lesm-respire\/#article","isPartOf":{"@id":"https:\/\/lasentinelle.dz\/index.php\/2025\/05\/27\/ligue-1-mobilis-la-jsk-reprend-des-couleurs-lesm-respire\/"},"author":{"name":"admin","@id":"https:\/\/lasentinelle.dz\/#\/schema\/person\/729ee0024f24e0b8c5ec17232f8e8b41"},"headline":"Ligue 1 Mobilis: La JSK reprend des couleurs, l&rsquo;ESM respire","datePublished":"2025-05-27T10:02:42+00:00","dateModified":"2025-05-27T10:02:43+00:00","mainEntityOfPage":{"@id":"https:\/\/lasentinelle.dz\/index.php\/2025\/05\/27\/ligue-1-mobilis-la-jsk-reprend-des-couleurs-lesm-respire\/"},"wordCount":588,"commentCount":0,"publisher":{"@id":"https:\/\/lasentinelle.dz\/#organization"},"image":{"@id":"https:\/\/lasentinelle.dz\/index.php\/2025\/05\/27\/ligue-1-mobilis-la-jsk-reprend-des-couleurs-lesm-respire\/#primaryimage"},"thumbnailUrl":"https:\/\/lasentinelle.dz\/wp-content\/uploads\/2025\/05\/JSK-3.jpg","articleSection":["Sports"],"inLanguage":"fr-FR","potentialAction":[{"@type":"CommentAction","name":"Comment","target":["https:\/\/lasentinelle.dz\/index.php\/2025\/05\/27\/ligue-1-mobilis-la-jsk-reprend-des-couleurs-lesm-respire\/#respond"]}]},{"@type":"WebPage","@id":"https:\/\/lasentinelle.dz\/index.php\/2025\/05\/27\/ligue-1-mobilis-la-jsk-reprend-des-couleurs-lesm-respire\/","url":"https:\/\/lasentinelle.dz\/index.php\/2025\/05\/27\/ligue-1-mobilis-la-jsk-reprend-des-couleurs-lesm-respire\/","name":"Ligue 1 Mobilis: La JSK reprend des couleurs, l&rsquo;ESM respire - La Sentinelle","isPartOf":{"@id":"https:\/\/lasentinelle.dz\/#website"},"primaryImageOfPage":{"@id":"https:\/\/lasentinelle.dz\/index.php\/2025\/05\/27\/ligue-1-mobilis-la-jsk-reprend-des-couleurs-lesm-respire\/#primaryimage"},"image":{"@id":"https:\/\/lasentinelle.dz\/index.php\/2025\/05\/27\/ligue-1-mobilis-la-jsk-reprend-des-couleurs-lesm-respire\/#primaryimage"},"thumbnailUrl":"https:\/\/lasentinelle.dz\/wp-content\/uploads\/2025\/05\/JSK-3.jpg","datePublished":"2025-05-27T10:02:42+00:00","dateModified":"2025-05-27T10:02:43+00:00","breadcrumb":{"@id":"https:\/\/lasentinelle.dz\/index.php\/2025\/05\/27\/ligue-1-mobilis-la-jsk-reprend-des-couleurs-lesm-respire\/#breadcrumb"},"inLanguage":"fr-FR","potentialAction":[{"@type":"ReadAction","target":["https:\/\/lasentinelle.dz\/index.php\/2025\/05\/27\/ligue-1-mobilis-la-jsk-reprend-des-couleurs-lesm-respire\/"]}]},{"@type":"ImageObject","inLanguage":"fr-FR","@id":"https:\/\/lasentinelle.dz\/index.php\/2025\/05\/27\/ligue-1-mobilis-la-jsk-reprend-des-couleurs-lesm-respire\/#primaryimage","url":"https:\/\/lasentinelle.dz\/wp-content\/uploads\/2025\/05\/JSK-3.jpg","contentUrl":"https:\/\/lasentinelle.dz\/wp-content\/uploads\/2025\/05\/JSK-3.jpg","width":1080,"height":1349},{"@type":"BreadcrumbList","@id":"https:\/\/lasentinelle.dz\/index.php\/2025\/05\/27\/ligue-1-mobilis-la-jsk-reprend-des-couleurs-lesm-respire\/#breadcrumb","itemListElement":[{"@type":"ListItem","position":1,"name":"Accueil","item":"https:\/\/lasentinelle.dz\/"},{"@type":"ListItem","position":2,"name":"Ligue 1 Mobilis: La JSK reprend des couleurs, l&rsquo;ESM respire"}]},{"@type":"WebSite","@id":"https:\/\/lasentinelle.dz\/#website","url":"https:\/\/lasentinelle.dz\/","name":"La Sentinelle","description":"Quotidien national d&#039;information","publisher":{"@id":"https:\/\/lasentinelle.dz\/#organization"},"potentialAction":[{"@type":"SearchAction","target":{"@type":"EntryPoint","urlTemplate":"https:\/\/lasentinelle.dz\/?s={search_term_string}"},"query-input":{"@type":"PropertyValueSpecification","valueRequired":true,"valueName":"search_term_string"}}],"inLanguage":"fr-FR"},{"@type":"Organization","@id":"https:\/\/lasentinelle.dz\/#organization","name":"Quotidien La Sentinelle","url":"https:\/\/lasentinelle.dz\/","logo":{"@type":"ImageObject","inLanguage":"fr-FR","@id":"https:\/\/lasentinelle.dz\/#\/schema\/logo\/image\/","url":"https:\/\/lasentinelle.dz\/wp-content\/uploads\/2021\/09\/logo-sentinelleSLOGAN-1.png","contentUrl":"https:\/\/lasentinelle.dz\/wp-content\/uploads\/2021\/09\/logo-sentinelleSLOGAN-1.png","width":615,"height":142,"caption":"Quotidien La Sentinelle"},"image":{"@id":"https:\/\/lasentinelle.dz\/#\/schema\/logo\/image\/"},"sameAs":["https:\/\/www.facebook.com\/La-Sentinelle-104059864394773"]},{"@type":"Person","@id":"https:\/\/lasentinelle.dz\/#\/schema\/person\/729ee0024f24e0b8c5ec17232f8e8b41","name":"admin","image":{"@type":"ImageObject","inLanguage":"fr-FR","@id":"https:\/\/secure.gravatar.com\/avatar\/4c81fed838786e9b53f540bf46533e750f5d292099ae3b66cfc6fb1982e29df7?s=96&d=mm&r=g","url":"https:\/\/secure.gravatar.com\/avatar\/4c81fed838786e9b53f540bf46533e750f5d292099ae3b66cfc6fb1982e29df7?s=96&d=mm&r=g","contentUrl":"https:\/\/secure.gravatar.com\/avatar\/4c81fed838786e9b53f540bf46533e750f5d292099ae3b66cfc6fb1982e29df7?s=96&d=mm&r=g","caption":"admin"},"description":"admin","url":"https:\/\/lasentinelle.dz\/author\/admin\/"}]}},"_links":{"self":[{"href":"https:\/\/lasentinelle.dz\/index.php\/wp-json\/wp\/v2\/posts\/67978","targetHints":{"allow":["GET"]}}],"collection":[{"href":"https:\/\/lasentinelle.dz\/index.php\/wp-json\/wp\/v2\/posts"}],"about":[{"href":"https:\/\/lasentinelle.dz\/index.php\/wp-json\/wp\/v2\/types\/post"}],"author":[{"embeddable":true,"href":"https:\/\/lasentinelle.dz\/index.php\/wp-json\/wp\/v2\/users\/6"}],"replies":[{"embeddable":true,"href":"https:\/\/lasentinelle.dz\/index.php\/wp-json\/wp\/v2\/comments?post=67978"}],"version-history":[{"count":2,"href":"https:\/\/lasentinelle.dz\/index.php\/wp-json\/wp\/v2\/posts\/67978\/revisions"}],"predecessor-version":[{"id":67981,"href":"https:\/\/lasentinelle.dz\/index.php\/wp-json\/wp\/v2\/posts\/67978\/revisions\/67981"}],"wp:featuredmedia":[{"embeddable":true,"href":"https:\/\/lasentinelle.dz\/index.php\/wp-json\/wp\/v2\/media\/67979"}],"wp:attachment":[{"href":"https:\/\/lasentinelle.dz\/index.php\/wp-json\/wp\/v2\/media?parent=67978"}],"wp:term":[{"taxonomy":"category","embeddable":true,"href":"https:\/\/lasentinelle.dz\/index.php\/wp-json\/wp\/v2\/categories?post=67978"},{"taxonomy":"post_tag","embeddable":true,"href":"https:\/\/lasentinelle.dz\/index.php\/wp-json\/wp\/v2\/tags?post=67978"}],"curies":[{"name":"wp","href":"https:\/\/api.w.org\/{rel}","templated":true}]}}