{"id":67982,"date":"2025-05-27T11:04:40","date_gmt":"2025-05-27T10:04:40","guid":{"rendered":"https:\/\/lasentinelle.dz\/?p=67982"},"modified":"2025-05-27T11:04:40","modified_gmt":"2025-05-27T10:04:40","slug":"coupe-arabe-fifa-2025-les-verts-heritent-dun-groupe-d-clement","status":"publish","type":"post","link":"https:\/\/lasentinelle.dz\/index.php\/2025\/05\/27\/coupe-arabe-fifa-2025-les-verts-heritent-dun-groupe-d-clement\/","title":{"rendered":"Coupe arabe FIFA-2025: Les Verts h\u00e9ritent d&rsquo;un groupe D cl\u00e9ment"},"content":{"rendered":"\n<p>Cette deuxi\u00e8me \u00e9dition de la Coupe arabe FIFA verra les Fennecs A&rsquo; tenter de conserver le troph\u00e9e qu&rsquo;ils ont brillamment conquis en 2021.<\/p>\n\n\n\n<p>Le tirage au sort de la Coupe arabe de la FIFA-2025 a livr\u00e9 son verdict dimanche soir \u00e0 Doha, et l&rsquo;Alg\u00e9rie peut se frotter les mains. Les champions en titre, men\u00e9s par Madjid Bougherra, ont h\u00e9rit\u00e9 d&rsquo;un groupe D plut\u00f4t favorable qui leur offre de s\u00e9rieuses chances de poursuivre leur parcours au Qatar. Programm\u00e9e du 1er au 18 d\u00e9cembre prochain, cette deuxi\u00e8me \u00e9dition de la comp\u00e9tition verra les Fennecs A&rsquo; tenter de conserver le troph\u00e9e qu&rsquo;ils ont brillamment conquis en 2021.<\/p>\n\n\n\n<p>Dans ce groupe D, l&rsquo;Alg\u00e9rie retrouvera l&rsquo;Irak, adversaire respect\u00e9 mais abordable, ainsi que deux \u00e9quipes issues des barrages de qualification qui se d\u00e9rouleront les 25 et 26 novembre au Qatar. Il s&rsquo;agira du vainqueur de la confrontation entre Bahre\u00efn et Djibouti, et de celui qui sortira gagnant du duel entre le Liban et le Soudan. Un tirage qui ne peut que r\u00e9jouir le staff technique des Verts, d&rsquo;autant que les Verts avaient d\u00e9j\u00e0 crois\u00e9 le fer avec ces formations lors de l&rsquo;\u00e9dition inaugurale, s&rsquo;imposant \u00e0 chaque fois de mani\u00e8re convaincante.<\/p>\n\n\n\n<p>Le format de la comp\u00e9tition reste inchang\u00e9 par rapport \u00e0 2021, avec seize \u00e9quipes r\u00e9parties en quatre groupes de quatre. Les deux premiers de chaque poule acc\u00e9deront \u00e0 la phase \u00e0 \u00e9limination directe, comprenant quarts de finale, demi-finales, match pour la troisi\u00e8me place et finale. Neuf nations, dont l&rsquo;Alg\u00e9rie, b\u00e9n\u00e9ficient d&rsquo;une qualification directe bas\u00e9e sur le classement FIFA d&rsquo;avril 2025, tandis que les sept places restantes seront attribu\u00e9es via les barrages impliquant quatorze s\u00e9lections moins bien class\u00e9es.<\/p>\n\n\n\n<p>L&rsquo;objectif est clair pour les hommes de Bougherra : reproduire l&rsquo;exploit de d\u00e9cembre 2021 quand ils avaient soulev\u00e9 le premier troph\u00e9e de l&rsquo;histoire de cette comp\u00e9tition. Cette victoire historique face \u00e0 la Tunisie (2-0 apr\u00e8s prolongation) au stade Al Bayt de Doha reste grav\u00e9e dans les m\u00e9moires des supporters alg\u00e9riens. Le parcours avait \u00e9t\u00e9 exemplaire, avec notamment des succ\u00e8s probants contre des adversaires qu&rsquo;ils pourraient bien retrouver lors de cette \u00e9dition 2025.<\/p>\n\n\n\n<p>Les autres groupes promettent \u00e9galement du spectacle. Le groupe A verra le Qatar, pays organisateur, d\u00e9fier la Tunisie vice-championne en titre, accompagn\u00e9es du vainqueur de Syrie-Soudan du Sud et de celui de Palestine-Libye. Le groupe B s&rsquo;annonce particuli\u00e8rement relev\u00e9 avec le Maroc et l&rsquo;Arabie saoudite comme t\u00eates d&rsquo;affiche, rejoints par les qualifi\u00e9s des confrontations Oman-Somalie et Y\u00e9men-Comores. Quant au groupe C, il mettra aux prises l&rsquo;\u00c9gypte, la Jordanie, les \u00c9mirats arabes unis et le vainqueur du barrage Kowe\u00eft-Mauritanie.<\/p>\n\n\n\n<p>Cette r\u00e9partition \u00e9quilibr\u00e9e laisse entrevoir une comp\u00e9tition ouverte o\u00f9 plusieurs pr\u00e9tendants au titre final peuvent l\u00e9gitimement nourrir des ambitions. L&rsquo;Alg\u00e9rie, forte de son exp\u00e9rience acquise il y a quatre ans et de la confiance que procure son statut de tenant du titre, semble bien arm\u00e9e pour n\u00e9gocier ce premier tour. La pr\u00e9sence de joueurs aguerris et l&rsquo;expertise de Bougherra sur le banc constituent des atouts pr\u00e9cieux dans cette qu\u00eate de doubl\u00e9.<\/p>\n\n\n\n<p>Les barrages de fin novembre constitueront un premier rendez-vous important pour dessiner les contours d\u00e9finitifs des groupes. Quatorze \u00e9quipes se disputeront sept places lors de confrontations \u00e0 \u00e9limination directe : Oman affrontera la Somalie, Bahre\u00efn recevra Djibouti, la Syrie d\u00e9fiera le Soudan du Sud, la Palestine croisera la Libye, le Liban se mesurera au Soudan, le Kowe\u00eft rencontrera la Mauritanie, et enfin le Y\u00e9men d\u00e9fiera les Comores.<\/p>\n\n\n\n<p>Pour l&rsquo;Alg\u00e9rie, l&rsquo;objectif imm\u00e9diat sera de soigner sa pr\u00e9paration et d&rsquo;aborder cette comp\u00e9tition avec la m\u00eame d\u00e9termination qui avait fait merveille en 2021. Le groupe D, m\u00eame s&rsquo;il para\u00eet favorable sur le papier, n\u00e9cessitera le maximum de s\u00e9rieux et de professionnalisme. Aucun adversaire ne doit \u00eatre pris \u00e0 la l\u00e9g\u00e8re dans une comp\u00e9tition o\u00f9 les surprises sont toujours possibles.<\/p>\n\n\n\n<p>Les Fennecs A&rsquo; ont rendez-vous avec l&rsquo;histoire au Qatar. D\u00e9fendre victorieusement un titre continental repr\u00e9sente toujours un d\u00e9fi particulier, mais la configuration du tirage au sort leur offre une opportunit\u00e9 en or de franchir au minimum le cap des phases de groupes. \u00c0 eux maintenant de transformer l&rsquo;essai.<\/p>\n\n\n\n<p>Moncef Dahleb<\/p>\n","protected":false},"excerpt":{"rendered":"<p>Cette deuxi\u00e8me \u00e9dition de la Coupe arabe FIFA verra les Fennecs A&rsquo; tenter de conserver le troph\u00e9e qu&rsquo;ils ont brillamment<\/p>\n","protected":false},"author":6,"featured_media":67983,"comment_status":"open","ping_status":"closed","sticky":false,"template":"","format":"standard","meta":{"colormag_page_container_layout":"default_layout","colormag_page_sidebar_layout":"default_layout","om_disable_all_campaigns":false,"_monsterinsights_skip_tracking":false,"_monsterinsights_sitenote_active":false,"_monsterinsights_sitenote_note":"","_monsterinsights_sitenote_category":0,"footnotes":"","_wpscppro_dont_share_socialmedia":false,"_wpscppro_custom_social_share_image":0,"_facebook_share_type":"default","_twitter_share_type":"default","_linkedin_share_type":"default","_pinterest_share_type":"default","_linkedin_share_type_page":"","_instagram_share_type":"default","_medium_share_type":"default","_threads_share_type":"","_google_business_share_type":"","_selected_social_profile":[],"_wpsp_enable_custom_social_template":false,"_wpsp_social_scheduling":{"enabled":false,"datetime":null,"platforms":[],"status":"template_only","dateOption":"today","timeOption":"now","customDays":"","customHours":"","customDate":"","customTime":"","schedulingType":"absolute"},"_wpsp_active_default_template":true},"categories":[52,33],"tags":[],"class_list":["post-67982","post","type-post","status-publish","format-standard","has-post-thumbnail","hentry","category-a-la-une","category-sports"],"aioseo_notices":[],"yoast_head":"<!-- This site is optimized with the Yoast SEO plugin v27.4 - https:\/\/yoast.com\/product\/yoast-seo-wordpress\/ -->\n<title>Coupe arabe FIFA-2025: Les Verts h\u00e9ritent d&rsquo;un groupe D cl\u00e9ment - La Sentinelle<\/title>\n<meta name=\"robots\" content=\"index, follow, max-snippet:-1, max-image-preview:large, max-video-preview:-1\" \/>\n<link rel=\"canonical\" href=\"https:\/\/lasentinelle.dz\/index.php\/2025\/05\/27\/coupe-arabe-fifa-2025-les-verts-heritent-dun-groupe-d-clement\/\" \/>\n<meta property=\"og:locale\" content=\"fr_FR\" \/>\n<meta property=\"og:type\" content=\"article\" \/>\n<meta property=\"og:title\" content=\"Coupe arabe FIFA-2025: Les Verts h\u00e9ritent d&rsquo;un groupe D cl\u00e9ment - La Sentinelle\" \/>\n<meta property=\"og:description\" content=\"Cette deuxi\u00e8me \u00e9dition de la Coupe arabe FIFA verra les Fennecs A&rsquo; tenter de conserver le troph\u00e9e qu&rsquo;ils ont brillamment\" \/>\n<meta property=\"og:url\" content=\"https:\/\/lasentinelle.dz\/index.php\/2025\/05\/27\/coupe-arabe-fifa-2025-les-verts-heritent-dun-groupe-d-clement\/\" \/>\n<meta property=\"og:site_name\" content=\"La Sentinelle\" \/>\n<meta property=\"article:publisher\" content=\"https:\/\/www.facebook.com\/La-Sentinelle-104059864394773\" \/>\n<meta property=\"article:published_time\" content=\"2025-05-27T10:04:40+00:00\" \/>\n<meta property=\"og:image\" content=\"https:\/\/lasentinelle.dz\/wp-content\/uploads\/2025\/05\/FAF.png\" \/>\n\t<meta property=\"og:image:width\" content=\"1068\" \/>\n\t<meta property=\"og:image:height\" content=\"800\" \/>\n\t<meta property=\"og:image:type\" content=\"image\/png\" \/>\n<meta name=\"author\" content=\"admin\" \/>\n<meta name=\"twitter:card\" content=\"summary_large_image\" \/>\n<meta name=\"twitter:label1\" content=\"\u00c9crit par\" \/>\n\t<meta name=\"twitter:data1\" content=\"admin\" \/>\n\t<meta name=\"twitter:label2\" content=\"Dur\u00e9e de lecture estim\u00e9e\" \/>\n\t<meta name=\"twitter:data2\" content=\"4 minutes\" \/>\n<script type=\"application\/ld+json\" class=\"yoast-schema-graph\">{\"@context\":\"https:\\\/\\\/schema.org\",\"@graph\":[{\"@type\":\"Article\",\"@id\":\"https:\\\/\\\/lasentinelle.dz\\\/index.php\\\/2025\\\/05\\\/27\\\/coupe-arabe-fifa-2025-les-verts-heritent-dun-groupe-d-clement\\\/#article\",\"isPartOf\":{\"@id\":\"https:\\\/\\\/lasentinelle.dz\\\/index.php\\\/2025\\\/05\\\/27\\\/coupe-arabe-fifa-2025-les-verts-heritent-dun-groupe-d-clement\\\/\"},\"author\":{\"name\":\"admin\",\"@id\":\"https:\\\/\\\/lasentinelle.dz\\\/#\\\/schema\\\/person\\\/729ee0024f24e0b8c5ec17232f8e8b41\"},\"headline\":\"Coupe arabe FIFA-2025: Les Verts h\u00e9ritent d&rsquo;un groupe D cl\u00e9ment\",\"datePublished\":\"2025-05-27T10:04:40+00:00\",\"mainEntityOfPage\":{\"@id\":\"https:\\\/\\\/lasentinelle.dz\\\/index.php\\\/2025\\\/05\\\/27\\\/coupe-arabe-fifa-2025-les-verts-heritent-dun-groupe-d-clement\\\/\"},\"wordCount\":768,\"commentCount\":0,\"publisher\":{\"@id\":\"https:\\\/\\\/lasentinelle.dz\\\/#organization\"},\"image\":{\"@id\":\"https:\\\/\\\/lasentinelle.dz\\\/index.php\\\/2025\\\/05\\\/27\\\/coupe-arabe-fifa-2025-les-verts-heritent-dun-groupe-d-clement\\\/#primaryimage\"},\"thumbnailUrl\":\"https:\\\/\\\/lasentinelle.dz\\\/wp-content\\\/uploads\\\/2025\\\/05\\\/FAF.png\",\"articleSection\":[\"\u00c0 la Une\",\"Sports\"],\"inLanguage\":\"fr-FR\",\"potentialAction\":[{\"@type\":\"CommentAction\",\"name\":\"Comment\",\"target\":[\"https:\\\/\\\/lasentinelle.dz\\\/index.php\\\/2025\\\/05\\\/27\\\/coupe-arabe-fifa-2025-les-verts-heritent-dun-groupe-d-clement\\\/#respond\"]}]},{\"@type\":\"WebPage\",\"@id\":\"https:\\\/\\\/lasentinelle.dz\\\/index.php\\\/2025\\\/05\\\/27\\\/coupe-arabe-fifa-2025-les-verts-heritent-dun-groupe-d-clement\\\/\",\"url\":\"https:\\\/\\\/lasentinelle.dz\\\/index.php\\\/2025\\\/05\\\/27\\\/coupe-arabe-fifa-2025-les-verts-heritent-dun-groupe-d-clement\\\/\",\"name\":\"Coupe arabe FIFA-2025: Les Verts h\u00e9ritent d&rsquo;un groupe D cl\u00e9ment - La Sentinelle\",\"isPartOf\":{\"@id\":\"https:\\\/\\\/lasentinelle.dz\\\/#website\"},\"primaryImageOfPage\":{\"@id\":\"https:\\\/\\\/lasentinelle.dz\\\/index.php\\\/2025\\\/05\\\/27\\\/coupe-arabe-fifa-2025-les-verts-heritent-dun-groupe-d-clement\\\/#primaryimage\"},\"image\":{\"@id\":\"https:\\\/\\\/lasentinelle.dz\\\/index.php\\\/2025\\\/05\\\/27\\\/coupe-arabe-fifa-2025-les-verts-heritent-dun-groupe-d-clement\\\/#primaryimage\"},\"thumbnailUrl\":\"https:\\\/\\\/lasentinelle.dz\\\/wp-content\\\/uploads\\\/2025\\\/05\\\/FAF.png\",\"datePublished\":\"2025-05-27T10:04:40+00:00\",\"breadcrumb\":{\"@id\":\"https:\\\/\\\/lasentinelle.dz\\\/index.php\\\/2025\\\/05\\\/27\\\/coupe-arabe-fifa-2025-les-verts-heritent-dun-groupe-d-clement\\\/#breadcrumb\"},\"inLanguage\":\"fr-FR\",\"potentialAction\":[{\"@type\":\"ReadAction\",\"target\":[\"https:\\\/\\\/lasentinelle.dz\\\/index.php\\\/2025\\\/05\\\/27\\\/coupe-arabe-fifa-2025-les-verts-heritent-dun-groupe-d-clement\\\/\"]}]},{\"@type\":\"ImageObject\",\"inLanguage\":\"fr-FR\",\"@id\":\"https:\\\/\\\/lasentinelle.dz\\\/index.php\\\/2025\\\/05\\\/27\\\/coupe-arabe-fifa-2025-les-verts-heritent-dun-groupe-d-clement\\\/#primaryimage\",\"url\":\"https:\\\/\\\/lasentinelle.dz\\\/wp-content\\\/uploads\\\/2025\\\/05\\\/FAF.png\",\"contentUrl\":\"https:\\\/\\\/lasentinelle.dz\\\/wp-content\\\/uploads\\\/2025\\\/05\\\/FAF.png\",\"width\":1068,\"height\":800},{\"@type\":\"BreadcrumbList\",\"@id\":\"https:\\\/\\\/lasentinelle.dz\\\/index.php\\\/2025\\\/05\\\/27\\\/coupe-arabe-fifa-2025-les-verts-heritent-dun-groupe-d-clement\\\/#breadcrumb\",\"itemListElement\":[{\"@type\":\"ListItem\",\"position\":1,\"name\":\"Accueil\",\"item\":\"https:\\\/\\\/lasentinelle.dz\\\/\"},{\"@type\":\"ListItem\",\"position\":2,\"name\":\"Coupe arabe FIFA-2025: Les Verts h\u00e9ritent d&rsquo;un groupe D cl\u00e9ment\"}]},{\"@type\":\"WebSite\",\"@id\":\"https:\\\/\\\/lasentinelle.dz\\\/#website\",\"url\":\"https:\\\/\\\/lasentinelle.dz\\\/\",\"name\":\"La Sentinelle\",\"description\":\"Quotidien national d&#039;information\",\"publisher\":{\"@id\":\"https:\\\/\\\/lasentinelle.dz\\\/#organization\"},\"potentialAction\":[{\"@type\":\"SearchAction\",\"target\":{\"@type\":\"EntryPoint\",\"urlTemplate\":\"https:\\\/\\\/lasentinelle.dz\\\/?s={search_term_string}\"},\"query-input\":{\"@type\":\"PropertyValueSpecification\",\"valueRequired\":true,\"valueName\":\"search_term_string\"}}],\"inLanguage\":\"fr-FR\"},{\"@type\":\"Organization\",\"@id\":\"https:\\\/\\\/lasentinelle.dz\\\/#organization\",\"name\":\"Quotidien La Sentinelle\",\"url\":\"https:\\\/\\\/lasentinelle.dz\\\/\",\"logo\":{\"@type\":\"ImageObject\",\"inLanguage\":\"fr-FR\",\"@id\":\"https:\\\/\\\/lasentinelle.dz\\\/#\\\/schema\\\/logo\\\/image\\\/\",\"url\":\"https:\\\/\\\/lasentinelle.dz\\\/wp-content\\\/uploads\\\/2021\\\/09\\\/logo-sentinelleSLOGAN-1.png\",\"contentUrl\":\"https:\\\/\\\/lasentinelle.dz\\\/wp-content\\\/uploads\\\/2021\\\/09\\\/logo-sentinelleSLOGAN-1.png\",\"width\":615,\"height\":142,\"caption\":\"Quotidien La Sentinelle\"},\"image\":{\"@id\":\"https:\\\/\\\/lasentinelle.dz\\\/#\\\/schema\\\/logo\\\/image\\\/\"},\"sameAs\":[\"https:\\\/\\\/www.facebook.com\\\/La-Sentinelle-104059864394773\"]},{\"@type\":\"Person\",\"@id\":\"https:\\\/\\\/lasentinelle.dz\\\/#\\\/schema\\\/person\\\/729ee0024f24e0b8c5ec17232f8e8b41\",\"name\":\"admin\",\"image\":{\"@type\":\"ImageObject\",\"inLanguage\":\"fr-FR\",\"@id\":\"https:\\\/\\\/secure.gravatar.com\\\/avatar\\\/4c81fed838786e9b53f540bf46533e750f5d292099ae3b66cfc6fb1982e29df7?s=96&d=mm&r=g\",\"url\":\"https:\\\/\\\/secure.gravatar.com\\\/avatar\\\/4c81fed838786e9b53f540bf46533e750f5d292099ae3b66cfc6fb1982e29df7?s=96&d=mm&r=g\",\"contentUrl\":\"https:\\\/\\\/secure.gravatar.com\\\/avatar\\\/4c81fed838786e9b53f540bf46533e750f5d292099ae3b66cfc6fb1982e29df7?s=96&d=mm&r=g\",\"caption\":\"admin\"},\"description\":\"admin\",\"url\":\"https:\\\/\\\/lasentinelle.dz\\\/author\\\/admin\\\/\"}]}<\/script>\n<!-- \/ Yoast SEO plugin. -->","yoast_head_json":{"title":"Coupe arabe FIFA-2025: Les Verts h\u00e9ritent d&rsquo;un groupe D cl\u00e9ment - La Sentinelle","robots":{"index":"index","follow":"follow","max-snippet":"max-snippet:-1","max-image-preview":"max-image-preview:large","max-video-preview":"max-video-preview:-1"},"canonical":"https:\/\/lasentinelle.dz\/index.php\/2025\/05\/27\/coupe-arabe-fifa-2025-les-verts-heritent-dun-groupe-d-clement\/","og_locale":"fr_FR","og_type":"article","og_title":"Coupe arabe FIFA-2025: Les Verts h\u00e9ritent d&rsquo;un groupe D cl\u00e9ment - La Sentinelle","og_description":"Cette deuxi\u00e8me \u00e9dition de la Coupe arabe FIFA verra les Fennecs A&rsquo; tenter de conserver le troph\u00e9e qu&rsquo;ils ont brillamment","og_url":"https:\/\/lasentinelle.dz\/index.php\/2025\/05\/27\/coupe-arabe-fifa-2025-les-verts-heritent-dun-groupe-d-clement\/","og_site_name":"La Sentinelle","article_publisher":"https:\/\/www.facebook.com\/La-Sentinelle-104059864394773","article_published_time":"2025-05-27T10:04:40+00:00","og_image":[{"width":1068,"height":800,"url":"https:\/\/lasentinelle.dz\/wp-content\/uploads\/2025\/05\/FAF.png","type":"image\/png"}],"author":"admin","twitter_card":"summary_large_image","twitter_misc":{"\u00c9crit par":"admin","Dur\u00e9e de lecture estim\u00e9e":"4 minutes"},"schema":{"@context":"https:\/\/schema.org","@graph":[{"@type":"Article","@id":"https:\/\/lasentinelle.dz\/index.php\/2025\/05\/27\/coupe-arabe-fifa-2025-les-verts-heritent-dun-groupe-d-clement\/#article","isPartOf":{"@id":"https:\/\/lasentinelle.dz\/index.php\/2025\/05\/27\/coupe-arabe-fifa-2025-les-verts-heritent-dun-groupe-d-clement\/"},"author":{"name":"admin","@id":"https:\/\/lasentinelle.dz\/#\/schema\/person\/729ee0024f24e0b8c5ec17232f8e8b41"},"headline":"Coupe arabe FIFA-2025: Les Verts h\u00e9ritent d&rsquo;un groupe D cl\u00e9ment","datePublished":"2025-05-27T10:04:40+00:00","mainEntityOfPage":{"@id":"https:\/\/lasentinelle.dz\/index.php\/2025\/05\/27\/coupe-arabe-fifa-2025-les-verts-heritent-dun-groupe-d-clement\/"},"wordCount":768,"commentCount":0,"publisher":{"@id":"https:\/\/lasentinelle.dz\/#organization"},"image":{"@id":"https:\/\/lasentinelle.dz\/index.php\/2025\/05\/27\/coupe-arabe-fifa-2025-les-verts-heritent-dun-groupe-d-clement\/#primaryimage"},"thumbnailUrl":"https:\/\/lasentinelle.dz\/wp-content\/uploads\/2025\/05\/FAF.png","articleSection":["\u00c0 la Une","Sports"],"inLanguage":"fr-FR","potentialAction":[{"@type":"CommentAction","name":"Comment","target":["https:\/\/lasentinelle.dz\/index.php\/2025\/05\/27\/coupe-arabe-fifa-2025-les-verts-heritent-dun-groupe-d-clement\/#respond"]}]},{"@type":"WebPage","@id":"https:\/\/lasentinelle.dz\/index.php\/2025\/05\/27\/coupe-arabe-fifa-2025-les-verts-heritent-dun-groupe-d-clement\/","url":"https:\/\/lasentinelle.dz\/index.php\/2025\/05\/27\/coupe-arabe-fifa-2025-les-verts-heritent-dun-groupe-d-clement\/","name":"Coupe arabe FIFA-2025: Les Verts h\u00e9ritent d&rsquo;un groupe D cl\u00e9ment - La Sentinelle","isPartOf":{"@id":"https:\/\/lasentinelle.dz\/#website"},"primaryImageOfPage":{"@id":"https:\/\/lasentinelle.dz\/index.php\/2025\/05\/27\/coupe-arabe-fifa-2025-les-verts-heritent-dun-groupe-d-clement\/#primaryimage"},"image":{"@id":"https:\/\/lasentinelle.dz\/index.php\/2025\/05\/27\/coupe-arabe-fifa-2025-les-verts-heritent-dun-groupe-d-clement\/#primaryimage"},"thumbnailUrl":"https:\/\/lasentinelle.dz\/wp-content\/uploads\/2025\/05\/FAF.png","datePublished":"2025-05-27T10:04:40+00:00","breadcrumb":{"@id":"https:\/\/lasentinelle.dz\/index.php\/2025\/05\/27\/coupe-arabe-fifa-2025-les-verts-heritent-dun-groupe-d-clement\/#breadcrumb"},"inLanguage":"fr-FR","potentialAction":[{"@type":"ReadAction","target":["https:\/\/lasentinelle.dz\/index.php\/2025\/05\/27\/coupe-arabe-fifa-2025-les-verts-heritent-dun-groupe-d-clement\/"]}]},{"@type":"ImageObject","inLanguage":"fr-FR","@id":"https:\/\/lasentinelle.dz\/index.php\/2025\/05\/27\/coupe-arabe-fifa-2025-les-verts-heritent-dun-groupe-d-clement\/#primaryimage","url":"https:\/\/lasentinelle.dz\/wp-content\/uploads\/2025\/05\/FAF.png","contentUrl":"https:\/\/lasentinelle.dz\/wp-content\/uploads\/2025\/05\/FAF.png","width":1068,"height":800},{"@type":"BreadcrumbList","@id":"https:\/\/lasentinelle.dz\/index.php\/2025\/05\/27\/coupe-arabe-fifa-2025-les-verts-heritent-dun-groupe-d-clement\/#breadcrumb","itemListElement":[{"@type":"ListItem","position":1,"name":"Accueil","item":"https:\/\/lasentinelle.dz\/"},{"@type":"ListItem","position":2,"name":"Coupe arabe FIFA-2025: Les Verts h\u00e9ritent d&rsquo;un groupe D cl\u00e9ment"}]},{"@type":"WebSite","@id":"https:\/\/lasentinelle.dz\/#website","url":"https:\/\/lasentinelle.dz\/","name":"La Sentinelle","description":"Quotidien national d&#039;information","publisher":{"@id":"https:\/\/lasentinelle.dz\/#organization"},"potentialAction":[{"@type":"SearchAction","target":{"@type":"EntryPoint","urlTemplate":"https:\/\/lasentinelle.dz\/?s={search_term_string}"},"query-input":{"@type":"PropertyValueSpecification","valueRequired":true,"valueName":"search_term_string"}}],"inLanguage":"fr-FR"},{"@type":"Organization","@id":"https:\/\/lasentinelle.dz\/#organization","name":"Quotidien La Sentinelle","url":"https:\/\/lasentinelle.dz\/","logo":{"@type":"ImageObject","inLanguage":"fr-FR","@id":"https:\/\/lasentinelle.dz\/#\/schema\/logo\/image\/","url":"https:\/\/lasentinelle.dz\/wp-content\/uploads\/2021\/09\/logo-sentinelleSLOGAN-1.png","contentUrl":"https:\/\/lasentinelle.dz\/wp-content\/uploads\/2021\/09\/logo-sentinelleSLOGAN-1.png","width":615,"height":142,"caption":"Quotidien La Sentinelle"},"image":{"@id":"https:\/\/lasentinelle.dz\/#\/schema\/logo\/image\/"},"sameAs":["https:\/\/www.facebook.com\/La-Sentinelle-104059864394773"]},{"@type":"Person","@id":"https:\/\/lasentinelle.dz\/#\/schema\/person\/729ee0024f24e0b8c5ec17232f8e8b41","name":"admin","image":{"@type":"ImageObject","inLanguage":"fr-FR","@id":"https:\/\/secure.gravatar.com\/avatar\/4c81fed838786e9b53f540bf46533e750f5d292099ae3b66cfc6fb1982e29df7?s=96&d=mm&r=g","url":"https:\/\/secure.gravatar.com\/avatar\/4c81fed838786e9b53f540bf46533e750f5d292099ae3b66cfc6fb1982e29df7?s=96&d=mm&r=g","contentUrl":"https:\/\/secure.gravatar.com\/avatar\/4c81fed838786e9b53f540bf46533e750f5d292099ae3b66cfc6fb1982e29df7?s=96&d=mm&r=g","caption":"admin"},"description":"admin","url":"https:\/\/lasentinelle.dz\/author\/admin\/"}]}},"_links":{"self":[{"href":"https:\/\/lasentinelle.dz\/index.php\/wp-json\/wp\/v2\/posts\/67982","targetHints":{"allow":["GET"]}}],"collection":[{"href":"https:\/\/lasentinelle.dz\/index.php\/wp-json\/wp\/v2\/posts"}],"about":[{"href":"https:\/\/lasentinelle.dz\/index.php\/wp-json\/wp\/v2\/types\/post"}],"author":[{"embeddable":true,"href":"https:\/\/lasentinelle.dz\/index.php\/wp-json\/wp\/v2\/users\/6"}],"replies":[{"embeddable":true,"href":"https:\/\/lasentinelle.dz\/index.php\/wp-json\/wp\/v2\/comments?post=67982"}],"version-history":[{"count":2,"href":"https:\/\/lasentinelle.dz\/index.php\/wp-json\/wp\/v2\/posts\/67982\/revisions"}],"predecessor-version":[{"id":67985,"href":"https:\/\/lasentinelle.dz\/index.php\/wp-json\/wp\/v2\/posts\/67982\/revisions\/67985"}],"wp:featuredmedia":[{"embeddable":true,"href":"https:\/\/lasentinelle.dz\/index.php\/wp-json\/wp\/v2\/media\/67983"}],"wp:attachment":[{"href":"https:\/\/lasentinelle.dz\/index.php\/wp-json\/wp\/v2\/media?parent=67982"}],"wp:term":[{"taxonomy":"category","embeddable":true,"href":"https:\/\/lasentinelle.dz\/index.php\/wp-json\/wp\/v2\/categories?post=67982"},{"taxonomy":"post_tag","embeddable":true,"href":"https:\/\/lasentinelle.dz\/index.php\/wp-json\/wp\/v2\/tags?post=67982"}],"curies":[{"name":"wp","href":"https:\/\/api.w.org\/{rel}","templated":true}]}}