{"id":67986,"date":"2025-05-27T11:05:46","date_gmt":"2025-05-27T10:05:46","guid":{"rendered":"https:\/\/lasentinelle.dz\/?p=67986"},"modified":"2025-05-27T11:05:47","modified_gmt":"2025-05-27T10:05:47","slug":"constantine-dix-projets-de-raccordement-des-zones-rurales-au-reseau-de-gaz","status":"publish","type":"post","link":"https:\/\/lasentinelle.dz\/index.php\/2025\/05\/27\/constantine-dix-projets-de-raccordement-des-zones-rurales-au-reseau-de-gaz\/","title":{"rendered":"Constantine \u00a0: Dix projets de raccordement des zones rurales au r\u00e9seau de gaz"},"content":{"rendered":"\n<p>La wilaya de Constantine \u00e0 acc\u00e9l\u00e9rer la mise en \u0153uvre de son programme d&rsquo;extension du r\u00e9seau de gaz naturel avec l&rsquo;imminente mise en service de dix projets de raccordement qui permettront \u00e0 246 foyers ruraux d&rsquo;acc\u00e9der enfin \u00e0 cette \u00e9nergie moderne. Cette annonce, faite dimanche par Larbi Boukhatem, directeur de la soci\u00e9t\u00e9 de distribution d&rsquo;\u00e9lectricit\u00e9 et de gaz de Constantine, marque l&rsquo;aboutissement d&rsquo;un chantier d&rsquo;envergure qui illustre parfaitement la politique volontariste des pouvoirs publics en mati\u00e8re de d\u00e9senclavement \u00e9nerg\u00e9tique des zones recul\u00e9es. \u00ab\u00a0La mise en service de projets de raccordement de 246 habitations au r\u00e9seau de gaz naturel, r\u00e9parties sur dix zones rurales relevant de six communes de la wilaya de Constantine, est pr\u00e9vue dans les tous prochains jours\u00a0\u00bb, a d\u00e9clar\u00e9 M. Boukhatem dans une d\u00e9claration accord\u00e9e \u00e0 l&rsquo;APS. Cette \u00e9ch\u00e9ance rapproch\u00e9e s&rsquo;explique par l&rsquo;\u00e9tat d&rsquo;avancement remarquable des travaux, puisque selon le responsable, \u00ab\u00a0sept de ces projets ont d&rsquo;ores et d\u00e9j\u00e0 \u00e9t\u00e9 achev\u00e9s, et seules quelques retouches finales restent \u00e0 apporter sur les trois autres op\u00e9rations restantes\u00a0\u00bb. &nbsp;L&rsquo;ampleur g\u00e9ographique de cette op\u00e9ration refl\u00e8te la volont\u00e9 d&rsquo;irrigation \u00e9nerg\u00e9tique du territoire constantinois dans sa diversit\u00e9 rurale. Les b\u00e9n\u00e9ficiaires de ces raccordements se r\u00e9partissent sur six communes strat\u00e9giques de la wilaya, touchant des localit\u00e9s jusqu&rsquo;alors exclues du r\u00e9seau gazier. Dans la commune de Hamma Bouziane, quatre agglom\u00e9rations vont ainsi basculer dans la modernit\u00e9 \u00e9nerg\u00e9tique avec les villages de Zegrour Larbi, Ben Tazir, A\u00efn Sekhouna et le regroupement rural d&rsquo;A\u00efn Benseb\u00e2a. La commune de Zighoud Youcef verra le village Ben Djeddou int\u00e9grer le r\u00e9seau, tandis que Didouche Mourad b\u00e9n\u00e9ficiera du raccordement des mechtas de Rebta et A\u00efoun Essaad ainsi que des quartiers El-Salam et Tarik El Mahdjara. Les communes de Constantine et Beni Hamid\u00e8ne ne sont pas en reste avec respectivement la localit\u00e9 de Bordj Essamar et A\u00efn El-Hamra au Douar Madi qui rejoindront prochainement le cercle des zones desservies.&nbsp; \u00ab\u00a0Ces projets ont n\u00e9cessit\u00e9 la r\u00e9alisation d&rsquo;un r\u00e9seau de distribution de gaz d&rsquo;une longueur totale de 13,04 kilom\u00e8tres, pour un co\u00fbt global d\u00e9passant les 27 millions de dinars\u00a0\u00bb, a pr\u00e9cis\u00e9 M. Boukhatem. Cette enveloppe budg\u00e9taire est financ\u00e9e conjointement par le budget de la wilaya et le Fonds de solidarit\u00e9 et de garantie des collectivit\u00e9s locales. Le kilom\u00e9trage lin\u00e9aire du r\u00e9seau nouvellement cr\u00e9\u00e9 repr\u00e9sente un investissement strat\u00e9gique dont les retomb\u00e9es d\u00e9passent largement le simple aspect \u00e9nerg\u00e9tique pour toucher aux questions d&rsquo;attractivit\u00e9 territoriale et de fixation des populations rurales. Cette r\u00e9alisation s&rsquo;inscrit dans une d\u00e9marche plus large de modernisation \u00e9nerg\u00e9tique qui place Constantine parmi les wilayas les plus performantes du pays en mati\u00e8re de couverture gazi\u00e8re. \u00ab\u00a0La r\u00e9ception de ces projets permettra de hisser le taux de couverture en gaz naturel \u00e0 des niveaux encore plus \u00e9lev\u00e9s\u00a0\u00bb, s&rsquo;est r\u00e9joui le directeur de la soci\u00e9t\u00e9 de distribution, rappelant que \u00ab\u00a0la wilaya de Constantine affiche d&rsquo;ores et d\u00e9j\u00e0 un taux de couverture du r\u00e9seau de gaz de plus de 95 %, la pla\u00e7ant ainsi parmi les wilayas les plus avanc\u00e9es du pays en mati\u00e8re de g\u00e9n\u00e9ralisation de l&rsquo;acc\u00e8s \u00e0 cette \u00e9nergie\u00a0\u00bb.<\/p>\n\n\n\n<p>Au-del\u00e0 des chiffres, cette extension du r\u00e9seau gazier rev\u00eat une dimension sociale et environnementale consid\u00e9rable pour les populations b\u00e9n\u00e9ficiaires. \u00ab\u00a0Ces r\u00e9alisations s&rsquo;inscrivent dans la droite ligne de l&rsquo;engagement de l&rsquo;\u00c9tat en faveur des habitants des zones rurales et de la promotion du d\u00e9veloppement durable \u00e0 travers l&rsquo;ensemble du territoire de la wilaya\u00a0\u00bb, a conclu M. Boukhatem, soulignant ainsi la coh\u00e9rence de cette politique avec les orientations nationales de d\u00e9veloppement territorial \u00e9quilibr\u00e9 et durable.<\/p>\n\n\n\n<p>R.R.<\/p>\n","protected":false},"excerpt":{"rendered":"<p>La wilaya de Constantine \u00e0 acc\u00e9l\u00e9rer la mise en \u0153uvre de son programme d&rsquo;extension du r\u00e9seau de gaz naturel avec<\/p>\n","protected":false},"author":6,"featured_media":38441,"comment_status":"open","ping_status":"closed","sticky":false,"template":"","format":"standard","meta":{"colormag_page_container_layout":"default_layout","colormag_page_sidebar_layout":"default_layout","om_disable_all_campaigns":false,"_monsterinsights_skip_tracking":false,"_monsterinsights_sitenote_active":false,"_monsterinsights_sitenote_note":"","_monsterinsights_sitenote_category":0,"footnotes":"","_wpscppro_dont_share_socialmedia":false,"_wpscppro_custom_social_share_image":0,"_facebook_share_type":"default","_twitter_share_type":"default","_linkedin_share_type":"default","_pinterest_share_type":"default","_linkedin_share_type_page":"","_instagram_share_type":"default","_medium_share_type":"default","_threads_share_type":"","_google_business_share_type":"","_selected_social_profile":[],"_wpsp_enable_custom_social_template":false,"_wpsp_social_scheduling":{"enabled":false,"datetime":null,"platforms":[],"status":"template_only","dateOption":"today","timeOption":"now","customDays":"","customHours":"","customDate":"","customTime":"","schedulingType":"absolute"},"_wpsp_active_default_template":true},"categories":[31],"tags":[],"class_list":["post-67986","post","type-post","status-publish","format-standard","has-post-thumbnail","hentry","category-regions"],"aioseo_notices":[],"yoast_head":"<!-- This site is optimized with the Yoast SEO plugin v27.4 - https:\/\/yoast.com\/product\/yoast-seo-wordpress\/ -->\n<title>Constantine \u00a0: Dix projets de raccordement des zones rurales au r\u00e9seau de gaz - La Sentinelle<\/title>\n<meta name=\"robots\" content=\"index, follow, max-snippet:-1, max-image-preview:large, max-video-preview:-1\" \/>\n<link rel=\"canonical\" href=\"https:\/\/lasentinelle.dz\/index.php\/2025\/05\/27\/constantine-dix-projets-de-raccordement-des-zones-rurales-au-reseau-de-gaz\/\" \/>\n<meta property=\"og:locale\" content=\"fr_FR\" \/>\n<meta property=\"og:type\" content=\"article\" \/>\n<meta property=\"og:title\" content=\"Constantine \u00a0: Dix projets de raccordement des zones rurales au r\u00e9seau de gaz - La Sentinelle\" \/>\n<meta property=\"og:description\" content=\"La wilaya de Constantine \u00e0 acc\u00e9l\u00e9rer la mise en \u0153uvre de son programme d&rsquo;extension du r\u00e9seau de gaz naturel avec\" \/>\n<meta property=\"og:url\" content=\"https:\/\/lasentinelle.dz\/index.php\/2025\/05\/27\/constantine-dix-projets-de-raccordement-des-zones-rurales-au-reseau-de-gaz\/\" \/>\n<meta property=\"og:site_name\" content=\"La Sentinelle\" \/>\n<meta property=\"article:publisher\" content=\"https:\/\/www.facebook.com\/La-Sentinelle-104059864394773\" \/>\n<meta property=\"article:published_time\" content=\"2025-05-27T10:05:46+00:00\" \/>\n<meta property=\"article:modified_time\" content=\"2025-05-27T10:05:47+00:00\" \/>\n<meta property=\"og:image\" content=\"https:\/\/lasentinelle.dz\/wp-content\/uploads\/2023\/03\/constantine-1024x576.png\" \/>\n\t<meta property=\"og:image:width\" content=\"1024\" \/>\n\t<meta property=\"og:image:height\" content=\"576\" \/>\n\t<meta property=\"og:image:type\" content=\"image\/png\" \/>\n<meta name=\"author\" content=\"admin\" \/>\n<meta name=\"twitter:card\" content=\"summary_large_image\" \/>\n<meta name=\"twitter:label1\" content=\"\u00c9crit par\" \/>\n\t<meta name=\"twitter:data1\" content=\"admin\" \/>\n\t<meta name=\"twitter:label2\" content=\"Dur\u00e9e de lecture estim\u00e9e\" \/>\n\t<meta name=\"twitter:data2\" content=\"4 minutes\" \/>\n<script type=\"application\/ld+json\" class=\"yoast-schema-graph\">{\"@context\":\"https:\\\/\\\/schema.org\",\"@graph\":[{\"@type\":\"Article\",\"@id\":\"https:\\\/\\\/lasentinelle.dz\\\/index.php\\\/2025\\\/05\\\/27\\\/constantine-dix-projets-de-raccordement-des-zones-rurales-au-reseau-de-gaz\\\/#article\",\"isPartOf\":{\"@id\":\"https:\\\/\\\/lasentinelle.dz\\\/index.php\\\/2025\\\/05\\\/27\\\/constantine-dix-projets-de-raccordement-des-zones-rurales-au-reseau-de-gaz\\\/\"},\"author\":{\"name\":\"admin\",\"@id\":\"https:\\\/\\\/lasentinelle.dz\\\/#\\\/schema\\\/person\\\/729ee0024f24e0b8c5ec17232f8e8b41\"},\"headline\":\"Constantine \u00a0: Dix projets de raccordement des zones rurales au r\u00e9seau de gaz\",\"datePublished\":\"2025-05-27T10:05:46+00:00\",\"dateModified\":\"2025-05-27T10:05:47+00:00\",\"mainEntityOfPage\":{\"@id\":\"https:\\\/\\\/lasentinelle.dz\\\/index.php\\\/2025\\\/05\\\/27\\\/constantine-dix-projets-de-raccordement-des-zones-rurales-au-reseau-de-gaz\\\/\"},\"wordCount\":682,\"commentCount\":0,\"publisher\":{\"@id\":\"https:\\\/\\\/lasentinelle.dz\\\/#organization\"},\"image\":{\"@id\":\"https:\\\/\\\/lasentinelle.dz\\\/index.php\\\/2025\\\/05\\\/27\\\/constantine-dix-projets-de-raccordement-des-zones-rurales-au-reseau-de-gaz\\\/#primaryimage\"},\"thumbnailUrl\":\"https:\\\/\\\/lasentinelle.dz\\\/wp-content\\\/uploads\\\/2023\\\/03\\\/constantine.png\",\"articleSection\":[\"R\u00e9gions\"],\"inLanguage\":\"fr-FR\",\"potentialAction\":[{\"@type\":\"CommentAction\",\"name\":\"Comment\",\"target\":[\"https:\\\/\\\/lasentinelle.dz\\\/index.php\\\/2025\\\/05\\\/27\\\/constantine-dix-projets-de-raccordement-des-zones-rurales-au-reseau-de-gaz\\\/#respond\"]}]},{\"@type\":\"WebPage\",\"@id\":\"https:\\\/\\\/lasentinelle.dz\\\/index.php\\\/2025\\\/05\\\/27\\\/constantine-dix-projets-de-raccordement-des-zones-rurales-au-reseau-de-gaz\\\/\",\"url\":\"https:\\\/\\\/lasentinelle.dz\\\/index.php\\\/2025\\\/05\\\/27\\\/constantine-dix-projets-de-raccordement-des-zones-rurales-au-reseau-de-gaz\\\/\",\"name\":\"Constantine \u00a0: Dix projets de raccordement des zones rurales au r\u00e9seau de gaz - La Sentinelle\",\"isPartOf\":{\"@id\":\"https:\\\/\\\/lasentinelle.dz\\\/#website\"},\"primaryImageOfPage\":{\"@id\":\"https:\\\/\\\/lasentinelle.dz\\\/index.php\\\/2025\\\/05\\\/27\\\/constantine-dix-projets-de-raccordement-des-zones-rurales-au-reseau-de-gaz\\\/#primaryimage\"},\"image\":{\"@id\":\"https:\\\/\\\/lasentinelle.dz\\\/index.php\\\/2025\\\/05\\\/27\\\/constantine-dix-projets-de-raccordement-des-zones-rurales-au-reseau-de-gaz\\\/#primaryimage\"},\"thumbnailUrl\":\"https:\\\/\\\/lasentinelle.dz\\\/wp-content\\\/uploads\\\/2023\\\/03\\\/constantine.png\",\"datePublished\":\"2025-05-27T10:05:46+00:00\",\"dateModified\":\"2025-05-27T10:05:47+00:00\",\"breadcrumb\":{\"@id\":\"https:\\\/\\\/lasentinelle.dz\\\/index.php\\\/2025\\\/05\\\/27\\\/constantine-dix-projets-de-raccordement-des-zones-rurales-au-reseau-de-gaz\\\/#breadcrumb\"},\"inLanguage\":\"fr-FR\",\"potentialAction\":[{\"@type\":\"ReadAction\",\"target\":[\"https:\\\/\\\/lasentinelle.dz\\\/index.php\\\/2025\\\/05\\\/27\\\/constantine-dix-projets-de-raccordement-des-zones-rurales-au-reseau-de-gaz\\\/\"]}]},{\"@type\":\"ImageObject\",\"inLanguage\":\"fr-FR\",\"@id\":\"https:\\\/\\\/lasentinelle.dz\\\/index.php\\\/2025\\\/05\\\/27\\\/constantine-dix-projets-de-raccordement-des-zones-rurales-au-reseau-de-gaz\\\/#primaryimage\",\"url\":\"https:\\\/\\\/lasentinelle.dz\\\/wp-content\\\/uploads\\\/2023\\\/03\\\/constantine.png\",\"contentUrl\":\"https:\\\/\\\/lasentinelle.dz\\\/wp-content\\\/uploads\\\/2023\\\/03\\\/constantine.png\",\"width\":1601,\"height\":900},{\"@type\":\"BreadcrumbList\",\"@id\":\"https:\\\/\\\/lasentinelle.dz\\\/index.php\\\/2025\\\/05\\\/27\\\/constantine-dix-projets-de-raccordement-des-zones-rurales-au-reseau-de-gaz\\\/#breadcrumb\",\"itemListElement\":[{\"@type\":\"ListItem\",\"position\":1,\"name\":\"Accueil\",\"item\":\"https:\\\/\\\/lasentinelle.dz\\\/\"},{\"@type\":\"ListItem\",\"position\":2,\"name\":\"Constantine \u00a0: Dix projets de raccordement des zones rurales au r\u00e9seau de gaz\"}]},{\"@type\":\"WebSite\",\"@id\":\"https:\\\/\\\/lasentinelle.dz\\\/#website\",\"url\":\"https:\\\/\\\/lasentinelle.dz\\\/\",\"name\":\"La Sentinelle\",\"description\":\"Quotidien national d&#039;information\",\"publisher\":{\"@id\":\"https:\\\/\\\/lasentinelle.dz\\\/#organization\"},\"potentialAction\":[{\"@type\":\"SearchAction\",\"target\":{\"@type\":\"EntryPoint\",\"urlTemplate\":\"https:\\\/\\\/lasentinelle.dz\\\/?s={search_term_string}\"},\"query-input\":{\"@type\":\"PropertyValueSpecification\",\"valueRequired\":true,\"valueName\":\"search_term_string\"}}],\"inLanguage\":\"fr-FR\"},{\"@type\":\"Organization\",\"@id\":\"https:\\\/\\\/lasentinelle.dz\\\/#organization\",\"name\":\"Quotidien La Sentinelle\",\"url\":\"https:\\\/\\\/lasentinelle.dz\\\/\",\"logo\":{\"@type\":\"ImageObject\",\"inLanguage\":\"fr-FR\",\"@id\":\"https:\\\/\\\/lasentinelle.dz\\\/#\\\/schema\\\/logo\\\/image\\\/\",\"url\":\"https:\\\/\\\/lasentinelle.dz\\\/wp-content\\\/uploads\\\/2021\\\/09\\\/logo-sentinelleSLOGAN-1.png\",\"contentUrl\":\"https:\\\/\\\/lasentinelle.dz\\\/wp-content\\\/uploads\\\/2021\\\/09\\\/logo-sentinelleSLOGAN-1.png\",\"width\":615,\"height\":142,\"caption\":\"Quotidien La Sentinelle\"},\"image\":{\"@id\":\"https:\\\/\\\/lasentinelle.dz\\\/#\\\/schema\\\/logo\\\/image\\\/\"},\"sameAs\":[\"https:\\\/\\\/www.facebook.com\\\/La-Sentinelle-104059864394773\"]},{\"@type\":\"Person\",\"@id\":\"https:\\\/\\\/lasentinelle.dz\\\/#\\\/schema\\\/person\\\/729ee0024f24e0b8c5ec17232f8e8b41\",\"name\":\"admin\",\"image\":{\"@type\":\"ImageObject\",\"inLanguage\":\"fr-FR\",\"@id\":\"https:\\\/\\\/secure.gravatar.com\\\/avatar\\\/4c81fed838786e9b53f540bf46533e750f5d292099ae3b66cfc6fb1982e29df7?s=96&d=mm&r=g\",\"url\":\"https:\\\/\\\/secure.gravatar.com\\\/avatar\\\/4c81fed838786e9b53f540bf46533e750f5d292099ae3b66cfc6fb1982e29df7?s=96&d=mm&r=g\",\"contentUrl\":\"https:\\\/\\\/secure.gravatar.com\\\/avatar\\\/4c81fed838786e9b53f540bf46533e750f5d292099ae3b66cfc6fb1982e29df7?s=96&d=mm&r=g\",\"caption\":\"admin\"},\"description\":\"admin\",\"url\":\"https:\\\/\\\/lasentinelle.dz\\\/author\\\/admin\\\/\"}]}<\/script>\n<!-- \/ Yoast SEO plugin. -->","yoast_head_json":{"title":"Constantine \u00a0: Dix projets de raccordement des zones rurales au r\u00e9seau de gaz - La Sentinelle","robots":{"index":"index","follow":"follow","max-snippet":"max-snippet:-1","max-image-preview":"max-image-preview:large","max-video-preview":"max-video-preview:-1"},"canonical":"https:\/\/lasentinelle.dz\/index.php\/2025\/05\/27\/constantine-dix-projets-de-raccordement-des-zones-rurales-au-reseau-de-gaz\/","og_locale":"fr_FR","og_type":"article","og_title":"Constantine \u00a0: Dix projets de raccordement des zones rurales au r\u00e9seau de gaz - La Sentinelle","og_description":"La wilaya de Constantine \u00e0 acc\u00e9l\u00e9rer la mise en \u0153uvre de son programme d&rsquo;extension du r\u00e9seau de gaz naturel avec","og_url":"https:\/\/lasentinelle.dz\/index.php\/2025\/05\/27\/constantine-dix-projets-de-raccordement-des-zones-rurales-au-reseau-de-gaz\/","og_site_name":"La Sentinelle","article_publisher":"https:\/\/www.facebook.com\/La-Sentinelle-104059864394773","article_published_time":"2025-05-27T10:05:46+00:00","article_modified_time":"2025-05-27T10:05:47+00:00","og_image":[{"width":1024,"height":576,"url":"https:\/\/lasentinelle.dz\/wp-content\/uploads\/2023\/03\/constantine-1024x576.png","type":"image\/png"}],"author":"admin","twitter_card":"summary_large_image","twitter_misc":{"\u00c9crit par":"admin","Dur\u00e9e de lecture estim\u00e9e":"4 minutes"},"schema":{"@context":"https:\/\/schema.org","@graph":[{"@type":"Article","@id":"https:\/\/lasentinelle.dz\/index.php\/2025\/05\/27\/constantine-dix-projets-de-raccordement-des-zones-rurales-au-reseau-de-gaz\/#article","isPartOf":{"@id":"https:\/\/lasentinelle.dz\/index.php\/2025\/05\/27\/constantine-dix-projets-de-raccordement-des-zones-rurales-au-reseau-de-gaz\/"},"author":{"name":"admin","@id":"https:\/\/lasentinelle.dz\/#\/schema\/person\/729ee0024f24e0b8c5ec17232f8e8b41"},"headline":"Constantine \u00a0: Dix projets de raccordement des zones rurales au r\u00e9seau de gaz","datePublished":"2025-05-27T10:05:46+00:00","dateModified":"2025-05-27T10:05:47+00:00","mainEntityOfPage":{"@id":"https:\/\/lasentinelle.dz\/index.php\/2025\/05\/27\/constantine-dix-projets-de-raccordement-des-zones-rurales-au-reseau-de-gaz\/"},"wordCount":682,"commentCount":0,"publisher":{"@id":"https:\/\/lasentinelle.dz\/#organization"},"image":{"@id":"https:\/\/lasentinelle.dz\/index.php\/2025\/05\/27\/constantine-dix-projets-de-raccordement-des-zones-rurales-au-reseau-de-gaz\/#primaryimage"},"thumbnailUrl":"https:\/\/lasentinelle.dz\/wp-content\/uploads\/2023\/03\/constantine.png","articleSection":["R\u00e9gions"],"inLanguage":"fr-FR","potentialAction":[{"@type":"CommentAction","name":"Comment","target":["https:\/\/lasentinelle.dz\/index.php\/2025\/05\/27\/constantine-dix-projets-de-raccordement-des-zones-rurales-au-reseau-de-gaz\/#respond"]}]},{"@type":"WebPage","@id":"https:\/\/lasentinelle.dz\/index.php\/2025\/05\/27\/constantine-dix-projets-de-raccordement-des-zones-rurales-au-reseau-de-gaz\/","url":"https:\/\/lasentinelle.dz\/index.php\/2025\/05\/27\/constantine-dix-projets-de-raccordement-des-zones-rurales-au-reseau-de-gaz\/","name":"Constantine \u00a0: Dix projets de raccordement des zones rurales au r\u00e9seau de gaz - La Sentinelle","isPartOf":{"@id":"https:\/\/lasentinelle.dz\/#website"},"primaryImageOfPage":{"@id":"https:\/\/lasentinelle.dz\/index.php\/2025\/05\/27\/constantine-dix-projets-de-raccordement-des-zones-rurales-au-reseau-de-gaz\/#primaryimage"},"image":{"@id":"https:\/\/lasentinelle.dz\/index.php\/2025\/05\/27\/constantine-dix-projets-de-raccordement-des-zones-rurales-au-reseau-de-gaz\/#primaryimage"},"thumbnailUrl":"https:\/\/lasentinelle.dz\/wp-content\/uploads\/2023\/03\/constantine.png","datePublished":"2025-05-27T10:05:46+00:00","dateModified":"2025-05-27T10:05:47+00:00","breadcrumb":{"@id":"https:\/\/lasentinelle.dz\/index.php\/2025\/05\/27\/constantine-dix-projets-de-raccordement-des-zones-rurales-au-reseau-de-gaz\/#breadcrumb"},"inLanguage":"fr-FR","potentialAction":[{"@type":"ReadAction","target":["https:\/\/lasentinelle.dz\/index.php\/2025\/05\/27\/constantine-dix-projets-de-raccordement-des-zones-rurales-au-reseau-de-gaz\/"]}]},{"@type":"ImageObject","inLanguage":"fr-FR","@id":"https:\/\/lasentinelle.dz\/index.php\/2025\/05\/27\/constantine-dix-projets-de-raccordement-des-zones-rurales-au-reseau-de-gaz\/#primaryimage","url":"https:\/\/lasentinelle.dz\/wp-content\/uploads\/2023\/03\/constantine.png","contentUrl":"https:\/\/lasentinelle.dz\/wp-content\/uploads\/2023\/03\/constantine.png","width":1601,"height":900},{"@type":"BreadcrumbList","@id":"https:\/\/lasentinelle.dz\/index.php\/2025\/05\/27\/constantine-dix-projets-de-raccordement-des-zones-rurales-au-reseau-de-gaz\/#breadcrumb","itemListElement":[{"@type":"ListItem","position":1,"name":"Accueil","item":"https:\/\/lasentinelle.dz\/"},{"@type":"ListItem","position":2,"name":"Constantine \u00a0: Dix projets de raccordement des zones rurales au r\u00e9seau de gaz"}]},{"@type":"WebSite","@id":"https:\/\/lasentinelle.dz\/#website","url":"https:\/\/lasentinelle.dz\/","name":"La Sentinelle","description":"Quotidien national d&#039;information","publisher":{"@id":"https:\/\/lasentinelle.dz\/#organization"},"potentialAction":[{"@type":"SearchAction","target":{"@type":"EntryPoint","urlTemplate":"https:\/\/lasentinelle.dz\/?s={search_term_string}"},"query-input":{"@type":"PropertyValueSpecification","valueRequired":true,"valueName":"search_term_string"}}],"inLanguage":"fr-FR"},{"@type":"Organization","@id":"https:\/\/lasentinelle.dz\/#organization","name":"Quotidien La Sentinelle","url":"https:\/\/lasentinelle.dz\/","logo":{"@type":"ImageObject","inLanguage":"fr-FR","@id":"https:\/\/lasentinelle.dz\/#\/schema\/logo\/image\/","url":"https:\/\/lasentinelle.dz\/wp-content\/uploads\/2021\/09\/logo-sentinelleSLOGAN-1.png","contentUrl":"https:\/\/lasentinelle.dz\/wp-content\/uploads\/2021\/09\/logo-sentinelleSLOGAN-1.png","width":615,"height":142,"caption":"Quotidien La Sentinelle"},"image":{"@id":"https:\/\/lasentinelle.dz\/#\/schema\/logo\/image\/"},"sameAs":["https:\/\/www.facebook.com\/La-Sentinelle-104059864394773"]},{"@type":"Person","@id":"https:\/\/lasentinelle.dz\/#\/schema\/person\/729ee0024f24e0b8c5ec17232f8e8b41","name":"admin","image":{"@type":"ImageObject","inLanguage":"fr-FR","@id":"https:\/\/secure.gravatar.com\/avatar\/4c81fed838786e9b53f540bf46533e750f5d292099ae3b66cfc6fb1982e29df7?s=96&d=mm&r=g","url":"https:\/\/secure.gravatar.com\/avatar\/4c81fed838786e9b53f540bf46533e750f5d292099ae3b66cfc6fb1982e29df7?s=96&d=mm&r=g","contentUrl":"https:\/\/secure.gravatar.com\/avatar\/4c81fed838786e9b53f540bf46533e750f5d292099ae3b66cfc6fb1982e29df7?s=96&d=mm&r=g","caption":"admin"},"description":"admin","url":"https:\/\/lasentinelle.dz\/author\/admin\/"}]}},"_links":{"self":[{"href":"https:\/\/lasentinelle.dz\/index.php\/wp-json\/wp\/v2\/posts\/67986","targetHints":{"allow":["GET"]}}],"collection":[{"href":"https:\/\/lasentinelle.dz\/index.php\/wp-json\/wp\/v2\/posts"}],"about":[{"href":"https:\/\/lasentinelle.dz\/index.php\/wp-json\/wp\/v2\/types\/post"}],"author":[{"embeddable":true,"href":"https:\/\/lasentinelle.dz\/index.php\/wp-json\/wp\/v2\/users\/6"}],"replies":[{"embeddable":true,"href":"https:\/\/lasentinelle.dz\/index.php\/wp-json\/wp\/v2\/comments?post=67986"}],"version-history":[{"count":1,"href":"https:\/\/lasentinelle.dz\/index.php\/wp-json\/wp\/v2\/posts\/67986\/revisions"}],"predecessor-version":[{"id":67987,"href":"https:\/\/lasentinelle.dz\/index.php\/wp-json\/wp\/v2\/posts\/67986\/revisions\/67987"}],"wp:featuredmedia":[{"embeddable":true,"href":"https:\/\/lasentinelle.dz\/index.php\/wp-json\/wp\/v2\/media\/38441"}],"wp:attachment":[{"href":"https:\/\/lasentinelle.dz\/index.php\/wp-json\/wp\/v2\/media?parent=67986"}],"wp:term":[{"taxonomy":"category","embeddable":true,"href":"https:\/\/lasentinelle.dz\/index.php\/wp-json\/wp\/v2\/categories?post=67986"},{"taxonomy":"post_tag","embeddable":true,"href":"https:\/\/lasentinelle.dz\/index.php\/wp-json\/wp\/v2\/tags?post=67986"}],"curies":[{"name":"wp","href":"https:\/\/api.w.org\/{rel}","templated":true}]}}