{"id":67988,"date":"2025-05-27T11:06:31","date_gmt":"2025-05-27T10:06:31","guid":{"rendered":"https:\/\/lasentinelle.dz\/?p=67988"},"modified":"2025-05-27T11:06:32","modified_gmt":"2025-05-27T10:06:32","slug":"transformation-numerique-un-atelier-pour-les-developpeurs-a-annaba","status":"publish","type":"post","link":"https:\/\/lasentinelle.dz\/index.php\/2025\/05\/27\/transformation-numerique-un-atelier-pour-les-developpeurs-a-annaba\/","title":{"rendered":"Transformation num\u00e9rique : Un atelier pour les d\u00e9veloppeurs \u00e0 Annaba"},"content":{"rendered":"\n<p>L&rsquo;incubateur Orkids, structure porteuse de cette initiative, s&rsquo;impose progressivement comme un acteur incontournable de l&rsquo;innovation sociale et culturelle dans la r\u00e9gion.<strong><\/strong><\/p>\n\n\n\n<p>Le paysage technologique d&rsquo;Annaba connait des transformations majeures. C&rsquo;est dans ce sens que l&rsquo;initiative \u00ab\u00a020:80\u00a0\u00bb a \u00e9t\u00e9 lanc\u00e9e. Un projet ambitieux port\u00e9 par l&rsquo;incubateur socioculturel Orkids qui ambitionne de transformer la capitale de l&rsquo;Est en v\u00e9ritable hub num\u00e9rique r\u00e9gional. Cette d\u00e9marche innovante, pr\u00e9sent\u00e9e hier lors d&rsquo;une journ\u00e9e d&rsquo;information au centre des comp\u00e9tences d&rsquo;Annaba, marque l&rsquo;\u00e9mergence d&rsquo;une nouvelle dynamique collaborative au service du d\u00e9veloppement technologique local.<\/p>\n\n\n\n<p>L&rsquo;originalit\u00e9 de ce concept r\u00e9side dans son format m\u00e9thodique et inclusif, con\u00e7u pour r\u00e9pondre aux besoins diversifi\u00e9s de l&rsquo;\u00e9cosyst\u00e8me num\u00e9rique annabi. Le principe \u00ab\u00a020:80\u00a0\u00bb structure chaque rencontre mensuelle selon une r\u00e9partition temporelle pr\u00e9cise et r\u00e9fl\u00e9chie, r\u00e9servant vingt pour cent du temps aux \u00e9changes communautaires, moments privil\u00e9gi\u00e9s de networking et de partage informel, tandis que les quatre-vingts pour cent restants sont consacr\u00e9s \u00e0 l&rsquo;approfondissement technique d&rsquo;une th\u00e9matique sp\u00e9cialis\u00e9e anim\u00e9e par des experts reconnus. Cette approche \u00e9quilibr\u00e9e permet de conjuguer convivialit\u00e9 professionnelle et mont\u00e9e en comp\u00e9tences technique, r\u00e9pondant ainsi aux attentes d&rsquo;une communaut\u00e9 en qu\u00eate de formation continue et de reconnaissance.<\/p>\n\n\n\n<p>L&rsquo;\u00e9dition inaugurale de mai a d\u00e9montr\u00e9 la pertinence de cette approche en attirant un public remarquablement h\u00e9t\u00e9rog\u00e8ne, t\u00e9moignage de l&rsquo;attrait transversal exerc\u00e9 par cette initiative. Enseignants universitaires soucieux de maintenir leur expertise \u00e0 la pointe des \u00e9volutions technologiques, \u00e9tudiants en informatique d\u00e9sireux d&rsquo;enrichir leur formation acad\u00e9mique par des perspectives pratiques, mais aussi \u00e9tudiants en m\u00e9decine ou g\u00e9nie civil attir\u00e9s par les applications num\u00e9riques dans leurs domaines respectifs, professionnels exp\u00e9riment\u00e9s cherchant \u00e0 actualiser leurs connaissances, d\u00e9veloppeurs ind\u00e9pendants en qu\u00eate de collaborations, et acteurs du num\u00e9rique souhaitant s&rsquo;inscrire dans une dynamique collaborative constructive ont r\u00e9pondu pr\u00e9sent \u00e0 cette premi\u00e8re rencontre fondatrice.<\/p>\n\n\n\n<p>Cette diversit\u00e9 des profils participants illustre parfaitement l&rsquo;ambition f\u00e9d\u00e9ratrice du projet, qui d\u00e9passe largement le cadre traditionnel des communaut\u00e9s de d\u00e9veloppeurs pour embrasser une vision plus large du num\u00e9rique comme levier de transformation \u00e9conomique et sociale. Les organisateurs ont profit\u00e9 de cette s\u00e9ance inaugurale pour pr\u00e9senter en d\u00e9tail les objectifs strat\u00e9giques du projet, expliciter le d\u00e9roulement concret des sessions mensuelles \u00e0 venir, et d\u00e9voiler les th\u00e9matiques techniques programm\u00e9es pour les prochaines \u00e9ditions, cr\u00e9ant ainsi une feuille de route claire et attractive pour les futurs participants.<\/p>\n\n\n\n<p>L&rsquo;incubateur Orkids, structure porteuse de cette initiative, s&rsquo;impose progressivement comme un acteur incontournable de l&rsquo;innovation sociale et culturelle dans la r\u00e9gion. \u00c0 travers \u00ab\u00a020:80\u00a0\u00bb, l&rsquo;organisation concr\u00e9tise sa vision d&rsquo;un \u00e9cosyst\u00e8me num\u00e9rique local structur\u00e9 et dynamique, capable de rivaliser avec les grands centres technologiques nationaux. L&rsquo;objectif affich\u00e9 est double : d&rsquo;une part, offrir aux d\u00e9veloppeurs locaux un espace de formation continue et de valorisation professionnelle qui leur permette de rester comp\u00e9titifs dans un secteur en perp\u00e9tuelle \u00e9volution, d&rsquo;autre part, cr\u00e9er une plateforme d&rsquo;expression pour les experts r\u00e9gionaux d\u00e9sireux de transmettre leur savoir-faire et de contribuer au rayonnement technique de leur territoire.<\/p>\n\n\n\n<p>Cette initiative s&rsquo;inscrit parfaitement dans la strat\u00e9gie nationale de d\u00e9veloppement num\u00e9rique, qui mise sur l&rsquo;\u00e9mergence de p\u00f4les technologiques r\u00e9gionaux pour irriguer l&rsquo;ensemble du territoire et r\u00e9duire les disparit\u00e9s g\u00e9ographiques en mati\u00e8re d&rsquo;innovation. En proposant un format accessible et r\u00e9gulier, \u00ab\u00a020:80\u00a0\u00bb r\u00e9pond \u00e0 un besoin r\u00e9el d&rsquo;accompagnement professionnel dans un secteur o\u00f9 l&rsquo;obsolescence rapide des comp\u00e9tences constitue un d\u00e9fi permanent.<\/p>\n\n\n\n<p>Sofia Chahine<\/p>\n","protected":false},"excerpt":{"rendered":"<p>L&rsquo;incubateur Orkids, structure porteuse de cette initiative, s&rsquo;impose progressivement comme un acteur incontournable de l&rsquo;innovation sociale et culturelle dans la<\/p>\n","protected":false},"author":6,"featured_media":67989,"comment_status":"open","ping_status":"closed","sticky":false,"template":"","format":"standard","meta":{"colormag_page_container_layout":"default_layout","colormag_page_sidebar_layout":"default_layout","om_disable_all_campaigns":false,"_monsterinsights_skip_tracking":false,"_monsterinsights_sitenote_active":false,"_monsterinsights_sitenote_note":"","_monsterinsights_sitenote_category":0,"footnotes":"","_wpscppro_dont_share_socialmedia":false,"_wpscppro_custom_social_share_image":0,"_facebook_share_type":"default","_twitter_share_type":"default","_linkedin_share_type":"default","_pinterest_share_type":"default","_linkedin_share_type_page":"","_instagram_share_type":"default","_medium_share_type":"default","_threads_share_type":"","_google_business_share_type":"","_selected_social_profile":[],"_wpsp_enable_custom_social_template":false,"_wpsp_social_scheduling":{"enabled":false,"datetime":null,"platforms":[],"status":"template_only","dateOption":"today","timeOption":"now","customDays":"","customHours":"","customDate":"","customTime":"","schedulingType":"absolute"},"_wpsp_active_default_template":true},"categories":[31],"tags":[],"class_list":["post-67988","post","type-post","status-publish","format-standard","has-post-thumbnail","hentry","category-regions"],"aioseo_notices":[],"yoast_head":"<!-- This site is optimized with the Yoast SEO plugin v27.4 - https:\/\/yoast.com\/product\/yoast-seo-wordpress\/ -->\n<title>Transformation num\u00e9rique : Un atelier pour les d\u00e9veloppeurs \u00e0 Annaba - La Sentinelle<\/title>\n<meta name=\"robots\" content=\"index, follow, max-snippet:-1, max-image-preview:large, max-video-preview:-1\" \/>\n<link rel=\"canonical\" href=\"https:\/\/lasentinelle.dz\/index.php\/2025\/05\/27\/transformation-numerique-un-atelier-pour-les-developpeurs-a-annaba\/\" \/>\n<meta property=\"og:locale\" content=\"fr_FR\" \/>\n<meta property=\"og:type\" content=\"article\" \/>\n<meta property=\"og:title\" content=\"Transformation num\u00e9rique : Un atelier pour les d\u00e9veloppeurs \u00e0 Annaba - La Sentinelle\" \/>\n<meta property=\"og:description\" content=\"L&rsquo;incubateur Orkids, structure porteuse de cette initiative, s&rsquo;impose progressivement comme un acteur incontournable de l&rsquo;innovation sociale et culturelle dans la\" \/>\n<meta property=\"og:url\" content=\"https:\/\/lasentinelle.dz\/index.php\/2025\/05\/27\/transformation-numerique-un-atelier-pour-les-developpeurs-a-annaba\/\" \/>\n<meta property=\"og:site_name\" content=\"La Sentinelle\" \/>\n<meta property=\"article:publisher\" content=\"https:\/\/www.facebook.com\/La-Sentinelle-104059864394773\" \/>\n<meta property=\"article:published_time\" content=\"2025-05-27T10:06:31+00:00\" \/>\n<meta property=\"article:modified_time\" content=\"2025-05-27T10:06:32+00:00\" \/>\n<meta property=\"og:image\" content=\"https:\/\/lasentinelle.dz\/wp-content\/uploads\/2025\/05\/atelier-1.jpg\" \/>\n\t<meta property=\"og:image:width\" content=\"1077\" \/>\n\t<meta property=\"og:image:height\" content=\"757\" \/>\n\t<meta property=\"og:image:type\" content=\"image\/jpeg\" \/>\n<meta name=\"author\" content=\"admin\" \/>\n<meta name=\"twitter:card\" content=\"summary_large_image\" \/>\n<meta name=\"twitter:label1\" content=\"\u00c9crit par\" \/>\n\t<meta name=\"twitter:data1\" content=\"admin\" \/>\n\t<meta name=\"twitter:label2\" content=\"Dur\u00e9e de lecture estim\u00e9e\" \/>\n\t<meta name=\"twitter:data2\" content=\"3 minutes\" \/>\n<script type=\"application\/ld+json\" class=\"yoast-schema-graph\">{\"@context\":\"https:\\\/\\\/schema.org\",\"@graph\":[{\"@type\":\"Article\",\"@id\":\"https:\\\/\\\/lasentinelle.dz\\\/index.php\\\/2025\\\/05\\\/27\\\/transformation-numerique-un-atelier-pour-les-developpeurs-a-annaba\\\/#article\",\"isPartOf\":{\"@id\":\"https:\\\/\\\/lasentinelle.dz\\\/index.php\\\/2025\\\/05\\\/27\\\/transformation-numerique-un-atelier-pour-les-developpeurs-a-annaba\\\/\"},\"author\":{\"name\":\"admin\",\"@id\":\"https:\\\/\\\/lasentinelle.dz\\\/#\\\/schema\\\/person\\\/729ee0024f24e0b8c5ec17232f8e8b41\"},\"headline\":\"Transformation num\u00e9rique : Un atelier pour les d\u00e9veloppeurs \u00e0 Annaba\",\"datePublished\":\"2025-05-27T10:06:31+00:00\",\"dateModified\":\"2025-05-27T10:06:32+00:00\",\"mainEntityOfPage\":{\"@id\":\"https:\\\/\\\/lasentinelle.dz\\\/index.php\\\/2025\\\/05\\\/27\\\/transformation-numerique-un-atelier-pour-les-developpeurs-a-annaba\\\/\"},\"wordCount\":660,\"commentCount\":0,\"publisher\":{\"@id\":\"https:\\\/\\\/lasentinelle.dz\\\/#organization\"},\"image\":{\"@id\":\"https:\\\/\\\/lasentinelle.dz\\\/index.php\\\/2025\\\/05\\\/27\\\/transformation-numerique-un-atelier-pour-les-developpeurs-a-annaba\\\/#primaryimage\"},\"thumbnailUrl\":\"https:\\\/\\\/lasentinelle.dz\\\/wp-content\\\/uploads\\\/2025\\\/05\\\/atelier-1.jpg\",\"articleSection\":[\"R\u00e9gions\"],\"inLanguage\":\"fr-FR\",\"potentialAction\":[{\"@type\":\"CommentAction\",\"name\":\"Comment\",\"target\":[\"https:\\\/\\\/lasentinelle.dz\\\/index.php\\\/2025\\\/05\\\/27\\\/transformation-numerique-un-atelier-pour-les-developpeurs-a-annaba\\\/#respond\"]}]},{\"@type\":\"WebPage\",\"@id\":\"https:\\\/\\\/lasentinelle.dz\\\/index.php\\\/2025\\\/05\\\/27\\\/transformation-numerique-un-atelier-pour-les-developpeurs-a-annaba\\\/\",\"url\":\"https:\\\/\\\/lasentinelle.dz\\\/index.php\\\/2025\\\/05\\\/27\\\/transformation-numerique-un-atelier-pour-les-developpeurs-a-annaba\\\/\",\"name\":\"Transformation num\u00e9rique : Un atelier pour les d\u00e9veloppeurs \u00e0 Annaba - La Sentinelle\",\"isPartOf\":{\"@id\":\"https:\\\/\\\/lasentinelle.dz\\\/#website\"},\"primaryImageOfPage\":{\"@id\":\"https:\\\/\\\/lasentinelle.dz\\\/index.php\\\/2025\\\/05\\\/27\\\/transformation-numerique-un-atelier-pour-les-developpeurs-a-annaba\\\/#primaryimage\"},\"image\":{\"@id\":\"https:\\\/\\\/lasentinelle.dz\\\/index.php\\\/2025\\\/05\\\/27\\\/transformation-numerique-un-atelier-pour-les-developpeurs-a-annaba\\\/#primaryimage\"},\"thumbnailUrl\":\"https:\\\/\\\/lasentinelle.dz\\\/wp-content\\\/uploads\\\/2025\\\/05\\\/atelier-1.jpg\",\"datePublished\":\"2025-05-27T10:06:31+00:00\",\"dateModified\":\"2025-05-27T10:06:32+00:00\",\"breadcrumb\":{\"@id\":\"https:\\\/\\\/lasentinelle.dz\\\/index.php\\\/2025\\\/05\\\/27\\\/transformation-numerique-un-atelier-pour-les-developpeurs-a-annaba\\\/#breadcrumb\"},\"inLanguage\":\"fr-FR\",\"potentialAction\":[{\"@type\":\"ReadAction\",\"target\":[\"https:\\\/\\\/lasentinelle.dz\\\/index.php\\\/2025\\\/05\\\/27\\\/transformation-numerique-un-atelier-pour-les-developpeurs-a-annaba\\\/\"]}]},{\"@type\":\"ImageObject\",\"inLanguage\":\"fr-FR\",\"@id\":\"https:\\\/\\\/lasentinelle.dz\\\/index.php\\\/2025\\\/05\\\/27\\\/transformation-numerique-un-atelier-pour-les-developpeurs-a-annaba\\\/#primaryimage\",\"url\":\"https:\\\/\\\/lasentinelle.dz\\\/wp-content\\\/uploads\\\/2025\\\/05\\\/atelier-1.jpg\",\"contentUrl\":\"https:\\\/\\\/lasentinelle.dz\\\/wp-content\\\/uploads\\\/2025\\\/05\\\/atelier-1.jpg\",\"width\":1077,\"height\":757},{\"@type\":\"BreadcrumbList\",\"@id\":\"https:\\\/\\\/lasentinelle.dz\\\/index.php\\\/2025\\\/05\\\/27\\\/transformation-numerique-un-atelier-pour-les-developpeurs-a-annaba\\\/#breadcrumb\",\"itemListElement\":[{\"@type\":\"ListItem\",\"position\":1,\"name\":\"Accueil\",\"item\":\"https:\\\/\\\/lasentinelle.dz\\\/\"},{\"@type\":\"ListItem\",\"position\":2,\"name\":\"Transformation num\u00e9rique : Un atelier pour les d\u00e9veloppeurs \u00e0 Annaba\"}]},{\"@type\":\"WebSite\",\"@id\":\"https:\\\/\\\/lasentinelle.dz\\\/#website\",\"url\":\"https:\\\/\\\/lasentinelle.dz\\\/\",\"name\":\"La Sentinelle\",\"description\":\"Quotidien national d&#039;information\",\"publisher\":{\"@id\":\"https:\\\/\\\/lasentinelle.dz\\\/#organization\"},\"potentialAction\":[{\"@type\":\"SearchAction\",\"target\":{\"@type\":\"EntryPoint\",\"urlTemplate\":\"https:\\\/\\\/lasentinelle.dz\\\/?s={search_term_string}\"},\"query-input\":{\"@type\":\"PropertyValueSpecification\",\"valueRequired\":true,\"valueName\":\"search_term_string\"}}],\"inLanguage\":\"fr-FR\"},{\"@type\":\"Organization\",\"@id\":\"https:\\\/\\\/lasentinelle.dz\\\/#organization\",\"name\":\"Quotidien La Sentinelle\",\"url\":\"https:\\\/\\\/lasentinelle.dz\\\/\",\"logo\":{\"@type\":\"ImageObject\",\"inLanguage\":\"fr-FR\",\"@id\":\"https:\\\/\\\/lasentinelle.dz\\\/#\\\/schema\\\/logo\\\/image\\\/\",\"url\":\"https:\\\/\\\/lasentinelle.dz\\\/wp-content\\\/uploads\\\/2021\\\/09\\\/logo-sentinelleSLOGAN-1.png\",\"contentUrl\":\"https:\\\/\\\/lasentinelle.dz\\\/wp-content\\\/uploads\\\/2021\\\/09\\\/logo-sentinelleSLOGAN-1.png\",\"width\":615,\"height\":142,\"caption\":\"Quotidien La Sentinelle\"},\"image\":{\"@id\":\"https:\\\/\\\/lasentinelle.dz\\\/#\\\/schema\\\/logo\\\/image\\\/\"},\"sameAs\":[\"https:\\\/\\\/www.facebook.com\\\/La-Sentinelle-104059864394773\"]},{\"@type\":\"Person\",\"@id\":\"https:\\\/\\\/lasentinelle.dz\\\/#\\\/schema\\\/person\\\/729ee0024f24e0b8c5ec17232f8e8b41\",\"name\":\"admin\",\"image\":{\"@type\":\"ImageObject\",\"inLanguage\":\"fr-FR\",\"@id\":\"https:\\\/\\\/secure.gravatar.com\\\/avatar\\\/4c81fed838786e9b53f540bf46533e750f5d292099ae3b66cfc6fb1982e29df7?s=96&d=mm&r=g\",\"url\":\"https:\\\/\\\/secure.gravatar.com\\\/avatar\\\/4c81fed838786e9b53f540bf46533e750f5d292099ae3b66cfc6fb1982e29df7?s=96&d=mm&r=g\",\"contentUrl\":\"https:\\\/\\\/secure.gravatar.com\\\/avatar\\\/4c81fed838786e9b53f540bf46533e750f5d292099ae3b66cfc6fb1982e29df7?s=96&d=mm&r=g\",\"caption\":\"admin\"},\"description\":\"admin\",\"url\":\"https:\\\/\\\/lasentinelle.dz\\\/author\\\/admin\\\/\"}]}<\/script>\n<!-- \/ Yoast SEO plugin. -->","yoast_head_json":{"title":"Transformation num\u00e9rique : Un atelier pour les d\u00e9veloppeurs \u00e0 Annaba - La Sentinelle","robots":{"index":"index","follow":"follow","max-snippet":"max-snippet:-1","max-image-preview":"max-image-preview:large","max-video-preview":"max-video-preview:-1"},"canonical":"https:\/\/lasentinelle.dz\/index.php\/2025\/05\/27\/transformation-numerique-un-atelier-pour-les-developpeurs-a-annaba\/","og_locale":"fr_FR","og_type":"article","og_title":"Transformation num\u00e9rique : Un atelier pour les d\u00e9veloppeurs \u00e0 Annaba - La Sentinelle","og_description":"L&rsquo;incubateur Orkids, structure porteuse de cette initiative, s&rsquo;impose progressivement comme un acteur incontournable de l&rsquo;innovation sociale et culturelle dans la","og_url":"https:\/\/lasentinelle.dz\/index.php\/2025\/05\/27\/transformation-numerique-un-atelier-pour-les-developpeurs-a-annaba\/","og_site_name":"La Sentinelle","article_publisher":"https:\/\/www.facebook.com\/La-Sentinelle-104059864394773","article_published_time":"2025-05-27T10:06:31+00:00","article_modified_time":"2025-05-27T10:06:32+00:00","og_image":[{"width":1077,"height":757,"url":"https:\/\/lasentinelle.dz\/wp-content\/uploads\/2025\/05\/atelier-1.jpg","type":"image\/jpeg"}],"author":"admin","twitter_card":"summary_large_image","twitter_misc":{"\u00c9crit par":"admin","Dur\u00e9e de lecture estim\u00e9e":"3 minutes"},"schema":{"@context":"https:\/\/schema.org","@graph":[{"@type":"Article","@id":"https:\/\/lasentinelle.dz\/index.php\/2025\/05\/27\/transformation-numerique-un-atelier-pour-les-developpeurs-a-annaba\/#article","isPartOf":{"@id":"https:\/\/lasentinelle.dz\/index.php\/2025\/05\/27\/transformation-numerique-un-atelier-pour-les-developpeurs-a-annaba\/"},"author":{"name":"admin","@id":"https:\/\/lasentinelle.dz\/#\/schema\/person\/729ee0024f24e0b8c5ec17232f8e8b41"},"headline":"Transformation num\u00e9rique : Un atelier pour les d\u00e9veloppeurs \u00e0 Annaba","datePublished":"2025-05-27T10:06:31+00:00","dateModified":"2025-05-27T10:06:32+00:00","mainEntityOfPage":{"@id":"https:\/\/lasentinelle.dz\/index.php\/2025\/05\/27\/transformation-numerique-un-atelier-pour-les-developpeurs-a-annaba\/"},"wordCount":660,"commentCount":0,"publisher":{"@id":"https:\/\/lasentinelle.dz\/#organization"},"image":{"@id":"https:\/\/lasentinelle.dz\/index.php\/2025\/05\/27\/transformation-numerique-un-atelier-pour-les-developpeurs-a-annaba\/#primaryimage"},"thumbnailUrl":"https:\/\/lasentinelle.dz\/wp-content\/uploads\/2025\/05\/atelier-1.jpg","articleSection":["R\u00e9gions"],"inLanguage":"fr-FR","potentialAction":[{"@type":"CommentAction","name":"Comment","target":["https:\/\/lasentinelle.dz\/index.php\/2025\/05\/27\/transformation-numerique-un-atelier-pour-les-developpeurs-a-annaba\/#respond"]}]},{"@type":"WebPage","@id":"https:\/\/lasentinelle.dz\/index.php\/2025\/05\/27\/transformation-numerique-un-atelier-pour-les-developpeurs-a-annaba\/","url":"https:\/\/lasentinelle.dz\/index.php\/2025\/05\/27\/transformation-numerique-un-atelier-pour-les-developpeurs-a-annaba\/","name":"Transformation num\u00e9rique : Un atelier pour les d\u00e9veloppeurs \u00e0 Annaba - La Sentinelle","isPartOf":{"@id":"https:\/\/lasentinelle.dz\/#website"},"primaryImageOfPage":{"@id":"https:\/\/lasentinelle.dz\/index.php\/2025\/05\/27\/transformation-numerique-un-atelier-pour-les-developpeurs-a-annaba\/#primaryimage"},"image":{"@id":"https:\/\/lasentinelle.dz\/index.php\/2025\/05\/27\/transformation-numerique-un-atelier-pour-les-developpeurs-a-annaba\/#primaryimage"},"thumbnailUrl":"https:\/\/lasentinelle.dz\/wp-content\/uploads\/2025\/05\/atelier-1.jpg","datePublished":"2025-05-27T10:06:31+00:00","dateModified":"2025-05-27T10:06:32+00:00","breadcrumb":{"@id":"https:\/\/lasentinelle.dz\/index.php\/2025\/05\/27\/transformation-numerique-un-atelier-pour-les-developpeurs-a-annaba\/#breadcrumb"},"inLanguage":"fr-FR","potentialAction":[{"@type":"ReadAction","target":["https:\/\/lasentinelle.dz\/index.php\/2025\/05\/27\/transformation-numerique-un-atelier-pour-les-developpeurs-a-annaba\/"]}]},{"@type":"ImageObject","inLanguage":"fr-FR","@id":"https:\/\/lasentinelle.dz\/index.php\/2025\/05\/27\/transformation-numerique-un-atelier-pour-les-developpeurs-a-annaba\/#primaryimage","url":"https:\/\/lasentinelle.dz\/wp-content\/uploads\/2025\/05\/atelier-1.jpg","contentUrl":"https:\/\/lasentinelle.dz\/wp-content\/uploads\/2025\/05\/atelier-1.jpg","width":1077,"height":757},{"@type":"BreadcrumbList","@id":"https:\/\/lasentinelle.dz\/index.php\/2025\/05\/27\/transformation-numerique-un-atelier-pour-les-developpeurs-a-annaba\/#breadcrumb","itemListElement":[{"@type":"ListItem","position":1,"name":"Accueil","item":"https:\/\/lasentinelle.dz\/"},{"@type":"ListItem","position":2,"name":"Transformation num\u00e9rique : Un atelier pour les d\u00e9veloppeurs \u00e0 Annaba"}]},{"@type":"WebSite","@id":"https:\/\/lasentinelle.dz\/#website","url":"https:\/\/lasentinelle.dz\/","name":"La Sentinelle","description":"Quotidien national d&#039;information","publisher":{"@id":"https:\/\/lasentinelle.dz\/#organization"},"potentialAction":[{"@type":"SearchAction","target":{"@type":"EntryPoint","urlTemplate":"https:\/\/lasentinelle.dz\/?s={search_term_string}"},"query-input":{"@type":"PropertyValueSpecification","valueRequired":true,"valueName":"search_term_string"}}],"inLanguage":"fr-FR"},{"@type":"Organization","@id":"https:\/\/lasentinelle.dz\/#organization","name":"Quotidien La Sentinelle","url":"https:\/\/lasentinelle.dz\/","logo":{"@type":"ImageObject","inLanguage":"fr-FR","@id":"https:\/\/lasentinelle.dz\/#\/schema\/logo\/image\/","url":"https:\/\/lasentinelle.dz\/wp-content\/uploads\/2021\/09\/logo-sentinelleSLOGAN-1.png","contentUrl":"https:\/\/lasentinelle.dz\/wp-content\/uploads\/2021\/09\/logo-sentinelleSLOGAN-1.png","width":615,"height":142,"caption":"Quotidien La Sentinelle"},"image":{"@id":"https:\/\/lasentinelle.dz\/#\/schema\/logo\/image\/"},"sameAs":["https:\/\/www.facebook.com\/La-Sentinelle-104059864394773"]},{"@type":"Person","@id":"https:\/\/lasentinelle.dz\/#\/schema\/person\/729ee0024f24e0b8c5ec17232f8e8b41","name":"admin","image":{"@type":"ImageObject","inLanguage":"fr-FR","@id":"https:\/\/secure.gravatar.com\/avatar\/4c81fed838786e9b53f540bf46533e750f5d292099ae3b66cfc6fb1982e29df7?s=96&d=mm&r=g","url":"https:\/\/secure.gravatar.com\/avatar\/4c81fed838786e9b53f540bf46533e750f5d292099ae3b66cfc6fb1982e29df7?s=96&d=mm&r=g","contentUrl":"https:\/\/secure.gravatar.com\/avatar\/4c81fed838786e9b53f540bf46533e750f5d292099ae3b66cfc6fb1982e29df7?s=96&d=mm&r=g","caption":"admin"},"description":"admin","url":"https:\/\/lasentinelle.dz\/author\/admin\/"}]}},"_links":{"self":[{"href":"https:\/\/lasentinelle.dz\/index.php\/wp-json\/wp\/v2\/posts\/67988","targetHints":{"allow":["GET"]}}],"collection":[{"href":"https:\/\/lasentinelle.dz\/index.php\/wp-json\/wp\/v2\/posts"}],"about":[{"href":"https:\/\/lasentinelle.dz\/index.php\/wp-json\/wp\/v2\/types\/post"}],"author":[{"embeddable":true,"href":"https:\/\/lasentinelle.dz\/index.php\/wp-json\/wp\/v2\/users\/6"}],"replies":[{"embeddable":true,"href":"https:\/\/lasentinelle.dz\/index.php\/wp-json\/wp\/v2\/comments?post=67988"}],"version-history":[{"count":1,"href":"https:\/\/lasentinelle.dz\/index.php\/wp-json\/wp\/v2\/posts\/67988\/revisions"}],"predecessor-version":[{"id":67990,"href":"https:\/\/lasentinelle.dz\/index.php\/wp-json\/wp\/v2\/posts\/67988\/revisions\/67990"}],"wp:featuredmedia":[{"embeddable":true,"href":"https:\/\/lasentinelle.dz\/index.php\/wp-json\/wp\/v2\/media\/67989"}],"wp:attachment":[{"href":"https:\/\/lasentinelle.dz\/index.php\/wp-json\/wp\/v2\/media?parent=67988"}],"wp:term":[{"taxonomy":"category","embeddable":true,"href":"https:\/\/lasentinelle.dz\/index.php\/wp-json\/wp\/v2\/categories?post=67988"},{"taxonomy":"post_tag","embeddable":true,"href":"https:\/\/lasentinelle.dz\/index.php\/wp-json\/wp\/v2\/tags?post=67988"}],"curies":[{"name":"wp","href":"https:\/\/api.w.org\/{rel}","templated":true}]}}