{"id":68031,"date":"2025-05-28T11:21:52","date_gmt":"2025-05-28T10:21:52","guid":{"rendered":"https:\/\/lasentinelle.dz\/?p=68031"},"modified":"2025-05-28T11:21:53","modified_gmt":"2025-05-28T10:21:53","slug":"transports-des-fiat-pour-les-taximen","status":"publish","type":"post","link":"https:\/\/lasentinelle.dz\/index.php\/2025\/05\/28\/transports-des-fiat-pour-les-taximen\/","title":{"rendered":"Transports : Des Fiat pour les taximen"},"content":{"rendered":"\n<p>Le secteur du transport se modernise. C&rsquo;est dans ce sens que le premier lot de v\u00e9hicules Fiat fabriqu\u00e9s localement a \u00e9t\u00e9 livr\u00e9 hier au profit des chauffeurs de taxi. Cette initiative concr\u00e9tise la convention sign\u00e9e le 27 avril dernier entre le Syndicat national des taxieurs et transporteurs (SNTT) et la soci\u00e9t\u00e9 Stellantis Alg\u00e9rie, qui pr\u00e9voit la fourniture de 50 v\u00e9hicules mensuels de la marque italienne. La c\u00e9r\u00e9monie de livraison, pr\u00e9sid\u00e9e par le ministre des Transports Sa\u00efd Sayoud en pr\u00e9sence des responsables de Stellantis Alg\u00e9rie et du SNTT-UGTA, marque le d\u00e9but d&rsquo;un programme ambitieux de renouvellement du parc national de taxis. Le ministre a affirm\u00e9 que cette op\u00e9ration \u00ab\u00a0illustre l&rsquo;engagement du secteur \u00e0 renouveler le parc national des taxis et \u00e0 trouver des solutions appropri\u00e9es aux probl\u00e8mes des transporteurs souffrant de l&rsquo;anciennet\u00e9 de leurs v\u00e9hicules, ainsi qu&rsquo;\u00e0 am\u00e9liorer la qualit\u00e9 du service public du transport\u00a0\u00bb. Ce premier lot, compos\u00e9 de 50 v\u00e9hicules de type Doblo, r\u00e9pond \u00e0 un besoin sp\u00e9cifique du secteur. Selon le secr\u00e9taire g\u00e9n\u00e9ral du SNTT, Sid Ali Ait El-Hocine, ces v\u00e9hicules sont \u00ab\u00a0destin\u00e9s \u00e0 renforcer le transport par taxi au niveau des a\u00e9roports, des gares routi\u00e8res et des ports\u00a0\u00bb. Cette priorit\u00e9 accord\u00e9e aux points n\u00e9vralgiques du transport refl\u00e8te la volont\u00e9 des autorit\u00e9s d&rsquo;am\u00e9liorer l&rsquo;image du service taxi dans les zones \u00e0 forte fr\u00e9quentation touristique et commerciale. L&rsquo;acc\u00e8s \u00e0 ces v\u00e9hicules reste organis\u00e9 et encadr\u00e9. Les chauffeurs int\u00e9ress\u00e9s par cette convention doivent se rapprocher des sections syndicales pour b\u00e9n\u00e9ficier de ce programme. Par ailleurs, une dimension financi\u00e8re accompagne cette initiative avec la pr\u00e9paration d&rsquo;une convention avec la Banque de D\u00e9veloppement Local (BDL), permettant aux chauffeurs de taxis de b\u00e9n\u00e9ficier d&rsquo;un pr\u00eat pour s&rsquo;acquitter du prix du v\u00e9hicule selon un mode de financement islamique, facilitant ainsi l&rsquo;acc\u00e8s \u00e0 ces nouveaux \u00e9quipements.<\/p>\n\n\n\n<p>Cette op\u00e9ration s&rsquo;inscrit dans une d\u00e9marche plus globale de modernisation du secteur des transports. En marge de la c\u00e9r\u00e9monie, le ministre a soulign\u00e9 \u00ab\u00a0les efforts de son secteur pour am\u00e9liorer le niveau de performance dans les diff\u00e9rents modes de transport\u00a0\u00bb. Il a notamment r\u00e9v\u00e9l\u00e9 la remise en service de 11 trains Coradia apr\u00e8s une p\u00e9riode d&rsquo;arr\u00eat, et ce avant l&rsquo;A\u00efd Al-Adha pour lequel un programme sp\u00e9cial sera trac\u00e9 afin de r\u00e9pondre \u00e0 la forte demande des citoyens lors de cette occasion religieuse.<\/p>\n\n\n\n<p>L&rsquo;ambition du secteur ne s&rsquo;arr\u00eate pas l\u00e0. Le ministre a r\u00e9affirm\u00e9 l&rsquo;engagement de son secteur \u00e0 cr\u00e9er \u00ab\u00a0dans un avenir proche\u00a0\u00bb une compagnie a\u00e9rienne pour le transport domestique, relevant d&rsquo;Air Alg\u00e9rie, en application de la d\u00e9cision du pr\u00e9sident de la R\u00e9publique Abdelmadjid Tebboune. Cette annonce t\u00e9moigne d&rsquo;une vision int\u00e9gr\u00e9e du d\u00e9veloppement des transports, couvrant tous les modes de d\u00e9placement.<\/p>\n\n\n\n<p>Le renouvellement du parc de transport collectif constitue \u00e9galement une priorit\u00e9. Concernant le renouvellement de la flotte de transport par bus, le ministre a fait savoir qu&rsquo;elle sera renforc\u00e9e dans les wilayas de Constantine, Annaba et Oran, avec 104 nouveaux bus en cours de fabrication au niveau des unit\u00e9s relevant du secteur des fabrications militaires. Cette production locale illustre la strat\u00e9gie d&rsquo;autonomisation du secteur, avec la possibilit\u00e9 de fournir d&rsquo;autres bus via d&rsquo;autres unit\u00e9s de production nationales.<\/p>\n\n\n\n<p>Lyna Larbi<\/p>\n","protected":false},"excerpt":{"rendered":"<p>Le secteur du transport se modernise. C&rsquo;est dans ce sens que le premier lot de v\u00e9hicules Fiat fabriqu\u00e9s localement a<\/p>\n","protected":false},"author":6,"featured_media":68032,"comment_status":"open","ping_status":"closed","sticky":false,"template":"","format":"standard","meta":{"colormag_page_container_layout":"default_layout","colormag_page_sidebar_layout":"default_layout","om_disable_all_campaigns":false,"_monsterinsights_skip_tracking":false,"_monsterinsights_sitenote_active":false,"_monsterinsights_sitenote_note":"","_monsterinsights_sitenote_category":0,"footnotes":"","_wpscppro_dont_share_socialmedia":false,"_wpscppro_custom_social_share_image":0,"_facebook_share_type":"default","_twitter_share_type":"default","_linkedin_share_type":"default","_pinterest_share_type":"default","_linkedin_share_type_page":"","_instagram_share_type":"default","_medium_share_type":"default","_threads_share_type":"","_google_business_share_type":"","_selected_social_profile":[],"_wpsp_enable_custom_social_template":false,"_wpsp_social_scheduling":{"enabled":false,"datetime":null,"platforms":[],"status":"template_only","dateOption":"today","timeOption":"now","customDays":"","customHours":"","customDate":"","customTime":"","schedulingType":"absolute"},"_wpsp_active_default_template":true},"categories":[27],"tags":[],"class_list":["post-68031","post","type-post","status-publish","format-standard","has-post-thumbnail","hentry","category-actualite"],"aioseo_notices":[],"yoast_head":"<!-- This site is optimized with the Yoast SEO plugin v27.5 - https:\/\/yoast.com\/product\/yoast-seo-wordpress\/ -->\n<title>Transports : Des Fiat pour les taximen - La Sentinelle<\/title>\n<meta name=\"robots\" content=\"index, follow, max-snippet:-1, max-image-preview:large, max-video-preview:-1\" \/>\n<link rel=\"canonical\" href=\"https:\/\/lasentinelle.dz\/index.php\/2025\/05\/28\/transports-des-fiat-pour-les-taximen\/\" \/>\n<meta property=\"og:locale\" content=\"fr_FR\" \/>\n<meta property=\"og:type\" content=\"article\" \/>\n<meta property=\"og:title\" content=\"Transports : Des Fiat pour les taximen - La Sentinelle\" \/>\n<meta property=\"og:description\" content=\"Le secteur du transport se modernise. C&rsquo;est dans ce sens que le premier lot de v\u00e9hicules Fiat fabriqu\u00e9s localement a\" \/>\n<meta property=\"og:url\" content=\"https:\/\/lasentinelle.dz\/index.php\/2025\/05\/28\/transports-des-fiat-pour-les-taximen\/\" \/>\n<meta property=\"og:site_name\" content=\"La Sentinelle\" \/>\n<meta property=\"article:publisher\" content=\"https:\/\/www.facebook.com\/La-Sentinelle-104059864394773\" \/>\n<meta property=\"article:published_time\" content=\"2025-05-28T10:21:52+00:00\" \/>\n<meta property=\"article:modified_time\" content=\"2025-05-28T10:21:53+00:00\" \/>\n<meta property=\"og:image\" content=\"https:\/\/lasentinelle.dz\/wp-content\/uploads\/2025\/05\/fiat.jpg\" \/>\n\t<meta property=\"og:image:width\" content=\"1600\" \/>\n\t<meta property=\"og:image:height\" content=\"1066\" \/>\n\t<meta property=\"og:image:type\" content=\"image\/jpeg\" \/>\n<meta name=\"author\" content=\"admin\" \/>\n<meta name=\"twitter:card\" content=\"summary_large_image\" \/>\n<meta name=\"twitter:label1\" content=\"\u00c9crit par\" \/>\n\t<meta name=\"twitter:data1\" content=\"admin\" \/>\n\t<meta name=\"twitter:label2\" content=\"Dur\u00e9e de lecture estim\u00e9e\" \/>\n\t<meta name=\"twitter:data2\" content=\"3 minutes\" \/>\n<script type=\"application\/ld+json\" class=\"yoast-schema-graph\">{\"@context\":\"https:\\\/\\\/schema.org\",\"@graph\":[{\"@type\":\"Article\",\"@id\":\"https:\\\/\\\/lasentinelle.dz\\\/index.php\\\/2025\\\/05\\\/28\\\/transports-des-fiat-pour-les-taximen\\\/#article\",\"isPartOf\":{\"@id\":\"https:\\\/\\\/lasentinelle.dz\\\/index.php\\\/2025\\\/05\\\/28\\\/transports-des-fiat-pour-les-taximen\\\/\"},\"author\":{\"name\":\"admin\",\"@id\":\"https:\\\/\\\/lasentinelle.dz\\\/#\\\/schema\\\/person\\\/729ee0024f24e0b8c5ec17232f8e8b41\"},\"headline\":\"Transports : Des Fiat pour les taximen\",\"datePublished\":\"2025-05-28T10:21:52+00:00\",\"dateModified\":\"2025-05-28T10:21:53+00:00\",\"mainEntityOfPage\":{\"@id\":\"https:\\\/\\\/lasentinelle.dz\\\/index.php\\\/2025\\\/05\\\/28\\\/transports-des-fiat-pour-les-taximen\\\/\"},\"wordCount\":608,\"commentCount\":0,\"publisher\":{\"@id\":\"https:\\\/\\\/lasentinelle.dz\\\/#organization\"},\"image\":{\"@id\":\"https:\\\/\\\/lasentinelle.dz\\\/index.php\\\/2025\\\/05\\\/28\\\/transports-des-fiat-pour-les-taximen\\\/#primaryimage\"},\"thumbnailUrl\":\"https:\\\/\\\/lasentinelle.dz\\\/wp-content\\\/uploads\\\/2025\\\/05\\\/fiat.jpg\",\"articleSection\":[\"Actualit\u00e9\"],\"inLanguage\":\"fr-FR\",\"potentialAction\":[{\"@type\":\"CommentAction\",\"name\":\"Comment\",\"target\":[\"https:\\\/\\\/lasentinelle.dz\\\/index.php\\\/2025\\\/05\\\/28\\\/transports-des-fiat-pour-les-taximen\\\/#respond\"]}]},{\"@type\":\"WebPage\",\"@id\":\"https:\\\/\\\/lasentinelle.dz\\\/index.php\\\/2025\\\/05\\\/28\\\/transports-des-fiat-pour-les-taximen\\\/\",\"url\":\"https:\\\/\\\/lasentinelle.dz\\\/index.php\\\/2025\\\/05\\\/28\\\/transports-des-fiat-pour-les-taximen\\\/\",\"name\":\"Transports : Des Fiat pour les taximen - La Sentinelle\",\"isPartOf\":{\"@id\":\"https:\\\/\\\/lasentinelle.dz\\\/#website\"},\"primaryImageOfPage\":{\"@id\":\"https:\\\/\\\/lasentinelle.dz\\\/index.php\\\/2025\\\/05\\\/28\\\/transports-des-fiat-pour-les-taximen\\\/#primaryimage\"},\"image\":{\"@id\":\"https:\\\/\\\/lasentinelle.dz\\\/index.php\\\/2025\\\/05\\\/28\\\/transports-des-fiat-pour-les-taximen\\\/#primaryimage\"},\"thumbnailUrl\":\"https:\\\/\\\/lasentinelle.dz\\\/wp-content\\\/uploads\\\/2025\\\/05\\\/fiat.jpg\",\"datePublished\":\"2025-05-28T10:21:52+00:00\",\"dateModified\":\"2025-05-28T10:21:53+00:00\",\"breadcrumb\":{\"@id\":\"https:\\\/\\\/lasentinelle.dz\\\/index.php\\\/2025\\\/05\\\/28\\\/transports-des-fiat-pour-les-taximen\\\/#breadcrumb\"},\"inLanguage\":\"fr-FR\",\"potentialAction\":[{\"@type\":\"ReadAction\",\"target\":[\"https:\\\/\\\/lasentinelle.dz\\\/index.php\\\/2025\\\/05\\\/28\\\/transports-des-fiat-pour-les-taximen\\\/\"]}]},{\"@type\":\"ImageObject\",\"inLanguage\":\"fr-FR\",\"@id\":\"https:\\\/\\\/lasentinelle.dz\\\/index.php\\\/2025\\\/05\\\/28\\\/transports-des-fiat-pour-les-taximen\\\/#primaryimage\",\"url\":\"https:\\\/\\\/lasentinelle.dz\\\/wp-content\\\/uploads\\\/2025\\\/05\\\/fiat.jpg\",\"contentUrl\":\"https:\\\/\\\/lasentinelle.dz\\\/wp-content\\\/uploads\\\/2025\\\/05\\\/fiat.jpg\",\"width\":1600,\"height\":1066},{\"@type\":\"BreadcrumbList\",\"@id\":\"https:\\\/\\\/lasentinelle.dz\\\/index.php\\\/2025\\\/05\\\/28\\\/transports-des-fiat-pour-les-taximen\\\/#breadcrumb\",\"itemListElement\":[{\"@type\":\"ListItem\",\"position\":1,\"name\":\"Accueil\",\"item\":\"https:\\\/\\\/lasentinelle.dz\\\/\"},{\"@type\":\"ListItem\",\"position\":2,\"name\":\"Transports : Des Fiat pour les taximen\"}]},{\"@type\":\"WebSite\",\"@id\":\"https:\\\/\\\/lasentinelle.dz\\\/#website\",\"url\":\"https:\\\/\\\/lasentinelle.dz\\\/\",\"name\":\"La Sentinelle\",\"description\":\"Quotidien national d&#039;information\",\"publisher\":{\"@id\":\"https:\\\/\\\/lasentinelle.dz\\\/#organization\"},\"potentialAction\":[{\"@type\":\"SearchAction\",\"target\":{\"@type\":\"EntryPoint\",\"urlTemplate\":\"https:\\\/\\\/lasentinelle.dz\\\/?s={search_term_string}\"},\"query-input\":{\"@type\":\"PropertyValueSpecification\",\"valueRequired\":true,\"valueName\":\"search_term_string\"}}],\"inLanguage\":\"fr-FR\"},{\"@type\":\"Organization\",\"@id\":\"https:\\\/\\\/lasentinelle.dz\\\/#organization\",\"name\":\"Quotidien La Sentinelle\",\"url\":\"https:\\\/\\\/lasentinelle.dz\\\/\",\"logo\":{\"@type\":\"ImageObject\",\"inLanguage\":\"fr-FR\",\"@id\":\"https:\\\/\\\/lasentinelle.dz\\\/#\\\/schema\\\/logo\\\/image\\\/\",\"url\":\"https:\\\/\\\/lasentinelle.dz\\\/wp-content\\\/uploads\\\/2021\\\/09\\\/logo-sentinelleSLOGAN-1.png\",\"contentUrl\":\"https:\\\/\\\/lasentinelle.dz\\\/wp-content\\\/uploads\\\/2021\\\/09\\\/logo-sentinelleSLOGAN-1.png\",\"width\":615,\"height\":142,\"caption\":\"Quotidien La Sentinelle\"},\"image\":{\"@id\":\"https:\\\/\\\/lasentinelle.dz\\\/#\\\/schema\\\/logo\\\/image\\\/\"},\"sameAs\":[\"https:\\\/\\\/www.facebook.com\\\/La-Sentinelle-104059864394773\"]},{\"@type\":\"Person\",\"@id\":\"https:\\\/\\\/lasentinelle.dz\\\/#\\\/schema\\\/person\\\/729ee0024f24e0b8c5ec17232f8e8b41\",\"name\":\"admin\",\"image\":{\"@type\":\"ImageObject\",\"inLanguage\":\"fr-FR\",\"@id\":\"https:\\\/\\\/secure.gravatar.com\\\/avatar\\\/4c81fed838786e9b53f540bf46533e750f5d292099ae3b66cfc6fb1982e29df7?s=96&d=mm&r=g\",\"url\":\"https:\\\/\\\/secure.gravatar.com\\\/avatar\\\/4c81fed838786e9b53f540bf46533e750f5d292099ae3b66cfc6fb1982e29df7?s=96&d=mm&r=g\",\"contentUrl\":\"https:\\\/\\\/secure.gravatar.com\\\/avatar\\\/4c81fed838786e9b53f540bf46533e750f5d292099ae3b66cfc6fb1982e29df7?s=96&d=mm&r=g\",\"caption\":\"admin\"},\"description\":\"admin\",\"url\":\"https:\\\/\\\/lasentinelle.dz\\\/author\\\/admin\\\/\"}]}<\/script>\n<!-- \/ Yoast SEO plugin. -->","yoast_head_json":{"title":"Transports : Des Fiat pour les taximen - La Sentinelle","robots":{"index":"index","follow":"follow","max-snippet":"max-snippet:-1","max-image-preview":"max-image-preview:large","max-video-preview":"max-video-preview:-1"},"canonical":"https:\/\/lasentinelle.dz\/index.php\/2025\/05\/28\/transports-des-fiat-pour-les-taximen\/","og_locale":"fr_FR","og_type":"article","og_title":"Transports : Des Fiat pour les taximen - La Sentinelle","og_description":"Le secteur du transport se modernise. C&rsquo;est dans ce sens que le premier lot de v\u00e9hicules Fiat fabriqu\u00e9s localement a","og_url":"https:\/\/lasentinelle.dz\/index.php\/2025\/05\/28\/transports-des-fiat-pour-les-taximen\/","og_site_name":"La Sentinelle","article_publisher":"https:\/\/www.facebook.com\/La-Sentinelle-104059864394773","article_published_time":"2025-05-28T10:21:52+00:00","article_modified_time":"2025-05-28T10:21:53+00:00","og_image":[{"width":1600,"height":1066,"url":"https:\/\/lasentinelle.dz\/wp-content\/uploads\/2025\/05\/fiat.jpg","type":"image\/jpeg"}],"author":"admin","twitter_card":"summary_large_image","twitter_misc":{"\u00c9crit par":"admin","Dur\u00e9e de lecture estim\u00e9e":"3 minutes"},"schema":{"@context":"https:\/\/schema.org","@graph":[{"@type":"Article","@id":"https:\/\/lasentinelle.dz\/index.php\/2025\/05\/28\/transports-des-fiat-pour-les-taximen\/#article","isPartOf":{"@id":"https:\/\/lasentinelle.dz\/index.php\/2025\/05\/28\/transports-des-fiat-pour-les-taximen\/"},"author":{"name":"admin","@id":"https:\/\/lasentinelle.dz\/#\/schema\/person\/729ee0024f24e0b8c5ec17232f8e8b41"},"headline":"Transports : Des Fiat pour les taximen","datePublished":"2025-05-28T10:21:52+00:00","dateModified":"2025-05-28T10:21:53+00:00","mainEntityOfPage":{"@id":"https:\/\/lasentinelle.dz\/index.php\/2025\/05\/28\/transports-des-fiat-pour-les-taximen\/"},"wordCount":608,"commentCount":0,"publisher":{"@id":"https:\/\/lasentinelle.dz\/#organization"},"image":{"@id":"https:\/\/lasentinelle.dz\/index.php\/2025\/05\/28\/transports-des-fiat-pour-les-taximen\/#primaryimage"},"thumbnailUrl":"https:\/\/lasentinelle.dz\/wp-content\/uploads\/2025\/05\/fiat.jpg","articleSection":["Actualit\u00e9"],"inLanguage":"fr-FR","potentialAction":[{"@type":"CommentAction","name":"Comment","target":["https:\/\/lasentinelle.dz\/index.php\/2025\/05\/28\/transports-des-fiat-pour-les-taximen\/#respond"]}]},{"@type":"WebPage","@id":"https:\/\/lasentinelle.dz\/index.php\/2025\/05\/28\/transports-des-fiat-pour-les-taximen\/","url":"https:\/\/lasentinelle.dz\/index.php\/2025\/05\/28\/transports-des-fiat-pour-les-taximen\/","name":"Transports : Des Fiat pour les taximen - La Sentinelle","isPartOf":{"@id":"https:\/\/lasentinelle.dz\/#website"},"primaryImageOfPage":{"@id":"https:\/\/lasentinelle.dz\/index.php\/2025\/05\/28\/transports-des-fiat-pour-les-taximen\/#primaryimage"},"image":{"@id":"https:\/\/lasentinelle.dz\/index.php\/2025\/05\/28\/transports-des-fiat-pour-les-taximen\/#primaryimage"},"thumbnailUrl":"https:\/\/lasentinelle.dz\/wp-content\/uploads\/2025\/05\/fiat.jpg","datePublished":"2025-05-28T10:21:52+00:00","dateModified":"2025-05-28T10:21:53+00:00","breadcrumb":{"@id":"https:\/\/lasentinelle.dz\/index.php\/2025\/05\/28\/transports-des-fiat-pour-les-taximen\/#breadcrumb"},"inLanguage":"fr-FR","potentialAction":[{"@type":"ReadAction","target":["https:\/\/lasentinelle.dz\/index.php\/2025\/05\/28\/transports-des-fiat-pour-les-taximen\/"]}]},{"@type":"ImageObject","inLanguage":"fr-FR","@id":"https:\/\/lasentinelle.dz\/index.php\/2025\/05\/28\/transports-des-fiat-pour-les-taximen\/#primaryimage","url":"https:\/\/lasentinelle.dz\/wp-content\/uploads\/2025\/05\/fiat.jpg","contentUrl":"https:\/\/lasentinelle.dz\/wp-content\/uploads\/2025\/05\/fiat.jpg","width":1600,"height":1066},{"@type":"BreadcrumbList","@id":"https:\/\/lasentinelle.dz\/index.php\/2025\/05\/28\/transports-des-fiat-pour-les-taximen\/#breadcrumb","itemListElement":[{"@type":"ListItem","position":1,"name":"Accueil","item":"https:\/\/lasentinelle.dz\/"},{"@type":"ListItem","position":2,"name":"Transports : Des Fiat pour les taximen"}]},{"@type":"WebSite","@id":"https:\/\/lasentinelle.dz\/#website","url":"https:\/\/lasentinelle.dz\/","name":"La Sentinelle","description":"Quotidien national d&#039;information","publisher":{"@id":"https:\/\/lasentinelle.dz\/#organization"},"potentialAction":[{"@type":"SearchAction","target":{"@type":"EntryPoint","urlTemplate":"https:\/\/lasentinelle.dz\/?s={search_term_string}"},"query-input":{"@type":"PropertyValueSpecification","valueRequired":true,"valueName":"search_term_string"}}],"inLanguage":"fr-FR"},{"@type":"Organization","@id":"https:\/\/lasentinelle.dz\/#organization","name":"Quotidien La Sentinelle","url":"https:\/\/lasentinelle.dz\/","logo":{"@type":"ImageObject","inLanguage":"fr-FR","@id":"https:\/\/lasentinelle.dz\/#\/schema\/logo\/image\/","url":"https:\/\/lasentinelle.dz\/wp-content\/uploads\/2021\/09\/logo-sentinelleSLOGAN-1.png","contentUrl":"https:\/\/lasentinelle.dz\/wp-content\/uploads\/2021\/09\/logo-sentinelleSLOGAN-1.png","width":615,"height":142,"caption":"Quotidien La Sentinelle"},"image":{"@id":"https:\/\/lasentinelle.dz\/#\/schema\/logo\/image\/"},"sameAs":["https:\/\/www.facebook.com\/La-Sentinelle-104059864394773"]},{"@type":"Person","@id":"https:\/\/lasentinelle.dz\/#\/schema\/person\/729ee0024f24e0b8c5ec17232f8e8b41","name":"admin","image":{"@type":"ImageObject","inLanguage":"fr-FR","@id":"https:\/\/secure.gravatar.com\/avatar\/4c81fed838786e9b53f540bf46533e750f5d292099ae3b66cfc6fb1982e29df7?s=96&d=mm&r=g","url":"https:\/\/secure.gravatar.com\/avatar\/4c81fed838786e9b53f540bf46533e750f5d292099ae3b66cfc6fb1982e29df7?s=96&d=mm&r=g","contentUrl":"https:\/\/secure.gravatar.com\/avatar\/4c81fed838786e9b53f540bf46533e750f5d292099ae3b66cfc6fb1982e29df7?s=96&d=mm&r=g","caption":"admin"},"description":"admin","url":"https:\/\/lasentinelle.dz\/author\/admin\/"}]}},"_links":{"self":[{"href":"https:\/\/lasentinelle.dz\/index.php\/wp-json\/wp\/v2\/posts\/68031","targetHints":{"allow":["GET"]}}],"collection":[{"href":"https:\/\/lasentinelle.dz\/index.php\/wp-json\/wp\/v2\/posts"}],"about":[{"href":"https:\/\/lasentinelle.dz\/index.php\/wp-json\/wp\/v2\/types\/post"}],"author":[{"embeddable":true,"href":"https:\/\/lasentinelle.dz\/index.php\/wp-json\/wp\/v2\/users\/6"}],"replies":[{"embeddable":true,"href":"https:\/\/lasentinelle.dz\/index.php\/wp-json\/wp\/v2\/comments?post=68031"}],"version-history":[{"count":1,"href":"https:\/\/lasentinelle.dz\/index.php\/wp-json\/wp\/v2\/posts\/68031\/revisions"}],"predecessor-version":[{"id":68033,"href":"https:\/\/lasentinelle.dz\/index.php\/wp-json\/wp\/v2\/posts\/68031\/revisions\/68033"}],"wp:featuredmedia":[{"embeddable":true,"href":"https:\/\/lasentinelle.dz\/index.php\/wp-json\/wp\/v2\/media\/68032"}],"wp:attachment":[{"href":"https:\/\/lasentinelle.dz\/index.php\/wp-json\/wp\/v2\/media?parent=68031"}],"wp:term":[{"taxonomy":"category","embeddable":true,"href":"https:\/\/lasentinelle.dz\/index.php\/wp-json\/wp\/v2\/categories?post=68031"},{"taxonomy":"post_tag","embeddable":true,"href":"https:\/\/lasentinelle.dz\/index.php\/wp-json\/wp\/v2\/tags?post=68031"}],"curies":[{"name":"wp","href":"https:\/\/api.w.org\/{rel}","templated":true}]}}