{"id":68034,"date":"2025-05-28T11:23:04","date_gmt":"2025-05-28T10:23:04","guid":{"rendered":"https:\/\/lasentinelle.dz\/?p=68034"},"modified":"2025-05-28T11:23:05","modified_gmt":"2025-05-28T10:23:05","slug":"ghaza-sous-le-feu-sioniste-lescalade-meurtriere-se-poursuit-malgre-les-appels-internationaux","status":"publish","type":"post","link":"https:\/\/lasentinelle.dz\/index.php\/2025\/05\/28\/ghaza-sous-le-feu-sioniste-lescalade-meurtriere-se-poursuit-malgre-les-appels-internationaux\/","title":{"rendered":"Ghaza sous le feu sioniste : L&rsquo;escalade meurtri\u00e8re se poursuit malgr\u00e9 les appels internationaux"},"content":{"rendered":"\n<p>La bande de Ghaza continue de subir une intensification dramatique des bombardements isra\u00e9liens, avec un bilan qui ne cesse de s&rsquo;alourdir depuis la reprise des hostilit\u00e9s le 18 mars dernier. Les autorit\u00e9s sanitaires palestiniennes font \u00e9tat de 54 056 martyrs et 123 129 bless\u00e9s depuis le 7 octobre 2023, avec 79 nouveaux martyrs et 163 bless\u00e9s recens\u00e9s au cours des derni\u00e8res 24 heures. Cette escalade meurtri\u00e8re survient apr\u00e8s une interruption de plus de deux mois cons\u00e9cutive \u00e0 un accord de cessez-le-feu. Les bombardements s&rsquo;intensifient particuli\u00e8rement dans les zones dens\u00e9ment peupl\u00e9es, frappant indistinctement les habitations civiles et les infrastructures essentielles. Dans le quartier d&rsquo;Al-Zeitoun au sud-est de Ghaza, une maison a \u00e9t\u00e9 vis\u00e9e, causant la mort d&rsquo;un civil et faisant plusieurs bless\u00e9s. La ville de Beit Lahia au nord de l&rsquo;enclave n&rsquo;a pas \u00e9t\u00e9 \u00e9pargn\u00e9e, subissant des frappes a\u00e9riennes qui ont co\u00fbt\u00e9 la vie \u00e0 plusieurs Palestiniens. Khan Younes, dans le sud de Ghaza, a \u00e9galement \u00e9t\u00e9 la cible de bombardements meurtriers, avec cinq civils tomb\u00e9s en martyrs selon l&rsquo;agence de presse palestinienne Wafa. Ces attaques syst\u00e9matiques contre les zones r\u00e9sidentielles illustrent la strat\u00e9gie de terreur mise en \u0153uvre par l&rsquo;arm\u00e9e d&rsquo;occupation, qui utilise conjointement aviation, artillerie et blind\u00e9s pour maintenir une pression constante sur la population civile palestinienne.<\/p>\n\n\n\n<p>L&rsquo;effondrement du syst\u00e8me de sant\u00e9 Ghazaoui atteint des proportions catastrophiques selon l&rsquo;Office de secours et de travaux des Nations Unies pour les r\u00e9fugi\u00e9s de Palestine. L&rsquo;UNRWA r\u00e9v\u00e8le que seulement six de ses vingt-deux centres de sant\u00e9 demeurent op\u00e9rationnels, tant \u00e0 l&rsquo;int\u00e9rieur qu&rsquo;\u00e0 l&rsquo;ext\u00e9rieur des centres d&rsquo;h\u00e9bergement, en raison des bombardements incessants. Cette destruction m\u00e9thodique des infrastructures m\u00e9dicales s&rsquo;accompagne d&rsquo;une p\u00e9nurie critique de fournitures m\u00e9dicales de base, rendant quasi impossible la prise en charge des bless\u00e9s qui affluent quotidiennement. Juliette Touma, porte-parole de l&rsquo;UNRWA, exprime l&rsquo;ampleur de la trag\u00e9die humanitaire en cours : \u00ab\u00a0Les habitants de Ghaza souffrent \u00e9norm\u00e9ment. C&rsquo;est extr\u00eamement difficile \u00e0 exprimer avec des mots.\u00a0\u00bb Cette souffrance est exacerb\u00e9e par le blocus humanitaire impos\u00e9 depuis le 2 mars dernier, qui emp\u00eache l&rsquo;entr\u00e9e de toute aide alimentaire, m\u00e9dicale et humanitaire dans l&rsquo;enclave. L&rsquo;agence onusienne estime qu&rsquo;entre 500 et 600 camions de ravitaillement devraient entrer quotidiennement \u00e0 Ghaza pour r\u00e9pondre aux besoins \u00e9l\u00e9mentaires de la population, un objectif rendu impossible par la fermeture syst\u00e9matique des points de passage par les forces d&rsquo;occupation.<\/p>\n\n\n\n<p>Parall\u00e8lement \u00e0 l&rsquo;intensification des bombardements sur Ghaza, El Qds-Est occup\u00e9e devient le th\u00e9\u00e2tre d&rsquo;une escalade des provocations coloniales. Des dizaines de colons sionistes ont pris d&rsquo;assaut l&rsquo;esplanade de la mosqu\u00e9e Al-Aqsa sous la protection de la police d&rsquo;occupation, menant des marches provocatrices et accomplissant des rituels talmudiques dans les cours du troisi\u00e8me lieu saint de l&rsquo;Islam. Cette profanation d\u00e9lib\u00e9r\u00e9e s&rsquo;inscrit dans une strat\u00e9gie plus large de juda\u00efsation d&rsquo;El Qods-Est, visant \u00e0 modifier l&rsquo;identit\u00e9 culturelle et religieuse de la ville sainte. La police d&rsquo;occupation a transform\u00e9 la vieille ville en v\u00e9ritable caserne militaire, d\u00e9ployant des centaines d&rsquo;agents et imposant des restrictions s\u00e9v\u00e8res \u00e0 l&rsquo;entr\u00e9e des fid\u00e8les palestiniens. Le mouvement Hamas a fermement condamn\u00e9 ces incursions, les qualifiant de \u00ab\u00a0violation flagrante du caract\u00e8re sacr\u00e9 et du statut d&rsquo;Al-Aqsa pour toute la nation islamique\u00a0\u00bb et appelant le peuple palestinien \u00e0 intensifier sa pr\u00e9sence pour faire face \u00e0 ces provocations. Cette escalade \u00e0 El Qods s&rsquo;ajoute aux tensions d\u00e9j\u00e0 extr\u00eames \u00e0 Ghaza, cr\u00e9ant un climat d&rsquo;instabilit\u00e9 g\u00e9n\u00e9ralis\u00e9e dans les territoires palestiniens occup\u00e9s.<\/p>\n\n\n\n<p>La communaut\u00e9 internationale commence \u00e0 r\u00e9agir face \u00e0 l&rsquo;ampleur de la catastrophe humanitaire. Plus de 800 avocats, universitaires et juges britanniques \u00e0 la retraite, incluant d&rsquo;anciens magistrats de la Cour supr\u00eame, ont adress\u00e9 une lettre au Premier ministre Keir Starmer pour exiger l&rsquo;imposition de sanctions contre l&rsquo;entit\u00e9 sioniste. Ces juristes d\u00e9noncent la commission de crimes de guerre, de crimes contre l&rsquo;humanit\u00e9 et de graves violations du droit international humanitaire en Palestine, soulignant l&rsquo;existence de preuves croissantes d&rsquo;un g\u00e9nocide en cours. L&rsquo;Allemagne et la Finlande ont \u00e9galement exprim\u00e9 leur volont\u00e9 de \u00ab\u00a0mettre la pression\u00a0\u00bb sur l&rsquo;entit\u00e9 sioniste pour permettre l&rsquo;acheminement de l&rsquo;aide humanitaire, le chancelier allemand Friedrich Merz d\u00e9clarant que \u00ab\u00a0ce que nous voyons dans la bande de Ghaza n&rsquo;est en aucun cas acceptable\u00a0\u00bb. Cette pression diplomatique croissante s&rsquo;accompagne de gestes de reconnaissance de la Palestine, la Colombie ayant nomm\u00e9 son premier ambassadeur dans les territoires palestiniens en la personne de Jorge Ivan Ospina, ancien maire de Cali. Malte a \u00e9galement annonc\u00e9 sa reconnaissance prochaine de l&rsquo;\u00c9tat palestinien, rejoignant ainsi les pays qui refusent d&rsquo;ignorer plus longtemps les souffrances du peuple palestinien.<\/p>\n\n\n\n<p>L.S.<\/p>\n","protected":false},"excerpt":{"rendered":"<p>La bande de Ghaza continue de subir une intensification dramatique des bombardements isra\u00e9liens, avec un bilan qui ne cesse de<\/p>\n","protected":false},"author":6,"featured_media":61568,"comment_status":"open","ping_status":"closed","sticky":false,"template":"","format":"standard","meta":{"colormag_page_container_layout":"default_layout","colormag_page_sidebar_layout":"default_layout","om_disable_all_campaigns":false,"_monsterinsights_skip_tracking":false,"_monsterinsights_sitenote_active":false,"_monsterinsights_sitenote_note":"","_monsterinsights_sitenote_category":0,"footnotes":"","_wpscppro_dont_share_socialmedia":false,"_wpscppro_custom_social_share_image":0,"_facebook_share_type":"default","_twitter_share_type":"default","_linkedin_share_type":"default","_pinterest_share_type":"default","_linkedin_share_type_page":"","_instagram_share_type":"default","_medium_share_type":"default","_threads_share_type":"","_google_business_share_type":"","_selected_social_profile":[],"_wpsp_enable_custom_social_template":false,"_wpsp_social_scheduling":{"enabled":false,"datetime":null,"platforms":[],"status":"template_only","dateOption":"today","timeOption":"now","customDays":"","customHours":"","customDate":"","customTime":"","schedulingType":"absolute"},"_wpsp_active_default_template":true},"categories":[37],"tags":[],"class_list":["post-68034","post","type-post","status-publish","format-standard","has-post-thumbnail","hentry","category-monde"],"aioseo_notices":[],"yoast_head":"<!-- This site is optimized with the Yoast SEO plugin v27.5 - https:\/\/yoast.com\/product\/yoast-seo-wordpress\/ -->\n<title>Ghaza sous le feu sioniste : L&rsquo;escalade meurtri\u00e8re se poursuit malgr\u00e9 les appels internationaux - La Sentinelle<\/title>\n<meta name=\"robots\" content=\"index, follow, max-snippet:-1, max-image-preview:large, max-video-preview:-1\" \/>\n<link rel=\"canonical\" href=\"https:\/\/lasentinelle.dz\/index.php\/2025\/05\/28\/ghaza-sous-le-feu-sioniste-lescalade-meurtriere-se-poursuit-malgre-les-appels-internationaux\/\" \/>\n<meta property=\"og:locale\" content=\"fr_FR\" \/>\n<meta property=\"og:type\" content=\"article\" \/>\n<meta property=\"og:title\" content=\"Ghaza sous le feu sioniste : L&rsquo;escalade meurtri\u00e8re se poursuit malgr\u00e9 les appels internationaux - La Sentinelle\" \/>\n<meta property=\"og:description\" content=\"La bande de Ghaza continue de subir une intensification dramatique des bombardements isra\u00e9liens, avec un bilan qui ne cesse de\" \/>\n<meta property=\"og:url\" content=\"https:\/\/lasentinelle.dz\/index.php\/2025\/05\/28\/ghaza-sous-le-feu-sioniste-lescalade-meurtriere-se-poursuit-malgre-les-appels-internationaux\/\" \/>\n<meta property=\"og:site_name\" content=\"La Sentinelle\" \/>\n<meta property=\"article:publisher\" content=\"https:\/\/www.facebook.com\/La-Sentinelle-104059864394773\" \/>\n<meta property=\"article:published_time\" content=\"2025-05-28T10:23:04+00:00\" \/>\n<meta property=\"article:modified_time\" content=\"2025-05-28T10:23:05+00:00\" \/>\n<meta property=\"og:image\" content=\"https:\/\/lasentinelle.dz\/wp-content\/uploads\/2025\/01\/Ghaza-1.jpeg\" \/>\n\t<meta property=\"og:image:width\" content=\"1440\" \/>\n\t<meta property=\"og:image:height\" content=\"810\" \/>\n\t<meta property=\"og:image:type\" content=\"image\/jpeg\" \/>\n<meta name=\"author\" content=\"admin\" \/>\n<meta name=\"twitter:card\" content=\"summary_large_image\" \/>\n<meta name=\"twitter:label1\" content=\"\u00c9crit par\" \/>\n\t<meta name=\"twitter:data1\" content=\"admin\" \/>\n\t<meta name=\"twitter:label2\" content=\"Dur\u00e9e de lecture estim\u00e9e\" \/>\n\t<meta name=\"twitter:data2\" content=\"4 minutes\" \/>\n<script type=\"application\/ld+json\" class=\"yoast-schema-graph\">{\"@context\":\"https:\\\/\\\/schema.org\",\"@graph\":[{\"@type\":\"Article\",\"@id\":\"https:\\\/\\\/lasentinelle.dz\\\/index.php\\\/2025\\\/05\\\/28\\\/ghaza-sous-le-feu-sioniste-lescalade-meurtriere-se-poursuit-malgre-les-appels-internationaux\\\/#article\",\"isPartOf\":{\"@id\":\"https:\\\/\\\/lasentinelle.dz\\\/index.php\\\/2025\\\/05\\\/28\\\/ghaza-sous-le-feu-sioniste-lescalade-meurtriere-se-poursuit-malgre-les-appels-internationaux\\\/\"},\"author\":{\"name\":\"admin\",\"@id\":\"https:\\\/\\\/lasentinelle.dz\\\/#\\\/schema\\\/person\\\/729ee0024f24e0b8c5ec17232f8e8b41\"},\"headline\":\"Ghaza sous le feu sioniste : L&rsquo;escalade meurtri\u00e8re se poursuit malgr\u00e9 les appels internationaux\",\"datePublished\":\"2025-05-28T10:23:04+00:00\",\"dateModified\":\"2025-05-28T10:23:05+00:00\",\"mainEntityOfPage\":{\"@id\":\"https:\\\/\\\/lasentinelle.dz\\\/index.php\\\/2025\\\/05\\\/28\\\/ghaza-sous-le-feu-sioniste-lescalade-meurtriere-se-poursuit-malgre-les-appels-internationaux\\\/\"},\"wordCount\":849,\"commentCount\":0,\"publisher\":{\"@id\":\"https:\\\/\\\/lasentinelle.dz\\\/#organization\"},\"image\":{\"@id\":\"https:\\\/\\\/lasentinelle.dz\\\/index.php\\\/2025\\\/05\\\/28\\\/ghaza-sous-le-feu-sioniste-lescalade-meurtriere-se-poursuit-malgre-les-appels-internationaux\\\/#primaryimage\"},\"thumbnailUrl\":\"https:\\\/\\\/lasentinelle.dz\\\/wp-content\\\/uploads\\\/2025\\\/01\\\/Ghaza-1.jpeg\",\"articleSection\":[\"Monde\"],\"inLanguage\":\"fr-FR\",\"potentialAction\":[{\"@type\":\"CommentAction\",\"name\":\"Comment\",\"target\":[\"https:\\\/\\\/lasentinelle.dz\\\/index.php\\\/2025\\\/05\\\/28\\\/ghaza-sous-le-feu-sioniste-lescalade-meurtriere-se-poursuit-malgre-les-appels-internationaux\\\/#respond\"]}]},{\"@type\":\"WebPage\",\"@id\":\"https:\\\/\\\/lasentinelle.dz\\\/index.php\\\/2025\\\/05\\\/28\\\/ghaza-sous-le-feu-sioniste-lescalade-meurtriere-se-poursuit-malgre-les-appels-internationaux\\\/\",\"url\":\"https:\\\/\\\/lasentinelle.dz\\\/index.php\\\/2025\\\/05\\\/28\\\/ghaza-sous-le-feu-sioniste-lescalade-meurtriere-se-poursuit-malgre-les-appels-internationaux\\\/\",\"name\":\"Ghaza sous le feu sioniste : L&rsquo;escalade meurtri\u00e8re se poursuit malgr\u00e9 les appels internationaux - La Sentinelle\",\"isPartOf\":{\"@id\":\"https:\\\/\\\/lasentinelle.dz\\\/#website\"},\"primaryImageOfPage\":{\"@id\":\"https:\\\/\\\/lasentinelle.dz\\\/index.php\\\/2025\\\/05\\\/28\\\/ghaza-sous-le-feu-sioniste-lescalade-meurtriere-se-poursuit-malgre-les-appels-internationaux\\\/#primaryimage\"},\"image\":{\"@id\":\"https:\\\/\\\/lasentinelle.dz\\\/index.php\\\/2025\\\/05\\\/28\\\/ghaza-sous-le-feu-sioniste-lescalade-meurtriere-se-poursuit-malgre-les-appels-internationaux\\\/#primaryimage\"},\"thumbnailUrl\":\"https:\\\/\\\/lasentinelle.dz\\\/wp-content\\\/uploads\\\/2025\\\/01\\\/Ghaza-1.jpeg\",\"datePublished\":\"2025-05-28T10:23:04+00:00\",\"dateModified\":\"2025-05-28T10:23:05+00:00\",\"breadcrumb\":{\"@id\":\"https:\\\/\\\/lasentinelle.dz\\\/index.php\\\/2025\\\/05\\\/28\\\/ghaza-sous-le-feu-sioniste-lescalade-meurtriere-se-poursuit-malgre-les-appels-internationaux\\\/#breadcrumb\"},\"inLanguage\":\"fr-FR\",\"potentialAction\":[{\"@type\":\"ReadAction\",\"target\":[\"https:\\\/\\\/lasentinelle.dz\\\/index.php\\\/2025\\\/05\\\/28\\\/ghaza-sous-le-feu-sioniste-lescalade-meurtriere-se-poursuit-malgre-les-appels-internationaux\\\/\"]}]},{\"@type\":\"ImageObject\",\"inLanguage\":\"fr-FR\",\"@id\":\"https:\\\/\\\/lasentinelle.dz\\\/index.php\\\/2025\\\/05\\\/28\\\/ghaza-sous-le-feu-sioniste-lescalade-meurtriere-se-poursuit-malgre-les-appels-internationaux\\\/#primaryimage\",\"url\":\"https:\\\/\\\/lasentinelle.dz\\\/wp-content\\\/uploads\\\/2025\\\/01\\\/Ghaza-1.jpeg\",\"contentUrl\":\"https:\\\/\\\/lasentinelle.dz\\\/wp-content\\\/uploads\\\/2025\\\/01\\\/Ghaza-1.jpeg\",\"width\":1440,\"height\":810},{\"@type\":\"BreadcrumbList\",\"@id\":\"https:\\\/\\\/lasentinelle.dz\\\/index.php\\\/2025\\\/05\\\/28\\\/ghaza-sous-le-feu-sioniste-lescalade-meurtriere-se-poursuit-malgre-les-appels-internationaux\\\/#breadcrumb\",\"itemListElement\":[{\"@type\":\"ListItem\",\"position\":1,\"name\":\"Accueil\",\"item\":\"https:\\\/\\\/lasentinelle.dz\\\/\"},{\"@type\":\"ListItem\",\"position\":2,\"name\":\"Ghaza sous le feu sioniste : L&rsquo;escalade meurtri\u00e8re se poursuit malgr\u00e9 les appels internationaux\"}]},{\"@type\":\"WebSite\",\"@id\":\"https:\\\/\\\/lasentinelle.dz\\\/#website\",\"url\":\"https:\\\/\\\/lasentinelle.dz\\\/\",\"name\":\"La Sentinelle\",\"description\":\"Quotidien national d&#039;information\",\"publisher\":{\"@id\":\"https:\\\/\\\/lasentinelle.dz\\\/#organization\"},\"potentialAction\":[{\"@type\":\"SearchAction\",\"target\":{\"@type\":\"EntryPoint\",\"urlTemplate\":\"https:\\\/\\\/lasentinelle.dz\\\/?s={search_term_string}\"},\"query-input\":{\"@type\":\"PropertyValueSpecification\",\"valueRequired\":true,\"valueName\":\"search_term_string\"}}],\"inLanguage\":\"fr-FR\"},{\"@type\":\"Organization\",\"@id\":\"https:\\\/\\\/lasentinelle.dz\\\/#organization\",\"name\":\"Quotidien La Sentinelle\",\"url\":\"https:\\\/\\\/lasentinelle.dz\\\/\",\"logo\":{\"@type\":\"ImageObject\",\"inLanguage\":\"fr-FR\",\"@id\":\"https:\\\/\\\/lasentinelle.dz\\\/#\\\/schema\\\/logo\\\/image\\\/\",\"url\":\"https:\\\/\\\/lasentinelle.dz\\\/wp-content\\\/uploads\\\/2021\\\/09\\\/logo-sentinelleSLOGAN-1.png\",\"contentUrl\":\"https:\\\/\\\/lasentinelle.dz\\\/wp-content\\\/uploads\\\/2021\\\/09\\\/logo-sentinelleSLOGAN-1.png\",\"width\":615,\"height\":142,\"caption\":\"Quotidien La Sentinelle\"},\"image\":{\"@id\":\"https:\\\/\\\/lasentinelle.dz\\\/#\\\/schema\\\/logo\\\/image\\\/\"},\"sameAs\":[\"https:\\\/\\\/www.facebook.com\\\/La-Sentinelle-104059864394773\"]},{\"@type\":\"Person\",\"@id\":\"https:\\\/\\\/lasentinelle.dz\\\/#\\\/schema\\\/person\\\/729ee0024f24e0b8c5ec17232f8e8b41\",\"name\":\"admin\",\"image\":{\"@type\":\"ImageObject\",\"inLanguage\":\"fr-FR\",\"@id\":\"https:\\\/\\\/secure.gravatar.com\\\/avatar\\\/4c81fed838786e9b53f540bf46533e750f5d292099ae3b66cfc6fb1982e29df7?s=96&d=mm&r=g\",\"url\":\"https:\\\/\\\/secure.gravatar.com\\\/avatar\\\/4c81fed838786e9b53f540bf46533e750f5d292099ae3b66cfc6fb1982e29df7?s=96&d=mm&r=g\",\"contentUrl\":\"https:\\\/\\\/secure.gravatar.com\\\/avatar\\\/4c81fed838786e9b53f540bf46533e750f5d292099ae3b66cfc6fb1982e29df7?s=96&d=mm&r=g\",\"caption\":\"admin\"},\"description\":\"admin\",\"url\":\"https:\\\/\\\/lasentinelle.dz\\\/author\\\/admin\\\/\"}]}<\/script>\n<!-- \/ Yoast SEO plugin. -->","yoast_head_json":{"title":"Ghaza sous le feu sioniste : L&rsquo;escalade meurtri\u00e8re se poursuit malgr\u00e9 les appels internationaux - La Sentinelle","robots":{"index":"index","follow":"follow","max-snippet":"max-snippet:-1","max-image-preview":"max-image-preview:large","max-video-preview":"max-video-preview:-1"},"canonical":"https:\/\/lasentinelle.dz\/index.php\/2025\/05\/28\/ghaza-sous-le-feu-sioniste-lescalade-meurtriere-se-poursuit-malgre-les-appels-internationaux\/","og_locale":"fr_FR","og_type":"article","og_title":"Ghaza sous le feu sioniste : L&rsquo;escalade meurtri\u00e8re se poursuit malgr\u00e9 les appels internationaux - La Sentinelle","og_description":"La bande de Ghaza continue de subir une intensification dramatique des bombardements isra\u00e9liens, avec un bilan qui ne cesse de","og_url":"https:\/\/lasentinelle.dz\/index.php\/2025\/05\/28\/ghaza-sous-le-feu-sioniste-lescalade-meurtriere-se-poursuit-malgre-les-appels-internationaux\/","og_site_name":"La Sentinelle","article_publisher":"https:\/\/www.facebook.com\/La-Sentinelle-104059864394773","article_published_time":"2025-05-28T10:23:04+00:00","article_modified_time":"2025-05-28T10:23:05+00:00","og_image":[{"width":1440,"height":810,"url":"https:\/\/lasentinelle.dz\/wp-content\/uploads\/2025\/01\/Ghaza-1.jpeg","type":"image\/jpeg"}],"author":"admin","twitter_card":"summary_large_image","twitter_misc":{"\u00c9crit par":"admin","Dur\u00e9e de lecture estim\u00e9e":"4 minutes"},"schema":{"@context":"https:\/\/schema.org","@graph":[{"@type":"Article","@id":"https:\/\/lasentinelle.dz\/index.php\/2025\/05\/28\/ghaza-sous-le-feu-sioniste-lescalade-meurtriere-se-poursuit-malgre-les-appels-internationaux\/#article","isPartOf":{"@id":"https:\/\/lasentinelle.dz\/index.php\/2025\/05\/28\/ghaza-sous-le-feu-sioniste-lescalade-meurtriere-se-poursuit-malgre-les-appels-internationaux\/"},"author":{"name":"admin","@id":"https:\/\/lasentinelle.dz\/#\/schema\/person\/729ee0024f24e0b8c5ec17232f8e8b41"},"headline":"Ghaza sous le feu sioniste : L&rsquo;escalade meurtri\u00e8re se poursuit malgr\u00e9 les appels internationaux","datePublished":"2025-05-28T10:23:04+00:00","dateModified":"2025-05-28T10:23:05+00:00","mainEntityOfPage":{"@id":"https:\/\/lasentinelle.dz\/index.php\/2025\/05\/28\/ghaza-sous-le-feu-sioniste-lescalade-meurtriere-se-poursuit-malgre-les-appels-internationaux\/"},"wordCount":849,"commentCount":0,"publisher":{"@id":"https:\/\/lasentinelle.dz\/#organization"},"image":{"@id":"https:\/\/lasentinelle.dz\/index.php\/2025\/05\/28\/ghaza-sous-le-feu-sioniste-lescalade-meurtriere-se-poursuit-malgre-les-appels-internationaux\/#primaryimage"},"thumbnailUrl":"https:\/\/lasentinelle.dz\/wp-content\/uploads\/2025\/01\/Ghaza-1.jpeg","articleSection":["Monde"],"inLanguage":"fr-FR","potentialAction":[{"@type":"CommentAction","name":"Comment","target":["https:\/\/lasentinelle.dz\/index.php\/2025\/05\/28\/ghaza-sous-le-feu-sioniste-lescalade-meurtriere-se-poursuit-malgre-les-appels-internationaux\/#respond"]}]},{"@type":"WebPage","@id":"https:\/\/lasentinelle.dz\/index.php\/2025\/05\/28\/ghaza-sous-le-feu-sioniste-lescalade-meurtriere-se-poursuit-malgre-les-appels-internationaux\/","url":"https:\/\/lasentinelle.dz\/index.php\/2025\/05\/28\/ghaza-sous-le-feu-sioniste-lescalade-meurtriere-se-poursuit-malgre-les-appels-internationaux\/","name":"Ghaza sous le feu sioniste : L&rsquo;escalade meurtri\u00e8re se poursuit malgr\u00e9 les appels internationaux - La Sentinelle","isPartOf":{"@id":"https:\/\/lasentinelle.dz\/#website"},"primaryImageOfPage":{"@id":"https:\/\/lasentinelle.dz\/index.php\/2025\/05\/28\/ghaza-sous-le-feu-sioniste-lescalade-meurtriere-se-poursuit-malgre-les-appels-internationaux\/#primaryimage"},"image":{"@id":"https:\/\/lasentinelle.dz\/index.php\/2025\/05\/28\/ghaza-sous-le-feu-sioniste-lescalade-meurtriere-se-poursuit-malgre-les-appels-internationaux\/#primaryimage"},"thumbnailUrl":"https:\/\/lasentinelle.dz\/wp-content\/uploads\/2025\/01\/Ghaza-1.jpeg","datePublished":"2025-05-28T10:23:04+00:00","dateModified":"2025-05-28T10:23:05+00:00","breadcrumb":{"@id":"https:\/\/lasentinelle.dz\/index.php\/2025\/05\/28\/ghaza-sous-le-feu-sioniste-lescalade-meurtriere-se-poursuit-malgre-les-appels-internationaux\/#breadcrumb"},"inLanguage":"fr-FR","potentialAction":[{"@type":"ReadAction","target":["https:\/\/lasentinelle.dz\/index.php\/2025\/05\/28\/ghaza-sous-le-feu-sioniste-lescalade-meurtriere-se-poursuit-malgre-les-appels-internationaux\/"]}]},{"@type":"ImageObject","inLanguage":"fr-FR","@id":"https:\/\/lasentinelle.dz\/index.php\/2025\/05\/28\/ghaza-sous-le-feu-sioniste-lescalade-meurtriere-se-poursuit-malgre-les-appels-internationaux\/#primaryimage","url":"https:\/\/lasentinelle.dz\/wp-content\/uploads\/2025\/01\/Ghaza-1.jpeg","contentUrl":"https:\/\/lasentinelle.dz\/wp-content\/uploads\/2025\/01\/Ghaza-1.jpeg","width":1440,"height":810},{"@type":"BreadcrumbList","@id":"https:\/\/lasentinelle.dz\/index.php\/2025\/05\/28\/ghaza-sous-le-feu-sioniste-lescalade-meurtriere-se-poursuit-malgre-les-appels-internationaux\/#breadcrumb","itemListElement":[{"@type":"ListItem","position":1,"name":"Accueil","item":"https:\/\/lasentinelle.dz\/"},{"@type":"ListItem","position":2,"name":"Ghaza sous le feu sioniste : L&rsquo;escalade meurtri\u00e8re se poursuit malgr\u00e9 les appels internationaux"}]},{"@type":"WebSite","@id":"https:\/\/lasentinelle.dz\/#website","url":"https:\/\/lasentinelle.dz\/","name":"La Sentinelle","description":"Quotidien national d&#039;information","publisher":{"@id":"https:\/\/lasentinelle.dz\/#organization"},"potentialAction":[{"@type":"SearchAction","target":{"@type":"EntryPoint","urlTemplate":"https:\/\/lasentinelle.dz\/?s={search_term_string}"},"query-input":{"@type":"PropertyValueSpecification","valueRequired":true,"valueName":"search_term_string"}}],"inLanguage":"fr-FR"},{"@type":"Organization","@id":"https:\/\/lasentinelle.dz\/#organization","name":"Quotidien La Sentinelle","url":"https:\/\/lasentinelle.dz\/","logo":{"@type":"ImageObject","inLanguage":"fr-FR","@id":"https:\/\/lasentinelle.dz\/#\/schema\/logo\/image\/","url":"https:\/\/lasentinelle.dz\/wp-content\/uploads\/2021\/09\/logo-sentinelleSLOGAN-1.png","contentUrl":"https:\/\/lasentinelle.dz\/wp-content\/uploads\/2021\/09\/logo-sentinelleSLOGAN-1.png","width":615,"height":142,"caption":"Quotidien La Sentinelle"},"image":{"@id":"https:\/\/lasentinelle.dz\/#\/schema\/logo\/image\/"},"sameAs":["https:\/\/www.facebook.com\/La-Sentinelle-104059864394773"]},{"@type":"Person","@id":"https:\/\/lasentinelle.dz\/#\/schema\/person\/729ee0024f24e0b8c5ec17232f8e8b41","name":"admin","image":{"@type":"ImageObject","inLanguage":"fr-FR","@id":"https:\/\/secure.gravatar.com\/avatar\/4c81fed838786e9b53f540bf46533e750f5d292099ae3b66cfc6fb1982e29df7?s=96&d=mm&r=g","url":"https:\/\/secure.gravatar.com\/avatar\/4c81fed838786e9b53f540bf46533e750f5d292099ae3b66cfc6fb1982e29df7?s=96&d=mm&r=g","contentUrl":"https:\/\/secure.gravatar.com\/avatar\/4c81fed838786e9b53f540bf46533e750f5d292099ae3b66cfc6fb1982e29df7?s=96&d=mm&r=g","caption":"admin"},"description":"admin","url":"https:\/\/lasentinelle.dz\/author\/admin\/"}]}},"_links":{"self":[{"href":"https:\/\/lasentinelle.dz\/index.php\/wp-json\/wp\/v2\/posts\/68034","targetHints":{"allow":["GET"]}}],"collection":[{"href":"https:\/\/lasentinelle.dz\/index.php\/wp-json\/wp\/v2\/posts"}],"about":[{"href":"https:\/\/lasentinelle.dz\/index.php\/wp-json\/wp\/v2\/types\/post"}],"author":[{"embeddable":true,"href":"https:\/\/lasentinelle.dz\/index.php\/wp-json\/wp\/v2\/users\/6"}],"replies":[{"embeddable":true,"href":"https:\/\/lasentinelle.dz\/index.php\/wp-json\/wp\/v2\/comments?post=68034"}],"version-history":[{"count":2,"href":"https:\/\/lasentinelle.dz\/index.php\/wp-json\/wp\/v2\/posts\/68034\/revisions"}],"predecessor-version":[{"id":68036,"href":"https:\/\/lasentinelle.dz\/index.php\/wp-json\/wp\/v2\/posts\/68034\/revisions\/68036"}],"wp:featuredmedia":[{"embeddable":true,"href":"https:\/\/lasentinelle.dz\/index.php\/wp-json\/wp\/v2\/media\/61568"}],"wp:attachment":[{"href":"https:\/\/lasentinelle.dz\/index.php\/wp-json\/wp\/v2\/media?parent=68034"}],"wp:term":[{"taxonomy":"category","embeddable":true,"href":"https:\/\/lasentinelle.dz\/index.php\/wp-json\/wp\/v2\/categories?post=68034"},{"taxonomy":"post_tag","embeddable":true,"href":"https:\/\/lasentinelle.dz\/index.php\/wp-json\/wp\/v2\/tags?post=68034"}],"curies":[{"name":"wp","href":"https:\/\/api.w.org\/{rel}","templated":true}]}}