{"id":68044,"date":"2025-05-28T11:34:10","date_gmt":"2025-05-28T10:34:10","guid":{"rendered":"https:\/\/lasentinelle.dz\/?p=68044"},"modified":"2025-05-28T11:34:11","modified_gmt":"2025-05-28T10:34:11","slug":"tiaret-une-necropole-romaine-du-ve-siecle-sort-de-terre","status":"publish","type":"post","link":"https:\/\/lasentinelle.dz\/index.php\/2025\/05\/28\/tiaret-une-necropole-romaine-du-ve-siecle-sort-de-terre\/","title":{"rendered":"Tiaret : Une n\u00e9cropole romaine du Ve si\u00e8cle sort de terre"},"content":{"rendered":"\n<p>Les pelleteuses destin\u00e9es \u00e0 un projet immobilier ont r\u00e9v\u00e9l\u00e9 un tr\u00e9sor arch\u00e9ologique insoup\u00e7onn\u00e9 dans les hauteurs de Tiaret. Une d\u00e9couverte qui transforme un simple chantier de logements en fen\u00eatre ouverte sur quinze si\u00e8cles d&rsquo;histoire. Dans le quartier des \u00ab\u00a0Fr\u00e8res Guitoune\u00a0\u00bb, une \u00e9quipe d&rsquo;arch\u00e9ologues sp\u00e9cialis\u00e9s a mis au jour une n\u00e9cropole romaine datant du Ve si\u00e8cle, offrant un t\u00e9moignage pr\u00e9cieux sur les pratiques fun\u00e9raires de l&rsquo;\u00e9poque tardive de l&rsquo;Empire romain en Afrique du Nord. Cette trouvaille exceptionnelle illustre parfaitement comment l&rsquo;arch\u00e9ologie de sauvetage peut r\u00e9v\u00e9ler des pans entiers de notre patrimoine historique, souvent menac\u00e9s par l&rsquo;urbanisation moderne. Ouafia Adel, directrice des \u00e9tudes en arch\u00e9ologie historique au Centre national de recherche en arch\u00e9ologie, a coordonn\u00e9 ces fouilles d\u00e9licates qui ont permis d&rsquo;exhumer pas moins de cinquante tombes, dont vingt-cinq remarquablement pr\u00e9serv\u00e9es. \u00ab\u00a0Au moins 50 tombes ont \u00e9t\u00e9 mises au jour, dont 25 en bon \u00e9tat, contenant des squelettes d&rsquo;enfants, de femmes et d&rsquo;hommes\u00a0\u00bb, pr\u00e9cise-t-elle, soulignant la diversit\u00e9 d\u00e9mographique de cette communaut\u00e9 antique. Cette n\u00e9cropole constitue un v\u00e9ritable livre d&rsquo;histoire \u00e0 ciel ouvert, o\u00f9 chaque s\u00e9pulture raconte une vie, une \u00e9poque, des traditions ancestrales qui r\u00e9sonnent encore aujourd&rsquo;hui. L&rsquo;analyse minutieuse des structures fun\u00e9raires r\u00e9v\u00e8le des d\u00e9tails fascinants sur les rites d&rsquo;inhumation de l&rsquo;\u00e9poque. \u00ab\u00a0L&rsquo;\u00e9tude de la structure externe des s\u00e9pultures montre qu&rsquo;elles remontent \u00e0 l&rsquo;\u00e9poque romaine, car elles sont construites sous des dalles et dans des coffres en pierre\u00a0\u00bb, explique la sp\u00e9cialiste. Cette technique de construction sophistiqu\u00e9e t\u00e9moigne du savoir-faire architectural des artisans locaux qui ma\u00eetrisaient parfaitement l&rsquo;art de la construction fun\u00e9raire. La position des d\u00e9funts offre \u00e9galement des indices pr\u00e9cieux sur les croyances de l&rsquo;\u00e9poque : \u00ab\u00a0la position dorsale allong\u00e9e, caract\u00e9ris\u00e9e par le placement des membres sup\u00e9rieurs sous l&rsquo;abdomen, a \u00e9t\u00e9 utilis\u00e9e pour l&rsquo;inhumation\u00a0\u00bb, une pratique qui refl\u00e8te les codes fun\u00e9raires romains adapt\u00e9s aux traditions locales. Un d\u00e9tail particuli\u00e8rement significatif attire l&rsquo;attention des arch\u00e9ologues : l&rsquo;absence totale de mobilier fun\u00e9raire dans ces s\u00e9pultures. \u00ab\u00a0Les tombes ne contenaient aucun mobilier fun\u00e9raire, ce qui est typique de cette \u00e9poque\u00a0\u00bb, observe Ouafia Adel. Cette sobri\u00e9t\u00e9 contraste avec les riches mobiliers des \u00e9poques ant\u00e9rieures et illustre l&rsquo;\u00e9volution des mentalit\u00e9s face \u00e0 la mort et \u00e0 l&rsquo;au-del\u00e0. Face \u00e0 cette d\u00e9couverte exceptionnelle, les autorit\u00e9s locales et les sp\u00e9cialistes ont pris une d\u00e9cision remarquable qui honore la valeur patrimoniale du site. \u00ab\u00a0Il est pr\u00e9vu de pr\u00e9server ce site dans son \u00e9tat actuel et de le transformer en site touristique\u00a0\u00bb, annonce la directrice des \u00e9tudes. Des mesures seront prises pour prot\u00e9ger ces vestiges mill\u00e9naires des intemp\u00e9ries, \u00ab\u00a0notamment par l&rsquo;installation de couvercles en verre sur les tombes ainsi que de panneaux d&rsquo;information et d&rsquo;orientation pour mettre en valeur son importance historique\u00a0\u00bb. Cette d\u00e9couverte de Tiaret s&rsquo;inscrit dans la riche tradition arch\u00e9ologique alg\u00e9rienne qui ne cesse de r\u00e9v\u00e9ler les multiples facettes de l&rsquo;histoire nord-africaine. Elle rappelle que sous nos pieds repose un patrimoine inestimable, t\u00e9moin de civilisations qui ont fa\u00e7onn\u00e9 notre identit\u00e9 culturelle.<\/p>\n\n\n\n<p>M.S.<\/p>\n","protected":false},"excerpt":{"rendered":"<p>Les pelleteuses destin\u00e9es \u00e0 un projet immobilier ont r\u00e9v\u00e9l\u00e9 un tr\u00e9sor arch\u00e9ologique insoup\u00e7onn\u00e9 dans les hauteurs de Tiaret. Une d\u00e9couverte<\/p>\n","protected":false},"author":6,"featured_media":68045,"comment_status":"open","ping_status":"closed","sticky":false,"template":"","format":"standard","meta":{"colormag_page_container_layout":"default_layout","colormag_page_sidebar_layout":"default_layout","om_disable_all_campaigns":false,"_monsterinsights_skip_tracking":false,"_monsterinsights_sitenote_active":false,"_monsterinsights_sitenote_note":"","_monsterinsights_sitenote_category":0,"footnotes":"","_wpscppro_dont_share_socialmedia":false,"_wpscppro_custom_social_share_image":0,"_facebook_share_type":"default","_twitter_share_type":"default","_linkedin_share_type":"default","_pinterest_share_type":"default","_linkedin_share_type_page":"","_instagram_share_type":"default","_medium_share_type":"default","_threads_share_type":"","_google_business_share_type":"","_selected_social_profile":[],"_wpsp_enable_custom_social_template":false,"_wpsp_social_scheduling":{"enabled":false,"datetime":null,"platforms":[],"status":"template_only","dateOption":"today","timeOption":"now","customDays":"","customHours":"","customDate":"","customTime":"","schedulingType":"absolute"},"_wpsp_active_default_template":true},"categories":[36],"tags":[],"class_list":["post-68044","post","type-post","status-publish","format-standard","has-post-thumbnail","hentry","category-culture"],"aioseo_notices":[],"yoast_head":"<!-- This site is optimized with the Yoast SEO plugin v27.5 - https:\/\/yoast.com\/product\/yoast-seo-wordpress\/ -->\n<title>Tiaret : Une n\u00e9cropole romaine du Ve si\u00e8cle sort de terre - La Sentinelle<\/title>\n<meta name=\"robots\" content=\"index, follow, max-snippet:-1, max-image-preview:large, max-video-preview:-1\" \/>\n<link rel=\"canonical\" href=\"https:\/\/lasentinelle.dz\/index.php\/2025\/05\/28\/tiaret-une-necropole-romaine-du-ve-siecle-sort-de-terre\/\" \/>\n<meta property=\"og:locale\" content=\"fr_FR\" \/>\n<meta property=\"og:type\" content=\"article\" \/>\n<meta property=\"og:title\" content=\"Tiaret : Une n\u00e9cropole romaine du Ve si\u00e8cle sort de terre - La Sentinelle\" \/>\n<meta property=\"og:description\" content=\"Les pelleteuses destin\u00e9es \u00e0 un projet immobilier ont r\u00e9v\u00e9l\u00e9 un tr\u00e9sor arch\u00e9ologique insoup\u00e7onn\u00e9 dans les hauteurs de Tiaret. Une d\u00e9couverte\" \/>\n<meta property=\"og:url\" content=\"https:\/\/lasentinelle.dz\/index.php\/2025\/05\/28\/tiaret-une-necropole-romaine-du-ve-siecle-sort-de-terre\/\" \/>\n<meta property=\"og:site_name\" content=\"La Sentinelle\" \/>\n<meta property=\"article:publisher\" content=\"https:\/\/www.facebook.com\/La-Sentinelle-104059864394773\" \/>\n<meta property=\"article:published_time\" content=\"2025-05-28T10:34:10+00:00\" \/>\n<meta property=\"article:modified_time\" content=\"2025-05-28T10:34:11+00:00\" \/>\n<meta property=\"og:image\" content=\"https:\/\/lasentinelle.dz\/wp-content\/uploads\/2025\/05\/necropole-tiaret.jpg\" \/>\n\t<meta property=\"og:image:width\" content=\"1024\" \/>\n\t<meta property=\"og:image:height\" content=\"683\" \/>\n\t<meta property=\"og:image:type\" content=\"image\/jpeg\" \/>\n<meta name=\"author\" content=\"admin\" \/>\n<meta name=\"twitter:card\" content=\"summary_large_image\" \/>\n<meta name=\"twitter:label1\" content=\"\u00c9crit par\" \/>\n\t<meta name=\"twitter:data1\" content=\"admin\" \/>\n\t<meta name=\"twitter:label2\" content=\"Dur\u00e9e de lecture estim\u00e9e\" \/>\n\t<meta name=\"twitter:data2\" content=\"3 minutes\" \/>\n<script type=\"application\/ld+json\" class=\"yoast-schema-graph\">{\"@context\":\"https:\\\/\\\/schema.org\",\"@graph\":[{\"@type\":\"Article\",\"@id\":\"https:\\\/\\\/lasentinelle.dz\\\/index.php\\\/2025\\\/05\\\/28\\\/tiaret-une-necropole-romaine-du-ve-siecle-sort-de-terre\\\/#article\",\"isPartOf\":{\"@id\":\"https:\\\/\\\/lasentinelle.dz\\\/index.php\\\/2025\\\/05\\\/28\\\/tiaret-une-necropole-romaine-du-ve-siecle-sort-de-terre\\\/\"},\"author\":{\"name\":\"admin\",\"@id\":\"https:\\\/\\\/lasentinelle.dz\\\/#\\\/schema\\\/person\\\/729ee0024f24e0b8c5ec17232f8e8b41\"},\"headline\":\"Tiaret : Une n\u00e9cropole romaine du Ve si\u00e8cle sort de terre\",\"datePublished\":\"2025-05-28T10:34:10+00:00\",\"dateModified\":\"2025-05-28T10:34:11+00:00\",\"mainEntityOfPage\":{\"@id\":\"https:\\\/\\\/lasentinelle.dz\\\/index.php\\\/2025\\\/05\\\/28\\\/tiaret-une-necropole-romaine-du-ve-siecle-sort-de-terre\\\/\"},\"wordCount\":584,\"commentCount\":0,\"publisher\":{\"@id\":\"https:\\\/\\\/lasentinelle.dz\\\/#organization\"},\"image\":{\"@id\":\"https:\\\/\\\/lasentinelle.dz\\\/index.php\\\/2025\\\/05\\\/28\\\/tiaret-une-necropole-romaine-du-ve-siecle-sort-de-terre\\\/#primaryimage\"},\"thumbnailUrl\":\"https:\\\/\\\/lasentinelle.dz\\\/wp-content\\\/uploads\\\/2025\\\/05\\\/necropole-tiaret.jpg\",\"articleSection\":[\"Culture\"],\"inLanguage\":\"fr-FR\",\"potentialAction\":[{\"@type\":\"CommentAction\",\"name\":\"Comment\",\"target\":[\"https:\\\/\\\/lasentinelle.dz\\\/index.php\\\/2025\\\/05\\\/28\\\/tiaret-une-necropole-romaine-du-ve-siecle-sort-de-terre\\\/#respond\"]}]},{\"@type\":\"WebPage\",\"@id\":\"https:\\\/\\\/lasentinelle.dz\\\/index.php\\\/2025\\\/05\\\/28\\\/tiaret-une-necropole-romaine-du-ve-siecle-sort-de-terre\\\/\",\"url\":\"https:\\\/\\\/lasentinelle.dz\\\/index.php\\\/2025\\\/05\\\/28\\\/tiaret-une-necropole-romaine-du-ve-siecle-sort-de-terre\\\/\",\"name\":\"Tiaret : Une n\u00e9cropole romaine du Ve si\u00e8cle sort de terre - La Sentinelle\",\"isPartOf\":{\"@id\":\"https:\\\/\\\/lasentinelle.dz\\\/#website\"},\"primaryImageOfPage\":{\"@id\":\"https:\\\/\\\/lasentinelle.dz\\\/index.php\\\/2025\\\/05\\\/28\\\/tiaret-une-necropole-romaine-du-ve-siecle-sort-de-terre\\\/#primaryimage\"},\"image\":{\"@id\":\"https:\\\/\\\/lasentinelle.dz\\\/index.php\\\/2025\\\/05\\\/28\\\/tiaret-une-necropole-romaine-du-ve-siecle-sort-de-terre\\\/#primaryimage\"},\"thumbnailUrl\":\"https:\\\/\\\/lasentinelle.dz\\\/wp-content\\\/uploads\\\/2025\\\/05\\\/necropole-tiaret.jpg\",\"datePublished\":\"2025-05-28T10:34:10+00:00\",\"dateModified\":\"2025-05-28T10:34:11+00:00\",\"breadcrumb\":{\"@id\":\"https:\\\/\\\/lasentinelle.dz\\\/index.php\\\/2025\\\/05\\\/28\\\/tiaret-une-necropole-romaine-du-ve-siecle-sort-de-terre\\\/#breadcrumb\"},\"inLanguage\":\"fr-FR\",\"potentialAction\":[{\"@type\":\"ReadAction\",\"target\":[\"https:\\\/\\\/lasentinelle.dz\\\/index.php\\\/2025\\\/05\\\/28\\\/tiaret-une-necropole-romaine-du-ve-siecle-sort-de-terre\\\/\"]}]},{\"@type\":\"ImageObject\",\"inLanguage\":\"fr-FR\",\"@id\":\"https:\\\/\\\/lasentinelle.dz\\\/index.php\\\/2025\\\/05\\\/28\\\/tiaret-une-necropole-romaine-du-ve-siecle-sort-de-terre\\\/#primaryimage\",\"url\":\"https:\\\/\\\/lasentinelle.dz\\\/wp-content\\\/uploads\\\/2025\\\/05\\\/necropole-tiaret.jpg\",\"contentUrl\":\"https:\\\/\\\/lasentinelle.dz\\\/wp-content\\\/uploads\\\/2025\\\/05\\\/necropole-tiaret.jpg\",\"width\":1024,\"height\":683},{\"@type\":\"BreadcrumbList\",\"@id\":\"https:\\\/\\\/lasentinelle.dz\\\/index.php\\\/2025\\\/05\\\/28\\\/tiaret-une-necropole-romaine-du-ve-siecle-sort-de-terre\\\/#breadcrumb\",\"itemListElement\":[{\"@type\":\"ListItem\",\"position\":1,\"name\":\"Accueil\",\"item\":\"https:\\\/\\\/lasentinelle.dz\\\/\"},{\"@type\":\"ListItem\",\"position\":2,\"name\":\"Tiaret : Une n\u00e9cropole romaine du Ve si\u00e8cle sort de terre\"}]},{\"@type\":\"WebSite\",\"@id\":\"https:\\\/\\\/lasentinelle.dz\\\/#website\",\"url\":\"https:\\\/\\\/lasentinelle.dz\\\/\",\"name\":\"La Sentinelle\",\"description\":\"Quotidien national d&#039;information\",\"publisher\":{\"@id\":\"https:\\\/\\\/lasentinelle.dz\\\/#organization\"},\"potentialAction\":[{\"@type\":\"SearchAction\",\"target\":{\"@type\":\"EntryPoint\",\"urlTemplate\":\"https:\\\/\\\/lasentinelle.dz\\\/?s={search_term_string}\"},\"query-input\":{\"@type\":\"PropertyValueSpecification\",\"valueRequired\":true,\"valueName\":\"search_term_string\"}}],\"inLanguage\":\"fr-FR\"},{\"@type\":\"Organization\",\"@id\":\"https:\\\/\\\/lasentinelle.dz\\\/#organization\",\"name\":\"Quotidien La Sentinelle\",\"url\":\"https:\\\/\\\/lasentinelle.dz\\\/\",\"logo\":{\"@type\":\"ImageObject\",\"inLanguage\":\"fr-FR\",\"@id\":\"https:\\\/\\\/lasentinelle.dz\\\/#\\\/schema\\\/logo\\\/image\\\/\",\"url\":\"https:\\\/\\\/lasentinelle.dz\\\/wp-content\\\/uploads\\\/2021\\\/09\\\/logo-sentinelleSLOGAN-1.png\",\"contentUrl\":\"https:\\\/\\\/lasentinelle.dz\\\/wp-content\\\/uploads\\\/2021\\\/09\\\/logo-sentinelleSLOGAN-1.png\",\"width\":615,\"height\":142,\"caption\":\"Quotidien La Sentinelle\"},\"image\":{\"@id\":\"https:\\\/\\\/lasentinelle.dz\\\/#\\\/schema\\\/logo\\\/image\\\/\"},\"sameAs\":[\"https:\\\/\\\/www.facebook.com\\\/La-Sentinelle-104059864394773\"]},{\"@type\":\"Person\",\"@id\":\"https:\\\/\\\/lasentinelle.dz\\\/#\\\/schema\\\/person\\\/729ee0024f24e0b8c5ec17232f8e8b41\",\"name\":\"admin\",\"image\":{\"@type\":\"ImageObject\",\"inLanguage\":\"fr-FR\",\"@id\":\"https:\\\/\\\/secure.gravatar.com\\\/avatar\\\/4c81fed838786e9b53f540bf46533e750f5d292099ae3b66cfc6fb1982e29df7?s=96&d=mm&r=g\",\"url\":\"https:\\\/\\\/secure.gravatar.com\\\/avatar\\\/4c81fed838786e9b53f540bf46533e750f5d292099ae3b66cfc6fb1982e29df7?s=96&d=mm&r=g\",\"contentUrl\":\"https:\\\/\\\/secure.gravatar.com\\\/avatar\\\/4c81fed838786e9b53f540bf46533e750f5d292099ae3b66cfc6fb1982e29df7?s=96&d=mm&r=g\",\"caption\":\"admin\"},\"description\":\"admin\",\"url\":\"https:\\\/\\\/lasentinelle.dz\\\/author\\\/admin\\\/\"}]}<\/script>\n<!-- \/ Yoast SEO plugin. -->","yoast_head_json":{"title":"Tiaret : Une n\u00e9cropole romaine du Ve si\u00e8cle sort de terre - La Sentinelle","robots":{"index":"index","follow":"follow","max-snippet":"max-snippet:-1","max-image-preview":"max-image-preview:large","max-video-preview":"max-video-preview:-1"},"canonical":"https:\/\/lasentinelle.dz\/index.php\/2025\/05\/28\/tiaret-une-necropole-romaine-du-ve-siecle-sort-de-terre\/","og_locale":"fr_FR","og_type":"article","og_title":"Tiaret : Une n\u00e9cropole romaine du Ve si\u00e8cle sort de terre - La Sentinelle","og_description":"Les pelleteuses destin\u00e9es \u00e0 un projet immobilier ont r\u00e9v\u00e9l\u00e9 un tr\u00e9sor arch\u00e9ologique insoup\u00e7onn\u00e9 dans les hauteurs de Tiaret. Une d\u00e9couverte","og_url":"https:\/\/lasentinelle.dz\/index.php\/2025\/05\/28\/tiaret-une-necropole-romaine-du-ve-siecle-sort-de-terre\/","og_site_name":"La Sentinelle","article_publisher":"https:\/\/www.facebook.com\/La-Sentinelle-104059864394773","article_published_time":"2025-05-28T10:34:10+00:00","article_modified_time":"2025-05-28T10:34:11+00:00","og_image":[{"width":1024,"height":683,"url":"https:\/\/lasentinelle.dz\/wp-content\/uploads\/2025\/05\/necropole-tiaret.jpg","type":"image\/jpeg"}],"author":"admin","twitter_card":"summary_large_image","twitter_misc":{"\u00c9crit par":"admin","Dur\u00e9e de lecture estim\u00e9e":"3 minutes"},"schema":{"@context":"https:\/\/schema.org","@graph":[{"@type":"Article","@id":"https:\/\/lasentinelle.dz\/index.php\/2025\/05\/28\/tiaret-une-necropole-romaine-du-ve-siecle-sort-de-terre\/#article","isPartOf":{"@id":"https:\/\/lasentinelle.dz\/index.php\/2025\/05\/28\/tiaret-une-necropole-romaine-du-ve-siecle-sort-de-terre\/"},"author":{"name":"admin","@id":"https:\/\/lasentinelle.dz\/#\/schema\/person\/729ee0024f24e0b8c5ec17232f8e8b41"},"headline":"Tiaret : Une n\u00e9cropole romaine du Ve si\u00e8cle sort de terre","datePublished":"2025-05-28T10:34:10+00:00","dateModified":"2025-05-28T10:34:11+00:00","mainEntityOfPage":{"@id":"https:\/\/lasentinelle.dz\/index.php\/2025\/05\/28\/tiaret-une-necropole-romaine-du-ve-siecle-sort-de-terre\/"},"wordCount":584,"commentCount":0,"publisher":{"@id":"https:\/\/lasentinelle.dz\/#organization"},"image":{"@id":"https:\/\/lasentinelle.dz\/index.php\/2025\/05\/28\/tiaret-une-necropole-romaine-du-ve-siecle-sort-de-terre\/#primaryimage"},"thumbnailUrl":"https:\/\/lasentinelle.dz\/wp-content\/uploads\/2025\/05\/necropole-tiaret.jpg","articleSection":["Culture"],"inLanguage":"fr-FR","potentialAction":[{"@type":"CommentAction","name":"Comment","target":["https:\/\/lasentinelle.dz\/index.php\/2025\/05\/28\/tiaret-une-necropole-romaine-du-ve-siecle-sort-de-terre\/#respond"]}]},{"@type":"WebPage","@id":"https:\/\/lasentinelle.dz\/index.php\/2025\/05\/28\/tiaret-une-necropole-romaine-du-ve-siecle-sort-de-terre\/","url":"https:\/\/lasentinelle.dz\/index.php\/2025\/05\/28\/tiaret-une-necropole-romaine-du-ve-siecle-sort-de-terre\/","name":"Tiaret : Une n\u00e9cropole romaine du Ve si\u00e8cle sort de terre - La Sentinelle","isPartOf":{"@id":"https:\/\/lasentinelle.dz\/#website"},"primaryImageOfPage":{"@id":"https:\/\/lasentinelle.dz\/index.php\/2025\/05\/28\/tiaret-une-necropole-romaine-du-ve-siecle-sort-de-terre\/#primaryimage"},"image":{"@id":"https:\/\/lasentinelle.dz\/index.php\/2025\/05\/28\/tiaret-une-necropole-romaine-du-ve-siecle-sort-de-terre\/#primaryimage"},"thumbnailUrl":"https:\/\/lasentinelle.dz\/wp-content\/uploads\/2025\/05\/necropole-tiaret.jpg","datePublished":"2025-05-28T10:34:10+00:00","dateModified":"2025-05-28T10:34:11+00:00","breadcrumb":{"@id":"https:\/\/lasentinelle.dz\/index.php\/2025\/05\/28\/tiaret-une-necropole-romaine-du-ve-siecle-sort-de-terre\/#breadcrumb"},"inLanguage":"fr-FR","potentialAction":[{"@type":"ReadAction","target":["https:\/\/lasentinelle.dz\/index.php\/2025\/05\/28\/tiaret-une-necropole-romaine-du-ve-siecle-sort-de-terre\/"]}]},{"@type":"ImageObject","inLanguage":"fr-FR","@id":"https:\/\/lasentinelle.dz\/index.php\/2025\/05\/28\/tiaret-une-necropole-romaine-du-ve-siecle-sort-de-terre\/#primaryimage","url":"https:\/\/lasentinelle.dz\/wp-content\/uploads\/2025\/05\/necropole-tiaret.jpg","contentUrl":"https:\/\/lasentinelle.dz\/wp-content\/uploads\/2025\/05\/necropole-tiaret.jpg","width":1024,"height":683},{"@type":"BreadcrumbList","@id":"https:\/\/lasentinelle.dz\/index.php\/2025\/05\/28\/tiaret-une-necropole-romaine-du-ve-siecle-sort-de-terre\/#breadcrumb","itemListElement":[{"@type":"ListItem","position":1,"name":"Accueil","item":"https:\/\/lasentinelle.dz\/"},{"@type":"ListItem","position":2,"name":"Tiaret : Une n\u00e9cropole romaine du Ve si\u00e8cle sort de terre"}]},{"@type":"WebSite","@id":"https:\/\/lasentinelle.dz\/#website","url":"https:\/\/lasentinelle.dz\/","name":"La Sentinelle","description":"Quotidien national d&#039;information","publisher":{"@id":"https:\/\/lasentinelle.dz\/#organization"},"potentialAction":[{"@type":"SearchAction","target":{"@type":"EntryPoint","urlTemplate":"https:\/\/lasentinelle.dz\/?s={search_term_string}"},"query-input":{"@type":"PropertyValueSpecification","valueRequired":true,"valueName":"search_term_string"}}],"inLanguage":"fr-FR"},{"@type":"Organization","@id":"https:\/\/lasentinelle.dz\/#organization","name":"Quotidien La Sentinelle","url":"https:\/\/lasentinelle.dz\/","logo":{"@type":"ImageObject","inLanguage":"fr-FR","@id":"https:\/\/lasentinelle.dz\/#\/schema\/logo\/image\/","url":"https:\/\/lasentinelle.dz\/wp-content\/uploads\/2021\/09\/logo-sentinelleSLOGAN-1.png","contentUrl":"https:\/\/lasentinelle.dz\/wp-content\/uploads\/2021\/09\/logo-sentinelleSLOGAN-1.png","width":615,"height":142,"caption":"Quotidien La Sentinelle"},"image":{"@id":"https:\/\/lasentinelle.dz\/#\/schema\/logo\/image\/"},"sameAs":["https:\/\/www.facebook.com\/La-Sentinelle-104059864394773"]},{"@type":"Person","@id":"https:\/\/lasentinelle.dz\/#\/schema\/person\/729ee0024f24e0b8c5ec17232f8e8b41","name":"admin","image":{"@type":"ImageObject","inLanguage":"fr-FR","@id":"https:\/\/secure.gravatar.com\/avatar\/4c81fed838786e9b53f540bf46533e750f5d292099ae3b66cfc6fb1982e29df7?s=96&d=mm&r=g","url":"https:\/\/secure.gravatar.com\/avatar\/4c81fed838786e9b53f540bf46533e750f5d292099ae3b66cfc6fb1982e29df7?s=96&d=mm&r=g","contentUrl":"https:\/\/secure.gravatar.com\/avatar\/4c81fed838786e9b53f540bf46533e750f5d292099ae3b66cfc6fb1982e29df7?s=96&d=mm&r=g","caption":"admin"},"description":"admin","url":"https:\/\/lasentinelle.dz\/author\/admin\/"}]}},"_links":{"self":[{"href":"https:\/\/lasentinelle.dz\/index.php\/wp-json\/wp\/v2\/posts\/68044","targetHints":{"allow":["GET"]}}],"collection":[{"href":"https:\/\/lasentinelle.dz\/index.php\/wp-json\/wp\/v2\/posts"}],"about":[{"href":"https:\/\/lasentinelle.dz\/index.php\/wp-json\/wp\/v2\/types\/post"}],"author":[{"embeddable":true,"href":"https:\/\/lasentinelle.dz\/index.php\/wp-json\/wp\/v2\/users\/6"}],"replies":[{"embeddable":true,"href":"https:\/\/lasentinelle.dz\/index.php\/wp-json\/wp\/v2\/comments?post=68044"}],"version-history":[{"count":1,"href":"https:\/\/lasentinelle.dz\/index.php\/wp-json\/wp\/v2\/posts\/68044\/revisions"}],"predecessor-version":[{"id":68046,"href":"https:\/\/lasentinelle.dz\/index.php\/wp-json\/wp\/v2\/posts\/68044\/revisions\/68046"}],"wp:featuredmedia":[{"embeddable":true,"href":"https:\/\/lasentinelle.dz\/index.php\/wp-json\/wp\/v2\/media\/68045"}],"wp:attachment":[{"href":"https:\/\/lasentinelle.dz\/index.php\/wp-json\/wp\/v2\/media?parent=68044"}],"wp:term":[{"taxonomy":"category","embeddable":true,"href":"https:\/\/lasentinelle.dz\/index.php\/wp-json\/wp\/v2\/categories?post=68044"},{"taxonomy":"post_tag","embeddable":true,"href":"https:\/\/lasentinelle.dz\/index.php\/wp-json\/wp\/v2\/tags?post=68044"}],"curies":[{"name":"wp","href":"https:\/\/api.w.org\/{rel}","templated":true}]}}