{"id":68047,"date":"2025-05-28T11:34:48","date_gmt":"2025-05-28T10:34:48","guid":{"rendered":"https:\/\/lasentinelle.dz\/?p=68047"},"modified":"2025-05-28T11:34:49","modified_gmt":"2025-05-28T10:34:49","slug":"musee-du-bardo-voyage-dans-le-temps-avec-lart-rupestre","status":"publish","type":"post","link":"https:\/\/lasentinelle.dz\/index.php\/2025\/05\/28\/musee-du-bardo-voyage-dans-le-temps-avec-lart-rupestre\/","title":{"rendered":"Mus\u00e9e du Bardo: Voyage dans le temps avec l&rsquo;art rupestre"},"content":{"rendered":"\n<p>Depuis lundi, l&rsquo;exposition \u00ab\u00a0L&rsquo;art rupestre, un art d&rsquo;un autre temps\u00a0\u00bb au Mus\u00e9e national du Bardo \u00e0 Alger ouvre une fen\u00eatre fascinante sur plus de 10 000 ans d&rsquo;histoire humaine, r\u00e9v\u00e9lant les tr\u00e9sors artistiques cach\u00e9s dans les roches du Sahara alg\u00e9rien.<\/p>\n\n\n\n<p>Cette exposition exceptionnelle, inaugur\u00e9e en pr\u00e9sence du ministre de la Culture et des Arts Zouhir Ballalou, transforme temporairement le mus\u00e9e en v\u00e9ritable machine \u00e0 remonter le temps, offrant aux visiteurs une plong\u00e9e spectaculaire dans l&rsquo;univers myst\u00e9rieux des premiers habitants de l&rsquo;Afrique du Nord. Au c\u0153ur de cette aventure culturelle se trouvent des pi\u00e8ces d&rsquo;une valeur inestimable : peintures et gravures rupestres authentiques ainsi que reproductions fid\u00e8les provenant des sites l\u00e9gendaires du Tassili N&rsquo;Ajjer et de l&rsquo;Atlas saharien. Ces t\u00e9moins silencieux de civilisations oubli\u00e9es racontent, par leurs traits grav\u00e9s dans la pierre, des histoires que les livres d&rsquo;histoire ne peuvent narrer. Chaque \u0153uvre expos\u00e9e constitue un fragment d&rsquo;une \u00e9pop\u00e9e humaine grandiose, o\u00f9 nos anc\u00eatres ont laiss\u00e9 leur empreinte artistique sur les parois rocheuses du d\u00e9sert, cr\u00e9ant ainsi la premi\u00e8re galerie d&rsquo;art de l&rsquo;humanit\u00e9.<\/p>\n\n\n\n<p>La sc\u00e9nographie, con\u00e7ue avec talent par Safia Boudeheb, transforme la visite en v\u00e9ritable exp\u00e9rience sensorielle. Le parcours guid\u00e9 invite le public \u00e0 une immersion totale dans l&rsquo;univers de ces artistes pr\u00e9historiques, r\u00e9v\u00e9lant progressivement les symboles et traditions qui rythmaient la vie des premiers peuples nord-africains. Cette mise en sc\u00e8ne th\u00e9\u00e2tralis\u00e9e permet de saisir l&rsquo;importance culturelle et spirituelle de ces expressions artistiques rupestres, bien au-del\u00e0 de leur simple valeur esth\u00e9tique. S&rsquo;exprimant lors de l&rsquo;inauguration, le ministre Zouhir Ballalou a soulign\u00e9 l&rsquo;ampleur de cette initiative culturelle, expliquant que l&rsquo;exposition explore \u00ab\u00a0un art rupestre pr\u00e9historique de l&rsquo;Atlas saharien et du Tassili N&rsquo;Ajjer en Alg\u00e9rie et r\u00e9v\u00e8le un h\u00e9ritage arch\u00e9ologique qui porte un t\u00e9moignage du pass\u00e9 de l&rsquo;humanit\u00e9\u00a0\u00bb. Cette d\u00e9claration r\u00e9sume parfaitement l&rsquo;ambition de cette exposition : d\u00e9passer le simple cadre national pour toucher \u00e0 l&rsquo;universel, car ces \u0153uvres concernent l&rsquo;histoire de toute l&rsquo;humanit\u00e9. Le timing de cet \u00e9v\u00e9nement n&rsquo;est pas fortuit puisqu&rsquo;il co\u00efncide avec la c\u00e9l\u00e9bration de la Journ\u00e9e mondiale de l&rsquo;Afrique, s&rsquo;inscrivant ainsi dans une d\u00e9marche de diplomatie culturelle visant \u00e0 valoriser le patrimoine africain sur la sc\u00e8ne internationale.<\/p>\n\n\n\n<p>Le ministre a \u00e9galement profit\u00e9 de cette occasion pour r\u00e9affirmer l&rsquo;engagement ferme de l&rsquo;\u00c9tat dans la pr\u00e9servation et la valorisation de ce patrimoine rupestre exceptionnel, tout en \u00e9voquant un projet ambitieux qui d\u00e9passe les fronti\u00e8res nationales. Il a notamment salu\u00e9 \u00ab\u00a0le travail de l&rsquo;Alg\u00e9rie d&rsquo;accueillir le Grand mus\u00e9e de l&rsquo;Afrique\u00a0\u00bb qui aura pour mission de \u00ab\u00a0r\u00e9cup\u00e9rer des objets d&rsquo;art de pays africains, pill\u00e9s lors de la colonisation\u00a0\u00bb. Zouhir Harichane, directeur du Mus\u00e9e national du Bardo, a apport\u00e9 un \u00e9clairage technique pr\u00e9cieux sur cette collection remarquable. Il a soulign\u00e9 que l&rsquo;exposition pr\u00e9sente une \u00ab\u00a0collection exceptionnelle\u00a0\u00bb de peintures rupestres et de p\u00e9troglyphes originaux qui repr\u00e9sentent un \u00ab\u00a0patrimoine artistique et culturel unique, provenant des r\u00e9gions du Tassili N&rsquo;Ajjer et de l&rsquo;Atlas saharien alg\u00e9rien\u00a0\u00bb. Son expertise permet de comprendre la valeur scientifique inestimable de ces pi\u00e8ces arch\u00e9ologiques qui, selon ses termes, \u00ab\u00a0offrent des indices pr\u00e9cieux sur les modes de vie, la structure sociale, les croyances et les rituels de leurs cr\u00e9ateurs et renseignent sur les relations des hommes avec leur environnement\u00a0\u00bb.<\/p>\n\n\n\n<p>Le contenu artistique de l&rsquo;exposition r\u00e9v\u00e8le un bestiaire fascinant et des sc\u00e8nes de vie d&rsquo;une richesse extraordinaire. Les visiteurs d\u00e9couvriront des repr\u00e9sentations saisissantes de la faune sauvage qui peuplait alors le Sahara, bien diff\u00e9rent du d\u00e9sert aride d&rsquo;aujourd&rsquo;hui, ainsi que des sc\u00e8nes de chasse dynamiques qui illustrent les techniques et strat\u00e9gies de survie de ces peuples nomades. Les symboles abstraits, plus myst\u00e9rieux, ouvrent des pistes de r\u00e9flexion sur les croyances spirituelles et les syst\u00e8mes de communication de ces civilisations pr\u00e9historiques et protohistoriques.<\/p>\n\n\n\n<p>Cette exposition estivale, accessible au public depuis mardi et visible durant tout l&rsquo;\u00e9t\u00e9 au Mus\u00e9e national du Bardo, repr\u00e9sente une opportunit\u00e9 unique de dialogue entre le pass\u00e9 et le pr\u00e9sent. Elle invite chaque visiteur \u00e0 r\u00e9fl\u00e9chir sur ses propres racines et sur la continuit\u00e9 de l&rsquo;expression artistique humaine \u00e0 travers les mill\u00e9naires. Dans un monde en mutation rapide, ces t\u00e9moignages grav\u00e9s dans la pierre nous rappellent la permanence de l&rsquo;art comme langage universel et comme besoin fondamental de l&rsquo;humanit\u00e9 de laisser une trace de son passage sur terre.<\/p>\n\n\n\n<p><strong>Mohand Seghir<\/strong><\/p>\n","protected":false},"excerpt":{"rendered":"<p>Depuis lundi, l&rsquo;exposition \u00ab\u00a0L&rsquo;art rupestre, un art d&rsquo;un autre temps\u00a0\u00bb au Mus\u00e9e national du Bardo \u00e0 Alger ouvre une fen\u00eatre<\/p>\n","protected":false},"author":6,"featured_media":68048,"comment_status":"open","ping_status":"closed","sticky":false,"template":"","format":"standard","meta":{"colormag_page_container_layout":"default_layout","colormag_page_sidebar_layout":"default_layout","om_disable_all_campaigns":false,"_monsterinsights_skip_tracking":false,"_monsterinsights_sitenote_active":false,"_monsterinsights_sitenote_note":"","_monsterinsights_sitenote_category":0,"footnotes":"","_wpscppro_dont_share_socialmedia":false,"_wpscppro_custom_social_share_image":0,"_facebook_share_type":"default","_twitter_share_type":"default","_linkedin_share_type":"default","_pinterest_share_type":"default","_linkedin_share_type_page":"","_instagram_share_type":"default","_medium_share_type":"default","_threads_share_type":"","_google_business_share_type":"","_selected_social_profile":[],"_wpsp_enable_custom_social_template":false,"_wpsp_social_scheduling":{"enabled":false,"datetime":null,"platforms":[],"status":"template_only","dateOption":"today","timeOption":"now","customDays":"","customHours":"","customDate":"","customTime":"","schedulingType":"absolute"},"_wpsp_active_default_template":true},"categories":[36],"tags":[],"class_list":["post-68047","post","type-post","status-publish","format-standard","has-post-thumbnail","hentry","category-culture"],"aioseo_notices":[],"yoast_head":"<!-- This site is optimized with the Yoast SEO plugin v27.5 - https:\/\/yoast.com\/product\/yoast-seo-wordpress\/ -->\n<title>Mus\u00e9e du Bardo: Voyage dans le temps avec l&rsquo;art rupestre - La Sentinelle<\/title>\n<meta name=\"robots\" content=\"index, follow, max-snippet:-1, max-image-preview:large, max-video-preview:-1\" \/>\n<link rel=\"canonical\" href=\"https:\/\/lasentinelle.dz\/index.php\/2025\/05\/28\/musee-du-bardo-voyage-dans-le-temps-avec-lart-rupestre\/\" \/>\n<meta property=\"og:locale\" content=\"fr_FR\" \/>\n<meta property=\"og:type\" content=\"article\" \/>\n<meta property=\"og:title\" content=\"Mus\u00e9e du Bardo: Voyage dans le temps avec l&rsquo;art rupestre - La Sentinelle\" \/>\n<meta property=\"og:description\" content=\"Depuis lundi, l&rsquo;exposition \u00ab\u00a0L&rsquo;art rupestre, un art d&rsquo;un autre temps\u00a0\u00bb au Mus\u00e9e national du Bardo \u00e0 Alger ouvre une fen\u00eatre\" \/>\n<meta property=\"og:url\" content=\"https:\/\/lasentinelle.dz\/index.php\/2025\/05\/28\/musee-du-bardo-voyage-dans-le-temps-avec-lart-rupestre\/\" \/>\n<meta property=\"og:site_name\" content=\"La Sentinelle\" \/>\n<meta property=\"article:publisher\" content=\"https:\/\/www.facebook.com\/La-Sentinelle-104059864394773\" \/>\n<meta property=\"article:published_time\" content=\"2025-05-28T10:34:48+00:00\" \/>\n<meta property=\"article:modified_time\" content=\"2025-05-28T10:34:49+00:00\" \/>\n<meta property=\"og:image\" content=\"https:\/\/lasentinelle.dz\/wp-content\/uploads\/2025\/05\/musee.jpg\" \/>\n\t<meta property=\"og:image:width\" content=\"1280\" \/>\n\t<meta property=\"og:image:height\" content=\"720\" \/>\n\t<meta property=\"og:image:type\" content=\"image\/jpeg\" \/>\n<meta name=\"author\" content=\"admin\" \/>\n<meta name=\"twitter:card\" content=\"summary_large_image\" \/>\n<meta name=\"twitter:label1\" content=\"\u00c9crit par\" \/>\n\t<meta name=\"twitter:data1\" content=\"admin\" \/>\n\t<meta name=\"twitter:label2\" content=\"Dur\u00e9e de lecture estim\u00e9e\" \/>\n\t<meta name=\"twitter:data2\" content=\"4 minutes\" \/>\n<script type=\"application\/ld+json\" class=\"yoast-schema-graph\">{\"@context\":\"https:\\\/\\\/schema.org\",\"@graph\":[{\"@type\":\"Article\",\"@id\":\"https:\\\/\\\/lasentinelle.dz\\\/index.php\\\/2025\\\/05\\\/28\\\/musee-du-bardo-voyage-dans-le-temps-avec-lart-rupestre\\\/#article\",\"isPartOf\":{\"@id\":\"https:\\\/\\\/lasentinelle.dz\\\/index.php\\\/2025\\\/05\\\/28\\\/musee-du-bardo-voyage-dans-le-temps-avec-lart-rupestre\\\/\"},\"author\":{\"name\":\"admin\",\"@id\":\"https:\\\/\\\/lasentinelle.dz\\\/#\\\/schema\\\/person\\\/729ee0024f24e0b8c5ec17232f8e8b41\"},\"headline\":\"Mus\u00e9e du Bardo: Voyage dans le temps avec l&rsquo;art rupestre\",\"datePublished\":\"2025-05-28T10:34:48+00:00\",\"dateModified\":\"2025-05-28T10:34:49+00:00\",\"mainEntityOfPage\":{\"@id\":\"https:\\\/\\\/lasentinelle.dz\\\/index.php\\\/2025\\\/05\\\/28\\\/musee-du-bardo-voyage-dans-le-temps-avec-lart-rupestre\\\/\"},\"wordCount\":832,\"commentCount\":0,\"publisher\":{\"@id\":\"https:\\\/\\\/lasentinelle.dz\\\/#organization\"},\"image\":{\"@id\":\"https:\\\/\\\/lasentinelle.dz\\\/index.php\\\/2025\\\/05\\\/28\\\/musee-du-bardo-voyage-dans-le-temps-avec-lart-rupestre\\\/#primaryimage\"},\"thumbnailUrl\":\"https:\\\/\\\/lasentinelle.dz\\\/wp-content\\\/uploads\\\/2025\\\/05\\\/musee.jpg\",\"articleSection\":[\"Culture\"],\"inLanguage\":\"fr-FR\",\"potentialAction\":[{\"@type\":\"CommentAction\",\"name\":\"Comment\",\"target\":[\"https:\\\/\\\/lasentinelle.dz\\\/index.php\\\/2025\\\/05\\\/28\\\/musee-du-bardo-voyage-dans-le-temps-avec-lart-rupestre\\\/#respond\"]}]},{\"@type\":\"WebPage\",\"@id\":\"https:\\\/\\\/lasentinelle.dz\\\/index.php\\\/2025\\\/05\\\/28\\\/musee-du-bardo-voyage-dans-le-temps-avec-lart-rupestre\\\/\",\"url\":\"https:\\\/\\\/lasentinelle.dz\\\/index.php\\\/2025\\\/05\\\/28\\\/musee-du-bardo-voyage-dans-le-temps-avec-lart-rupestre\\\/\",\"name\":\"Mus\u00e9e du Bardo: Voyage dans le temps avec l&rsquo;art rupestre - La Sentinelle\",\"isPartOf\":{\"@id\":\"https:\\\/\\\/lasentinelle.dz\\\/#website\"},\"primaryImageOfPage\":{\"@id\":\"https:\\\/\\\/lasentinelle.dz\\\/index.php\\\/2025\\\/05\\\/28\\\/musee-du-bardo-voyage-dans-le-temps-avec-lart-rupestre\\\/#primaryimage\"},\"image\":{\"@id\":\"https:\\\/\\\/lasentinelle.dz\\\/index.php\\\/2025\\\/05\\\/28\\\/musee-du-bardo-voyage-dans-le-temps-avec-lart-rupestre\\\/#primaryimage\"},\"thumbnailUrl\":\"https:\\\/\\\/lasentinelle.dz\\\/wp-content\\\/uploads\\\/2025\\\/05\\\/musee.jpg\",\"datePublished\":\"2025-05-28T10:34:48+00:00\",\"dateModified\":\"2025-05-28T10:34:49+00:00\",\"breadcrumb\":{\"@id\":\"https:\\\/\\\/lasentinelle.dz\\\/index.php\\\/2025\\\/05\\\/28\\\/musee-du-bardo-voyage-dans-le-temps-avec-lart-rupestre\\\/#breadcrumb\"},\"inLanguage\":\"fr-FR\",\"potentialAction\":[{\"@type\":\"ReadAction\",\"target\":[\"https:\\\/\\\/lasentinelle.dz\\\/index.php\\\/2025\\\/05\\\/28\\\/musee-du-bardo-voyage-dans-le-temps-avec-lart-rupestre\\\/\"]}]},{\"@type\":\"ImageObject\",\"inLanguage\":\"fr-FR\",\"@id\":\"https:\\\/\\\/lasentinelle.dz\\\/index.php\\\/2025\\\/05\\\/28\\\/musee-du-bardo-voyage-dans-le-temps-avec-lart-rupestre\\\/#primaryimage\",\"url\":\"https:\\\/\\\/lasentinelle.dz\\\/wp-content\\\/uploads\\\/2025\\\/05\\\/musee.jpg\",\"contentUrl\":\"https:\\\/\\\/lasentinelle.dz\\\/wp-content\\\/uploads\\\/2025\\\/05\\\/musee.jpg\",\"width\":1280,\"height\":720},{\"@type\":\"BreadcrumbList\",\"@id\":\"https:\\\/\\\/lasentinelle.dz\\\/index.php\\\/2025\\\/05\\\/28\\\/musee-du-bardo-voyage-dans-le-temps-avec-lart-rupestre\\\/#breadcrumb\",\"itemListElement\":[{\"@type\":\"ListItem\",\"position\":1,\"name\":\"Accueil\",\"item\":\"https:\\\/\\\/lasentinelle.dz\\\/\"},{\"@type\":\"ListItem\",\"position\":2,\"name\":\"Mus\u00e9e du Bardo: Voyage dans le temps avec l&rsquo;art rupestre\"}]},{\"@type\":\"WebSite\",\"@id\":\"https:\\\/\\\/lasentinelle.dz\\\/#website\",\"url\":\"https:\\\/\\\/lasentinelle.dz\\\/\",\"name\":\"La Sentinelle\",\"description\":\"Quotidien national d&#039;information\",\"publisher\":{\"@id\":\"https:\\\/\\\/lasentinelle.dz\\\/#organization\"},\"potentialAction\":[{\"@type\":\"SearchAction\",\"target\":{\"@type\":\"EntryPoint\",\"urlTemplate\":\"https:\\\/\\\/lasentinelle.dz\\\/?s={search_term_string}\"},\"query-input\":{\"@type\":\"PropertyValueSpecification\",\"valueRequired\":true,\"valueName\":\"search_term_string\"}}],\"inLanguage\":\"fr-FR\"},{\"@type\":\"Organization\",\"@id\":\"https:\\\/\\\/lasentinelle.dz\\\/#organization\",\"name\":\"Quotidien La Sentinelle\",\"url\":\"https:\\\/\\\/lasentinelle.dz\\\/\",\"logo\":{\"@type\":\"ImageObject\",\"inLanguage\":\"fr-FR\",\"@id\":\"https:\\\/\\\/lasentinelle.dz\\\/#\\\/schema\\\/logo\\\/image\\\/\",\"url\":\"https:\\\/\\\/lasentinelle.dz\\\/wp-content\\\/uploads\\\/2021\\\/09\\\/logo-sentinelleSLOGAN-1.png\",\"contentUrl\":\"https:\\\/\\\/lasentinelle.dz\\\/wp-content\\\/uploads\\\/2021\\\/09\\\/logo-sentinelleSLOGAN-1.png\",\"width\":615,\"height\":142,\"caption\":\"Quotidien La Sentinelle\"},\"image\":{\"@id\":\"https:\\\/\\\/lasentinelle.dz\\\/#\\\/schema\\\/logo\\\/image\\\/\"},\"sameAs\":[\"https:\\\/\\\/www.facebook.com\\\/La-Sentinelle-104059864394773\"]},{\"@type\":\"Person\",\"@id\":\"https:\\\/\\\/lasentinelle.dz\\\/#\\\/schema\\\/person\\\/729ee0024f24e0b8c5ec17232f8e8b41\",\"name\":\"admin\",\"image\":{\"@type\":\"ImageObject\",\"inLanguage\":\"fr-FR\",\"@id\":\"https:\\\/\\\/secure.gravatar.com\\\/avatar\\\/4c81fed838786e9b53f540bf46533e750f5d292099ae3b66cfc6fb1982e29df7?s=96&d=mm&r=g\",\"url\":\"https:\\\/\\\/secure.gravatar.com\\\/avatar\\\/4c81fed838786e9b53f540bf46533e750f5d292099ae3b66cfc6fb1982e29df7?s=96&d=mm&r=g\",\"contentUrl\":\"https:\\\/\\\/secure.gravatar.com\\\/avatar\\\/4c81fed838786e9b53f540bf46533e750f5d292099ae3b66cfc6fb1982e29df7?s=96&d=mm&r=g\",\"caption\":\"admin\"},\"description\":\"admin\",\"url\":\"https:\\\/\\\/lasentinelle.dz\\\/author\\\/admin\\\/\"}]}<\/script>\n<!-- \/ Yoast SEO plugin. -->","yoast_head_json":{"title":"Mus\u00e9e du Bardo: Voyage dans le temps avec l&rsquo;art rupestre - La Sentinelle","robots":{"index":"index","follow":"follow","max-snippet":"max-snippet:-1","max-image-preview":"max-image-preview:large","max-video-preview":"max-video-preview:-1"},"canonical":"https:\/\/lasentinelle.dz\/index.php\/2025\/05\/28\/musee-du-bardo-voyage-dans-le-temps-avec-lart-rupestre\/","og_locale":"fr_FR","og_type":"article","og_title":"Mus\u00e9e du Bardo: Voyage dans le temps avec l&rsquo;art rupestre - La Sentinelle","og_description":"Depuis lundi, l&rsquo;exposition \u00ab\u00a0L&rsquo;art rupestre, un art d&rsquo;un autre temps\u00a0\u00bb au Mus\u00e9e national du Bardo \u00e0 Alger ouvre une fen\u00eatre","og_url":"https:\/\/lasentinelle.dz\/index.php\/2025\/05\/28\/musee-du-bardo-voyage-dans-le-temps-avec-lart-rupestre\/","og_site_name":"La Sentinelle","article_publisher":"https:\/\/www.facebook.com\/La-Sentinelle-104059864394773","article_published_time":"2025-05-28T10:34:48+00:00","article_modified_time":"2025-05-28T10:34:49+00:00","og_image":[{"width":1280,"height":720,"url":"https:\/\/lasentinelle.dz\/wp-content\/uploads\/2025\/05\/musee.jpg","type":"image\/jpeg"}],"author":"admin","twitter_card":"summary_large_image","twitter_misc":{"\u00c9crit par":"admin","Dur\u00e9e de lecture estim\u00e9e":"4 minutes"},"schema":{"@context":"https:\/\/schema.org","@graph":[{"@type":"Article","@id":"https:\/\/lasentinelle.dz\/index.php\/2025\/05\/28\/musee-du-bardo-voyage-dans-le-temps-avec-lart-rupestre\/#article","isPartOf":{"@id":"https:\/\/lasentinelle.dz\/index.php\/2025\/05\/28\/musee-du-bardo-voyage-dans-le-temps-avec-lart-rupestre\/"},"author":{"name":"admin","@id":"https:\/\/lasentinelle.dz\/#\/schema\/person\/729ee0024f24e0b8c5ec17232f8e8b41"},"headline":"Mus\u00e9e du Bardo: Voyage dans le temps avec l&rsquo;art rupestre","datePublished":"2025-05-28T10:34:48+00:00","dateModified":"2025-05-28T10:34:49+00:00","mainEntityOfPage":{"@id":"https:\/\/lasentinelle.dz\/index.php\/2025\/05\/28\/musee-du-bardo-voyage-dans-le-temps-avec-lart-rupestre\/"},"wordCount":832,"commentCount":0,"publisher":{"@id":"https:\/\/lasentinelle.dz\/#organization"},"image":{"@id":"https:\/\/lasentinelle.dz\/index.php\/2025\/05\/28\/musee-du-bardo-voyage-dans-le-temps-avec-lart-rupestre\/#primaryimage"},"thumbnailUrl":"https:\/\/lasentinelle.dz\/wp-content\/uploads\/2025\/05\/musee.jpg","articleSection":["Culture"],"inLanguage":"fr-FR","potentialAction":[{"@type":"CommentAction","name":"Comment","target":["https:\/\/lasentinelle.dz\/index.php\/2025\/05\/28\/musee-du-bardo-voyage-dans-le-temps-avec-lart-rupestre\/#respond"]}]},{"@type":"WebPage","@id":"https:\/\/lasentinelle.dz\/index.php\/2025\/05\/28\/musee-du-bardo-voyage-dans-le-temps-avec-lart-rupestre\/","url":"https:\/\/lasentinelle.dz\/index.php\/2025\/05\/28\/musee-du-bardo-voyage-dans-le-temps-avec-lart-rupestre\/","name":"Mus\u00e9e du Bardo: Voyage dans le temps avec l&rsquo;art rupestre - La Sentinelle","isPartOf":{"@id":"https:\/\/lasentinelle.dz\/#website"},"primaryImageOfPage":{"@id":"https:\/\/lasentinelle.dz\/index.php\/2025\/05\/28\/musee-du-bardo-voyage-dans-le-temps-avec-lart-rupestre\/#primaryimage"},"image":{"@id":"https:\/\/lasentinelle.dz\/index.php\/2025\/05\/28\/musee-du-bardo-voyage-dans-le-temps-avec-lart-rupestre\/#primaryimage"},"thumbnailUrl":"https:\/\/lasentinelle.dz\/wp-content\/uploads\/2025\/05\/musee.jpg","datePublished":"2025-05-28T10:34:48+00:00","dateModified":"2025-05-28T10:34:49+00:00","breadcrumb":{"@id":"https:\/\/lasentinelle.dz\/index.php\/2025\/05\/28\/musee-du-bardo-voyage-dans-le-temps-avec-lart-rupestre\/#breadcrumb"},"inLanguage":"fr-FR","potentialAction":[{"@type":"ReadAction","target":["https:\/\/lasentinelle.dz\/index.php\/2025\/05\/28\/musee-du-bardo-voyage-dans-le-temps-avec-lart-rupestre\/"]}]},{"@type":"ImageObject","inLanguage":"fr-FR","@id":"https:\/\/lasentinelle.dz\/index.php\/2025\/05\/28\/musee-du-bardo-voyage-dans-le-temps-avec-lart-rupestre\/#primaryimage","url":"https:\/\/lasentinelle.dz\/wp-content\/uploads\/2025\/05\/musee.jpg","contentUrl":"https:\/\/lasentinelle.dz\/wp-content\/uploads\/2025\/05\/musee.jpg","width":1280,"height":720},{"@type":"BreadcrumbList","@id":"https:\/\/lasentinelle.dz\/index.php\/2025\/05\/28\/musee-du-bardo-voyage-dans-le-temps-avec-lart-rupestre\/#breadcrumb","itemListElement":[{"@type":"ListItem","position":1,"name":"Accueil","item":"https:\/\/lasentinelle.dz\/"},{"@type":"ListItem","position":2,"name":"Mus\u00e9e du Bardo: Voyage dans le temps avec l&rsquo;art rupestre"}]},{"@type":"WebSite","@id":"https:\/\/lasentinelle.dz\/#website","url":"https:\/\/lasentinelle.dz\/","name":"La Sentinelle","description":"Quotidien national d&#039;information","publisher":{"@id":"https:\/\/lasentinelle.dz\/#organization"},"potentialAction":[{"@type":"SearchAction","target":{"@type":"EntryPoint","urlTemplate":"https:\/\/lasentinelle.dz\/?s={search_term_string}"},"query-input":{"@type":"PropertyValueSpecification","valueRequired":true,"valueName":"search_term_string"}}],"inLanguage":"fr-FR"},{"@type":"Organization","@id":"https:\/\/lasentinelle.dz\/#organization","name":"Quotidien La Sentinelle","url":"https:\/\/lasentinelle.dz\/","logo":{"@type":"ImageObject","inLanguage":"fr-FR","@id":"https:\/\/lasentinelle.dz\/#\/schema\/logo\/image\/","url":"https:\/\/lasentinelle.dz\/wp-content\/uploads\/2021\/09\/logo-sentinelleSLOGAN-1.png","contentUrl":"https:\/\/lasentinelle.dz\/wp-content\/uploads\/2021\/09\/logo-sentinelleSLOGAN-1.png","width":615,"height":142,"caption":"Quotidien La Sentinelle"},"image":{"@id":"https:\/\/lasentinelle.dz\/#\/schema\/logo\/image\/"},"sameAs":["https:\/\/www.facebook.com\/La-Sentinelle-104059864394773"]},{"@type":"Person","@id":"https:\/\/lasentinelle.dz\/#\/schema\/person\/729ee0024f24e0b8c5ec17232f8e8b41","name":"admin","image":{"@type":"ImageObject","inLanguage":"fr-FR","@id":"https:\/\/secure.gravatar.com\/avatar\/4c81fed838786e9b53f540bf46533e750f5d292099ae3b66cfc6fb1982e29df7?s=96&d=mm&r=g","url":"https:\/\/secure.gravatar.com\/avatar\/4c81fed838786e9b53f540bf46533e750f5d292099ae3b66cfc6fb1982e29df7?s=96&d=mm&r=g","contentUrl":"https:\/\/secure.gravatar.com\/avatar\/4c81fed838786e9b53f540bf46533e750f5d292099ae3b66cfc6fb1982e29df7?s=96&d=mm&r=g","caption":"admin"},"description":"admin","url":"https:\/\/lasentinelle.dz\/author\/admin\/"}]}},"_links":{"self":[{"href":"https:\/\/lasentinelle.dz\/index.php\/wp-json\/wp\/v2\/posts\/68047","targetHints":{"allow":["GET"]}}],"collection":[{"href":"https:\/\/lasentinelle.dz\/index.php\/wp-json\/wp\/v2\/posts"}],"about":[{"href":"https:\/\/lasentinelle.dz\/index.php\/wp-json\/wp\/v2\/types\/post"}],"author":[{"embeddable":true,"href":"https:\/\/lasentinelle.dz\/index.php\/wp-json\/wp\/v2\/users\/6"}],"replies":[{"embeddable":true,"href":"https:\/\/lasentinelle.dz\/index.php\/wp-json\/wp\/v2\/comments?post=68047"}],"version-history":[{"count":2,"href":"https:\/\/lasentinelle.dz\/index.php\/wp-json\/wp\/v2\/posts\/68047\/revisions"}],"predecessor-version":[{"id":68050,"href":"https:\/\/lasentinelle.dz\/index.php\/wp-json\/wp\/v2\/posts\/68047\/revisions\/68050"}],"wp:featuredmedia":[{"embeddable":true,"href":"https:\/\/lasentinelle.dz\/index.php\/wp-json\/wp\/v2\/media\/68048"}],"wp:attachment":[{"href":"https:\/\/lasentinelle.dz\/index.php\/wp-json\/wp\/v2\/media?parent=68047"}],"wp:term":[{"taxonomy":"category","embeddable":true,"href":"https:\/\/lasentinelle.dz\/index.php\/wp-json\/wp\/v2\/categories?post=68047"},{"taxonomy":"post_tag","embeddable":true,"href":"https:\/\/lasentinelle.dz\/index.php\/wp-json\/wp\/v2\/tags?post=68047"}],"curies":[{"name":"wp","href":"https:\/\/api.w.org\/{rel}","templated":true}]}}