{"id":68051,"date":"2025-05-28T11:35:42","date_gmt":"2025-05-28T10:35:42","guid":{"rendered":"https:\/\/lasentinelle.dz\/?p=68051"},"modified":"2025-05-28T11:35:43","modified_gmt":"2025-05-28T10:35:43","slug":"f1-isack-hadjar-une-ascension-fulgurante-vers-red-bull","status":"publish","type":"post","link":"https:\/\/lasentinelle.dz\/index.php\/2025\/05\/28\/f1-isack-hadjar-une-ascension-fulgurante-vers-red-bull\/","title":{"rendered":"F1 : Isack Hadjar, une ascension fulgurante vers Red Bull"},"content":{"rendered":"\n<p>La trajectoire d&rsquo;Isack Hadjar en Formule 1 prend des allures de conte de f\u00e9es moderne, le jeune pilote alg\u00e9rien de 20 ans s&rsquo;imposant progressivement comme l&rsquo;une des r\u00e9v\u00e9lations les plus prometteuses de la grille actuelle et suscitant d\u00e9j\u00e0 les convoitises des \u00e9curies de pointe. Son r\u00e9cent exploit lors du Grand Prix de Monaco, o\u00f9 il a d\u00e9croch\u00e9 une magnifique sixi\u00e8me place au volant de sa Racing Bulls, constitue l&rsquo;aboutissement logique d&rsquo;une progression constante qui n&rsquo;\u00e9chappe pas aux observateurs les plus avis\u00e9s du paddock, notamment Helmut Marko, le redoutable conseiller de Red Bull Racing. Cette performance mon\u00e9gasque, obtenue devant des pilotes chevronn\u00e9s comme Esteban Ocon, t\u00e9moigne de la maturit\u00e9 pr\u00e9coce d&rsquo;un talent qui semble destin\u00e9 aux plus hauts sommets de la discipline reine du sport automobile. L&rsquo;Alg\u00e9rien, qui avait d\u00e9j\u00e0 montr\u00e9 des \u00e9clats de son potentiel lors de ses pr\u00e9c\u00e9dentes apparitions, a cette fois-ci franchi un palier d\u00e9cisif en d\u00e9montrant sa capacit\u00e9 \u00e0 g\u00e9rer la pression d&rsquo;une course de Premier plan tout en maintenant un rythme soutenu sur l&rsquo;int\u00e9gralit\u00e9 des 78 tours du circuit principautaire. Sa satisfaction \u00e9tait palpable au micro de Canal Plus o\u00f9 il confiait \u00eatre \u00ab\u00a0vraiment fier\u00a0\u00bb de sa prestation et de la progression accomplie depuis le d\u00e9but de la saison, soulignant l&rsquo;importance du travail d&rsquo;\u00e9quipe avec son co\u00e9quipier Liam Lawson qui avait intelligemment ralenti leurs poursuivants en d\u00e9but de course. Cette strat\u00e9gie parfaitement ex\u00e9cut\u00e9e a permis \u00e0 Hadjar de s\u00e9curiser ses arr\u00eats aux stands et de consolider sa position dans le peloton de t\u00eate, prouvant sa capacit\u00e9 d&rsquo;adaptation et son intelligence de course. Le pilote qui \u00e9volue d\u00e9sormais sous les couleurs de Racing Bulls, l&rsquo;\u00e9curie satellite de Red Bull, b\u00e9n\u00e9ficie d&rsquo;une formation compl\u00e8te au sein de la galaxie du constructeur autrichien, structure r\u00e9put\u00e9e pour sa capacit\u00e9 \u00e0 d\u00e9tecter et d\u00e9velopper les jeunes talents. Son profil technique solide, associ\u00e9 \u00e0 une approche m\u00e9thodique de la comp\u00e9tition, s\u00e9duit particuli\u00e8rement Helmut Marko qui n&rsquo;h\u00e9site plus \u00e0 le pr\u00e9senter comme une alternative cr\u00e9dible aux pilotes actuellement install\u00e9s dans les cockpits de pointe de l&rsquo;\u00e9curie. L&rsquo;Autrichien, connu pour son franc-parler et sa capacit\u00e9 \u00e0 identifier les futurs champions, voit en Hadjar les qualit\u00e9s mentales et techniques n\u00e9cessaires pour \u00e9voluer au plus haut niveau, contrairement \u00e0 certains de ses concurrents qui peinent \u00e0 supporter la pression inh\u00e9rente aux grandes \u00e9curies. Cette reconnaissance institutionnelle pourrait bien ouvrir les portes d&rsquo;une promotion vers Red Bull Racing, d&rsquo;autant que la situation contractuelle de Yuki Tsunoda se complique avec le d\u00e9part annonc\u00e9 de Honda vers Aston Martin d\u00e8s la saison prochaine. Le Japonais, qui ne b\u00e9n\u00e9ficiera plus du soutien politique de son motoriste, voit sa position fragilis\u00e9e face \u00e0 la mont\u00e9e en puissance d&rsquo;Hadjar qui accumule les performances de r\u00e9f\u00e9rence et gagne la confiance des d\u00e9cideurs.<\/p>\n\n\n\n<p><strong>M.D.<\/strong><\/p>\n","protected":false},"excerpt":{"rendered":"<p>La trajectoire d&rsquo;Isack Hadjar en Formule 1 prend des allures de conte de f\u00e9es moderne, le jeune pilote alg\u00e9rien de<\/p>\n","protected":false},"author":6,"featured_media":65257,"comment_status":"open","ping_status":"closed","sticky":false,"template":"","format":"standard","meta":{"colormag_page_container_layout":"default_layout","colormag_page_sidebar_layout":"default_layout","om_disable_all_campaigns":false,"_monsterinsights_skip_tracking":false,"_monsterinsights_sitenote_active":false,"_monsterinsights_sitenote_note":"","_monsterinsights_sitenote_category":0,"footnotes":"","_wpscppro_dont_share_socialmedia":false,"_wpscppro_custom_social_share_image":0,"_facebook_share_type":"default","_twitter_share_type":"default","_linkedin_share_type":"default","_pinterest_share_type":"default","_linkedin_share_type_page":"","_instagram_share_type":"default","_medium_share_type":"default","_threads_share_type":"","_google_business_share_type":"","_selected_social_profile":[],"_wpsp_enable_custom_social_template":false,"_wpsp_social_scheduling":{"enabled":false,"datetime":null,"platforms":[],"status":"template_only","dateOption":"today","timeOption":"now","customDays":"","customHours":"","customDate":"","customTime":"","schedulingType":"absolute"},"_wpsp_active_default_template":true},"categories":[33],"tags":[],"class_list":["post-68051","post","type-post","status-publish","format-standard","has-post-thumbnail","hentry","category-sports"],"aioseo_notices":[],"yoast_head":"<!-- This site is optimized with the Yoast SEO plugin v27.5 - https:\/\/yoast.com\/product\/yoast-seo-wordpress\/ -->\n<title>F1 : Isack Hadjar, une ascension fulgurante vers Red Bull - La Sentinelle<\/title>\n<meta name=\"robots\" content=\"index, follow, max-snippet:-1, max-image-preview:large, max-video-preview:-1\" \/>\n<link rel=\"canonical\" href=\"https:\/\/lasentinelle.dz\/index.php\/2025\/05\/28\/f1-isack-hadjar-une-ascension-fulgurante-vers-red-bull\/\" \/>\n<meta property=\"og:locale\" content=\"fr_FR\" \/>\n<meta property=\"og:type\" content=\"article\" \/>\n<meta property=\"og:title\" content=\"F1 : Isack Hadjar, une ascension fulgurante vers Red Bull - La Sentinelle\" \/>\n<meta property=\"og:description\" content=\"La trajectoire d&rsquo;Isack Hadjar en Formule 1 prend des allures de conte de f\u00e9es moderne, le jeune pilote alg\u00e9rien de\" \/>\n<meta property=\"og:url\" content=\"https:\/\/lasentinelle.dz\/index.php\/2025\/05\/28\/f1-isack-hadjar-une-ascension-fulgurante-vers-red-bull\/\" \/>\n<meta property=\"og:site_name\" content=\"La Sentinelle\" \/>\n<meta property=\"article:publisher\" content=\"https:\/\/www.facebook.com\/La-Sentinelle-104059864394773\" \/>\n<meta property=\"article:published_time\" content=\"2025-05-28T10:35:42+00:00\" \/>\n<meta property=\"article:modified_time\" content=\"2025-05-28T10:35:43+00:00\" \/>\n<meta property=\"og:image\" content=\"https:\/\/lasentinelle.dz\/wp-content\/uploads\/2025\/04\/Isack-Hadjar.jpg\" \/>\n\t<meta property=\"og:image:width\" content=\"1200\" \/>\n\t<meta property=\"og:image:height\" content=\"800\" \/>\n\t<meta property=\"og:image:type\" content=\"image\/jpeg\" \/>\n<meta name=\"author\" content=\"admin\" \/>\n<meta name=\"twitter:card\" content=\"summary_large_image\" \/>\n<meta name=\"twitter:label1\" content=\"\u00c9crit par\" \/>\n\t<meta name=\"twitter:data1\" content=\"admin\" \/>\n\t<meta name=\"twitter:label2\" content=\"Dur\u00e9e de lecture estim\u00e9e\" \/>\n\t<meta name=\"twitter:data2\" content=\"3 minutes\" \/>\n<script type=\"application\/ld+json\" class=\"yoast-schema-graph\">{\"@context\":\"https:\\\/\\\/schema.org\",\"@graph\":[{\"@type\":\"Article\",\"@id\":\"https:\\\/\\\/lasentinelle.dz\\\/index.php\\\/2025\\\/05\\\/28\\\/f1-isack-hadjar-une-ascension-fulgurante-vers-red-bull\\\/#article\",\"isPartOf\":{\"@id\":\"https:\\\/\\\/lasentinelle.dz\\\/index.php\\\/2025\\\/05\\\/28\\\/f1-isack-hadjar-une-ascension-fulgurante-vers-red-bull\\\/\"},\"author\":{\"name\":\"admin\",\"@id\":\"https:\\\/\\\/lasentinelle.dz\\\/#\\\/schema\\\/person\\\/729ee0024f24e0b8c5ec17232f8e8b41\"},\"headline\":\"F1 : Isack Hadjar, une ascension fulgurante vers Red Bull\",\"datePublished\":\"2025-05-28T10:35:42+00:00\",\"dateModified\":\"2025-05-28T10:35:43+00:00\",\"mainEntityOfPage\":{\"@id\":\"https:\\\/\\\/lasentinelle.dz\\\/index.php\\\/2025\\\/05\\\/28\\\/f1-isack-hadjar-une-ascension-fulgurante-vers-red-bull\\\/\"},\"wordCount\":527,\"commentCount\":0,\"publisher\":{\"@id\":\"https:\\\/\\\/lasentinelle.dz\\\/#organization\"},\"image\":{\"@id\":\"https:\\\/\\\/lasentinelle.dz\\\/index.php\\\/2025\\\/05\\\/28\\\/f1-isack-hadjar-une-ascension-fulgurante-vers-red-bull\\\/#primaryimage\"},\"thumbnailUrl\":\"https:\\\/\\\/lasentinelle.dz\\\/wp-content\\\/uploads\\\/2025\\\/04\\\/Isack-Hadjar.jpg\",\"articleSection\":[\"Sports\"],\"inLanguage\":\"fr-FR\",\"potentialAction\":[{\"@type\":\"CommentAction\",\"name\":\"Comment\",\"target\":[\"https:\\\/\\\/lasentinelle.dz\\\/index.php\\\/2025\\\/05\\\/28\\\/f1-isack-hadjar-une-ascension-fulgurante-vers-red-bull\\\/#respond\"]}]},{\"@type\":\"WebPage\",\"@id\":\"https:\\\/\\\/lasentinelle.dz\\\/index.php\\\/2025\\\/05\\\/28\\\/f1-isack-hadjar-une-ascension-fulgurante-vers-red-bull\\\/\",\"url\":\"https:\\\/\\\/lasentinelle.dz\\\/index.php\\\/2025\\\/05\\\/28\\\/f1-isack-hadjar-une-ascension-fulgurante-vers-red-bull\\\/\",\"name\":\"F1 : Isack Hadjar, une ascension fulgurante vers Red Bull - La Sentinelle\",\"isPartOf\":{\"@id\":\"https:\\\/\\\/lasentinelle.dz\\\/#website\"},\"primaryImageOfPage\":{\"@id\":\"https:\\\/\\\/lasentinelle.dz\\\/index.php\\\/2025\\\/05\\\/28\\\/f1-isack-hadjar-une-ascension-fulgurante-vers-red-bull\\\/#primaryimage\"},\"image\":{\"@id\":\"https:\\\/\\\/lasentinelle.dz\\\/index.php\\\/2025\\\/05\\\/28\\\/f1-isack-hadjar-une-ascension-fulgurante-vers-red-bull\\\/#primaryimage\"},\"thumbnailUrl\":\"https:\\\/\\\/lasentinelle.dz\\\/wp-content\\\/uploads\\\/2025\\\/04\\\/Isack-Hadjar.jpg\",\"datePublished\":\"2025-05-28T10:35:42+00:00\",\"dateModified\":\"2025-05-28T10:35:43+00:00\",\"breadcrumb\":{\"@id\":\"https:\\\/\\\/lasentinelle.dz\\\/index.php\\\/2025\\\/05\\\/28\\\/f1-isack-hadjar-une-ascension-fulgurante-vers-red-bull\\\/#breadcrumb\"},\"inLanguage\":\"fr-FR\",\"potentialAction\":[{\"@type\":\"ReadAction\",\"target\":[\"https:\\\/\\\/lasentinelle.dz\\\/index.php\\\/2025\\\/05\\\/28\\\/f1-isack-hadjar-une-ascension-fulgurante-vers-red-bull\\\/\"]}]},{\"@type\":\"ImageObject\",\"inLanguage\":\"fr-FR\",\"@id\":\"https:\\\/\\\/lasentinelle.dz\\\/index.php\\\/2025\\\/05\\\/28\\\/f1-isack-hadjar-une-ascension-fulgurante-vers-red-bull\\\/#primaryimage\",\"url\":\"https:\\\/\\\/lasentinelle.dz\\\/wp-content\\\/uploads\\\/2025\\\/04\\\/Isack-Hadjar.jpg\",\"contentUrl\":\"https:\\\/\\\/lasentinelle.dz\\\/wp-content\\\/uploads\\\/2025\\\/04\\\/Isack-Hadjar.jpg\",\"width\":1200,\"height\":800},{\"@type\":\"BreadcrumbList\",\"@id\":\"https:\\\/\\\/lasentinelle.dz\\\/index.php\\\/2025\\\/05\\\/28\\\/f1-isack-hadjar-une-ascension-fulgurante-vers-red-bull\\\/#breadcrumb\",\"itemListElement\":[{\"@type\":\"ListItem\",\"position\":1,\"name\":\"Accueil\",\"item\":\"https:\\\/\\\/lasentinelle.dz\\\/\"},{\"@type\":\"ListItem\",\"position\":2,\"name\":\"F1 : Isack Hadjar, une ascension fulgurante vers Red Bull\"}]},{\"@type\":\"WebSite\",\"@id\":\"https:\\\/\\\/lasentinelle.dz\\\/#website\",\"url\":\"https:\\\/\\\/lasentinelle.dz\\\/\",\"name\":\"La Sentinelle\",\"description\":\"Quotidien national d&#039;information\",\"publisher\":{\"@id\":\"https:\\\/\\\/lasentinelle.dz\\\/#organization\"},\"potentialAction\":[{\"@type\":\"SearchAction\",\"target\":{\"@type\":\"EntryPoint\",\"urlTemplate\":\"https:\\\/\\\/lasentinelle.dz\\\/?s={search_term_string}\"},\"query-input\":{\"@type\":\"PropertyValueSpecification\",\"valueRequired\":true,\"valueName\":\"search_term_string\"}}],\"inLanguage\":\"fr-FR\"},{\"@type\":\"Organization\",\"@id\":\"https:\\\/\\\/lasentinelle.dz\\\/#organization\",\"name\":\"Quotidien La Sentinelle\",\"url\":\"https:\\\/\\\/lasentinelle.dz\\\/\",\"logo\":{\"@type\":\"ImageObject\",\"inLanguage\":\"fr-FR\",\"@id\":\"https:\\\/\\\/lasentinelle.dz\\\/#\\\/schema\\\/logo\\\/image\\\/\",\"url\":\"https:\\\/\\\/lasentinelle.dz\\\/wp-content\\\/uploads\\\/2021\\\/09\\\/logo-sentinelleSLOGAN-1.png\",\"contentUrl\":\"https:\\\/\\\/lasentinelle.dz\\\/wp-content\\\/uploads\\\/2021\\\/09\\\/logo-sentinelleSLOGAN-1.png\",\"width\":615,\"height\":142,\"caption\":\"Quotidien La Sentinelle\"},\"image\":{\"@id\":\"https:\\\/\\\/lasentinelle.dz\\\/#\\\/schema\\\/logo\\\/image\\\/\"},\"sameAs\":[\"https:\\\/\\\/www.facebook.com\\\/La-Sentinelle-104059864394773\"]},{\"@type\":\"Person\",\"@id\":\"https:\\\/\\\/lasentinelle.dz\\\/#\\\/schema\\\/person\\\/729ee0024f24e0b8c5ec17232f8e8b41\",\"name\":\"admin\",\"image\":{\"@type\":\"ImageObject\",\"inLanguage\":\"fr-FR\",\"@id\":\"https:\\\/\\\/secure.gravatar.com\\\/avatar\\\/4c81fed838786e9b53f540bf46533e750f5d292099ae3b66cfc6fb1982e29df7?s=96&d=mm&r=g\",\"url\":\"https:\\\/\\\/secure.gravatar.com\\\/avatar\\\/4c81fed838786e9b53f540bf46533e750f5d292099ae3b66cfc6fb1982e29df7?s=96&d=mm&r=g\",\"contentUrl\":\"https:\\\/\\\/secure.gravatar.com\\\/avatar\\\/4c81fed838786e9b53f540bf46533e750f5d292099ae3b66cfc6fb1982e29df7?s=96&d=mm&r=g\",\"caption\":\"admin\"},\"description\":\"admin\",\"url\":\"https:\\\/\\\/lasentinelle.dz\\\/author\\\/admin\\\/\"}]}<\/script>\n<!-- \/ Yoast SEO plugin. -->","yoast_head_json":{"title":"F1 : Isack Hadjar, une ascension fulgurante vers Red Bull - La Sentinelle","robots":{"index":"index","follow":"follow","max-snippet":"max-snippet:-1","max-image-preview":"max-image-preview:large","max-video-preview":"max-video-preview:-1"},"canonical":"https:\/\/lasentinelle.dz\/index.php\/2025\/05\/28\/f1-isack-hadjar-une-ascension-fulgurante-vers-red-bull\/","og_locale":"fr_FR","og_type":"article","og_title":"F1 : Isack Hadjar, une ascension fulgurante vers Red Bull - La Sentinelle","og_description":"La trajectoire d&rsquo;Isack Hadjar en Formule 1 prend des allures de conte de f\u00e9es moderne, le jeune pilote alg\u00e9rien de","og_url":"https:\/\/lasentinelle.dz\/index.php\/2025\/05\/28\/f1-isack-hadjar-une-ascension-fulgurante-vers-red-bull\/","og_site_name":"La Sentinelle","article_publisher":"https:\/\/www.facebook.com\/La-Sentinelle-104059864394773","article_published_time":"2025-05-28T10:35:42+00:00","article_modified_time":"2025-05-28T10:35:43+00:00","og_image":[{"width":1200,"height":800,"url":"https:\/\/lasentinelle.dz\/wp-content\/uploads\/2025\/04\/Isack-Hadjar.jpg","type":"image\/jpeg"}],"author":"admin","twitter_card":"summary_large_image","twitter_misc":{"\u00c9crit par":"admin","Dur\u00e9e de lecture estim\u00e9e":"3 minutes"},"schema":{"@context":"https:\/\/schema.org","@graph":[{"@type":"Article","@id":"https:\/\/lasentinelle.dz\/index.php\/2025\/05\/28\/f1-isack-hadjar-une-ascension-fulgurante-vers-red-bull\/#article","isPartOf":{"@id":"https:\/\/lasentinelle.dz\/index.php\/2025\/05\/28\/f1-isack-hadjar-une-ascension-fulgurante-vers-red-bull\/"},"author":{"name":"admin","@id":"https:\/\/lasentinelle.dz\/#\/schema\/person\/729ee0024f24e0b8c5ec17232f8e8b41"},"headline":"F1 : Isack Hadjar, une ascension fulgurante vers Red Bull","datePublished":"2025-05-28T10:35:42+00:00","dateModified":"2025-05-28T10:35:43+00:00","mainEntityOfPage":{"@id":"https:\/\/lasentinelle.dz\/index.php\/2025\/05\/28\/f1-isack-hadjar-une-ascension-fulgurante-vers-red-bull\/"},"wordCount":527,"commentCount":0,"publisher":{"@id":"https:\/\/lasentinelle.dz\/#organization"},"image":{"@id":"https:\/\/lasentinelle.dz\/index.php\/2025\/05\/28\/f1-isack-hadjar-une-ascension-fulgurante-vers-red-bull\/#primaryimage"},"thumbnailUrl":"https:\/\/lasentinelle.dz\/wp-content\/uploads\/2025\/04\/Isack-Hadjar.jpg","articleSection":["Sports"],"inLanguage":"fr-FR","potentialAction":[{"@type":"CommentAction","name":"Comment","target":["https:\/\/lasentinelle.dz\/index.php\/2025\/05\/28\/f1-isack-hadjar-une-ascension-fulgurante-vers-red-bull\/#respond"]}]},{"@type":"WebPage","@id":"https:\/\/lasentinelle.dz\/index.php\/2025\/05\/28\/f1-isack-hadjar-une-ascension-fulgurante-vers-red-bull\/","url":"https:\/\/lasentinelle.dz\/index.php\/2025\/05\/28\/f1-isack-hadjar-une-ascension-fulgurante-vers-red-bull\/","name":"F1 : Isack Hadjar, une ascension fulgurante vers Red Bull - La Sentinelle","isPartOf":{"@id":"https:\/\/lasentinelle.dz\/#website"},"primaryImageOfPage":{"@id":"https:\/\/lasentinelle.dz\/index.php\/2025\/05\/28\/f1-isack-hadjar-une-ascension-fulgurante-vers-red-bull\/#primaryimage"},"image":{"@id":"https:\/\/lasentinelle.dz\/index.php\/2025\/05\/28\/f1-isack-hadjar-une-ascension-fulgurante-vers-red-bull\/#primaryimage"},"thumbnailUrl":"https:\/\/lasentinelle.dz\/wp-content\/uploads\/2025\/04\/Isack-Hadjar.jpg","datePublished":"2025-05-28T10:35:42+00:00","dateModified":"2025-05-28T10:35:43+00:00","breadcrumb":{"@id":"https:\/\/lasentinelle.dz\/index.php\/2025\/05\/28\/f1-isack-hadjar-une-ascension-fulgurante-vers-red-bull\/#breadcrumb"},"inLanguage":"fr-FR","potentialAction":[{"@type":"ReadAction","target":["https:\/\/lasentinelle.dz\/index.php\/2025\/05\/28\/f1-isack-hadjar-une-ascension-fulgurante-vers-red-bull\/"]}]},{"@type":"ImageObject","inLanguage":"fr-FR","@id":"https:\/\/lasentinelle.dz\/index.php\/2025\/05\/28\/f1-isack-hadjar-une-ascension-fulgurante-vers-red-bull\/#primaryimage","url":"https:\/\/lasentinelle.dz\/wp-content\/uploads\/2025\/04\/Isack-Hadjar.jpg","contentUrl":"https:\/\/lasentinelle.dz\/wp-content\/uploads\/2025\/04\/Isack-Hadjar.jpg","width":1200,"height":800},{"@type":"BreadcrumbList","@id":"https:\/\/lasentinelle.dz\/index.php\/2025\/05\/28\/f1-isack-hadjar-une-ascension-fulgurante-vers-red-bull\/#breadcrumb","itemListElement":[{"@type":"ListItem","position":1,"name":"Accueil","item":"https:\/\/lasentinelle.dz\/"},{"@type":"ListItem","position":2,"name":"F1 : Isack Hadjar, une ascension fulgurante vers Red Bull"}]},{"@type":"WebSite","@id":"https:\/\/lasentinelle.dz\/#website","url":"https:\/\/lasentinelle.dz\/","name":"La Sentinelle","description":"Quotidien national d&#039;information","publisher":{"@id":"https:\/\/lasentinelle.dz\/#organization"},"potentialAction":[{"@type":"SearchAction","target":{"@type":"EntryPoint","urlTemplate":"https:\/\/lasentinelle.dz\/?s={search_term_string}"},"query-input":{"@type":"PropertyValueSpecification","valueRequired":true,"valueName":"search_term_string"}}],"inLanguage":"fr-FR"},{"@type":"Organization","@id":"https:\/\/lasentinelle.dz\/#organization","name":"Quotidien La Sentinelle","url":"https:\/\/lasentinelle.dz\/","logo":{"@type":"ImageObject","inLanguage":"fr-FR","@id":"https:\/\/lasentinelle.dz\/#\/schema\/logo\/image\/","url":"https:\/\/lasentinelle.dz\/wp-content\/uploads\/2021\/09\/logo-sentinelleSLOGAN-1.png","contentUrl":"https:\/\/lasentinelle.dz\/wp-content\/uploads\/2021\/09\/logo-sentinelleSLOGAN-1.png","width":615,"height":142,"caption":"Quotidien La Sentinelle"},"image":{"@id":"https:\/\/lasentinelle.dz\/#\/schema\/logo\/image\/"},"sameAs":["https:\/\/www.facebook.com\/La-Sentinelle-104059864394773"]},{"@type":"Person","@id":"https:\/\/lasentinelle.dz\/#\/schema\/person\/729ee0024f24e0b8c5ec17232f8e8b41","name":"admin","image":{"@type":"ImageObject","inLanguage":"fr-FR","@id":"https:\/\/secure.gravatar.com\/avatar\/4c81fed838786e9b53f540bf46533e750f5d292099ae3b66cfc6fb1982e29df7?s=96&d=mm&r=g","url":"https:\/\/secure.gravatar.com\/avatar\/4c81fed838786e9b53f540bf46533e750f5d292099ae3b66cfc6fb1982e29df7?s=96&d=mm&r=g","contentUrl":"https:\/\/secure.gravatar.com\/avatar\/4c81fed838786e9b53f540bf46533e750f5d292099ae3b66cfc6fb1982e29df7?s=96&d=mm&r=g","caption":"admin"},"description":"admin","url":"https:\/\/lasentinelle.dz\/author\/admin\/"}]}},"_links":{"self":[{"href":"https:\/\/lasentinelle.dz\/index.php\/wp-json\/wp\/v2\/posts\/68051","targetHints":{"allow":["GET"]}}],"collection":[{"href":"https:\/\/lasentinelle.dz\/index.php\/wp-json\/wp\/v2\/posts"}],"about":[{"href":"https:\/\/lasentinelle.dz\/index.php\/wp-json\/wp\/v2\/types\/post"}],"author":[{"embeddable":true,"href":"https:\/\/lasentinelle.dz\/index.php\/wp-json\/wp\/v2\/users\/6"}],"replies":[{"embeddable":true,"href":"https:\/\/lasentinelle.dz\/index.php\/wp-json\/wp\/v2\/comments?post=68051"}],"version-history":[{"count":1,"href":"https:\/\/lasentinelle.dz\/index.php\/wp-json\/wp\/v2\/posts\/68051\/revisions"}],"predecessor-version":[{"id":68052,"href":"https:\/\/lasentinelle.dz\/index.php\/wp-json\/wp\/v2\/posts\/68051\/revisions\/68052"}],"wp:featuredmedia":[{"embeddable":true,"href":"https:\/\/lasentinelle.dz\/index.php\/wp-json\/wp\/v2\/media\/65257"}],"wp:attachment":[{"href":"https:\/\/lasentinelle.dz\/index.php\/wp-json\/wp\/v2\/media?parent=68051"}],"wp:term":[{"taxonomy":"category","embeddable":true,"href":"https:\/\/lasentinelle.dz\/index.php\/wp-json\/wp\/v2\/categories?post=68051"},{"taxonomy":"post_tag","embeddable":true,"href":"https:\/\/lasentinelle.dz\/index.php\/wp-json\/wp\/v2\/tags?post=68051"}],"curies":[{"name":"wp","href":"https:\/\/api.w.org\/{rel}","templated":true}]}}