{"id":68056,"date":"2025-05-28T11:38:17","date_gmt":"2025-05-28T10:38:17","guid":{"rendered":"https:\/\/lasentinelle.dz\/?p=68056"},"modified":"2025-05-28T11:38:17","modified_gmt":"2025-05-28T10:38:17","slug":"transferts-manchester-city-entame-les-discussions-pour-rayan-ait-nouri","status":"publish","type":"post","link":"https:\/\/lasentinelle.dz\/index.php\/2025\/05\/28\/transferts-manchester-city-entame-les-discussions-pour-rayan-ait-nouri\/","title":{"rendered":"Transferts: Manchester City entame les discussions pour Rayan A\u00eft Nouri"},"content":{"rendered":"\n<p>Deux ann\u00e9es apr\u00e8s avoir vu partir Riyad Mahrez vers l&rsquo;Arabie saoudite et Al-Ahli, Manchester City pourrait bien retrouver une touche alg\u00e9rienne dans son effectif en la personne de Rayan A\u00eft Nouri, le d\u00e9fenseur international de Wolverhampton qui fait l&rsquo;objet de toutes les convoitises sur le march\u00e9 des transferts. Selon les informations r\u00e9v\u00e9l\u00e9es par Fabrizio Romano, journaliste italien sp\u00e9cialis\u00e9 dans les mouvements de joueurs et reconnu pour la fiabilit\u00e9 de ses sources, la direction des Cityzens aurait entam\u00e9 des d\u00e9marches concr\u00e8tes pour recruter le lat\u00e9ral gauche de 23 ans, consid\u00e9r\u00e9 comme une v\u00e9ritable priorit\u00e9 pour renforcer le couloir gauche de la d\u00e9fense mancunienne. Les premiers contacts auraient d\u00e9j\u00e0 eu lieu entre les dirigeants des deux clubs anglais, Manchester City ayant manifest\u00e9 un int\u00e9r\u00eat tangible pour les services du Fennec qui arrive dans sa derni\u00e8re ann\u00e9e de contrat avec les Wolves. La situation contractuelle d&rsquo;A\u00eft Nouri, dont le bail expire en juin 2026, repr\u00e9sente une opportunit\u00e9 int\u00e9ressante pour les champions d&rsquo;Angleterre qui pourraient n\u00e9gocier un transfert \u00e0 des conditions avantageuses plut\u00f4t que d&rsquo;attendre une \u00e9ventuelle lib\u00e9ration dans douze mois. Le profil du d\u00e9fenseur alg\u00e9rien correspond parfaitement aux crit\u00e8res recherch\u00e9s par Pep Guardiola qui appr\u00e9cie particuli\u00e8rement les joueurs polyvalents capables d&rsquo;apporter une dimension offensive tout en conservant une solidit\u00e9 d\u00e9fensive. A\u00eft Nouri sort justement d&rsquo;une saison exceptionnelle sous les couleurs de Wolverhampton avec des statistiques impressionnantes : 37 matchs disput\u00e9s toutes comp\u00e9titions confondues, 4 buts inscrits et 7 passes d\u00e9cisives d\u00e9livr\u00e9es, ce qui en fait le d\u00e9fenseur le plus d\u00e9cisif de Premier League cette saison. Ces performances remarquables t\u00e9moignent de sa capacit\u00e9 \u00e0 peser sur le jeu offensif tout en assumant ses responsabilit\u00e9s d\u00e9fensives, qualit\u00e9s essentielles dans le syst\u00e8me de jeu pr\u00f4n\u00e9 par le technicien catalan. La polyvalence du joueur constitue \u00e9galement un atout majeur puisqu&rsquo;il peut \u00e9voluer aussi bien comme lat\u00e9ral gauche traditionnel que comme piston dans un syst\u00e8me \u00e0 trois d\u00e9fenseurs centraux, voire m\u00eame comme ailier gauche lorsque l&rsquo;\u00e9quipe a besoin de renforcer son animation offensive. Cette adaptabilit\u00e9 tactique s&rsquo;inscrit parfaitement dans la philosophie de Guardiola qui aime pouvoir compter sur des \u00e9l\u00e9ments capables d&rsquo;occuper plusieurs postes selon les besoins du match et les phases de jeu. Manchester City, qui a souvent d\u00fb faire appel \u00e0 Josko Gvardiol, d\u00e9fenseur central de formation, pour d\u00e9panner sur le c\u00f4t\u00e9 gauche de la d\u00e9fense, souhaite clairement recruter un sp\u00e9cialiste du poste pour disposer d&rsquo;une solution plus naturelle et efficace dans ce secteur de jeu. L&rsquo;international alg\u00e9rien, qui compte 13 s\u00e9lections avec les Verts depuis ses d\u00e9buts en mars 2023 contre le Niger, ne suscite pas seulement l&rsquo;int\u00e9r\u00eat des Sky blues puisque Arsenal et Liverpool auraient \u00e9galement manifest\u00e9 leur int\u00e9r\u00eat, cr\u00e9ant ainsi une concurrence f\u00e9roce pour s&rsquo;attacher les services de celui qui est estim\u00e9 \u00e0 35 millions d&rsquo;euros selon les \u00e9valuations de Transfermarkt. L&rsquo;AC Milan avait d&rsquo;ailleurs tent\u00e9 sa chance lors du mercato hivernal sans parvenir \u00e0 convaincre Wolverhampton de c\u00e9der son joueur.<\/p>\n\n\n\n<p>M.D.<\/p>\n","protected":false},"excerpt":{"rendered":"<p>Deux ann\u00e9es apr\u00e8s avoir vu partir Riyad Mahrez vers l&rsquo;Arabie saoudite et Al-Ahli, Manchester City pourrait bien retrouver une touche<\/p>\n","protected":false},"author":6,"featured_media":67313,"comment_status":"open","ping_status":"closed","sticky":false,"template":"","format":"standard","meta":{"colormag_page_container_layout":"default_layout","colormag_page_sidebar_layout":"default_layout","om_disable_all_campaigns":false,"_monsterinsights_skip_tracking":false,"_monsterinsights_sitenote_active":false,"_monsterinsights_sitenote_note":"","_monsterinsights_sitenote_category":0,"footnotes":"","_wpscppro_dont_share_socialmedia":false,"_wpscppro_custom_social_share_image":0,"_facebook_share_type":"default","_twitter_share_type":"default","_linkedin_share_type":"default","_pinterest_share_type":"default","_linkedin_share_type_page":"","_instagram_share_type":"default","_medium_share_type":"default","_threads_share_type":"","_google_business_share_type":"","_selected_social_profile":[],"_wpsp_enable_custom_social_template":false,"_wpsp_social_scheduling":{"enabled":false,"datetime":null,"platforms":[],"status":"template_only","dateOption":"today","timeOption":"now","customDays":"","customHours":"","customDate":"","customTime":"","schedulingType":"absolute"},"_wpsp_active_default_template":true},"categories":[33],"tags":[],"class_list":["post-68056","post","type-post","status-publish","format-standard","has-post-thumbnail","hentry","category-sports"],"aioseo_notices":[],"yoast_head":"<!-- This site is optimized with the Yoast SEO plugin v27.5 - https:\/\/yoast.com\/product\/yoast-seo-wordpress\/ -->\n<title>Transferts: Manchester City entame les discussions pour Rayan A\u00eft Nouri - La Sentinelle<\/title>\n<meta name=\"robots\" content=\"index, follow, max-snippet:-1, max-image-preview:large, max-video-preview:-1\" \/>\n<link rel=\"canonical\" href=\"https:\/\/lasentinelle.dz\/index.php\/2025\/05\/28\/transferts-manchester-city-entame-les-discussions-pour-rayan-ait-nouri\/\" \/>\n<meta property=\"og:locale\" content=\"fr_FR\" \/>\n<meta property=\"og:type\" content=\"article\" \/>\n<meta property=\"og:title\" content=\"Transferts: Manchester City entame les discussions pour Rayan A\u00eft Nouri - La Sentinelle\" \/>\n<meta property=\"og:description\" content=\"Deux ann\u00e9es apr\u00e8s avoir vu partir Riyad Mahrez vers l&rsquo;Arabie saoudite et Al-Ahli, Manchester City pourrait bien retrouver une touche\" \/>\n<meta property=\"og:url\" content=\"https:\/\/lasentinelle.dz\/index.php\/2025\/05\/28\/transferts-manchester-city-entame-les-discussions-pour-rayan-ait-nouri\/\" \/>\n<meta property=\"og:site_name\" content=\"La Sentinelle\" \/>\n<meta property=\"article:publisher\" content=\"https:\/\/www.facebook.com\/La-Sentinelle-104059864394773\" \/>\n<meta property=\"article:published_time\" content=\"2025-05-28T10:38:17+00:00\" \/>\n<meta property=\"og:image\" content=\"https:\/\/lasentinelle.dz\/wp-content\/uploads\/2025\/05\/Rayan-Ait-Nouri.jpg\" \/>\n\t<meta property=\"og:image:width\" content=\"900\" \/>\n\t<meta property=\"og:image:height\" content=\"600\" \/>\n\t<meta property=\"og:image:type\" content=\"image\/jpeg\" \/>\n<meta name=\"author\" content=\"admin\" \/>\n<meta name=\"twitter:card\" content=\"summary_large_image\" \/>\n<meta name=\"twitter:label1\" content=\"\u00c9crit par\" \/>\n\t<meta name=\"twitter:data1\" content=\"admin\" \/>\n\t<meta name=\"twitter:label2\" content=\"Dur\u00e9e de lecture estim\u00e9e\" \/>\n\t<meta name=\"twitter:data2\" content=\"3 minutes\" \/>\n<script type=\"application\/ld+json\" class=\"yoast-schema-graph\">{\"@context\":\"https:\\\/\\\/schema.org\",\"@graph\":[{\"@type\":\"Article\",\"@id\":\"https:\\\/\\\/lasentinelle.dz\\\/index.php\\\/2025\\\/05\\\/28\\\/transferts-manchester-city-entame-les-discussions-pour-rayan-ait-nouri\\\/#article\",\"isPartOf\":{\"@id\":\"https:\\\/\\\/lasentinelle.dz\\\/index.php\\\/2025\\\/05\\\/28\\\/transferts-manchester-city-entame-les-discussions-pour-rayan-ait-nouri\\\/\"},\"author\":{\"name\":\"admin\",\"@id\":\"https:\\\/\\\/lasentinelle.dz\\\/#\\\/schema\\\/person\\\/729ee0024f24e0b8c5ec17232f8e8b41\"},\"headline\":\"Transferts: Manchester City entame les discussions pour Rayan A\u00eft Nouri\",\"datePublished\":\"2025-05-28T10:38:17+00:00\",\"mainEntityOfPage\":{\"@id\":\"https:\\\/\\\/lasentinelle.dz\\\/index.php\\\/2025\\\/05\\\/28\\\/transferts-manchester-city-entame-les-discussions-pour-rayan-ait-nouri\\\/\"},\"wordCount\":561,\"commentCount\":0,\"publisher\":{\"@id\":\"https:\\\/\\\/lasentinelle.dz\\\/#organization\"},\"image\":{\"@id\":\"https:\\\/\\\/lasentinelle.dz\\\/index.php\\\/2025\\\/05\\\/28\\\/transferts-manchester-city-entame-les-discussions-pour-rayan-ait-nouri\\\/#primaryimage\"},\"thumbnailUrl\":\"https:\\\/\\\/lasentinelle.dz\\\/wp-content\\\/uploads\\\/2025\\\/05\\\/Rayan-Ait-Nouri.jpg\",\"articleSection\":[\"Sports\"],\"inLanguage\":\"fr-FR\",\"potentialAction\":[{\"@type\":\"CommentAction\",\"name\":\"Comment\",\"target\":[\"https:\\\/\\\/lasentinelle.dz\\\/index.php\\\/2025\\\/05\\\/28\\\/transferts-manchester-city-entame-les-discussions-pour-rayan-ait-nouri\\\/#respond\"]}]},{\"@type\":\"WebPage\",\"@id\":\"https:\\\/\\\/lasentinelle.dz\\\/index.php\\\/2025\\\/05\\\/28\\\/transferts-manchester-city-entame-les-discussions-pour-rayan-ait-nouri\\\/\",\"url\":\"https:\\\/\\\/lasentinelle.dz\\\/index.php\\\/2025\\\/05\\\/28\\\/transferts-manchester-city-entame-les-discussions-pour-rayan-ait-nouri\\\/\",\"name\":\"Transferts: Manchester City entame les discussions pour Rayan A\u00eft Nouri - La Sentinelle\",\"isPartOf\":{\"@id\":\"https:\\\/\\\/lasentinelle.dz\\\/#website\"},\"primaryImageOfPage\":{\"@id\":\"https:\\\/\\\/lasentinelle.dz\\\/index.php\\\/2025\\\/05\\\/28\\\/transferts-manchester-city-entame-les-discussions-pour-rayan-ait-nouri\\\/#primaryimage\"},\"image\":{\"@id\":\"https:\\\/\\\/lasentinelle.dz\\\/index.php\\\/2025\\\/05\\\/28\\\/transferts-manchester-city-entame-les-discussions-pour-rayan-ait-nouri\\\/#primaryimage\"},\"thumbnailUrl\":\"https:\\\/\\\/lasentinelle.dz\\\/wp-content\\\/uploads\\\/2025\\\/05\\\/Rayan-Ait-Nouri.jpg\",\"datePublished\":\"2025-05-28T10:38:17+00:00\",\"breadcrumb\":{\"@id\":\"https:\\\/\\\/lasentinelle.dz\\\/index.php\\\/2025\\\/05\\\/28\\\/transferts-manchester-city-entame-les-discussions-pour-rayan-ait-nouri\\\/#breadcrumb\"},\"inLanguage\":\"fr-FR\",\"potentialAction\":[{\"@type\":\"ReadAction\",\"target\":[\"https:\\\/\\\/lasentinelle.dz\\\/index.php\\\/2025\\\/05\\\/28\\\/transferts-manchester-city-entame-les-discussions-pour-rayan-ait-nouri\\\/\"]}]},{\"@type\":\"ImageObject\",\"inLanguage\":\"fr-FR\",\"@id\":\"https:\\\/\\\/lasentinelle.dz\\\/index.php\\\/2025\\\/05\\\/28\\\/transferts-manchester-city-entame-les-discussions-pour-rayan-ait-nouri\\\/#primaryimage\",\"url\":\"https:\\\/\\\/lasentinelle.dz\\\/wp-content\\\/uploads\\\/2025\\\/05\\\/Rayan-Ait-Nouri.jpg\",\"contentUrl\":\"https:\\\/\\\/lasentinelle.dz\\\/wp-content\\\/uploads\\\/2025\\\/05\\\/Rayan-Ait-Nouri.jpg\",\"width\":900,\"height\":600},{\"@type\":\"BreadcrumbList\",\"@id\":\"https:\\\/\\\/lasentinelle.dz\\\/index.php\\\/2025\\\/05\\\/28\\\/transferts-manchester-city-entame-les-discussions-pour-rayan-ait-nouri\\\/#breadcrumb\",\"itemListElement\":[{\"@type\":\"ListItem\",\"position\":1,\"name\":\"Accueil\",\"item\":\"https:\\\/\\\/lasentinelle.dz\\\/\"},{\"@type\":\"ListItem\",\"position\":2,\"name\":\"Transferts: Manchester City entame les discussions pour Rayan A\u00eft Nouri\"}]},{\"@type\":\"WebSite\",\"@id\":\"https:\\\/\\\/lasentinelle.dz\\\/#website\",\"url\":\"https:\\\/\\\/lasentinelle.dz\\\/\",\"name\":\"La Sentinelle\",\"description\":\"Quotidien national d&#039;information\",\"publisher\":{\"@id\":\"https:\\\/\\\/lasentinelle.dz\\\/#organization\"},\"potentialAction\":[{\"@type\":\"SearchAction\",\"target\":{\"@type\":\"EntryPoint\",\"urlTemplate\":\"https:\\\/\\\/lasentinelle.dz\\\/?s={search_term_string}\"},\"query-input\":{\"@type\":\"PropertyValueSpecification\",\"valueRequired\":true,\"valueName\":\"search_term_string\"}}],\"inLanguage\":\"fr-FR\"},{\"@type\":\"Organization\",\"@id\":\"https:\\\/\\\/lasentinelle.dz\\\/#organization\",\"name\":\"Quotidien La Sentinelle\",\"url\":\"https:\\\/\\\/lasentinelle.dz\\\/\",\"logo\":{\"@type\":\"ImageObject\",\"inLanguage\":\"fr-FR\",\"@id\":\"https:\\\/\\\/lasentinelle.dz\\\/#\\\/schema\\\/logo\\\/image\\\/\",\"url\":\"https:\\\/\\\/lasentinelle.dz\\\/wp-content\\\/uploads\\\/2021\\\/09\\\/logo-sentinelleSLOGAN-1.png\",\"contentUrl\":\"https:\\\/\\\/lasentinelle.dz\\\/wp-content\\\/uploads\\\/2021\\\/09\\\/logo-sentinelleSLOGAN-1.png\",\"width\":615,\"height\":142,\"caption\":\"Quotidien La Sentinelle\"},\"image\":{\"@id\":\"https:\\\/\\\/lasentinelle.dz\\\/#\\\/schema\\\/logo\\\/image\\\/\"},\"sameAs\":[\"https:\\\/\\\/www.facebook.com\\\/La-Sentinelle-104059864394773\"]},{\"@type\":\"Person\",\"@id\":\"https:\\\/\\\/lasentinelle.dz\\\/#\\\/schema\\\/person\\\/729ee0024f24e0b8c5ec17232f8e8b41\",\"name\":\"admin\",\"image\":{\"@type\":\"ImageObject\",\"inLanguage\":\"fr-FR\",\"@id\":\"https:\\\/\\\/secure.gravatar.com\\\/avatar\\\/4c81fed838786e9b53f540bf46533e750f5d292099ae3b66cfc6fb1982e29df7?s=96&d=mm&r=g\",\"url\":\"https:\\\/\\\/secure.gravatar.com\\\/avatar\\\/4c81fed838786e9b53f540bf46533e750f5d292099ae3b66cfc6fb1982e29df7?s=96&d=mm&r=g\",\"contentUrl\":\"https:\\\/\\\/secure.gravatar.com\\\/avatar\\\/4c81fed838786e9b53f540bf46533e750f5d292099ae3b66cfc6fb1982e29df7?s=96&d=mm&r=g\",\"caption\":\"admin\"},\"description\":\"admin\",\"url\":\"https:\\\/\\\/lasentinelle.dz\\\/author\\\/admin\\\/\"}]}<\/script>\n<!-- \/ Yoast SEO plugin. -->","yoast_head_json":{"title":"Transferts: Manchester City entame les discussions pour Rayan A\u00eft Nouri - La Sentinelle","robots":{"index":"index","follow":"follow","max-snippet":"max-snippet:-1","max-image-preview":"max-image-preview:large","max-video-preview":"max-video-preview:-1"},"canonical":"https:\/\/lasentinelle.dz\/index.php\/2025\/05\/28\/transferts-manchester-city-entame-les-discussions-pour-rayan-ait-nouri\/","og_locale":"fr_FR","og_type":"article","og_title":"Transferts: Manchester City entame les discussions pour Rayan A\u00eft Nouri - La Sentinelle","og_description":"Deux ann\u00e9es apr\u00e8s avoir vu partir Riyad Mahrez vers l&rsquo;Arabie saoudite et Al-Ahli, Manchester City pourrait bien retrouver une touche","og_url":"https:\/\/lasentinelle.dz\/index.php\/2025\/05\/28\/transferts-manchester-city-entame-les-discussions-pour-rayan-ait-nouri\/","og_site_name":"La Sentinelle","article_publisher":"https:\/\/www.facebook.com\/La-Sentinelle-104059864394773","article_published_time":"2025-05-28T10:38:17+00:00","og_image":[{"width":900,"height":600,"url":"https:\/\/lasentinelle.dz\/wp-content\/uploads\/2025\/05\/Rayan-Ait-Nouri.jpg","type":"image\/jpeg"}],"author":"admin","twitter_card":"summary_large_image","twitter_misc":{"\u00c9crit par":"admin","Dur\u00e9e de lecture estim\u00e9e":"3 minutes"},"schema":{"@context":"https:\/\/schema.org","@graph":[{"@type":"Article","@id":"https:\/\/lasentinelle.dz\/index.php\/2025\/05\/28\/transferts-manchester-city-entame-les-discussions-pour-rayan-ait-nouri\/#article","isPartOf":{"@id":"https:\/\/lasentinelle.dz\/index.php\/2025\/05\/28\/transferts-manchester-city-entame-les-discussions-pour-rayan-ait-nouri\/"},"author":{"name":"admin","@id":"https:\/\/lasentinelle.dz\/#\/schema\/person\/729ee0024f24e0b8c5ec17232f8e8b41"},"headline":"Transferts: Manchester City entame les discussions pour Rayan A\u00eft Nouri","datePublished":"2025-05-28T10:38:17+00:00","mainEntityOfPage":{"@id":"https:\/\/lasentinelle.dz\/index.php\/2025\/05\/28\/transferts-manchester-city-entame-les-discussions-pour-rayan-ait-nouri\/"},"wordCount":561,"commentCount":0,"publisher":{"@id":"https:\/\/lasentinelle.dz\/#organization"},"image":{"@id":"https:\/\/lasentinelle.dz\/index.php\/2025\/05\/28\/transferts-manchester-city-entame-les-discussions-pour-rayan-ait-nouri\/#primaryimage"},"thumbnailUrl":"https:\/\/lasentinelle.dz\/wp-content\/uploads\/2025\/05\/Rayan-Ait-Nouri.jpg","articleSection":["Sports"],"inLanguage":"fr-FR","potentialAction":[{"@type":"CommentAction","name":"Comment","target":["https:\/\/lasentinelle.dz\/index.php\/2025\/05\/28\/transferts-manchester-city-entame-les-discussions-pour-rayan-ait-nouri\/#respond"]}]},{"@type":"WebPage","@id":"https:\/\/lasentinelle.dz\/index.php\/2025\/05\/28\/transferts-manchester-city-entame-les-discussions-pour-rayan-ait-nouri\/","url":"https:\/\/lasentinelle.dz\/index.php\/2025\/05\/28\/transferts-manchester-city-entame-les-discussions-pour-rayan-ait-nouri\/","name":"Transferts: Manchester City entame les discussions pour Rayan A\u00eft Nouri - La Sentinelle","isPartOf":{"@id":"https:\/\/lasentinelle.dz\/#website"},"primaryImageOfPage":{"@id":"https:\/\/lasentinelle.dz\/index.php\/2025\/05\/28\/transferts-manchester-city-entame-les-discussions-pour-rayan-ait-nouri\/#primaryimage"},"image":{"@id":"https:\/\/lasentinelle.dz\/index.php\/2025\/05\/28\/transferts-manchester-city-entame-les-discussions-pour-rayan-ait-nouri\/#primaryimage"},"thumbnailUrl":"https:\/\/lasentinelle.dz\/wp-content\/uploads\/2025\/05\/Rayan-Ait-Nouri.jpg","datePublished":"2025-05-28T10:38:17+00:00","breadcrumb":{"@id":"https:\/\/lasentinelle.dz\/index.php\/2025\/05\/28\/transferts-manchester-city-entame-les-discussions-pour-rayan-ait-nouri\/#breadcrumb"},"inLanguage":"fr-FR","potentialAction":[{"@type":"ReadAction","target":["https:\/\/lasentinelle.dz\/index.php\/2025\/05\/28\/transferts-manchester-city-entame-les-discussions-pour-rayan-ait-nouri\/"]}]},{"@type":"ImageObject","inLanguage":"fr-FR","@id":"https:\/\/lasentinelle.dz\/index.php\/2025\/05\/28\/transferts-manchester-city-entame-les-discussions-pour-rayan-ait-nouri\/#primaryimage","url":"https:\/\/lasentinelle.dz\/wp-content\/uploads\/2025\/05\/Rayan-Ait-Nouri.jpg","contentUrl":"https:\/\/lasentinelle.dz\/wp-content\/uploads\/2025\/05\/Rayan-Ait-Nouri.jpg","width":900,"height":600},{"@type":"BreadcrumbList","@id":"https:\/\/lasentinelle.dz\/index.php\/2025\/05\/28\/transferts-manchester-city-entame-les-discussions-pour-rayan-ait-nouri\/#breadcrumb","itemListElement":[{"@type":"ListItem","position":1,"name":"Accueil","item":"https:\/\/lasentinelle.dz\/"},{"@type":"ListItem","position":2,"name":"Transferts: Manchester City entame les discussions pour Rayan A\u00eft Nouri"}]},{"@type":"WebSite","@id":"https:\/\/lasentinelle.dz\/#website","url":"https:\/\/lasentinelle.dz\/","name":"La Sentinelle","description":"Quotidien national d&#039;information","publisher":{"@id":"https:\/\/lasentinelle.dz\/#organization"},"potentialAction":[{"@type":"SearchAction","target":{"@type":"EntryPoint","urlTemplate":"https:\/\/lasentinelle.dz\/?s={search_term_string}"},"query-input":{"@type":"PropertyValueSpecification","valueRequired":true,"valueName":"search_term_string"}}],"inLanguage":"fr-FR"},{"@type":"Organization","@id":"https:\/\/lasentinelle.dz\/#organization","name":"Quotidien La Sentinelle","url":"https:\/\/lasentinelle.dz\/","logo":{"@type":"ImageObject","inLanguage":"fr-FR","@id":"https:\/\/lasentinelle.dz\/#\/schema\/logo\/image\/","url":"https:\/\/lasentinelle.dz\/wp-content\/uploads\/2021\/09\/logo-sentinelleSLOGAN-1.png","contentUrl":"https:\/\/lasentinelle.dz\/wp-content\/uploads\/2021\/09\/logo-sentinelleSLOGAN-1.png","width":615,"height":142,"caption":"Quotidien La Sentinelle"},"image":{"@id":"https:\/\/lasentinelle.dz\/#\/schema\/logo\/image\/"},"sameAs":["https:\/\/www.facebook.com\/La-Sentinelle-104059864394773"]},{"@type":"Person","@id":"https:\/\/lasentinelle.dz\/#\/schema\/person\/729ee0024f24e0b8c5ec17232f8e8b41","name":"admin","image":{"@type":"ImageObject","inLanguage":"fr-FR","@id":"https:\/\/secure.gravatar.com\/avatar\/4c81fed838786e9b53f540bf46533e750f5d292099ae3b66cfc6fb1982e29df7?s=96&d=mm&r=g","url":"https:\/\/secure.gravatar.com\/avatar\/4c81fed838786e9b53f540bf46533e750f5d292099ae3b66cfc6fb1982e29df7?s=96&d=mm&r=g","contentUrl":"https:\/\/secure.gravatar.com\/avatar\/4c81fed838786e9b53f540bf46533e750f5d292099ae3b66cfc6fb1982e29df7?s=96&d=mm&r=g","caption":"admin"},"description":"admin","url":"https:\/\/lasentinelle.dz\/author\/admin\/"}]}},"_links":{"self":[{"href":"https:\/\/lasentinelle.dz\/index.php\/wp-json\/wp\/v2\/posts\/68056","targetHints":{"allow":["GET"]}}],"collection":[{"href":"https:\/\/lasentinelle.dz\/index.php\/wp-json\/wp\/v2\/posts"}],"about":[{"href":"https:\/\/lasentinelle.dz\/index.php\/wp-json\/wp\/v2\/types\/post"}],"author":[{"embeddable":true,"href":"https:\/\/lasentinelle.dz\/index.php\/wp-json\/wp\/v2\/users\/6"}],"replies":[{"embeddable":true,"href":"https:\/\/lasentinelle.dz\/index.php\/wp-json\/wp\/v2\/comments?post=68056"}],"version-history":[{"count":1,"href":"https:\/\/lasentinelle.dz\/index.php\/wp-json\/wp\/v2\/posts\/68056\/revisions"}],"predecessor-version":[{"id":68057,"href":"https:\/\/lasentinelle.dz\/index.php\/wp-json\/wp\/v2\/posts\/68056\/revisions\/68057"}],"wp:featuredmedia":[{"embeddable":true,"href":"https:\/\/lasentinelle.dz\/index.php\/wp-json\/wp\/v2\/media\/67313"}],"wp:attachment":[{"href":"https:\/\/lasentinelle.dz\/index.php\/wp-json\/wp\/v2\/media?parent=68056"}],"wp:term":[{"taxonomy":"category","embeddable":true,"href":"https:\/\/lasentinelle.dz\/index.php\/wp-json\/wp\/v2\/categories?post=68056"},{"taxonomy":"post_tag","embeddable":true,"href":"https:\/\/lasentinelle.dz\/index.php\/wp-json\/wp\/v2\/tags?post=68056"}],"curies":[{"name":"wp","href":"https:\/\/api.w.org\/{rel}","templated":true}]}}