{"id":68058,"date":"2025-05-28T11:39:02","date_gmt":"2025-05-28T10:39:02","guid":{"rendered":"https:\/\/lasentinelle.dz\/?p=68058"},"modified":"2025-05-28T11:39:03","modified_gmt":"2025-05-28T10:39:03","slug":"coupe-arabe-2025-bougherra-affiche-ses-ambitions","status":"publish","type":"post","link":"https:\/\/lasentinelle.dz\/index.php\/2025\/05\/28\/coupe-arabe-2025-bougherra-affiche-ses-ambitions\/","title":{"rendered":"Coupe Arabe 2025: Bougherra affiche ses ambitions"},"content":{"rendered":"\n<p>Tenant du titre de la Coupe Arabe des Nations, l&rsquo;Alg\u00e9rie ne cache pas ses ambitions pour l&rsquo;\u00e9dition 2025 qui se d\u00e9roulera au Qatar du 1er au 18 d\u00e9cembre prochain.<\/p>\n\n\n\n<p>\u00c0 l&rsquo;issue du tirage au sort effectu\u00e9 dimanche, Madjid Bougherra, s\u00e9lectionneur de l&rsquo;\u00e9quipe nationale A&rsquo;, a clairement exprim\u00e9 sa d\u00e9termination devant les m\u00e9dias qataris en d\u00e9clarant que l&rsquo;objectif \u00e9tait sans \u00e9quivoque : remporter une deuxi\u00e8me Coupe Arabe cons\u00e9cutive. Cette d\u00e9claration t\u00e9moigne de l&rsquo;ambition l\u00e9gitime des Verts locaux qui entendent bien d\u00e9fendre leur couronne acquise en 2021 lors d&rsquo;une \u00e9dition m\u00e9morable qui avait marqu\u00e9 les esprits par la qualit\u00e9 du football alg\u00e9rien et l&rsquo;engouement populaire qu&rsquo;elle avait suscit\u00e9. Cependant, l&rsquo;ancien d\u00e9fenseur central des Fennecs ne se berce pas d&rsquo;illusions et reste parfaitement lucide quant aux difficult\u00e9s qui attendent son \u00e9quipe dans cette qu\u00eate du doubl\u00e9. Bougherra a notamment soulign\u00e9 que la mission sera plus ardue que lors de la pr\u00e9c\u00e9dente \u00e9dition, expliquant que le statut de champion en titre expose automatiquement l&rsquo;\u00e9quipe nationale des joueurs locaux aux convoitises de tous ses adversaires qui voudront \u00e0 tout prix battre les tenants du titre. Fort de cette analyse, l&rsquo;ex-international alg\u00e9rien compte bien pr\u00e9parer m\u00e9thodiquement ses hommes pour relever ce d\u00e9fi dans un contexte sportif et m\u00e9diatique bien plus exigeant qu&rsquo;en 2021. La pr\u00e9paration de cette Coupe Arabe 2025 a d&rsquo;ailleurs d\u00e9j\u00e0 commenc\u00e9 avec cinq mois d&rsquo;avance, preuve de l&rsquo;importance accord\u00e9e \u00e0 cette comp\u00e9tition par le staff technique alg\u00e9rien. Bougherra a confirm\u00e9 avoir une id\u00e9e pr\u00e9cise des profils de joueurs qu&rsquo;il souhaite int\u00e9grer dans son groupe et travaille actuellement sur une feuille de route d\u00e9taill\u00e9e pour optimiser la pr\u00e9paration de son \u00e9quipe. Cette approche m\u00e9thodique s&rsquo;inscrit dans une coordination \u00e9troite avec Vladimir Petkovic, s\u00e9lectionneur de l&rsquo;\u00e9quipe A, afin d&rsquo;\u00e9viter tout conflit dans la gestion des joueurs susceptibles d&rsquo;\u00eatre concern\u00e9s par les diff\u00e9rentes s\u00e9lections nationales. Cette collaboration entre les deux techniciens est cruciale car les joueurs retenus pour la Coupe Arabe ne participeront pas \u00e0 la CAN 2025, ce qui n\u00e9cessite une planification rigoureuse pour pr\u00e9server les int\u00e9r\u00eats de l&rsquo;\u00e9quipe nationale dans toutes les comp\u00e9titions. Le calendrier particuli\u00e8rement charg\u00e9 des Verts, avec le CHAN 2025 pr\u00e9vu en ao\u00fbt et la CAN 2025 en janvier, impose effectivement des choix strat\u00e9giques importants, mais Madjid Bougherra a clairement fait savoir qu&rsquo;il \u00e9tait hors de question de n\u00e9gliger la Coupe Arabe malgr\u00e9 cette densit\u00e9 d&rsquo;\u00e9ch\u00e9ances.<\/p>\n\n\n\n<p>M. Dahleb<\/p>\n","protected":false},"excerpt":{"rendered":"<p>Tenant du titre de la Coupe Arabe des Nations, l&rsquo;Alg\u00e9rie ne cache pas ses ambitions pour l&rsquo;\u00e9dition 2025 qui se<\/p>\n","protected":false},"author":6,"featured_media":35575,"comment_status":"open","ping_status":"closed","sticky":false,"template":"","format":"standard","meta":{"colormag_page_container_layout":"default_layout","colormag_page_sidebar_layout":"default_layout","om_disable_all_campaigns":false,"_monsterinsights_skip_tracking":false,"_monsterinsights_sitenote_active":false,"_monsterinsights_sitenote_note":"","_monsterinsights_sitenote_category":0,"footnotes":"","_wpscppro_dont_share_socialmedia":false,"_wpscppro_custom_social_share_image":0,"_facebook_share_type":"default","_twitter_share_type":"default","_linkedin_share_type":"default","_pinterest_share_type":"default","_linkedin_share_type_page":"","_instagram_share_type":"default","_medium_share_type":"default","_threads_share_type":"","_google_business_share_type":"","_selected_social_profile":[],"_wpsp_enable_custom_social_template":false,"_wpsp_social_scheduling":{"enabled":false,"datetime":null,"platforms":[],"status":"template_only","dateOption":"today","timeOption":"now","customDays":"","customHours":"","customDate":"","customTime":"","schedulingType":"absolute"},"_wpsp_active_default_template":true},"categories":[33],"tags":[],"class_list":["post-68058","post","type-post","status-publish","format-standard","has-post-thumbnail","hentry","category-sports"],"aioseo_notices":[],"yoast_head":"<!-- This site is optimized with the Yoast SEO plugin v27.5 - https:\/\/yoast.com\/product\/yoast-seo-wordpress\/ -->\n<title>Coupe Arabe 2025: Bougherra affiche ses ambitions - La Sentinelle<\/title>\n<meta name=\"robots\" content=\"index, follow, max-snippet:-1, max-image-preview:large, max-video-preview:-1\" \/>\n<link rel=\"canonical\" href=\"https:\/\/lasentinelle.dz\/index.php\/2025\/05\/28\/coupe-arabe-2025-bougherra-affiche-ses-ambitions\/\" \/>\n<meta property=\"og:locale\" content=\"fr_FR\" \/>\n<meta property=\"og:type\" content=\"article\" \/>\n<meta property=\"og:title\" content=\"Coupe Arabe 2025: Bougherra affiche ses ambitions - La Sentinelle\" \/>\n<meta property=\"og:description\" content=\"Tenant du titre de la Coupe Arabe des Nations, l&rsquo;Alg\u00e9rie ne cache pas ses ambitions pour l&rsquo;\u00e9dition 2025 qui se\" \/>\n<meta property=\"og:url\" content=\"https:\/\/lasentinelle.dz\/index.php\/2025\/05\/28\/coupe-arabe-2025-bougherra-affiche-ses-ambitions\/\" \/>\n<meta property=\"og:site_name\" content=\"La Sentinelle\" \/>\n<meta property=\"article:publisher\" content=\"https:\/\/www.facebook.com\/La-Sentinelle-104059864394773\" \/>\n<meta property=\"article:published_time\" content=\"2025-05-28T10:39:02+00:00\" \/>\n<meta property=\"article:modified_time\" content=\"2025-05-28T10:39:03+00:00\" \/>\n<meta property=\"og:image\" content=\"https:\/\/lasentinelle.dz\/wp-content\/uploads\/2023\/02\/bougherra-1.png\" \/>\n\t<meta property=\"og:image:width\" content=\"1600\" \/>\n\t<meta property=\"og:image:height\" content=\"900\" \/>\n\t<meta property=\"og:image:type\" content=\"image\/png\" \/>\n<meta name=\"author\" content=\"admin\" \/>\n<meta name=\"twitter:card\" content=\"summary_large_image\" \/>\n<meta name=\"twitter:label1\" content=\"\u00c9crit par\" \/>\n\t<meta name=\"twitter:data1\" content=\"admin\" \/>\n\t<meta name=\"twitter:label2\" content=\"Dur\u00e9e de lecture estim\u00e9e\" \/>\n\t<meta name=\"twitter:data2\" content=\"3 minutes\" \/>\n<script type=\"application\/ld+json\" class=\"yoast-schema-graph\">{\"@context\":\"https:\\\/\\\/schema.org\",\"@graph\":[{\"@type\":\"Article\",\"@id\":\"https:\\\/\\\/lasentinelle.dz\\\/index.php\\\/2025\\\/05\\\/28\\\/coupe-arabe-2025-bougherra-affiche-ses-ambitions\\\/#article\",\"isPartOf\":{\"@id\":\"https:\\\/\\\/lasentinelle.dz\\\/index.php\\\/2025\\\/05\\\/28\\\/coupe-arabe-2025-bougherra-affiche-ses-ambitions\\\/\"},\"author\":{\"name\":\"admin\",\"@id\":\"https:\\\/\\\/lasentinelle.dz\\\/#\\\/schema\\\/person\\\/729ee0024f24e0b8c5ec17232f8e8b41\"},\"headline\":\"Coupe Arabe 2025: Bougherra affiche ses ambitions\",\"datePublished\":\"2025-05-28T10:39:02+00:00\",\"dateModified\":\"2025-05-28T10:39:03+00:00\",\"mainEntityOfPage\":{\"@id\":\"https:\\\/\\\/lasentinelle.dz\\\/index.php\\\/2025\\\/05\\\/28\\\/coupe-arabe-2025-bougherra-affiche-ses-ambitions\\\/\"},\"wordCount\":457,\"commentCount\":0,\"publisher\":{\"@id\":\"https:\\\/\\\/lasentinelle.dz\\\/#organization\"},\"image\":{\"@id\":\"https:\\\/\\\/lasentinelle.dz\\\/index.php\\\/2025\\\/05\\\/28\\\/coupe-arabe-2025-bougherra-affiche-ses-ambitions\\\/#primaryimage\"},\"thumbnailUrl\":\"https:\\\/\\\/lasentinelle.dz\\\/wp-content\\\/uploads\\\/2023\\\/02\\\/bougherra-1.png\",\"articleSection\":[\"Sports\"],\"inLanguage\":\"fr-FR\",\"potentialAction\":[{\"@type\":\"CommentAction\",\"name\":\"Comment\",\"target\":[\"https:\\\/\\\/lasentinelle.dz\\\/index.php\\\/2025\\\/05\\\/28\\\/coupe-arabe-2025-bougherra-affiche-ses-ambitions\\\/#respond\"]}]},{\"@type\":\"WebPage\",\"@id\":\"https:\\\/\\\/lasentinelle.dz\\\/index.php\\\/2025\\\/05\\\/28\\\/coupe-arabe-2025-bougherra-affiche-ses-ambitions\\\/\",\"url\":\"https:\\\/\\\/lasentinelle.dz\\\/index.php\\\/2025\\\/05\\\/28\\\/coupe-arabe-2025-bougherra-affiche-ses-ambitions\\\/\",\"name\":\"Coupe Arabe 2025: Bougherra affiche ses ambitions - La Sentinelle\",\"isPartOf\":{\"@id\":\"https:\\\/\\\/lasentinelle.dz\\\/#website\"},\"primaryImageOfPage\":{\"@id\":\"https:\\\/\\\/lasentinelle.dz\\\/index.php\\\/2025\\\/05\\\/28\\\/coupe-arabe-2025-bougherra-affiche-ses-ambitions\\\/#primaryimage\"},\"image\":{\"@id\":\"https:\\\/\\\/lasentinelle.dz\\\/index.php\\\/2025\\\/05\\\/28\\\/coupe-arabe-2025-bougherra-affiche-ses-ambitions\\\/#primaryimage\"},\"thumbnailUrl\":\"https:\\\/\\\/lasentinelle.dz\\\/wp-content\\\/uploads\\\/2023\\\/02\\\/bougherra-1.png\",\"datePublished\":\"2025-05-28T10:39:02+00:00\",\"dateModified\":\"2025-05-28T10:39:03+00:00\",\"breadcrumb\":{\"@id\":\"https:\\\/\\\/lasentinelle.dz\\\/index.php\\\/2025\\\/05\\\/28\\\/coupe-arabe-2025-bougherra-affiche-ses-ambitions\\\/#breadcrumb\"},\"inLanguage\":\"fr-FR\",\"potentialAction\":[{\"@type\":\"ReadAction\",\"target\":[\"https:\\\/\\\/lasentinelle.dz\\\/index.php\\\/2025\\\/05\\\/28\\\/coupe-arabe-2025-bougherra-affiche-ses-ambitions\\\/\"]}]},{\"@type\":\"ImageObject\",\"inLanguage\":\"fr-FR\",\"@id\":\"https:\\\/\\\/lasentinelle.dz\\\/index.php\\\/2025\\\/05\\\/28\\\/coupe-arabe-2025-bougherra-affiche-ses-ambitions\\\/#primaryimage\",\"url\":\"https:\\\/\\\/lasentinelle.dz\\\/wp-content\\\/uploads\\\/2023\\\/02\\\/bougherra-1.png\",\"contentUrl\":\"https:\\\/\\\/lasentinelle.dz\\\/wp-content\\\/uploads\\\/2023\\\/02\\\/bougherra-1.png\",\"width\":1600,\"height\":900},{\"@type\":\"BreadcrumbList\",\"@id\":\"https:\\\/\\\/lasentinelle.dz\\\/index.php\\\/2025\\\/05\\\/28\\\/coupe-arabe-2025-bougherra-affiche-ses-ambitions\\\/#breadcrumb\",\"itemListElement\":[{\"@type\":\"ListItem\",\"position\":1,\"name\":\"Accueil\",\"item\":\"https:\\\/\\\/lasentinelle.dz\\\/\"},{\"@type\":\"ListItem\",\"position\":2,\"name\":\"Coupe Arabe 2025: Bougherra affiche ses ambitions\"}]},{\"@type\":\"WebSite\",\"@id\":\"https:\\\/\\\/lasentinelle.dz\\\/#website\",\"url\":\"https:\\\/\\\/lasentinelle.dz\\\/\",\"name\":\"La Sentinelle\",\"description\":\"Quotidien national d&#039;information\",\"publisher\":{\"@id\":\"https:\\\/\\\/lasentinelle.dz\\\/#organization\"},\"potentialAction\":[{\"@type\":\"SearchAction\",\"target\":{\"@type\":\"EntryPoint\",\"urlTemplate\":\"https:\\\/\\\/lasentinelle.dz\\\/?s={search_term_string}\"},\"query-input\":{\"@type\":\"PropertyValueSpecification\",\"valueRequired\":true,\"valueName\":\"search_term_string\"}}],\"inLanguage\":\"fr-FR\"},{\"@type\":\"Organization\",\"@id\":\"https:\\\/\\\/lasentinelle.dz\\\/#organization\",\"name\":\"Quotidien La Sentinelle\",\"url\":\"https:\\\/\\\/lasentinelle.dz\\\/\",\"logo\":{\"@type\":\"ImageObject\",\"inLanguage\":\"fr-FR\",\"@id\":\"https:\\\/\\\/lasentinelle.dz\\\/#\\\/schema\\\/logo\\\/image\\\/\",\"url\":\"https:\\\/\\\/lasentinelle.dz\\\/wp-content\\\/uploads\\\/2021\\\/09\\\/logo-sentinelleSLOGAN-1.png\",\"contentUrl\":\"https:\\\/\\\/lasentinelle.dz\\\/wp-content\\\/uploads\\\/2021\\\/09\\\/logo-sentinelleSLOGAN-1.png\",\"width\":615,\"height\":142,\"caption\":\"Quotidien La Sentinelle\"},\"image\":{\"@id\":\"https:\\\/\\\/lasentinelle.dz\\\/#\\\/schema\\\/logo\\\/image\\\/\"},\"sameAs\":[\"https:\\\/\\\/www.facebook.com\\\/La-Sentinelle-104059864394773\"]},{\"@type\":\"Person\",\"@id\":\"https:\\\/\\\/lasentinelle.dz\\\/#\\\/schema\\\/person\\\/729ee0024f24e0b8c5ec17232f8e8b41\",\"name\":\"admin\",\"image\":{\"@type\":\"ImageObject\",\"inLanguage\":\"fr-FR\",\"@id\":\"https:\\\/\\\/secure.gravatar.com\\\/avatar\\\/4c81fed838786e9b53f540bf46533e750f5d292099ae3b66cfc6fb1982e29df7?s=96&d=mm&r=g\",\"url\":\"https:\\\/\\\/secure.gravatar.com\\\/avatar\\\/4c81fed838786e9b53f540bf46533e750f5d292099ae3b66cfc6fb1982e29df7?s=96&d=mm&r=g\",\"contentUrl\":\"https:\\\/\\\/secure.gravatar.com\\\/avatar\\\/4c81fed838786e9b53f540bf46533e750f5d292099ae3b66cfc6fb1982e29df7?s=96&d=mm&r=g\",\"caption\":\"admin\"},\"description\":\"admin\",\"url\":\"https:\\\/\\\/lasentinelle.dz\\\/author\\\/admin\\\/\"}]}<\/script>\n<!-- \/ Yoast SEO plugin. -->","yoast_head_json":{"title":"Coupe Arabe 2025: Bougherra affiche ses ambitions - La Sentinelle","robots":{"index":"index","follow":"follow","max-snippet":"max-snippet:-1","max-image-preview":"max-image-preview:large","max-video-preview":"max-video-preview:-1"},"canonical":"https:\/\/lasentinelle.dz\/index.php\/2025\/05\/28\/coupe-arabe-2025-bougherra-affiche-ses-ambitions\/","og_locale":"fr_FR","og_type":"article","og_title":"Coupe Arabe 2025: Bougherra affiche ses ambitions - La Sentinelle","og_description":"Tenant du titre de la Coupe Arabe des Nations, l&rsquo;Alg\u00e9rie ne cache pas ses ambitions pour l&rsquo;\u00e9dition 2025 qui se","og_url":"https:\/\/lasentinelle.dz\/index.php\/2025\/05\/28\/coupe-arabe-2025-bougherra-affiche-ses-ambitions\/","og_site_name":"La Sentinelle","article_publisher":"https:\/\/www.facebook.com\/La-Sentinelle-104059864394773","article_published_time":"2025-05-28T10:39:02+00:00","article_modified_time":"2025-05-28T10:39:03+00:00","og_image":[{"width":1600,"height":900,"url":"https:\/\/lasentinelle.dz\/wp-content\/uploads\/2023\/02\/bougherra-1.png","type":"image\/png"}],"author":"admin","twitter_card":"summary_large_image","twitter_misc":{"\u00c9crit par":"admin","Dur\u00e9e de lecture estim\u00e9e":"3 minutes"},"schema":{"@context":"https:\/\/schema.org","@graph":[{"@type":"Article","@id":"https:\/\/lasentinelle.dz\/index.php\/2025\/05\/28\/coupe-arabe-2025-bougherra-affiche-ses-ambitions\/#article","isPartOf":{"@id":"https:\/\/lasentinelle.dz\/index.php\/2025\/05\/28\/coupe-arabe-2025-bougherra-affiche-ses-ambitions\/"},"author":{"name":"admin","@id":"https:\/\/lasentinelle.dz\/#\/schema\/person\/729ee0024f24e0b8c5ec17232f8e8b41"},"headline":"Coupe Arabe 2025: Bougherra affiche ses ambitions","datePublished":"2025-05-28T10:39:02+00:00","dateModified":"2025-05-28T10:39:03+00:00","mainEntityOfPage":{"@id":"https:\/\/lasentinelle.dz\/index.php\/2025\/05\/28\/coupe-arabe-2025-bougherra-affiche-ses-ambitions\/"},"wordCount":457,"commentCount":0,"publisher":{"@id":"https:\/\/lasentinelle.dz\/#organization"},"image":{"@id":"https:\/\/lasentinelle.dz\/index.php\/2025\/05\/28\/coupe-arabe-2025-bougherra-affiche-ses-ambitions\/#primaryimage"},"thumbnailUrl":"https:\/\/lasentinelle.dz\/wp-content\/uploads\/2023\/02\/bougherra-1.png","articleSection":["Sports"],"inLanguage":"fr-FR","potentialAction":[{"@type":"CommentAction","name":"Comment","target":["https:\/\/lasentinelle.dz\/index.php\/2025\/05\/28\/coupe-arabe-2025-bougherra-affiche-ses-ambitions\/#respond"]}]},{"@type":"WebPage","@id":"https:\/\/lasentinelle.dz\/index.php\/2025\/05\/28\/coupe-arabe-2025-bougherra-affiche-ses-ambitions\/","url":"https:\/\/lasentinelle.dz\/index.php\/2025\/05\/28\/coupe-arabe-2025-bougherra-affiche-ses-ambitions\/","name":"Coupe Arabe 2025: Bougherra affiche ses ambitions - La Sentinelle","isPartOf":{"@id":"https:\/\/lasentinelle.dz\/#website"},"primaryImageOfPage":{"@id":"https:\/\/lasentinelle.dz\/index.php\/2025\/05\/28\/coupe-arabe-2025-bougherra-affiche-ses-ambitions\/#primaryimage"},"image":{"@id":"https:\/\/lasentinelle.dz\/index.php\/2025\/05\/28\/coupe-arabe-2025-bougherra-affiche-ses-ambitions\/#primaryimage"},"thumbnailUrl":"https:\/\/lasentinelle.dz\/wp-content\/uploads\/2023\/02\/bougherra-1.png","datePublished":"2025-05-28T10:39:02+00:00","dateModified":"2025-05-28T10:39:03+00:00","breadcrumb":{"@id":"https:\/\/lasentinelle.dz\/index.php\/2025\/05\/28\/coupe-arabe-2025-bougherra-affiche-ses-ambitions\/#breadcrumb"},"inLanguage":"fr-FR","potentialAction":[{"@type":"ReadAction","target":["https:\/\/lasentinelle.dz\/index.php\/2025\/05\/28\/coupe-arabe-2025-bougherra-affiche-ses-ambitions\/"]}]},{"@type":"ImageObject","inLanguage":"fr-FR","@id":"https:\/\/lasentinelle.dz\/index.php\/2025\/05\/28\/coupe-arabe-2025-bougherra-affiche-ses-ambitions\/#primaryimage","url":"https:\/\/lasentinelle.dz\/wp-content\/uploads\/2023\/02\/bougherra-1.png","contentUrl":"https:\/\/lasentinelle.dz\/wp-content\/uploads\/2023\/02\/bougherra-1.png","width":1600,"height":900},{"@type":"BreadcrumbList","@id":"https:\/\/lasentinelle.dz\/index.php\/2025\/05\/28\/coupe-arabe-2025-bougherra-affiche-ses-ambitions\/#breadcrumb","itemListElement":[{"@type":"ListItem","position":1,"name":"Accueil","item":"https:\/\/lasentinelle.dz\/"},{"@type":"ListItem","position":2,"name":"Coupe Arabe 2025: Bougherra affiche ses ambitions"}]},{"@type":"WebSite","@id":"https:\/\/lasentinelle.dz\/#website","url":"https:\/\/lasentinelle.dz\/","name":"La Sentinelle","description":"Quotidien national d&#039;information","publisher":{"@id":"https:\/\/lasentinelle.dz\/#organization"},"potentialAction":[{"@type":"SearchAction","target":{"@type":"EntryPoint","urlTemplate":"https:\/\/lasentinelle.dz\/?s={search_term_string}"},"query-input":{"@type":"PropertyValueSpecification","valueRequired":true,"valueName":"search_term_string"}}],"inLanguage":"fr-FR"},{"@type":"Organization","@id":"https:\/\/lasentinelle.dz\/#organization","name":"Quotidien La Sentinelle","url":"https:\/\/lasentinelle.dz\/","logo":{"@type":"ImageObject","inLanguage":"fr-FR","@id":"https:\/\/lasentinelle.dz\/#\/schema\/logo\/image\/","url":"https:\/\/lasentinelle.dz\/wp-content\/uploads\/2021\/09\/logo-sentinelleSLOGAN-1.png","contentUrl":"https:\/\/lasentinelle.dz\/wp-content\/uploads\/2021\/09\/logo-sentinelleSLOGAN-1.png","width":615,"height":142,"caption":"Quotidien La Sentinelle"},"image":{"@id":"https:\/\/lasentinelle.dz\/#\/schema\/logo\/image\/"},"sameAs":["https:\/\/www.facebook.com\/La-Sentinelle-104059864394773"]},{"@type":"Person","@id":"https:\/\/lasentinelle.dz\/#\/schema\/person\/729ee0024f24e0b8c5ec17232f8e8b41","name":"admin","image":{"@type":"ImageObject","inLanguage":"fr-FR","@id":"https:\/\/secure.gravatar.com\/avatar\/4c81fed838786e9b53f540bf46533e750f5d292099ae3b66cfc6fb1982e29df7?s=96&d=mm&r=g","url":"https:\/\/secure.gravatar.com\/avatar\/4c81fed838786e9b53f540bf46533e750f5d292099ae3b66cfc6fb1982e29df7?s=96&d=mm&r=g","contentUrl":"https:\/\/secure.gravatar.com\/avatar\/4c81fed838786e9b53f540bf46533e750f5d292099ae3b66cfc6fb1982e29df7?s=96&d=mm&r=g","caption":"admin"},"description":"admin","url":"https:\/\/lasentinelle.dz\/author\/admin\/"}]}},"_links":{"self":[{"href":"https:\/\/lasentinelle.dz\/index.php\/wp-json\/wp\/v2\/posts\/68058","targetHints":{"allow":["GET"]}}],"collection":[{"href":"https:\/\/lasentinelle.dz\/index.php\/wp-json\/wp\/v2\/posts"}],"about":[{"href":"https:\/\/lasentinelle.dz\/index.php\/wp-json\/wp\/v2\/types\/post"}],"author":[{"embeddable":true,"href":"https:\/\/lasentinelle.dz\/index.php\/wp-json\/wp\/v2\/users\/6"}],"replies":[{"embeddable":true,"href":"https:\/\/lasentinelle.dz\/index.php\/wp-json\/wp\/v2\/comments?post=68058"}],"version-history":[{"count":1,"href":"https:\/\/lasentinelle.dz\/index.php\/wp-json\/wp\/v2\/posts\/68058\/revisions"}],"predecessor-version":[{"id":68059,"href":"https:\/\/lasentinelle.dz\/index.php\/wp-json\/wp\/v2\/posts\/68058\/revisions\/68059"}],"wp:featuredmedia":[{"embeddable":true,"href":"https:\/\/lasentinelle.dz\/index.php\/wp-json\/wp\/v2\/media\/35575"}],"wp:attachment":[{"href":"https:\/\/lasentinelle.dz\/index.php\/wp-json\/wp\/v2\/media?parent=68058"}],"wp:term":[{"taxonomy":"category","embeddable":true,"href":"https:\/\/lasentinelle.dz\/index.php\/wp-json\/wp\/v2\/categories?post=68058"},{"taxonomy":"post_tag","embeddable":true,"href":"https:\/\/lasentinelle.dz\/index.php\/wp-json\/wp\/v2\/tags?post=68058"}],"curies":[{"name":"wp","href":"https:\/\/api.w.org\/{rel}","templated":true}]}}