{"id":68060,"date":"2025-05-28T11:36:00","date_gmt":"2025-05-28T10:36:00","guid":{"rendered":"https:\/\/lasentinelle.dz\/?p=68060"},"modified":"2025-05-28T11:42:20","modified_gmt":"2025-05-28T10:42:20","slug":"ligue-1-mobilis-lusma-dit-adieu-au-podium","status":"publish","type":"post","link":"https:\/\/lasentinelle.dz\/index.php\/2025\/05\/28\/ligue-1-mobilis-lusma-dit-adieu-au-podium\/","title":{"rendered":"Ligue 1 Mobilis: L&rsquo;USMA dit adieu au podium"},"content":{"rendered":"\n<p>La 27e journ\u00e9e de Ligue 1 Mobilis a r\u00e9serv\u00e9 son lot de surprises et de d\u00e9ceptions avec des r\u00e9sultats qui redistribuent les cartes en haut comme en bas de tableau. L&rsquo;USM Alger, jadis pr\u00e9tendante au podium, a vu ses ambitions s&rsquo;envoler lundi soir dans un Stade Omar-Hamadi fantomatique.<\/p>\n\n\n\n<p>Face \u00e0 l&rsquo;Olympique Akbou, les Rouge et Noir ont v\u00e9cu un v\u00e9ritable calvaire, conc\u00e9dant l&rsquo;ouverture du score \u00e0 six minutes de la fin par Zamoum qui a profit\u00e9 d&rsquo;une d\u00e9fense alg\u00e9roise aux abonn\u00e9s absents. Le huis clos impos\u00e9 n&rsquo;a pas aid\u00e9 les locaux \u00e0 retrouver leur verve habituelle, \u00e9voluant dans une atmosph\u00e8re feutr\u00e9e peu propice aux exploits. Heureusement pour les supporters usmistes, l&rsquo;attaquant burundais Caleb, fra\u00eechement entr\u00e9 en jeu, a sauv\u00e9 l&rsquo;honneur dans le temps additionnel d&rsquo;un but salvateur qui \u00e9vite la catastrophe totale. Ce match nul go\u00fbt d&rsquo;inachev\u00e9 constitue le troisi\u00e8me match sans victoire pour l&rsquo;USMA qui stagne d\u00e9sormais \u00e0 la sixi\u00e8me place avec 37 points, voyant d\u00e9finitivement s&rsquo;\u00e9loigner ses r\u00eaves de podium. Pour Akbou en revanche, ce point arrach\u00e9 dans la capitale constitue une bouff\u00e9e d&rsquo;oxyg\u00e8ne pr\u00e9cieuse dans sa lutte pour le maintien, portant son total \u00e0 29 unit\u00e9s et gardant espoir avec un match en retard face au CS Constantine programm\u00e9 vendredi prochain.<\/p>\n\n\n\n<p>En bas de classement, le drame se joue \u00e0 Biskra o\u00f9 l&rsquo;US local a probablement sign\u00e9 son arr\u00eat de mort face au MC Oran dans un match \u00e0 ne pas perdre. Les Hamraoua ont rapidement pris les devants gr\u00e2ce \u00e0 Boukholda d\u00e8s la onzi\u00e8me minute, mettant d&#8217;embl\u00e9e les locaux sous pression. Le cauchemar s&rsquo;est aggrav\u00e9 avant la pause quand Ma\u00e2youf, d\u00e9fenseur de l&rsquo;USB, a commis l&rsquo;irr\u00e9parable en trompant son propre gardien, offrant involontairement le but du break aux visiteurs. Cette b\u00e9vue malheureuse symbolise parfaitement la saison catastrophique des gars des Ziban qui encha\u00eenent une troisi\u00e8me d\u00e9faite cons\u00e9cutive. Avec seulement 20 points au compteur et neuf longueurs de retard sur le premier non-rel\u00e9gable, l&rsquo;USB se dirige tout droit vers la Ligue 2 amateur \u00e0 trois journ\u00e9es de la fin, une chute vertigiineuse pour un club qui \u00e9voluait encore r\u00e9cemment parmi l&rsquo;\u00e9lite. Cette victoire permet au MC Oran de reprendre confiance avec un troisi\u00e8me match sans d\u00e9faite et de se rapprocher dangereusement du maintien, n&rsquo;\u00e9tant plus qu&rsquo;\u00e0 trois points de la zone de s\u00e9curit\u00e9.<\/p>\n\n\n\n<p>La journ\u00e9e de dimanche avait d\u00e9j\u00e0 apport\u00e9 son lot d&rsquo;\u00e9motions avec notamment la confirmation de la JS Kabylie dans son r\u00f4le de dauphin. Les Canaris ont livr\u00e9 une prestation de haute vol\u00e9e face au NC Magra, s&rsquo;imposant avec autorit\u00e9 trois buts \u00e0 un malgr\u00e9 un d\u00e9but de match d\u00e9licat. Apr\u00e8s avoir encaiss\u00e9 l&rsquo;ouverture du score par Djabout, les Kabyles ont montr\u00e9 leur caract\u00e8re en renversant compl\u00e8tement la situation gr\u00e2ce \u00e0 un festival offensif sign\u00e9 Ignatev, Berkane et Boualia. Cette r\u00e9action d&rsquo;orgueil fait suite \u00e0 la d\u00e9faite am\u00e8re conc\u00e9d\u00e9e face \u00e0 la JS Saoura la semaine pr\u00e9c\u00e9dente et repositionne parfaitement la JSK dans la course au titre avec 49 points, \u00e0 seulement trois longueurs du leader mouloud\u00e9en. Pour le NC Magra, cette d\u00e9faite maintient la pression dans la course au maintien et confirme les difficult\u00e9s travers\u00e9es par le club en cette fin de saison.<\/p>\n\n\n\n<p>L&rsquo;ES Mostaganem a \u00e9galement profit\u00e9 de cette journ\u00e9e pour respirer un peu mieux en battant difficilement mais pr\u00e9cieusement l&rsquo;ASO Chlef gr\u00e2ce \u00e0 un but d&rsquo;Aoudjane en premi\u00e8re p\u00e9riode. Cette victoire \u00e0 domicile permet \u00e0 l&rsquo;Esp\u00e9rance de sortir momentan\u00e9ment de la zone rouge et d&rsquo;entrevoir l&rsquo;avenir avec plus de s\u00e9r\u00e9nit\u00e9, atteignant la barre symbolique des 30 points. L&rsquo;\u00e9quipe mostagnemoise semble avoir trouv\u00e9 les ressources n\u00e9cessaires pour son op\u00e9ration sauvetage et peut d\u00e9sormais aborder les derni\u00e8res journ\u00e9es avec un moral revigor\u00e9.<\/p>\n\n\n\n<p>Du c\u00f4t\u00e9 de S\u00e9tif, la crise se prolonge avec une troisi\u00e8me d\u00e9faite cons\u00e9cutive \u00e0 domicile face \u00e0 l&rsquo;USM Khenchela qui n&rsquo;avait pourtant besoin que d&rsquo;un but d&rsquo;Oukil en d\u00e9but de match pour repartir avec les trois points. Cette nouvelle d\u00e9sillusion enfonce un peu plus l&rsquo;Entente dans une spirale n\u00e9gative qui hypoth\u00e8que d\u00e9finitivement ses chances de podium. Les S\u00e9tifiens, habitu\u00e9s aux premi\u00e8res places, vivent une fin de saison difficile qui interroge sur les choix tactiques et les motivations d&rsquo;un groupe qui semblait pourtant bien arm\u00e9 en d\u00e9but d&rsquo;exercice. Avec seulement 38 points, l&rsquo;ESS devra rapidement se reprendre pour \u00e9viter une fin de saison encore plus am\u00e8re et pr\u00e9server son standing historique.<\/p>\n\n\n\n<p>Moncef D.<\/p>\n","protected":false},"excerpt":{"rendered":"<p>La 27e journ\u00e9e de Ligue 1 Mobilis a r\u00e9serv\u00e9 son lot de surprises et de d\u00e9ceptions avec des r\u00e9sultats qui<\/p>\n","protected":false},"author":6,"featured_media":68061,"comment_status":"open","ping_status":"closed","sticky":false,"template":"","format":"standard","meta":{"colormag_page_container_layout":"default_layout","colormag_page_sidebar_layout":"default_layout","om_disable_all_campaigns":false,"_monsterinsights_skip_tracking":false,"_monsterinsights_sitenote_active":false,"_monsterinsights_sitenote_note":"","_monsterinsights_sitenote_category":0,"footnotes":"","_wpscppro_dont_share_socialmedia":false,"_wpscppro_custom_social_share_image":0,"_facebook_share_type":"default","_twitter_share_type":"default","_linkedin_share_type":"default","_pinterest_share_type":"default","_linkedin_share_type_page":"","_instagram_share_type":"default","_medium_share_type":"default","_threads_share_type":"","_google_business_share_type":"","_selected_social_profile":[],"_wpsp_enable_custom_social_template":false,"_wpsp_social_scheduling":{"enabled":false,"datetime":null,"platforms":[],"status":"template_only","dateOption":"today","timeOption":"now","customDays":"","customHours":"","customDate":"","customTime":"","schedulingType":"absolute"},"_wpsp_active_default_template":true},"categories":[33],"tags":[],"class_list":["post-68060","post","type-post","status-publish","format-standard","has-post-thumbnail","hentry","category-sports"],"aioseo_notices":[],"yoast_head":"<!-- This site is optimized with the Yoast SEO plugin v27.5 - https:\/\/yoast.com\/product\/yoast-seo-wordpress\/ -->\n<title>Ligue 1 Mobilis: L&rsquo;USMA dit adieu au podium - La Sentinelle<\/title>\n<meta name=\"robots\" content=\"index, follow, max-snippet:-1, max-image-preview:large, max-video-preview:-1\" \/>\n<link rel=\"canonical\" href=\"https:\/\/lasentinelle.dz\/index.php\/2025\/05\/28\/ligue-1-mobilis-lusma-dit-adieu-au-podium\/\" \/>\n<meta property=\"og:locale\" content=\"fr_FR\" \/>\n<meta property=\"og:type\" content=\"article\" \/>\n<meta property=\"og:title\" content=\"Ligue 1 Mobilis: L&rsquo;USMA dit adieu au podium - La Sentinelle\" \/>\n<meta property=\"og:description\" content=\"La 27e journ\u00e9e de Ligue 1 Mobilis a r\u00e9serv\u00e9 son lot de surprises et de d\u00e9ceptions avec des r\u00e9sultats qui\" \/>\n<meta property=\"og:url\" content=\"https:\/\/lasentinelle.dz\/index.php\/2025\/05\/28\/ligue-1-mobilis-lusma-dit-adieu-au-podium\/\" \/>\n<meta property=\"og:site_name\" content=\"La Sentinelle\" \/>\n<meta property=\"article:publisher\" content=\"https:\/\/www.facebook.com\/La-Sentinelle-104059864394773\" \/>\n<meta property=\"article:published_time\" content=\"2025-05-28T10:36:00+00:00\" \/>\n<meta property=\"article:modified_time\" content=\"2025-05-28T10:42:20+00:00\" \/>\n<meta property=\"og:image\" content=\"https:\/\/lasentinelle.dz\/wp-content\/uploads\/2025\/05\/USMA-1.jpg\" \/>\n\t<meta property=\"og:image:width\" content=\"2048\" \/>\n\t<meta property=\"og:image:height\" content=\"2048\" \/>\n\t<meta property=\"og:image:type\" content=\"image\/jpeg\" \/>\n<meta name=\"author\" content=\"admin\" \/>\n<meta name=\"twitter:card\" content=\"summary_large_image\" \/>\n<meta name=\"twitter:label1\" content=\"\u00c9crit par\" \/>\n\t<meta name=\"twitter:data1\" content=\"admin\" \/>\n\t<meta name=\"twitter:label2\" content=\"Dur\u00e9e de lecture estim\u00e9e\" \/>\n\t<meta name=\"twitter:data2\" content=\"4 minutes\" \/>\n<script type=\"application\/ld+json\" class=\"yoast-schema-graph\">{\"@context\":\"https:\\\/\\\/schema.org\",\"@graph\":[{\"@type\":\"Article\",\"@id\":\"https:\\\/\\\/lasentinelle.dz\\\/index.php\\\/2025\\\/05\\\/28\\\/ligue-1-mobilis-lusma-dit-adieu-au-podium\\\/#article\",\"isPartOf\":{\"@id\":\"https:\\\/\\\/lasentinelle.dz\\\/index.php\\\/2025\\\/05\\\/28\\\/ligue-1-mobilis-lusma-dit-adieu-au-podium\\\/\"},\"author\":{\"name\":\"admin\",\"@id\":\"https:\\\/\\\/lasentinelle.dz\\\/#\\\/schema\\\/person\\\/729ee0024f24e0b8c5ec17232f8e8b41\"},\"headline\":\"Ligue 1 Mobilis: L&rsquo;USMA dit adieu au podium\",\"datePublished\":\"2025-05-28T10:36:00+00:00\",\"dateModified\":\"2025-05-28T10:42:20+00:00\",\"mainEntityOfPage\":{\"@id\":\"https:\\\/\\\/lasentinelle.dz\\\/index.php\\\/2025\\\/05\\\/28\\\/ligue-1-mobilis-lusma-dit-adieu-au-podium\\\/\"},\"wordCount\":826,\"commentCount\":0,\"publisher\":{\"@id\":\"https:\\\/\\\/lasentinelle.dz\\\/#organization\"},\"image\":{\"@id\":\"https:\\\/\\\/lasentinelle.dz\\\/index.php\\\/2025\\\/05\\\/28\\\/ligue-1-mobilis-lusma-dit-adieu-au-podium\\\/#primaryimage\"},\"thumbnailUrl\":\"https:\\\/\\\/lasentinelle.dz\\\/wp-content\\\/uploads\\\/2025\\\/05\\\/USMA-1.jpg\",\"articleSection\":[\"Sports\"],\"inLanguage\":\"fr-FR\",\"potentialAction\":[{\"@type\":\"CommentAction\",\"name\":\"Comment\",\"target\":[\"https:\\\/\\\/lasentinelle.dz\\\/index.php\\\/2025\\\/05\\\/28\\\/ligue-1-mobilis-lusma-dit-adieu-au-podium\\\/#respond\"]}]},{\"@type\":\"WebPage\",\"@id\":\"https:\\\/\\\/lasentinelle.dz\\\/index.php\\\/2025\\\/05\\\/28\\\/ligue-1-mobilis-lusma-dit-adieu-au-podium\\\/\",\"url\":\"https:\\\/\\\/lasentinelle.dz\\\/index.php\\\/2025\\\/05\\\/28\\\/ligue-1-mobilis-lusma-dit-adieu-au-podium\\\/\",\"name\":\"Ligue 1 Mobilis: L&rsquo;USMA dit adieu au podium - La Sentinelle\",\"isPartOf\":{\"@id\":\"https:\\\/\\\/lasentinelle.dz\\\/#website\"},\"primaryImageOfPage\":{\"@id\":\"https:\\\/\\\/lasentinelle.dz\\\/index.php\\\/2025\\\/05\\\/28\\\/ligue-1-mobilis-lusma-dit-adieu-au-podium\\\/#primaryimage\"},\"image\":{\"@id\":\"https:\\\/\\\/lasentinelle.dz\\\/index.php\\\/2025\\\/05\\\/28\\\/ligue-1-mobilis-lusma-dit-adieu-au-podium\\\/#primaryimage\"},\"thumbnailUrl\":\"https:\\\/\\\/lasentinelle.dz\\\/wp-content\\\/uploads\\\/2025\\\/05\\\/USMA-1.jpg\",\"datePublished\":\"2025-05-28T10:36:00+00:00\",\"dateModified\":\"2025-05-28T10:42:20+00:00\",\"breadcrumb\":{\"@id\":\"https:\\\/\\\/lasentinelle.dz\\\/index.php\\\/2025\\\/05\\\/28\\\/ligue-1-mobilis-lusma-dit-adieu-au-podium\\\/#breadcrumb\"},\"inLanguage\":\"fr-FR\",\"potentialAction\":[{\"@type\":\"ReadAction\",\"target\":[\"https:\\\/\\\/lasentinelle.dz\\\/index.php\\\/2025\\\/05\\\/28\\\/ligue-1-mobilis-lusma-dit-adieu-au-podium\\\/\"]}]},{\"@type\":\"ImageObject\",\"inLanguage\":\"fr-FR\",\"@id\":\"https:\\\/\\\/lasentinelle.dz\\\/index.php\\\/2025\\\/05\\\/28\\\/ligue-1-mobilis-lusma-dit-adieu-au-podium\\\/#primaryimage\",\"url\":\"https:\\\/\\\/lasentinelle.dz\\\/wp-content\\\/uploads\\\/2025\\\/05\\\/USMA-1.jpg\",\"contentUrl\":\"https:\\\/\\\/lasentinelle.dz\\\/wp-content\\\/uploads\\\/2025\\\/05\\\/USMA-1.jpg\",\"width\":2048,\"height\":2048},{\"@type\":\"BreadcrumbList\",\"@id\":\"https:\\\/\\\/lasentinelle.dz\\\/index.php\\\/2025\\\/05\\\/28\\\/ligue-1-mobilis-lusma-dit-adieu-au-podium\\\/#breadcrumb\",\"itemListElement\":[{\"@type\":\"ListItem\",\"position\":1,\"name\":\"Accueil\",\"item\":\"https:\\\/\\\/lasentinelle.dz\\\/\"},{\"@type\":\"ListItem\",\"position\":2,\"name\":\"Ligue 1 Mobilis: L&rsquo;USMA dit adieu au podium\"}]},{\"@type\":\"WebSite\",\"@id\":\"https:\\\/\\\/lasentinelle.dz\\\/#website\",\"url\":\"https:\\\/\\\/lasentinelle.dz\\\/\",\"name\":\"La Sentinelle\",\"description\":\"Quotidien national d&#039;information\",\"publisher\":{\"@id\":\"https:\\\/\\\/lasentinelle.dz\\\/#organization\"},\"potentialAction\":[{\"@type\":\"SearchAction\",\"target\":{\"@type\":\"EntryPoint\",\"urlTemplate\":\"https:\\\/\\\/lasentinelle.dz\\\/?s={search_term_string}\"},\"query-input\":{\"@type\":\"PropertyValueSpecification\",\"valueRequired\":true,\"valueName\":\"search_term_string\"}}],\"inLanguage\":\"fr-FR\"},{\"@type\":\"Organization\",\"@id\":\"https:\\\/\\\/lasentinelle.dz\\\/#organization\",\"name\":\"Quotidien La Sentinelle\",\"url\":\"https:\\\/\\\/lasentinelle.dz\\\/\",\"logo\":{\"@type\":\"ImageObject\",\"inLanguage\":\"fr-FR\",\"@id\":\"https:\\\/\\\/lasentinelle.dz\\\/#\\\/schema\\\/logo\\\/image\\\/\",\"url\":\"https:\\\/\\\/lasentinelle.dz\\\/wp-content\\\/uploads\\\/2021\\\/09\\\/logo-sentinelleSLOGAN-1.png\",\"contentUrl\":\"https:\\\/\\\/lasentinelle.dz\\\/wp-content\\\/uploads\\\/2021\\\/09\\\/logo-sentinelleSLOGAN-1.png\",\"width\":615,\"height\":142,\"caption\":\"Quotidien La Sentinelle\"},\"image\":{\"@id\":\"https:\\\/\\\/lasentinelle.dz\\\/#\\\/schema\\\/logo\\\/image\\\/\"},\"sameAs\":[\"https:\\\/\\\/www.facebook.com\\\/La-Sentinelle-104059864394773\"]},{\"@type\":\"Person\",\"@id\":\"https:\\\/\\\/lasentinelle.dz\\\/#\\\/schema\\\/person\\\/729ee0024f24e0b8c5ec17232f8e8b41\",\"name\":\"admin\",\"image\":{\"@type\":\"ImageObject\",\"inLanguage\":\"fr-FR\",\"@id\":\"https:\\\/\\\/secure.gravatar.com\\\/avatar\\\/4c81fed838786e9b53f540bf46533e750f5d292099ae3b66cfc6fb1982e29df7?s=96&d=mm&r=g\",\"url\":\"https:\\\/\\\/secure.gravatar.com\\\/avatar\\\/4c81fed838786e9b53f540bf46533e750f5d292099ae3b66cfc6fb1982e29df7?s=96&d=mm&r=g\",\"contentUrl\":\"https:\\\/\\\/secure.gravatar.com\\\/avatar\\\/4c81fed838786e9b53f540bf46533e750f5d292099ae3b66cfc6fb1982e29df7?s=96&d=mm&r=g\",\"caption\":\"admin\"},\"description\":\"admin\",\"url\":\"https:\\\/\\\/lasentinelle.dz\\\/author\\\/admin\\\/\"}]}<\/script>\n<!-- \/ Yoast SEO plugin. -->","yoast_head_json":{"title":"Ligue 1 Mobilis: L&rsquo;USMA dit adieu au podium - La Sentinelle","robots":{"index":"index","follow":"follow","max-snippet":"max-snippet:-1","max-image-preview":"max-image-preview:large","max-video-preview":"max-video-preview:-1"},"canonical":"https:\/\/lasentinelle.dz\/index.php\/2025\/05\/28\/ligue-1-mobilis-lusma-dit-adieu-au-podium\/","og_locale":"fr_FR","og_type":"article","og_title":"Ligue 1 Mobilis: L&rsquo;USMA dit adieu au podium - La Sentinelle","og_description":"La 27e journ\u00e9e de Ligue 1 Mobilis a r\u00e9serv\u00e9 son lot de surprises et de d\u00e9ceptions avec des r\u00e9sultats qui","og_url":"https:\/\/lasentinelle.dz\/index.php\/2025\/05\/28\/ligue-1-mobilis-lusma-dit-adieu-au-podium\/","og_site_name":"La Sentinelle","article_publisher":"https:\/\/www.facebook.com\/La-Sentinelle-104059864394773","article_published_time":"2025-05-28T10:36:00+00:00","article_modified_time":"2025-05-28T10:42:20+00:00","og_image":[{"width":2048,"height":2048,"url":"https:\/\/lasentinelle.dz\/wp-content\/uploads\/2025\/05\/USMA-1.jpg","type":"image\/jpeg"}],"author":"admin","twitter_card":"summary_large_image","twitter_misc":{"\u00c9crit par":"admin","Dur\u00e9e de lecture estim\u00e9e":"4 minutes"},"schema":{"@context":"https:\/\/schema.org","@graph":[{"@type":"Article","@id":"https:\/\/lasentinelle.dz\/index.php\/2025\/05\/28\/ligue-1-mobilis-lusma-dit-adieu-au-podium\/#article","isPartOf":{"@id":"https:\/\/lasentinelle.dz\/index.php\/2025\/05\/28\/ligue-1-mobilis-lusma-dit-adieu-au-podium\/"},"author":{"name":"admin","@id":"https:\/\/lasentinelle.dz\/#\/schema\/person\/729ee0024f24e0b8c5ec17232f8e8b41"},"headline":"Ligue 1 Mobilis: L&rsquo;USMA dit adieu au podium","datePublished":"2025-05-28T10:36:00+00:00","dateModified":"2025-05-28T10:42:20+00:00","mainEntityOfPage":{"@id":"https:\/\/lasentinelle.dz\/index.php\/2025\/05\/28\/ligue-1-mobilis-lusma-dit-adieu-au-podium\/"},"wordCount":826,"commentCount":0,"publisher":{"@id":"https:\/\/lasentinelle.dz\/#organization"},"image":{"@id":"https:\/\/lasentinelle.dz\/index.php\/2025\/05\/28\/ligue-1-mobilis-lusma-dit-adieu-au-podium\/#primaryimage"},"thumbnailUrl":"https:\/\/lasentinelle.dz\/wp-content\/uploads\/2025\/05\/USMA-1.jpg","articleSection":["Sports"],"inLanguage":"fr-FR","potentialAction":[{"@type":"CommentAction","name":"Comment","target":["https:\/\/lasentinelle.dz\/index.php\/2025\/05\/28\/ligue-1-mobilis-lusma-dit-adieu-au-podium\/#respond"]}]},{"@type":"WebPage","@id":"https:\/\/lasentinelle.dz\/index.php\/2025\/05\/28\/ligue-1-mobilis-lusma-dit-adieu-au-podium\/","url":"https:\/\/lasentinelle.dz\/index.php\/2025\/05\/28\/ligue-1-mobilis-lusma-dit-adieu-au-podium\/","name":"Ligue 1 Mobilis: L&rsquo;USMA dit adieu au podium - La Sentinelle","isPartOf":{"@id":"https:\/\/lasentinelle.dz\/#website"},"primaryImageOfPage":{"@id":"https:\/\/lasentinelle.dz\/index.php\/2025\/05\/28\/ligue-1-mobilis-lusma-dit-adieu-au-podium\/#primaryimage"},"image":{"@id":"https:\/\/lasentinelle.dz\/index.php\/2025\/05\/28\/ligue-1-mobilis-lusma-dit-adieu-au-podium\/#primaryimage"},"thumbnailUrl":"https:\/\/lasentinelle.dz\/wp-content\/uploads\/2025\/05\/USMA-1.jpg","datePublished":"2025-05-28T10:36:00+00:00","dateModified":"2025-05-28T10:42:20+00:00","breadcrumb":{"@id":"https:\/\/lasentinelle.dz\/index.php\/2025\/05\/28\/ligue-1-mobilis-lusma-dit-adieu-au-podium\/#breadcrumb"},"inLanguage":"fr-FR","potentialAction":[{"@type":"ReadAction","target":["https:\/\/lasentinelle.dz\/index.php\/2025\/05\/28\/ligue-1-mobilis-lusma-dit-adieu-au-podium\/"]}]},{"@type":"ImageObject","inLanguage":"fr-FR","@id":"https:\/\/lasentinelle.dz\/index.php\/2025\/05\/28\/ligue-1-mobilis-lusma-dit-adieu-au-podium\/#primaryimage","url":"https:\/\/lasentinelle.dz\/wp-content\/uploads\/2025\/05\/USMA-1.jpg","contentUrl":"https:\/\/lasentinelle.dz\/wp-content\/uploads\/2025\/05\/USMA-1.jpg","width":2048,"height":2048},{"@type":"BreadcrumbList","@id":"https:\/\/lasentinelle.dz\/index.php\/2025\/05\/28\/ligue-1-mobilis-lusma-dit-adieu-au-podium\/#breadcrumb","itemListElement":[{"@type":"ListItem","position":1,"name":"Accueil","item":"https:\/\/lasentinelle.dz\/"},{"@type":"ListItem","position":2,"name":"Ligue 1 Mobilis: L&rsquo;USMA dit adieu au podium"}]},{"@type":"WebSite","@id":"https:\/\/lasentinelle.dz\/#website","url":"https:\/\/lasentinelle.dz\/","name":"La Sentinelle","description":"Quotidien national d&#039;information","publisher":{"@id":"https:\/\/lasentinelle.dz\/#organization"},"potentialAction":[{"@type":"SearchAction","target":{"@type":"EntryPoint","urlTemplate":"https:\/\/lasentinelle.dz\/?s={search_term_string}"},"query-input":{"@type":"PropertyValueSpecification","valueRequired":true,"valueName":"search_term_string"}}],"inLanguage":"fr-FR"},{"@type":"Organization","@id":"https:\/\/lasentinelle.dz\/#organization","name":"Quotidien La Sentinelle","url":"https:\/\/lasentinelle.dz\/","logo":{"@type":"ImageObject","inLanguage":"fr-FR","@id":"https:\/\/lasentinelle.dz\/#\/schema\/logo\/image\/","url":"https:\/\/lasentinelle.dz\/wp-content\/uploads\/2021\/09\/logo-sentinelleSLOGAN-1.png","contentUrl":"https:\/\/lasentinelle.dz\/wp-content\/uploads\/2021\/09\/logo-sentinelleSLOGAN-1.png","width":615,"height":142,"caption":"Quotidien La Sentinelle"},"image":{"@id":"https:\/\/lasentinelle.dz\/#\/schema\/logo\/image\/"},"sameAs":["https:\/\/www.facebook.com\/La-Sentinelle-104059864394773"]},{"@type":"Person","@id":"https:\/\/lasentinelle.dz\/#\/schema\/person\/729ee0024f24e0b8c5ec17232f8e8b41","name":"admin","image":{"@type":"ImageObject","inLanguage":"fr-FR","@id":"https:\/\/secure.gravatar.com\/avatar\/4c81fed838786e9b53f540bf46533e750f5d292099ae3b66cfc6fb1982e29df7?s=96&d=mm&r=g","url":"https:\/\/secure.gravatar.com\/avatar\/4c81fed838786e9b53f540bf46533e750f5d292099ae3b66cfc6fb1982e29df7?s=96&d=mm&r=g","contentUrl":"https:\/\/secure.gravatar.com\/avatar\/4c81fed838786e9b53f540bf46533e750f5d292099ae3b66cfc6fb1982e29df7?s=96&d=mm&r=g","caption":"admin"},"description":"admin","url":"https:\/\/lasentinelle.dz\/author\/admin\/"}]}},"_links":{"self":[{"href":"https:\/\/lasentinelle.dz\/index.php\/wp-json\/wp\/v2\/posts\/68060","targetHints":{"allow":["GET"]}}],"collection":[{"href":"https:\/\/lasentinelle.dz\/index.php\/wp-json\/wp\/v2\/posts"}],"about":[{"href":"https:\/\/lasentinelle.dz\/index.php\/wp-json\/wp\/v2\/types\/post"}],"author":[{"embeddable":true,"href":"https:\/\/lasentinelle.dz\/index.php\/wp-json\/wp\/v2\/users\/6"}],"replies":[{"embeddable":true,"href":"https:\/\/lasentinelle.dz\/index.php\/wp-json\/wp\/v2\/comments?post=68060"}],"version-history":[{"count":2,"href":"https:\/\/lasentinelle.dz\/index.php\/wp-json\/wp\/v2\/posts\/68060\/revisions"}],"predecessor-version":[{"id":68063,"href":"https:\/\/lasentinelle.dz\/index.php\/wp-json\/wp\/v2\/posts\/68060\/revisions\/68063"}],"wp:featuredmedia":[{"embeddable":true,"href":"https:\/\/lasentinelle.dz\/index.php\/wp-json\/wp\/v2\/media\/68061"}],"wp:attachment":[{"href":"https:\/\/lasentinelle.dz\/index.php\/wp-json\/wp\/v2\/media?parent=68060"}],"wp:term":[{"taxonomy":"category","embeddable":true,"href":"https:\/\/lasentinelle.dz\/index.php\/wp-json\/wp\/v2\/categories?post=68060"},{"taxonomy":"post_tag","embeddable":true,"href":"https:\/\/lasentinelle.dz\/index.php\/wp-json\/wp\/v2\/tags?post=68060"}],"curies":[{"name":"wp","href":"https:\/\/api.w.org\/{rel}","templated":true}]}}