{"id":68064,"date":"2025-05-28T11:43:37","date_gmt":"2025-05-28T10:43:37","guid":{"rendered":"https:\/\/lasentinelle.dz\/?p=68064"},"modified":"2025-05-28T11:43:38","modified_gmt":"2025-05-28T10:43:38","slug":"prochain-regroupement-de-lequipe-nationale-en-juin-petkovic-face-a-des-choix-tactiques","status":"publish","type":"post","link":"https:\/\/lasentinelle.dz\/index.php\/2025\/05\/28\/prochain-regroupement-de-lequipe-nationale-en-juin-petkovic-face-a-des-choix-tactiques\/","title":{"rendered":"Prochain regroupement de l&rsquo;\u00c9quipe nationale en juin : Petkovic face \u00e0 des choix tactiques"},"content":{"rendered":"\n<p>Trois mois apr\u00e8s l&rsquo;exploit retentissant face au Mozambique au stade Hocine A\u00eft Ahmed, l&rsquo;\u00e9quipe nationale m\u00e8nera deux matchs test pour confirmer sa dynamique positive et rem\u00e9dier aux lacune.<\/p>\n\n\n\n<p>Le s\u00e9lectionneur helv\u00e9tico-bosniaque, qui avait orchestr\u00e9 la d\u00e9monstration de force du 27 mars dernier sold\u00e9e par un triomphe 5-1, d\u00e9voilera ce jeudi, selon la presse sp\u00e9cialis\u00e9e, la liste des joueurs convoqu\u00e9s pour les prochaines \u00e9ch\u00e9ances internationales. Cette annonce, programm\u00e9e lors d&rsquo;une conf\u00e9rence de presse \u00e0 Alger, concernera un effectif de 26 \u00e0 27 \u00e9l\u00e9ments destin\u00e9s \u00e0 affronter le Rwanda le 5 juin \u00e0 Constantine, puis la Su\u00e8de quatre jours plus tard \u00e0 Stockholm.<\/p>\n\n\n\n<p>Aujourd&rsquo;hui, fort de cette dynamique positive, Vladimir Petkovic aborde la suite de son mandat avec une confiance retrouv\u00e9e et des certitudes tactiques affermies. Les deux rencontres amicales de juin s&rsquo;inscrivent dans une logique de consolidation des acquis et d&rsquo;exp\u00e9rimentation avant la reprise cruciale des \u00e9liminatoires mondiales en septembre. Le d\u00e9placement programm\u00e9 au Botswana, adversaire direct dans la course \u00e0 la qualification, repr\u00e9sentera alors un test majeur pour valider d\u00e9finitivement les ambitions alg\u00e9riennes de participer \u00e0 la Coupe du Monde 2026. La pr\u00e9paration minutieuse mise en place pour ce rassemblement de juin t\u00e9moigne de la rigueur m\u00e9thodologique instaur\u00e9e par le technicien de 61 ans.<\/p>\n\n\n\n<p>Le staff technique a opt\u00e9 pour une arriv\u00e9e \u00e9chelonn\u00e9e des joueurs au Centre technique national de Sidi Moussa. Baghdad Bounedjah, dont le retour en s\u00e9lection fait partie des sujets d&rsquo;actualit\u00e9, ainsi qu&rsquo;Youcef Atal, figurent parmi les premiers joueurs attendus d\u00e8s le ce jeudi pour entamer un travail individualis\u00e9 de remise en condition physique.<\/p>\n\n\n\n<p>Cette strat\u00e9gie de pr\u00e9paration progressive s&rsquo;\u00e9tendra sur plusieurs jours, avec des arriv\u00e9es programm\u00e9es les 30 et 31 mai, puis le 1er juin, avant que l&rsquo;ensemble du groupe ne soit r\u00e9uni le 2 juin pour le coup d&rsquo;envoi officiel du stage. Selon les m\u00eames sources, Anthony Mandrea et Alexis Guendouz ont devanc\u00e9 leurs co\u00e9quipiers en rejoignant Sidi Moussa plusieurs jours avant les autres, b\u00e9n\u00e9ficiant d&rsquo;un programme sp\u00e9cifique \u00e9labor\u00e9 par le duo d&rsquo;entra\u00eeneurs sp\u00e9cialis\u00e9s Berarma et Messai.<\/p>\n\n\n\n<p>Sur le plan tactique, les deux confrontations de juin offriront \u00e0 Petkovic l&rsquo;occasion d&rsquo;exp\u00e9rimenter et d&rsquo;affiner ses sch\u00e9mas de jeu. Le match contre le Rwanda, programm\u00e9 le 5 juin \u00e0 18h au stade Chahid Hamlaoui de Constantine, constituera un premier test face \u00e0 une formation africaine en progression. Cette rencontre, disput\u00e9e \u00e0 domicile, devrait permettre aux Fennecs de retrouver leurs automatismes offensifs. La seconde \u00e9ch\u00e9ance, pr\u00e9vue le 10 juin \u00e0 Stockholm contre la Su\u00e8de au Friends Arena de Solna, repr\u00e9sente un d\u00e9fi d&rsquo;un tout autre calibre. Cette confrontation face aux Scandinaves, formation europ\u00e9enne de bon niveau, constituera un v\u00e9ritable test grandeur nature pour mesurer les progr\u00e8s accomplis sous l&rsquo;\u00e8re Petkovic. Le d\u00e9part vers la capitale su\u00e9doise, programm\u00e9 le 8 juin, laissera peu de temps de r\u00e9cup\u00e9ration entre les deux matches, ce qui obligera le s\u00e9lectionneur \u00e0 g\u00e9rer astucieusement sa rotation et \u00e0 tester diff\u00e9rentes compositions.<\/p>\n\n\n\n<p>Les enjeux de cette double confrontation d\u00e9passent le simple cadre de la pr\u00e9paration. Avec la reprise des \u00e9liminatoires mondiales qui se profile \u00e0 l&rsquo;horizon, chaque match rev\u00eat une importance capitale dans l&rsquo;\u00e9valuation du potentiel des Fennecs. Les secteurs de jeu n\u00e9vralgiques, notamment le milieu de terrain et l&rsquo;attaque, feront l&rsquo;objet d&rsquo;une attention particuli\u00e8re de la part du staff technique. Les choix op\u00e9r\u00e9s par Petkovic dans ces zones cl\u00e9s donneront des indications pr\u00e9cieuses sur sa philosophie de jeu et ses pr\u00e9f\u00e9rences tactiques.<\/p>\n\n\n\n<p>Pour rappel, au bout de six journ\u00e9es de qualifications et avec 15 points, les Fennecs occupent seuls la t\u00eate du groupe G des qualificatifs pour le mondial 2026, devant le Mozambique (12 points), le Botswana et l\u2019Ouganda (9 points). Les rencontres de la septi\u00e8me journ\u00e9e du groupe G des \u00e9liminatoires du Mondial 2026, pr\u00e9vues d\u00e9but septembre 2025, mettrons aux prises l&rsquo;Alg\u00e9rie au Botswana, la Somalie \u00e0 la Guin\u00e9e et l&rsquo;Ouganda au Mozambique. Le syst\u00e8me de qualification est complexe : les premiers de chaque groupe au bout des dix journ\u00e9es des \u00e9liminatoires pr\u00e9vues, seront directement qualifi\u00e9s pour le Mondial 2026. Les quatre meilleurs deuxi\u00e8mes disputeront un tournoi de barrage de la CAF, dont le vainqueur participera au tournoi final de la FIFA.&nbsp;Il s&rsquo;agit donc pour les Verts de pr\u00e9server cette premi\u00e8re place jusqu&rsquo;au bout du processus.<\/p>\n\n\n\n<p>Moncef Dahleb<\/p>\n","protected":false},"excerpt":{"rendered":"<p>Trois mois apr\u00e8s l&rsquo;exploit retentissant face au Mozambique au stade Hocine A\u00eft Ahmed, l&rsquo;\u00e9quipe nationale m\u00e8nera deux matchs test pour<\/p>\n","protected":false},"author":6,"featured_media":68065,"comment_status":"open","ping_status":"closed","sticky":false,"template":"","format":"standard","meta":{"colormag_page_container_layout":"default_layout","colormag_page_sidebar_layout":"default_layout","om_disable_all_campaigns":false,"_monsterinsights_skip_tracking":false,"_monsterinsights_sitenote_active":false,"_monsterinsights_sitenote_note":"","_monsterinsights_sitenote_category":0,"footnotes":"","_wpscppro_dont_share_socialmedia":false,"_wpscppro_custom_social_share_image":0,"_facebook_share_type":"default","_twitter_share_type":"default","_linkedin_share_type":"default","_pinterest_share_type":"default","_linkedin_share_type_page":"","_instagram_share_type":"default","_medium_share_type":"default","_threads_share_type":"","_google_business_share_type":"","_selected_social_profile":[],"_wpsp_enable_custom_social_template":false,"_wpsp_social_scheduling":{"enabled":false,"datetime":null,"platforms":[],"status":"template_only","dateOption":"today","timeOption":"now","customDays":"","customHours":"","customDate":"","customTime":"","schedulingType":"absolute"},"_wpsp_active_default_template":true},"categories":[52,33],"tags":[],"class_list":["post-68064","post","type-post","status-publish","format-standard","has-post-thumbnail","hentry","category-a-la-une","category-sports"],"aioseo_notices":[],"yoast_head":"<!-- This site is optimized with the Yoast SEO plugin v27.5 - https:\/\/yoast.com\/product\/yoast-seo-wordpress\/ -->\n<title>Prochain regroupement de l&rsquo;\u00c9quipe nationale en juin : Petkovic face \u00e0 des choix tactiques - La Sentinelle<\/title>\n<meta name=\"robots\" content=\"index, follow, max-snippet:-1, max-image-preview:large, max-video-preview:-1\" \/>\n<link rel=\"canonical\" href=\"https:\/\/lasentinelle.dz\/index.php\/2025\/05\/28\/prochain-regroupement-de-lequipe-nationale-en-juin-petkovic-face-a-des-choix-tactiques\/\" \/>\n<meta property=\"og:locale\" content=\"fr_FR\" \/>\n<meta property=\"og:type\" content=\"article\" \/>\n<meta property=\"og:title\" content=\"Prochain regroupement de l&rsquo;\u00c9quipe nationale en juin : Petkovic face \u00e0 des choix tactiques - La Sentinelle\" \/>\n<meta property=\"og:description\" content=\"Trois mois apr\u00e8s l&rsquo;exploit retentissant face au Mozambique au stade Hocine A\u00eft Ahmed, l&rsquo;\u00e9quipe nationale m\u00e8nera deux matchs test pour\" \/>\n<meta property=\"og:url\" content=\"https:\/\/lasentinelle.dz\/index.php\/2025\/05\/28\/prochain-regroupement-de-lequipe-nationale-en-juin-petkovic-face-a-des-choix-tactiques\/\" \/>\n<meta property=\"og:site_name\" content=\"La Sentinelle\" \/>\n<meta property=\"article:publisher\" content=\"https:\/\/www.facebook.com\/La-Sentinelle-104059864394773\" \/>\n<meta property=\"article:published_time\" content=\"2025-05-28T10:43:37+00:00\" \/>\n<meta property=\"article:modified_time\" content=\"2025-05-28T10:43:38+00:00\" \/>\n<meta property=\"og:image\" content=\"https:\/\/lasentinelle.dz\/wp-content\/uploads\/2025\/05\/Petkovic.jpg\" \/>\n\t<meta property=\"og:image:width\" content=\"1440\" \/>\n\t<meta property=\"og:image:height\" content=\"958\" \/>\n\t<meta property=\"og:image:type\" content=\"image\/jpeg\" \/>\n<meta name=\"author\" content=\"admin\" \/>\n<meta name=\"twitter:card\" content=\"summary_large_image\" \/>\n<meta name=\"twitter:label1\" content=\"\u00c9crit par\" \/>\n\t<meta name=\"twitter:data1\" content=\"admin\" \/>\n\t<meta name=\"twitter:label2\" content=\"Dur\u00e9e de lecture estim\u00e9e\" \/>\n\t<meta name=\"twitter:data2\" content=\"4 minutes\" \/>\n<script type=\"application\/ld+json\" class=\"yoast-schema-graph\">{\"@context\":\"https:\\\/\\\/schema.org\",\"@graph\":[{\"@type\":\"Article\",\"@id\":\"https:\\\/\\\/lasentinelle.dz\\\/index.php\\\/2025\\\/05\\\/28\\\/prochain-regroupement-de-lequipe-nationale-en-juin-petkovic-face-a-des-choix-tactiques\\\/#article\",\"isPartOf\":{\"@id\":\"https:\\\/\\\/lasentinelle.dz\\\/index.php\\\/2025\\\/05\\\/28\\\/prochain-regroupement-de-lequipe-nationale-en-juin-petkovic-face-a-des-choix-tactiques\\\/\"},\"author\":{\"name\":\"admin\",\"@id\":\"https:\\\/\\\/lasentinelle.dz\\\/#\\\/schema\\\/person\\\/729ee0024f24e0b8c5ec17232f8e8b41\"},\"headline\":\"Prochain regroupement de l&rsquo;\u00c9quipe nationale en juin : Petkovic face \u00e0 des choix tactiques\",\"datePublished\":\"2025-05-28T10:43:37+00:00\",\"dateModified\":\"2025-05-28T10:43:38+00:00\",\"mainEntityOfPage\":{\"@id\":\"https:\\\/\\\/lasentinelle.dz\\\/index.php\\\/2025\\\/05\\\/28\\\/prochain-regroupement-de-lequipe-nationale-en-juin-petkovic-face-a-des-choix-tactiques\\\/\"},\"wordCount\":792,\"commentCount\":0,\"publisher\":{\"@id\":\"https:\\\/\\\/lasentinelle.dz\\\/#organization\"},\"image\":{\"@id\":\"https:\\\/\\\/lasentinelle.dz\\\/index.php\\\/2025\\\/05\\\/28\\\/prochain-regroupement-de-lequipe-nationale-en-juin-petkovic-face-a-des-choix-tactiques\\\/#primaryimage\"},\"thumbnailUrl\":\"https:\\\/\\\/lasentinelle.dz\\\/wp-content\\\/uploads\\\/2025\\\/05\\\/Petkovic.jpg\",\"articleSection\":[\"\u00c0 la Une\",\"Sports\"],\"inLanguage\":\"fr-FR\",\"potentialAction\":[{\"@type\":\"CommentAction\",\"name\":\"Comment\",\"target\":[\"https:\\\/\\\/lasentinelle.dz\\\/index.php\\\/2025\\\/05\\\/28\\\/prochain-regroupement-de-lequipe-nationale-en-juin-petkovic-face-a-des-choix-tactiques\\\/#respond\"]}]},{\"@type\":\"WebPage\",\"@id\":\"https:\\\/\\\/lasentinelle.dz\\\/index.php\\\/2025\\\/05\\\/28\\\/prochain-regroupement-de-lequipe-nationale-en-juin-petkovic-face-a-des-choix-tactiques\\\/\",\"url\":\"https:\\\/\\\/lasentinelle.dz\\\/index.php\\\/2025\\\/05\\\/28\\\/prochain-regroupement-de-lequipe-nationale-en-juin-petkovic-face-a-des-choix-tactiques\\\/\",\"name\":\"Prochain regroupement de l&rsquo;\u00c9quipe nationale en juin : Petkovic face \u00e0 des choix tactiques - La Sentinelle\",\"isPartOf\":{\"@id\":\"https:\\\/\\\/lasentinelle.dz\\\/#website\"},\"primaryImageOfPage\":{\"@id\":\"https:\\\/\\\/lasentinelle.dz\\\/index.php\\\/2025\\\/05\\\/28\\\/prochain-regroupement-de-lequipe-nationale-en-juin-petkovic-face-a-des-choix-tactiques\\\/#primaryimage\"},\"image\":{\"@id\":\"https:\\\/\\\/lasentinelle.dz\\\/index.php\\\/2025\\\/05\\\/28\\\/prochain-regroupement-de-lequipe-nationale-en-juin-petkovic-face-a-des-choix-tactiques\\\/#primaryimage\"},\"thumbnailUrl\":\"https:\\\/\\\/lasentinelle.dz\\\/wp-content\\\/uploads\\\/2025\\\/05\\\/Petkovic.jpg\",\"datePublished\":\"2025-05-28T10:43:37+00:00\",\"dateModified\":\"2025-05-28T10:43:38+00:00\",\"breadcrumb\":{\"@id\":\"https:\\\/\\\/lasentinelle.dz\\\/index.php\\\/2025\\\/05\\\/28\\\/prochain-regroupement-de-lequipe-nationale-en-juin-petkovic-face-a-des-choix-tactiques\\\/#breadcrumb\"},\"inLanguage\":\"fr-FR\",\"potentialAction\":[{\"@type\":\"ReadAction\",\"target\":[\"https:\\\/\\\/lasentinelle.dz\\\/index.php\\\/2025\\\/05\\\/28\\\/prochain-regroupement-de-lequipe-nationale-en-juin-petkovic-face-a-des-choix-tactiques\\\/\"]}]},{\"@type\":\"ImageObject\",\"inLanguage\":\"fr-FR\",\"@id\":\"https:\\\/\\\/lasentinelle.dz\\\/index.php\\\/2025\\\/05\\\/28\\\/prochain-regroupement-de-lequipe-nationale-en-juin-petkovic-face-a-des-choix-tactiques\\\/#primaryimage\",\"url\":\"https:\\\/\\\/lasentinelle.dz\\\/wp-content\\\/uploads\\\/2025\\\/05\\\/Petkovic.jpg\",\"contentUrl\":\"https:\\\/\\\/lasentinelle.dz\\\/wp-content\\\/uploads\\\/2025\\\/05\\\/Petkovic.jpg\",\"width\":1440,\"height\":958},{\"@type\":\"BreadcrumbList\",\"@id\":\"https:\\\/\\\/lasentinelle.dz\\\/index.php\\\/2025\\\/05\\\/28\\\/prochain-regroupement-de-lequipe-nationale-en-juin-petkovic-face-a-des-choix-tactiques\\\/#breadcrumb\",\"itemListElement\":[{\"@type\":\"ListItem\",\"position\":1,\"name\":\"Accueil\",\"item\":\"https:\\\/\\\/lasentinelle.dz\\\/\"},{\"@type\":\"ListItem\",\"position\":2,\"name\":\"Prochain regroupement de l&rsquo;\u00c9quipe nationale en juin : Petkovic face \u00e0 des choix tactiques\"}]},{\"@type\":\"WebSite\",\"@id\":\"https:\\\/\\\/lasentinelle.dz\\\/#website\",\"url\":\"https:\\\/\\\/lasentinelle.dz\\\/\",\"name\":\"La Sentinelle\",\"description\":\"Quotidien national d&#039;information\",\"publisher\":{\"@id\":\"https:\\\/\\\/lasentinelle.dz\\\/#organization\"},\"potentialAction\":[{\"@type\":\"SearchAction\",\"target\":{\"@type\":\"EntryPoint\",\"urlTemplate\":\"https:\\\/\\\/lasentinelle.dz\\\/?s={search_term_string}\"},\"query-input\":{\"@type\":\"PropertyValueSpecification\",\"valueRequired\":true,\"valueName\":\"search_term_string\"}}],\"inLanguage\":\"fr-FR\"},{\"@type\":\"Organization\",\"@id\":\"https:\\\/\\\/lasentinelle.dz\\\/#organization\",\"name\":\"Quotidien La Sentinelle\",\"url\":\"https:\\\/\\\/lasentinelle.dz\\\/\",\"logo\":{\"@type\":\"ImageObject\",\"inLanguage\":\"fr-FR\",\"@id\":\"https:\\\/\\\/lasentinelle.dz\\\/#\\\/schema\\\/logo\\\/image\\\/\",\"url\":\"https:\\\/\\\/lasentinelle.dz\\\/wp-content\\\/uploads\\\/2021\\\/09\\\/logo-sentinelleSLOGAN-1.png\",\"contentUrl\":\"https:\\\/\\\/lasentinelle.dz\\\/wp-content\\\/uploads\\\/2021\\\/09\\\/logo-sentinelleSLOGAN-1.png\",\"width\":615,\"height\":142,\"caption\":\"Quotidien La Sentinelle\"},\"image\":{\"@id\":\"https:\\\/\\\/lasentinelle.dz\\\/#\\\/schema\\\/logo\\\/image\\\/\"},\"sameAs\":[\"https:\\\/\\\/www.facebook.com\\\/La-Sentinelle-104059864394773\"]},{\"@type\":\"Person\",\"@id\":\"https:\\\/\\\/lasentinelle.dz\\\/#\\\/schema\\\/person\\\/729ee0024f24e0b8c5ec17232f8e8b41\",\"name\":\"admin\",\"image\":{\"@type\":\"ImageObject\",\"inLanguage\":\"fr-FR\",\"@id\":\"https:\\\/\\\/secure.gravatar.com\\\/avatar\\\/4c81fed838786e9b53f540bf46533e750f5d292099ae3b66cfc6fb1982e29df7?s=96&d=mm&r=g\",\"url\":\"https:\\\/\\\/secure.gravatar.com\\\/avatar\\\/4c81fed838786e9b53f540bf46533e750f5d292099ae3b66cfc6fb1982e29df7?s=96&d=mm&r=g\",\"contentUrl\":\"https:\\\/\\\/secure.gravatar.com\\\/avatar\\\/4c81fed838786e9b53f540bf46533e750f5d292099ae3b66cfc6fb1982e29df7?s=96&d=mm&r=g\",\"caption\":\"admin\"},\"description\":\"admin\",\"url\":\"https:\\\/\\\/lasentinelle.dz\\\/author\\\/admin\\\/\"}]}<\/script>\n<!-- \/ Yoast SEO plugin. -->","yoast_head_json":{"title":"Prochain regroupement de l&rsquo;\u00c9quipe nationale en juin : Petkovic face \u00e0 des choix tactiques - La Sentinelle","robots":{"index":"index","follow":"follow","max-snippet":"max-snippet:-1","max-image-preview":"max-image-preview:large","max-video-preview":"max-video-preview:-1"},"canonical":"https:\/\/lasentinelle.dz\/index.php\/2025\/05\/28\/prochain-regroupement-de-lequipe-nationale-en-juin-petkovic-face-a-des-choix-tactiques\/","og_locale":"fr_FR","og_type":"article","og_title":"Prochain regroupement de l&rsquo;\u00c9quipe nationale en juin : Petkovic face \u00e0 des choix tactiques - La Sentinelle","og_description":"Trois mois apr\u00e8s l&rsquo;exploit retentissant face au Mozambique au stade Hocine A\u00eft Ahmed, l&rsquo;\u00e9quipe nationale m\u00e8nera deux matchs test pour","og_url":"https:\/\/lasentinelle.dz\/index.php\/2025\/05\/28\/prochain-regroupement-de-lequipe-nationale-en-juin-petkovic-face-a-des-choix-tactiques\/","og_site_name":"La Sentinelle","article_publisher":"https:\/\/www.facebook.com\/La-Sentinelle-104059864394773","article_published_time":"2025-05-28T10:43:37+00:00","article_modified_time":"2025-05-28T10:43:38+00:00","og_image":[{"width":1440,"height":958,"url":"https:\/\/lasentinelle.dz\/wp-content\/uploads\/2025\/05\/Petkovic.jpg","type":"image\/jpeg"}],"author":"admin","twitter_card":"summary_large_image","twitter_misc":{"\u00c9crit par":"admin","Dur\u00e9e de lecture estim\u00e9e":"4 minutes"},"schema":{"@context":"https:\/\/schema.org","@graph":[{"@type":"Article","@id":"https:\/\/lasentinelle.dz\/index.php\/2025\/05\/28\/prochain-regroupement-de-lequipe-nationale-en-juin-petkovic-face-a-des-choix-tactiques\/#article","isPartOf":{"@id":"https:\/\/lasentinelle.dz\/index.php\/2025\/05\/28\/prochain-regroupement-de-lequipe-nationale-en-juin-petkovic-face-a-des-choix-tactiques\/"},"author":{"name":"admin","@id":"https:\/\/lasentinelle.dz\/#\/schema\/person\/729ee0024f24e0b8c5ec17232f8e8b41"},"headline":"Prochain regroupement de l&rsquo;\u00c9quipe nationale en juin : Petkovic face \u00e0 des choix tactiques","datePublished":"2025-05-28T10:43:37+00:00","dateModified":"2025-05-28T10:43:38+00:00","mainEntityOfPage":{"@id":"https:\/\/lasentinelle.dz\/index.php\/2025\/05\/28\/prochain-regroupement-de-lequipe-nationale-en-juin-petkovic-face-a-des-choix-tactiques\/"},"wordCount":792,"commentCount":0,"publisher":{"@id":"https:\/\/lasentinelle.dz\/#organization"},"image":{"@id":"https:\/\/lasentinelle.dz\/index.php\/2025\/05\/28\/prochain-regroupement-de-lequipe-nationale-en-juin-petkovic-face-a-des-choix-tactiques\/#primaryimage"},"thumbnailUrl":"https:\/\/lasentinelle.dz\/wp-content\/uploads\/2025\/05\/Petkovic.jpg","articleSection":["\u00c0 la Une","Sports"],"inLanguage":"fr-FR","potentialAction":[{"@type":"CommentAction","name":"Comment","target":["https:\/\/lasentinelle.dz\/index.php\/2025\/05\/28\/prochain-regroupement-de-lequipe-nationale-en-juin-petkovic-face-a-des-choix-tactiques\/#respond"]}]},{"@type":"WebPage","@id":"https:\/\/lasentinelle.dz\/index.php\/2025\/05\/28\/prochain-regroupement-de-lequipe-nationale-en-juin-petkovic-face-a-des-choix-tactiques\/","url":"https:\/\/lasentinelle.dz\/index.php\/2025\/05\/28\/prochain-regroupement-de-lequipe-nationale-en-juin-petkovic-face-a-des-choix-tactiques\/","name":"Prochain regroupement de l&rsquo;\u00c9quipe nationale en juin : Petkovic face \u00e0 des choix tactiques - La Sentinelle","isPartOf":{"@id":"https:\/\/lasentinelle.dz\/#website"},"primaryImageOfPage":{"@id":"https:\/\/lasentinelle.dz\/index.php\/2025\/05\/28\/prochain-regroupement-de-lequipe-nationale-en-juin-petkovic-face-a-des-choix-tactiques\/#primaryimage"},"image":{"@id":"https:\/\/lasentinelle.dz\/index.php\/2025\/05\/28\/prochain-regroupement-de-lequipe-nationale-en-juin-petkovic-face-a-des-choix-tactiques\/#primaryimage"},"thumbnailUrl":"https:\/\/lasentinelle.dz\/wp-content\/uploads\/2025\/05\/Petkovic.jpg","datePublished":"2025-05-28T10:43:37+00:00","dateModified":"2025-05-28T10:43:38+00:00","breadcrumb":{"@id":"https:\/\/lasentinelle.dz\/index.php\/2025\/05\/28\/prochain-regroupement-de-lequipe-nationale-en-juin-petkovic-face-a-des-choix-tactiques\/#breadcrumb"},"inLanguage":"fr-FR","potentialAction":[{"@type":"ReadAction","target":["https:\/\/lasentinelle.dz\/index.php\/2025\/05\/28\/prochain-regroupement-de-lequipe-nationale-en-juin-petkovic-face-a-des-choix-tactiques\/"]}]},{"@type":"ImageObject","inLanguage":"fr-FR","@id":"https:\/\/lasentinelle.dz\/index.php\/2025\/05\/28\/prochain-regroupement-de-lequipe-nationale-en-juin-petkovic-face-a-des-choix-tactiques\/#primaryimage","url":"https:\/\/lasentinelle.dz\/wp-content\/uploads\/2025\/05\/Petkovic.jpg","contentUrl":"https:\/\/lasentinelle.dz\/wp-content\/uploads\/2025\/05\/Petkovic.jpg","width":1440,"height":958},{"@type":"BreadcrumbList","@id":"https:\/\/lasentinelle.dz\/index.php\/2025\/05\/28\/prochain-regroupement-de-lequipe-nationale-en-juin-petkovic-face-a-des-choix-tactiques\/#breadcrumb","itemListElement":[{"@type":"ListItem","position":1,"name":"Accueil","item":"https:\/\/lasentinelle.dz\/"},{"@type":"ListItem","position":2,"name":"Prochain regroupement de l&rsquo;\u00c9quipe nationale en juin : Petkovic face \u00e0 des choix tactiques"}]},{"@type":"WebSite","@id":"https:\/\/lasentinelle.dz\/#website","url":"https:\/\/lasentinelle.dz\/","name":"La Sentinelle","description":"Quotidien national d&#039;information","publisher":{"@id":"https:\/\/lasentinelle.dz\/#organization"},"potentialAction":[{"@type":"SearchAction","target":{"@type":"EntryPoint","urlTemplate":"https:\/\/lasentinelle.dz\/?s={search_term_string}"},"query-input":{"@type":"PropertyValueSpecification","valueRequired":true,"valueName":"search_term_string"}}],"inLanguage":"fr-FR"},{"@type":"Organization","@id":"https:\/\/lasentinelle.dz\/#organization","name":"Quotidien La Sentinelle","url":"https:\/\/lasentinelle.dz\/","logo":{"@type":"ImageObject","inLanguage":"fr-FR","@id":"https:\/\/lasentinelle.dz\/#\/schema\/logo\/image\/","url":"https:\/\/lasentinelle.dz\/wp-content\/uploads\/2021\/09\/logo-sentinelleSLOGAN-1.png","contentUrl":"https:\/\/lasentinelle.dz\/wp-content\/uploads\/2021\/09\/logo-sentinelleSLOGAN-1.png","width":615,"height":142,"caption":"Quotidien La Sentinelle"},"image":{"@id":"https:\/\/lasentinelle.dz\/#\/schema\/logo\/image\/"},"sameAs":["https:\/\/www.facebook.com\/La-Sentinelle-104059864394773"]},{"@type":"Person","@id":"https:\/\/lasentinelle.dz\/#\/schema\/person\/729ee0024f24e0b8c5ec17232f8e8b41","name":"admin","image":{"@type":"ImageObject","inLanguage":"fr-FR","@id":"https:\/\/secure.gravatar.com\/avatar\/4c81fed838786e9b53f540bf46533e750f5d292099ae3b66cfc6fb1982e29df7?s=96&d=mm&r=g","url":"https:\/\/secure.gravatar.com\/avatar\/4c81fed838786e9b53f540bf46533e750f5d292099ae3b66cfc6fb1982e29df7?s=96&d=mm&r=g","contentUrl":"https:\/\/secure.gravatar.com\/avatar\/4c81fed838786e9b53f540bf46533e750f5d292099ae3b66cfc6fb1982e29df7?s=96&d=mm&r=g","caption":"admin"},"description":"admin","url":"https:\/\/lasentinelle.dz\/author\/admin\/"}]}},"_links":{"self":[{"href":"https:\/\/lasentinelle.dz\/index.php\/wp-json\/wp\/v2\/posts\/68064","targetHints":{"allow":["GET"]}}],"collection":[{"href":"https:\/\/lasentinelle.dz\/index.php\/wp-json\/wp\/v2\/posts"}],"about":[{"href":"https:\/\/lasentinelle.dz\/index.php\/wp-json\/wp\/v2\/types\/post"}],"author":[{"embeddable":true,"href":"https:\/\/lasentinelle.dz\/index.php\/wp-json\/wp\/v2\/users\/6"}],"replies":[{"embeddable":true,"href":"https:\/\/lasentinelle.dz\/index.php\/wp-json\/wp\/v2\/comments?post=68064"}],"version-history":[{"count":2,"href":"https:\/\/lasentinelle.dz\/index.php\/wp-json\/wp\/v2\/posts\/68064\/revisions"}],"predecessor-version":[{"id":68067,"href":"https:\/\/lasentinelle.dz\/index.php\/wp-json\/wp\/v2\/posts\/68064\/revisions\/68067"}],"wp:featuredmedia":[{"embeddable":true,"href":"https:\/\/lasentinelle.dz\/index.php\/wp-json\/wp\/v2\/media\/68065"}],"wp:attachment":[{"href":"https:\/\/lasentinelle.dz\/index.php\/wp-json\/wp\/v2\/media?parent=68064"}],"wp:term":[{"taxonomy":"category","embeddable":true,"href":"https:\/\/lasentinelle.dz\/index.php\/wp-json\/wp\/v2\/categories?post=68064"},{"taxonomy":"post_tag","embeddable":true,"href":"https:\/\/lasentinelle.dz\/index.php\/wp-json\/wp\/v2\/tags?post=68064"}],"curies":[{"name":"wp","href":"https:\/\/api.w.org\/{rel}","templated":true}]}}