{"id":68075,"date":"2025-05-28T11:47:08","date_gmt":"2025-05-28T10:47:08","guid":{"rendered":"https:\/\/lasentinelle.dz\/?p=68075"},"modified":"2025-05-28T11:47:08","modified_gmt":"2025-05-28T10:47:08","slug":"assemblees-generales-de-la-bad-une-croissance-a-4-pour-lafrique-en-2026","status":"publish","type":"post","link":"https:\/\/lasentinelle.dz\/index.php\/2025\/05\/28\/assemblees-generales-de-la-bad-une-croissance-a-4-pour-lafrique-en-2026\/","title":{"rendered":"Assembl\u00e9es g\u00e9n\u00e9rales de la BAD : Une croissance \u00e0 4% pour l&rsquo;Afrique en 2026"},"content":{"rendered":"\n<p>La Banque africaine de d\u00e9veloppement a pr\u00e9sent\u00e9 mardi \u00e0 Abidjan ses derni\u00e8res projections \u00e9conomiques pour le continent, r\u00e9visant l\u00e9g\u00e8rement \u00e0 la baisse ses pr\u00e9visions de croissance dans un contexte mondial marqu\u00e9 par l&rsquo;incertitude et les tensions commerciales. Selon le rapport annuel sur les performances et perspectives macro\u00e9conomiques de l&rsquo;Afrique, la croissance \u00e9conomique devrait atteindre 3,9% en 2025 avant de s&rsquo;\u00e9tablir \u00e0 4% en 2026. Ces pr\u00e9visions, bien qu&rsquo;encourageantes, repr\u00e9sentent une r\u00e9vision \u00e0 la baisse de 0,2 et 0,4 point de pourcentage par rapport aux estimations de f\u00e9vrier dernier qui tablaient respectivement sur 4,1% et 4,4%. Cette r\u00e9vision s&rsquo;explique notamment par \u00ab\u00a0les effets attendus de l&rsquo;augmentation des droits de douane annonc\u00e9e par les \u00c9tats-Unis et de l&rsquo;incertitude qu&rsquo;elle g\u00e9n\u00e8re\u00a0\u00bb, selon le document pr\u00e9sent\u00e9 en marge des assembl\u00e9es annuelles de la BAD en C\u00f4te d&rsquo;Ivoire. Malgr\u00e9 ces ajustements, la BAD souligne que les taux de croissance projet\u00e9s pour l&rsquo;Afrique en 2025 et 2026 devraient surpasser la moyenne mondiale ainsi que celle des autres r\u00e9gions, \u00e0 l&rsquo;exception de l&rsquo;Asie \u00e9mergente et en d\u00e9veloppement, t\u00e9moignant de la r\u00e9silience relative du continent face aux chocs \u00e9conomiques mondiaux.<\/p>\n\n\n\n<p>L&rsquo;analyse r\u00e9gionale r\u00e9v\u00e8le des disparit\u00e9s significatives, l&rsquo;Afrique du Nord \u00e9tant particuli\u00e8rement touch\u00e9e par les incertitudes commerciales mondiales. La r\u00e9gion devrait enregistrer une croissance de 3,6% en 2025 et de 3,9% en 2026, soit une r\u00e9vision \u00e0 la baisse de 0,2 point pour chacune des deux ann\u00e9es, principalement en raison d&rsquo;une baisse potentielle des recettes d&rsquo;exportation li\u00e9e aux tensions commerciales internationales. Cependant, le rapport met en lumi\u00e8re la performance remarquable de plusieurs pays africains qui devraient maintenir une dynamique de croissance \u00e9lev\u00e9e. En d\u00e9pit des incertitudes \u00e9conomiques mondiales, vingt et un pays africains devraient enregistrer une croissance sup\u00e9rieure \u00e0 5% en 2025, avec l&rsquo;\u00c9thiopie, le Niger, le Rwanda et le S\u00e9n\u00e9gal qui pourraient franchir le seuil des 7%. La performance \u00e9conomique du continent s&rsquo;est d&rsquo;ailleurs am\u00e9lior\u00e9e en 2024, avec un produit int\u00e9rieur brut en hausse de 3,3%, contre 3,0% en 2023, progression qui s&rsquo;explique par la vigueur des d\u00e9penses publiques et de la consommation des m\u00e9nages. L&rsquo;environnement macro\u00e9conomique de 2025 reste toutefois marqu\u00e9 par de nouveaux chocs survenus depuis f\u00e9vrier, particuli\u00e8rement l&rsquo;imposition par les \u00c9tats-Unis de nouveaux droits de douane en avril, suivie de mesures de repr\u00e9sailles de la part de leurs partenaires commerciaux. Bien que les \u00c9tats-Unis aient d\u00e9cr\u00e9t\u00e9 une pause de quatre-vingt-dix jours dans l&rsquo;application de ces tarifs, la BAD estime que ces mesures ont contribu\u00e9 \u00e0 la baisse des prix des mati\u00e8res premi\u00e8res et \u00e0 celle de la valeur des actifs financiers, affectant directement les \u00e9conomies africaines largement d\u00e9pendantes des exportations de commodit\u00e9s. Les perspectives de croissance du continent restent ainsi soumises \u00e0 des risques significatifs, la restriction des \u00e9changes commerciaux pouvant freiner la croissance en limitant l&rsquo;activit\u00e9 \u00e9conomique et les investissements. S&rsquo;ajoutent \u00e0 ces d\u00e9fis externes les conflits r\u00e9gionaux persistants qui p\u00e8sent sur la reprise encore fragile de l&rsquo;Afrique, cr\u00e9ant un environnement d&rsquo;incertitude qui d\u00e9courage les investissements priv\u00e9s et complique la mise en \u0153uvre des politiques de d\u00e9veloppement.<\/p>\n\n\n\n<p>Face \u00e0 ces d\u00e9fis, les dirigeants africains r\u00e9unis lors du dialogue pr\u00e9sidentiel des assembl\u00e9es annuelles de la BAD ont appel\u00e9 \u00e0 une mobilisation accrue des pays du continent pour faire face aux d\u00e9fis socio\u00e9conomiques croissants. &nbsp;<\/p>\n\n\n\n<p>Amar Malki<\/p>\n","protected":false},"excerpt":{"rendered":"<p>La Banque africaine de d\u00e9veloppement a pr\u00e9sent\u00e9 mardi \u00e0 Abidjan ses derni\u00e8res projections \u00e9conomiques pour le continent, r\u00e9visant l\u00e9g\u00e8rement \u00e0<\/p>\n","protected":false},"author":6,"featured_media":52910,"comment_status":"open","ping_status":"closed","sticky":false,"template":"","format":"standard","meta":{"colormag_page_container_layout":"default_layout","colormag_page_sidebar_layout":"default_layout","om_disable_all_campaigns":false,"_monsterinsights_skip_tracking":false,"_monsterinsights_sitenote_active":false,"_monsterinsights_sitenote_note":"","_monsterinsights_sitenote_category":0,"footnotes":"","_wpscppro_dont_share_socialmedia":false,"_wpscppro_custom_social_share_image":0,"_facebook_share_type":"default","_twitter_share_type":"default","_linkedin_share_type":"default","_pinterest_share_type":"default","_linkedin_share_type_page":"","_instagram_share_type":"default","_medium_share_type":"default","_threads_share_type":"","_google_business_share_type":"","_selected_social_profile":[],"_wpsp_enable_custom_social_template":false,"_wpsp_social_scheduling":{"enabled":false,"datetime":null,"platforms":[],"status":"template_only","dateOption":"today","timeOption":"now","customDays":"","customHours":"","customDate":"","customTime":"","schedulingType":"absolute"},"_wpsp_active_default_template":true},"categories":[29],"tags":[],"class_list":["post-68075","post","type-post","status-publish","format-standard","has-post-thumbnail","hentry","category-economie"],"aioseo_notices":[],"yoast_head":"<!-- This site is optimized with the Yoast SEO plugin v27.5 - https:\/\/yoast.com\/product\/yoast-seo-wordpress\/ -->\n<title>Assembl\u00e9es g\u00e9n\u00e9rales de la BAD : Une croissance \u00e0 4% pour l&rsquo;Afrique en 2026 - La Sentinelle<\/title>\n<meta name=\"robots\" content=\"index, follow, max-snippet:-1, max-image-preview:large, max-video-preview:-1\" \/>\n<link rel=\"canonical\" href=\"https:\/\/lasentinelle.dz\/index.php\/2025\/05\/28\/assemblees-generales-de-la-bad-une-croissance-a-4-pour-lafrique-en-2026\/\" \/>\n<meta property=\"og:locale\" content=\"fr_FR\" \/>\n<meta property=\"og:type\" content=\"article\" \/>\n<meta property=\"og:title\" content=\"Assembl\u00e9es g\u00e9n\u00e9rales de la BAD : Une croissance \u00e0 4% pour l&rsquo;Afrique en 2026 - La Sentinelle\" \/>\n<meta property=\"og:description\" content=\"La Banque africaine de d\u00e9veloppement a pr\u00e9sent\u00e9 mardi \u00e0 Abidjan ses derni\u00e8res projections \u00e9conomiques pour le continent, r\u00e9visant l\u00e9g\u00e8rement \u00e0\" \/>\n<meta property=\"og:url\" content=\"https:\/\/lasentinelle.dz\/index.php\/2025\/05\/28\/assemblees-generales-de-la-bad-une-croissance-a-4-pour-lafrique-en-2026\/\" \/>\n<meta property=\"og:site_name\" content=\"La Sentinelle\" \/>\n<meta property=\"article:publisher\" content=\"https:\/\/www.facebook.com\/La-Sentinelle-104059864394773\" \/>\n<meta property=\"article:published_time\" content=\"2025-05-28T10:47:08+00:00\" \/>\n<meta property=\"og:image\" content=\"https:\/\/lasentinelle.dz\/wp-content\/uploads\/2024\/05\/BAD.jpeg\" \/>\n\t<meta property=\"og:image:width\" content=\"980\" \/>\n\t<meta property=\"og:image:height\" content=\"551\" \/>\n\t<meta property=\"og:image:type\" content=\"image\/jpeg\" \/>\n<meta name=\"author\" content=\"admin\" \/>\n<meta name=\"twitter:card\" content=\"summary_large_image\" \/>\n<meta name=\"twitter:label1\" content=\"\u00c9crit par\" \/>\n\t<meta name=\"twitter:data1\" content=\"admin\" \/>\n\t<meta name=\"twitter:label2\" content=\"Dur\u00e9e de lecture estim\u00e9e\" \/>\n\t<meta name=\"twitter:data2\" content=\"3 minutes\" \/>\n<script type=\"application\/ld+json\" class=\"yoast-schema-graph\">{\"@context\":\"https:\\\/\\\/schema.org\",\"@graph\":[{\"@type\":\"Article\",\"@id\":\"https:\\\/\\\/lasentinelle.dz\\\/index.php\\\/2025\\\/05\\\/28\\\/assemblees-generales-de-la-bad-une-croissance-a-4-pour-lafrique-en-2026\\\/#article\",\"isPartOf\":{\"@id\":\"https:\\\/\\\/lasentinelle.dz\\\/index.php\\\/2025\\\/05\\\/28\\\/assemblees-generales-de-la-bad-une-croissance-a-4-pour-lafrique-en-2026\\\/\"},\"author\":{\"name\":\"admin\",\"@id\":\"https:\\\/\\\/lasentinelle.dz\\\/#\\\/schema\\\/person\\\/729ee0024f24e0b8c5ec17232f8e8b41\"},\"headline\":\"Assembl\u00e9es g\u00e9n\u00e9rales de la BAD : Une croissance \u00e0 4% pour l&rsquo;Afrique en 2026\",\"datePublished\":\"2025-05-28T10:47:08+00:00\",\"mainEntityOfPage\":{\"@id\":\"https:\\\/\\\/lasentinelle.dz\\\/index.php\\\/2025\\\/05\\\/28\\\/assemblees-generales-de-la-bad-une-croissance-a-4-pour-lafrique-en-2026\\\/\"},\"wordCount\":605,\"commentCount\":0,\"publisher\":{\"@id\":\"https:\\\/\\\/lasentinelle.dz\\\/#organization\"},\"image\":{\"@id\":\"https:\\\/\\\/lasentinelle.dz\\\/index.php\\\/2025\\\/05\\\/28\\\/assemblees-generales-de-la-bad-une-croissance-a-4-pour-lafrique-en-2026\\\/#primaryimage\"},\"thumbnailUrl\":\"https:\\\/\\\/lasentinelle.dz\\\/wp-content\\\/uploads\\\/2024\\\/05\\\/BAD.jpeg\",\"articleSection\":[\"\u00c9conomie\"],\"inLanguage\":\"fr-FR\",\"potentialAction\":[{\"@type\":\"CommentAction\",\"name\":\"Comment\",\"target\":[\"https:\\\/\\\/lasentinelle.dz\\\/index.php\\\/2025\\\/05\\\/28\\\/assemblees-generales-de-la-bad-une-croissance-a-4-pour-lafrique-en-2026\\\/#respond\"]}]},{\"@type\":\"WebPage\",\"@id\":\"https:\\\/\\\/lasentinelle.dz\\\/index.php\\\/2025\\\/05\\\/28\\\/assemblees-generales-de-la-bad-une-croissance-a-4-pour-lafrique-en-2026\\\/\",\"url\":\"https:\\\/\\\/lasentinelle.dz\\\/index.php\\\/2025\\\/05\\\/28\\\/assemblees-generales-de-la-bad-une-croissance-a-4-pour-lafrique-en-2026\\\/\",\"name\":\"Assembl\u00e9es g\u00e9n\u00e9rales de la BAD : Une croissance \u00e0 4% pour l&rsquo;Afrique en 2026 - La Sentinelle\",\"isPartOf\":{\"@id\":\"https:\\\/\\\/lasentinelle.dz\\\/#website\"},\"primaryImageOfPage\":{\"@id\":\"https:\\\/\\\/lasentinelle.dz\\\/index.php\\\/2025\\\/05\\\/28\\\/assemblees-generales-de-la-bad-une-croissance-a-4-pour-lafrique-en-2026\\\/#primaryimage\"},\"image\":{\"@id\":\"https:\\\/\\\/lasentinelle.dz\\\/index.php\\\/2025\\\/05\\\/28\\\/assemblees-generales-de-la-bad-une-croissance-a-4-pour-lafrique-en-2026\\\/#primaryimage\"},\"thumbnailUrl\":\"https:\\\/\\\/lasentinelle.dz\\\/wp-content\\\/uploads\\\/2024\\\/05\\\/BAD.jpeg\",\"datePublished\":\"2025-05-28T10:47:08+00:00\",\"breadcrumb\":{\"@id\":\"https:\\\/\\\/lasentinelle.dz\\\/index.php\\\/2025\\\/05\\\/28\\\/assemblees-generales-de-la-bad-une-croissance-a-4-pour-lafrique-en-2026\\\/#breadcrumb\"},\"inLanguage\":\"fr-FR\",\"potentialAction\":[{\"@type\":\"ReadAction\",\"target\":[\"https:\\\/\\\/lasentinelle.dz\\\/index.php\\\/2025\\\/05\\\/28\\\/assemblees-generales-de-la-bad-une-croissance-a-4-pour-lafrique-en-2026\\\/\"]}]},{\"@type\":\"ImageObject\",\"inLanguage\":\"fr-FR\",\"@id\":\"https:\\\/\\\/lasentinelle.dz\\\/index.php\\\/2025\\\/05\\\/28\\\/assemblees-generales-de-la-bad-une-croissance-a-4-pour-lafrique-en-2026\\\/#primaryimage\",\"url\":\"https:\\\/\\\/lasentinelle.dz\\\/wp-content\\\/uploads\\\/2024\\\/05\\\/BAD.jpeg\",\"contentUrl\":\"https:\\\/\\\/lasentinelle.dz\\\/wp-content\\\/uploads\\\/2024\\\/05\\\/BAD.jpeg\",\"width\":980,\"height\":551},{\"@type\":\"BreadcrumbList\",\"@id\":\"https:\\\/\\\/lasentinelle.dz\\\/index.php\\\/2025\\\/05\\\/28\\\/assemblees-generales-de-la-bad-une-croissance-a-4-pour-lafrique-en-2026\\\/#breadcrumb\",\"itemListElement\":[{\"@type\":\"ListItem\",\"position\":1,\"name\":\"Accueil\",\"item\":\"https:\\\/\\\/lasentinelle.dz\\\/\"},{\"@type\":\"ListItem\",\"position\":2,\"name\":\"Assembl\u00e9es g\u00e9n\u00e9rales de la BAD : Une croissance \u00e0 4% pour l&rsquo;Afrique en 2026\"}]},{\"@type\":\"WebSite\",\"@id\":\"https:\\\/\\\/lasentinelle.dz\\\/#website\",\"url\":\"https:\\\/\\\/lasentinelle.dz\\\/\",\"name\":\"La Sentinelle\",\"description\":\"Quotidien national d&#039;information\",\"publisher\":{\"@id\":\"https:\\\/\\\/lasentinelle.dz\\\/#organization\"},\"potentialAction\":[{\"@type\":\"SearchAction\",\"target\":{\"@type\":\"EntryPoint\",\"urlTemplate\":\"https:\\\/\\\/lasentinelle.dz\\\/?s={search_term_string}\"},\"query-input\":{\"@type\":\"PropertyValueSpecification\",\"valueRequired\":true,\"valueName\":\"search_term_string\"}}],\"inLanguage\":\"fr-FR\"},{\"@type\":\"Organization\",\"@id\":\"https:\\\/\\\/lasentinelle.dz\\\/#organization\",\"name\":\"Quotidien La Sentinelle\",\"url\":\"https:\\\/\\\/lasentinelle.dz\\\/\",\"logo\":{\"@type\":\"ImageObject\",\"inLanguage\":\"fr-FR\",\"@id\":\"https:\\\/\\\/lasentinelle.dz\\\/#\\\/schema\\\/logo\\\/image\\\/\",\"url\":\"https:\\\/\\\/lasentinelle.dz\\\/wp-content\\\/uploads\\\/2021\\\/09\\\/logo-sentinelleSLOGAN-1.png\",\"contentUrl\":\"https:\\\/\\\/lasentinelle.dz\\\/wp-content\\\/uploads\\\/2021\\\/09\\\/logo-sentinelleSLOGAN-1.png\",\"width\":615,\"height\":142,\"caption\":\"Quotidien La Sentinelle\"},\"image\":{\"@id\":\"https:\\\/\\\/lasentinelle.dz\\\/#\\\/schema\\\/logo\\\/image\\\/\"},\"sameAs\":[\"https:\\\/\\\/www.facebook.com\\\/La-Sentinelle-104059864394773\"]},{\"@type\":\"Person\",\"@id\":\"https:\\\/\\\/lasentinelle.dz\\\/#\\\/schema\\\/person\\\/729ee0024f24e0b8c5ec17232f8e8b41\",\"name\":\"admin\",\"image\":{\"@type\":\"ImageObject\",\"inLanguage\":\"fr-FR\",\"@id\":\"https:\\\/\\\/secure.gravatar.com\\\/avatar\\\/4c81fed838786e9b53f540bf46533e750f5d292099ae3b66cfc6fb1982e29df7?s=96&d=mm&r=g\",\"url\":\"https:\\\/\\\/secure.gravatar.com\\\/avatar\\\/4c81fed838786e9b53f540bf46533e750f5d292099ae3b66cfc6fb1982e29df7?s=96&d=mm&r=g\",\"contentUrl\":\"https:\\\/\\\/secure.gravatar.com\\\/avatar\\\/4c81fed838786e9b53f540bf46533e750f5d292099ae3b66cfc6fb1982e29df7?s=96&d=mm&r=g\",\"caption\":\"admin\"},\"description\":\"admin\",\"url\":\"https:\\\/\\\/lasentinelle.dz\\\/author\\\/admin\\\/\"}]}<\/script>\n<!-- \/ Yoast SEO plugin. -->","yoast_head_json":{"title":"Assembl\u00e9es g\u00e9n\u00e9rales de la BAD : Une croissance \u00e0 4% pour l&rsquo;Afrique en 2026 - La Sentinelle","robots":{"index":"index","follow":"follow","max-snippet":"max-snippet:-1","max-image-preview":"max-image-preview:large","max-video-preview":"max-video-preview:-1"},"canonical":"https:\/\/lasentinelle.dz\/index.php\/2025\/05\/28\/assemblees-generales-de-la-bad-une-croissance-a-4-pour-lafrique-en-2026\/","og_locale":"fr_FR","og_type":"article","og_title":"Assembl\u00e9es g\u00e9n\u00e9rales de la BAD : Une croissance \u00e0 4% pour l&rsquo;Afrique en 2026 - La Sentinelle","og_description":"La Banque africaine de d\u00e9veloppement a pr\u00e9sent\u00e9 mardi \u00e0 Abidjan ses derni\u00e8res projections \u00e9conomiques pour le continent, r\u00e9visant l\u00e9g\u00e8rement \u00e0","og_url":"https:\/\/lasentinelle.dz\/index.php\/2025\/05\/28\/assemblees-generales-de-la-bad-une-croissance-a-4-pour-lafrique-en-2026\/","og_site_name":"La Sentinelle","article_publisher":"https:\/\/www.facebook.com\/La-Sentinelle-104059864394773","article_published_time":"2025-05-28T10:47:08+00:00","og_image":[{"width":980,"height":551,"url":"https:\/\/lasentinelle.dz\/wp-content\/uploads\/2024\/05\/BAD.jpeg","type":"image\/jpeg"}],"author":"admin","twitter_card":"summary_large_image","twitter_misc":{"\u00c9crit par":"admin","Dur\u00e9e de lecture estim\u00e9e":"3 minutes"},"schema":{"@context":"https:\/\/schema.org","@graph":[{"@type":"Article","@id":"https:\/\/lasentinelle.dz\/index.php\/2025\/05\/28\/assemblees-generales-de-la-bad-une-croissance-a-4-pour-lafrique-en-2026\/#article","isPartOf":{"@id":"https:\/\/lasentinelle.dz\/index.php\/2025\/05\/28\/assemblees-generales-de-la-bad-une-croissance-a-4-pour-lafrique-en-2026\/"},"author":{"name":"admin","@id":"https:\/\/lasentinelle.dz\/#\/schema\/person\/729ee0024f24e0b8c5ec17232f8e8b41"},"headline":"Assembl\u00e9es g\u00e9n\u00e9rales de la BAD : Une croissance \u00e0 4% pour l&rsquo;Afrique en 2026","datePublished":"2025-05-28T10:47:08+00:00","mainEntityOfPage":{"@id":"https:\/\/lasentinelle.dz\/index.php\/2025\/05\/28\/assemblees-generales-de-la-bad-une-croissance-a-4-pour-lafrique-en-2026\/"},"wordCount":605,"commentCount":0,"publisher":{"@id":"https:\/\/lasentinelle.dz\/#organization"},"image":{"@id":"https:\/\/lasentinelle.dz\/index.php\/2025\/05\/28\/assemblees-generales-de-la-bad-une-croissance-a-4-pour-lafrique-en-2026\/#primaryimage"},"thumbnailUrl":"https:\/\/lasentinelle.dz\/wp-content\/uploads\/2024\/05\/BAD.jpeg","articleSection":["\u00c9conomie"],"inLanguage":"fr-FR","potentialAction":[{"@type":"CommentAction","name":"Comment","target":["https:\/\/lasentinelle.dz\/index.php\/2025\/05\/28\/assemblees-generales-de-la-bad-une-croissance-a-4-pour-lafrique-en-2026\/#respond"]}]},{"@type":"WebPage","@id":"https:\/\/lasentinelle.dz\/index.php\/2025\/05\/28\/assemblees-generales-de-la-bad-une-croissance-a-4-pour-lafrique-en-2026\/","url":"https:\/\/lasentinelle.dz\/index.php\/2025\/05\/28\/assemblees-generales-de-la-bad-une-croissance-a-4-pour-lafrique-en-2026\/","name":"Assembl\u00e9es g\u00e9n\u00e9rales de la BAD : Une croissance \u00e0 4% pour l&rsquo;Afrique en 2026 - La Sentinelle","isPartOf":{"@id":"https:\/\/lasentinelle.dz\/#website"},"primaryImageOfPage":{"@id":"https:\/\/lasentinelle.dz\/index.php\/2025\/05\/28\/assemblees-generales-de-la-bad-une-croissance-a-4-pour-lafrique-en-2026\/#primaryimage"},"image":{"@id":"https:\/\/lasentinelle.dz\/index.php\/2025\/05\/28\/assemblees-generales-de-la-bad-une-croissance-a-4-pour-lafrique-en-2026\/#primaryimage"},"thumbnailUrl":"https:\/\/lasentinelle.dz\/wp-content\/uploads\/2024\/05\/BAD.jpeg","datePublished":"2025-05-28T10:47:08+00:00","breadcrumb":{"@id":"https:\/\/lasentinelle.dz\/index.php\/2025\/05\/28\/assemblees-generales-de-la-bad-une-croissance-a-4-pour-lafrique-en-2026\/#breadcrumb"},"inLanguage":"fr-FR","potentialAction":[{"@type":"ReadAction","target":["https:\/\/lasentinelle.dz\/index.php\/2025\/05\/28\/assemblees-generales-de-la-bad-une-croissance-a-4-pour-lafrique-en-2026\/"]}]},{"@type":"ImageObject","inLanguage":"fr-FR","@id":"https:\/\/lasentinelle.dz\/index.php\/2025\/05\/28\/assemblees-generales-de-la-bad-une-croissance-a-4-pour-lafrique-en-2026\/#primaryimage","url":"https:\/\/lasentinelle.dz\/wp-content\/uploads\/2024\/05\/BAD.jpeg","contentUrl":"https:\/\/lasentinelle.dz\/wp-content\/uploads\/2024\/05\/BAD.jpeg","width":980,"height":551},{"@type":"BreadcrumbList","@id":"https:\/\/lasentinelle.dz\/index.php\/2025\/05\/28\/assemblees-generales-de-la-bad-une-croissance-a-4-pour-lafrique-en-2026\/#breadcrumb","itemListElement":[{"@type":"ListItem","position":1,"name":"Accueil","item":"https:\/\/lasentinelle.dz\/"},{"@type":"ListItem","position":2,"name":"Assembl\u00e9es g\u00e9n\u00e9rales de la BAD : Une croissance \u00e0 4% pour l&rsquo;Afrique en 2026"}]},{"@type":"WebSite","@id":"https:\/\/lasentinelle.dz\/#website","url":"https:\/\/lasentinelle.dz\/","name":"La Sentinelle","description":"Quotidien national d&#039;information","publisher":{"@id":"https:\/\/lasentinelle.dz\/#organization"},"potentialAction":[{"@type":"SearchAction","target":{"@type":"EntryPoint","urlTemplate":"https:\/\/lasentinelle.dz\/?s={search_term_string}"},"query-input":{"@type":"PropertyValueSpecification","valueRequired":true,"valueName":"search_term_string"}}],"inLanguage":"fr-FR"},{"@type":"Organization","@id":"https:\/\/lasentinelle.dz\/#organization","name":"Quotidien La Sentinelle","url":"https:\/\/lasentinelle.dz\/","logo":{"@type":"ImageObject","inLanguage":"fr-FR","@id":"https:\/\/lasentinelle.dz\/#\/schema\/logo\/image\/","url":"https:\/\/lasentinelle.dz\/wp-content\/uploads\/2021\/09\/logo-sentinelleSLOGAN-1.png","contentUrl":"https:\/\/lasentinelle.dz\/wp-content\/uploads\/2021\/09\/logo-sentinelleSLOGAN-1.png","width":615,"height":142,"caption":"Quotidien La Sentinelle"},"image":{"@id":"https:\/\/lasentinelle.dz\/#\/schema\/logo\/image\/"},"sameAs":["https:\/\/www.facebook.com\/La-Sentinelle-104059864394773"]},{"@type":"Person","@id":"https:\/\/lasentinelle.dz\/#\/schema\/person\/729ee0024f24e0b8c5ec17232f8e8b41","name":"admin","image":{"@type":"ImageObject","inLanguage":"fr-FR","@id":"https:\/\/secure.gravatar.com\/avatar\/4c81fed838786e9b53f540bf46533e750f5d292099ae3b66cfc6fb1982e29df7?s=96&d=mm&r=g","url":"https:\/\/secure.gravatar.com\/avatar\/4c81fed838786e9b53f540bf46533e750f5d292099ae3b66cfc6fb1982e29df7?s=96&d=mm&r=g","contentUrl":"https:\/\/secure.gravatar.com\/avatar\/4c81fed838786e9b53f540bf46533e750f5d292099ae3b66cfc6fb1982e29df7?s=96&d=mm&r=g","caption":"admin"},"description":"admin","url":"https:\/\/lasentinelle.dz\/author\/admin\/"}]}},"_links":{"self":[{"href":"https:\/\/lasentinelle.dz\/index.php\/wp-json\/wp\/v2\/posts\/68075","targetHints":{"allow":["GET"]}}],"collection":[{"href":"https:\/\/lasentinelle.dz\/index.php\/wp-json\/wp\/v2\/posts"}],"about":[{"href":"https:\/\/lasentinelle.dz\/index.php\/wp-json\/wp\/v2\/types\/post"}],"author":[{"embeddable":true,"href":"https:\/\/lasentinelle.dz\/index.php\/wp-json\/wp\/v2\/users\/6"}],"replies":[{"embeddable":true,"href":"https:\/\/lasentinelle.dz\/index.php\/wp-json\/wp\/v2\/comments?post=68075"}],"version-history":[{"count":2,"href":"https:\/\/lasentinelle.dz\/index.php\/wp-json\/wp\/v2\/posts\/68075\/revisions"}],"predecessor-version":[{"id":68077,"href":"https:\/\/lasentinelle.dz\/index.php\/wp-json\/wp\/v2\/posts\/68075\/revisions\/68077"}],"wp:featuredmedia":[{"embeddable":true,"href":"https:\/\/lasentinelle.dz\/index.php\/wp-json\/wp\/v2\/media\/52910"}],"wp:attachment":[{"href":"https:\/\/lasentinelle.dz\/index.php\/wp-json\/wp\/v2\/media?parent=68075"}],"wp:term":[{"taxonomy":"category","embeddable":true,"href":"https:\/\/lasentinelle.dz\/index.php\/wp-json\/wp\/v2\/categories?post=68075"},{"taxonomy":"post_tag","embeddable":true,"href":"https:\/\/lasentinelle.dz\/index.php\/wp-json\/wp\/v2\/tags?post=68075"}],"curies":[{"name":"wp","href":"https:\/\/api.w.org\/{rel}","templated":true}]}}