{"id":68078,"date":"2025-05-28T11:48:45","date_gmt":"2025-05-28T10:48:45","guid":{"rendered":"https:\/\/lasentinelle.dz\/?p=68078"},"modified":"2025-05-28T11:48:47","modified_gmt":"2025-05-28T10:48:47","slug":"forum-des-pays-exportateurs-de-gaz-le-gaz-naturel-au-coeur-de-la-transition-energetique-mondiale","status":"publish","type":"post","link":"https:\/\/lasentinelle.dz\/index.php\/2025\/05\/28\/forum-des-pays-exportateurs-de-gaz-le-gaz-naturel-au-coeur-de-la-transition-energetique-mondiale\/","title":{"rendered":"Forum des pays exportateurs de gaz: Le gaz naturel au c\u0153ur de la transition \u00e9nerg\u00e9tique mondiale"},"content":{"rendered":"\n<p>Le Secr\u00e9taire g\u00e9n\u00e9ral du Forum des pays exportateurs de gaz (GECF), Mohamed Hamel a soulign\u00e9, lors de la session pl\u00e9ni\u00e8re de cl\u00f4ture de la Conf\u00e9rence Mondiale du Gaz 2025 qui s&rsquo;est tenue \u00e0 P\u00e9kin samedi, le r\u00f4le strat\u00e9gique du gaz naturel dans les syst\u00e8mes \u00e9nerg\u00e9tiques futurs. Face aux d\u00e9fis climatiques et aux imp\u00e9ratifs de s\u00e9curit\u00e9 \u00e9nerg\u00e9tique, le SG du GECF a d\u00e9fendu une approche pragmatique et \u00e9quilibr\u00e9e de la transition \u00e9nerg\u00e9tique, pla\u00e7ant le gaz naturel au centre des solutions durables. Son discours intervient dans un contexte o\u00f9 les politiques \u00e9nerg\u00e9tiques mondiales cherchent un \u00e9quilibre entre objectifs environnementaux et r\u00e9alit\u00e9s \u00e9conomiques, particuli\u00e8rement apr\u00e8s les r\u00e9centes tensions g\u00e9opolitiques qui ont boulevers\u00e9 les march\u00e9s \u00e9nerg\u00e9tiques internationaux.<\/p>\n\n\n\n<p>Mohamed Hamel a soulign\u00e9 que le pragmatisme revient progressivement dans le discours \u00e9nerg\u00e9tique mondial, avec une reconnaissance croissante du caract\u00e8re indispensable du gaz naturel pour garantir la s\u00e9curit\u00e9 \u00e9nerg\u00e9tique tout en soutenant des transitions justes, ordonn\u00e9es et \u00e9quitables. Cette position refl\u00e8te l&rsquo;\u00e9volution des perspectives internationales sur la transition \u00e9nerg\u00e9tique, o\u00f9 les consid\u00e9rations de faisabilit\u00e9 technique et \u00e9conomique gagnent en importance face aux objectifs purement environnementaux. Le Secr\u00e9taire g\u00e9n\u00e9ral a mis en avant le r\u00f4le unique du gaz naturel dans l&rsquo;alignement de la croissance \u00e9conomique, du progr\u00e8s social et de la protection environnementale, trois piliers fondamentaux du d\u00e9veloppement durable selon les crit\u00e8res internationaux.<\/p>\n\n\n\n<p>S&rsquo;appuyant sur les pr\u00e9visions du GECF, Mohamed Hamel a projet\u00e9 une augmentation de 32% de la demande mondiale de gaz d&rsquo;ici 2050, r\u00e9affirmant ainsi la pertinence \u00e0 long terme de cette ressource dans le paysage \u00e9nerg\u00e9tique en \u00e9volution. Il a particuli\u00e8rement insist\u00e9 sur le r\u00f4le central du gaz naturel dans la substitution du charbon, dans le soutien \u00e0 la fiabilit\u00e9 des syst\u00e8mes \u00e9lectriques domin\u00e9s par les \u00e9nergies renouvelables intermittentes, et dans la r\u00e9ponse aux nouvelles sources de demande de base provenant des centres de donn\u00e9es, de l&rsquo;infrastructure num\u00e9rique et des besoins accrus de climatisation. Ces secteurs, en pleine expansion avec la digitalisation de l&rsquo;\u00e9conomie mondiale, repr\u00e9sentent des march\u00e9s d&rsquo;avenir consid\u00e9rables pour l&rsquo;industrie gazi\u00e8re. Au-del\u00e0 de la production d&rsquo;\u00e9lectricit\u00e9, Mohamed Hamel a soulign\u00e9 l&rsquo;importance du gaz naturel dans la d\u00e9carbonisation des industries \u00e9nergivores telles que la production de ciment, d&rsquo;acier, de fer et de verre, secteurs qui d\u00e9pendent de la chaleur \u00e0 haute temp\u00e9rature et pour lesquels peu d&rsquo;alternatives technologiques existent actuellement.<\/p>\n\n\n\n<p>Dans ce contexte industriel, il a identifi\u00e9 l&rsquo;hydrog\u00e8ne bleu, d\u00e9riv\u00e9 du gaz naturel avec capture, utilisation et stockage du carbone (CCUS), comme une solution viable pour r\u00e9duire les \u00e9missions dans les secteurs difficiles \u00e0 d\u00e9carboner. Cette technologie repr\u00e9sente un pont essentiel vers une \u00e9conomie de l&rsquo;hydrog\u00e8ne plus propre, permettant de valoriser les infrastructures gazi\u00e8res existantes tout en r\u00e9duisant l&#8217;empreinte carbone. Il a \u00e9galement soulign\u00e9 l&rsquo;utilisation critique du gaz naturel comme mati\u00e8re premi\u00e8re pour la production d&rsquo;engrais, fondamentale pour assurer la s\u00e9curit\u00e9 alimentaire mondiale, un enjeu g\u00e9opolitique majeur dans un contexte de croissance d\u00e9mographique soutenue.<\/p>\n\n\n\n<p>Abordant la question de l&rsquo;acc\u00e8s \u00e0 l&rsquo;\u00e9nergie, Mohamed Hamel a appel\u00e9 \u00e0 une action urgente pour d\u00e9velopper les solutions de cuisson propre, particuli\u00e8rement en Afrique o\u00f9 des millions de personnes d\u00e9pendent encore de la biomasse traditionnelle. Il a pr\u00e9conis\u00e9 la transition vers le gaz de p\u00e9trole liqu\u00e9fi\u00e9 (GPL), soulignant ses b\u00e9n\u00e9fices consid\u00e9rables sur la sant\u00e9, l&rsquo;environnement et le d\u00e9veloppement socio\u00e9conomique. Cette transition, a-t-il not\u00e9, est particuli\u00e8rement transformatrice pour les femmes et les enfants et contribue \u00e0 la r\u00e9alisation de plusieurs Objectifs de d\u00e9veloppement durable des Nations Unies. Dans ce contexte, il a soulign\u00e9 le besoin urgent d&rsquo;investissements soutenus tout au long de la cha\u00eene de valeur du gaz, appelant \u00e0 des politiques \u00e9nerg\u00e9tiques pr\u00e9visibles, des signaux de demande \u00e0 long terme clairs et une certitude r\u00e9glementaire comme facilitateurs critiques pour d\u00e9bloquer les capitaux n\u00e9cessaires aux infrastructures \u00e0 grande \u00e9chelle.<\/p>\n\n\n\n<p>S.G.<\/p>\n\n\n\n<p><\/p>\n","protected":false},"excerpt":{"rendered":"<p>Le Secr\u00e9taire g\u00e9n\u00e9ral du Forum des pays exportateurs de gaz (GECF), Mohamed Hamel a soulign\u00e9, lors de la session pl\u00e9ni\u00e8re<\/p>\n","protected":false},"author":6,"featured_media":52157,"comment_status":"open","ping_status":"closed","sticky":false,"template":"","format":"standard","meta":{"colormag_page_container_layout":"default_layout","colormag_page_sidebar_layout":"default_layout","om_disable_all_campaigns":false,"_monsterinsights_skip_tracking":false,"_monsterinsights_sitenote_active":false,"_monsterinsights_sitenote_note":"","_monsterinsights_sitenote_category":0,"footnotes":"","_wpscppro_dont_share_socialmedia":false,"_wpscppro_custom_social_share_image":0,"_facebook_share_type":"default","_twitter_share_type":"default","_linkedin_share_type":"default","_pinterest_share_type":"default","_linkedin_share_type_page":"","_instagram_share_type":"default","_medium_share_type":"default","_threads_share_type":"","_google_business_share_type":"","_selected_social_profile":[],"_wpsp_enable_custom_social_template":false,"_wpsp_social_scheduling":{"enabled":false,"datetime":null,"platforms":[],"status":"template_only","dateOption":"today","timeOption":"now","customDays":"","customHours":"","customDate":"","customTime":"","schedulingType":"absolute"},"_wpsp_active_default_template":true},"categories":[29],"tags":[],"class_list":["post-68078","post","type-post","status-publish","format-standard","has-post-thumbnail","hentry","category-economie"],"aioseo_notices":[],"yoast_head":"<!-- This site is optimized with the Yoast SEO plugin v27.5 - https:\/\/yoast.com\/product\/yoast-seo-wordpress\/ -->\n<title>Forum des pays exportateurs de gaz: Le gaz naturel au c\u0153ur de la transition \u00e9nerg\u00e9tique mondiale - La Sentinelle<\/title>\n<meta name=\"robots\" content=\"index, follow, max-snippet:-1, max-image-preview:large, max-video-preview:-1\" \/>\n<link rel=\"canonical\" href=\"https:\/\/lasentinelle.dz\/index.php\/2025\/05\/28\/forum-des-pays-exportateurs-de-gaz-le-gaz-naturel-au-coeur-de-la-transition-energetique-mondiale\/\" \/>\n<meta property=\"og:locale\" content=\"fr_FR\" \/>\n<meta property=\"og:type\" content=\"article\" \/>\n<meta property=\"og:title\" content=\"Forum des pays exportateurs de gaz: Le gaz naturel au c\u0153ur de la transition \u00e9nerg\u00e9tique mondiale - La Sentinelle\" \/>\n<meta property=\"og:description\" content=\"Le Secr\u00e9taire g\u00e9n\u00e9ral du Forum des pays exportateurs de gaz (GECF), Mohamed Hamel a soulign\u00e9, lors de la session pl\u00e9ni\u00e8re\" \/>\n<meta property=\"og:url\" content=\"https:\/\/lasentinelle.dz\/index.php\/2025\/05\/28\/forum-des-pays-exportateurs-de-gaz-le-gaz-naturel-au-coeur-de-la-transition-energetique-mondiale\/\" \/>\n<meta property=\"og:site_name\" content=\"La Sentinelle\" \/>\n<meta property=\"article:publisher\" content=\"https:\/\/www.facebook.com\/La-Sentinelle-104059864394773\" \/>\n<meta property=\"article:published_time\" content=\"2025-05-28T10:48:45+00:00\" \/>\n<meta property=\"article:modified_time\" content=\"2025-05-28T10:48:47+00:00\" \/>\n<meta property=\"og:image\" content=\"https:\/\/lasentinelle.dz\/wp-content\/uploads\/2024\/05\/Hamel.jpeg\" \/>\n\t<meta property=\"og:image:width\" content=\"1548\" \/>\n\t<meta property=\"og:image:height\" content=\"1032\" \/>\n\t<meta property=\"og:image:type\" content=\"image\/jpeg\" \/>\n<meta name=\"author\" content=\"admin\" \/>\n<meta name=\"twitter:card\" content=\"summary_large_image\" \/>\n<meta name=\"twitter:label1\" content=\"\u00c9crit par\" \/>\n\t<meta name=\"twitter:data1\" content=\"admin\" \/>\n\t<meta name=\"twitter:label2\" content=\"Dur\u00e9e de lecture estim\u00e9e\" \/>\n\t<meta name=\"twitter:data2\" content=\"4 minutes\" \/>\n<script type=\"application\/ld+json\" class=\"yoast-schema-graph\">{\"@context\":\"https:\\\/\\\/schema.org\",\"@graph\":[{\"@type\":\"Article\",\"@id\":\"https:\\\/\\\/lasentinelle.dz\\\/index.php\\\/2025\\\/05\\\/28\\\/forum-des-pays-exportateurs-de-gaz-le-gaz-naturel-au-coeur-de-la-transition-energetique-mondiale\\\/#article\",\"isPartOf\":{\"@id\":\"https:\\\/\\\/lasentinelle.dz\\\/index.php\\\/2025\\\/05\\\/28\\\/forum-des-pays-exportateurs-de-gaz-le-gaz-naturel-au-coeur-de-la-transition-energetique-mondiale\\\/\"},\"author\":{\"name\":\"admin\",\"@id\":\"https:\\\/\\\/lasentinelle.dz\\\/#\\\/schema\\\/person\\\/729ee0024f24e0b8c5ec17232f8e8b41\"},\"headline\":\"Forum des pays exportateurs de gaz: Le gaz naturel au c\u0153ur de la transition \u00e9nerg\u00e9tique mondiale\",\"datePublished\":\"2025-05-28T10:48:45+00:00\",\"dateModified\":\"2025-05-28T10:48:47+00:00\",\"mainEntityOfPage\":{\"@id\":\"https:\\\/\\\/lasentinelle.dz\\\/index.php\\\/2025\\\/05\\\/28\\\/forum-des-pays-exportateurs-de-gaz-le-gaz-naturel-au-coeur-de-la-transition-energetique-mondiale\\\/\"},\"wordCount\":732,\"commentCount\":0,\"publisher\":{\"@id\":\"https:\\\/\\\/lasentinelle.dz\\\/#organization\"},\"image\":{\"@id\":\"https:\\\/\\\/lasentinelle.dz\\\/index.php\\\/2025\\\/05\\\/28\\\/forum-des-pays-exportateurs-de-gaz-le-gaz-naturel-au-coeur-de-la-transition-energetique-mondiale\\\/#primaryimage\"},\"thumbnailUrl\":\"https:\\\/\\\/lasentinelle.dz\\\/wp-content\\\/uploads\\\/2024\\\/05\\\/Hamel.jpeg\",\"articleSection\":[\"\u00c9conomie\"],\"inLanguage\":\"fr-FR\",\"potentialAction\":[{\"@type\":\"CommentAction\",\"name\":\"Comment\",\"target\":[\"https:\\\/\\\/lasentinelle.dz\\\/index.php\\\/2025\\\/05\\\/28\\\/forum-des-pays-exportateurs-de-gaz-le-gaz-naturel-au-coeur-de-la-transition-energetique-mondiale\\\/#respond\"]}]},{\"@type\":\"WebPage\",\"@id\":\"https:\\\/\\\/lasentinelle.dz\\\/index.php\\\/2025\\\/05\\\/28\\\/forum-des-pays-exportateurs-de-gaz-le-gaz-naturel-au-coeur-de-la-transition-energetique-mondiale\\\/\",\"url\":\"https:\\\/\\\/lasentinelle.dz\\\/index.php\\\/2025\\\/05\\\/28\\\/forum-des-pays-exportateurs-de-gaz-le-gaz-naturel-au-coeur-de-la-transition-energetique-mondiale\\\/\",\"name\":\"Forum des pays exportateurs de gaz: Le gaz naturel au c\u0153ur de la transition \u00e9nerg\u00e9tique mondiale - La Sentinelle\",\"isPartOf\":{\"@id\":\"https:\\\/\\\/lasentinelle.dz\\\/#website\"},\"primaryImageOfPage\":{\"@id\":\"https:\\\/\\\/lasentinelle.dz\\\/index.php\\\/2025\\\/05\\\/28\\\/forum-des-pays-exportateurs-de-gaz-le-gaz-naturel-au-coeur-de-la-transition-energetique-mondiale\\\/#primaryimage\"},\"image\":{\"@id\":\"https:\\\/\\\/lasentinelle.dz\\\/index.php\\\/2025\\\/05\\\/28\\\/forum-des-pays-exportateurs-de-gaz-le-gaz-naturel-au-coeur-de-la-transition-energetique-mondiale\\\/#primaryimage\"},\"thumbnailUrl\":\"https:\\\/\\\/lasentinelle.dz\\\/wp-content\\\/uploads\\\/2024\\\/05\\\/Hamel.jpeg\",\"datePublished\":\"2025-05-28T10:48:45+00:00\",\"dateModified\":\"2025-05-28T10:48:47+00:00\",\"breadcrumb\":{\"@id\":\"https:\\\/\\\/lasentinelle.dz\\\/index.php\\\/2025\\\/05\\\/28\\\/forum-des-pays-exportateurs-de-gaz-le-gaz-naturel-au-coeur-de-la-transition-energetique-mondiale\\\/#breadcrumb\"},\"inLanguage\":\"fr-FR\",\"potentialAction\":[{\"@type\":\"ReadAction\",\"target\":[\"https:\\\/\\\/lasentinelle.dz\\\/index.php\\\/2025\\\/05\\\/28\\\/forum-des-pays-exportateurs-de-gaz-le-gaz-naturel-au-coeur-de-la-transition-energetique-mondiale\\\/\"]}]},{\"@type\":\"ImageObject\",\"inLanguage\":\"fr-FR\",\"@id\":\"https:\\\/\\\/lasentinelle.dz\\\/index.php\\\/2025\\\/05\\\/28\\\/forum-des-pays-exportateurs-de-gaz-le-gaz-naturel-au-coeur-de-la-transition-energetique-mondiale\\\/#primaryimage\",\"url\":\"https:\\\/\\\/lasentinelle.dz\\\/wp-content\\\/uploads\\\/2024\\\/05\\\/Hamel.jpeg\",\"contentUrl\":\"https:\\\/\\\/lasentinelle.dz\\\/wp-content\\\/uploads\\\/2024\\\/05\\\/Hamel.jpeg\",\"width\":1548,\"height\":1032,\"caption\":\"JOE AGDEPPA\"},{\"@type\":\"BreadcrumbList\",\"@id\":\"https:\\\/\\\/lasentinelle.dz\\\/index.php\\\/2025\\\/05\\\/28\\\/forum-des-pays-exportateurs-de-gaz-le-gaz-naturel-au-coeur-de-la-transition-energetique-mondiale\\\/#breadcrumb\",\"itemListElement\":[{\"@type\":\"ListItem\",\"position\":1,\"name\":\"Accueil\",\"item\":\"https:\\\/\\\/lasentinelle.dz\\\/\"},{\"@type\":\"ListItem\",\"position\":2,\"name\":\"Forum des pays exportateurs de gaz: Le gaz naturel au c\u0153ur de la transition \u00e9nerg\u00e9tique mondiale\"}]},{\"@type\":\"WebSite\",\"@id\":\"https:\\\/\\\/lasentinelle.dz\\\/#website\",\"url\":\"https:\\\/\\\/lasentinelle.dz\\\/\",\"name\":\"La Sentinelle\",\"description\":\"Quotidien national d&#039;information\",\"publisher\":{\"@id\":\"https:\\\/\\\/lasentinelle.dz\\\/#organization\"},\"potentialAction\":[{\"@type\":\"SearchAction\",\"target\":{\"@type\":\"EntryPoint\",\"urlTemplate\":\"https:\\\/\\\/lasentinelle.dz\\\/?s={search_term_string}\"},\"query-input\":{\"@type\":\"PropertyValueSpecification\",\"valueRequired\":true,\"valueName\":\"search_term_string\"}}],\"inLanguage\":\"fr-FR\"},{\"@type\":\"Organization\",\"@id\":\"https:\\\/\\\/lasentinelle.dz\\\/#organization\",\"name\":\"Quotidien La Sentinelle\",\"url\":\"https:\\\/\\\/lasentinelle.dz\\\/\",\"logo\":{\"@type\":\"ImageObject\",\"inLanguage\":\"fr-FR\",\"@id\":\"https:\\\/\\\/lasentinelle.dz\\\/#\\\/schema\\\/logo\\\/image\\\/\",\"url\":\"https:\\\/\\\/lasentinelle.dz\\\/wp-content\\\/uploads\\\/2021\\\/09\\\/logo-sentinelleSLOGAN-1.png\",\"contentUrl\":\"https:\\\/\\\/lasentinelle.dz\\\/wp-content\\\/uploads\\\/2021\\\/09\\\/logo-sentinelleSLOGAN-1.png\",\"width\":615,\"height\":142,\"caption\":\"Quotidien La Sentinelle\"},\"image\":{\"@id\":\"https:\\\/\\\/lasentinelle.dz\\\/#\\\/schema\\\/logo\\\/image\\\/\"},\"sameAs\":[\"https:\\\/\\\/www.facebook.com\\\/La-Sentinelle-104059864394773\"]},{\"@type\":\"Person\",\"@id\":\"https:\\\/\\\/lasentinelle.dz\\\/#\\\/schema\\\/person\\\/729ee0024f24e0b8c5ec17232f8e8b41\",\"name\":\"admin\",\"image\":{\"@type\":\"ImageObject\",\"inLanguage\":\"fr-FR\",\"@id\":\"https:\\\/\\\/secure.gravatar.com\\\/avatar\\\/4c81fed838786e9b53f540bf46533e750f5d292099ae3b66cfc6fb1982e29df7?s=96&d=mm&r=g\",\"url\":\"https:\\\/\\\/secure.gravatar.com\\\/avatar\\\/4c81fed838786e9b53f540bf46533e750f5d292099ae3b66cfc6fb1982e29df7?s=96&d=mm&r=g\",\"contentUrl\":\"https:\\\/\\\/secure.gravatar.com\\\/avatar\\\/4c81fed838786e9b53f540bf46533e750f5d292099ae3b66cfc6fb1982e29df7?s=96&d=mm&r=g\",\"caption\":\"admin\"},\"description\":\"admin\",\"url\":\"https:\\\/\\\/lasentinelle.dz\\\/author\\\/admin\\\/\"}]}<\/script>\n<!-- \/ Yoast SEO plugin. -->","yoast_head_json":{"title":"Forum des pays exportateurs de gaz: Le gaz naturel au c\u0153ur de la transition \u00e9nerg\u00e9tique mondiale - La Sentinelle","robots":{"index":"index","follow":"follow","max-snippet":"max-snippet:-1","max-image-preview":"max-image-preview:large","max-video-preview":"max-video-preview:-1"},"canonical":"https:\/\/lasentinelle.dz\/index.php\/2025\/05\/28\/forum-des-pays-exportateurs-de-gaz-le-gaz-naturel-au-coeur-de-la-transition-energetique-mondiale\/","og_locale":"fr_FR","og_type":"article","og_title":"Forum des pays exportateurs de gaz: Le gaz naturel au c\u0153ur de la transition \u00e9nerg\u00e9tique mondiale - La Sentinelle","og_description":"Le Secr\u00e9taire g\u00e9n\u00e9ral du Forum des pays exportateurs de gaz (GECF), Mohamed Hamel a soulign\u00e9, lors de la session pl\u00e9ni\u00e8re","og_url":"https:\/\/lasentinelle.dz\/index.php\/2025\/05\/28\/forum-des-pays-exportateurs-de-gaz-le-gaz-naturel-au-coeur-de-la-transition-energetique-mondiale\/","og_site_name":"La Sentinelle","article_publisher":"https:\/\/www.facebook.com\/La-Sentinelle-104059864394773","article_published_time":"2025-05-28T10:48:45+00:00","article_modified_time":"2025-05-28T10:48:47+00:00","og_image":[{"width":1548,"height":1032,"url":"https:\/\/lasentinelle.dz\/wp-content\/uploads\/2024\/05\/Hamel.jpeg","type":"image\/jpeg"}],"author":"admin","twitter_card":"summary_large_image","twitter_misc":{"\u00c9crit par":"admin","Dur\u00e9e de lecture estim\u00e9e":"4 minutes"},"schema":{"@context":"https:\/\/schema.org","@graph":[{"@type":"Article","@id":"https:\/\/lasentinelle.dz\/index.php\/2025\/05\/28\/forum-des-pays-exportateurs-de-gaz-le-gaz-naturel-au-coeur-de-la-transition-energetique-mondiale\/#article","isPartOf":{"@id":"https:\/\/lasentinelle.dz\/index.php\/2025\/05\/28\/forum-des-pays-exportateurs-de-gaz-le-gaz-naturel-au-coeur-de-la-transition-energetique-mondiale\/"},"author":{"name":"admin","@id":"https:\/\/lasentinelle.dz\/#\/schema\/person\/729ee0024f24e0b8c5ec17232f8e8b41"},"headline":"Forum des pays exportateurs de gaz: Le gaz naturel au c\u0153ur de la transition \u00e9nerg\u00e9tique mondiale","datePublished":"2025-05-28T10:48:45+00:00","dateModified":"2025-05-28T10:48:47+00:00","mainEntityOfPage":{"@id":"https:\/\/lasentinelle.dz\/index.php\/2025\/05\/28\/forum-des-pays-exportateurs-de-gaz-le-gaz-naturel-au-coeur-de-la-transition-energetique-mondiale\/"},"wordCount":732,"commentCount":0,"publisher":{"@id":"https:\/\/lasentinelle.dz\/#organization"},"image":{"@id":"https:\/\/lasentinelle.dz\/index.php\/2025\/05\/28\/forum-des-pays-exportateurs-de-gaz-le-gaz-naturel-au-coeur-de-la-transition-energetique-mondiale\/#primaryimage"},"thumbnailUrl":"https:\/\/lasentinelle.dz\/wp-content\/uploads\/2024\/05\/Hamel.jpeg","articleSection":["\u00c9conomie"],"inLanguage":"fr-FR","potentialAction":[{"@type":"CommentAction","name":"Comment","target":["https:\/\/lasentinelle.dz\/index.php\/2025\/05\/28\/forum-des-pays-exportateurs-de-gaz-le-gaz-naturel-au-coeur-de-la-transition-energetique-mondiale\/#respond"]}]},{"@type":"WebPage","@id":"https:\/\/lasentinelle.dz\/index.php\/2025\/05\/28\/forum-des-pays-exportateurs-de-gaz-le-gaz-naturel-au-coeur-de-la-transition-energetique-mondiale\/","url":"https:\/\/lasentinelle.dz\/index.php\/2025\/05\/28\/forum-des-pays-exportateurs-de-gaz-le-gaz-naturel-au-coeur-de-la-transition-energetique-mondiale\/","name":"Forum des pays exportateurs de gaz: Le gaz naturel au c\u0153ur de la transition \u00e9nerg\u00e9tique mondiale - La Sentinelle","isPartOf":{"@id":"https:\/\/lasentinelle.dz\/#website"},"primaryImageOfPage":{"@id":"https:\/\/lasentinelle.dz\/index.php\/2025\/05\/28\/forum-des-pays-exportateurs-de-gaz-le-gaz-naturel-au-coeur-de-la-transition-energetique-mondiale\/#primaryimage"},"image":{"@id":"https:\/\/lasentinelle.dz\/index.php\/2025\/05\/28\/forum-des-pays-exportateurs-de-gaz-le-gaz-naturel-au-coeur-de-la-transition-energetique-mondiale\/#primaryimage"},"thumbnailUrl":"https:\/\/lasentinelle.dz\/wp-content\/uploads\/2024\/05\/Hamel.jpeg","datePublished":"2025-05-28T10:48:45+00:00","dateModified":"2025-05-28T10:48:47+00:00","breadcrumb":{"@id":"https:\/\/lasentinelle.dz\/index.php\/2025\/05\/28\/forum-des-pays-exportateurs-de-gaz-le-gaz-naturel-au-coeur-de-la-transition-energetique-mondiale\/#breadcrumb"},"inLanguage":"fr-FR","potentialAction":[{"@type":"ReadAction","target":["https:\/\/lasentinelle.dz\/index.php\/2025\/05\/28\/forum-des-pays-exportateurs-de-gaz-le-gaz-naturel-au-coeur-de-la-transition-energetique-mondiale\/"]}]},{"@type":"ImageObject","inLanguage":"fr-FR","@id":"https:\/\/lasentinelle.dz\/index.php\/2025\/05\/28\/forum-des-pays-exportateurs-de-gaz-le-gaz-naturel-au-coeur-de-la-transition-energetique-mondiale\/#primaryimage","url":"https:\/\/lasentinelle.dz\/wp-content\/uploads\/2024\/05\/Hamel.jpeg","contentUrl":"https:\/\/lasentinelle.dz\/wp-content\/uploads\/2024\/05\/Hamel.jpeg","width":1548,"height":1032,"caption":"JOE AGDEPPA"},{"@type":"BreadcrumbList","@id":"https:\/\/lasentinelle.dz\/index.php\/2025\/05\/28\/forum-des-pays-exportateurs-de-gaz-le-gaz-naturel-au-coeur-de-la-transition-energetique-mondiale\/#breadcrumb","itemListElement":[{"@type":"ListItem","position":1,"name":"Accueil","item":"https:\/\/lasentinelle.dz\/"},{"@type":"ListItem","position":2,"name":"Forum des pays exportateurs de gaz: Le gaz naturel au c\u0153ur de la transition \u00e9nerg\u00e9tique mondiale"}]},{"@type":"WebSite","@id":"https:\/\/lasentinelle.dz\/#website","url":"https:\/\/lasentinelle.dz\/","name":"La Sentinelle","description":"Quotidien national d&#039;information","publisher":{"@id":"https:\/\/lasentinelle.dz\/#organization"},"potentialAction":[{"@type":"SearchAction","target":{"@type":"EntryPoint","urlTemplate":"https:\/\/lasentinelle.dz\/?s={search_term_string}"},"query-input":{"@type":"PropertyValueSpecification","valueRequired":true,"valueName":"search_term_string"}}],"inLanguage":"fr-FR"},{"@type":"Organization","@id":"https:\/\/lasentinelle.dz\/#organization","name":"Quotidien La Sentinelle","url":"https:\/\/lasentinelle.dz\/","logo":{"@type":"ImageObject","inLanguage":"fr-FR","@id":"https:\/\/lasentinelle.dz\/#\/schema\/logo\/image\/","url":"https:\/\/lasentinelle.dz\/wp-content\/uploads\/2021\/09\/logo-sentinelleSLOGAN-1.png","contentUrl":"https:\/\/lasentinelle.dz\/wp-content\/uploads\/2021\/09\/logo-sentinelleSLOGAN-1.png","width":615,"height":142,"caption":"Quotidien La Sentinelle"},"image":{"@id":"https:\/\/lasentinelle.dz\/#\/schema\/logo\/image\/"},"sameAs":["https:\/\/www.facebook.com\/La-Sentinelle-104059864394773"]},{"@type":"Person","@id":"https:\/\/lasentinelle.dz\/#\/schema\/person\/729ee0024f24e0b8c5ec17232f8e8b41","name":"admin","image":{"@type":"ImageObject","inLanguage":"fr-FR","@id":"https:\/\/secure.gravatar.com\/avatar\/4c81fed838786e9b53f540bf46533e750f5d292099ae3b66cfc6fb1982e29df7?s=96&d=mm&r=g","url":"https:\/\/secure.gravatar.com\/avatar\/4c81fed838786e9b53f540bf46533e750f5d292099ae3b66cfc6fb1982e29df7?s=96&d=mm&r=g","contentUrl":"https:\/\/secure.gravatar.com\/avatar\/4c81fed838786e9b53f540bf46533e750f5d292099ae3b66cfc6fb1982e29df7?s=96&d=mm&r=g","caption":"admin"},"description":"admin","url":"https:\/\/lasentinelle.dz\/author\/admin\/"}]}},"_links":{"self":[{"href":"https:\/\/lasentinelle.dz\/index.php\/wp-json\/wp\/v2\/posts\/68078","targetHints":{"allow":["GET"]}}],"collection":[{"href":"https:\/\/lasentinelle.dz\/index.php\/wp-json\/wp\/v2\/posts"}],"about":[{"href":"https:\/\/lasentinelle.dz\/index.php\/wp-json\/wp\/v2\/types\/post"}],"author":[{"embeddable":true,"href":"https:\/\/lasentinelle.dz\/index.php\/wp-json\/wp\/v2\/users\/6"}],"replies":[{"embeddable":true,"href":"https:\/\/lasentinelle.dz\/index.php\/wp-json\/wp\/v2\/comments?post=68078"}],"version-history":[{"count":1,"href":"https:\/\/lasentinelle.dz\/index.php\/wp-json\/wp\/v2\/posts\/68078\/revisions"}],"predecessor-version":[{"id":68079,"href":"https:\/\/lasentinelle.dz\/index.php\/wp-json\/wp\/v2\/posts\/68078\/revisions\/68079"}],"wp:featuredmedia":[{"embeddable":true,"href":"https:\/\/lasentinelle.dz\/index.php\/wp-json\/wp\/v2\/media\/52157"}],"wp:attachment":[{"href":"https:\/\/lasentinelle.dz\/index.php\/wp-json\/wp\/v2\/media?parent=68078"}],"wp:term":[{"taxonomy":"category","embeddable":true,"href":"https:\/\/lasentinelle.dz\/index.php\/wp-json\/wp\/v2\/categories?post=68078"},{"taxonomy":"post_tag","embeddable":true,"href":"https:\/\/lasentinelle.dz\/index.php\/wp-json\/wp\/v2\/tags?post=68078"}],"curies":[{"name":"wp","href":"https:\/\/api.w.org\/{rel}","templated":true}]}}