{"id":68080,"date":"2025-05-28T11:49:33","date_gmt":"2025-05-28T10:49:33","guid":{"rendered":"https:\/\/lasentinelle.dz\/?p=68080"},"modified":"2025-05-28T11:49:34","modified_gmt":"2025-05-28T10:49:34","slug":"opep-vers-une-hausse-de-la-production-en-juillet","status":"publish","type":"post","link":"https:\/\/lasentinelle.dz\/index.php\/2025\/05\/28\/opep-vers-une-hausse-de-la-production-en-juillet\/","title":{"rendered":"Opep +: Vers une hausse de la production en juillet"},"content":{"rendered":"\n<p>L&rsquo;Organisation des pays exportateurs de p\u00e9trole et ses alli\u00e9s se dirigent vers une nouvelle augmentation significative de la production p\u00e9troli\u00e8re pour le mois de juillet, selon trois d\u00e9l\u00e9gu\u00e9s de l&rsquo;Opep+ interrog\u00e9s par Reuters. Cette d\u00e9cision s&rsquo;inscrit dans la strat\u00e9gie progressive de d\u00e9sengagement des restrictions de production mises en place depuis 2022 pour soutenir les cours du brut face \u00e0 la volatilit\u00e9 des march\u00e9s mondiaux.<\/p>\n\n\n\n<p>Le ministre d&rsquo;\u00c9tat , ministre de l&rsquo;\u00c9nergie, des Mines et des \u00c9nergies renouvelables, Mohamed Arkab, participera mercredi par visioconf\u00e9rence aux r\u00e9unions minist\u00e9rielles cruciales de l&rsquo;organisation, notamment \u00e0 la 191e r\u00e9union de la conf\u00e9rence de l&rsquo;Opep ainsi qu&rsquo;aux travaux de la 60e r\u00e9union du Comit\u00e9 minist\u00e9riel conjoint de suivi et de la 39e r\u00e9union minist\u00e9rielle Opep et non-Opep. Ces rencontres permettront aux vingt-deux pays signataires de la D\u00e9claration de coop\u00e9ration d&rsquo;\u00e9valuer le respect des engagements en mati\u00e8re de niveaux de production et d&rsquo;\u00e9changer sur la situation actuelle du march\u00e9 p\u00e9trolier ainsi que sur ses perspectives \u00e0 court terme.<\/p>\n\n\n\n<p>La coalition Opep+, qui regroupe l&rsquo;Organisation des pays exportateurs de p\u00e9trole et ses alli\u00e9s strat\u00e9giques comme la Russie, a mis en \u0153uvre trois niveaux de r\u00e9ductions de production depuis 2022 pour stabiliser le march\u00e9 p\u00e9trolier mondial face aux turbulences \u00e9conomiques et g\u00e9opolitiques. Deux de ces mesures restrictives demeurent en vigueur jusqu&rsquo;\u00e0 la fin de l&rsquo;ann\u00e9e prochaine, t\u00e9moignant de l&rsquo;engagement \u00e0 long terme de l&rsquo;alliance dans la r\u00e9gulation des prix. Huit membres du groupe ont commenc\u00e9 \u00e0 assouplir le niveau le plus r\u00e9cent de ces restrictions d\u00e8s le mois d&rsquo;avril, proc\u00e9dant \u00e0 des augmentations de production plus importantes que pr\u00e9vu pour mai et juin, atteignant 411 000 barils par jour. Cette strat\u00e9gie d&rsquo;augmentation graduelle vise \u00e0 r\u00e9pondre \u00e0 la demande croissante tout en pr\u00e9servant les parts de march\u00e9 des pays producteurs face \u00e0 la concurrence notamment des producteurs de p\u00e9trole de schiste am\u00e9ricains. Les sources consult\u00e9es par Reuters indiquent que les huit membres concern\u00e9s pourraient d\u00e9cider samedi d&rsquo;une hausse similaire de 411 000 barils par jour pour juillet, confirmant la tendance haussi\u00e8re de la production.<\/p>\n\n\n\n<p>L&rsquo;analyste Ole Hvalbye de SEB attribue une forte probabilit\u00e9 \u00e0 cette nouvelle augmentation substantielle de la production, soulignant toutefois que cette hausse potentielle semble d\u00e9j\u00e0 largement int\u00e9gr\u00e9e dans les prix actuels du march\u00e9. Le baril de Brent a chut\u00e9 en avril \u00e0 son plus bas niveau depuis quatre ans, tombant sous la barre des 60 dollars, apr\u00e8s l&rsquo;annonce par l&rsquo;Opep+ de l&rsquo;acc\u00e9l\u00e9ration de ses hausses de production en mai et face aux inqui\u00e9tudes suscit\u00e9es par les politiques tarifaires du pr\u00e9sident am\u00e9ricain Donald Trump qui font craindre un affaiblissement de l&rsquo;\u00e9conomie mondiale. Depuis lors, les prix se sont partiellement redress\u00e9s pour atteindre environ 65 dollars le baril, t\u00e9moignant d&rsquo;une stabilisation relative mais fragile du march\u00e9. Cette volatilit\u00e9 souligne l&rsquo;importance des d\u00e9cisions qui seront prises lors des r\u00e9unions de cette semaine, particuli\u00e8rement celle de samedi qui pourrait d\u00e9terminer l&rsquo;orientation des prix p\u00e9troliers pour les prochains mois. Des sources inform\u00e9es ont r\u00e9v\u00e9l\u00e9 plus t\u00f4t ce mois-ci que les huit pays concern\u00e9s, en plus d&rsquo;une nouvelle hausse de 411 000 barils par jour pour juillet, pourraient envisager de supprimer compl\u00e8tement le reste de leurs restrictions volontaires d&rsquo;ici la fin octobre, marquant ainsi un retour complet \u00e0 leur capacit\u00e9 de production dans le cadre des quotas et des r\u00e9ductions pr\u00e9vues par l&rsquo;alliance. Cette perspective d&rsquo;une normalisation totale de la production d&rsquo;ici l&rsquo;automne t\u00e9moigne de la confiance retrouv\u00e9e de l&rsquo;Opep+ dans la solidit\u00e9 de la demande mondiale et sa capacit\u00e9 \u00e0 absorber cette offre suppl\u00e9mentaire sans provoquer d&rsquo;effondrement des prix, tout en permettant aux pays producteurs de maximiser leurs revenus p\u00e9troliers dans un contexte \u00e9conomique mondial en am\u00e9lioration progressive.<\/p>\n\n\n\n<p>Samira Ghrib<\/p>\n","protected":false},"excerpt":{"rendered":"<p>L&rsquo;Organisation des pays exportateurs de p\u00e9trole et ses alli\u00e9s se dirigent vers une nouvelle augmentation significative de la production p\u00e9troli\u00e8re<\/p>\n","protected":false},"author":6,"featured_media":68081,"comment_status":"open","ping_status":"closed","sticky":false,"template":"","format":"standard","meta":{"colormag_page_container_layout":"default_layout","colormag_page_sidebar_layout":"default_layout","om_disable_all_campaigns":false,"_monsterinsights_skip_tracking":false,"_monsterinsights_sitenote_active":false,"_monsterinsights_sitenote_note":"","_monsterinsights_sitenote_category":0,"footnotes":"","_wpscppro_dont_share_socialmedia":false,"_wpscppro_custom_social_share_image":0,"_facebook_share_type":"default","_twitter_share_type":"default","_linkedin_share_type":"default","_pinterest_share_type":"default","_linkedin_share_type_page":"","_instagram_share_type":"default","_medium_share_type":"default","_threads_share_type":"","_google_business_share_type":"","_selected_social_profile":[],"_wpsp_enable_custom_social_template":false,"_wpsp_social_scheduling":{"enabled":false,"datetime":null,"platforms":[],"status":"template_only","dateOption":"today","timeOption":"now","customDays":"","customHours":"","customDate":"","customTime":"","schedulingType":"absolute"},"_wpsp_active_default_template":true},"categories":[52,29],"tags":[],"class_list":["post-68080","post","type-post","status-publish","format-standard","has-post-thumbnail","hentry","category-a-la-une","category-economie"],"aioseo_notices":[],"yoast_head":"<!-- This site is optimized with the Yoast SEO plugin v27.5 - https:\/\/yoast.com\/product\/yoast-seo-wordpress\/ -->\n<title>Opep +: Vers une hausse de la production en juillet - La Sentinelle<\/title>\n<meta name=\"robots\" content=\"index, follow, max-snippet:-1, max-image-preview:large, max-video-preview:-1\" \/>\n<link rel=\"canonical\" href=\"https:\/\/lasentinelle.dz\/index.php\/2025\/05\/28\/opep-vers-une-hausse-de-la-production-en-juillet\/\" \/>\n<meta property=\"og:locale\" content=\"fr_FR\" \/>\n<meta property=\"og:type\" content=\"article\" \/>\n<meta property=\"og:title\" content=\"Opep +: Vers une hausse de la production en juillet - La Sentinelle\" \/>\n<meta property=\"og:description\" content=\"L&rsquo;Organisation des pays exportateurs de p\u00e9trole et ses alli\u00e9s se dirigent vers une nouvelle augmentation significative de la production p\u00e9troli\u00e8re\" \/>\n<meta property=\"og:url\" content=\"https:\/\/lasentinelle.dz\/index.php\/2025\/05\/28\/opep-vers-une-hausse-de-la-production-en-juillet\/\" \/>\n<meta property=\"og:site_name\" content=\"La Sentinelle\" \/>\n<meta property=\"article:publisher\" content=\"https:\/\/www.facebook.com\/La-Sentinelle-104059864394773\" \/>\n<meta property=\"article:published_time\" content=\"2025-05-28T10:49:33+00:00\" \/>\n<meta property=\"article:modified_time\" content=\"2025-05-28T10:49:34+00:00\" \/>\n<meta property=\"og:image\" content=\"https:\/\/lasentinelle.dz\/wp-content\/uploads\/2025\/05\/Opep-1.jpeg\" \/>\n\t<meta property=\"og:image:width\" content=\"620\" \/>\n\t<meta property=\"og:image:height\" content=\"413\" \/>\n\t<meta property=\"og:image:type\" content=\"image\/jpeg\" \/>\n<meta name=\"author\" content=\"admin\" \/>\n<meta name=\"twitter:card\" content=\"summary_large_image\" \/>\n<meta name=\"twitter:label1\" content=\"\u00c9crit par\" \/>\n\t<meta name=\"twitter:data1\" content=\"admin\" \/>\n\t<meta name=\"twitter:label2\" content=\"Dur\u00e9e de lecture estim\u00e9e\" \/>\n\t<meta name=\"twitter:data2\" content=\"4 minutes\" \/>\n<script type=\"application\/ld+json\" class=\"yoast-schema-graph\">{\"@context\":\"https:\\\/\\\/schema.org\",\"@graph\":[{\"@type\":\"Article\",\"@id\":\"https:\\\/\\\/lasentinelle.dz\\\/index.php\\\/2025\\\/05\\\/28\\\/opep-vers-une-hausse-de-la-production-en-juillet\\\/#article\",\"isPartOf\":{\"@id\":\"https:\\\/\\\/lasentinelle.dz\\\/index.php\\\/2025\\\/05\\\/28\\\/opep-vers-une-hausse-de-la-production-en-juillet\\\/\"},\"author\":{\"name\":\"admin\",\"@id\":\"https:\\\/\\\/lasentinelle.dz\\\/#\\\/schema\\\/person\\\/729ee0024f24e0b8c5ec17232f8e8b41\"},\"headline\":\"Opep +: Vers une hausse de la production en juillet\",\"datePublished\":\"2025-05-28T10:49:33+00:00\",\"dateModified\":\"2025-05-28T10:49:34+00:00\",\"mainEntityOfPage\":{\"@id\":\"https:\\\/\\\/lasentinelle.dz\\\/index.php\\\/2025\\\/05\\\/28\\\/opep-vers-une-hausse-de-la-production-en-juillet\\\/\"},\"wordCount\":695,\"commentCount\":0,\"publisher\":{\"@id\":\"https:\\\/\\\/lasentinelle.dz\\\/#organization\"},\"image\":{\"@id\":\"https:\\\/\\\/lasentinelle.dz\\\/index.php\\\/2025\\\/05\\\/28\\\/opep-vers-une-hausse-de-la-production-en-juillet\\\/#primaryimage\"},\"thumbnailUrl\":\"https:\\\/\\\/lasentinelle.dz\\\/wp-content\\\/uploads\\\/2025\\\/05\\\/Opep-1.jpeg\",\"articleSection\":[\"\u00c0 la Une\",\"\u00c9conomie\"],\"inLanguage\":\"fr-FR\",\"potentialAction\":[{\"@type\":\"CommentAction\",\"name\":\"Comment\",\"target\":[\"https:\\\/\\\/lasentinelle.dz\\\/index.php\\\/2025\\\/05\\\/28\\\/opep-vers-une-hausse-de-la-production-en-juillet\\\/#respond\"]}]},{\"@type\":\"WebPage\",\"@id\":\"https:\\\/\\\/lasentinelle.dz\\\/index.php\\\/2025\\\/05\\\/28\\\/opep-vers-une-hausse-de-la-production-en-juillet\\\/\",\"url\":\"https:\\\/\\\/lasentinelle.dz\\\/index.php\\\/2025\\\/05\\\/28\\\/opep-vers-une-hausse-de-la-production-en-juillet\\\/\",\"name\":\"Opep +: Vers une hausse de la production en juillet - La Sentinelle\",\"isPartOf\":{\"@id\":\"https:\\\/\\\/lasentinelle.dz\\\/#website\"},\"primaryImageOfPage\":{\"@id\":\"https:\\\/\\\/lasentinelle.dz\\\/index.php\\\/2025\\\/05\\\/28\\\/opep-vers-une-hausse-de-la-production-en-juillet\\\/#primaryimage\"},\"image\":{\"@id\":\"https:\\\/\\\/lasentinelle.dz\\\/index.php\\\/2025\\\/05\\\/28\\\/opep-vers-une-hausse-de-la-production-en-juillet\\\/#primaryimage\"},\"thumbnailUrl\":\"https:\\\/\\\/lasentinelle.dz\\\/wp-content\\\/uploads\\\/2025\\\/05\\\/Opep-1.jpeg\",\"datePublished\":\"2025-05-28T10:49:33+00:00\",\"dateModified\":\"2025-05-28T10:49:34+00:00\",\"breadcrumb\":{\"@id\":\"https:\\\/\\\/lasentinelle.dz\\\/index.php\\\/2025\\\/05\\\/28\\\/opep-vers-une-hausse-de-la-production-en-juillet\\\/#breadcrumb\"},\"inLanguage\":\"fr-FR\",\"potentialAction\":[{\"@type\":\"ReadAction\",\"target\":[\"https:\\\/\\\/lasentinelle.dz\\\/index.php\\\/2025\\\/05\\\/28\\\/opep-vers-une-hausse-de-la-production-en-juillet\\\/\"]}]},{\"@type\":\"ImageObject\",\"inLanguage\":\"fr-FR\",\"@id\":\"https:\\\/\\\/lasentinelle.dz\\\/index.php\\\/2025\\\/05\\\/28\\\/opep-vers-une-hausse-de-la-production-en-juillet\\\/#primaryimage\",\"url\":\"https:\\\/\\\/lasentinelle.dz\\\/wp-content\\\/uploads\\\/2025\\\/05\\\/Opep-1.jpeg\",\"contentUrl\":\"https:\\\/\\\/lasentinelle.dz\\\/wp-content\\\/uploads\\\/2025\\\/05\\\/Opep-1.jpeg\",\"width\":620,\"height\":413},{\"@type\":\"BreadcrumbList\",\"@id\":\"https:\\\/\\\/lasentinelle.dz\\\/index.php\\\/2025\\\/05\\\/28\\\/opep-vers-une-hausse-de-la-production-en-juillet\\\/#breadcrumb\",\"itemListElement\":[{\"@type\":\"ListItem\",\"position\":1,\"name\":\"Accueil\",\"item\":\"https:\\\/\\\/lasentinelle.dz\\\/\"},{\"@type\":\"ListItem\",\"position\":2,\"name\":\"Opep +: Vers une hausse de la production en juillet\"}]},{\"@type\":\"WebSite\",\"@id\":\"https:\\\/\\\/lasentinelle.dz\\\/#website\",\"url\":\"https:\\\/\\\/lasentinelle.dz\\\/\",\"name\":\"La Sentinelle\",\"description\":\"Quotidien national d&#039;information\",\"publisher\":{\"@id\":\"https:\\\/\\\/lasentinelle.dz\\\/#organization\"},\"potentialAction\":[{\"@type\":\"SearchAction\",\"target\":{\"@type\":\"EntryPoint\",\"urlTemplate\":\"https:\\\/\\\/lasentinelle.dz\\\/?s={search_term_string}\"},\"query-input\":{\"@type\":\"PropertyValueSpecification\",\"valueRequired\":true,\"valueName\":\"search_term_string\"}}],\"inLanguage\":\"fr-FR\"},{\"@type\":\"Organization\",\"@id\":\"https:\\\/\\\/lasentinelle.dz\\\/#organization\",\"name\":\"Quotidien La Sentinelle\",\"url\":\"https:\\\/\\\/lasentinelle.dz\\\/\",\"logo\":{\"@type\":\"ImageObject\",\"inLanguage\":\"fr-FR\",\"@id\":\"https:\\\/\\\/lasentinelle.dz\\\/#\\\/schema\\\/logo\\\/image\\\/\",\"url\":\"https:\\\/\\\/lasentinelle.dz\\\/wp-content\\\/uploads\\\/2021\\\/09\\\/logo-sentinelleSLOGAN-1.png\",\"contentUrl\":\"https:\\\/\\\/lasentinelle.dz\\\/wp-content\\\/uploads\\\/2021\\\/09\\\/logo-sentinelleSLOGAN-1.png\",\"width\":615,\"height\":142,\"caption\":\"Quotidien La Sentinelle\"},\"image\":{\"@id\":\"https:\\\/\\\/lasentinelle.dz\\\/#\\\/schema\\\/logo\\\/image\\\/\"},\"sameAs\":[\"https:\\\/\\\/www.facebook.com\\\/La-Sentinelle-104059864394773\"]},{\"@type\":\"Person\",\"@id\":\"https:\\\/\\\/lasentinelle.dz\\\/#\\\/schema\\\/person\\\/729ee0024f24e0b8c5ec17232f8e8b41\",\"name\":\"admin\",\"image\":{\"@type\":\"ImageObject\",\"inLanguage\":\"fr-FR\",\"@id\":\"https:\\\/\\\/secure.gravatar.com\\\/avatar\\\/4c81fed838786e9b53f540bf46533e750f5d292099ae3b66cfc6fb1982e29df7?s=96&d=mm&r=g\",\"url\":\"https:\\\/\\\/secure.gravatar.com\\\/avatar\\\/4c81fed838786e9b53f540bf46533e750f5d292099ae3b66cfc6fb1982e29df7?s=96&d=mm&r=g\",\"contentUrl\":\"https:\\\/\\\/secure.gravatar.com\\\/avatar\\\/4c81fed838786e9b53f540bf46533e750f5d292099ae3b66cfc6fb1982e29df7?s=96&d=mm&r=g\",\"caption\":\"admin\"},\"description\":\"admin\",\"url\":\"https:\\\/\\\/lasentinelle.dz\\\/author\\\/admin\\\/\"}]}<\/script>\n<!-- \/ Yoast SEO plugin. -->","yoast_head_json":{"title":"Opep +: Vers une hausse de la production en juillet - La Sentinelle","robots":{"index":"index","follow":"follow","max-snippet":"max-snippet:-1","max-image-preview":"max-image-preview:large","max-video-preview":"max-video-preview:-1"},"canonical":"https:\/\/lasentinelle.dz\/index.php\/2025\/05\/28\/opep-vers-une-hausse-de-la-production-en-juillet\/","og_locale":"fr_FR","og_type":"article","og_title":"Opep +: Vers une hausse de la production en juillet - La Sentinelle","og_description":"L&rsquo;Organisation des pays exportateurs de p\u00e9trole et ses alli\u00e9s se dirigent vers une nouvelle augmentation significative de la production p\u00e9troli\u00e8re","og_url":"https:\/\/lasentinelle.dz\/index.php\/2025\/05\/28\/opep-vers-une-hausse-de-la-production-en-juillet\/","og_site_name":"La Sentinelle","article_publisher":"https:\/\/www.facebook.com\/La-Sentinelle-104059864394773","article_published_time":"2025-05-28T10:49:33+00:00","article_modified_time":"2025-05-28T10:49:34+00:00","og_image":[{"width":620,"height":413,"url":"https:\/\/lasentinelle.dz\/wp-content\/uploads\/2025\/05\/Opep-1.jpeg","type":"image\/jpeg"}],"author":"admin","twitter_card":"summary_large_image","twitter_misc":{"\u00c9crit par":"admin","Dur\u00e9e de lecture estim\u00e9e":"4 minutes"},"schema":{"@context":"https:\/\/schema.org","@graph":[{"@type":"Article","@id":"https:\/\/lasentinelle.dz\/index.php\/2025\/05\/28\/opep-vers-une-hausse-de-la-production-en-juillet\/#article","isPartOf":{"@id":"https:\/\/lasentinelle.dz\/index.php\/2025\/05\/28\/opep-vers-une-hausse-de-la-production-en-juillet\/"},"author":{"name":"admin","@id":"https:\/\/lasentinelle.dz\/#\/schema\/person\/729ee0024f24e0b8c5ec17232f8e8b41"},"headline":"Opep +: Vers une hausse de la production en juillet","datePublished":"2025-05-28T10:49:33+00:00","dateModified":"2025-05-28T10:49:34+00:00","mainEntityOfPage":{"@id":"https:\/\/lasentinelle.dz\/index.php\/2025\/05\/28\/opep-vers-une-hausse-de-la-production-en-juillet\/"},"wordCount":695,"commentCount":0,"publisher":{"@id":"https:\/\/lasentinelle.dz\/#organization"},"image":{"@id":"https:\/\/lasentinelle.dz\/index.php\/2025\/05\/28\/opep-vers-une-hausse-de-la-production-en-juillet\/#primaryimage"},"thumbnailUrl":"https:\/\/lasentinelle.dz\/wp-content\/uploads\/2025\/05\/Opep-1.jpeg","articleSection":["\u00c0 la Une","\u00c9conomie"],"inLanguage":"fr-FR","potentialAction":[{"@type":"CommentAction","name":"Comment","target":["https:\/\/lasentinelle.dz\/index.php\/2025\/05\/28\/opep-vers-une-hausse-de-la-production-en-juillet\/#respond"]}]},{"@type":"WebPage","@id":"https:\/\/lasentinelle.dz\/index.php\/2025\/05\/28\/opep-vers-une-hausse-de-la-production-en-juillet\/","url":"https:\/\/lasentinelle.dz\/index.php\/2025\/05\/28\/opep-vers-une-hausse-de-la-production-en-juillet\/","name":"Opep +: Vers une hausse de la production en juillet - La Sentinelle","isPartOf":{"@id":"https:\/\/lasentinelle.dz\/#website"},"primaryImageOfPage":{"@id":"https:\/\/lasentinelle.dz\/index.php\/2025\/05\/28\/opep-vers-une-hausse-de-la-production-en-juillet\/#primaryimage"},"image":{"@id":"https:\/\/lasentinelle.dz\/index.php\/2025\/05\/28\/opep-vers-une-hausse-de-la-production-en-juillet\/#primaryimage"},"thumbnailUrl":"https:\/\/lasentinelle.dz\/wp-content\/uploads\/2025\/05\/Opep-1.jpeg","datePublished":"2025-05-28T10:49:33+00:00","dateModified":"2025-05-28T10:49:34+00:00","breadcrumb":{"@id":"https:\/\/lasentinelle.dz\/index.php\/2025\/05\/28\/opep-vers-une-hausse-de-la-production-en-juillet\/#breadcrumb"},"inLanguage":"fr-FR","potentialAction":[{"@type":"ReadAction","target":["https:\/\/lasentinelle.dz\/index.php\/2025\/05\/28\/opep-vers-une-hausse-de-la-production-en-juillet\/"]}]},{"@type":"ImageObject","inLanguage":"fr-FR","@id":"https:\/\/lasentinelle.dz\/index.php\/2025\/05\/28\/opep-vers-une-hausse-de-la-production-en-juillet\/#primaryimage","url":"https:\/\/lasentinelle.dz\/wp-content\/uploads\/2025\/05\/Opep-1.jpeg","contentUrl":"https:\/\/lasentinelle.dz\/wp-content\/uploads\/2025\/05\/Opep-1.jpeg","width":620,"height":413},{"@type":"BreadcrumbList","@id":"https:\/\/lasentinelle.dz\/index.php\/2025\/05\/28\/opep-vers-une-hausse-de-la-production-en-juillet\/#breadcrumb","itemListElement":[{"@type":"ListItem","position":1,"name":"Accueil","item":"https:\/\/lasentinelle.dz\/"},{"@type":"ListItem","position":2,"name":"Opep +: Vers une hausse de la production en juillet"}]},{"@type":"WebSite","@id":"https:\/\/lasentinelle.dz\/#website","url":"https:\/\/lasentinelle.dz\/","name":"La Sentinelle","description":"Quotidien national d&#039;information","publisher":{"@id":"https:\/\/lasentinelle.dz\/#organization"},"potentialAction":[{"@type":"SearchAction","target":{"@type":"EntryPoint","urlTemplate":"https:\/\/lasentinelle.dz\/?s={search_term_string}"},"query-input":{"@type":"PropertyValueSpecification","valueRequired":true,"valueName":"search_term_string"}}],"inLanguage":"fr-FR"},{"@type":"Organization","@id":"https:\/\/lasentinelle.dz\/#organization","name":"Quotidien La Sentinelle","url":"https:\/\/lasentinelle.dz\/","logo":{"@type":"ImageObject","inLanguage":"fr-FR","@id":"https:\/\/lasentinelle.dz\/#\/schema\/logo\/image\/","url":"https:\/\/lasentinelle.dz\/wp-content\/uploads\/2021\/09\/logo-sentinelleSLOGAN-1.png","contentUrl":"https:\/\/lasentinelle.dz\/wp-content\/uploads\/2021\/09\/logo-sentinelleSLOGAN-1.png","width":615,"height":142,"caption":"Quotidien La Sentinelle"},"image":{"@id":"https:\/\/lasentinelle.dz\/#\/schema\/logo\/image\/"},"sameAs":["https:\/\/www.facebook.com\/La-Sentinelle-104059864394773"]},{"@type":"Person","@id":"https:\/\/lasentinelle.dz\/#\/schema\/person\/729ee0024f24e0b8c5ec17232f8e8b41","name":"admin","image":{"@type":"ImageObject","inLanguage":"fr-FR","@id":"https:\/\/secure.gravatar.com\/avatar\/4c81fed838786e9b53f540bf46533e750f5d292099ae3b66cfc6fb1982e29df7?s=96&d=mm&r=g","url":"https:\/\/secure.gravatar.com\/avatar\/4c81fed838786e9b53f540bf46533e750f5d292099ae3b66cfc6fb1982e29df7?s=96&d=mm&r=g","contentUrl":"https:\/\/secure.gravatar.com\/avatar\/4c81fed838786e9b53f540bf46533e750f5d292099ae3b66cfc6fb1982e29df7?s=96&d=mm&r=g","caption":"admin"},"description":"admin","url":"https:\/\/lasentinelle.dz\/author\/admin\/"}]}},"_links":{"self":[{"href":"https:\/\/lasentinelle.dz\/index.php\/wp-json\/wp\/v2\/posts\/68080","targetHints":{"allow":["GET"]}}],"collection":[{"href":"https:\/\/lasentinelle.dz\/index.php\/wp-json\/wp\/v2\/posts"}],"about":[{"href":"https:\/\/lasentinelle.dz\/index.php\/wp-json\/wp\/v2\/types\/post"}],"author":[{"embeddable":true,"href":"https:\/\/lasentinelle.dz\/index.php\/wp-json\/wp\/v2\/users\/6"}],"replies":[{"embeddable":true,"href":"https:\/\/lasentinelle.dz\/index.php\/wp-json\/wp\/v2\/comments?post=68080"}],"version-history":[{"count":1,"href":"https:\/\/lasentinelle.dz\/index.php\/wp-json\/wp\/v2\/posts\/68080\/revisions"}],"predecessor-version":[{"id":68082,"href":"https:\/\/lasentinelle.dz\/index.php\/wp-json\/wp\/v2\/posts\/68080\/revisions\/68082"}],"wp:featuredmedia":[{"embeddable":true,"href":"https:\/\/lasentinelle.dz\/index.php\/wp-json\/wp\/v2\/media\/68081"}],"wp:attachment":[{"href":"https:\/\/lasentinelle.dz\/index.php\/wp-json\/wp\/v2\/media?parent=68080"}],"wp:term":[{"taxonomy":"category","embeddable":true,"href":"https:\/\/lasentinelle.dz\/index.php\/wp-json\/wp\/v2\/categories?post=68080"},{"taxonomy":"post_tag","embeddable":true,"href":"https:\/\/lasentinelle.dz\/index.php\/wp-json\/wp\/v2\/tags?post=68080"}],"curies":[{"name":"wp","href":"https:\/\/api.w.org\/{rel}","templated":true}]}}