{"id":68090,"date":"2025-05-28T11:54:46","date_gmt":"2025-05-28T10:54:46","guid":{"rendered":"https:\/\/lasentinelle.dz\/?p=68090"},"modified":"2025-05-28T11:54:47","modified_gmt":"2025-05-28T10:54:47","slug":"projet-de-la-loi-sur-la-reduction-de-lage-de-la-retraite-des-enseignant-bentaleb-reaffirme-lengagement-social-de-letat","status":"publish","type":"post","link":"https:\/\/lasentinelle.dz\/index.php\/2025\/05\/28\/projet-de-la-loi-sur-la-reduction-de-lage-de-la-retraite-des-enseignant-bentaleb-reaffirme-lengagement-social-de-letat\/","title":{"rendered":"Projet de la loi sur la r\u00e9duction de l&rsquo;\u00e2ge de la retraite des enseignant : Bentaleb r\u00e9affirme l&rsquo;engagement social de l&rsquo;\u00c9tat"},"content":{"rendered":"\n<p>L&rsquo;Assembl\u00e9e populaire nationale alg\u00e9rienne examine actuellement un projet de loi sur la r\u00e9duction de l&rsquo;\u00e2ge de la retraite des enseignants. Cette r\u00e9forme, qui s&rsquo;inscrit dans une d\u00e9marche gouvernementale plus large de renforcement des politiques sociales, t\u00e9moigne d&rsquo;une reconnaissance in\u00e9dite du r\u00f4le crucial jou\u00e9 par les enseignants dans la soci\u00e9t\u00e9.<\/p>\n\n\n\n<p>Le ministre du Travail, de l&rsquo;Emploi et de la S\u00e9curit\u00e9 sociale, Fay\u00e7al Bentaleb, a d\u00e9fendu ce texte l\u00e9gislatif avec conviction lors des d\u00e9bats parlementaires. \u00ab\u00a0Ce projet de loi s&rsquo;inscrit dans le cadre de l&rsquo;engagement de l&rsquo;\u00c9tat alg\u00e9rien \u00e0 consacrer le caract\u00e8re social dans ses politiques publiques\u00a0\u00bb, a-t-il d\u00e9clar\u00e9, soulignant que cette mesure constitue \u00ab\u00a0un accomplissement de ses engagements envers la cat\u00e9gorie des enseignants et professeurs\u00a0\u00bb. Cette initiative d\u00e9coule directement d&rsquo;une d\u00e9cision pr\u00e9sidentielle d&rsquo;Abdelmadjid Tebboune, qui a souhait\u00e9 \u00ab\u00a0r\u00e9duire l&rsquo;\u00e2ge de la retraite de trois ans au profit des enseignants et professeurs du secteur de l&rsquo;\u00e9ducation, en reconnaissance de leurs services \u00e9minents rendus aux g\u00e9n\u00e9rations et \u00e0 la patrie\u00a0\u00bb.<\/p>\n\n\n\n<p>La port\u00e9e de cette r\u00e9forme d\u00e9passe largement un simple ajustement administratif. Elle autorise une retraite anticip\u00e9e optionnelle qui permettra aux hommes de quitter leurs fonctions \u00e0 57 ans au lieu de 60, et aux femmes d\u00e8s 52 ans contre 55 pr\u00e9c\u00e9demment. Cette flexibilit\u00e9 nouvelle concernera l&rsquo;ensemble du personnel \u00e9ducatif, incluant non seulement les enseignants de base, mais \u00e9galement \u00ab\u00a0les corps d&rsquo;inspection, les surveillants et les directeurs d&rsquo;\u00e9tablissements \u00e9ducatifs\u00a0\u00bb, selon les pr\u00e9cisions apport\u00e9es par l&rsquo;article 12 du statut particulier des fonctionnaires de l&rsquo;\u00c9ducation nationale.<\/p>\n\n\n\n<p>L&rsquo;aspect technique n&rsquo;a pas \u00e9t\u00e9 n\u00e9glig\u00e9 dans cette d\u00e9marche. Le ministre a rassur\u00e9 les parlementaires en annon\u00e7ant que \u00ab\u00a0les textes d&rsquo;application seront pr\u00eats d\u00e8s l&rsquo;adoption du projet et sa publication au Journal officiel, en tenant compte de tous les aspects organisationnels et proc\u00e9duraux pour \u00e9viter tout dysfonctionnement dans le d\u00e9roulement du processus \u00e9ducatif et garantir la continuit\u00e9 de la performance p\u00e9dagogique en douceur\u00a0\u00bb.<\/p>\n\n\n\n<p>Au-del\u00e0 de cette mesure sp\u00e9cifique, Fay\u00e7al Bentaleb a replac\u00e9 cette r\u00e9forme dans un contexte plus large de transformation sociale. \u00ab\u00a0Ce projet de loi repr\u00e9sente une partie d&rsquo;une vision globale de r\u00e9forme du syst\u00e8me de s\u00e9curit\u00e9 sociale en Alg\u00e9rie, bas\u00e9e sur les principes d&rsquo;unification, de r\u00e9partition et de solidarit\u00e9 entre les g\u00e9n\u00e9rations\u00a0\u00bb, a-t-il expliqu\u00e9, rappelant que ce syst\u00e8me \u00ab\u00a0adopt\u00e9 par l&rsquo;Alg\u00e9rie a prouv\u00e9 son efficacit\u00e9 au fil des ann\u00e9es\u00a0\u00bb. L&rsquo;engagement social de l&rsquo;\u00c9tat alg\u00e9rien se manifeste \u00e9galement par d&rsquo;autres initiatives r\u00e9centes. Malgr\u00e9 \u00ab\u00a0les d\u00e9fis \u00e9conomiques mondiaux\u00a0\u00bb, le pays \u00ab\u00a0a continu\u00e9 \u00e0 renforcer sa politique sociale \u00e0 travers des d\u00e9cisions historiques comme l&rsquo;augmentation des salaires, la valorisation des bourses, et l&rsquo;\u00e9largissement du dispositif d&rsquo;allocation ch\u00f4mage\u00a0\u00bb, selon le ministre. Ce dernier m\u00e9canisme s&rsquo;est transform\u00e9 en \u00ab\u00a0un dispositif global d&rsquo;int\u00e9gration de plus de deux millions de jeunes sur le march\u00e9 du travail et de formation de 600 000 b\u00e9n\u00e9ficiaires pour les qualifier et les accompagner vers l&#8217;emploi ou la cr\u00e9ation de micro-entreprises\u00a0\u00bb. Cette dynamique s&rsquo;accompagne d&rsquo;un environnement favorable \u00e0 l&rsquo;entrepreneuriat. \u00ab\u00a0Le climat d&rsquo;investissement et le cadre juridique en Alg\u00e9rie sont parfaitement adapt\u00e9s pour cr\u00e9er des start-ups et soutenir les initiatives des jeunes\u00a0\u00bb, a soulign\u00e9 Fay\u00e7al Bentaleb, citant \u00ab\u00a0des succ\u00e8s r\u00e9els d&rsquo;entrepreneurs jeunes qui sont partis d&rsquo;un soutien simple et ont r\u00e9alis\u00e9 des chiffres d&rsquo;affaires importants, ce qui prouve que la jeunesse alg\u00e9rienne jouit de l&rsquo;intelligence et de la capacit\u00e9 \u00e0 r\u00e9ussir dans la cr\u00e9ation de richesse\u00a0\u00bb.<\/p>\n\n\n\n<p>En conclusion de son intervention, le ministre a rappel\u00e9 que \u00ab\u00a0la dimension sociale de l&rsquo;\u00c9tat alg\u00e9rien, ancr\u00e9e dans l&rsquo;histoire, constitue une source de fiert\u00e9 et d&rsquo;orgueil par ses r\u00e9alisations dans ce domaine, o\u00f9 elle a pr\u00e9serv\u00e9 la dignit\u00e9 du citoyen et a march\u00e9 d&rsquo;un pas ferme vers l&rsquo;ancrage de la bonne gouvernance dans les domaines du travail et de la protection sociale\u00a0\u00bb.<\/p>\n\n\n\n<p>Chokri Hafed<\/p>\n","protected":false},"excerpt":{"rendered":"<p>L&rsquo;Assembl\u00e9e populaire nationale alg\u00e9rienne examine actuellement un projet de loi sur la r\u00e9duction de l&rsquo;\u00e2ge de la retraite des enseignants.<\/p>\n","protected":false},"author":6,"featured_media":68091,"comment_status":"open","ping_status":"closed","sticky":false,"template":"","format":"standard","meta":{"colormag_page_container_layout":"default_layout","colormag_page_sidebar_layout":"default_layout","om_disable_all_campaigns":false,"_monsterinsights_skip_tracking":false,"_monsterinsights_sitenote_active":false,"_monsterinsights_sitenote_note":"","_monsterinsights_sitenote_category":0,"footnotes":"","_wpscppro_dont_share_socialmedia":false,"_wpscppro_custom_social_share_image":0,"_facebook_share_type":"default","_twitter_share_type":"default","_linkedin_share_type":"default","_pinterest_share_type":"default","_linkedin_share_type_page":"","_instagram_share_type":"default","_medium_share_type":"default","_threads_share_type":"","_google_business_share_type":"","_selected_social_profile":[],"_wpsp_enable_custom_social_template":false,"_wpsp_social_scheduling":{"enabled":false,"datetime":null,"platforms":[],"status":"template_only","dateOption":"today","timeOption":"now","customDays":"","customHours":"","customDate":"","customTime":"","schedulingType":"absolute"},"_wpsp_active_default_template":true},"categories":[27],"tags":[],"class_list":["post-68090","post","type-post","status-publish","format-standard","has-post-thumbnail","hentry","category-actualite"],"aioseo_notices":[],"yoast_head":"<!-- This site is optimized with the Yoast SEO plugin v27.5 - https:\/\/yoast.com\/product\/yoast-seo-wordpress\/ -->\n<title>Projet de la loi sur la r\u00e9duction de l&rsquo;\u00e2ge de la retraite des enseignant : Bentaleb r\u00e9affirme l&rsquo;engagement social de l&rsquo;\u00c9tat - La Sentinelle<\/title>\n<meta name=\"robots\" content=\"index, follow, max-snippet:-1, max-image-preview:large, max-video-preview:-1\" \/>\n<link rel=\"canonical\" href=\"https:\/\/lasentinelle.dz\/index.php\/2025\/05\/28\/projet-de-la-loi-sur-la-reduction-de-lage-de-la-retraite-des-enseignant-bentaleb-reaffirme-lengagement-social-de-letat\/\" \/>\n<meta property=\"og:locale\" content=\"fr_FR\" \/>\n<meta property=\"og:type\" content=\"article\" \/>\n<meta property=\"og:title\" content=\"Projet de la loi sur la r\u00e9duction de l&rsquo;\u00e2ge de la retraite des enseignant : Bentaleb r\u00e9affirme l&rsquo;engagement social de l&rsquo;\u00c9tat - La Sentinelle\" \/>\n<meta property=\"og:description\" content=\"L&rsquo;Assembl\u00e9e populaire nationale alg\u00e9rienne examine actuellement un projet de loi sur la r\u00e9duction de l&rsquo;\u00e2ge de la retraite des enseignants.\" \/>\n<meta property=\"og:url\" content=\"https:\/\/lasentinelle.dz\/index.php\/2025\/05\/28\/projet-de-la-loi-sur-la-reduction-de-lage-de-la-retraite-des-enseignant-bentaleb-reaffirme-lengagement-social-de-letat\/\" \/>\n<meta property=\"og:site_name\" content=\"La Sentinelle\" \/>\n<meta property=\"article:publisher\" content=\"https:\/\/www.facebook.com\/La-Sentinelle-104059864394773\" \/>\n<meta property=\"article:published_time\" content=\"2025-05-28T10:54:46+00:00\" \/>\n<meta property=\"article:modified_time\" content=\"2025-05-28T10:54:47+00:00\" \/>\n<meta property=\"og:image\" content=\"https:\/\/lasentinelle.dz\/wp-content\/uploads\/2025\/05\/bentaleb.jpg\" \/>\n\t<meta property=\"og:image:width\" content=\"1348\" \/>\n\t<meta property=\"og:image:height\" content=\"900\" \/>\n\t<meta property=\"og:image:type\" content=\"image\/jpeg\" \/>\n<meta name=\"author\" content=\"admin\" \/>\n<meta name=\"twitter:card\" content=\"summary_large_image\" \/>\n<meta name=\"twitter:label1\" content=\"\u00c9crit par\" \/>\n\t<meta name=\"twitter:data1\" content=\"admin\" \/>\n\t<meta name=\"twitter:label2\" content=\"Dur\u00e9e de lecture estim\u00e9e\" \/>\n\t<meta name=\"twitter:data2\" content=\"4 minutes\" \/>\n<script type=\"application\/ld+json\" class=\"yoast-schema-graph\">{\"@context\":\"https:\\\/\\\/schema.org\",\"@graph\":[{\"@type\":\"Article\",\"@id\":\"https:\\\/\\\/lasentinelle.dz\\\/index.php\\\/2025\\\/05\\\/28\\\/projet-de-la-loi-sur-la-reduction-de-lage-de-la-retraite-des-enseignant-bentaleb-reaffirme-lengagement-social-de-letat\\\/#article\",\"isPartOf\":{\"@id\":\"https:\\\/\\\/lasentinelle.dz\\\/index.php\\\/2025\\\/05\\\/28\\\/projet-de-la-loi-sur-la-reduction-de-lage-de-la-retraite-des-enseignant-bentaleb-reaffirme-lengagement-social-de-letat\\\/\"},\"author\":{\"name\":\"admin\",\"@id\":\"https:\\\/\\\/lasentinelle.dz\\\/#\\\/schema\\\/person\\\/729ee0024f24e0b8c5ec17232f8e8b41\"},\"headline\":\"Projet de la loi sur la r\u00e9duction de l&rsquo;\u00e2ge de la retraite des enseignant : Bentaleb r\u00e9affirme l&rsquo;engagement social de l&rsquo;\u00c9tat\",\"datePublished\":\"2025-05-28T10:54:46+00:00\",\"dateModified\":\"2025-05-28T10:54:47+00:00\",\"mainEntityOfPage\":{\"@id\":\"https:\\\/\\\/lasentinelle.dz\\\/index.php\\\/2025\\\/05\\\/28\\\/projet-de-la-loi-sur-la-reduction-de-lage-de-la-retraite-des-enseignant-bentaleb-reaffirme-lengagement-social-de-letat\\\/\"},\"wordCount\":739,\"commentCount\":0,\"publisher\":{\"@id\":\"https:\\\/\\\/lasentinelle.dz\\\/#organization\"},\"image\":{\"@id\":\"https:\\\/\\\/lasentinelle.dz\\\/index.php\\\/2025\\\/05\\\/28\\\/projet-de-la-loi-sur-la-reduction-de-lage-de-la-retraite-des-enseignant-bentaleb-reaffirme-lengagement-social-de-letat\\\/#primaryimage\"},\"thumbnailUrl\":\"https:\\\/\\\/lasentinelle.dz\\\/wp-content\\\/uploads\\\/2025\\\/05\\\/bentaleb.jpg\",\"articleSection\":[\"Actualit\u00e9\"],\"inLanguage\":\"fr-FR\",\"potentialAction\":[{\"@type\":\"CommentAction\",\"name\":\"Comment\",\"target\":[\"https:\\\/\\\/lasentinelle.dz\\\/index.php\\\/2025\\\/05\\\/28\\\/projet-de-la-loi-sur-la-reduction-de-lage-de-la-retraite-des-enseignant-bentaleb-reaffirme-lengagement-social-de-letat\\\/#respond\"]}]},{\"@type\":\"WebPage\",\"@id\":\"https:\\\/\\\/lasentinelle.dz\\\/index.php\\\/2025\\\/05\\\/28\\\/projet-de-la-loi-sur-la-reduction-de-lage-de-la-retraite-des-enseignant-bentaleb-reaffirme-lengagement-social-de-letat\\\/\",\"url\":\"https:\\\/\\\/lasentinelle.dz\\\/index.php\\\/2025\\\/05\\\/28\\\/projet-de-la-loi-sur-la-reduction-de-lage-de-la-retraite-des-enseignant-bentaleb-reaffirme-lengagement-social-de-letat\\\/\",\"name\":\"Projet de la loi sur la r\u00e9duction de l&rsquo;\u00e2ge de la retraite des enseignant : Bentaleb r\u00e9affirme l&rsquo;engagement social de l&rsquo;\u00c9tat - La Sentinelle\",\"isPartOf\":{\"@id\":\"https:\\\/\\\/lasentinelle.dz\\\/#website\"},\"primaryImageOfPage\":{\"@id\":\"https:\\\/\\\/lasentinelle.dz\\\/index.php\\\/2025\\\/05\\\/28\\\/projet-de-la-loi-sur-la-reduction-de-lage-de-la-retraite-des-enseignant-bentaleb-reaffirme-lengagement-social-de-letat\\\/#primaryimage\"},\"image\":{\"@id\":\"https:\\\/\\\/lasentinelle.dz\\\/index.php\\\/2025\\\/05\\\/28\\\/projet-de-la-loi-sur-la-reduction-de-lage-de-la-retraite-des-enseignant-bentaleb-reaffirme-lengagement-social-de-letat\\\/#primaryimage\"},\"thumbnailUrl\":\"https:\\\/\\\/lasentinelle.dz\\\/wp-content\\\/uploads\\\/2025\\\/05\\\/bentaleb.jpg\",\"datePublished\":\"2025-05-28T10:54:46+00:00\",\"dateModified\":\"2025-05-28T10:54:47+00:00\",\"breadcrumb\":{\"@id\":\"https:\\\/\\\/lasentinelle.dz\\\/index.php\\\/2025\\\/05\\\/28\\\/projet-de-la-loi-sur-la-reduction-de-lage-de-la-retraite-des-enseignant-bentaleb-reaffirme-lengagement-social-de-letat\\\/#breadcrumb\"},\"inLanguage\":\"fr-FR\",\"potentialAction\":[{\"@type\":\"ReadAction\",\"target\":[\"https:\\\/\\\/lasentinelle.dz\\\/index.php\\\/2025\\\/05\\\/28\\\/projet-de-la-loi-sur-la-reduction-de-lage-de-la-retraite-des-enseignant-bentaleb-reaffirme-lengagement-social-de-letat\\\/\"]}]},{\"@type\":\"ImageObject\",\"inLanguage\":\"fr-FR\",\"@id\":\"https:\\\/\\\/lasentinelle.dz\\\/index.php\\\/2025\\\/05\\\/28\\\/projet-de-la-loi-sur-la-reduction-de-lage-de-la-retraite-des-enseignant-bentaleb-reaffirme-lengagement-social-de-letat\\\/#primaryimage\",\"url\":\"https:\\\/\\\/lasentinelle.dz\\\/wp-content\\\/uploads\\\/2025\\\/05\\\/bentaleb.jpg\",\"contentUrl\":\"https:\\\/\\\/lasentinelle.dz\\\/wp-content\\\/uploads\\\/2025\\\/05\\\/bentaleb.jpg\",\"width\":1348,\"height\":900},{\"@type\":\"BreadcrumbList\",\"@id\":\"https:\\\/\\\/lasentinelle.dz\\\/index.php\\\/2025\\\/05\\\/28\\\/projet-de-la-loi-sur-la-reduction-de-lage-de-la-retraite-des-enseignant-bentaleb-reaffirme-lengagement-social-de-letat\\\/#breadcrumb\",\"itemListElement\":[{\"@type\":\"ListItem\",\"position\":1,\"name\":\"Accueil\",\"item\":\"https:\\\/\\\/lasentinelle.dz\\\/\"},{\"@type\":\"ListItem\",\"position\":2,\"name\":\"Projet de la loi sur la r\u00e9duction de l&rsquo;\u00e2ge de la retraite des enseignant : Bentaleb r\u00e9affirme l&rsquo;engagement social de l&rsquo;\u00c9tat\"}]},{\"@type\":\"WebSite\",\"@id\":\"https:\\\/\\\/lasentinelle.dz\\\/#website\",\"url\":\"https:\\\/\\\/lasentinelle.dz\\\/\",\"name\":\"La Sentinelle\",\"description\":\"Quotidien national d&#039;information\",\"publisher\":{\"@id\":\"https:\\\/\\\/lasentinelle.dz\\\/#organization\"},\"potentialAction\":[{\"@type\":\"SearchAction\",\"target\":{\"@type\":\"EntryPoint\",\"urlTemplate\":\"https:\\\/\\\/lasentinelle.dz\\\/?s={search_term_string}\"},\"query-input\":{\"@type\":\"PropertyValueSpecification\",\"valueRequired\":true,\"valueName\":\"search_term_string\"}}],\"inLanguage\":\"fr-FR\"},{\"@type\":\"Organization\",\"@id\":\"https:\\\/\\\/lasentinelle.dz\\\/#organization\",\"name\":\"Quotidien La Sentinelle\",\"url\":\"https:\\\/\\\/lasentinelle.dz\\\/\",\"logo\":{\"@type\":\"ImageObject\",\"inLanguage\":\"fr-FR\",\"@id\":\"https:\\\/\\\/lasentinelle.dz\\\/#\\\/schema\\\/logo\\\/image\\\/\",\"url\":\"https:\\\/\\\/lasentinelle.dz\\\/wp-content\\\/uploads\\\/2021\\\/09\\\/logo-sentinelleSLOGAN-1.png\",\"contentUrl\":\"https:\\\/\\\/lasentinelle.dz\\\/wp-content\\\/uploads\\\/2021\\\/09\\\/logo-sentinelleSLOGAN-1.png\",\"width\":615,\"height\":142,\"caption\":\"Quotidien La Sentinelle\"},\"image\":{\"@id\":\"https:\\\/\\\/lasentinelle.dz\\\/#\\\/schema\\\/logo\\\/image\\\/\"},\"sameAs\":[\"https:\\\/\\\/www.facebook.com\\\/La-Sentinelle-104059864394773\"]},{\"@type\":\"Person\",\"@id\":\"https:\\\/\\\/lasentinelle.dz\\\/#\\\/schema\\\/person\\\/729ee0024f24e0b8c5ec17232f8e8b41\",\"name\":\"admin\",\"image\":{\"@type\":\"ImageObject\",\"inLanguage\":\"fr-FR\",\"@id\":\"https:\\\/\\\/secure.gravatar.com\\\/avatar\\\/4c81fed838786e9b53f540bf46533e750f5d292099ae3b66cfc6fb1982e29df7?s=96&d=mm&r=g\",\"url\":\"https:\\\/\\\/secure.gravatar.com\\\/avatar\\\/4c81fed838786e9b53f540bf46533e750f5d292099ae3b66cfc6fb1982e29df7?s=96&d=mm&r=g\",\"contentUrl\":\"https:\\\/\\\/secure.gravatar.com\\\/avatar\\\/4c81fed838786e9b53f540bf46533e750f5d292099ae3b66cfc6fb1982e29df7?s=96&d=mm&r=g\",\"caption\":\"admin\"},\"description\":\"admin\",\"url\":\"https:\\\/\\\/lasentinelle.dz\\\/author\\\/admin\\\/\"}]}<\/script>\n<!-- \/ Yoast SEO plugin. -->","yoast_head_json":{"title":"Projet de la loi sur la r\u00e9duction de l&rsquo;\u00e2ge de la retraite des enseignant : Bentaleb r\u00e9affirme l&rsquo;engagement social de l&rsquo;\u00c9tat - La Sentinelle","robots":{"index":"index","follow":"follow","max-snippet":"max-snippet:-1","max-image-preview":"max-image-preview:large","max-video-preview":"max-video-preview:-1"},"canonical":"https:\/\/lasentinelle.dz\/index.php\/2025\/05\/28\/projet-de-la-loi-sur-la-reduction-de-lage-de-la-retraite-des-enseignant-bentaleb-reaffirme-lengagement-social-de-letat\/","og_locale":"fr_FR","og_type":"article","og_title":"Projet de la loi sur la r\u00e9duction de l&rsquo;\u00e2ge de la retraite des enseignant : Bentaleb r\u00e9affirme l&rsquo;engagement social de l&rsquo;\u00c9tat - La Sentinelle","og_description":"L&rsquo;Assembl\u00e9e populaire nationale alg\u00e9rienne examine actuellement un projet de loi sur la r\u00e9duction de l&rsquo;\u00e2ge de la retraite des enseignants.","og_url":"https:\/\/lasentinelle.dz\/index.php\/2025\/05\/28\/projet-de-la-loi-sur-la-reduction-de-lage-de-la-retraite-des-enseignant-bentaleb-reaffirme-lengagement-social-de-letat\/","og_site_name":"La Sentinelle","article_publisher":"https:\/\/www.facebook.com\/La-Sentinelle-104059864394773","article_published_time":"2025-05-28T10:54:46+00:00","article_modified_time":"2025-05-28T10:54:47+00:00","og_image":[{"width":1348,"height":900,"url":"https:\/\/lasentinelle.dz\/wp-content\/uploads\/2025\/05\/bentaleb.jpg","type":"image\/jpeg"}],"author":"admin","twitter_card":"summary_large_image","twitter_misc":{"\u00c9crit par":"admin","Dur\u00e9e de lecture estim\u00e9e":"4 minutes"},"schema":{"@context":"https:\/\/schema.org","@graph":[{"@type":"Article","@id":"https:\/\/lasentinelle.dz\/index.php\/2025\/05\/28\/projet-de-la-loi-sur-la-reduction-de-lage-de-la-retraite-des-enseignant-bentaleb-reaffirme-lengagement-social-de-letat\/#article","isPartOf":{"@id":"https:\/\/lasentinelle.dz\/index.php\/2025\/05\/28\/projet-de-la-loi-sur-la-reduction-de-lage-de-la-retraite-des-enseignant-bentaleb-reaffirme-lengagement-social-de-letat\/"},"author":{"name":"admin","@id":"https:\/\/lasentinelle.dz\/#\/schema\/person\/729ee0024f24e0b8c5ec17232f8e8b41"},"headline":"Projet de la loi sur la r\u00e9duction de l&rsquo;\u00e2ge de la retraite des enseignant : Bentaleb r\u00e9affirme l&rsquo;engagement social de l&rsquo;\u00c9tat","datePublished":"2025-05-28T10:54:46+00:00","dateModified":"2025-05-28T10:54:47+00:00","mainEntityOfPage":{"@id":"https:\/\/lasentinelle.dz\/index.php\/2025\/05\/28\/projet-de-la-loi-sur-la-reduction-de-lage-de-la-retraite-des-enseignant-bentaleb-reaffirme-lengagement-social-de-letat\/"},"wordCount":739,"commentCount":0,"publisher":{"@id":"https:\/\/lasentinelle.dz\/#organization"},"image":{"@id":"https:\/\/lasentinelle.dz\/index.php\/2025\/05\/28\/projet-de-la-loi-sur-la-reduction-de-lage-de-la-retraite-des-enseignant-bentaleb-reaffirme-lengagement-social-de-letat\/#primaryimage"},"thumbnailUrl":"https:\/\/lasentinelle.dz\/wp-content\/uploads\/2025\/05\/bentaleb.jpg","articleSection":["Actualit\u00e9"],"inLanguage":"fr-FR","potentialAction":[{"@type":"CommentAction","name":"Comment","target":["https:\/\/lasentinelle.dz\/index.php\/2025\/05\/28\/projet-de-la-loi-sur-la-reduction-de-lage-de-la-retraite-des-enseignant-bentaleb-reaffirme-lengagement-social-de-letat\/#respond"]}]},{"@type":"WebPage","@id":"https:\/\/lasentinelle.dz\/index.php\/2025\/05\/28\/projet-de-la-loi-sur-la-reduction-de-lage-de-la-retraite-des-enseignant-bentaleb-reaffirme-lengagement-social-de-letat\/","url":"https:\/\/lasentinelle.dz\/index.php\/2025\/05\/28\/projet-de-la-loi-sur-la-reduction-de-lage-de-la-retraite-des-enseignant-bentaleb-reaffirme-lengagement-social-de-letat\/","name":"Projet de la loi sur la r\u00e9duction de l&rsquo;\u00e2ge de la retraite des enseignant : Bentaleb r\u00e9affirme l&rsquo;engagement social de l&rsquo;\u00c9tat - La Sentinelle","isPartOf":{"@id":"https:\/\/lasentinelle.dz\/#website"},"primaryImageOfPage":{"@id":"https:\/\/lasentinelle.dz\/index.php\/2025\/05\/28\/projet-de-la-loi-sur-la-reduction-de-lage-de-la-retraite-des-enseignant-bentaleb-reaffirme-lengagement-social-de-letat\/#primaryimage"},"image":{"@id":"https:\/\/lasentinelle.dz\/index.php\/2025\/05\/28\/projet-de-la-loi-sur-la-reduction-de-lage-de-la-retraite-des-enseignant-bentaleb-reaffirme-lengagement-social-de-letat\/#primaryimage"},"thumbnailUrl":"https:\/\/lasentinelle.dz\/wp-content\/uploads\/2025\/05\/bentaleb.jpg","datePublished":"2025-05-28T10:54:46+00:00","dateModified":"2025-05-28T10:54:47+00:00","breadcrumb":{"@id":"https:\/\/lasentinelle.dz\/index.php\/2025\/05\/28\/projet-de-la-loi-sur-la-reduction-de-lage-de-la-retraite-des-enseignant-bentaleb-reaffirme-lengagement-social-de-letat\/#breadcrumb"},"inLanguage":"fr-FR","potentialAction":[{"@type":"ReadAction","target":["https:\/\/lasentinelle.dz\/index.php\/2025\/05\/28\/projet-de-la-loi-sur-la-reduction-de-lage-de-la-retraite-des-enseignant-bentaleb-reaffirme-lengagement-social-de-letat\/"]}]},{"@type":"ImageObject","inLanguage":"fr-FR","@id":"https:\/\/lasentinelle.dz\/index.php\/2025\/05\/28\/projet-de-la-loi-sur-la-reduction-de-lage-de-la-retraite-des-enseignant-bentaleb-reaffirme-lengagement-social-de-letat\/#primaryimage","url":"https:\/\/lasentinelle.dz\/wp-content\/uploads\/2025\/05\/bentaleb.jpg","contentUrl":"https:\/\/lasentinelle.dz\/wp-content\/uploads\/2025\/05\/bentaleb.jpg","width":1348,"height":900},{"@type":"BreadcrumbList","@id":"https:\/\/lasentinelle.dz\/index.php\/2025\/05\/28\/projet-de-la-loi-sur-la-reduction-de-lage-de-la-retraite-des-enseignant-bentaleb-reaffirme-lengagement-social-de-letat\/#breadcrumb","itemListElement":[{"@type":"ListItem","position":1,"name":"Accueil","item":"https:\/\/lasentinelle.dz\/"},{"@type":"ListItem","position":2,"name":"Projet de la loi sur la r\u00e9duction de l&rsquo;\u00e2ge de la retraite des enseignant : Bentaleb r\u00e9affirme l&rsquo;engagement social de l&rsquo;\u00c9tat"}]},{"@type":"WebSite","@id":"https:\/\/lasentinelle.dz\/#website","url":"https:\/\/lasentinelle.dz\/","name":"La Sentinelle","description":"Quotidien national d&#039;information","publisher":{"@id":"https:\/\/lasentinelle.dz\/#organization"},"potentialAction":[{"@type":"SearchAction","target":{"@type":"EntryPoint","urlTemplate":"https:\/\/lasentinelle.dz\/?s={search_term_string}"},"query-input":{"@type":"PropertyValueSpecification","valueRequired":true,"valueName":"search_term_string"}}],"inLanguage":"fr-FR"},{"@type":"Organization","@id":"https:\/\/lasentinelle.dz\/#organization","name":"Quotidien La Sentinelle","url":"https:\/\/lasentinelle.dz\/","logo":{"@type":"ImageObject","inLanguage":"fr-FR","@id":"https:\/\/lasentinelle.dz\/#\/schema\/logo\/image\/","url":"https:\/\/lasentinelle.dz\/wp-content\/uploads\/2021\/09\/logo-sentinelleSLOGAN-1.png","contentUrl":"https:\/\/lasentinelle.dz\/wp-content\/uploads\/2021\/09\/logo-sentinelleSLOGAN-1.png","width":615,"height":142,"caption":"Quotidien La Sentinelle"},"image":{"@id":"https:\/\/lasentinelle.dz\/#\/schema\/logo\/image\/"},"sameAs":["https:\/\/www.facebook.com\/La-Sentinelle-104059864394773"]},{"@type":"Person","@id":"https:\/\/lasentinelle.dz\/#\/schema\/person\/729ee0024f24e0b8c5ec17232f8e8b41","name":"admin","image":{"@type":"ImageObject","inLanguage":"fr-FR","@id":"https:\/\/secure.gravatar.com\/avatar\/4c81fed838786e9b53f540bf46533e750f5d292099ae3b66cfc6fb1982e29df7?s=96&d=mm&r=g","url":"https:\/\/secure.gravatar.com\/avatar\/4c81fed838786e9b53f540bf46533e750f5d292099ae3b66cfc6fb1982e29df7?s=96&d=mm&r=g","contentUrl":"https:\/\/secure.gravatar.com\/avatar\/4c81fed838786e9b53f540bf46533e750f5d292099ae3b66cfc6fb1982e29df7?s=96&d=mm&r=g","caption":"admin"},"description":"admin","url":"https:\/\/lasentinelle.dz\/author\/admin\/"}]}},"_links":{"self":[{"href":"https:\/\/lasentinelle.dz\/index.php\/wp-json\/wp\/v2\/posts\/68090","targetHints":{"allow":["GET"]}}],"collection":[{"href":"https:\/\/lasentinelle.dz\/index.php\/wp-json\/wp\/v2\/posts"}],"about":[{"href":"https:\/\/lasentinelle.dz\/index.php\/wp-json\/wp\/v2\/types\/post"}],"author":[{"embeddable":true,"href":"https:\/\/lasentinelle.dz\/index.php\/wp-json\/wp\/v2\/users\/6"}],"replies":[{"embeddable":true,"href":"https:\/\/lasentinelle.dz\/index.php\/wp-json\/wp\/v2\/comments?post=68090"}],"version-history":[{"count":2,"href":"https:\/\/lasentinelle.dz\/index.php\/wp-json\/wp\/v2\/posts\/68090\/revisions"}],"predecessor-version":[{"id":68093,"href":"https:\/\/lasentinelle.dz\/index.php\/wp-json\/wp\/v2\/posts\/68090\/revisions\/68093"}],"wp:featuredmedia":[{"embeddable":true,"href":"https:\/\/lasentinelle.dz\/index.php\/wp-json\/wp\/v2\/media\/68091"}],"wp:attachment":[{"href":"https:\/\/lasentinelle.dz\/index.php\/wp-json\/wp\/v2\/media?parent=68090"}],"wp:term":[{"taxonomy":"category","embeddable":true,"href":"https:\/\/lasentinelle.dz\/index.php\/wp-json\/wp\/v2\/categories?post=68090"},{"taxonomy":"post_tag","embeddable":true,"href":"https:\/\/lasentinelle.dz\/index.php\/wp-json\/wp\/v2\/tags?post=68090"}],"curies":[{"name":"wp","href":"https:\/\/api.w.org\/{rel}","templated":true}]}}