{"id":68097,"date":"2025-05-28T12:01:29","date_gmt":"2025-05-28T11:01:29","guid":{"rendered":"https:\/\/lasentinelle.dz\/?p=68097"},"modified":"2025-05-28T12:01:30","modified_gmt":"2025-05-28T11:01:30","slug":"elle-sera-specialisee-dans-les-vols-domestiques-vers-la-creation-dune-nouvelle-compagnie-aerienne","status":"publish","type":"post","link":"https:\/\/lasentinelle.dz\/index.php\/2025\/05\/28\/elle-sera-specialisee-dans-les-vols-domestiques-vers-la-creation-dune-nouvelle-compagnie-aerienne\/","title":{"rendered":"Elle sera sp\u00e9cialis\u00e9e dans les vols domestiques: Vers la cr\u00e9ation d&rsquo;une nouvelle compagnie a\u00e9rienne"},"content":{"rendered":"\n<p>Les pouvoirs publics acc\u00e9l\u00e8rent les pr\u00e9paratifs en vue de la cr\u00e9ation d&rsquo;une nouvelle compagnie a\u00e9rienne nationale sp\u00e9cialis\u00e9e dans le transport domestique des voyageurs, dans le cadre d&rsquo;une strat\u00e9gie globale de renforcement du r\u00e9seau de transports int\u00e9rieur tout en permettant \u00e0 Air Alg\u00e9rie de se concentrer sur son expansion internationale. Cette initiative, lanc\u00e9e sur instruction du pr\u00e9sident de la R\u00e9publique Abdelmadjid Tebboune, fait l&rsquo;objet d&rsquo;une coordination interminist\u00e9rielle de haut niveau.<\/p>\n\n\n\n<p>Le ministre des Transports Sa\u00efd Sayoud et le ministre d&rsquo;\u00c9tat, ministre de l&rsquo;\u00c9nergie et des Mines et des \u00c9nergies renouvelables Mohamed Arkab ont pr\u00e9sid\u00e9 mardi un meeting de coordination d\u00e9di\u00e9 \u00e0 l&rsquo;\u00e9tude de ce projet strat\u00e9gique. Cette r\u00e9union a permis de discuter les m\u00e9canismes pratiques de transfert des biens et des ressources humaines de la compagnie Tassili Airlines vers la nouvelle entit\u00e9 en cours de cr\u00e9ation, dans l&rsquo;objectif d&rsquo;assurer un d\u00e9marrage efficace de ce projet d&rsquo;envergure nationale.<\/p>\n\n\n\n<p>La transformation de Tassili Airlines constitue l&rsquo;\u00e9pine dorsale de cette nouvelle architecture a\u00e9ronautique. Cette compagnie, filiale \u00e0 100% de Sonatrach, b\u00e9n\u00e9ficie d&rsquo;une solide r\u00e9putation en mati\u00e8re de s\u00e9curit\u00e9 op\u00e9rationnelle, ayant obtenu pour la huiti\u00e8me fois cons\u00e9cutive le label IOSA, r\u00e9f\u00e9rence mondiale dans le secteur. La nouvelle certification a \u00e9t\u00e9 d\u00e9croch\u00e9e selon la m\u00e9thodologie innovante d&rsquo;audit de l&rsquo;Association internationale du transport a\u00e9rien, le risk-based approach, qui cible les risques sp\u00e9cifiques \u00e0 chaque compagnie et renforce la rigueur du processus de certification.<\/p>\n\n\n\n<p>Un groupe de travail conjoint comprenant des repr\u00e9sentants des secteurs concern\u00e9s a \u00e9t\u00e9 constitu\u00e9 pour entamer imm\u00e9diatement l&rsquo;op\u00e9ration de transfert des a\u00e9ronefs de Tassili Airlines et des ressources humaines vers la nouvelle compagnie. Cette \u00e9quipe multisectorielle rassemble des repr\u00e9sentants du groupe Sonatrach, le directeur g\u00e9n\u00e9ral par int\u00e9rim de Tassili Airlines, le pr\u00e9sident-directeur g\u00e9n\u00e9ral d&rsquo;Air Alg\u00e9rie, le directeur g\u00e9n\u00e9ral de l&rsquo;Agence nationale de l&rsquo;aviation civile, le directeur g\u00e9n\u00e9ral de l&rsquo;\u00c9tablissement national de la navigation a\u00e9rienne, ainsi que des repr\u00e9sentants du minist\u00e8re de la D\u00e9fense nationale et des cadres des minist\u00e8res des Transports et de l&rsquo;\u00c9nergie.<\/p>\n\n\n\n<p>Cette restructuration s&rsquo;inscrit dans une logique de sp\u00e9cialisation et d&rsquo;optimisation des ressources a\u00e9ronautiques nationales. Pendant que la nouvelle compagnie se consacrera au renforcement de la connectivit\u00e9 domestique, Air Alg\u00e9rie pourra concentrer ses efforts sur son d\u00e9ploiement international. La compagnie nationale a d&rsquo;ailleurs affich\u00e9 des performances remarquables en 2024, transportant plus de 7,9 millions de passagers, soit une hausse notable de 10%, \u00e0 travers 79 100 vols repr\u00e9sentant 200 \u00e0 250 vols quotidiens.<\/p>\n\n\n\n<p>Air Alg\u00e9rie ambitionne d&rsquo;\u00e9largir son r\u00e9seau international, qui dessert actuellement 44 a\u00e9roports, en ouvrant de nouvelles lignes vers Abuja au Nigeria et Amsterdam aux Pays-Bas, outre deux nouveaux vols vers l&rsquo;a\u00e9roport de Stansted \u00e0 Londres. Cette expansion internationale t\u00e9moigne de la strat\u00e9gie visant \u00e0 offrir des options de voyage plus flexibles et \u00e0 mieux connecter l&rsquo;Alg\u00e9rie au reste du monde.<\/p>\n\n\n\n<p>Le projet de cr\u00e9ation de la nouvelle compagnie domestique vise \u00e0 renforcer l&rsquo;int\u00e9gration g\u00e9ographique \u00e0 travers le territoire national en consolidant les liaisons a\u00e9riennes entre les diff\u00e9rentes wilayas du pays, contribuant ainsi au soutien du d\u00e9veloppement \u00e9conomique et social. Cette initiative r\u00e9pond \u00e0 un besoin croissant de mobilit\u00e9 int\u00e9rieure dans un pays aux dimensions continentales, o\u00f9 les distances importantes entre les centres urbains n\u00e9cessitent des solutions de transport rapides et efficaces.<\/p>\n\n\n\n<p>Samir Benisid<\/p>\n","protected":false},"excerpt":{"rendered":"<p>Les pouvoirs publics acc\u00e9l\u00e8rent les pr\u00e9paratifs en vue de la cr\u00e9ation d&rsquo;une nouvelle compagnie a\u00e9rienne nationale sp\u00e9cialis\u00e9e dans le transport<\/p>\n","protected":false},"author":6,"featured_media":68098,"comment_status":"open","ping_status":"closed","sticky":false,"template":"","format":"standard","meta":{"colormag_page_container_layout":"default_layout","colormag_page_sidebar_layout":"default_layout","om_disable_all_campaigns":false,"_monsterinsights_skip_tracking":false,"_monsterinsights_sitenote_active":false,"_monsterinsights_sitenote_note":"","_monsterinsights_sitenote_category":0,"footnotes":"","_wpscppro_dont_share_socialmedia":false,"_wpscppro_custom_social_share_image":0,"_facebook_share_type":"default","_twitter_share_type":"default","_linkedin_share_type":"default","_pinterest_share_type":"default","_linkedin_share_type_page":"","_instagram_share_type":"default","_medium_share_type":"default","_threads_share_type":"","_google_business_share_type":"","_selected_social_profile":[],"_wpsp_enable_custom_social_template":false,"_wpsp_social_scheduling":{"enabled":false,"datetime":null,"platforms":[],"status":"template_only","dateOption":"today","timeOption":"now","customDays":"","customHours":"","customDate":"","customTime":"","schedulingType":"absolute"},"_wpsp_active_default_template":true},"categories":[52,27],"tags":[],"class_list":["post-68097","post","type-post","status-publish","format-standard","has-post-thumbnail","hentry","category-a-la-une","category-actualite"],"aioseo_notices":[],"yoast_head":"<!-- This site is optimized with the Yoast SEO plugin v27.5 - https:\/\/yoast.com\/product\/yoast-seo-wordpress\/ -->\n<title>Elle sera sp\u00e9cialis\u00e9e dans les vols domestiques: Vers la cr\u00e9ation d&rsquo;une nouvelle compagnie a\u00e9rienne - La Sentinelle<\/title>\n<meta name=\"robots\" content=\"index, follow, max-snippet:-1, max-image-preview:large, max-video-preview:-1\" \/>\n<link rel=\"canonical\" href=\"https:\/\/lasentinelle.dz\/index.php\/2025\/05\/28\/elle-sera-specialisee-dans-les-vols-domestiques-vers-la-creation-dune-nouvelle-compagnie-aerienne\/\" \/>\n<meta property=\"og:locale\" content=\"fr_FR\" \/>\n<meta property=\"og:type\" content=\"article\" \/>\n<meta property=\"og:title\" content=\"Elle sera sp\u00e9cialis\u00e9e dans les vols domestiques: Vers la cr\u00e9ation d&rsquo;une nouvelle compagnie a\u00e9rienne - La Sentinelle\" \/>\n<meta property=\"og:description\" content=\"Les pouvoirs publics acc\u00e9l\u00e8rent les pr\u00e9paratifs en vue de la cr\u00e9ation d&rsquo;une nouvelle compagnie a\u00e9rienne nationale sp\u00e9cialis\u00e9e dans le transport\" \/>\n<meta property=\"og:url\" content=\"https:\/\/lasentinelle.dz\/index.php\/2025\/05\/28\/elle-sera-specialisee-dans-les-vols-domestiques-vers-la-creation-dune-nouvelle-compagnie-aerienne\/\" \/>\n<meta property=\"og:site_name\" content=\"La Sentinelle\" \/>\n<meta property=\"article:publisher\" content=\"https:\/\/www.facebook.com\/La-Sentinelle-104059864394773\" \/>\n<meta property=\"article:published_time\" content=\"2025-05-28T11:01:29+00:00\" \/>\n<meta property=\"article:modified_time\" content=\"2025-05-28T11:01:30+00:00\" \/>\n<meta property=\"og:image\" content=\"https:\/\/lasentinelle.dz\/wp-content\/uploads\/2025\/05\/Tal.jpeg\" \/>\n\t<meta property=\"og:image:width\" content=\"745\" \/>\n\t<meta property=\"og:image:height\" content=\"470\" \/>\n\t<meta property=\"og:image:type\" content=\"image\/jpeg\" \/>\n<meta name=\"author\" content=\"admin\" \/>\n<meta name=\"twitter:card\" content=\"summary_large_image\" \/>\n<meta name=\"twitter:label1\" content=\"\u00c9crit par\" \/>\n\t<meta name=\"twitter:data1\" content=\"admin\" \/>\n\t<meta name=\"twitter:label2\" content=\"Dur\u00e9e de lecture estim\u00e9e\" \/>\n\t<meta name=\"twitter:data2\" content=\"3 minutes\" \/>\n<script type=\"application\/ld+json\" class=\"yoast-schema-graph\">{\"@context\":\"https:\\\/\\\/schema.org\",\"@graph\":[{\"@type\":\"Article\",\"@id\":\"https:\\\/\\\/lasentinelle.dz\\\/index.php\\\/2025\\\/05\\\/28\\\/elle-sera-specialisee-dans-les-vols-domestiques-vers-la-creation-dune-nouvelle-compagnie-aerienne\\\/#article\",\"isPartOf\":{\"@id\":\"https:\\\/\\\/lasentinelle.dz\\\/index.php\\\/2025\\\/05\\\/28\\\/elle-sera-specialisee-dans-les-vols-domestiques-vers-la-creation-dune-nouvelle-compagnie-aerienne\\\/\"},\"author\":{\"name\":\"admin\",\"@id\":\"https:\\\/\\\/lasentinelle.dz\\\/#\\\/schema\\\/person\\\/729ee0024f24e0b8c5ec17232f8e8b41\"},\"headline\":\"Elle sera sp\u00e9cialis\u00e9e dans les vols domestiques: Vers la cr\u00e9ation d&rsquo;une nouvelle compagnie a\u00e9rienne\",\"datePublished\":\"2025-05-28T11:01:29+00:00\",\"dateModified\":\"2025-05-28T11:01:30+00:00\",\"mainEntityOfPage\":{\"@id\":\"https:\\\/\\\/lasentinelle.dz\\\/index.php\\\/2025\\\/05\\\/28\\\/elle-sera-specialisee-dans-les-vols-domestiques-vers-la-creation-dune-nouvelle-compagnie-aerienne\\\/\"},\"wordCount\":633,\"commentCount\":0,\"publisher\":{\"@id\":\"https:\\\/\\\/lasentinelle.dz\\\/#organization\"},\"image\":{\"@id\":\"https:\\\/\\\/lasentinelle.dz\\\/index.php\\\/2025\\\/05\\\/28\\\/elle-sera-specialisee-dans-les-vols-domestiques-vers-la-creation-dune-nouvelle-compagnie-aerienne\\\/#primaryimage\"},\"thumbnailUrl\":\"https:\\\/\\\/lasentinelle.dz\\\/wp-content\\\/uploads\\\/2025\\\/05\\\/Tal.jpeg\",\"articleSection\":[\"\u00c0 la Une\",\"Actualit\u00e9\"],\"inLanguage\":\"fr-FR\",\"potentialAction\":[{\"@type\":\"CommentAction\",\"name\":\"Comment\",\"target\":[\"https:\\\/\\\/lasentinelle.dz\\\/index.php\\\/2025\\\/05\\\/28\\\/elle-sera-specialisee-dans-les-vols-domestiques-vers-la-creation-dune-nouvelle-compagnie-aerienne\\\/#respond\"]}]},{\"@type\":\"WebPage\",\"@id\":\"https:\\\/\\\/lasentinelle.dz\\\/index.php\\\/2025\\\/05\\\/28\\\/elle-sera-specialisee-dans-les-vols-domestiques-vers-la-creation-dune-nouvelle-compagnie-aerienne\\\/\",\"url\":\"https:\\\/\\\/lasentinelle.dz\\\/index.php\\\/2025\\\/05\\\/28\\\/elle-sera-specialisee-dans-les-vols-domestiques-vers-la-creation-dune-nouvelle-compagnie-aerienne\\\/\",\"name\":\"Elle sera sp\u00e9cialis\u00e9e dans les vols domestiques: Vers la cr\u00e9ation d&rsquo;une nouvelle compagnie a\u00e9rienne - La Sentinelle\",\"isPartOf\":{\"@id\":\"https:\\\/\\\/lasentinelle.dz\\\/#website\"},\"primaryImageOfPage\":{\"@id\":\"https:\\\/\\\/lasentinelle.dz\\\/index.php\\\/2025\\\/05\\\/28\\\/elle-sera-specialisee-dans-les-vols-domestiques-vers-la-creation-dune-nouvelle-compagnie-aerienne\\\/#primaryimage\"},\"image\":{\"@id\":\"https:\\\/\\\/lasentinelle.dz\\\/index.php\\\/2025\\\/05\\\/28\\\/elle-sera-specialisee-dans-les-vols-domestiques-vers-la-creation-dune-nouvelle-compagnie-aerienne\\\/#primaryimage\"},\"thumbnailUrl\":\"https:\\\/\\\/lasentinelle.dz\\\/wp-content\\\/uploads\\\/2025\\\/05\\\/Tal.jpeg\",\"datePublished\":\"2025-05-28T11:01:29+00:00\",\"dateModified\":\"2025-05-28T11:01:30+00:00\",\"breadcrumb\":{\"@id\":\"https:\\\/\\\/lasentinelle.dz\\\/index.php\\\/2025\\\/05\\\/28\\\/elle-sera-specialisee-dans-les-vols-domestiques-vers-la-creation-dune-nouvelle-compagnie-aerienne\\\/#breadcrumb\"},\"inLanguage\":\"fr-FR\",\"potentialAction\":[{\"@type\":\"ReadAction\",\"target\":[\"https:\\\/\\\/lasentinelle.dz\\\/index.php\\\/2025\\\/05\\\/28\\\/elle-sera-specialisee-dans-les-vols-domestiques-vers-la-creation-dune-nouvelle-compagnie-aerienne\\\/\"]}]},{\"@type\":\"ImageObject\",\"inLanguage\":\"fr-FR\",\"@id\":\"https:\\\/\\\/lasentinelle.dz\\\/index.php\\\/2025\\\/05\\\/28\\\/elle-sera-specialisee-dans-les-vols-domestiques-vers-la-creation-dune-nouvelle-compagnie-aerienne\\\/#primaryimage\",\"url\":\"https:\\\/\\\/lasentinelle.dz\\\/wp-content\\\/uploads\\\/2025\\\/05\\\/Tal.jpeg\",\"contentUrl\":\"https:\\\/\\\/lasentinelle.dz\\\/wp-content\\\/uploads\\\/2025\\\/05\\\/Tal.jpeg\",\"width\":745,\"height\":470},{\"@type\":\"BreadcrumbList\",\"@id\":\"https:\\\/\\\/lasentinelle.dz\\\/index.php\\\/2025\\\/05\\\/28\\\/elle-sera-specialisee-dans-les-vols-domestiques-vers-la-creation-dune-nouvelle-compagnie-aerienne\\\/#breadcrumb\",\"itemListElement\":[{\"@type\":\"ListItem\",\"position\":1,\"name\":\"Accueil\",\"item\":\"https:\\\/\\\/lasentinelle.dz\\\/\"},{\"@type\":\"ListItem\",\"position\":2,\"name\":\"Elle sera sp\u00e9cialis\u00e9e dans les vols domestiques: Vers la cr\u00e9ation d&rsquo;une nouvelle compagnie a\u00e9rienne\"}]},{\"@type\":\"WebSite\",\"@id\":\"https:\\\/\\\/lasentinelle.dz\\\/#website\",\"url\":\"https:\\\/\\\/lasentinelle.dz\\\/\",\"name\":\"La Sentinelle\",\"description\":\"Quotidien national d&#039;information\",\"publisher\":{\"@id\":\"https:\\\/\\\/lasentinelle.dz\\\/#organization\"},\"potentialAction\":[{\"@type\":\"SearchAction\",\"target\":{\"@type\":\"EntryPoint\",\"urlTemplate\":\"https:\\\/\\\/lasentinelle.dz\\\/?s={search_term_string}\"},\"query-input\":{\"@type\":\"PropertyValueSpecification\",\"valueRequired\":true,\"valueName\":\"search_term_string\"}}],\"inLanguage\":\"fr-FR\"},{\"@type\":\"Organization\",\"@id\":\"https:\\\/\\\/lasentinelle.dz\\\/#organization\",\"name\":\"Quotidien La Sentinelle\",\"url\":\"https:\\\/\\\/lasentinelle.dz\\\/\",\"logo\":{\"@type\":\"ImageObject\",\"inLanguage\":\"fr-FR\",\"@id\":\"https:\\\/\\\/lasentinelle.dz\\\/#\\\/schema\\\/logo\\\/image\\\/\",\"url\":\"https:\\\/\\\/lasentinelle.dz\\\/wp-content\\\/uploads\\\/2021\\\/09\\\/logo-sentinelleSLOGAN-1.png\",\"contentUrl\":\"https:\\\/\\\/lasentinelle.dz\\\/wp-content\\\/uploads\\\/2021\\\/09\\\/logo-sentinelleSLOGAN-1.png\",\"width\":615,\"height\":142,\"caption\":\"Quotidien La Sentinelle\"},\"image\":{\"@id\":\"https:\\\/\\\/lasentinelle.dz\\\/#\\\/schema\\\/logo\\\/image\\\/\"},\"sameAs\":[\"https:\\\/\\\/www.facebook.com\\\/La-Sentinelle-104059864394773\"]},{\"@type\":\"Person\",\"@id\":\"https:\\\/\\\/lasentinelle.dz\\\/#\\\/schema\\\/person\\\/729ee0024f24e0b8c5ec17232f8e8b41\",\"name\":\"admin\",\"image\":{\"@type\":\"ImageObject\",\"inLanguage\":\"fr-FR\",\"@id\":\"https:\\\/\\\/secure.gravatar.com\\\/avatar\\\/4c81fed838786e9b53f540bf46533e750f5d292099ae3b66cfc6fb1982e29df7?s=96&d=mm&r=g\",\"url\":\"https:\\\/\\\/secure.gravatar.com\\\/avatar\\\/4c81fed838786e9b53f540bf46533e750f5d292099ae3b66cfc6fb1982e29df7?s=96&d=mm&r=g\",\"contentUrl\":\"https:\\\/\\\/secure.gravatar.com\\\/avatar\\\/4c81fed838786e9b53f540bf46533e750f5d292099ae3b66cfc6fb1982e29df7?s=96&d=mm&r=g\",\"caption\":\"admin\"},\"description\":\"admin\",\"url\":\"https:\\\/\\\/lasentinelle.dz\\\/author\\\/admin\\\/\"}]}<\/script>\n<!-- \/ Yoast SEO plugin. -->","yoast_head_json":{"title":"Elle sera sp\u00e9cialis\u00e9e dans les vols domestiques: Vers la cr\u00e9ation d&rsquo;une nouvelle compagnie a\u00e9rienne - La Sentinelle","robots":{"index":"index","follow":"follow","max-snippet":"max-snippet:-1","max-image-preview":"max-image-preview:large","max-video-preview":"max-video-preview:-1"},"canonical":"https:\/\/lasentinelle.dz\/index.php\/2025\/05\/28\/elle-sera-specialisee-dans-les-vols-domestiques-vers-la-creation-dune-nouvelle-compagnie-aerienne\/","og_locale":"fr_FR","og_type":"article","og_title":"Elle sera sp\u00e9cialis\u00e9e dans les vols domestiques: Vers la cr\u00e9ation d&rsquo;une nouvelle compagnie a\u00e9rienne - La Sentinelle","og_description":"Les pouvoirs publics acc\u00e9l\u00e8rent les pr\u00e9paratifs en vue de la cr\u00e9ation d&rsquo;une nouvelle compagnie a\u00e9rienne nationale sp\u00e9cialis\u00e9e dans le transport","og_url":"https:\/\/lasentinelle.dz\/index.php\/2025\/05\/28\/elle-sera-specialisee-dans-les-vols-domestiques-vers-la-creation-dune-nouvelle-compagnie-aerienne\/","og_site_name":"La Sentinelle","article_publisher":"https:\/\/www.facebook.com\/La-Sentinelle-104059864394773","article_published_time":"2025-05-28T11:01:29+00:00","article_modified_time":"2025-05-28T11:01:30+00:00","og_image":[{"width":745,"height":470,"url":"https:\/\/lasentinelle.dz\/wp-content\/uploads\/2025\/05\/Tal.jpeg","type":"image\/jpeg"}],"author":"admin","twitter_card":"summary_large_image","twitter_misc":{"\u00c9crit par":"admin","Dur\u00e9e de lecture estim\u00e9e":"3 minutes"},"schema":{"@context":"https:\/\/schema.org","@graph":[{"@type":"Article","@id":"https:\/\/lasentinelle.dz\/index.php\/2025\/05\/28\/elle-sera-specialisee-dans-les-vols-domestiques-vers-la-creation-dune-nouvelle-compagnie-aerienne\/#article","isPartOf":{"@id":"https:\/\/lasentinelle.dz\/index.php\/2025\/05\/28\/elle-sera-specialisee-dans-les-vols-domestiques-vers-la-creation-dune-nouvelle-compagnie-aerienne\/"},"author":{"name":"admin","@id":"https:\/\/lasentinelle.dz\/#\/schema\/person\/729ee0024f24e0b8c5ec17232f8e8b41"},"headline":"Elle sera sp\u00e9cialis\u00e9e dans les vols domestiques: Vers la cr\u00e9ation d&rsquo;une nouvelle compagnie a\u00e9rienne","datePublished":"2025-05-28T11:01:29+00:00","dateModified":"2025-05-28T11:01:30+00:00","mainEntityOfPage":{"@id":"https:\/\/lasentinelle.dz\/index.php\/2025\/05\/28\/elle-sera-specialisee-dans-les-vols-domestiques-vers-la-creation-dune-nouvelle-compagnie-aerienne\/"},"wordCount":633,"commentCount":0,"publisher":{"@id":"https:\/\/lasentinelle.dz\/#organization"},"image":{"@id":"https:\/\/lasentinelle.dz\/index.php\/2025\/05\/28\/elle-sera-specialisee-dans-les-vols-domestiques-vers-la-creation-dune-nouvelle-compagnie-aerienne\/#primaryimage"},"thumbnailUrl":"https:\/\/lasentinelle.dz\/wp-content\/uploads\/2025\/05\/Tal.jpeg","articleSection":["\u00c0 la Une","Actualit\u00e9"],"inLanguage":"fr-FR","potentialAction":[{"@type":"CommentAction","name":"Comment","target":["https:\/\/lasentinelle.dz\/index.php\/2025\/05\/28\/elle-sera-specialisee-dans-les-vols-domestiques-vers-la-creation-dune-nouvelle-compagnie-aerienne\/#respond"]}]},{"@type":"WebPage","@id":"https:\/\/lasentinelle.dz\/index.php\/2025\/05\/28\/elle-sera-specialisee-dans-les-vols-domestiques-vers-la-creation-dune-nouvelle-compagnie-aerienne\/","url":"https:\/\/lasentinelle.dz\/index.php\/2025\/05\/28\/elle-sera-specialisee-dans-les-vols-domestiques-vers-la-creation-dune-nouvelle-compagnie-aerienne\/","name":"Elle sera sp\u00e9cialis\u00e9e dans les vols domestiques: Vers la cr\u00e9ation d&rsquo;une nouvelle compagnie a\u00e9rienne - La Sentinelle","isPartOf":{"@id":"https:\/\/lasentinelle.dz\/#website"},"primaryImageOfPage":{"@id":"https:\/\/lasentinelle.dz\/index.php\/2025\/05\/28\/elle-sera-specialisee-dans-les-vols-domestiques-vers-la-creation-dune-nouvelle-compagnie-aerienne\/#primaryimage"},"image":{"@id":"https:\/\/lasentinelle.dz\/index.php\/2025\/05\/28\/elle-sera-specialisee-dans-les-vols-domestiques-vers-la-creation-dune-nouvelle-compagnie-aerienne\/#primaryimage"},"thumbnailUrl":"https:\/\/lasentinelle.dz\/wp-content\/uploads\/2025\/05\/Tal.jpeg","datePublished":"2025-05-28T11:01:29+00:00","dateModified":"2025-05-28T11:01:30+00:00","breadcrumb":{"@id":"https:\/\/lasentinelle.dz\/index.php\/2025\/05\/28\/elle-sera-specialisee-dans-les-vols-domestiques-vers-la-creation-dune-nouvelle-compagnie-aerienne\/#breadcrumb"},"inLanguage":"fr-FR","potentialAction":[{"@type":"ReadAction","target":["https:\/\/lasentinelle.dz\/index.php\/2025\/05\/28\/elle-sera-specialisee-dans-les-vols-domestiques-vers-la-creation-dune-nouvelle-compagnie-aerienne\/"]}]},{"@type":"ImageObject","inLanguage":"fr-FR","@id":"https:\/\/lasentinelle.dz\/index.php\/2025\/05\/28\/elle-sera-specialisee-dans-les-vols-domestiques-vers-la-creation-dune-nouvelle-compagnie-aerienne\/#primaryimage","url":"https:\/\/lasentinelle.dz\/wp-content\/uploads\/2025\/05\/Tal.jpeg","contentUrl":"https:\/\/lasentinelle.dz\/wp-content\/uploads\/2025\/05\/Tal.jpeg","width":745,"height":470},{"@type":"BreadcrumbList","@id":"https:\/\/lasentinelle.dz\/index.php\/2025\/05\/28\/elle-sera-specialisee-dans-les-vols-domestiques-vers-la-creation-dune-nouvelle-compagnie-aerienne\/#breadcrumb","itemListElement":[{"@type":"ListItem","position":1,"name":"Accueil","item":"https:\/\/lasentinelle.dz\/"},{"@type":"ListItem","position":2,"name":"Elle sera sp\u00e9cialis\u00e9e dans les vols domestiques: Vers la cr\u00e9ation d&rsquo;une nouvelle compagnie a\u00e9rienne"}]},{"@type":"WebSite","@id":"https:\/\/lasentinelle.dz\/#website","url":"https:\/\/lasentinelle.dz\/","name":"La Sentinelle","description":"Quotidien national d&#039;information","publisher":{"@id":"https:\/\/lasentinelle.dz\/#organization"},"potentialAction":[{"@type":"SearchAction","target":{"@type":"EntryPoint","urlTemplate":"https:\/\/lasentinelle.dz\/?s={search_term_string}"},"query-input":{"@type":"PropertyValueSpecification","valueRequired":true,"valueName":"search_term_string"}}],"inLanguage":"fr-FR"},{"@type":"Organization","@id":"https:\/\/lasentinelle.dz\/#organization","name":"Quotidien La Sentinelle","url":"https:\/\/lasentinelle.dz\/","logo":{"@type":"ImageObject","inLanguage":"fr-FR","@id":"https:\/\/lasentinelle.dz\/#\/schema\/logo\/image\/","url":"https:\/\/lasentinelle.dz\/wp-content\/uploads\/2021\/09\/logo-sentinelleSLOGAN-1.png","contentUrl":"https:\/\/lasentinelle.dz\/wp-content\/uploads\/2021\/09\/logo-sentinelleSLOGAN-1.png","width":615,"height":142,"caption":"Quotidien La Sentinelle"},"image":{"@id":"https:\/\/lasentinelle.dz\/#\/schema\/logo\/image\/"},"sameAs":["https:\/\/www.facebook.com\/La-Sentinelle-104059864394773"]},{"@type":"Person","@id":"https:\/\/lasentinelle.dz\/#\/schema\/person\/729ee0024f24e0b8c5ec17232f8e8b41","name":"admin","image":{"@type":"ImageObject","inLanguage":"fr-FR","@id":"https:\/\/secure.gravatar.com\/avatar\/4c81fed838786e9b53f540bf46533e750f5d292099ae3b66cfc6fb1982e29df7?s=96&d=mm&r=g","url":"https:\/\/secure.gravatar.com\/avatar\/4c81fed838786e9b53f540bf46533e750f5d292099ae3b66cfc6fb1982e29df7?s=96&d=mm&r=g","contentUrl":"https:\/\/secure.gravatar.com\/avatar\/4c81fed838786e9b53f540bf46533e750f5d292099ae3b66cfc6fb1982e29df7?s=96&d=mm&r=g","caption":"admin"},"description":"admin","url":"https:\/\/lasentinelle.dz\/author\/admin\/"}]}},"_links":{"self":[{"href":"https:\/\/lasentinelle.dz\/index.php\/wp-json\/wp\/v2\/posts\/68097","targetHints":{"allow":["GET"]}}],"collection":[{"href":"https:\/\/lasentinelle.dz\/index.php\/wp-json\/wp\/v2\/posts"}],"about":[{"href":"https:\/\/lasentinelle.dz\/index.php\/wp-json\/wp\/v2\/types\/post"}],"author":[{"embeddable":true,"href":"https:\/\/lasentinelle.dz\/index.php\/wp-json\/wp\/v2\/users\/6"}],"replies":[{"embeddable":true,"href":"https:\/\/lasentinelle.dz\/index.php\/wp-json\/wp\/v2\/comments?post=68097"}],"version-history":[{"count":2,"href":"https:\/\/lasentinelle.dz\/index.php\/wp-json\/wp\/v2\/posts\/68097\/revisions"}],"predecessor-version":[{"id":68100,"href":"https:\/\/lasentinelle.dz\/index.php\/wp-json\/wp\/v2\/posts\/68097\/revisions\/68100"}],"wp:featuredmedia":[{"embeddable":true,"href":"https:\/\/lasentinelle.dz\/index.php\/wp-json\/wp\/v2\/media\/68098"}],"wp:attachment":[{"href":"https:\/\/lasentinelle.dz\/index.php\/wp-json\/wp\/v2\/media?parent=68097"}],"wp:term":[{"taxonomy":"category","embeddable":true,"href":"https:\/\/lasentinelle.dz\/index.php\/wp-json\/wp\/v2\/categories?post=68097"},{"taxonomy":"post_tag","embeddable":true,"href":"https:\/\/lasentinelle.dz\/index.php\/wp-json\/wp\/v2\/tags?post=68097"}],"curies":[{"name":"wp","href":"https:\/\/api.w.org\/{rel}","templated":true}]}}