{"id":68101,"date":"2025-05-28T12:02:47","date_gmt":"2025-05-28T11:02:47","guid":{"rendered":"https:\/\/lasentinelle.dz\/?p=68101"},"modified":"2025-05-28T12:02:48","modified_gmt":"2025-05-28T11:02:48","slug":"desinformation-et-menaces-cybernetiques-les-experts-mettent-en-garde","status":"publish","type":"post","link":"https:\/\/lasentinelle.dz\/index.php\/2025\/05\/28\/desinformation-et-menaces-cybernetiques-les-experts-mettent-en-garde\/","title":{"rendered":"D\u00e9sinformation et menaces cybern\u00e9tiques : Les experts mettent en garde"},"content":{"rendered":"\n<p>Dans un contexte g\u00e9opolitique marqu\u00e9 par l&rsquo;intensification des campagnes de d\u00e9sinformation et des attaques cybern\u00e9tiques visant les fondements identitaires des nations, l&rsquo;Alg\u00e9rie a organis\u00e9 mardi \u00e0 Alger un colloque national d&rsquo;envergure consacr\u00e9 \u00e0 \u00ab\u00a0la promotion de l&rsquo;amazighit\u00e9 dans le cadre de la s\u00e9curit\u00e9 identitaire\u00a0\u00bb. Cette rencontre scientifique, qui s&rsquo;inscrit dans une d\u00e9marche de consolidation de l&rsquo;unit\u00e9 nationale face aux d\u00e9fis contemporains, a r\u00e9uni chercheurs, responsables s\u00e9curitaires et experts en sciences sociales autour d&rsquo;une pr\u00e9occupation commune : la pr\u00e9servation de l&rsquo;identit\u00e9 alg\u00e9rienne dans sa diversit\u00e9. Le secr\u00e9taire g\u00e9n\u00e9ral du Haut commissariat \u00e0 l&rsquo;amazighit\u00e9, Si El Hachemi Assad, qui supervisait l&rsquo;ouverture des travaux, a d&#8217;embl\u00e9e pos\u00e9 le cadre strat\u00e9gique de cette r\u00e9flexion collective en soulignant \u00ab\u00a0la n\u00e9cessit\u00e9 de renforcer le front int\u00e9rieur\u00a0\u00bb face aux tentatives de d\u00e9stabilisation. Il a particuli\u00e8rement insist\u00e9 sur l&rsquo;urgence de \u00ab\u00a0construire un front m\u00e9diatique national solide \u00e0 la hauteur des d\u00e9fis actuels pour se dresser en rempart contre toute tentative de semer le doute ou de d\u00e9formation et faire face aux attaques cybern\u00e9tiques syst\u00e9matiques ciblant les fondements de l&rsquo;identit\u00e9 nationale\u00a0\u00bb. Selon lui, ces offensives num\u00e9riques ne sont pas fortuites mais visent explicitement \u00e0 \u00ab\u00a0d\u00e9stabiliser le pays et \u00e0 saper la coh\u00e9sion sociale\u00a0\u00bb, n\u00e9cessitant \u00ab\u00a0une mobilisation et une vigilance pour d\u00e9fendre la souverainet\u00e9 nationale\u00a0\u00bb. L&rsquo;approche multidisciplinaire du colloque a permis d&rsquo;explorer les dimensions historiques et contemporaines de la s\u00e9curit\u00e9 identitaire. Mohamed Lahcen Zeghidi, chercheur et pr\u00e9sident de la Commission alg\u00e9rienne Histoire et M\u00e9moire, a d\u00e9velopp\u00e9 une analyse approfondie des liens entre m\u00e9moire collective et s\u00e9curit\u00e9 identitaire. Il a expliqu\u00e9 que \u00ab\u00a0la m\u00e9moire nationale est un espace o\u00f9 convergent plusieurs \u00e9l\u00e9ments fondamentaux \u00e0 savoir : l&rsquo;islam, l&rsquo;arabe et tamazight ainsi que le vecteur r\u00e9volutionnaire\u00a0\u00bb. Cette convergence, selon lui, fait de \u00ab\u00a0la m\u00e9moire multidimensionnelle une pierre angulaire de la s\u00e9curit\u00e9 identitaire\u00a0\u00bb, appelant \u00e0 \u00ab\u00a0investir dans ces fondements en vue de renforcer l&rsquo;appartenance nationale et pr\u00e9server l&rsquo;unit\u00e9 dans le contexte de la diversit\u00e9\u00a0\u00bb.<\/p>\n\n\n\n<p>L&rsquo;intervention de Farid Benramdane, enseignant universitaire et pr\u00e9sident de l&rsquo;acad\u00e9mie alg\u00e9rienne de toponymie, a enrichi le d\u00e9bat en proposant une grille de lecture institutionnelle. Dans sa communication intitul\u00e9e \u00ab\u00a0De la diversit\u00e9 \u00e0 la s\u00e9curit\u00e9 identitaire : tamazight, unit\u00e9 nationale et d\u00e9fis de la gouvernance institutionnelle dans l&rsquo;\u00e9dification de l&rsquo;\u00c9tat-nation alg\u00e9rien\u00a0\u00bb, il a plaid\u00e9 pour \u00ab\u00a0une approche multidimensionnelle, prenant en compte l&rsquo;interaction dynamique entre la culture, la politique et les institutions, selon une vision historique et prospective conciliant rationalit\u00e9 et esprit national et jetant les bases d&rsquo;une s\u00e9curit\u00e9 identitaire authentique et globale\u00a0\u00bb. Son analyse a esquiss\u00e9 les contours d&rsquo;un \u00ab\u00a0mod\u00e8le national f\u00e9d\u00e9rateur renfor\u00e7ant l&rsquo;harmonie et l&rsquo;int\u00e9gration, sans porter atteinte \u00e0 la diversit\u00e9, consid\u00e9r\u00e9e comme un levier de force et non comme source de division\u00a0\u00bb. La dimension s\u00e9curitaire du colloque a \u00e9t\u00e9 particuli\u00e8rement mise en relief par les interventions des repr\u00e9sentants des institutions de d\u00e9fense et de s\u00e9curit\u00e9. Le repr\u00e9sentant du minist\u00e8re de la D\u00e9fense nationale a soulign\u00e9 l&rsquo;\u00e9volution des menaces contemporaines, expliquant que \u00ab\u00a0les menaces croissantes ne sont plus uniquement militaires, mais elles touchent d\u00e9sormais le tissu social et culturel des \u00c9tats, et ciblent sp\u00e9cifiquement leur identit\u00e9 nationale\u00a0\u00bb. Cette nouvelle donne oblige l&rsquo;Arm\u00e9e nationale populaire \u00e0 adapter ses strat\u00e9gies de d\u00e9fense pour inclure la protection de l&rsquo;identit\u00e9 nationale comme enjeu de s\u00e9curit\u00e9 nationale.<\/p>\n\n\n\n<p>Le repr\u00e9sentant de la Direction g\u00e9n\u00e9rale de la S\u00fbret\u00e9 nationale a compl\u00e9t\u00e9 cette analyse en insistant sur \u00ab\u00a0l&rsquo;importance de la coordination et de la coop\u00e9ration avec les partenaires s\u00e9curitaires, les pouvoirs publics, les m\u00e9dias et la soci\u00e9t\u00e9 civile, en mati\u00e8re de sensibilisation aux risques de diffusion des rumeurs, des fausses informations et du discours de haine \u00e0 travers les technologies de l&rsquo;information et de la communication, pour cibler l&rsquo;unit\u00e9 nationale et les symboles et constantes de la nation\u00a0\u00bb.<\/p>\n\n\n\n<p>Hocine Fadheli<\/p>\n","protected":false},"excerpt":{"rendered":"<p>Dans un contexte g\u00e9opolitique marqu\u00e9 par l&rsquo;intensification des campagnes de d\u00e9sinformation et des attaques cybern\u00e9tiques visant les fondements identitaires des<\/p>\n","protected":false},"author":6,"featured_media":66627,"comment_status":"open","ping_status":"closed","sticky":false,"template":"","format":"standard","meta":{"colormag_page_container_layout":"default_layout","colormag_page_sidebar_layout":"default_layout","om_disable_all_campaigns":false,"_monsterinsights_skip_tracking":false,"_monsterinsights_sitenote_active":false,"_monsterinsights_sitenote_note":"","_monsterinsights_sitenote_category":0,"footnotes":"","_wpscppro_dont_share_socialmedia":false,"_wpscppro_custom_social_share_image":0,"_facebook_share_type":"default","_twitter_share_type":"default","_linkedin_share_type":"default","_pinterest_share_type":"default","_linkedin_share_type_page":"","_instagram_share_type":"default","_medium_share_type":"default","_threads_share_type":"","_google_business_share_type":"","_selected_social_profile":[],"_wpsp_enable_custom_social_template":false,"_wpsp_social_scheduling":{"enabled":false,"datetime":null,"platforms":[],"status":"template_only","dateOption":"today","timeOption":"now","customDays":"","customHours":"","customDate":"","customTime":"","schedulingType":"absolute"},"_wpsp_active_default_template":true},"categories":[27],"tags":[],"class_list":["post-68101","post","type-post","status-publish","format-standard","has-post-thumbnail","hentry","category-actualite"],"aioseo_notices":[],"yoast_head":"<!-- This site is optimized with the Yoast SEO plugin v27.5 - https:\/\/yoast.com\/product\/yoast-seo-wordpress\/ -->\n<title>D\u00e9sinformation et menaces cybern\u00e9tiques : Les experts mettent en garde - La Sentinelle<\/title>\n<meta name=\"robots\" content=\"index, follow, max-snippet:-1, max-image-preview:large, max-video-preview:-1\" \/>\n<link rel=\"canonical\" href=\"https:\/\/lasentinelle.dz\/index.php\/2025\/05\/28\/desinformation-et-menaces-cybernetiques-les-experts-mettent-en-garde\/\" \/>\n<meta property=\"og:locale\" content=\"fr_FR\" \/>\n<meta property=\"og:type\" content=\"article\" \/>\n<meta property=\"og:title\" content=\"D\u00e9sinformation et menaces cybern\u00e9tiques : Les experts mettent en garde - La Sentinelle\" \/>\n<meta property=\"og:description\" content=\"Dans un contexte g\u00e9opolitique marqu\u00e9 par l&rsquo;intensification des campagnes de d\u00e9sinformation et des attaques cybern\u00e9tiques visant les fondements identitaires des\" \/>\n<meta property=\"og:url\" content=\"https:\/\/lasentinelle.dz\/index.php\/2025\/05\/28\/desinformation-et-menaces-cybernetiques-les-experts-mettent-en-garde\/\" \/>\n<meta property=\"og:site_name\" content=\"La Sentinelle\" \/>\n<meta property=\"article:publisher\" content=\"https:\/\/www.facebook.com\/La-Sentinelle-104059864394773\" \/>\n<meta property=\"article:published_time\" content=\"2025-05-28T11:02:47+00:00\" \/>\n<meta property=\"article:modified_time\" content=\"2025-05-28T11:02:48+00:00\" \/>\n<meta property=\"og:image\" content=\"https:\/\/lasentinelle.dz\/wp-content\/uploads\/2025\/04\/desinformation.jpeg\" \/>\n\t<meta property=\"og:image:width\" content=\"900\" \/>\n\t<meta property=\"og:image:height\" content=\"600\" \/>\n\t<meta property=\"og:image:type\" content=\"image\/jpeg\" \/>\n<meta name=\"author\" content=\"admin\" \/>\n<meta name=\"twitter:card\" content=\"summary_large_image\" \/>\n<meta name=\"twitter:label1\" content=\"\u00c9crit par\" \/>\n\t<meta name=\"twitter:data1\" content=\"admin\" \/>\n\t<meta name=\"twitter:label2\" content=\"Dur\u00e9e de lecture estim\u00e9e\" \/>\n\t<meta name=\"twitter:data2\" content=\"4 minutes\" \/>\n<script type=\"application\/ld+json\" class=\"yoast-schema-graph\">{\"@context\":\"https:\\\/\\\/schema.org\",\"@graph\":[{\"@type\":\"Article\",\"@id\":\"https:\\\/\\\/lasentinelle.dz\\\/index.php\\\/2025\\\/05\\\/28\\\/desinformation-et-menaces-cybernetiques-les-experts-mettent-en-garde\\\/#article\",\"isPartOf\":{\"@id\":\"https:\\\/\\\/lasentinelle.dz\\\/index.php\\\/2025\\\/05\\\/28\\\/desinformation-et-menaces-cybernetiques-les-experts-mettent-en-garde\\\/\"},\"author\":{\"name\":\"admin\",\"@id\":\"https:\\\/\\\/lasentinelle.dz\\\/#\\\/schema\\\/person\\\/729ee0024f24e0b8c5ec17232f8e8b41\"},\"headline\":\"D\u00e9sinformation et menaces cybern\u00e9tiques : Les experts mettent en garde\",\"datePublished\":\"2025-05-28T11:02:47+00:00\",\"dateModified\":\"2025-05-28T11:02:48+00:00\",\"mainEntityOfPage\":{\"@id\":\"https:\\\/\\\/lasentinelle.dz\\\/index.php\\\/2025\\\/05\\\/28\\\/desinformation-et-menaces-cybernetiques-les-experts-mettent-en-garde\\\/\"},\"wordCount\":718,\"commentCount\":0,\"publisher\":{\"@id\":\"https:\\\/\\\/lasentinelle.dz\\\/#organization\"},\"image\":{\"@id\":\"https:\\\/\\\/lasentinelle.dz\\\/index.php\\\/2025\\\/05\\\/28\\\/desinformation-et-menaces-cybernetiques-les-experts-mettent-en-garde\\\/#primaryimage\"},\"thumbnailUrl\":\"https:\\\/\\\/lasentinelle.dz\\\/wp-content\\\/uploads\\\/2025\\\/04\\\/desinformation.jpeg\",\"articleSection\":[\"Actualit\u00e9\"],\"inLanguage\":\"fr-FR\",\"potentialAction\":[{\"@type\":\"CommentAction\",\"name\":\"Comment\",\"target\":[\"https:\\\/\\\/lasentinelle.dz\\\/index.php\\\/2025\\\/05\\\/28\\\/desinformation-et-menaces-cybernetiques-les-experts-mettent-en-garde\\\/#respond\"]}]},{\"@type\":\"WebPage\",\"@id\":\"https:\\\/\\\/lasentinelle.dz\\\/index.php\\\/2025\\\/05\\\/28\\\/desinformation-et-menaces-cybernetiques-les-experts-mettent-en-garde\\\/\",\"url\":\"https:\\\/\\\/lasentinelle.dz\\\/index.php\\\/2025\\\/05\\\/28\\\/desinformation-et-menaces-cybernetiques-les-experts-mettent-en-garde\\\/\",\"name\":\"D\u00e9sinformation et menaces cybern\u00e9tiques : Les experts mettent en garde - La Sentinelle\",\"isPartOf\":{\"@id\":\"https:\\\/\\\/lasentinelle.dz\\\/#website\"},\"primaryImageOfPage\":{\"@id\":\"https:\\\/\\\/lasentinelle.dz\\\/index.php\\\/2025\\\/05\\\/28\\\/desinformation-et-menaces-cybernetiques-les-experts-mettent-en-garde\\\/#primaryimage\"},\"image\":{\"@id\":\"https:\\\/\\\/lasentinelle.dz\\\/index.php\\\/2025\\\/05\\\/28\\\/desinformation-et-menaces-cybernetiques-les-experts-mettent-en-garde\\\/#primaryimage\"},\"thumbnailUrl\":\"https:\\\/\\\/lasentinelle.dz\\\/wp-content\\\/uploads\\\/2025\\\/04\\\/desinformation.jpeg\",\"datePublished\":\"2025-05-28T11:02:47+00:00\",\"dateModified\":\"2025-05-28T11:02:48+00:00\",\"breadcrumb\":{\"@id\":\"https:\\\/\\\/lasentinelle.dz\\\/index.php\\\/2025\\\/05\\\/28\\\/desinformation-et-menaces-cybernetiques-les-experts-mettent-en-garde\\\/#breadcrumb\"},\"inLanguage\":\"fr-FR\",\"potentialAction\":[{\"@type\":\"ReadAction\",\"target\":[\"https:\\\/\\\/lasentinelle.dz\\\/index.php\\\/2025\\\/05\\\/28\\\/desinformation-et-menaces-cybernetiques-les-experts-mettent-en-garde\\\/\"]}]},{\"@type\":\"ImageObject\",\"inLanguage\":\"fr-FR\",\"@id\":\"https:\\\/\\\/lasentinelle.dz\\\/index.php\\\/2025\\\/05\\\/28\\\/desinformation-et-menaces-cybernetiques-les-experts-mettent-en-garde\\\/#primaryimage\",\"url\":\"https:\\\/\\\/lasentinelle.dz\\\/wp-content\\\/uploads\\\/2025\\\/04\\\/desinformation.jpeg\",\"contentUrl\":\"https:\\\/\\\/lasentinelle.dz\\\/wp-content\\\/uploads\\\/2025\\\/04\\\/desinformation.jpeg\",\"width\":900,\"height\":600,\"caption\":\"Fake news, false information fly into a person. Information war, hybrid war, war in the media space. Cyber warfare, DDoS attack, fakes, hackers and cybercrime, phishing, propaganda\"},{\"@type\":\"BreadcrumbList\",\"@id\":\"https:\\\/\\\/lasentinelle.dz\\\/index.php\\\/2025\\\/05\\\/28\\\/desinformation-et-menaces-cybernetiques-les-experts-mettent-en-garde\\\/#breadcrumb\",\"itemListElement\":[{\"@type\":\"ListItem\",\"position\":1,\"name\":\"Accueil\",\"item\":\"https:\\\/\\\/lasentinelle.dz\\\/\"},{\"@type\":\"ListItem\",\"position\":2,\"name\":\"D\u00e9sinformation et menaces cybern\u00e9tiques : Les experts mettent en garde\"}]},{\"@type\":\"WebSite\",\"@id\":\"https:\\\/\\\/lasentinelle.dz\\\/#website\",\"url\":\"https:\\\/\\\/lasentinelle.dz\\\/\",\"name\":\"La Sentinelle\",\"description\":\"Quotidien national d&#039;information\",\"publisher\":{\"@id\":\"https:\\\/\\\/lasentinelle.dz\\\/#organization\"},\"potentialAction\":[{\"@type\":\"SearchAction\",\"target\":{\"@type\":\"EntryPoint\",\"urlTemplate\":\"https:\\\/\\\/lasentinelle.dz\\\/?s={search_term_string}\"},\"query-input\":{\"@type\":\"PropertyValueSpecification\",\"valueRequired\":true,\"valueName\":\"search_term_string\"}}],\"inLanguage\":\"fr-FR\"},{\"@type\":\"Organization\",\"@id\":\"https:\\\/\\\/lasentinelle.dz\\\/#organization\",\"name\":\"Quotidien La Sentinelle\",\"url\":\"https:\\\/\\\/lasentinelle.dz\\\/\",\"logo\":{\"@type\":\"ImageObject\",\"inLanguage\":\"fr-FR\",\"@id\":\"https:\\\/\\\/lasentinelle.dz\\\/#\\\/schema\\\/logo\\\/image\\\/\",\"url\":\"https:\\\/\\\/lasentinelle.dz\\\/wp-content\\\/uploads\\\/2021\\\/09\\\/logo-sentinelleSLOGAN-1.png\",\"contentUrl\":\"https:\\\/\\\/lasentinelle.dz\\\/wp-content\\\/uploads\\\/2021\\\/09\\\/logo-sentinelleSLOGAN-1.png\",\"width\":615,\"height\":142,\"caption\":\"Quotidien La Sentinelle\"},\"image\":{\"@id\":\"https:\\\/\\\/lasentinelle.dz\\\/#\\\/schema\\\/logo\\\/image\\\/\"},\"sameAs\":[\"https:\\\/\\\/www.facebook.com\\\/La-Sentinelle-104059864394773\"]},{\"@type\":\"Person\",\"@id\":\"https:\\\/\\\/lasentinelle.dz\\\/#\\\/schema\\\/person\\\/729ee0024f24e0b8c5ec17232f8e8b41\",\"name\":\"admin\",\"image\":{\"@type\":\"ImageObject\",\"inLanguage\":\"fr-FR\",\"@id\":\"https:\\\/\\\/secure.gravatar.com\\\/avatar\\\/4c81fed838786e9b53f540bf46533e750f5d292099ae3b66cfc6fb1982e29df7?s=96&d=mm&r=g\",\"url\":\"https:\\\/\\\/secure.gravatar.com\\\/avatar\\\/4c81fed838786e9b53f540bf46533e750f5d292099ae3b66cfc6fb1982e29df7?s=96&d=mm&r=g\",\"contentUrl\":\"https:\\\/\\\/secure.gravatar.com\\\/avatar\\\/4c81fed838786e9b53f540bf46533e750f5d292099ae3b66cfc6fb1982e29df7?s=96&d=mm&r=g\",\"caption\":\"admin\"},\"description\":\"admin\",\"url\":\"https:\\\/\\\/lasentinelle.dz\\\/author\\\/admin\\\/\"}]}<\/script>\n<!-- \/ Yoast SEO plugin. -->","yoast_head_json":{"title":"D\u00e9sinformation et menaces cybern\u00e9tiques : Les experts mettent en garde - La Sentinelle","robots":{"index":"index","follow":"follow","max-snippet":"max-snippet:-1","max-image-preview":"max-image-preview:large","max-video-preview":"max-video-preview:-1"},"canonical":"https:\/\/lasentinelle.dz\/index.php\/2025\/05\/28\/desinformation-et-menaces-cybernetiques-les-experts-mettent-en-garde\/","og_locale":"fr_FR","og_type":"article","og_title":"D\u00e9sinformation et menaces cybern\u00e9tiques : Les experts mettent en garde - La Sentinelle","og_description":"Dans un contexte g\u00e9opolitique marqu\u00e9 par l&rsquo;intensification des campagnes de d\u00e9sinformation et des attaques cybern\u00e9tiques visant les fondements identitaires des","og_url":"https:\/\/lasentinelle.dz\/index.php\/2025\/05\/28\/desinformation-et-menaces-cybernetiques-les-experts-mettent-en-garde\/","og_site_name":"La Sentinelle","article_publisher":"https:\/\/www.facebook.com\/La-Sentinelle-104059864394773","article_published_time":"2025-05-28T11:02:47+00:00","article_modified_time":"2025-05-28T11:02:48+00:00","og_image":[{"width":900,"height":600,"url":"https:\/\/lasentinelle.dz\/wp-content\/uploads\/2025\/04\/desinformation.jpeg","type":"image\/jpeg"}],"author":"admin","twitter_card":"summary_large_image","twitter_misc":{"\u00c9crit par":"admin","Dur\u00e9e de lecture estim\u00e9e":"4 minutes"},"schema":{"@context":"https:\/\/schema.org","@graph":[{"@type":"Article","@id":"https:\/\/lasentinelle.dz\/index.php\/2025\/05\/28\/desinformation-et-menaces-cybernetiques-les-experts-mettent-en-garde\/#article","isPartOf":{"@id":"https:\/\/lasentinelle.dz\/index.php\/2025\/05\/28\/desinformation-et-menaces-cybernetiques-les-experts-mettent-en-garde\/"},"author":{"name":"admin","@id":"https:\/\/lasentinelle.dz\/#\/schema\/person\/729ee0024f24e0b8c5ec17232f8e8b41"},"headline":"D\u00e9sinformation et menaces cybern\u00e9tiques : Les experts mettent en garde","datePublished":"2025-05-28T11:02:47+00:00","dateModified":"2025-05-28T11:02:48+00:00","mainEntityOfPage":{"@id":"https:\/\/lasentinelle.dz\/index.php\/2025\/05\/28\/desinformation-et-menaces-cybernetiques-les-experts-mettent-en-garde\/"},"wordCount":718,"commentCount":0,"publisher":{"@id":"https:\/\/lasentinelle.dz\/#organization"},"image":{"@id":"https:\/\/lasentinelle.dz\/index.php\/2025\/05\/28\/desinformation-et-menaces-cybernetiques-les-experts-mettent-en-garde\/#primaryimage"},"thumbnailUrl":"https:\/\/lasentinelle.dz\/wp-content\/uploads\/2025\/04\/desinformation.jpeg","articleSection":["Actualit\u00e9"],"inLanguage":"fr-FR","potentialAction":[{"@type":"CommentAction","name":"Comment","target":["https:\/\/lasentinelle.dz\/index.php\/2025\/05\/28\/desinformation-et-menaces-cybernetiques-les-experts-mettent-en-garde\/#respond"]}]},{"@type":"WebPage","@id":"https:\/\/lasentinelle.dz\/index.php\/2025\/05\/28\/desinformation-et-menaces-cybernetiques-les-experts-mettent-en-garde\/","url":"https:\/\/lasentinelle.dz\/index.php\/2025\/05\/28\/desinformation-et-menaces-cybernetiques-les-experts-mettent-en-garde\/","name":"D\u00e9sinformation et menaces cybern\u00e9tiques : Les experts mettent en garde - La Sentinelle","isPartOf":{"@id":"https:\/\/lasentinelle.dz\/#website"},"primaryImageOfPage":{"@id":"https:\/\/lasentinelle.dz\/index.php\/2025\/05\/28\/desinformation-et-menaces-cybernetiques-les-experts-mettent-en-garde\/#primaryimage"},"image":{"@id":"https:\/\/lasentinelle.dz\/index.php\/2025\/05\/28\/desinformation-et-menaces-cybernetiques-les-experts-mettent-en-garde\/#primaryimage"},"thumbnailUrl":"https:\/\/lasentinelle.dz\/wp-content\/uploads\/2025\/04\/desinformation.jpeg","datePublished":"2025-05-28T11:02:47+00:00","dateModified":"2025-05-28T11:02:48+00:00","breadcrumb":{"@id":"https:\/\/lasentinelle.dz\/index.php\/2025\/05\/28\/desinformation-et-menaces-cybernetiques-les-experts-mettent-en-garde\/#breadcrumb"},"inLanguage":"fr-FR","potentialAction":[{"@type":"ReadAction","target":["https:\/\/lasentinelle.dz\/index.php\/2025\/05\/28\/desinformation-et-menaces-cybernetiques-les-experts-mettent-en-garde\/"]}]},{"@type":"ImageObject","inLanguage":"fr-FR","@id":"https:\/\/lasentinelle.dz\/index.php\/2025\/05\/28\/desinformation-et-menaces-cybernetiques-les-experts-mettent-en-garde\/#primaryimage","url":"https:\/\/lasentinelle.dz\/wp-content\/uploads\/2025\/04\/desinformation.jpeg","contentUrl":"https:\/\/lasentinelle.dz\/wp-content\/uploads\/2025\/04\/desinformation.jpeg","width":900,"height":600,"caption":"Fake news, false information fly into a person. Information war, hybrid war, war in the media space. Cyber warfare, DDoS attack, fakes, hackers and cybercrime, phishing, propaganda"},{"@type":"BreadcrumbList","@id":"https:\/\/lasentinelle.dz\/index.php\/2025\/05\/28\/desinformation-et-menaces-cybernetiques-les-experts-mettent-en-garde\/#breadcrumb","itemListElement":[{"@type":"ListItem","position":1,"name":"Accueil","item":"https:\/\/lasentinelle.dz\/"},{"@type":"ListItem","position":2,"name":"D\u00e9sinformation et menaces cybern\u00e9tiques : Les experts mettent en garde"}]},{"@type":"WebSite","@id":"https:\/\/lasentinelle.dz\/#website","url":"https:\/\/lasentinelle.dz\/","name":"La Sentinelle","description":"Quotidien national d&#039;information","publisher":{"@id":"https:\/\/lasentinelle.dz\/#organization"},"potentialAction":[{"@type":"SearchAction","target":{"@type":"EntryPoint","urlTemplate":"https:\/\/lasentinelle.dz\/?s={search_term_string}"},"query-input":{"@type":"PropertyValueSpecification","valueRequired":true,"valueName":"search_term_string"}}],"inLanguage":"fr-FR"},{"@type":"Organization","@id":"https:\/\/lasentinelle.dz\/#organization","name":"Quotidien La Sentinelle","url":"https:\/\/lasentinelle.dz\/","logo":{"@type":"ImageObject","inLanguage":"fr-FR","@id":"https:\/\/lasentinelle.dz\/#\/schema\/logo\/image\/","url":"https:\/\/lasentinelle.dz\/wp-content\/uploads\/2021\/09\/logo-sentinelleSLOGAN-1.png","contentUrl":"https:\/\/lasentinelle.dz\/wp-content\/uploads\/2021\/09\/logo-sentinelleSLOGAN-1.png","width":615,"height":142,"caption":"Quotidien La Sentinelle"},"image":{"@id":"https:\/\/lasentinelle.dz\/#\/schema\/logo\/image\/"},"sameAs":["https:\/\/www.facebook.com\/La-Sentinelle-104059864394773"]},{"@type":"Person","@id":"https:\/\/lasentinelle.dz\/#\/schema\/person\/729ee0024f24e0b8c5ec17232f8e8b41","name":"admin","image":{"@type":"ImageObject","inLanguage":"fr-FR","@id":"https:\/\/secure.gravatar.com\/avatar\/4c81fed838786e9b53f540bf46533e750f5d292099ae3b66cfc6fb1982e29df7?s=96&d=mm&r=g","url":"https:\/\/secure.gravatar.com\/avatar\/4c81fed838786e9b53f540bf46533e750f5d292099ae3b66cfc6fb1982e29df7?s=96&d=mm&r=g","contentUrl":"https:\/\/secure.gravatar.com\/avatar\/4c81fed838786e9b53f540bf46533e750f5d292099ae3b66cfc6fb1982e29df7?s=96&d=mm&r=g","caption":"admin"},"description":"admin","url":"https:\/\/lasentinelle.dz\/author\/admin\/"}]}},"_links":{"self":[{"href":"https:\/\/lasentinelle.dz\/index.php\/wp-json\/wp\/v2\/posts\/68101","targetHints":{"allow":["GET"]}}],"collection":[{"href":"https:\/\/lasentinelle.dz\/index.php\/wp-json\/wp\/v2\/posts"}],"about":[{"href":"https:\/\/lasentinelle.dz\/index.php\/wp-json\/wp\/v2\/types\/post"}],"author":[{"embeddable":true,"href":"https:\/\/lasentinelle.dz\/index.php\/wp-json\/wp\/v2\/users\/6"}],"replies":[{"embeddable":true,"href":"https:\/\/lasentinelle.dz\/index.php\/wp-json\/wp\/v2\/comments?post=68101"}],"version-history":[{"count":1,"href":"https:\/\/lasentinelle.dz\/index.php\/wp-json\/wp\/v2\/posts\/68101\/revisions"}],"predecessor-version":[{"id":68102,"href":"https:\/\/lasentinelle.dz\/index.php\/wp-json\/wp\/v2\/posts\/68101\/revisions\/68102"}],"wp:featuredmedia":[{"embeddable":true,"href":"https:\/\/lasentinelle.dz\/index.php\/wp-json\/wp\/v2\/media\/66627"}],"wp:attachment":[{"href":"https:\/\/lasentinelle.dz\/index.php\/wp-json\/wp\/v2\/media?parent=68101"}],"wp:term":[{"taxonomy":"category","embeddable":true,"href":"https:\/\/lasentinelle.dz\/index.php\/wp-json\/wp\/v2\/categories?post=68101"},{"taxonomy":"post_tag","embeddable":true,"href":"https:\/\/lasentinelle.dz\/index.php\/wp-json\/wp\/v2\/tags?post=68101"}],"curies":[{"name":"wp","href":"https:\/\/api.w.org\/{rel}","templated":true}]}}