{"id":68103,"date":"2025-05-28T12:03:44","date_gmt":"2025-05-28T11:03:44","guid":{"rendered":"https:\/\/lasentinelle.dz\/?p=68103"},"modified":"2025-05-28T12:03:45","modified_gmt":"2025-05-28T11:03:45","slug":"exercice-salam-north-africa-iii-lalgerie-promoteur-de-la-paix-en-afrique","status":"publish","type":"post","link":"https:\/\/lasentinelle.dz\/index.php\/2025\/05\/28\/exercice-salam-north-africa-iii-lalgerie-promoteur-de-la-paix-en-afrique\/","title":{"rendered":"Exercice \u00ab\u00a0Salam North Africa III\u00a0\u00bb: L&rsquo;Alg\u00e9rie promoteur de la paix en Afrique"},"content":{"rendered":"\n<p>L&rsquo;exercice \u00ab\u00a0Salam North Africa III\u00a0\u00bb rev\u00eat une importance strat\u00e9gique particuli\u00e8re dans l&rsquo;architecture s\u00e9curitaire africaine.<\/p>\n\n\n\n<p>Dans un contexte continental marqu\u00e9 par la prolif\u00e9ration des crises s\u00e9curitaires et l&rsquo;instabilit\u00e9 g\u00e9opolitique croissante, l&rsquo;Alg\u00e9rie s&rsquo;affirme comme un acteur majeur de la diplomatie africaine en accueillant l&rsquo;exercice militaire \u00ab\u00a0Salam North Africa III\u00a0\u00bb de la Capacit\u00e9 R\u00e9gionale de l&rsquo;Afrique du Nord. Cet \u00e9v\u00e9nement d&rsquo;envergure, qui s&rsquo;est d\u00e9roul\u00e9 du 17 au 29 mai \u00e0 l&rsquo;\u00c9cole Sup\u00e9rieure de l&rsquo;Infanterie \u00ab\u00a0Djelloul Abidat\u00a0\u00bb de Cherchell, illustre parfaitement la strat\u00e9gie alg\u00e9rienne de promotion de la paix et de la s\u00e9curit\u00e9 continentales \u00e0 travers une approche multilat\u00e9rale coordonn\u00e9e. L&rsquo;exercice \u00ab\u00a0Salam North Africa III\u00a0\u00bb rev\u00eat une importance strat\u00e9gique particuli\u00e8re dans l&rsquo;architecture s\u00e9curitaire africaine. Il intervient dans le cadre du renforcement de la disponibilit\u00e9 op\u00e9rationnelle de la Capacit\u00e9 R\u00e9gionale de l&rsquo;Afrique du Nord, m\u00e9canisme cl\u00e9 de la Force africaine en attente sous l&rsquo;\u00e9gide de l&rsquo;Union africaine. Cette initiative s&rsquo;inscrit dans une dynamique continentale visant \u00e0 mat\u00e9rialiser le principe fondamental \u00ab\u00a0des solutions africaines aux probl\u00e8mes africains\u00a0\u00bb, concept qui guide d\u00e9sormais les approches de r\u00e9solution des conflits sur le continent.<\/p>\n\n\n\n<p>Le G\u00e9n\u00e9ral d&rsquo;Arm\u00e9e Sa\u00efd Chanegriha, ministre D\u00e9l\u00e9gu\u00e9 aupr\u00e8s du ministre de la D\u00e9fense nationale et Chef d&rsquo;\u00c9tat-major de l&rsquo;ANP, a soulign\u00e9 la port\u00e9e symbolique et op\u00e9rationnelle de cet exercice lors de son allocution d&rsquo;ouverture. \u00ab\u00a0Il m&rsquo;est agr\u00e9able, \u00e0 l&rsquo;entame de cette allocution, de vous souhaiter \u00e0 tous la bienvenue en Alg\u00e9rie, \u00e0 l&rsquo;occasion du lancement de l&rsquo;exercice Salam North Africa III, qui co\u00efncide avec notre c\u00e9l\u00e9bration, hier, de la Journ\u00e9e de l&rsquo;Afrique, et qui s&rsquo;inscrit dans le cadre de la mise en \u0153uvre de nos engagements constants pour soutenir les m\u00e9canismes de paix et de s\u00e9curit\u00e9 continentales et pour renforcer les liens de coop\u00e9ration militaire r\u00e9gionale, sous la banni\u00e8re de l&rsquo;Union africaine, dans le but d&rsquo;atteindre les objectifs strat\u00e9giques de paix et de s\u00e9curit\u00e9 en Afrique, notamment en \u0153uvrant \u00e0 rendre notre continent plus stable et prosp\u00e8re\u00a0\u00bb, a-t-il d\u00e9clar\u00e9.<\/p>\n\n\n\n<p>Le G\u00e9n\u00e9ral d&rsquo;Arm\u00e9e a \u00e9galement mis en avant la dimension diplomatique de cette initiative : \u00ab\u00a0C&rsquo;est l&rsquo;objectif que poursuit mon pays l&rsquo;Alg\u00e9rie, qui a l&rsquo;honneur d&rsquo;avoir \u00e9t\u00e9 \u00e9lue, une nouvelle fois, membre du Conseil de paix et de s\u00e9curit\u00e9 de l&rsquo;Union africaine\u00a0\u00bb, saisissant cette occasion pour transmettre \u00ab\u00a0les salutations de Monsieur le Pr\u00e9sident de la R\u00e9publique, Abdelmadjid Tebboune, Chef supr\u00eame des Forces arm\u00e9es, ministre de la D\u00e9fense nationale, qui accorde une importance majeure \u00e0 l&rsquo;activation des m\u00e9canismes africains de coop\u00e9ration, en particulier dans notre espace g\u00e9ographique commun en Afrique du Nord\u00a0\u00bb.<\/p>\n\n\n\n<p>L&rsquo;exercice \u00ab\u00a0Salam North Africa III\u00a0\u00bb constitue bien plus qu&rsquo;un simple entra\u00eenement militaire. Il repr\u00e9sente une simulation d&rsquo;op\u00e9ration multidimensionnelle de soutien \u00e0 la paix, con\u00e7ue pour maintenir un niveau \u00e9lev\u00e9 de disponibilit\u00e9 op\u00e9rationnelle et assurer une r\u00e9silience rapide face aux situations d&rsquo;urgence. Cette approche holistique int\u00e8gre les dimensions militaires, polici\u00e8res et civiles des op\u00e9rations de maintien de la paix, refl\u00e9tant l&rsquo;\u00e9volution moderne des conflits qui n\u00e9cessitent des r\u00e9ponses complexes et coordonn\u00e9es.<\/p>\n\n\n\n<p>Le G\u00e9n\u00e9ral-major Belkacem Hassanat, Chef du D\u00e9partement Emploi-Pr\u00e9paration de l&rsquo;\u00c9tat-major de l&rsquo;ANP, a supervis\u00e9 le lancement effectif de l&rsquo;exercice en pr\u00e9sence des repr\u00e9sentants des \u00c9tats-majors des pays membres de la NARC, du Secr\u00e9taire ex\u00e9cutif de la Capacit\u00e9, ainsi que des experts de la Commission de l&rsquo;Union africaine et du m\u00e9canisme de coop\u00e9ration polici\u00e8re africaine AFRIPOL. Cette participation multinationale et multi-institutionnelle t\u00e9moigne de la maturit\u00e9 des m\u00e9canismes de coop\u00e9ration s\u00e9curitaire en Afrique du Nord et de leur int\u00e9gration progressive dans l&rsquo;architecture continentale de paix et de s\u00e9curit\u00e9.<\/p>\n\n\n\n<p>L&rsquo;importance strat\u00e9gique de cet exercice d\u00e9passe le cadre purement militaire pour s&rsquo;inscrire dans une logique g\u00e9opolitique plus large. Dans un environnement international marqu\u00e9 par l&rsquo;instabilit\u00e9, les tensions r\u00e9gionales et la r\u00e9surgence des conflits asym\u00e9triques, l&rsquo;Alg\u00e9rie se positionne comme une zone de stabilit\u00e9 relative gr\u00e2ce \u00e0 des initiatives comme \u00ab\u00a0Salam North Africa III\u00a0\u00bb. Cette stabilit\u00e9 constitue un pr\u00e9requis essentiel au d\u00e9veloppement \u00e9conomique et social des pays de la r\u00e9gion, ainsi qu&rsquo;\u00e0 leur capacit\u00e9 \u00e0 faire face aux d\u00e9fis s\u00e9curitaires transnationaux tels que le terrorisme, le trafic d&rsquo;armes et les migrations irr\u00e9guli\u00e8res.<\/p>\n\n\n\n<p>La validation r\u00e9cente de la disponibilit\u00e9 op\u00e9rationnelle de la Capacit\u00e9 R\u00e9gionale de l&rsquo;Afrique du Nord par la Commission de l&rsquo;Union africaine conf\u00e8re \u00e0 cet exercice une dimension particuli\u00e8rement significative. Elle marque en effet l&rsquo;aboutissement d&rsquo;un processus de d\u00e9veloppement des capacit\u00e9s qui permet d\u00e9sormais \u00e0 cette force r\u00e9gionale d&rsquo;\u00eatre d\u00e9ploy\u00e9e pour des missions concr\u00e8tes de soutien \u00e0 la paix. L&rsquo;organisation de \u00ab\u00a0Salam North Africa III\u00a0\u00bb en Alg\u00e9rie t\u00e9moigne \u00e9galement de la confiance accord\u00e9e par les partenaires africains aux capacit\u00e9s logistiques et organisationnelles du pays. Cette confiance se traduit par la mise \u00e0 disposition d&rsquo;infrastructures de formation de premier plan, notamment l&rsquo;\u00c9cole Sup\u00e9rieure de l&rsquo;Infanterie de Cherchell, institution de r\u00e9f\u00e9rence dans la formation militaire en Afrique. L&rsquo;expertise alg\u00e9rienne en mati\u00e8re d&rsquo;organisation d&rsquo;exercices multinationaux, d\u00e9velopp\u00e9e au fil des ann\u00e9es, fait du pays un partenaire privil\u00e9gi\u00e9 pour ce type d&rsquo;initiatives continentales.<\/p>\n\n\n\n<p>Salim Amokrane<\/p>\n\n\n\n<p><strong>Le Secr\u00e9taire g\u00e9n\u00e9ral du minist\u00e8re de la D\u00e9fense nationale re\u00e7oit l&rsquo;ambassadeur de la R\u00e9publique de Cor\u00e9e<\/strong><\/p>\n\n\n\n<p>Le G\u00e9n\u00e9ral-major Mohamed Salah Benbicha, Secr\u00e9taire g\u00e9n\u00e9ral du minist\u00e8re de la D\u00e9fense nationale (MDN) a re\u00e7u, mardi \u00e0 Alger, l&rsquo;ambassadeur de la R\u00e9publique de Cor\u00e9e en Alg\u00e9rie, M. You Ki-Jun, indique un communiqu\u00e9 du MDN. \u00ab\u00a0Monsieur le G\u00e9n\u00e9ral-major Mohamed Salah Benbicha, Secr\u00e9taire g\u00e9n\u00e9ral du minist\u00e8re de la D\u00e9fense nationale, a re\u00e7u en audience, ce mardi 27 mai 2025, au niveau du si\u00e8ge du MDN, son Excellence Monsieur You Ki-Jun, ambassadeur de la R\u00e9publique de Cor\u00e9e en Alg\u00e9rie, accompagn\u00e9 d&rsquo;une d\u00e9l\u00e9gation\u00a0\u00bb, pr\u00e9cise la m\u00eame source. A cette occasion, les deux parties ont tenu \u00ab\u00a0des discussions bilat\u00e9rales en pr\u00e9sence du Chef du D\u00e9partement des approvisionnements, du Directeur des fabrications militaires, du Directeur des relations ext\u00e9rieures et de la coop\u00e9ration, ainsi que du Directeur des affaires juridiques au MDN, aux c\u00f4t\u00e9s de l&rsquo;attach\u00e9e de D\u00e9fense cor\u00e9en \u00e0 Alger\u00a0\u00bb. \u00ab\u00a0Ces discussions ont port\u00e9 sur les domaines d&rsquo;int\u00e9r\u00eat commun, \u00e0 l&rsquo;issue desquelles les deux parties ont proc\u00e9d\u00e9 \u00e0 l&rsquo;\u00e9change officiel du m\u00e9morandum d&rsquo;entente relatif \u00e0 la coop\u00e9ration en mati\u00e8re de d\u00e9fense, conclu entre les minist\u00e8res de la D\u00e9fense nationale des deux pays\u00a0\u00bb, ajoute le communiqu\u00e9. Les deux parties ont, \u00e9galement, \u00ab\u00a0salu\u00e9 l&rsquo;excellence des relations bilat\u00e9rales ainsi que les m\u00e9canismes de concertation et de coop\u00e9ration \u00e9tablis entre elles\u00a0\u00bb, souligne le communiqu\u00e9 du MDN, ajoutant qu'\u00a0\u00bb\u00e0 l&rsquo;issue, les deux parties ont \u00e9chang\u00e9 des pr\u00e9sents symboliques\u00a0\u00bb.<\/p>\n\n\n\n<p>APS<\/p>\n","protected":false},"excerpt":{"rendered":"<p>L&rsquo;exercice \u00ab\u00a0Salam North Africa III\u00a0\u00bb rev\u00eat une importance strat\u00e9gique particuli\u00e8re dans l&rsquo;architecture s\u00e9curitaire africaine. Dans un contexte continental marqu\u00e9 par<\/p>\n","protected":false},"author":6,"featured_media":68104,"comment_status":"open","ping_status":"closed","sticky":false,"template":"","format":"standard","meta":{"colormag_page_container_layout":"default_layout","colormag_page_sidebar_layout":"default_layout","om_disable_all_campaigns":false,"_monsterinsights_skip_tracking":false,"_monsterinsights_sitenote_active":false,"_monsterinsights_sitenote_note":"","_monsterinsights_sitenote_category":0,"footnotes":"","_wpscppro_dont_share_socialmedia":false,"_wpscppro_custom_social_share_image":0,"_facebook_share_type":"default","_twitter_share_type":"default","_linkedin_share_type":"default","_pinterest_share_type":"default","_linkedin_share_type_page":"","_instagram_share_type":"default","_medium_share_type":"default","_threads_share_type":"","_google_business_share_type":"","_selected_social_profile":[],"_wpsp_enable_custom_social_template":false,"_wpsp_social_scheduling":{"enabled":false,"datetime":null,"platforms":[],"status":"template_only","dateOption":"today","timeOption":"now","customDays":"","customHours":"","customDate":"","customTime":"","schedulingType":"absolute"},"_wpsp_active_default_template":true},"categories":[52,27],"tags":[],"class_list":["post-68103","post","type-post","status-publish","format-standard","has-post-thumbnail","hentry","category-a-la-une","category-actualite"],"aioseo_notices":[],"yoast_head":"<!-- This site is optimized with the Yoast SEO plugin v27.5 - https:\/\/yoast.com\/product\/yoast-seo-wordpress\/ -->\n<title>Exercice \u00ab\u00a0Salam North Africa III\u00a0\u00bb: L&rsquo;Alg\u00e9rie promoteur de la paix en Afrique - La Sentinelle<\/title>\n<meta name=\"robots\" content=\"index, follow, max-snippet:-1, max-image-preview:large, max-video-preview:-1\" \/>\n<link rel=\"canonical\" href=\"https:\/\/lasentinelle.dz\/index.php\/2025\/05\/28\/exercice-salam-north-africa-iii-lalgerie-promoteur-de-la-paix-en-afrique\/\" \/>\n<meta property=\"og:locale\" content=\"fr_FR\" \/>\n<meta property=\"og:type\" content=\"article\" \/>\n<meta property=\"og:title\" content=\"Exercice \u00ab\u00a0Salam North Africa III\u00a0\u00bb: L&rsquo;Alg\u00e9rie promoteur de la paix en Afrique - La Sentinelle\" \/>\n<meta property=\"og:description\" content=\"L&rsquo;exercice \u00ab\u00a0Salam North Africa III\u00a0\u00bb rev\u00eat une importance strat\u00e9gique particuli\u00e8re dans l&rsquo;architecture s\u00e9curitaire africaine. Dans un contexte continental marqu\u00e9 par\" \/>\n<meta property=\"og:url\" content=\"https:\/\/lasentinelle.dz\/index.php\/2025\/05\/28\/exercice-salam-north-africa-iii-lalgerie-promoteur-de-la-paix-en-afrique\/\" \/>\n<meta property=\"og:site_name\" content=\"La Sentinelle\" \/>\n<meta property=\"article:publisher\" content=\"https:\/\/www.facebook.com\/La-Sentinelle-104059864394773\" \/>\n<meta property=\"article:published_time\" content=\"2025-05-28T11:03:44+00:00\" \/>\n<meta property=\"article:modified_time\" content=\"2025-05-28T11:03:45+00:00\" \/>\n<meta property=\"og:image\" content=\"https:\/\/lasentinelle.dz\/wp-content\/uploads\/2025\/05\/exercice.jpg\" \/>\n\t<meta property=\"og:image:width\" content=\"2048\" \/>\n\t<meta property=\"og:image:height\" content=\"1365\" \/>\n\t<meta property=\"og:image:type\" content=\"image\/jpeg\" \/>\n<meta name=\"author\" content=\"admin\" \/>\n<meta name=\"twitter:card\" content=\"summary_large_image\" \/>\n<meta name=\"twitter:label1\" content=\"\u00c9crit par\" \/>\n\t<meta name=\"twitter:data1\" content=\"admin\" \/>\n\t<meta name=\"twitter:label2\" content=\"Dur\u00e9e de lecture estim\u00e9e\" \/>\n\t<meta name=\"twitter:data2\" content=\"6 minutes\" \/>\n<script type=\"application\/ld+json\" class=\"yoast-schema-graph\">{\"@context\":\"https:\\\/\\\/schema.org\",\"@graph\":[{\"@type\":\"Article\",\"@id\":\"https:\\\/\\\/lasentinelle.dz\\\/index.php\\\/2025\\\/05\\\/28\\\/exercice-salam-north-africa-iii-lalgerie-promoteur-de-la-paix-en-afrique\\\/#article\",\"isPartOf\":{\"@id\":\"https:\\\/\\\/lasentinelle.dz\\\/index.php\\\/2025\\\/05\\\/28\\\/exercice-salam-north-africa-iii-lalgerie-promoteur-de-la-paix-en-afrique\\\/\"},\"author\":{\"name\":\"admin\",\"@id\":\"https:\\\/\\\/lasentinelle.dz\\\/#\\\/schema\\\/person\\\/729ee0024f24e0b8c5ec17232f8e8b41\"},\"headline\":\"Exercice \u00ab\u00a0Salam North Africa III\u00a0\u00bb: L&rsquo;Alg\u00e9rie promoteur de la paix en Afrique\",\"datePublished\":\"2025-05-28T11:03:44+00:00\",\"dateModified\":\"2025-05-28T11:03:45+00:00\",\"mainEntityOfPage\":{\"@id\":\"https:\\\/\\\/lasentinelle.dz\\\/index.php\\\/2025\\\/05\\\/28\\\/exercice-salam-north-africa-iii-lalgerie-promoteur-de-la-paix-en-afrique\\\/\"},\"wordCount\":1283,\"commentCount\":0,\"publisher\":{\"@id\":\"https:\\\/\\\/lasentinelle.dz\\\/#organization\"},\"image\":{\"@id\":\"https:\\\/\\\/lasentinelle.dz\\\/index.php\\\/2025\\\/05\\\/28\\\/exercice-salam-north-africa-iii-lalgerie-promoteur-de-la-paix-en-afrique\\\/#primaryimage\"},\"thumbnailUrl\":\"https:\\\/\\\/lasentinelle.dz\\\/wp-content\\\/uploads\\\/2025\\\/05\\\/exercice.jpg\",\"articleSection\":[\"\u00c0 la Une\",\"Actualit\u00e9\"],\"inLanguage\":\"fr-FR\",\"potentialAction\":[{\"@type\":\"CommentAction\",\"name\":\"Comment\",\"target\":[\"https:\\\/\\\/lasentinelle.dz\\\/index.php\\\/2025\\\/05\\\/28\\\/exercice-salam-north-africa-iii-lalgerie-promoteur-de-la-paix-en-afrique\\\/#respond\"]}]},{\"@type\":\"WebPage\",\"@id\":\"https:\\\/\\\/lasentinelle.dz\\\/index.php\\\/2025\\\/05\\\/28\\\/exercice-salam-north-africa-iii-lalgerie-promoteur-de-la-paix-en-afrique\\\/\",\"url\":\"https:\\\/\\\/lasentinelle.dz\\\/index.php\\\/2025\\\/05\\\/28\\\/exercice-salam-north-africa-iii-lalgerie-promoteur-de-la-paix-en-afrique\\\/\",\"name\":\"Exercice \u00ab\u00a0Salam North Africa III\u00a0\u00bb: L&rsquo;Alg\u00e9rie promoteur de la paix en Afrique - La Sentinelle\",\"isPartOf\":{\"@id\":\"https:\\\/\\\/lasentinelle.dz\\\/#website\"},\"primaryImageOfPage\":{\"@id\":\"https:\\\/\\\/lasentinelle.dz\\\/index.php\\\/2025\\\/05\\\/28\\\/exercice-salam-north-africa-iii-lalgerie-promoteur-de-la-paix-en-afrique\\\/#primaryimage\"},\"image\":{\"@id\":\"https:\\\/\\\/lasentinelle.dz\\\/index.php\\\/2025\\\/05\\\/28\\\/exercice-salam-north-africa-iii-lalgerie-promoteur-de-la-paix-en-afrique\\\/#primaryimage\"},\"thumbnailUrl\":\"https:\\\/\\\/lasentinelle.dz\\\/wp-content\\\/uploads\\\/2025\\\/05\\\/exercice.jpg\",\"datePublished\":\"2025-05-28T11:03:44+00:00\",\"dateModified\":\"2025-05-28T11:03:45+00:00\",\"breadcrumb\":{\"@id\":\"https:\\\/\\\/lasentinelle.dz\\\/index.php\\\/2025\\\/05\\\/28\\\/exercice-salam-north-africa-iii-lalgerie-promoteur-de-la-paix-en-afrique\\\/#breadcrumb\"},\"inLanguage\":\"fr-FR\",\"potentialAction\":[{\"@type\":\"ReadAction\",\"target\":[\"https:\\\/\\\/lasentinelle.dz\\\/index.php\\\/2025\\\/05\\\/28\\\/exercice-salam-north-africa-iii-lalgerie-promoteur-de-la-paix-en-afrique\\\/\"]}]},{\"@type\":\"ImageObject\",\"inLanguage\":\"fr-FR\",\"@id\":\"https:\\\/\\\/lasentinelle.dz\\\/index.php\\\/2025\\\/05\\\/28\\\/exercice-salam-north-africa-iii-lalgerie-promoteur-de-la-paix-en-afrique\\\/#primaryimage\",\"url\":\"https:\\\/\\\/lasentinelle.dz\\\/wp-content\\\/uploads\\\/2025\\\/05\\\/exercice.jpg\",\"contentUrl\":\"https:\\\/\\\/lasentinelle.dz\\\/wp-content\\\/uploads\\\/2025\\\/05\\\/exercice.jpg\",\"width\":2048,\"height\":1365},{\"@type\":\"BreadcrumbList\",\"@id\":\"https:\\\/\\\/lasentinelle.dz\\\/index.php\\\/2025\\\/05\\\/28\\\/exercice-salam-north-africa-iii-lalgerie-promoteur-de-la-paix-en-afrique\\\/#breadcrumb\",\"itemListElement\":[{\"@type\":\"ListItem\",\"position\":1,\"name\":\"Accueil\",\"item\":\"https:\\\/\\\/lasentinelle.dz\\\/\"},{\"@type\":\"ListItem\",\"position\":2,\"name\":\"Exercice \u00ab\u00a0Salam North Africa III\u00a0\u00bb: L&rsquo;Alg\u00e9rie promoteur de la paix en Afrique\"}]},{\"@type\":\"WebSite\",\"@id\":\"https:\\\/\\\/lasentinelle.dz\\\/#website\",\"url\":\"https:\\\/\\\/lasentinelle.dz\\\/\",\"name\":\"La Sentinelle\",\"description\":\"Quotidien national d&#039;information\",\"publisher\":{\"@id\":\"https:\\\/\\\/lasentinelle.dz\\\/#organization\"},\"potentialAction\":[{\"@type\":\"SearchAction\",\"target\":{\"@type\":\"EntryPoint\",\"urlTemplate\":\"https:\\\/\\\/lasentinelle.dz\\\/?s={search_term_string}\"},\"query-input\":{\"@type\":\"PropertyValueSpecification\",\"valueRequired\":true,\"valueName\":\"search_term_string\"}}],\"inLanguage\":\"fr-FR\"},{\"@type\":\"Organization\",\"@id\":\"https:\\\/\\\/lasentinelle.dz\\\/#organization\",\"name\":\"Quotidien La Sentinelle\",\"url\":\"https:\\\/\\\/lasentinelle.dz\\\/\",\"logo\":{\"@type\":\"ImageObject\",\"inLanguage\":\"fr-FR\",\"@id\":\"https:\\\/\\\/lasentinelle.dz\\\/#\\\/schema\\\/logo\\\/image\\\/\",\"url\":\"https:\\\/\\\/lasentinelle.dz\\\/wp-content\\\/uploads\\\/2021\\\/09\\\/logo-sentinelleSLOGAN-1.png\",\"contentUrl\":\"https:\\\/\\\/lasentinelle.dz\\\/wp-content\\\/uploads\\\/2021\\\/09\\\/logo-sentinelleSLOGAN-1.png\",\"width\":615,\"height\":142,\"caption\":\"Quotidien La Sentinelle\"},\"image\":{\"@id\":\"https:\\\/\\\/lasentinelle.dz\\\/#\\\/schema\\\/logo\\\/image\\\/\"},\"sameAs\":[\"https:\\\/\\\/www.facebook.com\\\/La-Sentinelle-104059864394773\"]},{\"@type\":\"Person\",\"@id\":\"https:\\\/\\\/lasentinelle.dz\\\/#\\\/schema\\\/person\\\/729ee0024f24e0b8c5ec17232f8e8b41\",\"name\":\"admin\",\"image\":{\"@type\":\"ImageObject\",\"inLanguage\":\"fr-FR\",\"@id\":\"https:\\\/\\\/secure.gravatar.com\\\/avatar\\\/4c81fed838786e9b53f540bf46533e750f5d292099ae3b66cfc6fb1982e29df7?s=96&d=mm&r=g\",\"url\":\"https:\\\/\\\/secure.gravatar.com\\\/avatar\\\/4c81fed838786e9b53f540bf46533e750f5d292099ae3b66cfc6fb1982e29df7?s=96&d=mm&r=g\",\"contentUrl\":\"https:\\\/\\\/secure.gravatar.com\\\/avatar\\\/4c81fed838786e9b53f540bf46533e750f5d292099ae3b66cfc6fb1982e29df7?s=96&d=mm&r=g\",\"caption\":\"admin\"},\"description\":\"admin\",\"url\":\"https:\\\/\\\/lasentinelle.dz\\\/author\\\/admin\\\/\"}]}<\/script>\n<!-- \/ Yoast SEO plugin. -->","yoast_head_json":{"title":"Exercice \u00ab\u00a0Salam North Africa III\u00a0\u00bb: L&rsquo;Alg\u00e9rie promoteur de la paix en Afrique - La Sentinelle","robots":{"index":"index","follow":"follow","max-snippet":"max-snippet:-1","max-image-preview":"max-image-preview:large","max-video-preview":"max-video-preview:-1"},"canonical":"https:\/\/lasentinelle.dz\/index.php\/2025\/05\/28\/exercice-salam-north-africa-iii-lalgerie-promoteur-de-la-paix-en-afrique\/","og_locale":"fr_FR","og_type":"article","og_title":"Exercice \u00ab\u00a0Salam North Africa III\u00a0\u00bb: L&rsquo;Alg\u00e9rie promoteur de la paix en Afrique - La Sentinelle","og_description":"L&rsquo;exercice \u00ab\u00a0Salam North Africa III\u00a0\u00bb rev\u00eat une importance strat\u00e9gique particuli\u00e8re dans l&rsquo;architecture s\u00e9curitaire africaine. Dans un contexte continental marqu\u00e9 par","og_url":"https:\/\/lasentinelle.dz\/index.php\/2025\/05\/28\/exercice-salam-north-africa-iii-lalgerie-promoteur-de-la-paix-en-afrique\/","og_site_name":"La Sentinelle","article_publisher":"https:\/\/www.facebook.com\/La-Sentinelle-104059864394773","article_published_time":"2025-05-28T11:03:44+00:00","article_modified_time":"2025-05-28T11:03:45+00:00","og_image":[{"width":2048,"height":1365,"url":"https:\/\/lasentinelle.dz\/wp-content\/uploads\/2025\/05\/exercice.jpg","type":"image\/jpeg"}],"author":"admin","twitter_card":"summary_large_image","twitter_misc":{"\u00c9crit par":"admin","Dur\u00e9e de lecture estim\u00e9e":"6 minutes"},"schema":{"@context":"https:\/\/schema.org","@graph":[{"@type":"Article","@id":"https:\/\/lasentinelle.dz\/index.php\/2025\/05\/28\/exercice-salam-north-africa-iii-lalgerie-promoteur-de-la-paix-en-afrique\/#article","isPartOf":{"@id":"https:\/\/lasentinelle.dz\/index.php\/2025\/05\/28\/exercice-salam-north-africa-iii-lalgerie-promoteur-de-la-paix-en-afrique\/"},"author":{"name":"admin","@id":"https:\/\/lasentinelle.dz\/#\/schema\/person\/729ee0024f24e0b8c5ec17232f8e8b41"},"headline":"Exercice \u00ab\u00a0Salam North Africa III\u00a0\u00bb: L&rsquo;Alg\u00e9rie promoteur de la paix en Afrique","datePublished":"2025-05-28T11:03:44+00:00","dateModified":"2025-05-28T11:03:45+00:00","mainEntityOfPage":{"@id":"https:\/\/lasentinelle.dz\/index.php\/2025\/05\/28\/exercice-salam-north-africa-iii-lalgerie-promoteur-de-la-paix-en-afrique\/"},"wordCount":1283,"commentCount":0,"publisher":{"@id":"https:\/\/lasentinelle.dz\/#organization"},"image":{"@id":"https:\/\/lasentinelle.dz\/index.php\/2025\/05\/28\/exercice-salam-north-africa-iii-lalgerie-promoteur-de-la-paix-en-afrique\/#primaryimage"},"thumbnailUrl":"https:\/\/lasentinelle.dz\/wp-content\/uploads\/2025\/05\/exercice.jpg","articleSection":["\u00c0 la Une","Actualit\u00e9"],"inLanguage":"fr-FR","potentialAction":[{"@type":"CommentAction","name":"Comment","target":["https:\/\/lasentinelle.dz\/index.php\/2025\/05\/28\/exercice-salam-north-africa-iii-lalgerie-promoteur-de-la-paix-en-afrique\/#respond"]}]},{"@type":"WebPage","@id":"https:\/\/lasentinelle.dz\/index.php\/2025\/05\/28\/exercice-salam-north-africa-iii-lalgerie-promoteur-de-la-paix-en-afrique\/","url":"https:\/\/lasentinelle.dz\/index.php\/2025\/05\/28\/exercice-salam-north-africa-iii-lalgerie-promoteur-de-la-paix-en-afrique\/","name":"Exercice \u00ab\u00a0Salam North Africa III\u00a0\u00bb: L&rsquo;Alg\u00e9rie promoteur de la paix en Afrique - La Sentinelle","isPartOf":{"@id":"https:\/\/lasentinelle.dz\/#website"},"primaryImageOfPage":{"@id":"https:\/\/lasentinelle.dz\/index.php\/2025\/05\/28\/exercice-salam-north-africa-iii-lalgerie-promoteur-de-la-paix-en-afrique\/#primaryimage"},"image":{"@id":"https:\/\/lasentinelle.dz\/index.php\/2025\/05\/28\/exercice-salam-north-africa-iii-lalgerie-promoteur-de-la-paix-en-afrique\/#primaryimage"},"thumbnailUrl":"https:\/\/lasentinelle.dz\/wp-content\/uploads\/2025\/05\/exercice.jpg","datePublished":"2025-05-28T11:03:44+00:00","dateModified":"2025-05-28T11:03:45+00:00","breadcrumb":{"@id":"https:\/\/lasentinelle.dz\/index.php\/2025\/05\/28\/exercice-salam-north-africa-iii-lalgerie-promoteur-de-la-paix-en-afrique\/#breadcrumb"},"inLanguage":"fr-FR","potentialAction":[{"@type":"ReadAction","target":["https:\/\/lasentinelle.dz\/index.php\/2025\/05\/28\/exercice-salam-north-africa-iii-lalgerie-promoteur-de-la-paix-en-afrique\/"]}]},{"@type":"ImageObject","inLanguage":"fr-FR","@id":"https:\/\/lasentinelle.dz\/index.php\/2025\/05\/28\/exercice-salam-north-africa-iii-lalgerie-promoteur-de-la-paix-en-afrique\/#primaryimage","url":"https:\/\/lasentinelle.dz\/wp-content\/uploads\/2025\/05\/exercice.jpg","contentUrl":"https:\/\/lasentinelle.dz\/wp-content\/uploads\/2025\/05\/exercice.jpg","width":2048,"height":1365},{"@type":"BreadcrumbList","@id":"https:\/\/lasentinelle.dz\/index.php\/2025\/05\/28\/exercice-salam-north-africa-iii-lalgerie-promoteur-de-la-paix-en-afrique\/#breadcrumb","itemListElement":[{"@type":"ListItem","position":1,"name":"Accueil","item":"https:\/\/lasentinelle.dz\/"},{"@type":"ListItem","position":2,"name":"Exercice \u00ab\u00a0Salam North Africa III\u00a0\u00bb: L&rsquo;Alg\u00e9rie promoteur de la paix en Afrique"}]},{"@type":"WebSite","@id":"https:\/\/lasentinelle.dz\/#website","url":"https:\/\/lasentinelle.dz\/","name":"La Sentinelle","description":"Quotidien national d&#039;information","publisher":{"@id":"https:\/\/lasentinelle.dz\/#organization"},"potentialAction":[{"@type":"SearchAction","target":{"@type":"EntryPoint","urlTemplate":"https:\/\/lasentinelle.dz\/?s={search_term_string}"},"query-input":{"@type":"PropertyValueSpecification","valueRequired":true,"valueName":"search_term_string"}}],"inLanguage":"fr-FR"},{"@type":"Organization","@id":"https:\/\/lasentinelle.dz\/#organization","name":"Quotidien La Sentinelle","url":"https:\/\/lasentinelle.dz\/","logo":{"@type":"ImageObject","inLanguage":"fr-FR","@id":"https:\/\/lasentinelle.dz\/#\/schema\/logo\/image\/","url":"https:\/\/lasentinelle.dz\/wp-content\/uploads\/2021\/09\/logo-sentinelleSLOGAN-1.png","contentUrl":"https:\/\/lasentinelle.dz\/wp-content\/uploads\/2021\/09\/logo-sentinelleSLOGAN-1.png","width":615,"height":142,"caption":"Quotidien La Sentinelle"},"image":{"@id":"https:\/\/lasentinelle.dz\/#\/schema\/logo\/image\/"},"sameAs":["https:\/\/www.facebook.com\/La-Sentinelle-104059864394773"]},{"@type":"Person","@id":"https:\/\/lasentinelle.dz\/#\/schema\/person\/729ee0024f24e0b8c5ec17232f8e8b41","name":"admin","image":{"@type":"ImageObject","inLanguage":"fr-FR","@id":"https:\/\/secure.gravatar.com\/avatar\/4c81fed838786e9b53f540bf46533e750f5d292099ae3b66cfc6fb1982e29df7?s=96&d=mm&r=g","url":"https:\/\/secure.gravatar.com\/avatar\/4c81fed838786e9b53f540bf46533e750f5d292099ae3b66cfc6fb1982e29df7?s=96&d=mm&r=g","contentUrl":"https:\/\/secure.gravatar.com\/avatar\/4c81fed838786e9b53f540bf46533e750f5d292099ae3b66cfc6fb1982e29df7?s=96&d=mm&r=g","caption":"admin"},"description":"admin","url":"https:\/\/lasentinelle.dz\/author\/admin\/"}]}},"_links":{"self":[{"href":"https:\/\/lasentinelle.dz\/index.php\/wp-json\/wp\/v2\/posts\/68103","targetHints":{"allow":["GET"]}}],"collection":[{"href":"https:\/\/lasentinelle.dz\/index.php\/wp-json\/wp\/v2\/posts"}],"about":[{"href":"https:\/\/lasentinelle.dz\/index.php\/wp-json\/wp\/v2\/types\/post"}],"author":[{"embeddable":true,"href":"https:\/\/lasentinelle.dz\/index.php\/wp-json\/wp\/v2\/users\/6"}],"replies":[{"embeddable":true,"href":"https:\/\/lasentinelle.dz\/index.php\/wp-json\/wp\/v2\/comments?post=68103"}],"version-history":[{"count":2,"href":"https:\/\/lasentinelle.dz\/index.php\/wp-json\/wp\/v2\/posts\/68103\/revisions"}],"predecessor-version":[{"id":68106,"href":"https:\/\/lasentinelle.dz\/index.php\/wp-json\/wp\/v2\/posts\/68103\/revisions\/68106"}],"wp:featuredmedia":[{"embeddable":true,"href":"https:\/\/lasentinelle.dz\/index.php\/wp-json\/wp\/v2\/media\/68104"}],"wp:attachment":[{"href":"https:\/\/lasentinelle.dz\/index.php\/wp-json\/wp\/v2\/media?parent=68103"}],"wp:term":[{"taxonomy":"category","embeddable":true,"href":"https:\/\/lasentinelle.dz\/index.php\/wp-json\/wp\/v2\/categories?post=68103"},{"taxonomy":"post_tag","embeddable":true,"href":"https:\/\/lasentinelle.dz\/index.php\/wp-json\/wp\/v2\/tags?post=68103"}],"curies":[{"name":"wp","href":"https:\/\/api.w.org\/{rel}","templated":true}]}}