{"id":68107,"date":"2025-05-28T12:04:34","date_gmt":"2025-05-28T11:04:34","guid":{"rendered":"https:\/\/lasentinelle.dz\/?p=68107"},"modified":"2025-05-28T12:04:35","modified_gmt":"2025-05-28T11:04:35","slug":"investissements-agricoles-en-algerie-litalie-et-le-qatar-a-loffensive","status":"publish","type":"post","link":"https:\/\/lasentinelle.dz\/index.php\/2025\/05\/28\/investissements-agricoles-en-algerie-litalie-et-le-qatar-a-loffensive\/","title":{"rendered":"Investissements agricoles en Alg\u00e9rie: L&rsquo;Italie et le Qatar \u00e0 l&rsquo;offensive"},"content":{"rendered":"\n<p>L&rsquo;Alg\u00e9rie devient progressivement le th\u00e9\u00e2tre d&rsquo;une v\u00e9ritable offensive d&rsquo;investissements agricoles \u00e9trangers, avec l&rsquo;Italie et le Qatar en premi\u00e8re ligne d&rsquo;une strat\u00e9gie ambitieuse de partenariats internationaux. Cette dynamique s&rsquo;inscrit dans la volont\u00e9 des autorit\u00e9s alg\u00e9riennes d&rsquo;atteindre l&rsquo;autosuffisance alimentaire tout en diversifiant l&rsquo;\u00e9conomie nationale au-del\u00e0 des hydrocarbures.<\/p>\n\n\n\n<p>L&rsquo;Italie affiche ses ambitions lors du salon agricole Sipsa d&rsquo;Alger, o\u00f9 elle participe en tant qu&rsquo;invit\u00e9e d&rsquo;honneur. Luigi d&rsquo;Eramo, Sous-secr\u00e9taire d&rsquo;\u00c9tat au minist\u00e8re de l&rsquo;Agriculture, de la Souverainet\u00e9 alimentaire et des For\u00eats, a soulign\u00e9 que son pays construit avec l&rsquo;Alg\u00e9rie une agriculture forte et durable dans une vision partag\u00e9e de d\u00e9veloppement et d&rsquo;innovation. La participation italienne se distingue par un nombre consid\u00e9rable d&rsquo;entreprises agricoles, positionnant l&rsquo;Italie en deuxi\u00e8me position pour le nombre d&rsquo;exposants, t\u00e9moignant de la solidit\u00e9 du lien bilat\u00e9ral et de la volont\u00e9 de renforcer un partenariat agricole mutuel et durable.<\/p>\n\n\n\n<p>Cette pr\u00e9sence s&rsquo;appuie sur des r\u00e9alisations concr\u00e8tes d\u00e9j\u00e0 en cours. La soci\u00e9t\u00e9 italienne Bonifiche Ferraresi a obtenu en mars dernier un contrat de concession de 36 000 hectares \u00e0 Timimoun pour une dur\u00e9e de 40 ans renouvelable. Ce projet int\u00e9gr\u00e9 de production de c\u00e9r\u00e9ales, de l\u00e9gumineuses et de p\u00e2tes alimentaires, d&rsquo;une valeur totale de 420 millions de dollars, est entr\u00e9 dans sa phase de mise en \u0153uvre effective avec l&rsquo;installation du chantier, le forage de puits et le montage des \u00e9quipements d&rsquo;irrigation \u00e0 pivot central.<\/p>\n\n\n\n<p>Le projet italien pr\u00e9voit la production de bl\u00e9, lentilles, haricots secs et pois-chiches sur 35 450 hectares, ainsi que la culture d&rsquo;ol\u00e9agineux comme le soja. La superficie restante sera d\u00e9di\u00e9e \u00e0 la construction d&rsquo;unit\u00e9s de transformation pour la fabrication de p\u00e2tes alimentaires, de silos de stockage et d&rsquo;autres infrastructures vitales. L&rsquo;initiative devrait cr\u00e9er plus de 6 700 emplois, dont 1 600 directs, tout en contribuant au renforcement de la production nationale et \u00e0 l&rsquo;augmentation des exportations hors hydrocarbures. Cette dynamique d&rsquo;investissements s&rsquo;inscrit parfaitement dans le cadre du Plan Mattei pour l&rsquo;Italie, qui progresse rapidement dans sa mise en \u0153uvre et offre de nouvelles opportunit\u00e9s de collaborations structur\u00e9es avec l&rsquo;ensemble du continent africain. D&rsquo;Eramo a soulign\u00e9 que l&rsquo;innovation technologique, la m\u00e9canisation et la recherche repr\u00e9sentent les grands d\u00e9fis de l&rsquo;avenir, notamment en ce qui concerne le changement climatique et la gestion des ressources en eau.<\/p>\n\n\n\n<p><strong>Apr\u00e8s Baladna, Al Rayyan<\/strong><\/p>\n\n\n\n<p>Parall\u00e8lement, le Qatar d\u00e9ploie une strat\u00e9gie d&rsquo;envergure avec le m\u00e9ga-projet Baladna, dot\u00e9 d&rsquo;un budget de 3,5 milliards de dollars. La convention finale pour la r\u00e9alisation de ce projet int\u00e9gr\u00e9 de production de lait en poudre dans le sud du pays a \u00e9t\u00e9 officiellement sign\u00e9e en mars dernier par Souad Assaous, directrice g\u00e9n\u00e9rale de l&rsquo;Investissement et du Foncier agricole au minist\u00e8re, et Ali El-Ali, pr\u00e9sident du conseil d&rsquo;administration de Baladna Alg\u00e9rie.<\/p>\n\n\n\n<p>Ce projet strat\u00e9gique s&rsquo;\u00e9tendra sur 117 000 hectares dans la wilaya d&rsquo;Adrar et comprendra des fermes de production d&rsquo;aliments pour b\u00e9tail, des \u00e9levages bovins pour la production de lait et de viande, ainsi qu&rsquo;une usine de fabrication de lait en poudre. L&rsquo;objectif affich\u00e9 est de produire localement 50% des besoins du march\u00e9 national en lait en poudre, dans une perspective d&rsquo;autosuffisance alimentaire. Les travaux ont d\u00e9j\u00e0 d\u00e9but\u00e9 sur le terrain avec la r\u00e9alisation de forages exploratoires, tandis que les \u00e9tudes de mise en valeur des terres ont \u00e9t\u00e9 finalis\u00e9es.<\/p>\n\n\n\n<p>L&rsquo;offensive qatarie se poursuit avec l&rsquo;arriv\u00e9e d&rsquo;une nouvelle d\u00e9l\u00e9gation de la soci\u00e9t\u00e9 Al-Rayyan Agricultural, re\u00e7ue mardi par Omar Rekkach, Directeur g\u00e9n\u00e9ral de l&rsquo;Agence alg\u00e9rienne de promotion de l&rsquo;investissement. Conduite par le pr\u00e9sident de son conseil d&rsquo;administration, Abdallah Al-Attiya, cette d\u00e9l\u00e9gation a exprim\u00e9 son grand int\u00e9r\u00eat pour le march\u00e9 alg\u00e9rien et sa volont\u00e9 de concr\u00e9tiser un grand projet d&rsquo;investissement dans le secteur agricole, avec un accent particulier sur les produits strat\u00e9giques \u00e0 haute valeur ajout\u00e9e.<\/p>\n\n\n\n<p>Les autorit\u00e9s alg\u00e9riennes affichent une volont\u00e9 claire d&rsquo;ouvrir le secteur agricole \u00e0 l&rsquo;investissement \u00e9tranger, particuli\u00e8rement dans le Sud o\u00f9 les conditions sont assur\u00e9es. Selon le ministre de l&rsquo;Agriculture, Youcef Cherfa, ces accords refl\u00e8tent cette politique d&rsquo;ouverture, avec un objectif global de porter la superficie agricole au sud \u00e0 500 000 hectares via la mise en valeur, pour un rendement de 55 quintaux \u00e0 l&rsquo;hectare pour le bl\u00e9.<\/p>\n\n\n\n<p>Sabrina Aziouez<\/p>\n","protected":false},"excerpt":{"rendered":"<p>L&rsquo;Alg\u00e9rie devient progressivement le th\u00e9\u00e2tre d&rsquo;une v\u00e9ritable offensive d&rsquo;investissements agricoles \u00e9trangers, avec l&rsquo;Italie et le Qatar en premi\u00e8re ligne d&rsquo;une<\/p>\n","protected":false},"author":6,"featured_media":68108,"comment_status":"open","ping_status":"closed","sticky":false,"template":"","format":"standard","meta":{"colormag_page_container_layout":"default_layout","colormag_page_sidebar_layout":"default_layout","om_disable_all_campaigns":false,"_monsterinsights_skip_tracking":false,"_monsterinsights_sitenote_active":false,"_monsterinsights_sitenote_note":"","_monsterinsights_sitenote_category":0,"footnotes":"","_wpscppro_dont_share_socialmedia":false,"_wpscppro_custom_social_share_image":0,"_facebook_share_type":"default","_twitter_share_type":"default","_linkedin_share_type":"default","_pinterest_share_type":"default","_linkedin_share_type_page":"","_instagram_share_type":"default","_medium_share_type":"default","_threads_share_type":"","_google_business_share_type":"","_selected_social_profile":[],"_wpsp_enable_custom_social_template":false,"_wpsp_social_scheduling":{"enabled":false,"datetime":null,"platforms":[],"status":"template_only","dateOption":"today","timeOption":"now","customDays":"","customHours":"","customDate":"","customTime":"","schedulingType":"absolute"},"_wpsp_active_default_template":true},"categories":[52,29],"tags":[],"class_list":["post-68107","post","type-post","status-publish","format-standard","has-post-thumbnail","hentry","category-a-la-une","category-economie"],"aioseo_notices":[],"yoast_head":"<!-- This site is optimized with the Yoast SEO plugin v27.5 - https:\/\/yoast.com\/product\/yoast-seo-wordpress\/ -->\n<title>Investissements agricoles en Alg\u00e9rie: L&rsquo;Italie et le Qatar \u00e0 l&rsquo;offensive - La Sentinelle<\/title>\n<meta name=\"robots\" content=\"index, follow, max-snippet:-1, max-image-preview:large, max-video-preview:-1\" \/>\n<link rel=\"canonical\" href=\"https:\/\/lasentinelle.dz\/index.php\/2025\/05\/28\/investissements-agricoles-en-algerie-litalie-et-le-qatar-a-loffensive\/\" \/>\n<meta property=\"og:locale\" content=\"fr_FR\" \/>\n<meta property=\"og:type\" content=\"article\" \/>\n<meta property=\"og:title\" content=\"Investissements agricoles en Alg\u00e9rie: L&rsquo;Italie et le Qatar \u00e0 l&rsquo;offensive - La Sentinelle\" \/>\n<meta property=\"og:description\" content=\"L&rsquo;Alg\u00e9rie devient progressivement le th\u00e9\u00e2tre d&rsquo;une v\u00e9ritable offensive d&rsquo;investissements agricoles \u00e9trangers, avec l&rsquo;Italie et le Qatar en premi\u00e8re ligne d&rsquo;une\" \/>\n<meta property=\"og:url\" content=\"https:\/\/lasentinelle.dz\/index.php\/2025\/05\/28\/investissements-agricoles-en-algerie-litalie-et-le-qatar-a-loffensive\/\" \/>\n<meta property=\"og:site_name\" content=\"La Sentinelle\" \/>\n<meta property=\"article:publisher\" content=\"https:\/\/www.facebook.com\/La-Sentinelle-104059864394773\" \/>\n<meta property=\"article:published_time\" content=\"2025-05-28T11:04:34+00:00\" \/>\n<meta property=\"article:modified_time\" content=\"2025-05-28T11:04:35+00:00\" \/>\n<meta property=\"og:image\" content=\"https:\/\/lasentinelle.dz\/wp-content\/uploads\/2025\/05\/agri-algerie.jpeg\" \/>\n\t<meta property=\"og:image:width\" content=\"1920\" \/>\n\t<meta property=\"og:image:height\" content=\"1200\" \/>\n\t<meta property=\"og:image:type\" content=\"image\/jpeg\" \/>\n<meta name=\"author\" content=\"admin\" \/>\n<meta name=\"twitter:card\" content=\"summary_large_image\" \/>\n<meta name=\"twitter:label1\" content=\"\u00c9crit par\" \/>\n\t<meta name=\"twitter:data1\" content=\"admin\" \/>\n\t<meta name=\"twitter:label2\" content=\"Dur\u00e9e de lecture estim\u00e9e\" \/>\n\t<meta name=\"twitter:data2\" content=\"4 minutes\" \/>\n<script type=\"application\/ld+json\" class=\"yoast-schema-graph\">{\"@context\":\"https:\\\/\\\/schema.org\",\"@graph\":[{\"@type\":\"Article\",\"@id\":\"https:\\\/\\\/lasentinelle.dz\\\/index.php\\\/2025\\\/05\\\/28\\\/investissements-agricoles-en-algerie-litalie-et-le-qatar-a-loffensive\\\/#article\",\"isPartOf\":{\"@id\":\"https:\\\/\\\/lasentinelle.dz\\\/index.php\\\/2025\\\/05\\\/28\\\/investissements-agricoles-en-algerie-litalie-et-le-qatar-a-loffensive\\\/\"},\"author\":{\"name\":\"admin\",\"@id\":\"https:\\\/\\\/lasentinelle.dz\\\/#\\\/schema\\\/person\\\/729ee0024f24e0b8c5ec17232f8e8b41\"},\"headline\":\"Investissements agricoles en Alg\u00e9rie: L&rsquo;Italie et le Qatar \u00e0 l&rsquo;offensive\",\"datePublished\":\"2025-05-28T11:04:34+00:00\",\"dateModified\":\"2025-05-28T11:04:35+00:00\",\"mainEntityOfPage\":{\"@id\":\"https:\\\/\\\/lasentinelle.dz\\\/index.php\\\/2025\\\/05\\\/28\\\/investissements-agricoles-en-algerie-litalie-et-le-qatar-a-loffensive\\\/\"},\"wordCount\":802,\"commentCount\":0,\"publisher\":{\"@id\":\"https:\\\/\\\/lasentinelle.dz\\\/#organization\"},\"image\":{\"@id\":\"https:\\\/\\\/lasentinelle.dz\\\/index.php\\\/2025\\\/05\\\/28\\\/investissements-agricoles-en-algerie-litalie-et-le-qatar-a-loffensive\\\/#primaryimage\"},\"thumbnailUrl\":\"https:\\\/\\\/lasentinelle.dz\\\/wp-content\\\/uploads\\\/2025\\\/05\\\/agri-algerie.jpeg\",\"articleSection\":[\"\u00c0 la Une\",\"\u00c9conomie\"],\"inLanguage\":\"fr-FR\",\"potentialAction\":[{\"@type\":\"CommentAction\",\"name\":\"Comment\",\"target\":[\"https:\\\/\\\/lasentinelle.dz\\\/index.php\\\/2025\\\/05\\\/28\\\/investissements-agricoles-en-algerie-litalie-et-le-qatar-a-loffensive\\\/#respond\"]}]},{\"@type\":\"WebPage\",\"@id\":\"https:\\\/\\\/lasentinelle.dz\\\/index.php\\\/2025\\\/05\\\/28\\\/investissements-agricoles-en-algerie-litalie-et-le-qatar-a-loffensive\\\/\",\"url\":\"https:\\\/\\\/lasentinelle.dz\\\/index.php\\\/2025\\\/05\\\/28\\\/investissements-agricoles-en-algerie-litalie-et-le-qatar-a-loffensive\\\/\",\"name\":\"Investissements agricoles en Alg\u00e9rie: L&rsquo;Italie et le Qatar \u00e0 l&rsquo;offensive - La Sentinelle\",\"isPartOf\":{\"@id\":\"https:\\\/\\\/lasentinelle.dz\\\/#website\"},\"primaryImageOfPage\":{\"@id\":\"https:\\\/\\\/lasentinelle.dz\\\/index.php\\\/2025\\\/05\\\/28\\\/investissements-agricoles-en-algerie-litalie-et-le-qatar-a-loffensive\\\/#primaryimage\"},\"image\":{\"@id\":\"https:\\\/\\\/lasentinelle.dz\\\/index.php\\\/2025\\\/05\\\/28\\\/investissements-agricoles-en-algerie-litalie-et-le-qatar-a-loffensive\\\/#primaryimage\"},\"thumbnailUrl\":\"https:\\\/\\\/lasentinelle.dz\\\/wp-content\\\/uploads\\\/2025\\\/05\\\/agri-algerie.jpeg\",\"datePublished\":\"2025-05-28T11:04:34+00:00\",\"dateModified\":\"2025-05-28T11:04:35+00:00\",\"breadcrumb\":{\"@id\":\"https:\\\/\\\/lasentinelle.dz\\\/index.php\\\/2025\\\/05\\\/28\\\/investissements-agricoles-en-algerie-litalie-et-le-qatar-a-loffensive\\\/#breadcrumb\"},\"inLanguage\":\"fr-FR\",\"potentialAction\":[{\"@type\":\"ReadAction\",\"target\":[\"https:\\\/\\\/lasentinelle.dz\\\/index.php\\\/2025\\\/05\\\/28\\\/investissements-agricoles-en-algerie-litalie-et-le-qatar-a-loffensive\\\/\"]}]},{\"@type\":\"ImageObject\",\"inLanguage\":\"fr-FR\",\"@id\":\"https:\\\/\\\/lasentinelle.dz\\\/index.php\\\/2025\\\/05\\\/28\\\/investissements-agricoles-en-algerie-litalie-et-le-qatar-a-loffensive\\\/#primaryimage\",\"url\":\"https:\\\/\\\/lasentinelle.dz\\\/wp-content\\\/uploads\\\/2025\\\/05\\\/agri-algerie.jpeg\",\"contentUrl\":\"https:\\\/\\\/lasentinelle.dz\\\/wp-content\\\/uploads\\\/2025\\\/05\\\/agri-algerie.jpeg\",\"width\":1920,\"height\":1200},{\"@type\":\"BreadcrumbList\",\"@id\":\"https:\\\/\\\/lasentinelle.dz\\\/index.php\\\/2025\\\/05\\\/28\\\/investissements-agricoles-en-algerie-litalie-et-le-qatar-a-loffensive\\\/#breadcrumb\",\"itemListElement\":[{\"@type\":\"ListItem\",\"position\":1,\"name\":\"Accueil\",\"item\":\"https:\\\/\\\/lasentinelle.dz\\\/\"},{\"@type\":\"ListItem\",\"position\":2,\"name\":\"Investissements agricoles en Alg\u00e9rie: L&rsquo;Italie et le Qatar \u00e0 l&rsquo;offensive\"}]},{\"@type\":\"WebSite\",\"@id\":\"https:\\\/\\\/lasentinelle.dz\\\/#website\",\"url\":\"https:\\\/\\\/lasentinelle.dz\\\/\",\"name\":\"La Sentinelle\",\"description\":\"Quotidien national d&#039;information\",\"publisher\":{\"@id\":\"https:\\\/\\\/lasentinelle.dz\\\/#organization\"},\"potentialAction\":[{\"@type\":\"SearchAction\",\"target\":{\"@type\":\"EntryPoint\",\"urlTemplate\":\"https:\\\/\\\/lasentinelle.dz\\\/?s={search_term_string}\"},\"query-input\":{\"@type\":\"PropertyValueSpecification\",\"valueRequired\":true,\"valueName\":\"search_term_string\"}}],\"inLanguage\":\"fr-FR\"},{\"@type\":\"Organization\",\"@id\":\"https:\\\/\\\/lasentinelle.dz\\\/#organization\",\"name\":\"Quotidien La Sentinelle\",\"url\":\"https:\\\/\\\/lasentinelle.dz\\\/\",\"logo\":{\"@type\":\"ImageObject\",\"inLanguage\":\"fr-FR\",\"@id\":\"https:\\\/\\\/lasentinelle.dz\\\/#\\\/schema\\\/logo\\\/image\\\/\",\"url\":\"https:\\\/\\\/lasentinelle.dz\\\/wp-content\\\/uploads\\\/2021\\\/09\\\/logo-sentinelleSLOGAN-1.png\",\"contentUrl\":\"https:\\\/\\\/lasentinelle.dz\\\/wp-content\\\/uploads\\\/2021\\\/09\\\/logo-sentinelleSLOGAN-1.png\",\"width\":615,\"height\":142,\"caption\":\"Quotidien La Sentinelle\"},\"image\":{\"@id\":\"https:\\\/\\\/lasentinelle.dz\\\/#\\\/schema\\\/logo\\\/image\\\/\"},\"sameAs\":[\"https:\\\/\\\/www.facebook.com\\\/La-Sentinelle-104059864394773\"]},{\"@type\":\"Person\",\"@id\":\"https:\\\/\\\/lasentinelle.dz\\\/#\\\/schema\\\/person\\\/729ee0024f24e0b8c5ec17232f8e8b41\",\"name\":\"admin\",\"image\":{\"@type\":\"ImageObject\",\"inLanguage\":\"fr-FR\",\"@id\":\"https:\\\/\\\/secure.gravatar.com\\\/avatar\\\/4c81fed838786e9b53f540bf46533e750f5d292099ae3b66cfc6fb1982e29df7?s=96&d=mm&r=g\",\"url\":\"https:\\\/\\\/secure.gravatar.com\\\/avatar\\\/4c81fed838786e9b53f540bf46533e750f5d292099ae3b66cfc6fb1982e29df7?s=96&d=mm&r=g\",\"contentUrl\":\"https:\\\/\\\/secure.gravatar.com\\\/avatar\\\/4c81fed838786e9b53f540bf46533e750f5d292099ae3b66cfc6fb1982e29df7?s=96&d=mm&r=g\",\"caption\":\"admin\"},\"description\":\"admin\",\"url\":\"https:\\\/\\\/lasentinelle.dz\\\/author\\\/admin\\\/\"}]}<\/script>\n<!-- \/ Yoast SEO plugin. -->","yoast_head_json":{"title":"Investissements agricoles en Alg\u00e9rie: L&rsquo;Italie et le Qatar \u00e0 l&rsquo;offensive - La Sentinelle","robots":{"index":"index","follow":"follow","max-snippet":"max-snippet:-1","max-image-preview":"max-image-preview:large","max-video-preview":"max-video-preview:-1"},"canonical":"https:\/\/lasentinelle.dz\/index.php\/2025\/05\/28\/investissements-agricoles-en-algerie-litalie-et-le-qatar-a-loffensive\/","og_locale":"fr_FR","og_type":"article","og_title":"Investissements agricoles en Alg\u00e9rie: L&rsquo;Italie et le Qatar \u00e0 l&rsquo;offensive - La Sentinelle","og_description":"L&rsquo;Alg\u00e9rie devient progressivement le th\u00e9\u00e2tre d&rsquo;une v\u00e9ritable offensive d&rsquo;investissements agricoles \u00e9trangers, avec l&rsquo;Italie et le Qatar en premi\u00e8re ligne d&rsquo;une","og_url":"https:\/\/lasentinelle.dz\/index.php\/2025\/05\/28\/investissements-agricoles-en-algerie-litalie-et-le-qatar-a-loffensive\/","og_site_name":"La Sentinelle","article_publisher":"https:\/\/www.facebook.com\/La-Sentinelle-104059864394773","article_published_time":"2025-05-28T11:04:34+00:00","article_modified_time":"2025-05-28T11:04:35+00:00","og_image":[{"width":1920,"height":1200,"url":"https:\/\/lasentinelle.dz\/wp-content\/uploads\/2025\/05\/agri-algerie.jpeg","type":"image\/jpeg"}],"author":"admin","twitter_card":"summary_large_image","twitter_misc":{"\u00c9crit par":"admin","Dur\u00e9e de lecture estim\u00e9e":"4 minutes"},"schema":{"@context":"https:\/\/schema.org","@graph":[{"@type":"Article","@id":"https:\/\/lasentinelle.dz\/index.php\/2025\/05\/28\/investissements-agricoles-en-algerie-litalie-et-le-qatar-a-loffensive\/#article","isPartOf":{"@id":"https:\/\/lasentinelle.dz\/index.php\/2025\/05\/28\/investissements-agricoles-en-algerie-litalie-et-le-qatar-a-loffensive\/"},"author":{"name":"admin","@id":"https:\/\/lasentinelle.dz\/#\/schema\/person\/729ee0024f24e0b8c5ec17232f8e8b41"},"headline":"Investissements agricoles en Alg\u00e9rie: L&rsquo;Italie et le Qatar \u00e0 l&rsquo;offensive","datePublished":"2025-05-28T11:04:34+00:00","dateModified":"2025-05-28T11:04:35+00:00","mainEntityOfPage":{"@id":"https:\/\/lasentinelle.dz\/index.php\/2025\/05\/28\/investissements-agricoles-en-algerie-litalie-et-le-qatar-a-loffensive\/"},"wordCount":802,"commentCount":0,"publisher":{"@id":"https:\/\/lasentinelle.dz\/#organization"},"image":{"@id":"https:\/\/lasentinelle.dz\/index.php\/2025\/05\/28\/investissements-agricoles-en-algerie-litalie-et-le-qatar-a-loffensive\/#primaryimage"},"thumbnailUrl":"https:\/\/lasentinelle.dz\/wp-content\/uploads\/2025\/05\/agri-algerie.jpeg","articleSection":["\u00c0 la Une","\u00c9conomie"],"inLanguage":"fr-FR","potentialAction":[{"@type":"CommentAction","name":"Comment","target":["https:\/\/lasentinelle.dz\/index.php\/2025\/05\/28\/investissements-agricoles-en-algerie-litalie-et-le-qatar-a-loffensive\/#respond"]}]},{"@type":"WebPage","@id":"https:\/\/lasentinelle.dz\/index.php\/2025\/05\/28\/investissements-agricoles-en-algerie-litalie-et-le-qatar-a-loffensive\/","url":"https:\/\/lasentinelle.dz\/index.php\/2025\/05\/28\/investissements-agricoles-en-algerie-litalie-et-le-qatar-a-loffensive\/","name":"Investissements agricoles en Alg\u00e9rie: L&rsquo;Italie et le Qatar \u00e0 l&rsquo;offensive - La Sentinelle","isPartOf":{"@id":"https:\/\/lasentinelle.dz\/#website"},"primaryImageOfPage":{"@id":"https:\/\/lasentinelle.dz\/index.php\/2025\/05\/28\/investissements-agricoles-en-algerie-litalie-et-le-qatar-a-loffensive\/#primaryimage"},"image":{"@id":"https:\/\/lasentinelle.dz\/index.php\/2025\/05\/28\/investissements-agricoles-en-algerie-litalie-et-le-qatar-a-loffensive\/#primaryimage"},"thumbnailUrl":"https:\/\/lasentinelle.dz\/wp-content\/uploads\/2025\/05\/agri-algerie.jpeg","datePublished":"2025-05-28T11:04:34+00:00","dateModified":"2025-05-28T11:04:35+00:00","breadcrumb":{"@id":"https:\/\/lasentinelle.dz\/index.php\/2025\/05\/28\/investissements-agricoles-en-algerie-litalie-et-le-qatar-a-loffensive\/#breadcrumb"},"inLanguage":"fr-FR","potentialAction":[{"@type":"ReadAction","target":["https:\/\/lasentinelle.dz\/index.php\/2025\/05\/28\/investissements-agricoles-en-algerie-litalie-et-le-qatar-a-loffensive\/"]}]},{"@type":"ImageObject","inLanguage":"fr-FR","@id":"https:\/\/lasentinelle.dz\/index.php\/2025\/05\/28\/investissements-agricoles-en-algerie-litalie-et-le-qatar-a-loffensive\/#primaryimage","url":"https:\/\/lasentinelle.dz\/wp-content\/uploads\/2025\/05\/agri-algerie.jpeg","contentUrl":"https:\/\/lasentinelle.dz\/wp-content\/uploads\/2025\/05\/agri-algerie.jpeg","width":1920,"height":1200},{"@type":"BreadcrumbList","@id":"https:\/\/lasentinelle.dz\/index.php\/2025\/05\/28\/investissements-agricoles-en-algerie-litalie-et-le-qatar-a-loffensive\/#breadcrumb","itemListElement":[{"@type":"ListItem","position":1,"name":"Accueil","item":"https:\/\/lasentinelle.dz\/"},{"@type":"ListItem","position":2,"name":"Investissements agricoles en Alg\u00e9rie: L&rsquo;Italie et le Qatar \u00e0 l&rsquo;offensive"}]},{"@type":"WebSite","@id":"https:\/\/lasentinelle.dz\/#website","url":"https:\/\/lasentinelle.dz\/","name":"La Sentinelle","description":"Quotidien national d&#039;information","publisher":{"@id":"https:\/\/lasentinelle.dz\/#organization"},"potentialAction":[{"@type":"SearchAction","target":{"@type":"EntryPoint","urlTemplate":"https:\/\/lasentinelle.dz\/?s={search_term_string}"},"query-input":{"@type":"PropertyValueSpecification","valueRequired":true,"valueName":"search_term_string"}}],"inLanguage":"fr-FR"},{"@type":"Organization","@id":"https:\/\/lasentinelle.dz\/#organization","name":"Quotidien La Sentinelle","url":"https:\/\/lasentinelle.dz\/","logo":{"@type":"ImageObject","inLanguage":"fr-FR","@id":"https:\/\/lasentinelle.dz\/#\/schema\/logo\/image\/","url":"https:\/\/lasentinelle.dz\/wp-content\/uploads\/2021\/09\/logo-sentinelleSLOGAN-1.png","contentUrl":"https:\/\/lasentinelle.dz\/wp-content\/uploads\/2021\/09\/logo-sentinelleSLOGAN-1.png","width":615,"height":142,"caption":"Quotidien La Sentinelle"},"image":{"@id":"https:\/\/lasentinelle.dz\/#\/schema\/logo\/image\/"},"sameAs":["https:\/\/www.facebook.com\/La-Sentinelle-104059864394773"]},{"@type":"Person","@id":"https:\/\/lasentinelle.dz\/#\/schema\/person\/729ee0024f24e0b8c5ec17232f8e8b41","name":"admin","image":{"@type":"ImageObject","inLanguage":"fr-FR","@id":"https:\/\/secure.gravatar.com\/avatar\/4c81fed838786e9b53f540bf46533e750f5d292099ae3b66cfc6fb1982e29df7?s=96&d=mm&r=g","url":"https:\/\/secure.gravatar.com\/avatar\/4c81fed838786e9b53f540bf46533e750f5d292099ae3b66cfc6fb1982e29df7?s=96&d=mm&r=g","contentUrl":"https:\/\/secure.gravatar.com\/avatar\/4c81fed838786e9b53f540bf46533e750f5d292099ae3b66cfc6fb1982e29df7?s=96&d=mm&r=g","caption":"admin"},"description":"admin","url":"https:\/\/lasentinelle.dz\/author\/admin\/"}]}},"_links":{"self":[{"href":"https:\/\/lasentinelle.dz\/index.php\/wp-json\/wp\/v2\/posts\/68107","targetHints":{"allow":["GET"]}}],"collection":[{"href":"https:\/\/lasentinelle.dz\/index.php\/wp-json\/wp\/v2\/posts"}],"about":[{"href":"https:\/\/lasentinelle.dz\/index.php\/wp-json\/wp\/v2\/types\/post"}],"author":[{"embeddable":true,"href":"https:\/\/lasentinelle.dz\/index.php\/wp-json\/wp\/v2\/users\/6"}],"replies":[{"embeddable":true,"href":"https:\/\/lasentinelle.dz\/index.php\/wp-json\/wp\/v2\/comments?post=68107"}],"version-history":[{"count":2,"href":"https:\/\/lasentinelle.dz\/index.php\/wp-json\/wp\/v2\/posts\/68107\/revisions"}],"predecessor-version":[{"id":68110,"href":"https:\/\/lasentinelle.dz\/index.php\/wp-json\/wp\/v2\/posts\/68107\/revisions\/68110"}],"wp:featuredmedia":[{"embeddable":true,"href":"https:\/\/lasentinelle.dz\/index.php\/wp-json\/wp\/v2\/media\/68108"}],"wp:attachment":[{"href":"https:\/\/lasentinelle.dz\/index.php\/wp-json\/wp\/v2\/media?parent=68107"}],"wp:term":[{"taxonomy":"category","embeddable":true,"href":"https:\/\/lasentinelle.dz\/index.php\/wp-json\/wp\/v2\/categories?post=68107"},{"taxonomy":"post_tag","embeddable":true,"href":"https:\/\/lasentinelle.dz\/index.php\/wp-json\/wp\/v2\/tags?post=68107"}],"curies":[{"name":"wp","href":"https:\/\/api.w.org\/{rel}","templated":true}]}}