{"id":68111,"date":"2025-05-28T21:42:31","date_gmt":"2025-05-28T20:42:31","guid":{"rendered":"https:\/\/lasentinelle.dz\/?p=68111"},"modified":"2025-05-28T21:42:40","modified_gmt":"2025-05-28T20:42:40","slug":"campagne-contre-la-destruction-des-cahiers-le-satisfecit-de-la-tutelle","status":"publish","type":"post","link":"https:\/\/lasentinelle.dz\/index.php\/2025\/05\/28\/campagne-contre-la-destruction-des-cahiers-le-satisfecit-de-la-tutelle\/","title":{"rendered":"Campagne contre la destruction des cahiers : Le satisfecit de la tutelle"},"content":{"rendered":"\n<p>Le minist\u00e8re de l&rsquo;\u00c9ducation nationale a salu\u00e9 ce mercredi l&rsquo;\u00e9cho remarquable rencontr\u00e9 par la campagne nationale \u00ab\u00a0Non \u00e0 la destruction des cahiers\u00a0\u00bb \u00e0 la fin de l&rsquo;ann\u00e9e scolaire, une initiative qui a r\u00e9v\u00e9l\u00e9 une prise de conscience collective sur l&rsquo;importance du respect des efforts d\u00e9ploy\u00e9s pour am\u00e9liorer le syst\u00e8me \u00e9ducatif. Dans un message de remerciements adress\u00e9 \u00e0 la famille \u00e9ducative, le minist\u00e8re a exprim\u00e9 sa fiert\u00e9 face \u00e0 cette mobilisation sans pr\u00e9c\u00e9dent qui transcende les clivages et unit tous les acteurs autour d&rsquo;un objectif commun : pr\u00e9server la dimension symbolique des outils scolaires et honorer les investissements consentis par l&rsquo;\u00c9tat et la soci\u00e9t\u00e9 pour moderniser l&rsquo;enseignement. Cette campagne, loin d&rsquo;\u00eatre un simple \u00e9v\u00e9nement ponctuel, s&rsquo;est transform\u00e9e en v\u00e9ritable le\u00e7on de civisme qui a mis en lumi\u00e8re le visage authentique et honorable de l&rsquo;\u00e9cole alg\u00e9rienne, consid\u00e9r\u00e9e comme un espace de construction de l&rsquo;espoir, d&rsquo;ancrage des valeurs et de formation du citoyen alg\u00e9rien conscient et responsable. Le minist\u00e8re a particuli\u00e8rement salu\u00e9 l&rsquo;engagement des \u00e9l\u00e8ves et de leurs parents qui ont fait preuve d&rsquo;une discipline exemplaire et d&rsquo;un respect remarquable envers le message v\u00e9hicul\u00e9 par cette initiative. L&rsquo;implication concr\u00e8te de l&rsquo;ensemble de la famille \u00e9ducative, tant sur le terrain qu&rsquo;au sein des classes et \u00e9tablissements scolaires, a \u00e9galement \u00e9t\u00e9 salu\u00e9e pour son caract\u00e8re d\u00e9terminant dans le succ\u00e8s de cette op\u00e9ration. L&rsquo;Observatoire national de la soci\u00e9t\u00e9 civile et l&rsquo;ensemble des associations et organismes locaux ont apport\u00e9 un soutien terrain efficace et un accompagnement d\u00e9cisif pour la r\u00e9ussite de cette campagne, tandis que les associations nationales de parents d&rsquo;\u00e9l\u00e8ves agr\u00e9\u00e9es par le secteur ont intensifi\u00e9 leurs activit\u00e9s de sensibilisation et de conscientisation dans les quartiers et les \u00e9coles. Tous les partenaires sociaux qui ont \u0153uvr\u00e9 pour concr\u00e9tiser cette campagne d\u00e8s le premier jour ont \u00e9t\u00e9 remerci\u00e9s, avec une mention sp\u00e9ciale pour le r\u00f4le \u00e9minent jou\u00e9 par les associations de parents d&rsquo;\u00e9l\u00e8ves dans cette d\u00e9marche collective. Selon le minist\u00e8re, cette campagne rev\u00eat une importance \u00e9ducative et soci\u00e9tale majeure car elle renforce l&rsquo;esprit d&rsquo;appartenance nationale solidaire et encourage le respect du syst\u00e8me \u00e9ducatif dans toutes ses composantes, d\u00e9montrant ainsi que l&rsquo;\u00e9cole alg\u00e9rienne demeure un pilier fondamental de la soci\u00e9t\u00e9 et un creuset de formation des futures g\u00e9n\u00e9rations.<\/p>\n\n\n\n<p><strong>Lyna Larbi<\/strong><\/p>\n","protected":false},"excerpt":{"rendered":"<p>Le minist\u00e8re de l&rsquo;\u00c9ducation nationale a salu\u00e9 ce mercredi l&rsquo;\u00e9cho remarquable rencontr\u00e9 par la campagne nationale \u00ab\u00a0Non \u00e0 la destruction<\/p>\n","protected":false},"author":6,"featured_media":21880,"comment_status":"open","ping_status":"closed","sticky":false,"template":"","format":"standard","meta":{"colormag_page_container_layout":"default_layout","colormag_page_sidebar_layout":"default_layout","om_disable_all_campaigns":false,"_monsterinsights_skip_tracking":false,"_monsterinsights_sitenote_active":false,"_monsterinsights_sitenote_note":"","_monsterinsights_sitenote_category":0,"footnotes":"","_wpscppro_dont_share_socialmedia":false,"_wpscppro_custom_social_share_image":0,"_facebook_share_type":"default","_twitter_share_type":"default","_linkedin_share_type":"default","_pinterest_share_type":"default","_linkedin_share_type_page":"","_instagram_share_type":"default","_medium_share_type":"default","_threads_share_type":"","_google_business_share_type":"","_selected_social_profile":[],"_wpsp_enable_custom_social_template":false,"_wpsp_social_scheduling":{"enabled":false,"datetime":null,"platforms":[],"status":"template_only","dateOption":"today","timeOption":"now","customDays":"","customHours":"","customDate":"","customTime":"","schedulingType":"absolute"},"_wpsp_active_default_template":true},"categories":[27],"tags":[],"class_list":["post-68111","post","type-post","status-publish","format-standard","has-post-thumbnail","hentry","category-actualite"],"aioseo_notices":[],"yoast_head":"<!-- This site is optimized with the Yoast SEO plugin v27.5 - https:\/\/yoast.com\/product\/yoast-seo-wordpress\/ -->\n<title>Campagne contre la destruction des cahiers : Le satisfecit de la tutelle - La Sentinelle<\/title>\n<meta name=\"robots\" content=\"index, follow, max-snippet:-1, max-image-preview:large, max-video-preview:-1\" \/>\n<link rel=\"canonical\" href=\"https:\/\/lasentinelle.dz\/index.php\/2025\/05\/28\/campagne-contre-la-destruction-des-cahiers-le-satisfecit-de-la-tutelle\/\" \/>\n<meta property=\"og:locale\" content=\"fr_FR\" \/>\n<meta property=\"og:type\" content=\"article\" \/>\n<meta property=\"og:title\" content=\"Campagne contre la destruction des cahiers : Le satisfecit de la tutelle - La Sentinelle\" \/>\n<meta property=\"og:description\" content=\"Le minist\u00e8re de l&rsquo;\u00c9ducation nationale a salu\u00e9 ce mercredi l&rsquo;\u00e9cho remarquable rencontr\u00e9 par la campagne nationale \u00ab\u00a0Non \u00e0 la destruction\" \/>\n<meta property=\"og:url\" content=\"https:\/\/lasentinelle.dz\/index.php\/2025\/05\/28\/campagne-contre-la-destruction-des-cahiers-le-satisfecit-de-la-tutelle\/\" \/>\n<meta property=\"og:site_name\" content=\"La Sentinelle\" \/>\n<meta property=\"article:publisher\" content=\"https:\/\/www.facebook.com\/La-Sentinelle-104059864394773\" \/>\n<meta property=\"article:published_time\" content=\"2025-05-28T20:42:31+00:00\" \/>\n<meta property=\"article:modified_time\" content=\"2025-05-28T20:42:40+00:00\" \/>\n<meta property=\"og:image\" content=\"https:\/\/lasentinelle.dz\/wp-content\/uploads\/2022\/05\/education.png\" \/>\n\t<meta property=\"og:image:width\" content=\"1491\" \/>\n\t<meta property=\"og:image:height\" content=\"900\" \/>\n\t<meta property=\"og:image:type\" content=\"image\/png\" \/>\n<meta name=\"author\" content=\"admin\" \/>\n<meta name=\"twitter:card\" content=\"summary_large_image\" \/>\n<meta name=\"twitter:label1\" content=\"\u00c9crit par\" \/>\n\t<meta name=\"twitter:data1\" content=\"admin\" \/>\n\t<meta name=\"twitter:label2\" content=\"Dur\u00e9e de lecture estim\u00e9e\" \/>\n\t<meta name=\"twitter:data2\" content=\"3 minutes\" \/>\n<script type=\"application\/ld+json\" class=\"yoast-schema-graph\">{\"@context\":\"https:\\\/\\\/schema.org\",\"@graph\":[{\"@type\":\"Article\",\"@id\":\"https:\\\/\\\/lasentinelle.dz\\\/index.php\\\/2025\\\/05\\\/28\\\/campagne-contre-la-destruction-des-cahiers-le-satisfecit-de-la-tutelle\\\/#article\",\"isPartOf\":{\"@id\":\"https:\\\/\\\/lasentinelle.dz\\\/index.php\\\/2025\\\/05\\\/28\\\/campagne-contre-la-destruction-des-cahiers-le-satisfecit-de-la-tutelle\\\/\"},\"author\":{\"name\":\"admin\",\"@id\":\"https:\\\/\\\/lasentinelle.dz\\\/#\\\/schema\\\/person\\\/729ee0024f24e0b8c5ec17232f8e8b41\"},\"headline\":\"Campagne contre la destruction des cahiers : Le satisfecit de la tutelle\",\"datePublished\":\"2025-05-28T20:42:31+00:00\",\"dateModified\":\"2025-05-28T20:42:40+00:00\",\"mainEntityOfPage\":{\"@id\":\"https:\\\/\\\/lasentinelle.dz\\\/index.php\\\/2025\\\/05\\\/28\\\/campagne-contre-la-destruction-des-cahiers-le-satisfecit-de-la-tutelle\\\/\"},\"wordCount\":447,\"commentCount\":0,\"publisher\":{\"@id\":\"https:\\\/\\\/lasentinelle.dz\\\/#organization\"},\"image\":{\"@id\":\"https:\\\/\\\/lasentinelle.dz\\\/index.php\\\/2025\\\/05\\\/28\\\/campagne-contre-la-destruction-des-cahiers-le-satisfecit-de-la-tutelle\\\/#primaryimage\"},\"thumbnailUrl\":\"https:\\\/\\\/lasentinelle.dz\\\/wp-content\\\/uploads\\\/2022\\\/05\\\/education.png\",\"articleSection\":[\"Actualit\u00e9\"],\"inLanguage\":\"fr-FR\",\"potentialAction\":[{\"@type\":\"CommentAction\",\"name\":\"Comment\",\"target\":[\"https:\\\/\\\/lasentinelle.dz\\\/index.php\\\/2025\\\/05\\\/28\\\/campagne-contre-la-destruction-des-cahiers-le-satisfecit-de-la-tutelle\\\/#respond\"]}]},{\"@type\":\"WebPage\",\"@id\":\"https:\\\/\\\/lasentinelle.dz\\\/index.php\\\/2025\\\/05\\\/28\\\/campagne-contre-la-destruction-des-cahiers-le-satisfecit-de-la-tutelle\\\/\",\"url\":\"https:\\\/\\\/lasentinelle.dz\\\/index.php\\\/2025\\\/05\\\/28\\\/campagne-contre-la-destruction-des-cahiers-le-satisfecit-de-la-tutelle\\\/\",\"name\":\"Campagne contre la destruction des cahiers : Le satisfecit de la tutelle - La Sentinelle\",\"isPartOf\":{\"@id\":\"https:\\\/\\\/lasentinelle.dz\\\/#website\"},\"primaryImageOfPage\":{\"@id\":\"https:\\\/\\\/lasentinelle.dz\\\/index.php\\\/2025\\\/05\\\/28\\\/campagne-contre-la-destruction-des-cahiers-le-satisfecit-de-la-tutelle\\\/#primaryimage\"},\"image\":{\"@id\":\"https:\\\/\\\/lasentinelle.dz\\\/index.php\\\/2025\\\/05\\\/28\\\/campagne-contre-la-destruction-des-cahiers-le-satisfecit-de-la-tutelle\\\/#primaryimage\"},\"thumbnailUrl\":\"https:\\\/\\\/lasentinelle.dz\\\/wp-content\\\/uploads\\\/2022\\\/05\\\/education.png\",\"datePublished\":\"2025-05-28T20:42:31+00:00\",\"dateModified\":\"2025-05-28T20:42:40+00:00\",\"breadcrumb\":{\"@id\":\"https:\\\/\\\/lasentinelle.dz\\\/index.php\\\/2025\\\/05\\\/28\\\/campagne-contre-la-destruction-des-cahiers-le-satisfecit-de-la-tutelle\\\/#breadcrumb\"},\"inLanguage\":\"fr-FR\",\"potentialAction\":[{\"@type\":\"ReadAction\",\"target\":[\"https:\\\/\\\/lasentinelle.dz\\\/index.php\\\/2025\\\/05\\\/28\\\/campagne-contre-la-destruction-des-cahiers-le-satisfecit-de-la-tutelle\\\/\"]}]},{\"@type\":\"ImageObject\",\"inLanguage\":\"fr-FR\",\"@id\":\"https:\\\/\\\/lasentinelle.dz\\\/index.php\\\/2025\\\/05\\\/28\\\/campagne-contre-la-destruction-des-cahiers-le-satisfecit-de-la-tutelle\\\/#primaryimage\",\"url\":\"https:\\\/\\\/lasentinelle.dz\\\/wp-content\\\/uploads\\\/2022\\\/05\\\/education.png\",\"contentUrl\":\"https:\\\/\\\/lasentinelle.dz\\\/wp-content\\\/uploads\\\/2022\\\/05\\\/education.png\",\"width\":1491,\"height\":900},{\"@type\":\"BreadcrumbList\",\"@id\":\"https:\\\/\\\/lasentinelle.dz\\\/index.php\\\/2025\\\/05\\\/28\\\/campagne-contre-la-destruction-des-cahiers-le-satisfecit-de-la-tutelle\\\/#breadcrumb\",\"itemListElement\":[{\"@type\":\"ListItem\",\"position\":1,\"name\":\"Accueil\",\"item\":\"https:\\\/\\\/lasentinelle.dz\\\/\"},{\"@type\":\"ListItem\",\"position\":2,\"name\":\"Campagne contre la destruction des cahiers : Le satisfecit de la tutelle\"}]},{\"@type\":\"WebSite\",\"@id\":\"https:\\\/\\\/lasentinelle.dz\\\/#website\",\"url\":\"https:\\\/\\\/lasentinelle.dz\\\/\",\"name\":\"La Sentinelle\",\"description\":\"Quotidien national d&#039;information\",\"publisher\":{\"@id\":\"https:\\\/\\\/lasentinelle.dz\\\/#organization\"},\"potentialAction\":[{\"@type\":\"SearchAction\",\"target\":{\"@type\":\"EntryPoint\",\"urlTemplate\":\"https:\\\/\\\/lasentinelle.dz\\\/?s={search_term_string}\"},\"query-input\":{\"@type\":\"PropertyValueSpecification\",\"valueRequired\":true,\"valueName\":\"search_term_string\"}}],\"inLanguage\":\"fr-FR\"},{\"@type\":\"Organization\",\"@id\":\"https:\\\/\\\/lasentinelle.dz\\\/#organization\",\"name\":\"Quotidien La Sentinelle\",\"url\":\"https:\\\/\\\/lasentinelle.dz\\\/\",\"logo\":{\"@type\":\"ImageObject\",\"inLanguage\":\"fr-FR\",\"@id\":\"https:\\\/\\\/lasentinelle.dz\\\/#\\\/schema\\\/logo\\\/image\\\/\",\"url\":\"https:\\\/\\\/lasentinelle.dz\\\/wp-content\\\/uploads\\\/2021\\\/09\\\/logo-sentinelleSLOGAN-1.png\",\"contentUrl\":\"https:\\\/\\\/lasentinelle.dz\\\/wp-content\\\/uploads\\\/2021\\\/09\\\/logo-sentinelleSLOGAN-1.png\",\"width\":615,\"height\":142,\"caption\":\"Quotidien La Sentinelle\"},\"image\":{\"@id\":\"https:\\\/\\\/lasentinelle.dz\\\/#\\\/schema\\\/logo\\\/image\\\/\"},\"sameAs\":[\"https:\\\/\\\/www.facebook.com\\\/La-Sentinelle-104059864394773\"]},{\"@type\":\"Person\",\"@id\":\"https:\\\/\\\/lasentinelle.dz\\\/#\\\/schema\\\/person\\\/729ee0024f24e0b8c5ec17232f8e8b41\",\"name\":\"admin\",\"image\":{\"@type\":\"ImageObject\",\"inLanguage\":\"fr-FR\",\"@id\":\"https:\\\/\\\/secure.gravatar.com\\\/avatar\\\/4c81fed838786e9b53f540bf46533e750f5d292099ae3b66cfc6fb1982e29df7?s=96&d=mm&r=g\",\"url\":\"https:\\\/\\\/secure.gravatar.com\\\/avatar\\\/4c81fed838786e9b53f540bf46533e750f5d292099ae3b66cfc6fb1982e29df7?s=96&d=mm&r=g\",\"contentUrl\":\"https:\\\/\\\/secure.gravatar.com\\\/avatar\\\/4c81fed838786e9b53f540bf46533e750f5d292099ae3b66cfc6fb1982e29df7?s=96&d=mm&r=g\",\"caption\":\"admin\"},\"description\":\"admin\",\"url\":\"https:\\\/\\\/lasentinelle.dz\\\/author\\\/admin\\\/\"}]}<\/script>\n<!-- \/ Yoast SEO plugin. -->","yoast_head_json":{"title":"Campagne contre la destruction des cahiers : Le satisfecit de la tutelle - La Sentinelle","robots":{"index":"index","follow":"follow","max-snippet":"max-snippet:-1","max-image-preview":"max-image-preview:large","max-video-preview":"max-video-preview:-1"},"canonical":"https:\/\/lasentinelle.dz\/index.php\/2025\/05\/28\/campagne-contre-la-destruction-des-cahiers-le-satisfecit-de-la-tutelle\/","og_locale":"fr_FR","og_type":"article","og_title":"Campagne contre la destruction des cahiers : Le satisfecit de la tutelle - La Sentinelle","og_description":"Le minist\u00e8re de l&rsquo;\u00c9ducation nationale a salu\u00e9 ce mercredi l&rsquo;\u00e9cho remarquable rencontr\u00e9 par la campagne nationale \u00ab\u00a0Non \u00e0 la destruction","og_url":"https:\/\/lasentinelle.dz\/index.php\/2025\/05\/28\/campagne-contre-la-destruction-des-cahiers-le-satisfecit-de-la-tutelle\/","og_site_name":"La Sentinelle","article_publisher":"https:\/\/www.facebook.com\/La-Sentinelle-104059864394773","article_published_time":"2025-05-28T20:42:31+00:00","article_modified_time":"2025-05-28T20:42:40+00:00","og_image":[{"width":1491,"height":900,"url":"https:\/\/lasentinelle.dz\/wp-content\/uploads\/2022\/05\/education.png","type":"image\/png"}],"author":"admin","twitter_card":"summary_large_image","twitter_misc":{"\u00c9crit par":"admin","Dur\u00e9e de lecture estim\u00e9e":"3 minutes"},"schema":{"@context":"https:\/\/schema.org","@graph":[{"@type":"Article","@id":"https:\/\/lasentinelle.dz\/index.php\/2025\/05\/28\/campagne-contre-la-destruction-des-cahiers-le-satisfecit-de-la-tutelle\/#article","isPartOf":{"@id":"https:\/\/lasentinelle.dz\/index.php\/2025\/05\/28\/campagne-contre-la-destruction-des-cahiers-le-satisfecit-de-la-tutelle\/"},"author":{"name":"admin","@id":"https:\/\/lasentinelle.dz\/#\/schema\/person\/729ee0024f24e0b8c5ec17232f8e8b41"},"headline":"Campagne contre la destruction des cahiers : Le satisfecit de la tutelle","datePublished":"2025-05-28T20:42:31+00:00","dateModified":"2025-05-28T20:42:40+00:00","mainEntityOfPage":{"@id":"https:\/\/lasentinelle.dz\/index.php\/2025\/05\/28\/campagne-contre-la-destruction-des-cahiers-le-satisfecit-de-la-tutelle\/"},"wordCount":447,"commentCount":0,"publisher":{"@id":"https:\/\/lasentinelle.dz\/#organization"},"image":{"@id":"https:\/\/lasentinelle.dz\/index.php\/2025\/05\/28\/campagne-contre-la-destruction-des-cahiers-le-satisfecit-de-la-tutelle\/#primaryimage"},"thumbnailUrl":"https:\/\/lasentinelle.dz\/wp-content\/uploads\/2022\/05\/education.png","articleSection":["Actualit\u00e9"],"inLanguage":"fr-FR","potentialAction":[{"@type":"CommentAction","name":"Comment","target":["https:\/\/lasentinelle.dz\/index.php\/2025\/05\/28\/campagne-contre-la-destruction-des-cahiers-le-satisfecit-de-la-tutelle\/#respond"]}]},{"@type":"WebPage","@id":"https:\/\/lasentinelle.dz\/index.php\/2025\/05\/28\/campagne-contre-la-destruction-des-cahiers-le-satisfecit-de-la-tutelle\/","url":"https:\/\/lasentinelle.dz\/index.php\/2025\/05\/28\/campagne-contre-la-destruction-des-cahiers-le-satisfecit-de-la-tutelle\/","name":"Campagne contre la destruction des cahiers : Le satisfecit de la tutelle - La Sentinelle","isPartOf":{"@id":"https:\/\/lasentinelle.dz\/#website"},"primaryImageOfPage":{"@id":"https:\/\/lasentinelle.dz\/index.php\/2025\/05\/28\/campagne-contre-la-destruction-des-cahiers-le-satisfecit-de-la-tutelle\/#primaryimage"},"image":{"@id":"https:\/\/lasentinelle.dz\/index.php\/2025\/05\/28\/campagne-contre-la-destruction-des-cahiers-le-satisfecit-de-la-tutelle\/#primaryimage"},"thumbnailUrl":"https:\/\/lasentinelle.dz\/wp-content\/uploads\/2022\/05\/education.png","datePublished":"2025-05-28T20:42:31+00:00","dateModified":"2025-05-28T20:42:40+00:00","breadcrumb":{"@id":"https:\/\/lasentinelle.dz\/index.php\/2025\/05\/28\/campagne-contre-la-destruction-des-cahiers-le-satisfecit-de-la-tutelle\/#breadcrumb"},"inLanguage":"fr-FR","potentialAction":[{"@type":"ReadAction","target":["https:\/\/lasentinelle.dz\/index.php\/2025\/05\/28\/campagne-contre-la-destruction-des-cahiers-le-satisfecit-de-la-tutelle\/"]}]},{"@type":"ImageObject","inLanguage":"fr-FR","@id":"https:\/\/lasentinelle.dz\/index.php\/2025\/05\/28\/campagne-contre-la-destruction-des-cahiers-le-satisfecit-de-la-tutelle\/#primaryimage","url":"https:\/\/lasentinelle.dz\/wp-content\/uploads\/2022\/05\/education.png","contentUrl":"https:\/\/lasentinelle.dz\/wp-content\/uploads\/2022\/05\/education.png","width":1491,"height":900},{"@type":"BreadcrumbList","@id":"https:\/\/lasentinelle.dz\/index.php\/2025\/05\/28\/campagne-contre-la-destruction-des-cahiers-le-satisfecit-de-la-tutelle\/#breadcrumb","itemListElement":[{"@type":"ListItem","position":1,"name":"Accueil","item":"https:\/\/lasentinelle.dz\/"},{"@type":"ListItem","position":2,"name":"Campagne contre la destruction des cahiers : Le satisfecit de la tutelle"}]},{"@type":"WebSite","@id":"https:\/\/lasentinelle.dz\/#website","url":"https:\/\/lasentinelle.dz\/","name":"La Sentinelle","description":"Quotidien national d&#039;information","publisher":{"@id":"https:\/\/lasentinelle.dz\/#organization"},"potentialAction":[{"@type":"SearchAction","target":{"@type":"EntryPoint","urlTemplate":"https:\/\/lasentinelle.dz\/?s={search_term_string}"},"query-input":{"@type":"PropertyValueSpecification","valueRequired":true,"valueName":"search_term_string"}}],"inLanguage":"fr-FR"},{"@type":"Organization","@id":"https:\/\/lasentinelle.dz\/#organization","name":"Quotidien La Sentinelle","url":"https:\/\/lasentinelle.dz\/","logo":{"@type":"ImageObject","inLanguage":"fr-FR","@id":"https:\/\/lasentinelle.dz\/#\/schema\/logo\/image\/","url":"https:\/\/lasentinelle.dz\/wp-content\/uploads\/2021\/09\/logo-sentinelleSLOGAN-1.png","contentUrl":"https:\/\/lasentinelle.dz\/wp-content\/uploads\/2021\/09\/logo-sentinelleSLOGAN-1.png","width":615,"height":142,"caption":"Quotidien La Sentinelle"},"image":{"@id":"https:\/\/lasentinelle.dz\/#\/schema\/logo\/image\/"},"sameAs":["https:\/\/www.facebook.com\/La-Sentinelle-104059864394773"]},{"@type":"Person","@id":"https:\/\/lasentinelle.dz\/#\/schema\/person\/729ee0024f24e0b8c5ec17232f8e8b41","name":"admin","image":{"@type":"ImageObject","inLanguage":"fr-FR","@id":"https:\/\/secure.gravatar.com\/avatar\/4c81fed838786e9b53f540bf46533e750f5d292099ae3b66cfc6fb1982e29df7?s=96&d=mm&r=g","url":"https:\/\/secure.gravatar.com\/avatar\/4c81fed838786e9b53f540bf46533e750f5d292099ae3b66cfc6fb1982e29df7?s=96&d=mm&r=g","contentUrl":"https:\/\/secure.gravatar.com\/avatar\/4c81fed838786e9b53f540bf46533e750f5d292099ae3b66cfc6fb1982e29df7?s=96&d=mm&r=g","caption":"admin"},"description":"admin","url":"https:\/\/lasentinelle.dz\/author\/admin\/"}]}},"_links":{"self":[{"href":"https:\/\/lasentinelle.dz\/index.php\/wp-json\/wp\/v2\/posts\/68111","targetHints":{"allow":["GET"]}}],"collection":[{"href":"https:\/\/lasentinelle.dz\/index.php\/wp-json\/wp\/v2\/posts"}],"about":[{"href":"https:\/\/lasentinelle.dz\/index.php\/wp-json\/wp\/v2\/types\/post"}],"author":[{"embeddable":true,"href":"https:\/\/lasentinelle.dz\/index.php\/wp-json\/wp\/v2\/users\/6"}],"replies":[{"embeddable":true,"href":"https:\/\/lasentinelle.dz\/index.php\/wp-json\/wp\/v2\/comments?post=68111"}],"version-history":[{"count":1,"href":"https:\/\/lasentinelle.dz\/index.php\/wp-json\/wp\/v2\/posts\/68111\/revisions"}],"predecessor-version":[{"id":68112,"href":"https:\/\/lasentinelle.dz\/index.php\/wp-json\/wp\/v2\/posts\/68111\/revisions\/68112"}],"wp:featuredmedia":[{"embeddable":true,"href":"https:\/\/lasentinelle.dz\/index.php\/wp-json\/wp\/v2\/media\/21880"}],"wp:attachment":[{"href":"https:\/\/lasentinelle.dz\/index.php\/wp-json\/wp\/v2\/media?parent=68111"}],"wp:term":[{"taxonomy":"category","embeddable":true,"href":"https:\/\/lasentinelle.dz\/index.php\/wp-json\/wp\/v2\/categories?post=68111"},{"taxonomy":"post_tag","embeddable":true,"href":"https:\/\/lasentinelle.dz\/index.php\/wp-json\/wp\/v2\/tags?post=68111"}],"curies":[{"name":"wp","href":"https:\/\/api.w.org\/{rel}","templated":true}]}}