{"id":68113,"date":"2025-05-28T21:44:02","date_gmt":"2025-05-28T20:44:02","guid":{"rendered":"https:\/\/lasentinelle.dz\/?p=68113"},"modified":"2025-05-28T21:44:07","modified_gmt":"2025-05-28T20:44:07","slug":"republique-democratique-du-congo-amnesty-international-denonce-les-exactions-du-m23","status":"publish","type":"post","link":"https:\/\/lasentinelle.dz\/index.php\/2025\/05\/28\/republique-democratique-du-congo-amnesty-international-denonce-les-exactions-du-m23\/","title":{"rendered":"R\u00e9publique d\u00e9mocratique du Congo : Amnesty International d\u00e9nonce les exactions du M23"},"content":{"rendered":"\n<p>L&rsquo;organisation non gouvernementale Amnesty International a accus\u00e9 le groupe rebelle M23 de tuer et torturer des civils d\u00e9tenus ill\u00e9galement dans l&rsquo;est de la R\u00e9publique d\u00e9mocratique du Congo. Depuis sa r\u00e9surgence en 2021, le M23 occupe de vastes pans de territoires de cette r\u00e9gion o\u00f9 il s&rsquo;est empar\u00e9 des grandes villes de Goma, capitale de la province du Nord-Kivu en janvier, puis Bukavu, capitale de la province voisine du Sud-Kivu, en f\u00e9vrier. Depuis, le groupe rebelle a arr\u00eat\u00e9 dans les deux localit\u00e9s des centaines de personnes. Dans un rapport publi\u00e9 mardi, Amnesty affirme avoir interrog\u00e9 18 civils d\u00e9tenus ill\u00e9galement dans des centres du M23 \u00e0 Goma et \u00e0 Bukavu, et dont neuf avaient \u00e9t\u00e9 tortur\u00e9s par des \u00e9l\u00e9ments du M23. Selon Amnesty, ces civils disent avoir \u00e9t\u00e9 accus\u00e9s par le M23 de soutenir l&rsquo;arm\u00e9e ou le gouvernement congolais, de travailler avec la soci\u00e9t\u00e9 civile, de cacher ou poss\u00e9der des armes, ou encore de d\u00e9noncer les exactions commises par ce groupe arm\u00e9. Ils ont assur\u00e9 \u00e0 Amnesty que le M23 n&rsquo;a jamais fourni de preuves de ces accusations. Selon leurs t\u00e9moignages cit\u00e9s par Amnesty, des centaines de personnes sont d\u00e9tenues au secret dans des cellules surpeupl\u00e9es et insalubres, et manquent de nourriture, d&rsquo;eau, d&rsquo;installations sanitaires et de soins de sant\u00e9. Huit d\u00e9tenus interrog\u00e9s par Amnesty ont d\u00e9clar\u00e9 avoir vu des cod\u00e9tenus mourir en d\u00e9tention. Le rapport d\u00e9taille de nombreux s\u00e9vices inflig\u00e9s aux d\u00e9tenus par leurs ge\u00f4liers. Des hommes arm\u00e9s du M23 ont \u00e9galement refus\u00e9 l&rsquo;acc\u00e8s aux sites de d\u00e9tention \u00e0 des familles de d\u00e9tenus, ou ont ni\u00e9 que leurs proches s&rsquo;y trouvaient, ce qui \u00e9quivaut \u00e0 des disparitions forc\u00e9es, selon Amnesty. Le M23 punit avec brutalit\u00e9 ceux qu&rsquo;il consid\u00e8re comme des opposants et intimide les autres, de sorte que personne n&rsquo;ose le contester, a d\u00e9clar\u00e9 Tigere Chagutah, directeur r\u00e9gional d&rsquo;Amnesty International pour l&rsquo;Afrique de l&rsquo;Est et l&rsquo;Afrique australe, cit\u00e9 dans le rapport. Parall\u00e8lement \u00e0 ces violations des droits humains, la crise humanitaire s&rsquo;aggrave dans la r\u00e9gion. Le Burundi, frontalier de la R\u00e9publique d\u00e9mocratique du Congo en proie \u00e0 un conflit arm\u00e9 dans l&rsquo;est du pays, a accueilli plus de 100.000 r\u00e9fugi\u00e9s congolais sur son sol depuis le mois de janvier dernier, a fait savoir mardi le ministre burundais des Relations ext\u00e9rieures et de la Coop\u00e9ration internationale, Albert Shingiro. S&rsquo;exprimant \u00e0 l&rsquo;occasion d&rsquo;une r\u00e9union minist\u00e9rielle du M\u00e9canisme r\u00e9gional de suivi de l&rsquo;Accord-cadre pour la paix, la s\u00e9curit\u00e9 et la coop\u00e9ration pour la RDC et la r\u00e9gion des Grands Lacs en pr\u00e9lude au 12e sommet des chefs d&rsquo;\u00c9tat pr\u00e9vu mercredi \u00e0 Kampala, M. Shingiro a appel\u00e9 la communaut\u00e9 internationale \u00e0 venir en aide au Burundi, pour que ce pays puisse supporter cet afflux massif et rapide des r\u00e9fugi\u00e9s congolais. En mars dernier, l&rsquo;ONU estimait l&rsquo;effectif des r\u00e9fugi\u00e9s congolais accueillis au Burundi depuis janvier \u00e0 pr\u00e8s de 70.000 personnes, principalement des femmes, des enfants et des personnes \u00e2g\u00e9es. Il s&rsquo;agit, selon l&rsquo;ONU, du plus grand afflux de r\u00e9fugi\u00e9s qu&rsquo;ait connu le Burundi depuis des d\u00e9cennies.<\/p>\n\n\n\n<p>L.S.<\/p>\n","protected":false},"excerpt":{"rendered":"<p>L&rsquo;organisation non gouvernementale Amnesty International a accus\u00e9 le groupe rebelle M23 de tuer et torturer des civils d\u00e9tenus ill\u00e9galement dans<\/p>\n","protected":false},"author":6,"featured_media":21683,"comment_status":"open","ping_status":"closed","sticky":false,"template":"","format":"standard","meta":{"colormag_page_container_layout":"default_layout","colormag_page_sidebar_layout":"default_layout","om_disable_all_campaigns":false,"_monsterinsights_skip_tracking":false,"_monsterinsights_sitenote_active":false,"_monsterinsights_sitenote_note":"","_monsterinsights_sitenote_category":0,"footnotes":"","_wpscppro_dont_share_socialmedia":false,"_wpscppro_custom_social_share_image":0,"_facebook_share_type":"default","_twitter_share_type":"default","_linkedin_share_type":"default","_pinterest_share_type":"default","_linkedin_share_type_page":"","_instagram_share_type":"default","_medium_share_type":"default","_threads_share_type":"","_google_business_share_type":"","_selected_social_profile":[],"_wpsp_enable_custom_social_template":false,"_wpsp_social_scheduling":{"enabled":false,"datetime":null,"platforms":[],"status":"template_only","dateOption":"today","timeOption":"now","customDays":"","customHours":"","customDate":"","customTime":"","schedulingType":"absolute"},"_wpsp_active_default_template":true},"categories":[37],"tags":[],"class_list":["post-68113","post","type-post","status-publish","format-standard","has-post-thumbnail","hentry","category-monde"],"aioseo_notices":[],"yoast_head":"<!-- This site is optimized with the Yoast SEO plugin v27.5 - https:\/\/yoast.com\/product\/yoast-seo-wordpress\/ -->\n<title>R\u00e9publique d\u00e9mocratique du Congo : Amnesty International d\u00e9nonce les exactions du M23 - La Sentinelle<\/title>\n<meta name=\"robots\" content=\"index, follow, max-snippet:-1, max-image-preview:large, max-video-preview:-1\" \/>\n<link rel=\"canonical\" href=\"https:\/\/lasentinelle.dz\/index.php\/2025\/05\/28\/republique-democratique-du-congo-amnesty-international-denonce-les-exactions-du-m23\/\" \/>\n<meta property=\"og:locale\" content=\"fr_FR\" \/>\n<meta property=\"og:type\" content=\"article\" \/>\n<meta property=\"og:title\" content=\"R\u00e9publique d\u00e9mocratique du Congo : Amnesty International d\u00e9nonce les exactions du M23 - La Sentinelle\" \/>\n<meta property=\"og:description\" content=\"L&rsquo;organisation non gouvernementale Amnesty International a accus\u00e9 le groupe rebelle M23 de tuer et torturer des civils d\u00e9tenus ill\u00e9galement dans\" \/>\n<meta property=\"og:url\" content=\"https:\/\/lasentinelle.dz\/index.php\/2025\/05\/28\/republique-democratique-du-congo-amnesty-international-denonce-les-exactions-du-m23\/\" \/>\n<meta property=\"og:site_name\" content=\"La Sentinelle\" \/>\n<meta property=\"article:publisher\" content=\"https:\/\/www.facebook.com\/La-Sentinelle-104059864394773\" \/>\n<meta property=\"article:published_time\" content=\"2025-05-28T20:44:02+00:00\" \/>\n<meta property=\"article:modified_time\" content=\"2025-05-28T20:44:07+00:00\" \/>\n<meta property=\"og:image\" content=\"https:\/\/lasentinelle.dz\/wp-content\/uploads\/2022\/05\/Amnesty-International.png\" \/>\n\t<meta property=\"og:image:width\" content=\"1343\" \/>\n\t<meta property=\"og:image:height\" content=\"900\" \/>\n\t<meta property=\"og:image:type\" content=\"image\/png\" \/>\n<meta name=\"author\" content=\"admin\" \/>\n<meta name=\"twitter:card\" content=\"summary_large_image\" \/>\n<meta name=\"twitter:label1\" content=\"\u00c9crit par\" \/>\n\t<meta name=\"twitter:data1\" content=\"admin\" \/>\n\t<meta name=\"twitter:label2\" content=\"Dur\u00e9e de lecture estim\u00e9e\" \/>\n\t<meta name=\"twitter:data2\" content=\"3 minutes\" \/>\n<script type=\"application\/ld+json\" class=\"yoast-schema-graph\">{\"@context\":\"https:\\\/\\\/schema.org\",\"@graph\":[{\"@type\":\"Article\",\"@id\":\"https:\\\/\\\/lasentinelle.dz\\\/index.php\\\/2025\\\/05\\\/28\\\/republique-democratique-du-congo-amnesty-international-denonce-les-exactions-du-m23\\\/#article\",\"isPartOf\":{\"@id\":\"https:\\\/\\\/lasentinelle.dz\\\/index.php\\\/2025\\\/05\\\/28\\\/republique-democratique-du-congo-amnesty-international-denonce-les-exactions-du-m23\\\/\"},\"author\":{\"name\":\"admin\",\"@id\":\"https:\\\/\\\/lasentinelle.dz\\\/#\\\/schema\\\/person\\\/729ee0024f24e0b8c5ec17232f8e8b41\"},\"headline\":\"R\u00e9publique d\u00e9mocratique du Congo : Amnesty International d\u00e9nonce les exactions du M23\",\"datePublished\":\"2025-05-28T20:44:02+00:00\",\"dateModified\":\"2025-05-28T20:44:07+00:00\",\"mainEntityOfPage\":{\"@id\":\"https:\\\/\\\/lasentinelle.dz\\\/index.php\\\/2025\\\/05\\\/28\\\/republique-democratique-du-congo-amnesty-international-denonce-les-exactions-du-m23\\\/\"},\"wordCount\":584,\"commentCount\":0,\"publisher\":{\"@id\":\"https:\\\/\\\/lasentinelle.dz\\\/#organization\"},\"image\":{\"@id\":\"https:\\\/\\\/lasentinelle.dz\\\/index.php\\\/2025\\\/05\\\/28\\\/republique-democratique-du-congo-amnesty-international-denonce-les-exactions-du-m23\\\/#primaryimage\"},\"thumbnailUrl\":\"https:\\\/\\\/lasentinelle.dz\\\/wp-content\\\/uploads\\\/2022\\\/05\\\/Amnesty-International.png\",\"articleSection\":[\"Monde\"],\"inLanguage\":\"fr-FR\",\"potentialAction\":[{\"@type\":\"CommentAction\",\"name\":\"Comment\",\"target\":[\"https:\\\/\\\/lasentinelle.dz\\\/index.php\\\/2025\\\/05\\\/28\\\/republique-democratique-du-congo-amnesty-international-denonce-les-exactions-du-m23\\\/#respond\"]}]},{\"@type\":\"WebPage\",\"@id\":\"https:\\\/\\\/lasentinelle.dz\\\/index.php\\\/2025\\\/05\\\/28\\\/republique-democratique-du-congo-amnesty-international-denonce-les-exactions-du-m23\\\/\",\"url\":\"https:\\\/\\\/lasentinelle.dz\\\/index.php\\\/2025\\\/05\\\/28\\\/republique-democratique-du-congo-amnesty-international-denonce-les-exactions-du-m23\\\/\",\"name\":\"R\u00e9publique d\u00e9mocratique du Congo : Amnesty International d\u00e9nonce les exactions du M23 - La Sentinelle\",\"isPartOf\":{\"@id\":\"https:\\\/\\\/lasentinelle.dz\\\/#website\"},\"primaryImageOfPage\":{\"@id\":\"https:\\\/\\\/lasentinelle.dz\\\/index.php\\\/2025\\\/05\\\/28\\\/republique-democratique-du-congo-amnesty-international-denonce-les-exactions-du-m23\\\/#primaryimage\"},\"image\":{\"@id\":\"https:\\\/\\\/lasentinelle.dz\\\/index.php\\\/2025\\\/05\\\/28\\\/republique-democratique-du-congo-amnesty-international-denonce-les-exactions-du-m23\\\/#primaryimage\"},\"thumbnailUrl\":\"https:\\\/\\\/lasentinelle.dz\\\/wp-content\\\/uploads\\\/2022\\\/05\\\/Amnesty-International.png\",\"datePublished\":\"2025-05-28T20:44:02+00:00\",\"dateModified\":\"2025-05-28T20:44:07+00:00\",\"breadcrumb\":{\"@id\":\"https:\\\/\\\/lasentinelle.dz\\\/index.php\\\/2025\\\/05\\\/28\\\/republique-democratique-du-congo-amnesty-international-denonce-les-exactions-du-m23\\\/#breadcrumb\"},\"inLanguage\":\"fr-FR\",\"potentialAction\":[{\"@type\":\"ReadAction\",\"target\":[\"https:\\\/\\\/lasentinelle.dz\\\/index.php\\\/2025\\\/05\\\/28\\\/republique-democratique-du-congo-amnesty-international-denonce-les-exactions-du-m23\\\/\"]}]},{\"@type\":\"ImageObject\",\"inLanguage\":\"fr-FR\",\"@id\":\"https:\\\/\\\/lasentinelle.dz\\\/index.php\\\/2025\\\/05\\\/28\\\/republique-democratique-du-congo-amnesty-international-denonce-les-exactions-du-m23\\\/#primaryimage\",\"url\":\"https:\\\/\\\/lasentinelle.dz\\\/wp-content\\\/uploads\\\/2022\\\/05\\\/Amnesty-International.png\",\"contentUrl\":\"https:\\\/\\\/lasentinelle.dz\\\/wp-content\\\/uploads\\\/2022\\\/05\\\/Amnesty-International.png\",\"width\":1343,\"height\":900},{\"@type\":\"BreadcrumbList\",\"@id\":\"https:\\\/\\\/lasentinelle.dz\\\/index.php\\\/2025\\\/05\\\/28\\\/republique-democratique-du-congo-amnesty-international-denonce-les-exactions-du-m23\\\/#breadcrumb\",\"itemListElement\":[{\"@type\":\"ListItem\",\"position\":1,\"name\":\"Accueil\",\"item\":\"https:\\\/\\\/lasentinelle.dz\\\/\"},{\"@type\":\"ListItem\",\"position\":2,\"name\":\"R\u00e9publique d\u00e9mocratique du Congo : Amnesty International d\u00e9nonce les exactions du M23\"}]},{\"@type\":\"WebSite\",\"@id\":\"https:\\\/\\\/lasentinelle.dz\\\/#website\",\"url\":\"https:\\\/\\\/lasentinelle.dz\\\/\",\"name\":\"La Sentinelle\",\"description\":\"Quotidien national d&#039;information\",\"publisher\":{\"@id\":\"https:\\\/\\\/lasentinelle.dz\\\/#organization\"},\"potentialAction\":[{\"@type\":\"SearchAction\",\"target\":{\"@type\":\"EntryPoint\",\"urlTemplate\":\"https:\\\/\\\/lasentinelle.dz\\\/?s={search_term_string}\"},\"query-input\":{\"@type\":\"PropertyValueSpecification\",\"valueRequired\":true,\"valueName\":\"search_term_string\"}}],\"inLanguage\":\"fr-FR\"},{\"@type\":\"Organization\",\"@id\":\"https:\\\/\\\/lasentinelle.dz\\\/#organization\",\"name\":\"Quotidien La Sentinelle\",\"url\":\"https:\\\/\\\/lasentinelle.dz\\\/\",\"logo\":{\"@type\":\"ImageObject\",\"inLanguage\":\"fr-FR\",\"@id\":\"https:\\\/\\\/lasentinelle.dz\\\/#\\\/schema\\\/logo\\\/image\\\/\",\"url\":\"https:\\\/\\\/lasentinelle.dz\\\/wp-content\\\/uploads\\\/2021\\\/09\\\/logo-sentinelleSLOGAN-1.png\",\"contentUrl\":\"https:\\\/\\\/lasentinelle.dz\\\/wp-content\\\/uploads\\\/2021\\\/09\\\/logo-sentinelleSLOGAN-1.png\",\"width\":615,\"height\":142,\"caption\":\"Quotidien La Sentinelle\"},\"image\":{\"@id\":\"https:\\\/\\\/lasentinelle.dz\\\/#\\\/schema\\\/logo\\\/image\\\/\"},\"sameAs\":[\"https:\\\/\\\/www.facebook.com\\\/La-Sentinelle-104059864394773\"]},{\"@type\":\"Person\",\"@id\":\"https:\\\/\\\/lasentinelle.dz\\\/#\\\/schema\\\/person\\\/729ee0024f24e0b8c5ec17232f8e8b41\",\"name\":\"admin\",\"image\":{\"@type\":\"ImageObject\",\"inLanguage\":\"fr-FR\",\"@id\":\"https:\\\/\\\/secure.gravatar.com\\\/avatar\\\/4c81fed838786e9b53f540bf46533e750f5d292099ae3b66cfc6fb1982e29df7?s=96&d=mm&r=g\",\"url\":\"https:\\\/\\\/secure.gravatar.com\\\/avatar\\\/4c81fed838786e9b53f540bf46533e750f5d292099ae3b66cfc6fb1982e29df7?s=96&d=mm&r=g\",\"contentUrl\":\"https:\\\/\\\/secure.gravatar.com\\\/avatar\\\/4c81fed838786e9b53f540bf46533e750f5d292099ae3b66cfc6fb1982e29df7?s=96&d=mm&r=g\",\"caption\":\"admin\"},\"description\":\"admin\",\"url\":\"https:\\\/\\\/lasentinelle.dz\\\/author\\\/admin\\\/\"}]}<\/script>\n<!-- \/ Yoast SEO plugin. -->","yoast_head_json":{"title":"R\u00e9publique d\u00e9mocratique du Congo : Amnesty International d\u00e9nonce les exactions du M23 - La Sentinelle","robots":{"index":"index","follow":"follow","max-snippet":"max-snippet:-1","max-image-preview":"max-image-preview:large","max-video-preview":"max-video-preview:-1"},"canonical":"https:\/\/lasentinelle.dz\/index.php\/2025\/05\/28\/republique-democratique-du-congo-amnesty-international-denonce-les-exactions-du-m23\/","og_locale":"fr_FR","og_type":"article","og_title":"R\u00e9publique d\u00e9mocratique du Congo : Amnesty International d\u00e9nonce les exactions du M23 - La Sentinelle","og_description":"L&rsquo;organisation non gouvernementale Amnesty International a accus\u00e9 le groupe rebelle M23 de tuer et torturer des civils d\u00e9tenus ill\u00e9galement dans","og_url":"https:\/\/lasentinelle.dz\/index.php\/2025\/05\/28\/republique-democratique-du-congo-amnesty-international-denonce-les-exactions-du-m23\/","og_site_name":"La Sentinelle","article_publisher":"https:\/\/www.facebook.com\/La-Sentinelle-104059864394773","article_published_time":"2025-05-28T20:44:02+00:00","article_modified_time":"2025-05-28T20:44:07+00:00","og_image":[{"width":1343,"height":900,"url":"https:\/\/lasentinelle.dz\/wp-content\/uploads\/2022\/05\/Amnesty-International.png","type":"image\/png"}],"author":"admin","twitter_card":"summary_large_image","twitter_misc":{"\u00c9crit par":"admin","Dur\u00e9e de lecture estim\u00e9e":"3 minutes"},"schema":{"@context":"https:\/\/schema.org","@graph":[{"@type":"Article","@id":"https:\/\/lasentinelle.dz\/index.php\/2025\/05\/28\/republique-democratique-du-congo-amnesty-international-denonce-les-exactions-du-m23\/#article","isPartOf":{"@id":"https:\/\/lasentinelle.dz\/index.php\/2025\/05\/28\/republique-democratique-du-congo-amnesty-international-denonce-les-exactions-du-m23\/"},"author":{"name":"admin","@id":"https:\/\/lasentinelle.dz\/#\/schema\/person\/729ee0024f24e0b8c5ec17232f8e8b41"},"headline":"R\u00e9publique d\u00e9mocratique du Congo : Amnesty International d\u00e9nonce les exactions du M23","datePublished":"2025-05-28T20:44:02+00:00","dateModified":"2025-05-28T20:44:07+00:00","mainEntityOfPage":{"@id":"https:\/\/lasentinelle.dz\/index.php\/2025\/05\/28\/republique-democratique-du-congo-amnesty-international-denonce-les-exactions-du-m23\/"},"wordCount":584,"commentCount":0,"publisher":{"@id":"https:\/\/lasentinelle.dz\/#organization"},"image":{"@id":"https:\/\/lasentinelle.dz\/index.php\/2025\/05\/28\/republique-democratique-du-congo-amnesty-international-denonce-les-exactions-du-m23\/#primaryimage"},"thumbnailUrl":"https:\/\/lasentinelle.dz\/wp-content\/uploads\/2022\/05\/Amnesty-International.png","articleSection":["Monde"],"inLanguage":"fr-FR","potentialAction":[{"@type":"CommentAction","name":"Comment","target":["https:\/\/lasentinelle.dz\/index.php\/2025\/05\/28\/republique-democratique-du-congo-amnesty-international-denonce-les-exactions-du-m23\/#respond"]}]},{"@type":"WebPage","@id":"https:\/\/lasentinelle.dz\/index.php\/2025\/05\/28\/republique-democratique-du-congo-amnesty-international-denonce-les-exactions-du-m23\/","url":"https:\/\/lasentinelle.dz\/index.php\/2025\/05\/28\/republique-democratique-du-congo-amnesty-international-denonce-les-exactions-du-m23\/","name":"R\u00e9publique d\u00e9mocratique du Congo : Amnesty International d\u00e9nonce les exactions du M23 - La Sentinelle","isPartOf":{"@id":"https:\/\/lasentinelle.dz\/#website"},"primaryImageOfPage":{"@id":"https:\/\/lasentinelle.dz\/index.php\/2025\/05\/28\/republique-democratique-du-congo-amnesty-international-denonce-les-exactions-du-m23\/#primaryimage"},"image":{"@id":"https:\/\/lasentinelle.dz\/index.php\/2025\/05\/28\/republique-democratique-du-congo-amnesty-international-denonce-les-exactions-du-m23\/#primaryimage"},"thumbnailUrl":"https:\/\/lasentinelle.dz\/wp-content\/uploads\/2022\/05\/Amnesty-International.png","datePublished":"2025-05-28T20:44:02+00:00","dateModified":"2025-05-28T20:44:07+00:00","breadcrumb":{"@id":"https:\/\/lasentinelle.dz\/index.php\/2025\/05\/28\/republique-democratique-du-congo-amnesty-international-denonce-les-exactions-du-m23\/#breadcrumb"},"inLanguage":"fr-FR","potentialAction":[{"@type":"ReadAction","target":["https:\/\/lasentinelle.dz\/index.php\/2025\/05\/28\/republique-democratique-du-congo-amnesty-international-denonce-les-exactions-du-m23\/"]}]},{"@type":"ImageObject","inLanguage":"fr-FR","@id":"https:\/\/lasentinelle.dz\/index.php\/2025\/05\/28\/republique-democratique-du-congo-amnesty-international-denonce-les-exactions-du-m23\/#primaryimage","url":"https:\/\/lasentinelle.dz\/wp-content\/uploads\/2022\/05\/Amnesty-International.png","contentUrl":"https:\/\/lasentinelle.dz\/wp-content\/uploads\/2022\/05\/Amnesty-International.png","width":1343,"height":900},{"@type":"BreadcrumbList","@id":"https:\/\/lasentinelle.dz\/index.php\/2025\/05\/28\/republique-democratique-du-congo-amnesty-international-denonce-les-exactions-du-m23\/#breadcrumb","itemListElement":[{"@type":"ListItem","position":1,"name":"Accueil","item":"https:\/\/lasentinelle.dz\/"},{"@type":"ListItem","position":2,"name":"R\u00e9publique d\u00e9mocratique du Congo : Amnesty International d\u00e9nonce les exactions du M23"}]},{"@type":"WebSite","@id":"https:\/\/lasentinelle.dz\/#website","url":"https:\/\/lasentinelle.dz\/","name":"La Sentinelle","description":"Quotidien national d&#039;information","publisher":{"@id":"https:\/\/lasentinelle.dz\/#organization"},"potentialAction":[{"@type":"SearchAction","target":{"@type":"EntryPoint","urlTemplate":"https:\/\/lasentinelle.dz\/?s={search_term_string}"},"query-input":{"@type":"PropertyValueSpecification","valueRequired":true,"valueName":"search_term_string"}}],"inLanguage":"fr-FR"},{"@type":"Organization","@id":"https:\/\/lasentinelle.dz\/#organization","name":"Quotidien La Sentinelle","url":"https:\/\/lasentinelle.dz\/","logo":{"@type":"ImageObject","inLanguage":"fr-FR","@id":"https:\/\/lasentinelle.dz\/#\/schema\/logo\/image\/","url":"https:\/\/lasentinelle.dz\/wp-content\/uploads\/2021\/09\/logo-sentinelleSLOGAN-1.png","contentUrl":"https:\/\/lasentinelle.dz\/wp-content\/uploads\/2021\/09\/logo-sentinelleSLOGAN-1.png","width":615,"height":142,"caption":"Quotidien La Sentinelle"},"image":{"@id":"https:\/\/lasentinelle.dz\/#\/schema\/logo\/image\/"},"sameAs":["https:\/\/www.facebook.com\/La-Sentinelle-104059864394773"]},{"@type":"Person","@id":"https:\/\/lasentinelle.dz\/#\/schema\/person\/729ee0024f24e0b8c5ec17232f8e8b41","name":"admin","image":{"@type":"ImageObject","inLanguage":"fr-FR","@id":"https:\/\/secure.gravatar.com\/avatar\/4c81fed838786e9b53f540bf46533e750f5d292099ae3b66cfc6fb1982e29df7?s=96&d=mm&r=g","url":"https:\/\/secure.gravatar.com\/avatar\/4c81fed838786e9b53f540bf46533e750f5d292099ae3b66cfc6fb1982e29df7?s=96&d=mm&r=g","contentUrl":"https:\/\/secure.gravatar.com\/avatar\/4c81fed838786e9b53f540bf46533e750f5d292099ae3b66cfc6fb1982e29df7?s=96&d=mm&r=g","caption":"admin"},"description":"admin","url":"https:\/\/lasentinelle.dz\/author\/admin\/"}]}},"_links":{"self":[{"href":"https:\/\/lasentinelle.dz\/index.php\/wp-json\/wp\/v2\/posts\/68113","targetHints":{"allow":["GET"]}}],"collection":[{"href":"https:\/\/lasentinelle.dz\/index.php\/wp-json\/wp\/v2\/posts"}],"about":[{"href":"https:\/\/lasentinelle.dz\/index.php\/wp-json\/wp\/v2\/types\/post"}],"author":[{"embeddable":true,"href":"https:\/\/lasentinelle.dz\/index.php\/wp-json\/wp\/v2\/users\/6"}],"replies":[{"embeddable":true,"href":"https:\/\/lasentinelle.dz\/index.php\/wp-json\/wp\/v2\/comments?post=68113"}],"version-history":[{"count":1,"href":"https:\/\/lasentinelle.dz\/index.php\/wp-json\/wp\/v2\/posts\/68113\/revisions"}],"predecessor-version":[{"id":68114,"href":"https:\/\/lasentinelle.dz\/index.php\/wp-json\/wp\/v2\/posts\/68113\/revisions\/68114"}],"wp:featuredmedia":[{"embeddable":true,"href":"https:\/\/lasentinelle.dz\/index.php\/wp-json\/wp\/v2\/media\/21683"}],"wp:attachment":[{"href":"https:\/\/lasentinelle.dz\/index.php\/wp-json\/wp\/v2\/media?parent=68113"}],"wp:term":[{"taxonomy":"category","embeddable":true,"href":"https:\/\/lasentinelle.dz\/index.php\/wp-json\/wp\/v2\/categories?post=68113"},{"taxonomy":"post_tag","embeddable":true,"href":"https:\/\/lasentinelle.dz\/index.php\/wp-json\/wp\/v2\/tags?post=68113"}],"curies":[{"name":"wp","href":"https:\/\/api.w.org\/{rel}","templated":true}]}}