{"id":68117,"date":"2025-05-28T21:45:49","date_gmt":"2025-05-28T20:45:49","guid":{"rendered":"https:\/\/lasentinelle.dz\/?p=68117"},"modified":"2025-05-28T21:45:50","modified_gmt":"2025-05-28T20:45:50","slug":"lunicef-denonce-une-tragedie-sans-precedent-a-ghaza-50-000-enfants-massacres","status":"publish","type":"post","link":"https:\/\/lasentinelle.dz\/index.php\/2025\/05\/28\/lunicef-denonce-une-tragedie-sans-precedent-a-ghaza-50-000-enfants-massacres\/","title":{"rendered":"L&rsquo;UNICEF d\u00e9nonce une trag\u00e9die sans pr\u00e9c\u00e9dent \u00e0 Ghaza: 50.000 enfants massacr\u00e9s"},"content":{"rendered":"\n<p>La trag\u00e9die qui se d\u00e9roule \u00e0 Ghaza depuis octobre 2023 a franchi un nouveau seuil d&rsquo;horreur. L&rsquo;UNICEF a r\u00e9v\u00e9l\u00e9 que plus de 50.000 enfants palestiniens ont \u00e9t\u00e9 tu\u00e9s ou bless\u00e9s depuis le d\u00e9but de l&rsquo;agression g\u00e9nocidaire sioniste. Un massacre sans pr\u00e9c\u00e9dent qui interpelle d\u00e9sormais la conscience mondiale.<\/p>\n\n\n\n<p>Selon \u00c9douard Beigbeder, Directeur r\u00e9gional de l&rsquo;UNICEF pour le Moyen-Orient et l&rsquo;Afrique du Nord, \u00ab\u00a0depuis la fin du cessez-le-feu le 18 mars, 1.309 enfants ont \u00e9t\u00e9 tu\u00e9s et 3.738 bless\u00e9s\u00a0\u00bb, portant le bilan total \u00e0 ce chiffre terrifiant de 50.000 jeunes victimes. Ces statistiques glaciales cachent une r\u00e9alit\u00e9 insoutenable que le responsable onusien n&rsquo;h\u00e9site pas \u00e0 qualifier d'\u00a0\u00bbhorreurs inimaginables\u00a0\u00bb subies par la population de Ghaza. L&rsquo;indignation du haut fonctionnaire international traduit l&rsquo;exasp\u00e9ration croissante face \u00e0 l&rsquo;inaction de la communaut\u00e9 internationale. \u00ab\u00a0Combien de morts, filles et gar\u00e7ons, faudra-t-il encore ? Quel niveau d&rsquo;horreur doit \u00eatre diffus\u00e9 en direct avant que la communaut\u00e9 internationale n&rsquo;intervienne pleinement ?\u00a0\u00bb, interroge-t-il avec amertume, pointant du doigt l&rsquo;incapacit\u00e9 collective \u00e0 contraindre l&rsquo;entit\u00e9 sioniste \u00e0 mettre un terme \u00e0 son agression g\u00e9nocidaire.<\/p>\n\n\n\n<p>Les r\u00e9cents massacres illustrent tragiquement cette escalade de violence aveugle. Le week-end dernier, les images insoutenables des \u00ab\u00a0corps calcin\u00e9s et d\u00e9membr\u00e9s d&rsquo;enfants de la famille al-Najjar, extraits des d\u00e9combres de leur maison \u00e0 Khan Younes\u00a0\u00bb ont boulevers\u00e9 l&rsquo;opinion publique mondiale. Sur dix enfants de moins de 12 ans, un seul aurait surv\u00e9cu, gri\u00e8vement bless\u00e9. Quelques jours plus tard, c&rsquo;est l&rsquo;incendie d&rsquo;une \u00e9cole \u00e0 Ghaza qui causait la mort de 36 personnes, principalement des enfants et des femmes, ajoutant \u00e0 cette \u00ab\u00a0longue et poignante liste d&rsquo;horreurs inimaginables\u00a0\u00bb.<\/p>\n\n\n\n<p>Cette barbarie s&rsquo;accompagne d&rsquo;un blocus humanitaire \u00e9touffant qui prive la population de Ghaza des biens de premi\u00e8re n\u00e9cessit\u00e9. Depuis la fermeture des points de passage le 2 mars par l&rsquo;entit\u00e9 sioniste, aucune aide n&rsquo;a pu p\u00e9n\u00e9trer dans le territoire, cr\u00e9ant une situation de famine d\u00e9lib\u00e9r\u00e9ment organis\u00e9e. L&rsquo;UNRWA r\u00e9v\u00e8le que plus de 3.000 camions charg\u00e9s de nourriture et de m\u00e9dicaments, dont certains arrivent \u00e0 expiration, attendent d\u00e9sesp\u00e9r\u00e9ment le feu vert pour franchir les fronti\u00e8res.<\/p>\n\n\n\n<p>La mobilisation internationale s&rsquo;intensifie face \u00e0 cette trag\u00e9die. Quelque 380 \u00e9crivains britanniques et irlandais, rejoints par 300 auteurs francophones, ont publi\u00e9 des tribunes courageuses appelant \u00e0 \u00ab\u00a0utiliser les mots justes\u00a0\u00bb et \u00e0 qualifier cette agression de g\u00e9nocide. Parmi les signataires figurent des personnalit\u00e9s comme Jeanette Winterson et Virginie Despentes, qui refusent de \u00ab\u00a0se contenter d&rsquo;appeler cela une horreur\u00a0\u00bb sans la nommer pr\u00e9cis\u00e9ment. Sur le terrain diplomatique, les prises de position se multiplient. Le ministre italien des Affaires \u00e9trang\u00e8res Antonio Tajani a d\u00e9clar\u00e9 devant les d\u00e9put\u00e9s romains que \u00ab\u00a0les bombardements doivent cesser\u00a0\u00bb et que \u00ab\u00a0l&rsquo;expulsion des Palestiniens de Ghaza n&rsquo;est pas et ne sera jamais une option acceptable\u00a0\u00bb. Cette fermet\u00e9 italienne s&rsquo;inscrit dans une dynamique plus large, illustr\u00e9e par la d\u00e9claration commune des dirigeants de l&rsquo;ASEAN, du Conseil de coop\u00e9ration du Golfe et de la Chine appelant \u00e0 \u00ab\u00a0un cessez-le-feu durable et \u00e0 un acc\u00e8s sans entrave \u00e0 l&rsquo;aide humanitaire\u00a0\u00bb. L&rsquo;Irlande va plus loin en pr\u00e9parant une l\u00e9gislation pionni\u00e8re pour interdire l&rsquo;importation de marchandises issues des colonies sionistes, devenant potentiellement le premier \u00c9tat membre de l&rsquo;Union europ\u00e9enne \u00e0 franchir ce cap. \u00ab\u00a0J&rsquo;esp\u00e8re que lorsque ce petit pays d&rsquo;Europe prendra cette d\u00e9cision, cela inspirera d&rsquo;autres pays europ\u00e9ens \u00e0 nous rejoindre\u00a0\u00bb, a d\u00e9clar\u00e9 le ministre irlandais des Affaires \u00e9trang\u00e8res Simon Harris.<\/p>\n\n\n\n<p><strong>Mohamed Sinouar <\/strong><strong>tombe en martyr<\/strong><\/p>\n\n\n\n<p>La r\u00e9sistance palestinienne a \u00e9galement perdu mercredi l&rsquo;une de ses figures embl\u00e9matiques avec l&rsquo;annonce de la mort de Mohamed Sinouar, chef du Hamas dans la bande de Ghaza. V\u00e9t\u00e9ran des brigades Ezzedine al-Qassam, Mohamed Sinouar avait pris les r\u00eanes du mouvement l&rsquo;ann\u00e9e derni\u00e8re apr\u00e8s l&rsquo;assassinat de son fr\u00e8re a\u00een\u00e9 Yahya Sinouar par l&rsquo;arm\u00e9e d&rsquo;occupation sioniste. Cette succession tragique illustre la d\u00e9termination de l&rsquo;entit\u00e9 sioniste \u00e0 d\u00e9capiter syst\u00e9matiquement la direction palestinienne, dans une strat\u00e9gie d&rsquo;\u00e9limination physique qui s&rsquo;apparente \u00e0 des assassinats politiques.<\/p>\n\n\n\n<p>Parall\u00e8lement, les provocations se poursuivent \u00e0 El-Qods Est occup\u00e9e o\u00f9 \u00ab\u00a0des dizaines de colons sionistes ont pris d&rsquo;assaut l&rsquo;esplanade de la mosqu\u00e9e Al-Aqsa sous la protection de la police de l&rsquo;occupation\u00a0\u00bb, menant \u00ab\u00a0des marches provocatrices et des rituels talmudiques\u00a0\u00bb dans ce troisi\u00e8me lieu saint de l&rsquo;Islam. Ces profanations quotidiennes s&rsquo;inscrivent dans la strat\u00e9gie de juda\u00efsation d&rsquo;El-Qods et de transformation de l&rsquo;identit\u00e9 culturelle de la ville sainte.<\/p>\n\n\n\n<p>Le bilan macabre continue de s&rsquo;alourdir inexorablement. Les autorit\u00e9s sanitaires palestiniennes recensent d\u00e9sormais 54.084 martyrs et 123.308 bless\u00e9s depuis octobre 2023, auxquels s&rsquo;ajoutent les victimes encore ensevelies sous les d\u00e9combres. Cette comptabilit\u00e9 tragique t\u00e9moigne d&rsquo;une guerre d&rsquo;extermination men\u00e9e contre un peuple entier, sous le regard impuissant mais de plus en plus indign\u00e9 de la communaut\u00e9 internationale.<\/p>\n\n\n\n<p>Lyes Sa\u00efdi<\/p>\n\n\n\n<p><strong>L\u2019ambassadeur de l&rsquo;entit\u00e9 sioniste chass\u00e9 de l&rsquo;universit\u00e9 de Dakar<\/strong><\/p>\n\n\n\n<p>L\u2019ambassadeur de l&rsquo;entit\u00e9 sioniste au S\u00e9n\u00e9gal a \u00e9t\u00e9 chass\u00e9 mardi de l\u2019universit\u00e9, Cheikh Anta Diop, de Dakar (UCAD) par des \u00e9tudiants solidaires de la cause palestinienne et en col\u00e8re contre l&rsquo;agression sioniste g\u00e9nocidaire contre la bande de Ghaza, en cours depuis le 7 octobre 2023, ont rapport\u00e9 mercredi des m\u00e9dias locaux. \u00ab\u00a0Inform\u00e9s de la pr\u00e9sence de l\u2019ambassadeur de l&rsquo;entit\u00e9 sioniste \u00e0 l&rsquo;universit\u00e9, des dizaines d\u2019\u00e9tudiants ont converg\u00e9 vers la salle 205 de l&rsquo;UCAD 2 o\u00f9 il devait pr\u00e9senter une conf\u00e9rence, lui demandant de quitter imm\u00e9diatement la salle\u00a0\u00bb, ont pr\u00e9cis\u00e9 les m\u00eames sources. Dans une vid\u00e9o largement partag\u00e9e sur les r\u00e9seaux sociaux, des centaines d\u00a0\u00bb\u00e9tudiants scandaient des slogans en faveur de la cause palestinienne, \u00e0 l&rsquo;instar de \u00ab\u00a0Free Ghaza\u00a0\u00bb, \u00ab\u00a0Free Palestine\u00a0\u00bb,\u00a0\u00bbl&rsquo;entit\u00e9 sioniste : un criminel\u00a0\u00bb. Cet incident intervient, par ailleurs, alors que des comit\u00e9s d&rsquo;\u00e9tudiants s\u00e9n\u00e9galais s&rsquo;appr\u00eatent \u00e0 organiser un rassemblement pacifique en soutien \u00e0 la Palestine, Place de l\u2019ind\u00e9pendance \u00e0 Dakar, le 3 juin prochain. Pour rappel, de nombreux diplomates de l&rsquo;entit\u00e9 sioniste ont \u00e9t\u00e9 chass\u00e9s ou emp\u00each\u00e9s de prendre part \u00e0 des \u00e9v\u00e8nements en raison de l&rsquo;agression sioniste contre les Palestiniens, faisant 54.056 martyrs et 123.129 bless\u00e9s.<\/p>\n","protected":false},"excerpt":{"rendered":"<p>La trag\u00e9die qui se d\u00e9roule \u00e0 Ghaza depuis octobre 2023 a franchi un nouveau seuil d&rsquo;horreur. L&rsquo;UNICEF a r\u00e9v\u00e9l\u00e9 que<\/p>\n","protected":false},"author":6,"featured_media":68118,"comment_status":"open","ping_status":"closed","sticky":false,"template":"","format":"standard","meta":{"colormag_page_container_layout":"default_layout","colormag_page_sidebar_layout":"default_layout","om_disable_all_campaigns":false,"_monsterinsights_skip_tracking":false,"_monsterinsights_sitenote_active":false,"_monsterinsights_sitenote_note":"","_monsterinsights_sitenote_category":0,"footnotes":"","_wpscppro_dont_share_socialmedia":false,"_wpscppro_custom_social_share_image":0,"_facebook_share_type":"default","_twitter_share_type":"default","_linkedin_share_type":"default","_pinterest_share_type":"default","_linkedin_share_type_page":"","_instagram_share_type":"default","_medium_share_type":"default","_threads_share_type":"","_google_business_share_type":"","_selected_social_profile":[],"_wpsp_enable_custom_social_template":false,"_wpsp_social_scheduling":{"enabled":false,"datetime":null,"platforms":[],"status":"template_only","dateOption":"today","timeOption":"now","customDays":"","customHours":"","customDate":"","customTime":"","schedulingType":"absolute"},"_wpsp_active_default_template":true},"categories":[52,37],"tags":[],"class_list":["post-68117","post","type-post","status-publish","format-standard","has-post-thumbnail","hentry","category-a-la-une","category-monde"],"aioseo_notices":[],"yoast_head":"<!-- This site is optimized with the Yoast SEO plugin v27.5 - https:\/\/yoast.com\/product\/yoast-seo-wordpress\/ -->\n<title>L&rsquo;UNICEF d\u00e9nonce une trag\u00e9die sans pr\u00e9c\u00e9dent \u00e0 Ghaza: 50.000 enfants massacr\u00e9s - La Sentinelle<\/title>\n<meta name=\"robots\" content=\"index, follow, max-snippet:-1, max-image-preview:large, max-video-preview:-1\" \/>\n<link rel=\"canonical\" href=\"https:\/\/lasentinelle.dz\/index.php\/2025\/05\/28\/lunicef-denonce-une-tragedie-sans-precedent-a-ghaza-50-000-enfants-massacres\/\" \/>\n<meta property=\"og:locale\" content=\"fr_FR\" \/>\n<meta property=\"og:type\" content=\"article\" \/>\n<meta property=\"og:title\" content=\"L&rsquo;UNICEF d\u00e9nonce une trag\u00e9die sans pr\u00e9c\u00e9dent \u00e0 Ghaza: 50.000 enfants massacr\u00e9s - La Sentinelle\" \/>\n<meta property=\"og:description\" content=\"La trag\u00e9die qui se d\u00e9roule \u00e0 Ghaza depuis octobre 2023 a franchi un nouveau seuil d&rsquo;horreur. L&rsquo;UNICEF a r\u00e9v\u00e9l\u00e9 que\" \/>\n<meta property=\"og:url\" content=\"https:\/\/lasentinelle.dz\/index.php\/2025\/05\/28\/lunicef-denonce-une-tragedie-sans-precedent-a-ghaza-50-000-enfants-massacres\/\" \/>\n<meta property=\"og:site_name\" content=\"La Sentinelle\" \/>\n<meta property=\"article:publisher\" content=\"https:\/\/www.facebook.com\/La-Sentinelle-104059864394773\" \/>\n<meta property=\"article:published_time\" content=\"2025-05-28T20:45:49+00:00\" \/>\n<meta property=\"article:modified_time\" content=\"2025-05-28T20:45:50+00:00\" \/>\n<meta property=\"og:image\" content=\"https:\/\/lasentinelle.dz\/wp-content\/uploads\/2025\/05\/ghaza_enfants_tues.jpg\" \/>\n\t<meta property=\"og:image:width\" content=\"864\" \/>\n\t<meta property=\"og:image:height\" content=\"486\" \/>\n\t<meta property=\"og:image:type\" content=\"image\/jpeg\" \/>\n<meta name=\"author\" content=\"admin\" \/>\n<meta name=\"twitter:card\" content=\"summary_large_image\" \/>\n<meta name=\"twitter:label1\" content=\"\u00c9crit par\" \/>\n\t<meta name=\"twitter:data1\" content=\"admin\" \/>\n\t<meta name=\"twitter:label2\" content=\"Dur\u00e9e de lecture estim\u00e9e\" \/>\n\t<meta name=\"twitter:data2\" content=\"6 minutes\" \/>\n<script type=\"application\/ld+json\" class=\"yoast-schema-graph\">{\"@context\":\"https:\\\/\\\/schema.org\",\"@graph\":[{\"@type\":\"Article\",\"@id\":\"https:\\\/\\\/lasentinelle.dz\\\/index.php\\\/2025\\\/05\\\/28\\\/lunicef-denonce-une-tragedie-sans-precedent-a-ghaza-50-000-enfants-massacres\\\/#article\",\"isPartOf\":{\"@id\":\"https:\\\/\\\/lasentinelle.dz\\\/index.php\\\/2025\\\/05\\\/28\\\/lunicef-denonce-une-tragedie-sans-precedent-a-ghaza-50-000-enfants-massacres\\\/\"},\"author\":{\"name\":\"admin\",\"@id\":\"https:\\\/\\\/lasentinelle.dz\\\/#\\\/schema\\\/person\\\/729ee0024f24e0b8c5ec17232f8e8b41\"},\"headline\":\"L&rsquo;UNICEF d\u00e9nonce une trag\u00e9die sans pr\u00e9c\u00e9dent \u00e0 Ghaza: 50.000 enfants massacr\u00e9s\",\"datePublished\":\"2025-05-28T20:45:49+00:00\",\"dateModified\":\"2025-05-28T20:45:50+00:00\",\"mainEntityOfPage\":{\"@id\":\"https:\\\/\\\/lasentinelle.dz\\\/index.php\\\/2025\\\/05\\\/28\\\/lunicef-denonce-une-tragedie-sans-precedent-a-ghaza-50-000-enfants-massacres\\\/\"},\"wordCount\":1106,\"commentCount\":0,\"publisher\":{\"@id\":\"https:\\\/\\\/lasentinelle.dz\\\/#organization\"},\"image\":{\"@id\":\"https:\\\/\\\/lasentinelle.dz\\\/index.php\\\/2025\\\/05\\\/28\\\/lunicef-denonce-une-tragedie-sans-precedent-a-ghaza-50-000-enfants-massacres\\\/#primaryimage\"},\"thumbnailUrl\":\"https:\\\/\\\/lasentinelle.dz\\\/wp-content\\\/uploads\\\/2025\\\/05\\\/ghaza_enfants_tues.jpg\",\"articleSection\":[\"\u00c0 la Une\",\"Monde\"],\"inLanguage\":\"fr-FR\",\"potentialAction\":[{\"@type\":\"CommentAction\",\"name\":\"Comment\",\"target\":[\"https:\\\/\\\/lasentinelle.dz\\\/index.php\\\/2025\\\/05\\\/28\\\/lunicef-denonce-une-tragedie-sans-precedent-a-ghaza-50-000-enfants-massacres\\\/#respond\"]}]},{\"@type\":\"WebPage\",\"@id\":\"https:\\\/\\\/lasentinelle.dz\\\/index.php\\\/2025\\\/05\\\/28\\\/lunicef-denonce-une-tragedie-sans-precedent-a-ghaza-50-000-enfants-massacres\\\/\",\"url\":\"https:\\\/\\\/lasentinelle.dz\\\/index.php\\\/2025\\\/05\\\/28\\\/lunicef-denonce-une-tragedie-sans-precedent-a-ghaza-50-000-enfants-massacres\\\/\",\"name\":\"L&rsquo;UNICEF d\u00e9nonce une trag\u00e9die sans pr\u00e9c\u00e9dent \u00e0 Ghaza: 50.000 enfants massacr\u00e9s - La Sentinelle\",\"isPartOf\":{\"@id\":\"https:\\\/\\\/lasentinelle.dz\\\/#website\"},\"primaryImageOfPage\":{\"@id\":\"https:\\\/\\\/lasentinelle.dz\\\/index.php\\\/2025\\\/05\\\/28\\\/lunicef-denonce-une-tragedie-sans-precedent-a-ghaza-50-000-enfants-massacres\\\/#primaryimage\"},\"image\":{\"@id\":\"https:\\\/\\\/lasentinelle.dz\\\/index.php\\\/2025\\\/05\\\/28\\\/lunicef-denonce-une-tragedie-sans-precedent-a-ghaza-50-000-enfants-massacres\\\/#primaryimage\"},\"thumbnailUrl\":\"https:\\\/\\\/lasentinelle.dz\\\/wp-content\\\/uploads\\\/2025\\\/05\\\/ghaza_enfants_tues.jpg\",\"datePublished\":\"2025-05-28T20:45:49+00:00\",\"dateModified\":\"2025-05-28T20:45:50+00:00\",\"breadcrumb\":{\"@id\":\"https:\\\/\\\/lasentinelle.dz\\\/index.php\\\/2025\\\/05\\\/28\\\/lunicef-denonce-une-tragedie-sans-precedent-a-ghaza-50-000-enfants-massacres\\\/#breadcrumb\"},\"inLanguage\":\"fr-FR\",\"potentialAction\":[{\"@type\":\"ReadAction\",\"target\":[\"https:\\\/\\\/lasentinelle.dz\\\/index.php\\\/2025\\\/05\\\/28\\\/lunicef-denonce-une-tragedie-sans-precedent-a-ghaza-50-000-enfants-massacres\\\/\"]}]},{\"@type\":\"ImageObject\",\"inLanguage\":\"fr-FR\",\"@id\":\"https:\\\/\\\/lasentinelle.dz\\\/index.php\\\/2025\\\/05\\\/28\\\/lunicef-denonce-une-tragedie-sans-precedent-a-ghaza-50-000-enfants-massacres\\\/#primaryimage\",\"url\":\"https:\\\/\\\/lasentinelle.dz\\\/wp-content\\\/uploads\\\/2025\\\/05\\\/ghaza_enfants_tues.jpg\",\"contentUrl\":\"https:\\\/\\\/lasentinelle.dz\\\/wp-content\\\/uploads\\\/2025\\\/05\\\/ghaza_enfants_tues.jpg\",\"width\":864,\"height\":486},{\"@type\":\"BreadcrumbList\",\"@id\":\"https:\\\/\\\/lasentinelle.dz\\\/index.php\\\/2025\\\/05\\\/28\\\/lunicef-denonce-une-tragedie-sans-precedent-a-ghaza-50-000-enfants-massacres\\\/#breadcrumb\",\"itemListElement\":[{\"@type\":\"ListItem\",\"position\":1,\"name\":\"Accueil\",\"item\":\"https:\\\/\\\/lasentinelle.dz\\\/\"},{\"@type\":\"ListItem\",\"position\":2,\"name\":\"L&rsquo;UNICEF d\u00e9nonce une trag\u00e9die sans pr\u00e9c\u00e9dent \u00e0 Ghaza: 50.000 enfants massacr\u00e9s\"}]},{\"@type\":\"WebSite\",\"@id\":\"https:\\\/\\\/lasentinelle.dz\\\/#website\",\"url\":\"https:\\\/\\\/lasentinelle.dz\\\/\",\"name\":\"La Sentinelle\",\"description\":\"Quotidien national d&#039;information\",\"publisher\":{\"@id\":\"https:\\\/\\\/lasentinelle.dz\\\/#organization\"},\"potentialAction\":[{\"@type\":\"SearchAction\",\"target\":{\"@type\":\"EntryPoint\",\"urlTemplate\":\"https:\\\/\\\/lasentinelle.dz\\\/?s={search_term_string}\"},\"query-input\":{\"@type\":\"PropertyValueSpecification\",\"valueRequired\":true,\"valueName\":\"search_term_string\"}}],\"inLanguage\":\"fr-FR\"},{\"@type\":\"Organization\",\"@id\":\"https:\\\/\\\/lasentinelle.dz\\\/#organization\",\"name\":\"Quotidien La Sentinelle\",\"url\":\"https:\\\/\\\/lasentinelle.dz\\\/\",\"logo\":{\"@type\":\"ImageObject\",\"inLanguage\":\"fr-FR\",\"@id\":\"https:\\\/\\\/lasentinelle.dz\\\/#\\\/schema\\\/logo\\\/image\\\/\",\"url\":\"https:\\\/\\\/lasentinelle.dz\\\/wp-content\\\/uploads\\\/2021\\\/09\\\/logo-sentinelleSLOGAN-1.png\",\"contentUrl\":\"https:\\\/\\\/lasentinelle.dz\\\/wp-content\\\/uploads\\\/2021\\\/09\\\/logo-sentinelleSLOGAN-1.png\",\"width\":615,\"height\":142,\"caption\":\"Quotidien La Sentinelle\"},\"image\":{\"@id\":\"https:\\\/\\\/lasentinelle.dz\\\/#\\\/schema\\\/logo\\\/image\\\/\"},\"sameAs\":[\"https:\\\/\\\/www.facebook.com\\\/La-Sentinelle-104059864394773\"]},{\"@type\":\"Person\",\"@id\":\"https:\\\/\\\/lasentinelle.dz\\\/#\\\/schema\\\/person\\\/729ee0024f24e0b8c5ec17232f8e8b41\",\"name\":\"admin\",\"image\":{\"@type\":\"ImageObject\",\"inLanguage\":\"fr-FR\",\"@id\":\"https:\\\/\\\/secure.gravatar.com\\\/avatar\\\/4c81fed838786e9b53f540bf46533e750f5d292099ae3b66cfc6fb1982e29df7?s=96&d=mm&r=g\",\"url\":\"https:\\\/\\\/secure.gravatar.com\\\/avatar\\\/4c81fed838786e9b53f540bf46533e750f5d292099ae3b66cfc6fb1982e29df7?s=96&d=mm&r=g\",\"contentUrl\":\"https:\\\/\\\/secure.gravatar.com\\\/avatar\\\/4c81fed838786e9b53f540bf46533e750f5d292099ae3b66cfc6fb1982e29df7?s=96&d=mm&r=g\",\"caption\":\"admin\"},\"description\":\"admin\",\"url\":\"https:\\\/\\\/lasentinelle.dz\\\/author\\\/admin\\\/\"}]}<\/script>\n<!-- \/ Yoast SEO plugin. -->","yoast_head_json":{"title":"L&rsquo;UNICEF d\u00e9nonce une trag\u00e9die sans pr\u00e9c\u00e9dent \u00e0 Ghaza: 50.000 enfants massacr\u00e9s - La Sentinelle","robots":{"index":"index","follow":"follow","max-snippet":"max-snippet:-1","max-image-preview":"max-image-preview:large","max-video-preview":"max-video-preview:-1"},"canonical":"https:\/\/lasentinelle.dz\/index.php\/2025\/05\/28\/lunicef-denonce-une-tragedie-sans-precedent-a-ghaza-50-000-enfants-massacres\/","og_locale":"fr_FR","og_type":"article","og_title":"L&rsquo;UNICEF d\u00e9nonce une trag\u00e9die sans pr\u00e9c\u00e9dent \u00e0 Ghaza: 50.000 enfants massacr\u00e9s - La Sentinelle","og_description":"La trag\u00e9die qui se d\u00e9roule \u00e0 Ghaza depuis octobre 2023 a franchi un nouveau seuil d&rsquo;horreur. L&rsquo;UNICEF a r\u00e9v\u00e9l\u00e9 que","og_url":"https:\/\/lasentinelle.dz\/index.php\/2025\/05\/28\/lunicef-denonce-une-tragedie-sans-precedent-a-ghaza-50-000-enfants-massacres\/","og_site_name":"La Sentinelle","article_publisher":"https:\/\/www.facebook.com\/La-Sentinelle-104059864394773","article_published_time":"2025-05-28T20:45:49+00:00","article_modified_time":"2025-05-28T20:45:50+00:00","og_image":[{"width":864,"height":486,"url":"https:\/\/lasentinelle.dz\/wp-content\/uploads\/2025\/05\/ghaza_enfants_tues.jpg","type":"image\/jpeg"}],"author":"admin","twitter_card":"summary_large_image","twitter_misc":{"\u00c9crit par":"admin","Dur\u00e9e de lecture estim\u00e9e":"6 minutes"},"schema":{"@context":"https:\/\/schema.org","@graph":[{"@type":"Article","@id":"https:\/\/lasentinelle.dz\/index.php\/2025\/05\/28\/lunicef-denonce-une-tragedie-sans-precedent-a-ghaza-50-000-enfants-massacres\/#article","isPartOf":{"@id":"https:\/\/lasentinelle.dz\/index.php\/2025\/05\/28\/lunicef-denonce-une-tragedie-sans-precedent-a-ghaza-50-000-enfants-massacres\/"},"author":{"name":"admin","@id":"https:\/\/lasentinelle.dz\/#\/schema\/person\/729ee0024f24e0b8c5ec17232f8e8b41"},"headline":"L&rsquo;UNICEF d\u00e9nonce une trag\u00e9die sans pr\u00e9c\u00e9dent \u00e0 Ghaza: 50.000 enfants massacr\u00e9s","datePublished":"2025-05-28T20:45:49+00:00","dateModified":"2025-05-28T20:45:50+00:00","mainEntityOfPage":{"@id":"https:\/\/lasentinelle.dz\/index.php\/2025\/05\/28\/lunicef-denonce-une-tragedie-sans-precedent-a-ghaza-50-000-enfants-massacres\/"},"wordCount":1106,"commentCount":0,"publisher":{"@id":"https:\/\/lasentinelle.dz\/#organization"},"image":{"@id":"https:\/\/lasentinelle.dz\/index.php\/2025\/05\/28\/lunicef-denonce-une-tragedie-sans-precedent-a-ghaza-50-000-enfants-massacres\/#primaryimage"},"thumbnailUrl":"https:\/\/lasentinelle.dz\/wp-content\/uploads\/2025\/05\/ghaza_enfants_tues.jpg","articleSection":["\u00c0 la Une","Monde"],"inLanguage":"fr-FR","potentialAction":[{"@type":"CommentAction","name":"Comment","target":["https:\/\/lasentinelle.dz\/index.php\/2025\/05\/28\/lunicef-denonce-une-tragedie-sans-precedent-a-ghaza-50-000-enfants-massacres\/#respond"]}]},{"@type":"WebPage","@id":"https:\/\/lasentinelle.dz\/index.php\/2025\/05\/28\/lunicef-denonce-une-tragedie-sans-precedent-a-ghaza-50-000-enfants-massacres\/","url":"https:\/\/lasentinelle.dz\/index.php\/2025\/05\/28\/lunicef-denonce-une-tragedie-sans-precedent-a-ghaza-50-000-enfants-massacres\/","name":"L&rsquo;UNICEF d\u00e9nonce une trag\u00e9die sans pr\u00e9c\u00e9dent \u00e0 Ghaza: 50.000 enfants massacr\u00e9s - La Sentinelle","isPartOf":{"@id":"https:\/\/lasentinelle.dz\/#website"},"primaryImageOfPage":{"@id":"https:\/\/lasentinelle.dz\/index.php\/2025\/05\/28\/lunicef-denonce-une-tragedie-sans-precedent-a-ghaza-50-000-enfants-massacres\/#primaryimage"},"image":{"@id":"https:\/\/lasentinelle.dz\/index.php\/2025\/05\/28\/lunicef-denonce-une-tragedie-sans-precedent-a-ghaza-50-000-enfants-massacres\/#primaryimage"},"thumbnailUrl":"https:\/\/lasentinelle.dz\/wp-content\/uploads\/2025\/05\/ghaza_enfants_tues.jpg","datePublished":"2025-05-28T20:45:49+00:00","dateModified":"2025-05-28T20:45:50+00:00","breadcrumb":{"@id":"https:\/\/lasentinelle.dz\/index.php\/2025\/05\/28\/lunicef-denonce-une-tragedie-sans-precedent-a-ghaza-50-000-enfants-massacres\/#breadcrumb"},"inLanguage":"fr-FR","potentialAction":[{"@type":"ReadAction","target":["https:\/\/lasentinelle.dz\/index.php\/2025\/05\/28\/lunicef-denonce-une-tragedie-sans-precedent-a-ghaza-50-000-enfants-massacres\/"]}]},{"@type":"ImageObject","inLanguage":"fr-FR","@id":"https:\/\/lasentinelle.dz\/index.php\/2025\/05\/28\/lunicef-denonce-une-tragedie-sans-precedent-a-ghaza-50-000-enfants-massacres\/#primaryimage","url":"https:\/\/lasentinelle.dz\/wp-content\/uploads\/2025\/05\/ghaza_enfants_tues.jpg","contentUrl":"https:\/\/lasentinelle.dz\/wp-content\/uploads\/2025\/05\/ghaza_enfants_tues.jpg","width":864,"height":486},{"@type":"BreadcrumbList","@id":"https:\/\/lasentinelle.dz\/index.php\/2025\/05\/28\/lunicef-denonce-une-tragedie-sans-precedent-a-ghaza-50-000-enfants-massacres\/#breadcrumb","itemListElement":[{"@type":"ListItem","position":1,"name":"Accueil","item":"https:\/\/lasentinelle.dz\/"},{"@type":"ListItem","position":2,"name":"L&rsquo;UNICEF d\u00e9nonce une trag\u00e9die sans pr\u00e9c\u00e9dent \u00e0 Ghaza: 50.000 enfants massacr\u00e9s"}]},{"@type":"WebSite","@id":"https:\/\/lasentinelle.dz\/#website","url":"https:\/\/lasentinelle.dz\/","name":"La Sentinelle","description":"Quotidien national d&#039;information","publisher":{"@id":"https:\/\/lasentinelle.dz\/#organization"},"potentialAction":[{"@type":"SearchAction","target":{"@type":"EntryPoint","urlTemplate":"https:\/\/lasentinelle.dz\/?s={search_term_string}"},"query-input":{"@type":"PropertyValueSpecification","valueRequired":true,"valueName":"search_term_string"}}],"inLanguage":"fr-FR"},{"@type":"Organization","@id":"https:\/\/lasentinelle.dz\/#organization","name":"Quotidien La Sentinelle","url":"https:\/\/lasentinelle.dz\/","logo":{"@type":"ImageObject","inLanguage":"fr-FR","@id":"https:\/\/lasentinelle.dz\/#\/schema\/logo\/image\/","url":"https:\/\/lasentinelle.dz\/wp-content\/uploads\/2021\/09\/logo-sentinelleSLOGAN-1.png","contentUrl":"https:\/\/lasentinelle.dz\/wp-content\/uploads\/2021\/09\/logo-sentinelleSLOGAN-1.png","width":615,"height":142,"caption":"Quotidien La Sentinelle"},"image":{"@id":"https:\/\/lasentinelle.dz\/#\/schema\/logo\/image\/"},"sameAs":["https:\/\/www.facebook.com\/La-Sentinelle-104059864394773"]},{"@type":"Person","@id":"https:\/\/lasentinelle.dz\/#\/schema\/person\/729ee0024f24e0b8c5ec17232f8e8b41","name":"admin","image":{"@type":"ImageObject","inLanguage":"fr-FR","@id":"https:\/\/secure.gravatar.com\/avatar\/4c81fed838786e9b53f540bf46533e750f5d292099ae3b66cfc6fb1982e29df7?s=96&d=mm&r=g","url":"https:\/\/secure.gravatar.com\/avatar\/4c81fed838786e9b53f540bf46533e750f5d292099ae3b66cfc6fb1982e29df7?s=96&d=mm&r=g","contentUrl":"https:\/\/secure.gravatar.com\/avatar\/4c81fed838786e9b53f540bf46533e750f5d292099ae3b66cfc6fb1982e29df7?s=96&d=mm&r=g","caption":"admin"},"description":"admin","url":"https:\/\/lasentinelle.dz\/author\/admin\/"}]}},"_links":{"self":[{"href":"https:\/\/lasentinelle.dz\/index.php\/wp-json\/wp\/v2\/posts\/68117","targetHints":{"allow":["GET"]}}],"collection":[{"href":"https:\/\/lasentinelle.dz\/index.php\/wp-json\/wp\/v2\/posts"}],"about":[{"href":"https:\/\/lasentinelle.dz\/index.php\/wp-json\/wp\/v2\/types\/post"}],"author":[{"embeddable":true,"href":"https:\/\/lasentinelle.dz\/index.php\/wp-json\/wp\/v2\/users\/6"}],"replies":[{"embeddable":true,"href":"https:\/\/lasentinelle.dz\/index.php\/wp-json\/wp\/v2\/comments?post=68117"}],"version-history":[{"count":2,"href":"https:\/\/lasentinelle.dz\/index.php\/wp-json\/wp\/v2\/posts\/68117\/revisions"}],"predecessor-version":[{"id":68120,"href":"https:\/\/lasentinelle.dz\/index.php\/wp-json\/wp\/v2\/posts\/68117\/revisions\/68120"}],"wp:featuredmedia":[{"embeddable":true,"href":"https:\/\/lasentinelle.dz\/index.php\/wp-json\/wp\/v2\/media\/68118"}],"wp:attachment":[{"href":"https:\/\/lasentinelle.dz\/index.php\/wp-json\/wp\/v2\/media?parent=68117"}],"wp:term":[{"taxonomy":"category","embeddable":true,"href":"https:\/\/lasentinelle.dz\/index.php\/wp-json\/wp\/v2\/categories?post=68117"},{"taxonomy":"post_tag","embeddable":true,"href":"https:\/\/lasentinelle.dz\/index.php\/wp-json\/wp\/v2\/tags?post=68117"}],"curies":[{"name":"wp","href":"https:\/\/api.w.org\/{rel}","templated":true}]}}